{"id":16764,"date":"2026-03-17T18:15:33","date_gmt":"2026-03-17T22:15:33","guid":{"rendered":"https:\/\/diarioellabrador.cl\/?p=16764"},"modified":"2026-03-17T18:15:34","modified_gmt":"2026-03-17T22:15:34","slug":"la-pasion-del-senor-celebra-50-anos-de-tradicion-con-presentaciones-en-varias-comunas-de-la-provincia","status":"publish","type":"post","link":"https:\/\/diarioellabrador.cl\/index.php\/2026\/03\/17\/la-pasion-del-senor-celebra-50-anos-de-tradicion-con-presentaciones-en-varias-comunas-de-la-provincia\/","title":{"rendered":"\u201cLa Pasi\u00f3n del Se\u00f1or\u201d celebra 50 a\u00f1os de tradici\u00f3n con presentaciones en varias comunas de la provincia"},"content":{"rendered":"\n<p>Con un punto de prensa programado para este mi\u00e9rcoles 18 de marzo a las 10:00 horas, en el frontis del Centro Cultural Teatro Serrano, se dar\u00e1 a conocer la programaci\u00f3n de la obra teatral \u201cLa Pasi\u00f3n del Se\u00f1or\u201d, que este a\u00f1o conmemora 50 a\u00f1os de su puesta en escena, consolid\u00e1ndose como una de las representaciones m\u00e1s tradicionales de Semana Santa en la zona.<\/p>\n\n\n\n<p>La actividad reunir\u00e1 a representantes de distintas comunas donde se presentar\u00e1 la obra, entre ellas El Monte, Melipilla, Mar\u00eda Pinto y Cartagena, territorios que ser\u00e1n parte del circuito de funciones programadas durante Domingo de Ramos, Semana Santa y el tiempo Pascual.<\/p>\n\n\n\n<p>Durante el punto de prensa participar\u00e1n como entrevistados Jos\u00e9 Antonio Costabal, p\u00e1rroco de la Parroquia Santa Teresa de los Andes, y \u00c1ngel Jim\u00e9nez, director de la obra, quienes entregar\u00e1n detalles sobre el significado de esta representaci\u00f3n, su historia y el trabajo art\u00edstico que hay detr\u00e1s de esta tradicional puesta en escena.<\/p>\n\n\n\n<p><strong>Programaci\u00f3n de presentaciones<\/strong><\/p>\n\n\n\n<p><strong>El Monte<\/strong><\/p>\n\n\n\n<ul class=\"wp-block-list\">\n<li><strong>S\u00e1bado 21\/03 \u2013 17:00 hrs<\/strong><br>Teatro Carrera, Avda. Los Libertadores 277.<\/li>\n<\/ul>\n\n\n\n<p><strong>Melipilla<\/strong><\/p>\n\n\n\n<ul class=\"wp-block-list\">\n<li><strong>Domingo 29\/03 \u2013 17:00 y 19:30 hrs<\/strong><br>Centro Cultural Teatro Serrano, Serrano 417, Plaza de Armas.<\/li>\n\n\n\n<li><strong>Mi\u00e9rcoles 01\/04 \u2013 19:00 hrs<\/strong><br>Centro Cultural Teatro Serrano, Serrano 417, Plaza de Armas.<\/li>\n\n\n\n<li><strong>Domingo 05\/04 \u2013 17:00 y 19:30 hrs<\/strong><br>Centro Cultural Teatro Serrano, Serrano 417, Plaza de Armas.<\/li>\n<\/ul>\n\n\n\n<p><strong>Mar\u00eda Pinto<\/strong><\/p>\n\n\n\n<ul class=\"wp-block-list\">\n<li><strong>S\u00e1bado 11\/04 \u2013 20:00 hrs<\/strong><br>Liceo Baracaldo.<\/li>\n<\/ul>\n\n\n\n<p><strong>Cartagena<\/strong><\/p>\n\n\n\n<ul class=\"wp-block-list\">\n<li><strong>S\u00e1bado 18\/04 \u2013 20:00 hrs<\/strong><br>Gimnasio Club de Leones.<\/li>\n<\/ul>\n","protected":false},"excerpt":{"rendered":"<p>Con un punto de prensa programado para este mi\u00e9rcoles 18 de marzo a las 10:00 horas, en el frontis del Centro Cultural Teatro Serrano, se dar\u00e1 a conocer la programaci\u00f3n de la obra teatral \u201cLa Pasi\u00f3n del Se\u00f1or\u201d, que este a\u00f1o conmemora 50 a\u00f1os de su puesta en escena, consolid\u00e1ndose como una de las representaciones<\/p>\n<div class=\"read-more-wrapper\"><a class=\"read-more\" href=\"https:\/\/diarioellabrador.cl\/index.php\/2026\/03\/17\/la-pasion-del-senor-celebra-50-anos-de-tradicion-con-presentaciones-en-varias-comunas-de-la-provincia\/\" title=\"Leer m\u00e1s\"> <span class=\"button \">Leer m\u00e1s<\/span><\/a><\/div>\n","protected":false},"author":2,"featured_media":16701,"comment_status":"open","ping_status":"open","sticky":false,"template":"","format":"standard","meta":{"footnotes":""},"categories":[1],"tags":[],"class_list":["post-16764","post","type-post","status-publish","format-standard","has-post-thumbnail","hentry","category-cronica"],"yoast_head":"<!-- This site is optimized with the Yoast SEO plugin v27.5 - https:\/\/yoast.com\/product\/yoast-seo-wordpress\/ -->\n<title>\u201cLa Pasi\u00f3n del Se\u00f1or\u201d celebra 50 a\u00f1os de tradici\u00f3n con presentaciones en varias comunas de la provincia - Diario El Labrador<\/title>\n<meta name=\"robots\" content=\"index, follow, max-snippet:-1, max-image-preview:large, max-video-preview:-1\" \/>\n<link rel=\"canonical\" href=\"https:\/\/diarioellabrador.cl\/index.php\/2026\/03\/17\/la-pasion-del-senor-celebra-50-anos-de-tradicion-con-presentaciones-en-varias-comunas-de-la-provincia\/\" \/>\n<meta property=\"og:locale\" content=\"es_ES\" \/>\n<meta property=\"og:type\" content=\"article\" \/>\n<meta property=\"og:title\" content=\"\u201cLa Pasi\u00f3n del Se\u00f1or\u201d celebra 50 a\u00f1os de tradici\u00f3n con presentaciones en varias comunas de la provincia - Diario El Labrador\" \/>\n<meta property=\"og:description\" content=\"Con un punto de prensa programado para este mi\u00e9rcoles 18 de marzo a las 10:00 horas, en el frontis del Centro Cultural Teatro Serrano, se dar\u00e1 a conocer la programaci\u00f3n de la obra teatral \u201cLa Pasi\u00f3n del Se\u00f1or\u201d, que este a\u00f1o conmemora 50 a\u00f1os de su puesta en escena, consolid\u00e1ndose como una de las representaciones Leer m\u00e1s\" \/>\n<meta property=\"og:url\" content=\"https:\/\/diarioellabrador.cl\/index.php\/2026\/03\/17\/la-pasion-del-senor-celebra-50-anos-de-tradicion-con-presentaciones-en-varias-comunas-de-la-provincia\/\" \/>\n<meta property=\"og:site_name\" content=\"Diario El Labrador\" \/>\n<meta property=\"article:publisher\" content=\"https:\/\/web.facebook.com\/profile.php?id=61576120840621\" \/>\n<meta property=\"article:published_time\" content=\"2026-03-17T22:15:33+00:00\" \/>\n<meta property=\"article:modified_time\" content=\"2026-03-17T22:15:34+00:00\" \/>\n<meta property=\"og:image\" content=\"https:\/\/diarioellabrador.cl\/wp-content\/uploads\/2026\/03\/La-Pasion-del-Senor-celebra-50-anos-de-tradicion-con-presentaciones-en-varias-comunas-de-la-provincia.jpg\" \/>\n\t<meta property=\"og:image:width\" content=\"1179\" \/>\n\t<meta property=\"og:image:height\" content=\"1085\" \/>\n\t<meta property=\"og:image:type\" content=\"image\/jpeg\" \/>\n<meta name=\"author\" content=\"Editor\" \/>\n<meta name=\"twitter:card\" content=\"summary_large_image\" \/>\n<meta name=\"twitter:creator\" content=\"@ElLabradorOf\" \/>\n<meta name=\"twitter:site\" content=\"@ElLabradorOf\" \/>\n<meta name=\"twitter:label1\" content=\"Escrito por\" \/>\n\t<meta name=\"twitter:data1\" content=\"Editor\" \/>\n\t<meta name=\"twitter:label2\" content=\"Tiempo de lectura\" \/>\n\t<meta name=\"twitter:data2\" content=\"2 minutos\" \/>\n<script type=\"application\/ld+json\" class=\"yoast-schema-graph\">{\"@context\":\"https:\\\/\\\/schema.org\",\"@graph\":[{\"@type\":\"Article\",\"@id\":\"https:\\\/\\\/diarioellabrador.cl\\\/index.php\\\/2026\\\/03\\\/17\\\/la-pasion-del-senor-celebra-50-anos-de-tradicion-con-presentaciones-en-varias-comunas-de-la-provincia\\\/#article\",\"isPartOf\":{\"@id\":\"https:\\\/\\\/diarioellabrador.cl\\\/index.php\\\/2026\\\/03\\\/17\\\/la-pasion-del-senor-celebra-50-anos-de-tradicion-con-presentaciones-en-varias-comunas-de-la-provincia\\\/\"},\"author\":{\"name\":\"Editor\",\"@id\":\"https:\\\/\\\/diarioellabrador.cl\\\/#\\\/schema\\\/person\\\/bc25ff80b4563f9c7f4bd7855df01685\"},\"headline\":\"\u201cLa Pasi\u00f3n del Se\u00f1or\u201d celebra 50 a\u00f1os de tradici\u00f3n con presentaciones en varias comunas de la provincia\",\"datePublished\":\"2026-03-17T22:15:33+00:00\",\"dateModified\":\"2026-03-17T22:15:34+00:00\",\"mainEntityOfPage\":{\"@id\":\"https:\\\/\\\/diarioellabrador.cl\\\/index.php\\\/2026\\\/03\\\/17\\\/la-pasion-del-senor-celebra-50-anos-de-tradicion-con-presentaciones-en-varias-comunas-de-la-provincia\\\/\"},\"wordCount\":253,\"commentCount\":0,\"publisher\":{\"@id\":\"https:\\\/\\\/diarioellabrador.cl\\\/#organization\"},\"image\":{\"@id\":\"https:\\\/\\\/diarioellabrador.cl\\\/index.php\\\/2026\\\/03\\\/17\\\/la-pasion-del-senor-celebra-50-anos-de-tradicion-con-presentaciones-en-varias-comunas-de-la-provincia\\\/#primaryimage\"},\"thumbnailUrl\":\"https:\\\/\\\/diarioellabrador.cl\\\/wp-content\\\/uploads\\\/2026\\\/03\\\/La-Pasion-del-Senor-celebra-50-anos-de-tradicion-con-presentaciones-en-varias-comunas-de-la-provincia.jpg\",\"articleSection\":[\"Cr\u00f3nica\"],\"inLanguage\":\"es\",\"potentialAction\":[{\"@type\":\"CommentAction\",\"name\":\"Comment\",\"target\":[\"https:\\\/\\\/diarioellabrador.cl\\\/index.php\\\/2026\\\/03\\\/17\\\/la-pasion-del-senor-celebra-50-anos-de-tradicion-con-presentaciones-en-varias-comunas-de-la-provincia\\\/#respond\"]}]},{\"@type\":\"WebPage\",\"@id\":\"https:\\\/\\\/diarioellabrador.cl\\\/index.php\\\/2026\\\/03\\\/17\\\/la-pasion-del-senor-celebra-50-anos-de-tradicion-con-presentaciones-en-varias-comunas-de-la-provincia\\\/\",\"url\":\"https:\\\/\\\/diarioellabrador.cl\\\/index.php\\\/2026\\\/03\\\/17\\\/la-pasion-del-senor-celebra-50-anos-de-tradicion-con-presentaciones-en-varias-comunas-de-la-provincia\\\/\",\"name\":\"\u201cLa Pasi\u00f3n del Se\u00f1or\u201d celebra 50 a\u00f1os de tradici\u00f3n con presentaciones en varias comunas de la provincia - Diario El Labrador\",\"isPartOf\":{\"@id\":\"https:\\\/\\\/diarioellabrador.cl\\\/#website\"},\"primaryImageOfPage\":{\"@id\":\"https:\\\/\\\/diarioellabrador.cl\\\/index.php\\\/2026\\\/03\\\/17\\\/la-pasion-del-senor-celebra-50-anos-de-tradicion-con-presentaciones-en-varias-comunas-de-la-provincia\\\/#primaryimage\"},\"image\":{\"@id\":\"https:\\\/\\\/diarioellabrador.cl\\\/index.php\\\/2026\\\/03\\\/17\\\/la-pasion-del-senor-celebra-50-anos-de-tradicion-con-presentaciones-en-varias-comunas-de-la-provincia\\\/#primaryimage\"},\"thumbnailUrl\":\"https:\\\/\\\/diarioellabrador.cl\\\/wp-content\\\/uploads\\\/2026\\\/03\\\/La-Pasion-del-Senor-celebra-50-anos-de-tradicion-con-presentaciones-en-varias-comunas-de-la-provincia.jpg\",\"datePublished\":\"2026-03-17T22:15:33+00:00\",\"dateModified\":\"2026-03-17T22:15:34+00:00\",\"breadcrumb\":{\"@id\":\"https:\\\/\\\/diarioellabrador.cl\\\/index.php\\\/2026\\\/03\\\/17\\\/la-pasion-del-senor-celebra-50-anos-de-tradicion-con-presentaciones-en-varias-comunas-de-la-provincia\\\/#breadcrumb\"},\"inLanguage\":\"es\",\"potentialAction\":[{\"@type\":\"ReadAction\",\"target\":[\"https:\\\/\\\/diarioellabrador.cl\\\/index.php\\\/2026\\\/03\\\/17\\\/la-pasion-del-senor-celebra-50-anos-de-tradicion-con-presentaciones-en-varias-comunas-de-la-provincia\\\/\"]}]},{\"@type\":\"ImageObject\",\"inLanguage\":\"es\",\"@id\":\"https:\\\/\\\/diarioellabrador.cl\\\/index.php\\\/2026\\\/03\\\/17\\\/la-pasion-del-senor-celebra-50-anos-de-tradicion-con-presentaciones-en-varias-comunas-de-la-provincia\\\/#primaryimage\",\"url\":\"https:\\\/\\\/diarioellabrador.cl\\\/wp-content\\\/uploads\\\/2026\\\/03\\\/La-Pasion-del-Senor-celebra-50-anos-de-tradicion-con-presentaciones-en-varias-comunas-de-la-provincia.jpg\",\"contentUrl\":\"https:\\\/\\\/diarioellabrador.cl\\\/wp-content\\\/uploads\\\/2026\\\/03\\\/La-Pasion-del-Senor-celebra-50-anos-de-tradicion-con-presentaciones-en-varias-comunas-de-la-provincia.jpg\",\"width\":1179,\"height\":1085},{\"@type\":\"BreadcrumbList\",\"@id\":\"https:\\\/\\\/diarioellabrador.cl\\\/index.php\\\/2026\\\/03\\\/17\\\/la-pasion-del-senor-celebra-50-anos-de-tradicion-con-presentaciones-en-varias-comunas-de-la-provincia\\\/#breadcrumb\",\"itemListElement\":[{\"@type\":\"ListItem\",\"position\":1,\"name\":\"Portada\",\"item\":\"https:\\\/\\\/diarioellabrador.cl\\\/\"},{\"@type\":\"ListItem\",\"position\":2,\"name\":\"\u201cLa Pasi\u00f3n del Se\u00f1or\u201d celebra 50 a\u00f1os de tradici\u00f3n con presentaciones en varias comunas de la provincia\"}]},{\"@type\":\"WebSite\",\"@id\":\"https:\\\/\\\/diarioellabrador.cl\\\/#website\",\"url\":\"https:\\\/\\\/diarioellabrador.cl\\\/\",\"name\":\"Diario El Labrador\",\"description\":\"Haciendo noticia desde 1921\",\"publisher\":{\"@id\":\"https:\\\/\\\/diarioellabrador.cl\\\/#organization\"},\"potentialAction\":[{\"@type\":\"SearchAction\",\"target\":{\"@type\":\"EntryPoint\",\"urlTemplate\":\"https:\\\/\\\/diarioellabrador.cl\\\/?s={search_term_string}\"},\"query-input\":{\"@type\":\"PropertyValueSpecification\",\"valueRequired\":true,\"valueName\":\"search_term_string\"}}],\"inLanguage\":\"es\"},{\"@type\":\"Organization\",\"@id\":\"https:\\\/\\\/diarioellabrador.cl\\\/#organization\",\"name\":\"Diario El Labrador\",\"url\":\"https:\\\/\\\/diarioellabrador.cl\\\/\",\"logo\":{\"@type\":\"ImageObject\",\"inLanguage\":\"es\",\"@id\":\"https:\\\/\\\/diarioellabrador.cl\\\/#\\\/schema\\\/logo\\\/image\\\/\",\"url\":\"https:\\\/\\\/diarioellabrador.cl\\\/wp-content\\\/uploads\\\/2025\\\/02\\\/cropped-Logo-Icono.png\",\"contentUrl\":\"https:\\\/\\\/diarioellabrador.cl\\\/wp-content\\\/uploads\\\/2025\\\/02\\\/cropped-Logo-Icono.png\",\"width\":512,\"height\":512,\"caption\":\"Diario El Labrador\"},\"image\":{\"@id\":\"https:\\\/\\\/diarioellabrador.cl\\\/#\\\/schema\\\/logo\\\/image\\\/\"},\"sameAs\":[\"https:\\\/\\\/web.facebook.com\\\/profile.php?id=61576120840621\",\"https:\\\/\\\/x.com\\\/ElLabradorOf\",\"https:\\\/\\\/www.instagram.com\\\/diarioellabradoroficial\\\/\"]},{\"@type\":\"Person\",\"@id\":\"https:\\\/\\\/diarioellabrador.cl\\\/#\\\/schema\\\/person\\\/bc25ff80b4563f9c7f4bd7855df01685\",\"name\":\"Editor\",\"image\":{\"@type\":\"ImageObject\",\"inLanguage\":\"es\",\"@id\":\"https:\\\/\\\/secure.gravatar.com\\\/avatar\\\/109c326cf2be5c04f048c2c2a2b8b6ef44bf3d8d1d3d4c55d0ac40c4bc994684?s=96&d=mm&r=g\",\"url\":\"https:\\\/\\\/secure.gravatar.com\\\/avatar\\\/109c326cf2be5c04f048c2c2a2b8b6ef44bf3d8d1d3d4c55d0ac40c4bc994684?s=96&d=mm&r=g\",\"contentUrl\":\"https:\\\/\\\/secure.gravatar.com\\\/avatar\\\/109c326cf2be5c04f048c2c2a2b8b6ef44bf3d8d1d3d4c55d0ac40c4bc994684?s=96&d=mm&r=g\",\"caption\":\"Editor\"},\"url\":\"https:\\\/\\\/diarioellabrador.cl\\\/index.php\\\/author\\\/editor\\\/\"}]}<\/script>\n<!-- \/ Yoast SEO plugin. -->","yoast_head_json":{"title":"\u201cLa Pasi\u00f3n del Se\u00f1or\u201d celebra 50 a\u00f1os de tradici\u00f3n con presentaciones en varias comunas de la provincia - Diario El Labrador","robots":{"index":"index","follow":"follow","max-snippet":"max-snippet:-1","max-image-preview":"max-image-preview:large","max-video-preview":"max-video-preview:-1"},"canonical":"https:\/\/diarioellabrador.cl\/index.php\/2026\/03\/17\/la-pasion-del-senor-celebra-50-anos-de-tradicion-con-presentaciones-en-varias-comunas-de-la-provincia\/","og_locale":"es_ES","og_type":"article","og_title":"\u201cLa Pasi\u00f3n del Se\u00f1or\u201d celebra 50 a\u00f1os de tradici\u00f3n con presentaciones en varias comunas de la provincia - Diario El Labrador","og_description":"Con un punto de prensa programado para este mi\u00e9rcoles 18 de marzo a las 10:00 horas, en el frontis del Centro Cultural Teatro Serrano, se dar\u00e1 a conocer la programaci\u00f3n de la obra teatral \u201cLa Pasi\u00f3n del Se\u00f1or\u201d, que este a\u00f1o conmemora 50 a\u00f1os de su puesta en escena, consolid\u00e1ndose como una de las representaciones Leer m\u00e1s","og_url":"https:\/\/diarioellabrador.cl\/index.php\/2026\/03\/17\/la-pasion-del-senor-celebra-50-anos-de-tradicion-con-presentaciones-en-varias-comunas-de-la-provincia\/","og_site_name":"Diario El Labrador","article_publisher":"https:\/\/web.facebook.com\/profile.php?id=61576120840621","article_published_time":"2026-03-17T22:15:33+00:00","article_modified_time":"2026-03-17T22:15:34+00:00","og_image":[{"width":1179,"height":1085,"url":"https:\/\/diarioellabrador.cl\/wp-content\/uploads\/2026\/03\/La-Pasion-del-Senor-celebra-50-anos-de-tradicion-con-presentaciones-en-varias-comunas-de-la-provincia.jpg","type":"image\/jpeg"}],"author":"Editor","twitter_card":"summary_large_image","twitter_creator":"@ElLabradorOf","twitter_site":"@ElLabradorOf","twitter_misc":{"Escrito por":"Editor","Tiempo de lectura":"2 minutos"},"schema":{"@context":"https:\/\/schema.org","@graph":[{"@type":"Article","@id":"https:\/\/diarioellabrador.cl\/index.php\/2026\/03\/17\/la-pasion-del-senor-celebra-50-anos-de-tradicion-con-presentaciones-en-varias-comunas-de-la-provincia\/#article","isPartOf":{"@id":"https:\/\/diarioellabrador.cl\/index.php\/2026\/03\/17\/la-pasion-del-senor-celebra-50-anos-de-tradicion-con-presentaciones-en-varias-comunas-de-la-provincia\/"},"author":{"name":"Editor","@id":"https:\/\/diarioellabrador.cl\/#\/schema\/person\/bc25ff80b4563f9c7f4bd7855df01685"},"headline":"\u201cLa Pasi\u00f3n del Se\u00f1or\u201d celebra 50 a\u00f1os de tradici\u00f3n con presentaciones en varias comunas de la provincia","datePublished":"2026-03-17T22:15:33+00:00","dateModified":"2026-03-17T22:15:34+00:00","mainEntityOfPage":{"@id":"https:\/\/diarioellabrador.cl\/index.php\/2026\/03\/17\/la-pasion-del-senor-celebra-50-anos-de-tradicion-con-presentaciones-en-varias-comunas-de-la-provincia\/"},"wordCount":253,"commentCount":0,"publisher":{"@id":"https:\/\/diarioellabrador.cl\/#organization"},"image":{"@id":"https:\/\/diarioellabrador.cl\/index.php\/2026\/03\/17\/la-pasion-del-senor-celebra-50-anos-de-tradicion-con-presentaciones-en-varias-comunas-de-la-provincia\/#primaryimage"},"thumbnailUrl":"https:\/\/diarioellabrador.cl\/wp-content\/uploads\/2026\/03\/La-Pasion-del-Senor-celebra-50-anos-de-tradicion-con-presentaciones-en-varias-comunas-de-la-provincia.jpg","articleSection":["Cr\u00f3nica"],"inLanguage":"es","potentialAction":[{"@type":"CommentAction","name":"Comment","target":["https:\/\/diarioellabrador.cl\/index.php\/2026\/03\/17\/la-pasion-del-senor-celebra-50-anos-de-tradicion-con-presentaciones-en-varias-comunas-de-la-provincia\/#respond"]}]},{"@type":"WebPage","@id":"https:\/\/diarioellabrador.cl\/index.php\/2026\/03\/17\/la-pasion-del-senor-celebra-50-anos-de-tradicion-con-presentaciones-en-varias-comunas-de-la-provincia\/","url":"https:\/\/diarioellabrador.cl\/index.php\/2026\/03\/17\/la-pasion-del-senor-celebra-50-anos-de-tradicion-con-presentaciones-en-varias-comunas-de-la-provincia\/","name":"\u201cLa Pasi\u00f3n del Se\u00f1or\u201d celebra 50 a\u00f1os de tradici\u00f3n con presentaciones en varias comunas de la provincia - Diario El Labrador","isPartOf":{"@id":"https:\/\/diarioellabrador.cl\/#website"},"primaryImageOfPage":{"@id":"https:\/\/diarioellabrador.cl\/index.php\/2026\/03\/17\/la-pasion-del-senor-celebra-50-anos-de-tradicion-con-presentaciones-en-varias-comunas-de-la-provincia\/#primaryimage"},"image":{"@id":"https:\/\/diarioellabrador.cl\/index.php\/2026\/03\/17\/la-pasion-del-senor-celebra-50-anos-de-tradicion-con-presentaciones-en-varias-comunas-de-la-provincia\/#primaryimage"},"thumbnailUrl":"https:\/\/diarioellabrador.cl\/wp-content\/uploads\/2026\/03\/La-Pasion-del-Senor-celebra-50-anos-de-tradicion-con-presentaciones-en-varias-comunas-de-la-provincia.jpg","datePublished":"2026-03-17T22:15:33+00:00","dateModified":"2026-03-17T22:15:34+00:00","breadcrumb":{"@id":"https:\/\/diarioellabrador.cl\/index.php\/2026\/03\/17\/la-pasion-del-senor-celebra-50-anos-de-tradicion-con-presentaciones-en-varias-comunas-de-la-provincia\/#breadcrumb"},"inLanguage":"es","potentialAction":[{"@type":"ReadAction","target":["https:\/\/diarioellabrador.cl\/index.php\/2026\/03\/17\/la-pasion-del-senor-celebra-50-anos-de-tradicion-con-presentaciones-en-varias-comunas-de-la-provincia\/"]}]},{"@type":"ImageObject","inLanguage":"es","@id":"https:\/\/diarioellabrador.cl\/index.php\/2026\/03\/17\/la-pasion-del-senor-celebra-50-anos-de-tradicion-con-presentaciones-en-varias-comunas-de-la-provincia\/#primaryimage","url":"https:\/\/diarioellabrador.cl\/wp-content\/uploads\/2026\/03\/La-Pasion-del-Senor-celebra-50-anos-de-tradicion-con-presentaciones-en-varias-comunas-de-la-provincia.jpg","contentUrl":"https:\/\/diarioellabrador.cl\/wp-content\/uploads\/2026\/03\/La-Pasion-del-Senor-celebra-50-anos-de-tradicion-con-presentaciones-en-varias-comunas-de-la-provincia.jpg","width":1179,"height":1085},{"@type":"BreadcrumbList","@id":"https:\/\/diarioellabrador.cl\/index.php\/2026\/03\/17\/la-pasion-del-senor-celebra-50-anos-de-tradicion-con-presentaciones-en-varias-comunas-de-la-provincia\/#breadcrumb","itemListElement":[{"@type":"ListItem","position":1,"name":"Portada","item":"https:\/\/diarioellabrador.cl\/"},{"@type":"ListItem","position":2,"name":"\u201cLa Pasi\u00f3n del Se\u00f1or\u201d celebra 50 a\u00f1os de tradici\u00f3n con presentaciones en varias comunas de la provincia"}]},{"@type":"WebSite","@id":"https:\/\/diarioellabrador.cl\/#website","url":"https:\/\/diarioellabrador.cl\/","name":"Diario El Labrador","description":"Haciendo noticia desde 1921","publisher":{"@id":"https:\/\/diarioellabrador.cl\/#organization"},"potentialAction":[{"@type":"SearchAction","target":{"@type":"EntryPoint","urlTemplate":"https:\/\/diarioellabrador.cl\/?s={search_term_string}"},"query-input":{"@type":"PropertyValueSpecification","valueRequired":true,"valueName":"search_term_string"}}],"inLanguage":"es"},{"@type":"Organization","@id":"https:\/\/diarioellabrador.cl\/#organization","name":"Diario El Labrador","url":"https:\/\/diarioellabrador.cl\/","logo":{"@type":"ImageObject","inLanguage":"es","@id":"https:\/\/diarioellabrador.cl\/#\/schema\/logo\/image\/","url":"https:\/\/diarioellabrador.cl\/wp-content\/uploads\/2025\/02\/cropped-Logo-Icono.png","contentUrl":"https:\/\/diarioellabrador.cl\/wp-content\/uploads\/2025\/02\/cropped-Logo-Icono.png","width":512,"height":512,"caption":"Diario El Labrador"},"image":{"@id":"https:\/\/diarioellabrador.cl\/#\/schema\/logo\/image\/"},"sameAs":["https:\/\/web.facebook.com\/profile.php?id=61576120840621","https:\/\/x.com\/ElLabradorOf","https:\/\/www.instagram.com\/diarioellabradoroficial\/"]},{"@type":"Person","@id":"https:\/\/diarioellabrador.cl\/#\/schema\/person\/bc25ff80b4563f9c7f4bd7855df01685","name":"Editor","image":{"@type":"ImageObject","inLanguage":"es","@id":"https:\/\/secure.gravatar.com\/avatar\/109c326cf2be5c04f048c2c2a2b8b6ef44bf3d8d1d3d4c55d0ac40c4bc994684?s=96&d=mm&r=g","url":"https:\/\/secure.gravatar.com\/avatar\/109c326cf2be5c04f048c2c2a2b8b6ef44bf3d8d1d3d4c55d0ac40c4bc994684?s=96&d=mm&r=g","contentUrl":"https:\/\/secure.gravatar.com\/avatar\/109c326cf2be5c04f048c2c2a2b8b6ef44bf3d8d1d3d4c55d0ac40c4bc994684?s=96&d=mm&r=g","caption":"Editor"},"url":"https:\/\/diarioellabrador.cl\/index.php\/author\/editor\/"}]}},"_links":{"self":[{"href":"https:\/\/diarioellabrador.cl\/index.php\/wp-json\/wp\/v2\/posts\/16764","targetHints":{"allow":["GET"]}}],"collection":[{"href":"https:\/\/diarioellabrador.cl\/index.php\/wp-json\/wp\/v2\/posts"}],"about":[{"href":"https:\/\/diarioellabrador.cl\/index.php\/wp-json\/wp\/v2\/types\/post"}],"author":[{"embeddable":true,"href":"https:\/\/diarioellabrador.cl\/index.php\/wp-json\/wp\/v2\/users\/2"}],"replies":[{"embeddable":true,"href":"https:\/\/diarioellabrador.cl\/index.php\/wp-json\/wp\/v2\/comments?post=16764"}],"version-history":[{"count":1,"href":"https:\/\/diarioellabrador.cl\/index.php\/wp-json\/wp\/v2\/posts\/16764\/revisions"}],"predecessor-version":[{"id":16765,"href":"https:\/\/diarioellabrador.cl\/index.php\/wp-json\/wp\/v2\/posts\/16764\/revisions\/16765"}],"wp:featuredmedia":[{"embeddable":true,"href":"https:\/\/diarioellabrador.cl\/index.php\/wp-json\/wp\/v2\/media\/16701"}],"wp:attachment":[{"href":"https:\/\/diarioellabrador.cl\/index.php\/wp-json\/wp\/v2\/media?parent=16764"}],"wp:term":[{"taxonomy":"category","embeddable":true,"href":"https:\/\/diarioellabrador.cl\/index.php\/wp-json\/wp\/v2\/categories?post=16764"},{"taxonomy":"post_tag","embeddable":true,"href":"https:\/\/diarioellabrador.cl\/index.php\/wp-json\/wp\/v2\/tags?post=16764"}],"curies":[{"name":"wp","href":"https:\/\/api.w.org\/{rel}","templated":true}]}}