{"id":16754,"date":"2026-03-17T18:11:26","date_gmt":"2026-03-17T22:11:26","guid":{"rendered":"https:\/\/diarioellabrador.cl\/?p=16754"},"modified":"2026-03-17T18:11:27","modified_gmt":"2026-03-17T22:11:27","slug":"hospital-de-melipilla-inicia-trabajo-colaborativo-con-fundacion-que-acompana-a-pacientes-oncologicos","status":"publish","type":"post","link":"https:\/\/diarioellabrador.cl\/index.php\/2026\/03\/17\/hospital-de-melipilla-inicia-trabajo-colaborativo-con-fundacion-que-acompana-a-pacientes-oncologicos\/","title":{"rendered":"Hospital de Melipilla inicia trabajo colaborativo con fundaci\u00f3n que acompa\u00f1a a pacientes oncol\u00f3gicos"},"content":{"rendered":"\n<p>Con el objetivo de fortalecer el acompa\u00f1amiento a pacientes y sus familias, el director del Hospital de Melipilla, \u00d3scar Vargas Duranti, sostuvo una reuni\u00f3n de trabajo con representantes de la Fundaci\u00f3n Oncol\u00f3gica Elizabeth Cantillana Mu\u00f1oz.<\/p>\n\n\n\n<p>El encuentro fue encabezado por el director de la fundaci\u00f3n, Diego Armijo, junto a su coordinador, Rolando Quezada, y cont\u00f3 con la participaci\u00f3n de parte del equipo de la organizaci\u00f3n y profesionales del establecimiento de salud.<\/p>\n\n\n\n<p>Durante la reuni\u00f3n, abordaron la importante labor que realiza la fundaci\u00f3n en las comunas de Melipilla y Mar\u00eda Pinto, donde promueve el acompa\u00f1amiento y cuidado integral de pacientes oncol\u00f3gicos, as\u00ed como el apoyo a sus familias en un proceso que muchas veces requiere contenci\u00f3n y orientaci\u00f3n permanente.<\/p>\n\n\n\n<p>La instancia permiti\u00f3 sentar las bases para un trabajo colaborativo entre el hospital y la organizaci\u00f3n, abriendo espacios que buscan fortalecer la <strong>humanizaci\u00f3n en salud<\/strong><strong>,<\/strong> poniendo en el centro del cuidado a los pacientes y a su entorno familiar.<\/p>\n","protected":false},"excerpt":{"rendered":"<p>Con el objetivo de fortalecer el acompa\u00f1amiento a pacientes y sus familias, el director del Hospital de Melipilla, \u00d3scar Vargas Duranti, sostuvo una reuni\u00f3n de trabajo con representantes de la Fundaci\u00f3n Oncol\u00f3gica Elizabeth Cantillana Mu\u00f1oz. El encuentro fue encabezado por el director de la fundaci\u00f3n, Diego Armijo, junto a su coordinador, Rolando Quezada, y cont\u00f3<\/p>\n<div class=\"read-more-wrapper\"><a class=\"read-more\" href=\"https:\/\/diarioellabrador.cl\/index.php\/2026\/03\/17\/hospital-de-melipilla-inicia-trabajo-colaborativo-con-fundacion-que-acompana-a-pacientes-oncologicos\/\" title=\"Leer m\u00e1s\"> <span class=\"button \">Leer m\u00e1s<\/span><\/a><\/div>\n","protected":false},"author":2,"featured_media":16702,"comment_status":"open","ping_status":"open","sticky":false,"template":"","format":"standard","meta":{"footnotes":""},"categories":[1],"tags":[],"class_list":["post-16754","post","type-post","status-publish","format-standard","has-post-thumbnail","hentry","category-cronica"],"yoast_head":"<!-- This site is optimized with the Yoast SEO plugin v27.5 - https:\/\/yoast.com\/product\/yoast-seo-wordpress\/ -->\n<title>Hospital de Melipilla inicia trabajo colaborativo con fundaci\u00f3n que acompa\u00f1a a pacientes oncol\u00f3gicos - Diario El Labrador<\/title>\n<meta name=\"robots\" content=\"index, follow, max-snippet:-1, max-image-preview:large, max-video-preview:-1\" \/>\n<link rel=\"canonical\" href=\"https:\/\/diarioellabrador.cl\/index.php\/2026\/03\/17\/hospital-de-melipilla-inicia-trabajo-colaborativo-con-fundacion-que-acompana-a-pacientes-oncologicos\/\" \/>\n<meta property=\"og:locale\" content=\"es_ES\" \/>\n<meta property=\"og:type\" content=\"article\" \/>\n<meta property=\"og:title\" content=\"Hospital de Melipilla inicia trabajo colaborativo con fundaci\u00f3n que acompa\u00f1a a pacientes oncol\u00f3gicos - Diario El Labrador\" \/>\n<meta property=\"og:description\" content=\"Con el objetivo de fortalecer el acompa\u00f1amiento a pacientes y sus familias, el director del Hospital de Melipilla, \u00d3scar Vargas Duranti, sostuvo una reuni\u00f3n de trabajo con representantes de la Fundaci\u00f3n Oncol\u00f3gica Elizabeth Cantillana Mu\u00f1oz. El encuentro fue encabezado por el director de la fundaci\u00f3n, Diego Armijo, junto a su coordinador, Rolando Quezada, y cont\u00f3 Leer m\u00e1s\" \/>\n<meta property=\"og:url\" content=\"https:\/\/diarioellabrador.cl\/index.php\/2026\/03\/17\/hospital-de-melipilla-inicia-trabajo-colaborativo-con-fundacion-que-acompana-a-pacientes-oncologicos\/\" \/>\n<meta property=\"og:site_name\" content=\"Diario El Labrador\" \/>\n<meta property=\"article:publisher\" content=\"https:\/\/web.facebook.com\/profile.php?id=61576120840621\" \/>\n<meta property=\"article:published_time\" content=\"2026-03-17T22:11:26+00:00\" \/>\n<meta property=\"article:modified_time\" content=\"2026-03-17T22:11:27+00:00\" \/>\n<meta property=\"og:image\" content=\"https:\/\/diarioellabrador.cl\/wp-content\/uploads\/2026\/03\/Hospital-de-Melipilla-inicia-trabajo-colaborativo-con-fundacion-que-acompana-a-pacientes-oncologicos.jpeg\" \/>\n\t<meta property=\"og:image:width\" content=\"897\" \/>\n\t<meta property=\"og:image:height\" content=\"502\" \/>\n\t<meta property=\"og:image:type\" content=\"image\/jpeg\" \/>\n<meta name=\"author\" content=\"Editor\" \/>\n<meta name=\"twitter:card\" content=\"summary_large_image\" \/>\n<meta name=\"twitter:creator\" content=\"@ElLabradorOf\" \/>\n<meta name=\"twitter:site\" content=\"@ElLabradorOf\" \/>\n<meta name=\"twitter:label1\" content=\"Escrito por\" \/>\n\t<meta name=\"twitter:data1\" content=\"Editor\" \/>\n\t<meta name=\"twitter:label2\" content=\"Tiempo de lectura\" \/>\n\t<meta name=\"twitter:data2\" content=\"1 minuto\" \/>\n<script type=\"application\/ld+json\" class=\"yoast-schema-graph\">{\"@context\":\"https:\\\/\\\/schema.org\",\"@graph\":[{\"@type\":\"Article\",\"@id\":\"https:\\\/\\\/diarioellabrador.cl\\\/index.php\\\/2026\\\/03\\\/17\\\/hospital-de-melipilla-inicia-trabajo-colaborativo-con-fundacion-que-acompana-a-pacientes-oncologicos\\\/#article\",\"isPartOf\":{\"@id\":\"https:\\\/\\\/diarioellabrador.cl\\\/index.php\\\/2026\\\/03\\\/17\\\/hospital-de-melipilla-inicia-trabajo-colaborativo-con-fundacion-que-acompana-a-pacientes-oncologicos\\\/\"},\"author\":{\"name\":\"Editor\",\"@id\":\"https:\\\/\\\/diarioellabrador.cl\\\/#\\\/schema\\\/person\\\/bc25ff80b4563f9c7f4bd7855df01685\"},\"headline\":\"Hospital de Melipilla inicia trabajo colaborativo con fundaci\u00f3n que acompa\u00f1a a pacientes oncol\u00f3gicos\",\"datePublished\":\"2026-03-17T22:11:26+00:00\",\"dateModified\":\"2026-03-17T22:11:27+00:00\",\"mainEntityOfPage\":{\"@id\":\"https:\\\/\\\/diarioellabrador.cl\\\/index.php\\\/2026\\\/03\\\/17\\\/hospital-de-melipilla-inicia-trabajo-colaborativo-con-fundacion-que-acompana-a-pacientes-oncologicos\\\/\"},\"wordCount\":190,\"commentCount\":0,\"publisher\":{\"@id\":\"https:\\\/\\\/diarioellabrador.cl\\\/#organization\"},\"image\":{\"@id\":\"https:\\\/\\\/diarioellabrador.cl\\\/index.php\\\/2026\\\/03\\\/17\\\/hospital-de-melipilla-inicia-trabajo-colaborativo-con-fundacion-que-acompana-a-pacientes-oncologicos\\\/#primaryimage\"},\"thumbnailUrl\":\"https:\\\/\\\/diarioellabrador.cl\\\/wp-content\\\/uploads\\\/2026\\\/03\\\/Hospital-de-Melipilla-inicia-trabajo-colaborativo-con-fundacion-que-acompana-a-pacientes-oncologicos.jpeg\",\"articleSection\":[\"Cr\u00f3nica\"],\"inLanguage\":\"es\",\"potentialAction\":[{\"@type\":\"CommentAction\",\"name\":\"Comment\",\"target\":[\"https:\\\/\\\/diarioellabrador.cl\\\/index.php\\\/2026\\\/03\\\/17\\\/hospital-de-melipilla-inicia-trabajo-colaborativo-con-fundacion-que-acompana-a-pacientes-oncologicos\\\/#respond\"]}]},{\"@type\":\"WebPage\",\"@id\":\"https:\\\/\\\/diarioellabrador.cl\\\/index.php\\\/2026\\\/03\\\/17\\\/hospital-de-melipilla-inicia-trabajo-colaborativo-con-fundacion-que-acompana-a-pacientes-oncologicos\\\/\",\"url\":\"https:\\\/\\\/diarioellabrador.cl\\\/index.php\\\/2026\\\/03\\\/17\\\/hospital-de-melipilla-inicia-trabajo-colaborativo-con-fundacion-que-acompana-a-pacientes-oncologicos\\\/\",\"name\":\"Hospital de Melipilla inicia trabajo colaborativo con fundaci\u00f3n que acompa\u00f1a a pacientes oncol\u00f3gicos - Diario El Labrador\",\"isPartOf\":{\"@id\":\"https:\\\/\\\/diarioellabrador.cl\\\/#website\"},\"primaryImageOfPage\":{\"@id\":\"https:\\\/\\\/diarioellabrador.cl\\\/index.php\\\/2026\\\/03\\\/17\\\/hospital-de-melipilla-inicia-trabajo-colaborativo-con-fundacion-que-acompana-a-pacientes-oncologicos\\\/#primaryimage\"},\"image\":{\"@id\":\"https:\\\/\\\/diarioellabrador.cl\\\/index.php\\\/2026\\\/03\\\/17\\\/hospital-de-melipilla-inicia-trabajo-colaborativo-con-fundacion-que-acompana-a-pacientes-oncologicos\\\/#primaryimage\"},\"thumbnailUrl\":\"https:\\\/\\\/diarioellabrador.cl\\\/wp-content\\\/uploads\\\/2026\\\/03\\\/Hospital-de-Melipilla-inicia-trabajo-colaborativo-con-fundacion-que-acompana-a-pacientes-oncologicos.jpeg\",\"datePublished\":\"2026-03-17T22:11:26+00:00\",\"dateModified\":\"2026-03-17T22:11:27+00:00\",\"breadcrumb\":{\"@id\":\"https:\\\/\\\/diarioellabrador.cl\\\/index.php\\\/2026\\\/03\\\/17\\\/hospital-de-melipilla-inicia-trabajo-colaborativo-con-fundacion-que-acompana-a-pacientes-oncologicos\\\/#breadcrumb\"},\"inLanguage\":\"es\",\"potentialAction\":[{\"@type\":\"ReadAction\",\"target\":[\"https:\\\/\\\/diarioellabrador.cl\\\/index.php\\\/2026\\\/03\\\/17\\\/hospital-de-melipilla-inicia-trabajo-colaborativo-con-fundacion-que-acompana-a-pacientes-oncologicos\\\/\"]}]},{\"@type\":\"ImageObject\",\"inLanguage\":\"es\",\"@id\":\"https:\\\/\\\/diarioellabrador.cl\\\/index.php\\\/2026\\\/03\\\/17\\\/hospital-de-melipilla-inicia-trabajo-colaborativo-con-fundacion-que-acompana-a-pacientes-oncologicos\\\/#primaryimage\",\"url\":\"https:\\\/\\\/diarioellabrador.cl\\\/wp-content\\\/uploads\\\/2026\\\/03\\\/Hospital-de-Melipilla-inicia-trabajo-colaborativo-con-fundacion-que-acompana-a-pacientes-oncologicos.jpeg\",\"contentUrl\":\"https:\\\/\\\/diarioellabrador.cl\\\/wp-content\\\/uploads\\\/2026\\\/03\\\/Hospital-de-Melipilla-inicia-trabajo-colaborativo-con-fundacion-que-acompana-a-pacientes-oncologicos.jpeg\",\"width\":897,\"height\":502},{\"@type\":\"BreadcrumbList\",\"@id\":\"https:\\\/\\\/diarioellabrador.cl\\\/index.php\\\/2026\\\/03\\\/17\\\/hospital-de-melipilla-inicia-trabajo-colaborativo-con-fundacion-que-acompana-a-pacientes-oncologicos\\\/#breadcrumb\",\"itemListElement\":[{\"@type\":\"ListItem\",\"position\":1,\"name\":\"Portada\",\"item\":\"https:\\\/\\\/diarioellabrador.cl\\\/\"},{\"@type\":\"ListItem\",\"position\":2,\"name\":\"Hospital de Melipilla inicia trabajo colaborativo con fundaci\u00f3n que acompa\u00f1a a pacientes oncol\u00f3gicos\"}]},{\"@type\":\"WebSite\",\"@id\":\"https:\\\/\\\/diarioellabrador.cl\\\/#website\",\"url\":\"https:\\\/\\\/diarioellabrador.cl\\\/\",\"name\":\"Diario El Labrador\",\"description\":\"Haciendo noticia desde 1921\",\"publisher\":{\"@id\":\"https:\\\/\\\/diarioellabrador.cl\\\/#organization\"},\"potentialAction\":[{\"@type\":\"SearchAction\",\"target\":{\"@type\":\"EntryPoint\",\"urlTemplate\":\"https:\\\/\\\/diarioellabrador.cl\\\/?s={search_term_string}\"},\"query-input\":{\"@type\":\"PropertyValueSpecification\",\"valueRequired\":true,\"valueName\":\"search_term_string\"}}],\"inLanguage\":\"es\"},{\"@type\":\"Organization\",\"@id\":\"https:\\\/\\\/diarioellabrador.cl\\\/#organization\",\"name\":\"Diario El Labrador\",\"url\":\"https:\\\/\\\/diarioellabrador.cl\\\/\",\"logo\":{\"@type\":\"ImageObject\",\"inLanguage\":\"es\",\"@id\":\"https:\\\/\\\/diarioellabrador.cl\\\/#\\\/schema\\\/logo\\\/image\\\/\",\"url\":\"https:\\\/\\\/diarioellabrador.cl\\\/wp-content\\\/uploads\\\/2025\\\/02\\\/cropped-Logo-Icono.png\",\"contentUrl\":\"https:\\\/\\\/diarioellabrador.cl\\\/wp-content\\\/uploads\\\/2025\\\/02\\\/cropped-Logo-Icono.png\",\"width\":512,\"height\":512,\"caption\":\"Diario El Labrador\"},\"image\":{\"@id\":\"https:\\\/\\\/diarioellabrador.cl\\\/#\\\/schema\\\/logo\\\/image\\\/\"},\"sameAs\":[\"https:\\\/\\\/web.facebook.com\\\/profile.php?id=61576120840621\",\"https:\\\/\\\/x.com\\\/ElLabradorOf\",\"https:\\\/\\\/www.instagram.com\\\/diarioellabradoroficial\\\/\"]},{\"@type\":\"Person\",\"@id\":\"https:\\\/\\\/diarioellabrador.cl\\\/#\\\/schema\\\/person\\\/bc25ff80b4563f9c7f4bd7855df01685\",\"name\":\"Editor\",\"image\":{\"@type\":\"ImageObject\",\"inLanguage\":\"es\",\"@id\":\"https:\\\/\\\/secure.gravatar.com\\\/avatar\\\/109c326cf2be5c04f048c2c2a2b8b6ef44bf3d8d1d3d4c55d0ac40c4bc994684?s=96&d=mm&r=g\",\"url\":\"https:\\\/\\\/secure.gravatar.com\\\/avatar\\\/109c326cf2be5c04f048c2c2a2b8b6ef44bf3d8d1d3d4c55d0ac40c4bc994684?s=96&d=mm&r=g\",\"contentUrl\":\"https:\\\/\\\/secure.gravatar.com\\\/avatar\\\/109c326cf2be5c04f048c2c2a2b8b6ef44bf3d8d1d3d4c55d0ac40c4bc994684?s=96&d=mm&r=g\",\"caption\":\"Editor\"},\"url\":\"https:\\\/\\\/diarioellabrador.cl\\\/index.php\\\/author\\\/editor\\\/\"}]}<\/script>\n<!-- \/ Yoast SEO plugin. -->","yoast_head_json":{"title":"Hospital de Melipilla inicia trabajo colaborativo con fundaci\u00f3n que acompa\u00f1a a pacientes oncol\u00f3gicos - Diario El Labrador","robots":{"index":"index","follow":"follow","max-snippet":"max-snippet:-1","max-image-preview":"max-image-preview:large","max-video-preview":"max-video-preview:-1"},"canonical":"https:\/\/diarioellabrador.cl\/index.php\/2026\/03\/17\/hospital-de-melipilla-inicia-trabajo-colaborativo-con-fundacion-que-acompana-a-pacientes-oncologicos\/","og_locale":"es_ES","og_type":"article","og_title":"Hospital de Melipilla inicia trabajo colaborativo con fundaci\u00f3n que acompa\u00f1a a pacientes oncol\u00f3gicos - Diario El Labrador","og_description":"Con el objetivo de fortalecer el acompa\u00f1amiento a pacientes y sus familias, el director del Hospital de Melipilla, \u00d3scar Vargas Duranti, sostuvo una reuni\u00f3n de trabajo con representantes de la Fundaci\u00f3n Oncol\u00f3gica Elizabeth Cantillana Mu\u00f1oz. El encuentro fue encabezado por el director de la fundaci\u00f3n, Diego Armijo, junto a su coordinador, Rolando Quezada, y cont\u00f3 Leer m\u00e1s","og_url":"https:\/\/diarioellabrador.cl\/index.php\/2026\/03\/17\/hospital-de-melipilla-inicia-trabajo-colaborativo-con-fundacion-que-acompana-a-pacientes-oncologicos\/","og_site_name":"Diario El Labrador","article_publisher":"https:\/\/web.facebook.com\/profile.php?id=61576120840621","article_published_time":"2026-03-17T22:11:26+00:00","article_modified_time":"2026-03-17T22:11:27+00:00","og_image":[{"width":897,"height":502,"url":"https:\/\/diarioellabrador.cl\/wp-content\/uploads\/2026\/03\/Hospital-de-Melipilla-inicia-trabajo-colaborativo-con-fundacion-que-acompana-a-pacientes-oncologicos.jpeg","type":"image\/jpeg"}],"author":"Editor","twitter_card":"summary_large_image","twitter_creator":"@ElLabradorOf","twitter_site":"@ElLabradorOf","twitter_misc":{"Escrito por":"Editor","Tiempo de lectura":"1 minuto"},"schema":{"@context":"https:\/\/schema.org","@graph":[{"@type":"Article","@id":"https:\/\/diarioellabrador.cl\/index.php\/2026\/03\/17\/hospital-de-melipilla-inicia-trabajo-colaborativo-con-fundacion-que-acompana-a-pacientes-oncologicos\/#article","isPartOf":{"@id":"https:\/\/diarioellabrador.cl\/index.php\/2026\/03\/17\/hospital-de-melipilla-inicia-trabajo-colaborativo-con-fundacion-que-acompana-a-pacientes-oncologicos\/"},"author":{"name":"Editor","@id":"https:\/\/diarioellabrador.cl\/#\/schema\/person\/bc25ff80b4563f9c7f4bd7855df01685"},"headline":"Hospital de Melipilla inicia trabajo colaborativo con fundaci\u00f3n que acompa\u00f1a a pacientes oncol\u00f3gicos","datePublished":"2026-03-17T22:11:26+00:00","dateModified":"2026-03-17T22:11:27+00:00","mainEntityOfPage":{"@id":"https:\/\/diarioellabrador.cl\/index.php\/2026\/03\/17\/hospital-de-melipilla-inicia-trabajo-colaborativo-con-fundacion-que-acompana-a-pacientes-oncologicos\/"},"wordCount":190,"commentCount":0,"publisher":{"@id":"https:\/\/diarioellabrador.cl\/#organization"},"image":{"@id":"https:\/\/diarioellabrador.cl\/index.php\/2026\/03\/17\/hospital-de-melipilla-inicia-trabajo-colaborativo-con-fundacion-que-acompana-a-pacientes-oncologicos\/#primaryimage"},"thumbnailUrl":"https:\/\/diarioellabrador.cl\/wp-content\/uploads\/2026\/03\/Hospital-de-Melipilla-inicia-trabajo-colaborativo-con-fundacion-que-acompana-a-pacientes-oncologicos.jpeg","articleSection":["Cr\u00f3nica"],"inLanguage":"es","potentialAction":[{"@type":"CommentAction","name":"Comment","target":["https:\/\/diarioellabrador.cl\/index.php\/2026\/03\/17\/hospital-de-melipilla-inicia-trabajo-colaborativo-con-fundacion-que-acompana-a-pacientes-oncologicos\/#respond"]}]},{"@type":"WebPage","@id":"https:\/\/diarioellabrador.cl\/index.php\/2026\/03\/17\/hospital-de-melipilla-inicia-trabajo-colaborativo-con-fundacion-que-acompana-a-pacientes-oncologicos\/","url":"https:\/\/diarioellabrador.cl\/index.php\/2026\/03\/17\/hospital-de-melipilla-inicia-trabajo-colaborativo-con-fundacion-que-acompana-a-pacientes-oncologicos\/","name":"Hospital de Melipilla inicia trabajo colaborativo con fundaci\u00f3n que acompa\u00f1a a pacientes oncol\u00f3gicos - Diario El Labrador","isPartOf":{"@id":"https:\/\/diarioellabrador.cl\/#website"},"primaryImageOfPage":{"@id":"https:\/\/diarioellabrador.cl\/index.php\/2026\/03\/17\/hospital-de-melipilla-inicia-trabajo-colaborativo-con-fundacion-que-acompana-a-pacientes-oncologicos\/#primaryimage"},"image":{"@id":"https:\/\/diarioellabrador.cl\/index.php\/2026\/03\/17\/hospital-de-melipilla-inicia-trabajo-colaborativo-con-fundacion-que-acompana-a-pacientes-oncologicos\/#primaryimage"},"thumbnailUrl":"https:\/\/diarioellabrador.cl\/wp-content\/uploads\/2026\/03\/Hospital-de-Melipilla-inicia-trabajo-colaborativo-con-fundacion-que-acompana-a-pacientes-oncologicos.jpeg","datePublished":"2026-03-17T22:11:26+00:00","dateModified":"2026-03-17T22:11:27+00:00","breadcrumb":{"@id":"https:\/\/diarioellabrador.cl\/index.php\/2026\/03\/17\/hospital-de-melipilla-inicia-trabajo-colaborativo-con-fundacion-que-acompana-a-pacientes-oncologicos\/#breadcrumb"},"inLanguage":"es","potentialAction":[{"@type":"ReadAction","target":["https:\/\/diarioellabrador.cl\/index.php\/2026\/03\/17\/hospital-de-melipilla-inicia-trabajo-colaborativo-con-fundacion-que-acompana-a-pacientes-oncologicos\/"]}]},{"@type":"ImageObject","inLanguage":"es","@id":"https:\/\/diarioellabrador.cl\/index.php\/2026\/03\/17\/hospital-de-melipilla-inicia-trabajo-colaborativo-con-fundacion-que-acompana-a-pacientes-oncologicos\/#primaryimage","url":"https:\/\/diarioellabrador.cl\/wp-content\/uploads\/2026\/03\/Hospital-de-Melipilla-inicia-trabajo-colaborativo-con-fundacion-que-acompana-a-pacientes-oncologicos.jpeg","contentUrl":"https:\/\/diarioellabrador.cl\/wp-content\/uploads\/2026\/03\/Hospital-de-Melipilla-inicia-trabajo-colaborativo-con-fundacion-que-acompana-a-pacientes-oncologicos.jpeg","width":897,"height":502},{"@type":"BreadcrumbList","@id":"https:\/\/diarioellabrador.cl\/index.php\/2026\/03\/17\/hospital-de-melipilla-inicia-trabajo-colaborativo-con-fundacion-que-acompana-a-pacientes-oncologicos\/#breadcrumb","itemListElement":[{"@type":"ListItem","position":1,"name":"Portada","item":"https:\/\/diarioellabrador.cl\/"},{"@type":"ListItem","position":2,"name":"Hospital de Melipilla inicia trabajo colaborativo con fundaci\u00f3n que acompa\u00f1a a pacientes oncol\u00f3gicos"}]},{"@type":"WebSite","@id":"https:\/\/diarioellabrador.cl\/#website","url":"https:\/\/diarioellabrador.cl\/","name":"Diario El Labrador","description":"Haciendo noticia desde 1921","publisher":{"@id":"https:\/\/diarioellabrador.cl\/#organization"},"potentialAction":[{"@type":"SearchAction","target":{"@type":"EntryPoint","urlTemplate":"https:\/\/diarioellabrador.cl\/?s={search_term_string}"},"query-input":{"@type":"PropertyValueSpecification","valueRequired":true,"valueName":"search_term_string"}}],"inLanguage":"es"},{"@type":"Organization","@id":"https:\/\/diarioellabrador.cl\/#organization","name":"Diario El Labrador","url":"https:\/\/diarioellabrador.cl\/","logo":{"@type":"ImageObject","inLanguage":"es","@id":"https:\/\/diarioellabrador.cl\/#\/schema\/logo\/image\/","url":"https:\/\/diarioellabrador.cl\/wp-content\/uploads\/2025\/02\/cropped-Logo-Icono.png","contentUrl":"https:\/\/diarioellabrador.cl\/wp-content\/uploads\/2025\/02\/cropped-Logo-Icono.png","width":512,"height":512,"caption":"Diario El Labrador"},"image":{"@id":"https:\/\/diarioellabrador.cl\/#\/schema\/logo\/image\/"},"sameAs":["https:\/\/web.facebook.com\/profile.php?id=61576120840621","https:\/\/x.com\/ElLabradorOf","https:\/\/www.instagram.com\/diarioellabradoroficial\/"]},{"@type":"Person","@id":"https:\/\/diarioellabrador.cl\/#\/schema\/person\/bc25ff80b4563f9c7f4bd7855df01685","name":"Editor","image":{"@type":"ImageObject","inLanguage":"es","@id":"https:\/\/secure.gravatar.com\/avatar\/109c326cf2be5c04f048c2c2a2b8b6ef44bf3d8d1d3d4c55d0ac40c4bc994684?s=96&d=mm&r=g","url":"https:\/\/secure.gravatar.com\/avatar\/109c326cf2be5c04f048c2c2a2b8b6ef44bf3d8d1d3d4c55d0ac40c4bc994684?s=96&d=mm&r=g","contentUrl":"https:\/\/secure.gravatar.com\/avatar\/109c326cf2be5c04f048c2c2a2b8b6ef44bf3d8d1d3d4c55d0ac40c4bc994684?s=96&d=mm&r=g","caption":"Editor"},"url":"https:\/\/diarioellabrador.cl\/index.php\/author\/editor\/"}]}},"_links":{"self":[{"href":"https:\/\/diarioellabrador.cl\/index.php\/wp-json\/wp\/v2\/posts\/16754","targetHints":{"allow":["GET"]}}],"collection":[{"href":"https:\/\/diarioellabrador.cl\/index.php\/wp-json\/wp\/v2\/posts"}],"about":[{"href":"https:\/\/diarioellabrador.cl\/index.php\/wp-json\/wp\/v2\/types\/post"}],"author":[{"embeddable":true,"href":"https:\/\/diarioellabrador.cl\/index.php\/wp-json\/wp\/v2\/users\/2"}],"replies":[{"embeddable":true,"href":"https:\/\/diarioellabrador.cl\/index.php\/wp-json\/wp\/v2\/comments?post=16754"}],"version-history":[{"count":1,"href":"https:\/\/diarioellabrador.cl\/index.php\/wp-json\/wp\/v2\/posts\/16754\/revisions"}],"predecessor-version":[{"id":16755,"href":"https:\/\/diarioellabrador.cl\/index.php\/wp-json\/wp\/v2\/posts\/16754\/revisions\/16755"}],"wp:featuredmedia":[{"embeddable":true,"href":"https:\/\/diarioellabrador.cl\/index.php\/wp-json\/wp\/v2\/media\/16702"}],"wp:attachment":[{"href":"https:\/\/diarioellabrador.cl\/index.php\/wp-json\/wp\/v2\/media?parent=16754"}],"wp:term":[{"taxonomy":"category","embeddable":true,"href":"https:\/\/diarioellabrador.cl\/index.php\/wp-json\/wp\/v2\/categories?post=16754"},{"taxonomy":"post_tag","embeddable":true,"href":"https:\/\/diarioellabrador.cl\/index.php\/wp-json\/wp\/v2\/tags?post=16754"}],"curies":[{"name":"wp","href":"https:\/\/api.w.org\/{rel}","templated":true}]}}