{"id":16752,"date":"2026-03-17T18:10:43","date_gmt":"2026-03-17T22:10:43","guid":{"rendered":"https:\/\/diarioellabrador.cl\/?p=16752"},"modified":"2026-03-17T18:10:45","modified_gmt":"2026-03-17T22:10:45","slug":"vacunacion-contra-la-influenza-este-miercoles-en-plaza-de-lonquen","status":"publish","type":"post","link":"https:\/\/diarioellabrador.cl\/index.php\/2026\/03\/17\/vacunacion-contra-la-influenza-este-miercoles-en-plaza-de-lonquen\/","title":{"rendered":"Vacunaci\u00f3n contra la Influenza este mi\u00e9rcoles en Plaza de Lonqu\u00e9n"},"content":{"rendered":"\n<p>En el marco de la campa\u00f1a nacional de vacunaci\u00f3n contra la Influenza, desde el Departamento de Salud de Talagante informaron que hoy mi\u00e9rcoles, la cl\u00ednica m\u00f3vil del CESFAM local, realizar\u00e1 un operativo abierto a la comunidad.<\/p>\n\n\n\n<p>Podr\u00e1n acceder los grupos prioritarios, entre ellos, adultos mayores desde los 60 a\u00f1os en adelante. Ni\u00f1os menores a 5 a\u00f1os, embarazadas y personas con enfermedades cr\u00f3nicas, como la diabetes, hipertensi\u00f3n, asma, entre otros.<\/p>\n\n\n\n<p>La jornada se desarrollar\u00e1 en la Plaza de Lonqu\u00e9n, desde las 09:00 y hasta las 12:30 horas.<\/p>\n","protected":false},"excerpt":{"rendered":"<p>En el marco de la campa\u00f1a nacional de vacunaci\u00f3n contra la Influenza, desde el Departamento de Salud de Talagante informaron que hoy mi\u00e9rcoles, la cl\u00ednica m\u00f3vil del CESFAM local, realizar\u00e1 un operativo abierto a la comunidad. Podr\u00e1n acceder los grupos prioritarios, entre ellos, adultos mayores desde los 60 a\u00f1os en adelante. Ni\u00f1os menores a 5<\/p>\n<div class=\"read-more-wrapper\"><a class=\"read-more\" href=\"https:\/\/diarioellabrador.cl\/index.php\/2026\/03\/17\/vacunacion-contra-la-influenza-este-miercoles-en-plaza-de-lonquen\/\" title=\"Leer m\u00e1s\"> <span class=\"button \">Leer m\u00e1s<\/span><\/a><\/div>\n","protected":false},"author":2,"featured_media":16706,"comment_status":"open","ping_status":"open","sticky":false,"template":"","format":"standard","meta":{"footnotes":""},"categories":[1],"tags":[],"class_list":["post-16752","post","type-post","status-publish","format-standard","has-post-thumbnail","hentry","category-cronica"],"yoast_head":"<!-- This site is optimized with the Yoast SEO plugin v27.5 - https:\/\/yoast.com\/product\/yoast-seo-wordpress\/ -->\n<title>Vacunaci\u00f3n contra la Influenza este mi\u00e9rcoles en Plaza de Lonqu\u00e9n - Diario El Labrador<\/title>\n<meta name=\"robots\" content=\"index, follow, max-snippet:-1, max-image-preview:large, max-video-preview:-1\" \/>\n<link rel=\"canonical\" href=\"https:\/\/diarioellabrador.cl\/index.php\/2026\/03\/17\/vacunacion-contra-la-influenza-este-miercoles-en-plaza-de-lonquen\/\" \/>\n<meta property=\"og:locale\" content=\"es_ES\" \/>\n<meta property=\"og:type\" content=\"article\" \/>\n<meta property=\"og:title\" content=\"Vacunaci\u00f3n contra la Influenza este mi\u00e9rcoles en Plaza de Lonqu\u00e9n - Diario El Labrador\" \/>\n<meta property=\"og:description\" content=\"En el marco de la campa\u00f1a nacional de vacunaci\u00f3n contra la Influenza, desde el Departamento de Salud de Talagante informaron que hoy mi\u00e9rcoles, la cl\u00ednica m\u00f3vil del CESFAM local, realizar\u00e1 un operativo abierto a la comunidad. Podr\u00e1n acceder los grupos prioritarios, entre ellos, adultos mayores desde los 60 a\u00f1os en adelante. Ni\u00f1os menores a 5 Leer m\u00e1s\" \/>\n<meta property=\"og:url\" content=\"https:\/\/diarioellabrador.cl\/index.php\/2026\/03\/17\/vacunacion-contra-la-influenza-este-miercoles-en-plaza-de-lonquen\/\" \/>\n<meta property=\"og:site_name\" content=\"Diario El Labrador\" \/>\n<meta property=\"article:publisher\" content=\"https:\/\/web.facebook.com\/profile.php?id=61576120840621\" \/>\n<meta property=\"article:published_time\" content=\"2026-03-17T22:10:43+00:00\" \/>\n<meta property=\"article:modified_time\" content=\"2026-03-17T22:10:45+00:00\" \/>\n<meta property=\"og:image\" content=\"https:\/\/diarioellabrador.cl\/wp-content\/uploads\/2026\/03\/Vacunacion-contra-la-Influenza-este-miercoles-en-Plaza-de-Lonquen.jpg\" \/>\n\t<meta property=\"og:image:width\" content=\"1080\" \/>\n\t<meta property=\"og:image:height\" content=\"843\" \/>\n\t<meta property=\"og:image:type\" content=\"image\/jpeg\" \/>\n<meta name=\"author\" content=\"Editor\" \/>\n<meta name=\"twitter:card\" content=\"summary_large_image\" \/>\n<meta name=\"twitter:creator\" content=\"@ElLabradorOf\" \/>\n<meta name=\"twitter:site\" content=\"@ElLabradorOf\" \/>\n<meta name=\"twitter:label1\" content=\"Escrito por\" \/>\n\t<meta name=\"twitter:data1\" content=\"Editor\" \/>\n\t<meta name=\"twitter:label2\" content=\"Tiempo de lectura\" \/>\n\t<meta name=\"twitter:data2\" content=\"1 minuto\" \/>\n<script type=\"application\/ld+json\" class=\"yoast-schema-graph\">{\"@context\":\"https:\\\/\\\/schema.org\",\"@graph\":[{\"@type\":\"Article\",\"@id\":\"https:\\\/\\\/diarioellabrador.cl\\\/index.php\\\/2026\\\/03\\\/17\\\/vacunacion-contra-la-influenza-este-miercoles-en-plaza-de-lonquen\\\/#article\",\"isPartOf\":{\"@id\":\"https:\\\/\\\/diarioellabrador.cl\\\/index.php\\\/2026\\\/03\\\/17\\\/vacunacion-contra-la-influenza-este-miercoles-en-plaza-de-lonquen\\\/\"},\"author\":{\"name\":\"Editor\",\"@id\":\"https:\\\/\\\/diarioellabrador.cl\\\/#\\\/schema\\\/person\\\/bc25ff80b4563f9c7f4bd7855df01685\"},\"headline\":\"Vacunaci\u00f3n contra la Influenza este mi\u00e9rcoles en Plaza de Lonqu\u00e9n\",\"datePublished\":\"2026-03-17T22:10:43+00:00\",\"dateModified\":\"2026-03-17T22:10:45+00:00\",\"mainEntityOfPage\":{\"@id\":\"https:\\\/\\\/diarioellabrador.cl\\\/index.php\\\/2026\\\/03\\\/17\\\/vacunacion-contra-la-influenza-este-miercoles-en-plaza-de-lonquen\\\/\"},\"wordCount\":107,\"commentCount\":0,\"publisher\":{\"@id\":\"https:\\\/\\\/diarioellabrador.cl\\\/#organization\"},\"image\":{\"@id\":\"https:\\\/\\\/diarioellabrador.cl\\\/index.php\\\/2026\\\/03\\\/17\\\/vacunacion-contra-la-influenza-este-miercoles-en-plaza-de-lonquen\\\/#primaryimage\"},\"thumbnailUrl\":\"https:\\\/\\\/diarioellabrador.cl\\\/wp-content\\\/uploads\\\/2026\\\/03\\\/Vacunacion-contra-la-Influenza-este-miercoles-en-Plaza-de-Lonquen.jpg\",\"articleSection\":[\"Cr\u00f3nica\"],\"inLanguage\":\"es\",\"potentialAction\":[{\"@type\":\"CommentAction\",\"name\":\"Comment\",\"target\":[\"https:\\\/\\\/diarioellabrador.cl\\\/index.php\\\/2026\\\/03\\\/17\\\/vacunacion-contra-la-influenza-este-miercoles-en-plaza-de-lonquen\\\/#respond\"]}]},{\"@type\":\"WebPage\",\"@id\":\"https:\\\/\\\/diarioellabrador.cl\\\/index.php\\\/2026\\\/03\\\/17\\\/vacunacion-contra-la-influenza-este-miercoles-en-plaza-de-lonquen\\\/\",\"url\":\"https:\\\/\\\/diarioellabrador.cl\\\/index.php\\\/2026\\\/03\\\/17\\\/vacunacion-contra-la-influenza-este-miercoles-en-plaza-de-lonquen\\\/\",\"name\":\"Vacunaci\u00f3n contra la Influenza este mi\u00e9rcoles en Plaza de Lonqu\u00e9n - Diario El Labrador\",\"isPartOf\":{\"@id\":\"https:\\\/\\\/diarioellabrador.cl\\\/#website\"},\"primaryImageOfPage\":{\"@id\":\"https:\\\/\\\/diarioellabrador.cl\\\/index.php\\\/2026\\\/03\\\/17\\\/vacunacion-contra-la-influenza-este-miercoles-en-plaza-de-lonquen\\\/#primaryimage\"},\"image\":{\"@id\":\"https:\\\/\\\/diarioellabrador.cl\\\/index.php\\\/2026\\\/03\\\/17\\\/vacunacion-contra-la-influenza-este-miercoles-en-plaza-de-lonquen\\\/#primaryimage\"},\"thumbnailUrl\":\"https:\\\/\\\/diarioellabrador.cl\\\/wp-content\\\/uploads\\\/2026\\\/03\\\/Vacunacion-contra-la-Influenza-este-miercoles-en-Plaza-de-Lonquen.jpg\",\"datePublished\":\"2026-03-17T22:10:43+00:00\",\"dateModified\":\"2026-03-17T22:10:45+00:00\",\"breadcrumb\":{\"@id\":\"https:\\\/\\\/diarioellabrador.cl\\\/index.php\\\/2026\\\/03\\\/17\\\/vacunacion-contra-la-influenza-este-miercoles-en-plaza-de-lonquen\\\/#breadcrumb\"},\"inLanguage\":\"es\",\"potentialAction\":[{\"@type\":\"ReadAction\",\"target\":[\"https:\\\/\\\/diarioellabrador.cl\\\/index.php\\\/2026\\\/03\\\/17\\\/vacunacion-contra-la-influenza-este-miercoles-en-plaza-de-lonquen\\\/\"]}]},{\"@type\":\"ImageObject\",\"inLanguage\":\"es\",\"@id\":\"https:\\\/\\\/diarioellabrador.cl\\\/index.php\\\/2026\\\/03\\\/17\\\/vacunacion-contra-la-influenza-este-miercoles-en-plaza-de-lonquen\\\/#primaryimage\",\"url\":\"https:\\\/\\\/diarioellabrador.cl\\\/wp-content\\\/uploads\\\/2026\\\/03\\\/Vacunacion-contra-la-Influenza-este-miercoles-en-Plaza-de-Lonquen.jpg\",\"contentUrl\":\"https:\\\/\\\/diarioellabrador.cl\\\/wp-content\\\/uploads\\\/2026\\\/03\\\/Vacunacion-contra-la-Influenza-este-miercoles-en-Plaza-de-Lonquen.jpg\",\"width\":1080,\"height\":843},{\"@type\":\"BreadcrumbList\",\"@id\":\"https:\\\/\\\/diarioellabrador.cl\\\/index.php\\\/2026\\\/03\\\/17\\\/vacunacion-contra-la-influenza-este-miercoles-en-plaza-de-lonquen\\\/#breadcrumb\",\"itemListElement\":[{\"@type\":\"ListItem\",\"position\":1,\"name\":\"Portada\",\"item\":\"https:\\\/\\\/diarioellabrador.cl\\\/\"},{\"@type\":\"ListItem\",\"position\":2,\"name\":\"Vacunaci\u00f3n contra la Influenza este mi\u00e9rcoles en Plaza de Lonqu\u00e9n\"}]},{\"@type\":\"WebSite\",\"@id\":\"https:\\\/\\\/diarioellabrador.cl\\\/#website\",\"url\":\"https:\\\/\\\/diarioellabrador.cl\\\/\",\"name\":\"Diario El Labrador\",\"description\":\"Haciendo noticia desde 1921\",\"publisher\":{\"@id\":\"https:\\\/\\\/diarioellabrador.cl\\\/#organization\"},\"potentialAction\":[{\"@type\":\"SearchAction\",\"target\":{\"@type\":\"EntryPoint\",\"urlTemplate\":\"https:\\\/\\\/diarioellabrador.cl\\\/?s={search_term_string}\"},\"query-input\":{\"@type\":\"PropertyValueSpecification\",\"valueRequired\":true,\"valueName\":\"search_term_string\"}}],\"inLanguage\":\"es\"},{\"@type\":\"Organization\",\"@id\":\"https:\\\/\\\/diarioellabrador.cl\\\/#organization\",\"name\":\"Diario El Labrador\",\"url\":\"https:\\\/\\\/diarioellabrador.cl\\\/\",\"logo\":{\"@type\":\"ImageObject\",\"inLanguage\":\"es\",\"@id\":\"https:\\\/\\\/diarioellabrador.cl\\\/#\\\/schema\\\/logo\\\/image\\\/\",\"url\":\"https:\\\/\\\/diarioellabrador.cl\\\/wp-content\\\/uploads\\\/2025\\\/02\\\/cropped-Logo-Icono.png\",\"contentUrl\":\"https:\\\/\\\/diarioellabrador.cl\\\/wp-content\\\/uploads\\\/2025\\\/02\\\/cropped-Logo-Icono.png\",\"width\":512,\"height\":512,\"caption\":\"Diario El Labrador\"},\"image\":{\"@id\":\"https:\\\/\\\/diarioellabrador.cl\\\/#\\\/schema\\\/logo\\\/image\\\/\"},\"sameAs\":[\"https:\\\/\\\/web.facebook.com\\\/profile.php?id=61576120840621\",\"https:\\\/\\\/x.com\\\/ElLabradorOf\",\"https:\\\/\\\/www.instagram.com\\\/diarioellabradoroficial\\\/\"]},{\"@type\":\"Person\",\"@id\":\"https:\\\/\\\/diarioellabrador.cl\\\/#\\\/schema\\\/person\\\/bc25ff80b4563f9c7f4bd7855df01685\",\"name\":\"Editor\",\"image\":{\"@type\":\"ImageObject\",\"inLanguage\":\"es\",\"@id\":\"https:\\\/\\\/secure.gravatar.com\\\/avatar\\\/109c326cf2be5c04f048c2c2a2b8b6ef44bf3d8d1d3d4c55d0ac40c4bc994684?s=96&d=mm&r=g\",\"url\":\"https:\\\/\\\/secure.gravatar.com\\\/avatar\\\/109c326cf2be5c04f048c2c2a2b8b6ef44bf3d8d1d3d4c55d0ac40c4bc994684?s=96&d=mm&r=g\",\"contentUrl\":\"https:\\\/\\\/secure.gravatar.com\\\/avatar\\\/109c326cf2be5c04f048c2c2a2b8b6ef44bf3d8d1d3d4c55d0ac40c4bc994684?s=96&d=mm&r=g\",\"caption\":\"Editor\"},\"url\":\"https:\\\/\\\/diarioellabrador.cl\\\/index.php\\\/author\\\/editor\\\/\"}]}<\/script>\n<!-- \/ Yoast SEO plugin. -->","yoast_head_json":{"title":"Vacunaci\u00f3n contra la Influenza este mi\u00e9rcoles en Plaza de Lonqu\u00e9n - Diario El Labrador","robots":{"index":"index","follow":"follow","max-snippet":"max-snippet:-1","max-image-preview":"max-image-preview:large","max-video-preview":"max-video-preview:-1"},"canonical":"https:\/\/diarioellabrador.cl\/index.php\/2026\/03\/17\/vacunacion-contra-la-influenza-este-miercoles-en-plaza-de-lonquen\/","og_locale":"es_ES","og_type":"article","og_title":"Vacunaci\u00f3n contra la Influenza este mi\u00e9rcoles en Plaza de Lonqu\u00e9n - Diario El Labrador","og_description":"En el marco de la campa\u00f1a nacional de vacunaci\u00f3n contra la Influenza, desde el Departamento de Salud de Talagante informaron que hoy mi\u00e9rcoles, la cl\u00ednica m\u00f3vil del CESFAM local, realizar\u00e1 un operativo abierto a la comunidad. Podr\u00e1n acceder los grupos prioritarios, entre ellos, adultos mayores desde los 60 a\u00f1os en adelante. Ni\u00f1os menores a 5 Leer m\u00e1s","og_url":"https:\/\/diarioellabrador.cl\/index.php\/2026\/03\/17\/vacunacion-contra-la-influenza-este-miercoles-en-plaza-de-lonquen\/","og_site_name":"Diario El Labrador","article_publisher":"https:\/\/web.facebook.com\/profile.php?id=61576120840621","article_published_time":"2026-03-17T22:10:43+00:00","article_modified_time":"2026-03-17T22:10:45+00:00","og_image":[{"width":1080,"height":843,"url":"https:\/\/diarioellabrador.cl\/wp-content\/uploads\/2026\/03\/Vacunacion-contra-la-Influenza-este-miercoles-en-Plaza-de-Lonquen.jpg","type":"image\/jpeg"}],"author":"Editor","twitter_card":"summary_large_image","twitter_creator":"@ElLabradorOf","twitter_site":"@ElLabradorOf","twitter_misc":{"Escrito por":"Editor","Tiempo de lectura":"1 minuto"},"schema":{"@context":"https:\/\/schema.org","@graph":[{"@type":"Article","@id":"https:\/\/diarioellabrador.cl\/index.php\/2026\/03\/17\/vacunacion-contra-la-influenza-este-miercoles-en-plaza-de-lonquen\/#article","isPartOf":{"@id":"https:\/\/diarioellabrador.cl\/index.php\/2026\/03\/17\/vacunacion-contra-la-influenza-este-miercoles-en-plaza-de-lonquen\/"},"author":{"name":"Editor","@id":"https:\/\/diarioellabrador.cl\/#\/schema\/person\/bc25ff80b4563f9c7f4bd7855df01685"},"headline":"Vacunaci\u00f3n contra la Influenza este mi\u00e9rcoles en Plaza de Lonqu\u00e9n","datePublished":"2026-03-17T22:10:43+00:00","dateModified":"2026-03-17T22:10:45+00:00","mainEntityOfPage":{"@id":"https:\/\/diarioellabrador.cl\/index.php\/2026\/03\/17\/vacunacion-contra-la-influenza-este-miercoles-en-plaza-de-lonquen\/"},"wordCount":107,"commentCount":0,"publisher":{"@id":"https:\/\/diarioellabrador.cl\/#organization"},"image":{"@id":"https:\/\/diarioellabrador.cl\/index.php\/2026\/03\/17\/vacunacion-contra-la-influenza-este-miercoles-en-plaza-de-lonquen\/#primaryimage"},"thumbnailUrl":"https:\/\/diarioellabrador.cl\/wp-content\/uploads\/2026\/03\/Vacunacion-contra-la-Influenza-este-miercoles-en-Plaza-de-Lonquen.jpg","articleSection":["Cr\u00f3nica"],"inLanguage":"es","potentialAction":[{"@type":"CommentAction","name":"Comment","target":["https:\/\/diarioellabrador.cl\/index.php\/2026\/03\/17\/vacunacion-contra-la-influenza-este-miercoles-en-plaza-de-lonquen\/#respond"]}]},{"@type":"WebPage","@id":"https:\/\/diarioellabrador.cl\/index.php\/2026\/03\/17\/vacunacion-contra-la-influenza-este-miercoles-en-plaza-de-lonquen\/","url":"https:\/\/diarioellabrador.cl\/index.php\/2026\/03\/17\/vacunacion-contra-la-influenza-este-miercoles-en-plaza-de-lonquen\/","name":"Vacunaci\u00f3n contra la Influenza este mi\u00e9rcoles en Plaza de Lonqu\u00e9n - Diario El Labrador","isPartOf":{"@id":"https:\/\/diarioellabrador.cl\/#website"},"primaryImageOfPage":{"@id":"https:\/\/diarioellabrador.cl\/index.php\/2026\/03\/17\/vacunacion-contra-la-influenza-este-miercoles-en-plaza-de-lonquen\/#primaryimage"},"image":{"@id":"https:\/\/diarioellabrador.cl\/index.php\/2026\/03\/17\/vacunacion-contra-la-influenza-este-miercoles-en-plaza-de-lonquen\/#primaryimage"},"thumbnailUrl":"https:\/\/diarioellabrador.cl\/wp-content\/uploads\/2026\/03\/Vacunacion-contra-la-Influenza-este-miercoles-en-Plaza-de-Lonquen.jpg","datePublished":"2026-03-17T22:10:43+00:00","dateModified":"2026-03-17T22:10:45+00:00","breadcrumb":{"@id":"https:\/\/diarioellabrador.cl\/index.php\/2026\/03\/17\/vacunacion-contra-la-influenza-este-miercoles-en-plaza-de-lonquen\/#breadcrumb"},"inLanguage":"es","potentialAction":[{"@type":"ReadAction","target":["https:\/\/diarioellabrador.cl\/index.php\/2026\/03\/17\/vacunacion-contra-la-influenza-este-miercoles-en-plaza-de-lonquen\/"]}]},{"@type":"ImageObject","inLanguage":"es","@id":"https:\/\/diarioellabrador.cl\/index.php\/2026\/03\/17\/vacunacion-contra-la-influenza-este-miercoles-en-plaza-de-lonquen\/#primaryimage","url":"https:\/\/diarioellabrador.cl\/wp-content\/uploads\/2026\/03\/Vacunacion-contra-la-Influenza-este-miercoles-en-Plaza-de-Lonquen.jpg","contentUrl":"https:\/\/diarioellabrador.cl\/wp-content\/uploads\/2026\/03\/Vacunacion-contra-la-Influenza-este-miercoles-en-Plaza-de-Lonquen.jpg","width":1080,"height":843},{"@type":"BreadcrumbList","@id":"https:\/\/diarioellabrador.cl\/index.php\/2026\/03\/17\/vacunacion-contra-la-influenza-este-miercoles-en-plaza-de-lonquen\/#breadcrumb","itemListElement":[{"@type":"ListItem","position":1,"name":"Portada","item":"https:\/\/diarioellabrador.cl\/"},{"@type":"ListItem","position":2,"name":"Vacunaci\u00f3n contra la Influenza este mi\u00e9rcoles en Plaza de Lonqu\u00e9n"}]},{"@type":"WebSite","@id":"https:\/\/diarioellabrador.cl\/#website","url":"https:\/\/diarioellabrador.cl\/","name":"Diario El Labrador","description":"Haciendo noticia desde 1921","publisher":{"@id":"https:\/\/diarioellabrador.cl\/#organization"},"potentialAction":[{"@type":"SearchAction","target":{"@type":"EntryPoint","urlTemplate":"https:\/\/diarioellabrador.cl\/?s={search_term_string}"},"query-input":{"@type":"PropertyValueSpecification","valueRequired":true,"valueName":"search_term_string"}}],"inLanguage":"es"},{"@type":"Organization","@id":"https:\/\/diarioellabrador.cl\/#organization","name":"Diario El Labrador","url":"https:\/\/diarioellabrador.cl\/","logo":{"@type":"ImageObject","inLanguage":"es","@id":"https:\/\/diarioellabrador.cl\/#\/schema\/logo\/image\/","url":"https:\/\/diarioellabrador.cl\/wp-content\/uploads\/2025\/02\/cropped-Logo-Icono.png","contentUrl":"https:\/\/diarioellabrador.cl\/wp-content\/uploads\/2025\/02\/cropped-Logo-Icono.png","width":512,"height":512,"caption":"Diario El Labrador"},"image":{"@id":"https:\/\/diarioellabrador.cl\/#\/schema\/logo\/image\/"},"sameAs":["https:\/\/web.facebook.com\/profile.php?id=61576120840621","https:\/\/x.com\/ElLabradorOf","https:\/\/www.instagram.com\/diarioellabradoroficial\/"]},{"@type":"Person","@id":"https:\/\/diarioellabrador.cl\/#\/schema\/person\/bc25ff80b4563f9c7f4bd7855df01685","name":"Editor","image":{"@type":"ImageObject","inLanguage":"es","@id":"https:\/\/secure.gravatar.com\/avatar\/109c326cf2be5c04f048c2c2a2b8b6ef44bf3d8d1d3d4c55d0ac40c4bc994684?s=96&d=mm&r=g","url":"https:\/\/secure.gravatar.com\/avatar\/109c326cf2be5c04f048c2c2a2b8b6ef44bf3d8d1d3d4c55d0ac40c4bc994684?s=96&d=mm&r=g","contentUrl":"https:\/\/secure.gravatar.com\/avatar\/109c326cf2be5c04f048c2c2a2b8b6ef44bf3d8d1d3d4c55d0ac40c4bc994684?s=96&d=mm&r=g","caption":"Editor"},"url":"https:\/\/diarioellabrador.cl\/index.php\/author\/editor\/"}]}},"_links":{"self":[{"href":"https:\/\/diarioellabrador.cl\/index.php\/wp-json\/wp\/v2\/posts\/16752","targetHints":{"allow":["GET"]}}],"collection":[{"href":"https:\/\/diarioellabrador.cl\/index.php\/wp-json\/wp\/v2\/posts"}],"about":[{"href":"https:\/\/diarioellabrador.cl\/index.php\/wp-json\/wp\/v2\/types\/post"}],"author":[{"embeddable":true,"href":"https:\/\/diarioellabrador.cl\/index.php\/wp-json\/wp\/v2\/users\/2"}],"replies":[{"embeddable":true,"href":"https:\/\/diarioellabrador.cl\/index.php\/wp-json\/wp\/v2\/comments?post=16752"}],"version-history":[{"count":1,"href":"https:\/\/diarioellabrador.cl\/index.php\/wp-json\/wp\/v2\/posts\/16752\/revisions"}],"predecessor-version":[{"id":16753,"href":"https:\/\/diarioellabrador.cl\/index.php\/wp-json\/wp\/v2\/posts\/16752\/revisions\/16753"}],"wp:featuredmedia":[{"embeddable":true,"href":"https:\/\/diarioellabrador.cl\/index.php\/wp-json\/wp\/v2\/media\/16706"}],"wp:attachment":[{"href":"https:\/\/diarioellabrador.cl\/index.php\/wp-json\/wp\/v2\/media?parent=16752"}],"wp:term":[{"taxonomy":"category","embeddable":true,"href":"https:\/\/diarioellabrador.cl\/index.php\/wp-json\/wp\/v2\/categories?post=16752"},{"taxonomy":"post_tag","embeddable":true,"href":"https:\/\/diarioellabrador.cl\/index.php\/wp-json\/wp\/v2\/tags?post=16752"}],"curies":[{"name":"wp","href":"https:\/\/api.w.org\/{rel}","templated":true}]}}