{"id":16750,"date":"2026-03-17T18:10:17","date_gmt":"2026-03-17T22:10:17","guid":{"rendered":"https:\/\/diarioellabrador.cl\/?p=16750"},"modified":"2026-03-17T18:10:18","modified_gmt":"2026-03-17T22:10:18","slug":"caso-rojas-vade-sale-de-la-uci-y-podria-declarar-ante-la-pdi","status":"publish","type":"post","link":"https:\/\/diarioellabrador.cl\/index.php\/2026\/03\/17\/caso-rojas-vade-sale-de-la-uci-y-podria-declarar-ante-la-pdi\/","title":{"rendered":"Caso Rojas Vade: sale de la UCI y podr\u00eda declarar ante la PDI"},"content":{"rendered":"\n<p>Por Carlos Silva S<\/p>\n\n\n\n<p>Una nueva declaraci\u00f3n ante la PDI podr\u00eda estar sujeto en las pr\u00f3ximas horas, Rodrigo Rojas Vade, exconvencional que el pasado mi\u00e9rcoles apareci\u00f3 herido y con consignas pol\u00edticas en la caletera de la ruta 78 en Melipilla, permaneciendo en riesgo vital debido a su delicado estado de salud.<\/p>\n\n\n\n<p>Luego de ser atendido en el Hospital de Melipilla, fue trasladado de urgencia al San Juan de Dios, recinto donde su condici\u00f3n mejor\u00f3 con el correr de las horas, declarando en una primera instancia, que no se acordaba de nada de los hechos acontecidos durante la noche del pasado 11 de marzo.<\/p>\n\n\n\n<p>Tras superar el riesgo vital y estar en coma inducido, Rojas Vade fue trasladado desde la Unidad de Cuidados Intensivos a una unidad de cuidados intermedios, raz\u00f3n por la cual se espera que sea sometido a un nuevo interrogatorio por lo sucedido, ya que la investigaci\u00f3n a\u00fan no arroja personas detenidas, y varios de los elementos utilizados en el presunto ataque, fueron encontrados en su auto y vivienda en Pomaire, lo que abri\u00f3 una arista de que podr\u00eda tratarse de un autoataque.<\/p>\n\n\n\n<p>\u201cEl paciente se mantiene bajo supervisi\u00f3n m\u00e9dica permanente, con controles cl\u00ednicos peri\u00f3dicos y con el apoyo del equipo multidisciplinario del establecimiento\u201d, se\u00f1alaron desde el Hospital.<\/p>\n","protected":false},"excerpt":{"rendered":"<p>Por Carlos Silva S Una nueva declaraci\u00f3n ante la PDI podr\u00eda estar sujeto en las pr\u00f3ximas horas, Rodrigo Rojas Vade, exconvencional que el pasado mi\u00e9rcoles apareci\u00f3 herido y con consignas pol\u00edticas en la caletera de la ruta 78 en Melipilla, permaneciendo en riesgo vital debido a su delicado estado de salud. Luego de ser atendido<\/p>\n<div class=\"read-more-wrapper\"><a class=\"read-more\" href=\"https:\/\/diarioellabrador.cl\/index.php\/2026\/03\/17\/caso-rojas-vade-sale-de-la-uci-y-podria-declarar-ante-la-pdi\/\" title=\"Leer m\u00e1s\"> <span class=\"button \">Leer m\u00e1s<\/span><\/a><\/div>\n","protected":false},"author":2,"featured_media":16713,"comment_status":"open","ping_status":"open","sticky":false,"template":"","format":"standard","meta":{"footnotes":""},"categories":[1],"tags":[],"class_list":["post-16750","post","type-post","status-publish","format-standard","has-post-thumbnail","hentry","category-cronica"],"yoast_head":"<!-- This site is optimized with the Yoast SEO plugin v27.5 - https:\/\/yoast.com\/product\/yoast-seo-wordpress\/ -->\n<title>Caso Rojas Vade: sale de la UCI y podr\u00eda declarar ante la PDI - Diario El Labrador<\/title>\n<meta name=\"robots\" content=\"index, follow, max-snippet:-1, max-image-preview:large, max-video-preview:-1\" \/>\n<link rel=\"canonical\" href=\"https:\/\/diarioellabrador.cl\/index.php\/2026\/03\/17\/caso-rojas-vade-sale-de-la-uci-y-podria-declarar-ante-la-pdi\/\" \/>\n<meta property=\"og:locale\" content=\"es_ES\" \/>\n<meta property=\"og:type\" content=\"article\" \/>\n<meta property=\"og:title\" content=\"Caso Rojas Vade: sale de la UCI y podr\u00eda declarar ante la PDI - Diario El Labrador\" \/>\n<meta property=\"og:description\" content=\"Por Carlos Silva S Una nueva declaraci\u00f3n ante la PDI podr\u00eda estar sujeto en las pr\u00f3ximas horas, Rodrigo Rojas Vade, exconvencional que el pasado mi\u00e9rcoles apareci\u00f3 herido y con consignas pol\u00edticas en la caletera de la ruta 78 en Melipilla, permaneciendo en riesgo vital debido a su delicado estado de salud. Luego de ser atendido Leer m\u00e1s\" \/>\n<meta property=\"og:url\" content=\"https:\/\/diarioellabrador.cl\/index.php\/2026\/03\/17\/caso-rojas-vade-sale-de-la-uci-y-podria-declarar-ante-la-pdi\/\" \/>\n<meta property=\"og:site_name\" content=\"Diario El Labrador\" \/>\n<meta property=\"article:publisher\" content=\"https:\/\/web.facebook.com\/profile.php?id=61576120840621\" \/>\n<meta property=\"article:published_time\" content=\"2026-03-17T22:10:17+00:00\" \/>\n<meta property=\"article:modified_time\" content=\"2026-03-17T22:10:18+00:00\" \/>\n<meta property=\"og:image\" content=\"https:\/\/diarioellabrador.cl\/wp-content\/uploads\/2026\/03\/Caso-Rojas-Vade-sale-de-la-UCI-y-podria-declarar-ante-la-PDI.jpg\" \/>\n\t<meta property=\"og:image:width\" content=\"1200\" \/>\n\t<meta property=\"og:image:height\" content=\"575\" \/>\n\t<meta property=\"og:image:type\" content=\"image\/jpeg\" \/>\n<meta name=\"author\" content=\"Editor\" \/>\n<meta name=\"twitter:card\" content=\"summary_large_image\" \/>\n<meta name=\"twitter:creator\" content=\"@ElLabradorOf\" \/>\n<meta name=\"twitter:site\" content=\"@ElLabradorOf\" \/>\n<meta name=\"twitter:label1\" content=\"Escrito por\" \/>\n\t<meta name=\"twitter:data1\" content=\"Editor\" \/>\n\t<meta name=\"twitter:label2\" content=\"Tiempo de lectura\" \/>\n\t<meta name=\"twitter:data2\" content=\"2 minutos\" \/>\n<script type=\"application\/ld+json\" class=\"yoast-schema-graph\">{\"@context\":\"https:\\\/\\\/schema.org\",\"@graph\":[{\"@type\":\"Article\",\"@id\":\"https:\\\/\\\/diarioellabrador.cl\\\/index.php\\\/2026\\\/03\\\/17\\\/caso-rojas-vade-sale-de-la-uci-y-podria-declarar-ante-la-pdi\\\/#article\",\"isPartOf\":{\"@id\":\"https:\\\/\\\/diarioellabrador.cl\\\/index.php\\\/2026\\\/03\\\/17\\\/caso-rojas-vade-sale-de-la-uci-y-podria-declarar-ante-la-pdi\\\/\"},\"author\":{\"name\":\"Editor\",\"@id\":\"https:\\\/\\\/diarioellabrador.cl\\\/#\\\/schema\\\/person\\\/bc25ff80b4563f9c7f4bd7855df01685\"},\"headline\":\"Caso Rojas Vade: sale de la UCI y podr\u00eda declarar ante la PDI\",\"datePublished\":\"2026-03-17T22:10:17+00:00\",\"dateModified\":\"2026-03-17T22:10:18+00:00\",\"mainEntityOfPage\":{\"@id\":\"https:\\\/\\\/diarioellabrador.cl\\\/index.php\\\/2026\\\/03\\\/17\\\/caso-rojas-vade-sale-de-la-uci-y-podria-declarar-ante-la-pdi\\\/\"},\"wordCount\":237,\"commentCount\":0,\"publisher\":{\"@id\":\"https:\\\/\\\/diarioellabrador.cl\\\/#organization\"},\"image\":{\"@id\":\"https:\\\/\\\/diarioellabrador.cl\\\/index.php\\\/2026\\\/03\\\/17\\\/caso-rojas-vade-sale-de-la-uci-y-podria-declarar-ante-la-pdi\\\/#primaryimage\"},\"thumbnailUrl\":\"https:\\\/\\\/diarioellabrador.cl\\\/wp-content\\\/uploads\\\/2026\\\/03\\\/Caso-Rojas-Vade-sale-de-la-UCI-y-podria-declarar-ante-la-PDI.jpg\",\"articleSection\":[\"Cr\u00f3nica\"],\"inLanguage\":\"es\",\"potentialAction\":[{\"@type\":\"CommentAction\",\"name\":\"Comment\",\"target\":[\"https:\\\/\\\/diarioellabrador.cl\\\/index.php\\\/2026\\\/03\\\/17\\\/caso-rojas-vade-sale-de-la-uci-y-podria-declarar-ante-la-pdi\\\/#respond\"]}]},{\"@type\":\"WebPage\",\"@id\":\"https:\\\/\\\/diarioellabrador.cl\\\/index.php\\\/2026\\\/03\\\/17\\\/caso-rojas-vade-sale-de-la-uci-y-podria-declarar-ante-la-pdi\\\/\",\"url\":\"https:\\\/\\\/diarioellabrador.cl\\\/index.php\\\/2026\\\/03\\\/17\\\/caso-rojas-vade-sale-de-la-uci-y-podria-declarar-ante-la-pdi\\\/\",\"name\":\"Caso Rojas Vade: sale de la UCI y podr\u00eda declarar ante la PDI - Diario El Labrador\",\"isPartOf\":{\"@id\":\"https:\\\/\\\/diarioellabrador.cl\\\/#website\"},\"primaryImageOfPage\":{\"@id\":\"https:\\\/\\\/diarioellabrador.cl\\\/index.php\\\/2026\\\/03\\\/17\\\/caso-rojas-vade-sale-de-la-uci-y-podria-declarar-ante-la-pdi\\\/#primaryimage\"},\"image\":{\"@id\":\"https:\\\/\\\/diarioellabrador.cl\\\/index.php\\\/2026\\\/03\\\/17\\\/caso-rojas-vade-sale-de-la-uci-y-podria-declarar-ante-la-pdi\\\/#primaryimage\"},\"thumbnailUrl\":\"https:\\\/\\\/diarioellabrador.cl\\\/wp-content\\\/uploads\\\/2026\\\/03\\\/Caso-Rojas-Vade-sale-de-la-UCI-y-podria-declarar-ante-la-PDI.jpg\",\"datePublished\":\"2026-03-17T22:10:17+00:00\",\"dateModified\":\"2026-03-17T22:10:18+00:00\",\"breadcrumb\":{\"@id\":\"https:\\\/\\\/diarioellabrador.cl\\\/index.php\\\/2026\\\/03\\\/17\\\/caso-rojas-vade-sale-de-la-uci-y-podria-declarar-ante-la-pdi\\\/#breadcrumb\"},\"inLanguage\":\"es\",\"potentialAction\":[{\"@type\":\"ReadAction\",\"target\":[\"https:\\\/\\\/diarioellabrador.cl\\\/index.php\\\/2026\\\/03\\\/17\\\/caso-rojas-vade-sale-de-la-uci-y-podria-declarar-ante-la-pdi\\\/\"]}]},{\"@type\":\"ImageObject\",\"inLanguage\":\"es\",\"@id\":\"https:\\\/\\\/diarioellabrador.cl\\\/index.php\\\/2026\\\/03\\\/17\\\/caso-rojas-vade-sale-de-la-uci-y-podria-declarar-ante-la-pdi\\\/#primaryimage\",\"url\":\"https:\\\/\\\/diarioellabrador.cl\\\/wp-content\\\/uploads\\\/2026\\\/03\\\/Caso-Rojas-Vade-sale-de-la-UCI-y-podria-declarar-ante-la-PDI.jpg\",\"contentUrl\":\"https:\\\/\\\/diarioellabrador.cl\\\/wp-content\\\/uploads\\\/2026\\\/03\\\/Caso-Rojas-Vade-sale-de-la-UCI-y-podria-declarar-ante-la-PDI.jpg\",\"width\":1200,\"height\":575},{\"@type\":\"BreadcrumbList\",\"@id\":\"https:\\\/\\\/diarioellabrador.cl\\\/index.php\\\/2026\\\/03\\\/17\\\/caso-rojas-vade-sale-de-la-uci-y-podria-declarar-ante-la-pdi\\\/#breadcrumb\",\"itemListElement\":[{\"@type\":\"ListItem\",\"position\":1,\"name\":\"Portada\",\"item\":\"https:\\\/\\\/diarioellabrador.cl\\\/\"},{\"@type\":\"ListItem\",\"position\":2,\"name\":\"Caso Rojas Vade: sale de la UCI y podr\u00eda declarar ante la PDI\"}]},{\"@type\":\"WebSite\",\"@id\":\"https:\\\/\\\/diarioellabrador.cl\\\/#website\",\"url\":\"https:\\\/\\\/diarioellabrador.cl\\\/\",\"name\":\"Diario El Labrador\",\"description\":\"Haciendo noticia desde 1921\",\"publisher\":{\"@id\":\"https:\\\/\\\/diarioellabrador.cl\\\/#organization\"},\"potentialAction\":[{\"@type\":\"SearchAction\",\"target\":{\"@type\":\"EntryPoint\",\"urlTemplate\":\"https:\\\/\\\/diarioellabrador.cl\\\/?s={search_term_string}\"},\"query-input\":{\"@type\":\"PropertyValueSpecification\",\"valueRequired\":true,\"valueName\":\"search_term_string\"}}],\"inLanguage\":\"es\"},{\"@type\":\"Organization\",\"@id\":\"https:\\\/\\\/diarioellabrador.cl\\\/#organization\",\"name\":\"Diario El Labrador\",\"url\":\"https:\\\/\\\/diarioellabrador.cl\\\/\",\"logo\":{\"@type\":\"ImageObject\",\"inLanguage\":\"es\",\"@id\":\"https:\\\/\\\/diarioellabrador.cl\\\/#\\\/schema\\\/logo\\\/image\\\/\",\"url\":\"https:\\\/\\\/diarioellabrador.cl\\\/wp-content\\\/uploads\\\/2025\\\/02\\\/cropped-Logo-Icono.png\",\"contentUrl\":\"https:\\\/\\\/diarioellabrador.cl\\\/wp-content\\\/uploads\\\/2025\\\/02\\\/cropped-Logo-Icono.png\",\"width\":512,\"height\":512,\"caption\":\"Diario El Labrador\"},\"image\":{\"@id\":\"https:\\\/\\\/diarioellabrador.cl\\\/#\\\/schema\\\/logo\\\/image\\\/\"},\"sameAs\":[\"https:\\\/\\\/web.facebook.com\\\/profile.php?id=61576120840621\",\"https:\\\/\\\/x.com\\\/ElLabradorOf\",\"https:\\\/\\\/www.instagram.com\\\/diarioellabradoroficial\\\/\"]},{\"@type\":\"Person\",\"@id\":\"https:\\\/\\\/diarioellabrador.cl\\\/#\\\/schema\\\/person\\\/bc25ff80b4563f9c7f4bd7855df01685\",\"name\":\"Editor\",\"image\":{\"@type\":\"ImageObject\",\"inLanguage\":\"es\",\"@id\":\"https:\\\/\\\/secure.gravatar.com\\\/avatar\\\/109c326cf2be5c04f048c2c2a2b8b6ef44bf3d8d1d3d4c55d0ac40c4bc994684?s=96&d=mm&r=g\",\"url\":\"https:\\\/\\\/secure.gravatar.com\\\/avatar\\\/109c326cf2be5c04f048c2c2a2b8b6ef44bf3d8d1d3d4c55d0ac40c4bc994684?s=96&d=mm&r=g\",\"contentUrl\":\"https:\\\/\\\/secure.gravatar.com\\\/avatar\\\/109c326cf2be5c04f048c2c2a2b8b6ef44bf3d8d1d3d4c55d0ac40c4bc994684?s=96&d=mm&r=g\",\"caption\":\"Editor\"},\"url\":\"https:\\\/\\\/diarioellabrador.cl\\\/index.php\\\/author\\\/editor\\\/\"}]}<\/script>\n<!-- \/ Yoast SEO plugin. -->","yoast_head_json":{"title":"Caso Rojas Vade: sale de la UCI y podr\u00eda declarar ante la PDI - Diario El Labrador","robots":{"index":"index","follow":"follow","max-snippet":"max-snippet:-1","max-image-preview":"max-image-preview:large","max-video-preview":"max-video-preview:-1"},"canonical":"https:\/\/diarioellabrador.cl\/index.php\/2026\/03\/17\/caso-rojas-vade-sale-de-la-uci-y-podria-declarar-ante-la-pdi\/","og_locale":"es_ES","og_type":"article","og_title":"Caso Rojas Vade: sale de la UCI y podr\u00eda declarar ante la PDI - Diario El Labrador","og_description":"Por Carlos Silva S Una nueva declaraci\u00f3n ante la PDI podr\u00eda estar sujeto en las pr\u00f3ximas horas, Rodrigo Rojas Vade, exconvencional que el pasado mi\u00e9rcoles apareci\u00f3 herido y con consignas pol\u00edticas en la caletera de la ruta 78 en Melipilla, permaneciendo en riesgo vital debido a su delicado estado de salud. Luego de ser atendido Leer m\u00e1s","og_url":"https:\/\/diarioellabrador.cl\/index.php\/2026\/03\/17\/caso-rojas-vade-sale-de-la-uci-y-podria-declarar-ante-la-pdi\/","og_site_name":"Diario El Labrador","article_publisher":"https:\/\/web.facebook.com\/profile.php?id=61576120840621","article_published_time":"2026-03-17T22:10:17+00:00","article_modified_time":"2026-03-17T22:10:18+00:00","og_image":[{"width":1200,"height":575,"url":"https:\/\/diarioellabrador.cl\/wp-content\/uploads\/2026\/03\/Caso-Rojas-Vade-sale-de-la-UCI-y-podria-declarar-ante-la-PDI.jpg","type":"image\/jpeg"}],"author":"Editor","twitter_card":"summary_large_image","twitter_creator":"@ElLabradorOf","twitter_site":"@ElLabradorOf","twitter_misc":{"Escrito por":"Editor","Tiempo de lectura":"2 minutos"},"schema":{"@context":"https:\/\/schema.org","@graph":[{"@type":"Article","@id":"https:\/\/diarioellabrador.cl\/index.php\/2026\/03\/17\/caso-rojas-vade-sale-de-la-uci-y-podria-declarar-ante-la-pdi\/#article","isPartOf":{"@id":"https:\/\/diarioellabrador.cl\/index.php\/2026\/03\/17\/caso-rojas-vade-sale-de-la-uci-y-podria-declarar-ante-la-pdi\/"},"author":{"name":"Editor","@id":"https:\/\/diarioellabrador.cl\/#\/schema\/person\/bc25ff80b4563f9c7f4bd7855df01685"},"headline":"Caso Rojas Vade: sale de la UCI y podr\u00eda declarar ante la PDI","datePublished":"2026-03-17T22:10:17+00:00","dateModified":"2026-03-17T22:10:18+00:00","mainEntityOfPage":{"@id":"https:\/\/diarioellabrador.cl\/index.php\/2026\/03\/17\/caso-rojas-vade-sale-de-la-uci-y-podria-declarar-ante-la-pdi\/"},"wordCount":237,"commentCount":0,"publisher":{"@id":"https:\/\/diarioellabrador.cl\/#organization"},"image":{"@id":"https:\/\/diarioellabrador.cl\/index.php\/2026\/03\/17\/caso-rojas-vade-sale-de-la-uci-y-podria-declarar-ante-la-pdi\/#primaryimage"},"thumbnailUrl":"https:\/\/diarioellabrador.cl\/wp-content\/uploads\/2026\/03\/Caso-Rojas-Vade-sale-de-la-UCI-y-podria-declarar-ante-la-PDI.jpg","articleSection":["Cr\u00f3nica"],"inLanguage":"es","potentialAction":[{"@type":"CommentAction","name":"Comment","target":["https:\/\/diarioellabrador.cl\/index.php\/2026\/03\/17\/caso-rojas-vade-sale-de-la-uci-y-podria-declarar-ante-la-pdi\/#respond"]}]},{"@type":"WebPage","@id":"https:\/\/diarioellabrador.cl\/index.php\/2026\/03\/17\/caso-rojas-vade-sale-de-la-uci-y-podria-declarar-ante-la-pdi\/","url":"https:\/\/diarioellabrador.cl\/index.php\/2026\/03\/17\/caso-rojas-vade-sale-de-la-uci-y-podria-declarar-ante-la-pdi\/","name":"Caso Rojas Vade: sale de la UCI y podr\u00eda declarar ante la PDI - Diario El Labrador","isPartOf":{"@id":"https:\/\/diarioellabrador.cl\/#website"},"primaryImageOfPage":{"@id":"https:\/\/diarioellabrador.cl\/index.php\/2026\/03\/17\/caso-rojas-vade-sale-de-la-uci-y-podria-declarar-ante-la-pdi\/#primaryimage"},"image":{"@id":"https:\/\/diarioellabrador.cl\/index.php\/2026\/03\/17\/caso-rojas-vade-sale-de-la-uci-y-podria-declarar-ante-la-pdi\/#primaryimage"},"thumbnailUrl":"https:\/\/diarioellabrador.cl\/wp-content\/uploads\/2026\/03\/Caso-Rojas-Vade-sale-de-la-UCI-y-podria-declarar-ante-la-PDI.jpg","datePublished":"2026-03-17T22:10:17+00:00","dateModified":"2026-03-17T22:10:18+00:00","breadcrumb":{"@id":"https:\/\/diarioellabrador.cl\/index.php\/2026\/03\/17\/caso-rojas-vade-sale-de-la-uci-y-podria-declarar-ante-la-pdi\/#breadcrumb"},"inLanguage":"es","potentialAction":[{"@type":"ReadAction","target":["https:\/\/diarioellabrador.cl\/index.php\/2026\/03\/17\/caso-rojas-vade-sale-de-la-uci-y-podria-declarar-ante-la-pdi\/"]}]},{"@type":"ImageObject","inLanguage":"es","@id":"https:\/\/diarioellabrador.cl\/index.php\/2026\/03\/17\/caso-rojas-vade-sale-de-la-uci-y-podria-declarar-ante-la-pdi\/#primaryimage","url":"https:\/\/diarioellabrador.cl\/wp-content\/uploads\/2026\/03\/Caso-Rojas-Vade-sale-de-la-UCI-y-podria-declarar-ante-la-PDI.jpg","contentUrl":"https:\/\/diarioellabrador.cl\/wp-content\/uploads\/2026\/03\/Caso-Rojas-Vade-sale-de-la-UCI-y-podria-declarar-ante-la-PDI.jpg","width":1200,"height":575},{"@type":"BreadcrumbList","@id":"https:\/\/diarioellabrador.cl\/index.php\/2026\/03\/17\/caso-rojas-vade-sale-de-la-uci-y-podria-declarar-ante-la-pdi\/#breadcrumb","itemListElement":[{"@type":"ListItem","position":1,"name":"Portada","item":"https:\/\/diarioellabrador.cl\/"},{"@type":"ListItem","position":2,"name":"Caso Rojas Vade: sale de la UCI y podr\u00eda declarar ante la PDI"}]},{"@type":"WebSite","@id":"https:\/\/diarioellabrador.cl\/#website","url":"https:\/\/diarioellabrador.cl\/","name":"Diario El Labrador","description":"Haciendo noticia desde 1921","publisher":{"@id":"https:\/\/diarioellabrador.cl\/#organization"},"potentialAction":[{"@type":"SearchAction","target":{"@type":"EntryPoint","urlTemplate":"https:\/\/diarioellabrador.cl\/?s={search_term_string}"},"query-input":{"@type":"PropertyValueSpecification","valueRequired":true,"valueName":"search_term_string"}}],"inLanguage":"es"},{"@type":"Organization","@id":"https:\/\/diarioellabrador.cl\/#organization","name":"Diario El Labrador","url":"https:\/\/diarioellabrador.cl\/","logo":{"@type":"ImageObject","inLanguage":"es","@id":"https:\/\/diarioellabrador.cl\/#\/schema\/logo\/image\/","url":"https:\/\/diarioellabrador.cl\/wp-content\/uploads\/2025\/02\/cropped-Logo-Icono.png","contentUrl":"https:\/\/diarioellabrador.cl\/wp-content\/uploads\/2025\/02\/cropped-Logo-Icono.png","width":512,"height":512,"caption":"Diario El Labrador"},"image":{"@id":"https:\/\/diarioellabrador.cl\/#\/schema\/logo\/image\/"},"sameAs":["https:\/\/web.facebook.com\/profile.php?id=61576120840621","https:\/\/x.com\/ElLabradorOf","https:\/\/www.instagram.com\/diarioellabradoroficial\/"]},{"@type":"Person","@id":"https:\/\/diarioellabrador.cl\/#\/schema\/person\/bc25ff80b4563f9c7f4bd7855df01685","name":"Editor","image":{"@type":"ImageObject","inLanguage":"es","@id":"https:\/\/secure.gravatar.com\/avatar\/109c326cf2be5c04f048c2c2a2b8b6ef44bf3d8d1d3d4c55d0ac40c4bc994684?s=96&d=mm&r=g","url":"https:\/\/secure.gravatar.com\/avatar\/109c326cf2be5c04f048c2c2a2b8b6ef44bf3d8d1d3d4c55d0ac40c4bc994684?s=96&d=mm&r=g","contentUrl":"https:\/\/secure.gravatar.com\/avatar\/109c326cf2be5c04f048c2c2a2b8b6ef44bf3d8d1d3d4c55d0ac40c4bc994684?s=96&d=mm&r=g","caption":"Editor"},"url":"https:\/\/diarioellabrador.cl\/index.php\/author\/editor\/"}]}},"_links":{"self":[{"href":"https:\/\/diarioellabrador.cl\/index.php\/wp-json\/wp\/v2\/posts\/16750","targetHints":{"allow":["GET"]}}],"collection":[{"href":"https:\/\/diarioellabrador.cl\/index.php\/wp-json\/wp\/v2\/posts"}],"about":[{"href":"https:\/\/diarioellabrador.cl\/index.php\/wp-json\/wp\/v2\/types\/post"}],"author":[{"embeddable":true,"href":"https:\/\/diarioellabrador.cl\/index.php\/wp-json\/wp\/v2\/users\/2"}],"replies":[{"embeddable":true,"href":"https:\/\/diarioellabrador.cl\/index.php\/wp-json\/wp\/v2\/comments?post=16750"}],"version-history":[{"count":1,"href":"https:\/\/diarioellabrador.cl\/index.php\/wp-json\/wp\/v2\/posts\/16750\/revisions"}],"predecessor-version":[{"id":16751,"href":"https:\/\/diarioellabrador.cl\/index.php\/wp-json\/wp\/v2\/posts\/16750\/revisions\/16751"}],"wp:featuredmedia":[{"embeddable":true,"href":"https:\/\/diarioellabrador.cl\/index.php\/wp-json\/wp\/v2\/media\/16713"}],"wp:attachment":[{"href":"https:\/\/diarioellabrador.cl\/index.php\/wp-json\/wp\/v2\/media?parent=16750"}],"wp:term":[{"taxonomy":"category","embeddable":true,"href":"https:\/\/diarioellabrador.cl\/index.php\/wp-json\/wp\/v2\/categories?post=16750"},{"taxonomy":"post_tag","embeddable":true,"href":"https:\/\/diarioellabrador.cl\/index.php\/wp-json\/wp\/v2\/tags?post=16750"}],"curies":[{"name":"wp","href":"https:\/\/api.w.org\/{rel}","templated":true}]}}