{"id":16748,"date":"2026-03-17T18:09:11","date_gmt":"2026-03-17T22:09:11","guid":{"rendered":"https:\/\/diarioellabrador.cl\/?p=16748"},"modified":"2026-03-17T18:09:13","modified_gmt":"2026-03-17T22:09:13","slug":"reinauguran-la-casa-de-la-mujer-en-melipilla-la-alcaldesa-y-la-ministra-judith-marin-y-concejales-estuvieron-presentes","status":"publish","type":"post","link":"https:\/\/diarioellabrador.cl\/index.php\/2026\/03\/17\/reinauguran-la-casa-de-la-mujer-en-melipilla-la-alcaldesa-y-la-ministra-judith-marin-y-concejales-estuvieron-presentes\/","title":{"rendered":"Reinauguran la Casa de la Mujer en Melipilla: La alcaldesa y la ministra Judith Mar\u00edn y concejales estuvieron presentes"},"content":{"rendered":"\n<p>Por Johnny Ahumada Sep\u00falveda<\/p>\n\n\n\n<p>Este marzo es una fecha conmemorativa por el Mes de la Mujer, es por eso que organismos como la Municipalidad de Melipilla llev\u00f3 a cabo la ceremonia de reinauguraci\u00f3n de la Casa de la Mujer que fue encabezada por la actual alcaldesa de Melipilla y la ministra de la Mujer y Equidad de G\u00e9nero, Judith Mar\u00edn. Adem\u00e1s de estar acompa\u00f1ada de los concejales como Pamela Acu\u00f1a, Mart\u00edn Salazar y Jos\u00e9 Miguel Bolados. Estas entidades destacan la importancia del uso de este espacio para el desarrollo de las mujeres en la comuna. Recordemos tambi\u00e9n que la ministra Mar\u00edn asumi\u00f3 el cargo el 11 de marzo, dando el comienzo a una nueva era de gobernaci\u00f3n femenina dentro del pa\u00eds.<\/p>\n\n\n\n<p>La Casa de la Mujer est\u00e1n ubicadas en calle Ort\u00fazar N\u00b0325, en pleno centro de la ciudad, volviendo al lugar anterior. Dentro de la instituci\u00f3n se atienden los programas Mujeres Jefas del Hogar, Prevenci\u00f3n de Violencia de G\u00e9nero, de 4 a 7 y Calle, entre otros programas m\u00e1s.<\/p>\n\n\n\n<p>Mujeres Jefas de Hogar: Orientado a mujeres de 18 a 65 a\u00f1os con responsabilidades familiares, promoviendo autonom\u00eda econ\u00f3mica mediante herramientas para empleo o emprendimiento.<\/p>\n\n\n\n<p>Prevenci\u00f3n de Violencia de G\u00e9nero: Incluye atenci\u00f3n psicosocial, jur\u00eddica y duplas de apoyo para v\u00edctimas de violencia intrafamiliar (VIF).<\/p>\n\n\n\n<p>Programa 4 a 7 y Calle: Apoyo a mujeres en situaci\u00f3n de vulnerabilidad callejera.<\/p>\n\n\n\n<p>Recordemos que La Casa de la Mujer tiene como fin el promover el bienestar de la comunidad femenina de Melipilla, con un horario de toda la semana, lunes a viernes: 09:00 a 13:00 horas y, de 15:00 a 17:00 horas en su nuevo emplazamiento en plena Plaza de Armas.<\/p>\n\n\n\n<p>Para poner en contexto, La Casa de la Mujer ha sido un pilar fundamental en la comuna hace a\u00f1os, enfoc\u00e1ndose en la desnaturalizaci\u00f3n de la violencia en contra de las mujeres y articulando las redes de protecci\u00f3n ante ellas.<\/p>\n\n\n\n<p>La Casa de la Mujer reafirma el rol de Melipilla como referente en la promoci\u00f3n de la equidad de g\u00e9nero, visibilizando problem\u00e1ticas clave y ofreciendo herramientas concretas para enfrentar desaf\u00edos cotidianos como la violencia intrafamiliar (VIF).<\/p>\n","protected":false},"excerpt":{"rendered":"<p>Por Johnny Ahumada Sep\u00falveda Este marzo es una fecha conmemorativa por el Mes de la Mujer, es por eso que organismos como la Municipalidad de Melipilla llev\u00f3 a cabo la ceremonia de reinauguraci\u00f3n de la Casa de la Mujer que fue encabezada por la actual alcaldesa de Melipilla y la ministra de la Mujer y<\/p>\n<div class=\"read-more-wrapper\"><a class=\"read-more\" href=\"https:\/\/diarioellabrador.cl\/index.php\/2026\/03\/17\/reinauguran-la-casa-de-la-mujer-en-melipilla-la-alcaldesa-y-la-ministra-judith-marin-y-concejales-estuvieron-presentes\/\" title=\"Leer m\u00e1s\"> <span class=\"button \">Leer m\u00e1s<\/span><\/a><\/div>\n","protected":false},"author":2,"featured_media":16708,"comment_status":"open","ping_status":"open","sticky":false,"template":"","format":"standard","meta":{"footnotes":""},"categories":[1],"tags":[],"class_list":["post-16748","post","type-post","status-publish","format-standard","has-post-thumbnail","hentry","category-cronica"],"yoast_head":"<!-- This site is optimized with the Yoast SEO plugin v27.5 - https:\/\/yoast.com\/product\/yoast-seo-wordpress\/ -->\n<title>Reinauguran la Casa de la Mujer en Melipilla: La alcaldesa y la ministra Judith Mar\u00edn y concejales estuvieron presentes - Diario El Labrador<\/title>\n<meta name=\"robots\" content=\"index, follow, max-snippet:-1, max-image-preview:large, max-video-preview:-1\" \/>\n<link rel=\"canonical\" href=\"https:\/\/diarioellabrador.cl\/index.php\/2026\/03\/17\/reinauguran-la-casa-de-la-mujer-en-melipilla-la-alcaldesa-y-la-ministra-judith-marin-y-concejales-estuvieron-presentes\/\" \/>\n<meta property=\"og:locale\" content=\"es_ES\" \/>\n<meta property=\"og:type\" content=\"article\" \/>\n<meta property=\"og:title\" content=\"Reinauguran la Casa de la Mujer en Melipilla: La alcaldesa y la ministra Judith Mar\u00edn y concejales estuvieron presentes - Diario El Labrador\" \/>\n<meta property=\"og:description\" content=\"Por Johnny Ahumada Sep\u00falveda Este marzo es una fecha conmemorativa por el Mes de la Mujer, es por eso que organismos como la Municipalidad de Melipilla llev\u00f3 a cabo la ceremonia de reinauguraci\u00f3n de la Casa de la Mujer que fue encabezada por la actual alcaldesa de Melipilla y la ministra de la Mujer y Leer m\u00e1s\" \/>\n<meta property=\"og:url\" content=\"https:\/\/diarioellabrador.cl\/index.php\/2026\/03\/17\/reinauguran-la-casa-de-la-mujer-en-melipilla-la-alcaldesa-y-la-ministra-judith-marin-y-concejales-estuvieron-presentes\/\" \/>\n<meta property=\"og:site_name\" content=\"Diario El Labrador\" \/>\n<meta property=\"article:publisher\" content=\"https:\/\/web.facebook.com\/profile.php?id=61576120840621\" \/>\n<meta property=\"article:published_time\" content=\"2026-03-17T22:09:11+00:00\" \/>\n<meta property=\"article:modified_time\" content=\"2026-03-17T22:09:13+00:00\" \/>\n<meta property=\"og:image\" content=\"https:\/\/diarioellabrador.cl\/wp-content\/uploads\/2026\/03\/Reinauguran-la-Casa-de-la-Mujer-en-Melipilla-La-alcaldesa-y-la-ministra-Judith-Marin-y-concejales-estuvieron-presentes.jpeg\" \/>\n\t<meta property=\"og:image:width\" content=\"1600\" \/>\n\t<meta property=\"og:image:height\" content=\"1066\" \/>\n\t<meta property=\"og:image:type\" content=\"image\/jpeg\" \/>\n<meta name=\"author\" content=\"Editor\" \/>\n<meta name=\"twitter:card\" content=\"summary_large_image\" \/>\n<meta name=\"twitter:creator\" content=\"@ElLabradorOf\" \/>\n<meta name=\"twitter:site\" content=\"@ElLabradorOf\" \/>\n<meta name=\"twitter:label1\" content=\"Escrito por\" \/>\n\t<meta name=\"twitter:data1\" content=\"Editor\" \/>\n\t<meta name=\"twitter:label2\" content=\"Tiempo de lectura\" \/>\n\t<meta name=\"twitter:data2\" content=\"2 minutos\" \/>\n<script type=\"application\/ld+json\" class=\"yoast-schema-graph\">{\"@context\":\"https:\\\/\\\/schema.org\",\"@graph\":[{\"@type\":\"Article\",\"@id\":\"https:\\\/\\\/diarioellabrador.cl\\\/index.php\\\/2026\\\/03\\\/17\\\/reinauguran-la-casa-de-la-mujer-en-melipilla-la-alcaldesa-y-la-ministra-judith-marin-y-concejales-estuvieron-presentes\\\/#article\",\"isPartOf\":{\"@id\":\"https:\\\/\\\/diarioellabrador.cl\\\/index.php\\\/2026\\\/03\\\/17\\\/reinauguran-la-casa-de-la-mujer-en-melipilla-la-alcaldesa-y-la-ministra-judith-marin-y-concejales-estuvieron-presentes\\\/\"},\"author\":{\"name\":\"Editor\",\"@id\":\"https:\\\/\\\/diarioellabrador.cl\\\/#\\\/schema\\\/person\\\/bc25ff80b4563f9c7f4bd7855df01685\"},\"headline\":\"Reinauguran la Casa de la Mujer en Melipilla: La alcaldesa y la ministra Judith Mar\u00edn y concejales estuvieron presentes\",\"datePublished\":\"2026-03-17T22:09:11+00:00\",\"dateModified\":\"2026-03-17T22:09:13+00:00\",\"mainEntityOfPage\":{\"@id\":\"https:\\\/\\\/diarioellabrador.cl\\\/index.php\\\/2026\\\/03\\\/17\\\/reinauguran-la-casa-de-la-mujer-en-melipilla-la-alcaldesa-y-la-ministra-judith-marin-y-concejales-estuvieron-presentes\\\/\"},\"wordCount\":394,\"commentCount\":0,\"publisher\":{\"@id\":\"https:\\\/\\\/diarioellabrador.cl\\\/#organization\"},\"image\":{\"@id\":\"https:\\\/\\\/diarioellabrador.cl\\\/index.php\\\/2026\\\/03\\\/17\\\/reinauguran-la-casa-de-la-mujer-en-melipilla-la-alcaldesa-y-la-ministra-judith-marin-y-concejales-estuvieron-presentes\\\/#primaryimage\"},\"thumbnailUrl\":\"https:\\\/\\\/diarioellabrador.cl\\\/wp-content\\\/uploads\\\/2026\\\/03\\\/Reinauguran-la-Casa-de-la-Mujer-en-Melipilla-La-alcaldesa-y-la-ministra-Judith-Marin-y-concejales-estuvieron-presentes.jpeg\",\"articleSection\":[\"Cr\u00f3nica\"],\"inLanguage\":\"es\",\"potentialAction\":[{\"@type\":\"CommentAction\",\"name\":\"Comment\",\"target\":[\"https:\\\/\\\/diarioellabrador.cl\\\/index.php\\\/2026\\\/03\\\/17\\\/reinauguran-la-casa-de-la-mujer-en-melipilla-la-alcaldesa-y-la-ministra-judith-marin-y-concejales-estuvieron-presentes\\\/#respond\"]}]},{\"@type\":\"WebPage\",\"@id\":\"https:\\\/\\\/diarioellabrador.cl\\\/index.php\\\/2026\\\/03\\\/17\\\/reinauguran-la-casa-de-la-mujer-en-melipilla-la-alcaldesa-y-la-ministra-judith-marin-y-concejales-estuvieron-presentes\\\/\",\"url\":\"https:\\\/\\\/diarioellabrador.cl\\\/index.php\\\/2026\\\/03\\\/17\\\/reinauguran-la-casa-de-la-mujer-en-melipilla-la-alcaldesa-y-la-ministra-judith-marin-y-concejales-estuvieron-presentes\\\/\",\"name\":\"Reinauguran la Casa de la Mujer en Melipilla: La alcaldesa y la ministra Judith Mar\u00edn y concejales estuvieron presentes - Diario El Labrador\",\"isPartOf\":{\"@id\":\"https:\\\/\\\/diarioellabrador.cl\\\/#website\"},\"primaryImageOfPage\":{\"@id\":\"https:\\\/\\\/diarioellabrador.cl\\\/index.php\\\/2026\\\/03\\\/17\\\/reinauguran-la-casa-de-la-mujer-en-melipilla-la-alcaldesa-y-la-ministra-judith-marin-y-concejales-estuvieron-presentes\\\/#primaryimage\"},\"image\":{\"@id\":\"https:\\\/\\\/diarioellabrador.cl\\\/index.php\\\/2026\\\/03\\\/17\\\/reinauguran-la-casa-de-la-mujer-en-melipilla-la-alcaldesa-y-la-ministra-judith-marin-y-concejales-estuvieron-presentes\\\/#primaryimage\"},\"thumbnailUrl\":\"https:\\\/\\\/diarioellabrador.cl\\\/wp-content\\\/uploads\\\/2026\\\/03\\\/Reinauguran-la-Casa-de-la-Mujer-en-Melipilla-La-alcaldesa-y-la-ministra-Judith-Marin-y-concejales-estuvieron-presentes.jpeg\",\"datePublished\":\"2026-03-17T22:09:11+00:00\",\"dateModified\":\"2026-03-17T22:09:13+00:00\",\"breadcrumb\":{\"@id\":\"https:\\\/\\\/diarioellabrador.cl\\\/index.php\\\/2026\\\/03\\\/17\\\/reinauguran-la-casa-de-la-mujer-en-melipilla-la-alcaldesa-y-la-ministra-judith-marin-y-concejales-estuvieron-presentes\\\/#breadcrumb\"},\"inLanguage\":\"es\",\"potentialAction\":[{\"@type\":\"ReadAction\",\"target\":[\"https:\\\/\\\/diarioellabrador.cl\\\/index.php\\\/2026\\\/03\\\/17\\\/reinauguran-la-casa-de-la-mujer-en-melipilla-la-alcaldesa-y-la-ministra-judith-marin-y-concejales-estuvieron-presentes\\\/\"]}]},{\"@type\":\"ImageObject\",\"inLanguage\":\"es\",\"@id\":\"https:\\\/\\\/diarioellabrador.cl\\\/index.php\\\/2026\\\/03\\\/17\\\/reinauguran-la-casa-de-la-mujer-en-melipilla-la-alcaldesa-y-la-ministra-judith-marin-y-concejales-estuvieron-presentes\\\/#primaryimage\",\"url\":\"https:\\\/\\\/diarioellabrador.cl\\\/wp-content\\\/uploads\\\/2026\\\/03\\\/Reinauguran-la-Casa-de-la-Mujer-en-Melipilla-La-alcaldesa-y-la-ministra-Judith-Marin-y-concejales-estuvieron-presentes.jpeg\",\"contentUrl\":\"https:\\\/\\\/diarioellabrador.cl\\\/wp-content\\\/uploads\\\/2026\\\/03\\\/Reinauguran-la-Casa-de-la-Mujer-en-Melipilla-La-alcaldesa-y-la-ministra-Judith-Marin-y-concejales-estuvieron-presentes.jpeg\",\"width\":1600,\"height\":1066},{\"@type\":\"BreadcrumbList\",\"@id\":\"https:\\\/\\\/diarioellabrador.cl\\\/index.php\\\/2026\\\/03\\\/17\\\/reinauguran-la-casa-de-la-mujer-en-melipilla-la-alcaldesa-y-la-ministra-judith-marin-y-concejales-estuvieron-presentes\\\/#breadcrumb\",\"itemListElement\":[{\"@type\":\"ListItem\",\"position\":1,\"name\":\"Portada\",\"item\":\"https:\\\/\\\/diarioellabrador.cl\\\/\"},{\"@type\":\"ListItem\",\"position\":2,\"name\":\"Reinauguran la Casa de la Mujer en Melipilla: La alcaldesa y la ministra Judith Mar\u00edn y concejales estuvieron presentes\"}]},{\"@type\":\"WebSite\",\"@id\":\"https:\\\/\\\/diarioellabrador.cl\\\/#website\",\"url\":\"https:\\\/\\\/diarioellabrador.cl\\\/\",\"name\":\"Diario El Labrador\",\"description\":\"Haciendo noticia desde 1921\",\"publisher\":{\"@id\":\"https:\\\/\\\/diarioellabrador.cl\\\/#organization\"},\"potentialAction\":[{\"@type\":\"SearchAction\",\"target\":{\"@type\":\"EntryPoint\",\"urlTemplate\":\"https:\\\/\\\/diarioellabrador.cl\\\/?s={search_term_string}\"},\"query-input\":{\"@type\":\"PropertyValueSpecification\",\"valueRequired\":true,\"valueName\":\"search_term_string\"}}],\"inLanguage\":\"es\"},{\"@type\":\"Organization\",\"@id\":\"https:\\\/\\\/diarioellabrador.cl\\\/#organization\",\"name\":\"Diario El Labrador\",\"url\":\"https:\\\/\\\/diarioellabrador.cl\\\/\",\"logo\":{\"@type\":\"ImageObject\",\"inLanguage\":\"es\",\"@id\":\"https:\\\/\\\/diarioellabrador.cl\\\/#\\\/schema\\\/logo\\\/image\\\/\",\"url\":\"https:\\\/\\\/diarioellabrador.cl\\\/wp-content\\\/uploads\\\/2025\\\/02\\\/cropped-Logo-Icono.png\",\"contentUrl\":\"https:\\\/\\\/diarioellabrador.cl\\\/wp-content\\\/uploads\\\/2025\\\/02\\\/cropped-Logo-Icono.png\",\"width\":512,\"height\":512,\"caption\":\"Diario El Labrador\"},\"image\":{\"@id\":\"https:\\\/\\\/diarioellabrador.cl\\\/#\\\/schema\\\/logo\\\/image\\\/\"},\"sameAs\":[\"https:\\\/\\\/web.facebook.com\\\/profile.php?id=61576120840621\",\"https:\\\/\\\/x.com\\\/ElLabradorOf\",\"https:\\\/\\\/www.instagram.com\\\/diarioellabradoroficial\\\/\"]},{\"@type\":\"Person\",\"@id\":\"https:\\\/\\\/diarioellabrador.cl\\\/#\\\/schema\\\/person\\\/bc25ff80b4563f9c7f4bd7855df01685\",\"name\":\"Editor\",\"image\":{\"@type\":\"ImageObject\",\"inLanguage\":\"es\",\"@id\":\"https:\\\/\\\/secure.gravatar.com\\\/avatar\\\/109c326cf2be5c04f048c2c2a2b8b6ef44bf3d8d1d3d4c55d0ac40c4bc994684?s=96&d=mm&r=g\",\"url\":\"https:\\\/\\\/secure.gravatar.com\\\/avatar\\\/109c326cf2be5c04f048c2c2a2b8b6ef44bf3d8d1d3d4c55d0ac40c4bc994684?s=96&d=mm&r=g\",\"contentUrl\":\"https:\\\/\\\/secure.gravatar.com\\\/avatar\\\/109c326cf2be5c04f048c2c2a2b8b6ef44bf3d8d1d3d4c55d0ac40c4bc994684?s=96&d=mm&r=g\",\"caption\":\"Editor\"},\"url\":\"https:\\\/\\\/diarioellabrador.cl\\\/index.php\\\/author\\\/editor\\\/\"}]}<\/script>\n<!-- \/ Yoast SEO plugin. -->","yoast_head_json":{"title":"Reinauguran la Casa de la Mujer en Melipilla: La alcaldesa y la ministra Judith Mar\u00edn y concejales estuvieron presentes - Diario El Labrador","robots":{"index":"index","follow":"follow","max-snippet":"max-snippet:-1","max-image-preview":"max-image-preview:large","max-video-preview":"max-video-preview:-1"},"canonical":"https:\/\/diarioellabrador.cl\/index.php\/2026\/03\/17\/reinauguran-la-casa-de-la-mujer-en-melipilla-la-alcaldesa-y-la-ministra-judith-marin-y-concejales-estuvieron-presentes\/","og_locale":"es_ES","og_type":"article","og_title":"Reinauguran la Casa de la Mujer en Melipilla: La alcaldesa y la ministra Judith Mar\u00edn y concejales estuvieron presentes - Diario El Labrador","og_description":"Por Johnny Ahumada Sep\u00falveda Este marzo es una fecha conmemorativa por el Mes de la Mujer, es por eso que organismos como la Municipalidad de Melipilla llev\u00f3 a cabo la ceremonia de reinauguraci\u00f3n de la Casa de la Mujer que fue encabezada por la actual alcaldesa de Melipilla y la ministra de la Mujer y Leer m\u00e1s","og_url":"https:\/\/diarioellabrador.cl\/index.php\/2026\/03\/17\/reinauguran-la-casa-de-la-mujer-en-melipilla-la-alcaldesa-y-la-ministra-judith-marin-y-concejales-estuvieron-presentes\/","og_site_name":"Diario El Labrador","article_publisher":"https:\/\/web.facebook.com\/profile.php?id=61576120840621","article_published_time":"2026-03-17T22:09:11+00:00","article_modified_time":"2026-03-17T22:09:13+00:00","og_image":[{"width":1600,"height":1066,"url":"https:\/\/diarioellabrador.cl\/wp-content\/uploads\/2026\/03\/Reinauguran-la-Casa-de-la-Mujer-en-Melipilla-La-alcaldesa-y-la-ministra-Judith-Marin-y-concejales-estuvieron-presentes.jpeg","type":"image\/jpeg"}],"author":"Editor","twitter_card":"summary_large_image","twitter_creator":"@ElLabradorOf","twitter_site":"@ElLabradorOf","twitter_misc":{"Escrito por":"Editor","Tiempo de lectura":"2 minutos"},"schema":{"@context":"https:\/\/schema.org","@graph":[{"@type":"Article","@id":"https:\/\/diarioellabrador.cl\/index.php\/2026\/03\/17\/reinauguran-la-casa-de-la-mujer-en-melipilla-la-alcaldesa-y-la-ministra-judith-marin-y-concejales-estuvieron-presentes\/#article","isPartOf":{"@id":"https:\/\/diarioellabrador.cl\/index.php\/2026\/03\/17\/reinauguran-la-casa-de-la-mujer-en-melipilla-la-alcaldesa-y-la-ministra-judith-marin-y-concejales-estuvieron-presentes\/"},"author":{"name":"Editor","@id":"https:\/\/diarioellabrador.cl\/#\/schema\/person\/bc25ff80b4563f9c7f4bd7855df01685"},"headline":"Reinauguran la Casa de la Mujer en Melipilla: La alcaldesa y la ministra Judith Mar\u00edn y concejales estuvieron presentes","datePublished":"2026-03-17T22:09:11+00:00","dateModified":"2026-03-17T22:09:13+00:00","mainEntityOfPage":{"@id":"https:\/\/diarioellabrador.cl\/index.php\/2026\/03\/17\/reinauguran-la-casa-de-la-mujer-en-melipilla-la-alcaldesa-y-la-ministra-judith-marin-y-concejales-estuvieron-presentes\/"},"wordCount":394,"commentCount":0,"publisher":{"@id":"https:\/\/diarioellabrador.cl\/#organization"},"image":{"@id":"https:\/\/diarioellabrador.cl\/index.php\/2026\/03\/17\/reinauguran-la-casa-de-la-mujer-en-melipilla-la-alcaldesa-y-la-ministra-judith-marin-y-concejales-estuvieron-presentes\/#primaryimage"},"thumbnailUrl":"https:\/\/diarioellabrador.cl\/wp-content\/uploads\/2026\/03\/Reinauguran-la-Casa-de-la-Mujer-en-Melipilla-La-alcaldesa-y-la-ministra-Judith-Marin-y-concejales-estuvieron-presentes.jpeg","articleSection":["Cr\u00f3nica"],"inLanguage":"es","potentialAction":[{"@type":"CommentAction","name":"Comment","target":["https:\/\/diarioellabrador.cl\/index.php\/2026\/03\/17\/reinauguran-la-casa-de-la-mujer-en-melipilla-la-alcaldesa-y-la-ministra-judith-marin-y-concejales-estuvieron-presentes\/#respond"]}]},{"@type":"WebPage","@id":"https:\/\/diarioellabrador.cl\/index.php\/2026\/03\/17\/reinauguran-la-casa-de-la-mujer-en-melipilla-la-alcaldesa-y-la-ministra-judith-marin-y-concejales-estuvieron-presentes\/","url":"https:\/\/diarioellabrador.cl\/index.php\/2026\/03\/17\/reinauguran-la-casa-de-la-mujer-en-melipilla-la-alcaldesa-y-la-ministra-judith-marin-y-concejales-estuvieron-presentes\/","name":"Reinauguran la Casa de la Mujer en Melipilla: La alcaldesa y la ministra Judith Mar\u00edn y concejales estuvieron presentes - Diario El Labrador","isPartOf":{"@id":"https:\/\/diarioellabrador.cl\/#website"},"primaryImageOfPage":{"@id":"https:\/\/diarioellabrador.cl\/index.php\/2026\/03\/17\/reinauguran-la-casa-de-la-mujer-en-melipilla-la-alcaldesa-y-la-ministra-judith-marin-y-concejales-estuvieron-presentes\/#primaryimage"},"image":{"@id":"https:\/\/diarioellabrador.cl\/index.php\/2026\/03\/17\/reinauguran-la-casa-de-la-mujer-en-melipilla-la-alcaldesa-y-la-ministra-judith-marin-y-concejales-estuvieron-presentes\/#primaryimage"},"thumbnailUrl":"https:\/\/diarioellabrador.cl\/wp-content\/uploads\/2026\/03\/Reinauguran-la-Casa-de-la-Mujer-en-Melipilla-La-alcaldesa-y-la-ministra-Judith-Marin-y-concejales-estuvieron-presentes.jpeg","datePublished":"2026-03-17T22:09:11+00:00","dateModified":"2026-03-17T22:09:13+00:00","breadcrumb":{"@id":"https:\/\/diarioellabrador.cl\/index.php\/2026\/03\/17\/reinauguran-la-casa-de-la-mujer-en-melipilla-la-alcaldesa-y-la-ministra-judith-marin-y-concejales-estuvieron-presentes\/#breadcrumb"},"inLanguage":"es","potentialAction":[{"@type":"ReadAction","target":["https:\/\/diarioellabrador.cl\/index.php\/2026\/03\/17\/reinauguran-la-casa-de-la-mujer-en-melipilla-la-alcaldesa-y-la-ministra-judith-marin-y-concejales-estuvieron-presentes\/"]}]},{"@type":"ImageObject","inLanguage":"es","@id":"https:\/\/diarioellabrador.cl\/index.php\/2026\/03\/17\/reinauguran-la-casa-de-la-mujer-en-melipilla-la-alcaldesa-y-la-ministra-judith-marin-y-concejales-estuvieron-presentes\/#primaryimage","url":"https:\/\/diarioellabrador.cl\/wp-content\/uploads\/2026\/03\/Reinauguran-la-Casa-de-la-Mujer-en-Melipilla-La-alcaldesa-y-la-ministra-Judith-Marin-y-concejales-estuvieron-presentes.jpeg","contentUrl":"https:\/\/diarioellabrador.cl\/wp-content\/uploads\/2026\/03\/Reinauguran-la-Casa-de-la-Mujer-en-Melipilla-La-alcaldesa-y-la-ministra-Judith-Marin-y-concejales-estuvieron-presentes.jpeg","width":1600,"height":1066},{"@type":"BreadcrumbList","@id":"https:\/\/diarioellabrador.cl\/index.php\/2026\/03\/17\/reinauguran-la-casa-de-la-mujer-en-melipilla-la-alcaldesa-y-la-ministra-judith-marin-y-concejales-estuvieron-presentes\/#breadcrumb","itemListElement":[{"@type":"ListItem","position":1,"name":"Portada","item":"https:\/\/diarioellabrador.cl\/"},{"@type":"ListItem","position":2,"name":"Reinauguran la Casa de la Mujer en Melipilla: La alcaldesa y la ministra Judith Mar\u00edn y concejales estuvieron presentes"}]},{"@type":"WebSite","@id":"https:\/\/diarioellabrador.cl\/#website","url":"https:\/\/diarioellabrador.cl\/","name":"Diario El Labrador","description":"Haciendo noticia desde 1921","publisher":{"@id":"https:\/\/diarioellabrador.cl\/#organization"},"potentialAction":[{"@type":"SearchAction","target":{"@type":"EntryPoint","urlTemplate":"https:\/\/diarioellabrador.cl\/?s={search_term_string}"},"query-input":{"@type":"PropertyValueSpecification","valueRequired":true,"valueName":"search_term_string"}}],"inLanguage":"es"},{"@type":"Organization","@id":"https:\/\/diarioellabrador.cl\/#organization","name":"Diario El Labrador","url":"https:\/\/diarioellabrador.cl\/","logo":{"@type":"ImageObject","inLanguage":"es","@id":"https:\/\/diarioellabrador.cl\/#\/schema\/logo\/image\/","url":"https:\/\/diarioellabrador.cl\/wp-content\/uploads\/2025\/02\/cropped-Logo-Icono.png","contentUrl":"https:\/\/diarioellabrador.cl\/wp-content\/uploads\/2025\/02\/cropped-Logo-Icono.png","width":512,"height":512,"caption":"Diario El Labrador"},"image":{"@id":"https:\/\/diarioellabrador.cl\/#\/schema\/logo\/image\/"},"sameAs":["https:\/\/web.facebook.com\/profile.php?id=61576120840621","https:\/\/x.com\/ElLabradorOf","https:\/\/www.instagram.com\/diarioellabradoroficial\/"]},{"@type":"Person","@id":"https:\/\/diarioellabrador.cl\/#\/schema\/person\/bc25ff80b4563f9c7f4bd7855df01685","name":"Editor","image":{"@type":"ImageObject","inLanguage":"es","@id":"https:\/\/secure.gravatar.com\/avatar\/109c326cf2be5c04f048c2c2a2b8b6ef44bf3d8d1d3d4c55d0ac40c4bc994684?s=96&d=mm&r=g","url":"https:\/\/secure.gravatar.com\/avatar\/109c326cf2be5c04f048c2c2a2b8b6ef44bf3d8d1d3d4c55d0ac40c4bc994684?s=96&d=mm&r=g","contentUrl":"https:\/\/secure.gravatar.com\/avatar\/109c326cf2be5c04f048c2c2a2b8b6ef44bf3d8d1d3d4c55d0ac40c4bc994684?s=96&d=mm&r=g","caption":"Editor"},"url":"https:\/\/diarioellabrador.cl\/index.php\/author\/editor\/"}]}},"_links":{"self":[{"href":"https:\/\/diarioellabrador.cl\/index.php\/wp-json\/wp\/v2\/posts\/16748","targetHints":{"allow":["GET"]}}],"collection":[{"href":"https:\/\/diarioellabrador.cl\/index.php\/wp-json\/wp\/v2\/posts"}],"about":[{"href":"https:\/\/diarioellabrador.cl\/index.php\/wp-json\/wp\/v2\/types\/post"}],"author":[{"embeddable":true,"href":"https:\/\/diarioellabrador.cl\/index.php\/wp-json\/wp\/v2\/users\/2"}],"replies":[{"embeddable":true,"href":"https:\/\/diarioellabrador.cl\/index.php\/wp-json\/wp\/v2\/comments?post=16748"}],"version-history":[{"count":1,"href":"https:\/\/diarioellabrador.cl\/index.php\/wp-json\/wp\/v2\/posts\/16748\/revisions"}],"predecessor-version":[{"id":16749,"href":"https:\/\/diarioellabrador.cl\/index.php\/wp-json\/wp\/v2\/posts\/16748\/revisions\/16749"}],"wp:featuredmedia":[{"embeddable":true,"href":"https:\/\/diarioellabrador.cl\/index.php\/wp-json\/wp\/v2\/media\/16708"}],"wp:attachment":[{"href":"https:\/\/diarioellabrador.cl\/index.php\/wp-json\/wp\/v2\/media?parent=16748"}],"wp:term":[{"taxonomy":"category","embeddable":true,"href":"https:\/\/diarioellabrador.cl\/index.php\/wp-json\/wp\/v2\/categories?post=16748"},{"taxonomy":"post_tag","embeddable":true,"href":"https:\/\/diarioellabrador.cl\/index.php\/wp-json\/wp\/v2\/tags?post=16748"}],"curies":[{"name":"wp","href":"https:\/\/api.w.org\/{rel}","templated":true}]}}