{"id":16744,"date":"2026-03-17T18:08:05","date_gmt":"2026-03-17T22:08:05","guid":{"rendered":"https:\/\/diarioellabrador.cl\/?p=16744"},"modified":"2026-03-17T18:08:07","modified_gmt":"2026-03-17T22:08:07","slug":"sernac-fiscaliza-a-locales-comerciales-ubicados-en-los-principales-malls-del-pais","status":"publish","type":"post","link":"https:\/\/diarioellabrador.cl\/index.php\/2026\/03\/17\/sernac-fiscaliza-a-locales-comerciales-ubicados-en-los-principales-malls-del-pais\/","title":{"rendered":"SERNAC fiscaliza a locales comerciales ubicados en los principales malls del pa\u00eds"},"content":{"rendered":"\n<p>Con el prop\u00f3sito de revisar si el comercio est\u00e1 respetando los derechos esenciales de los consumidores, el SERNAC est\u00e1 realizando un proceso de fiscalizaci\u00f3n a los locales que funcionan al interior de los principales malls del pa\u00eds.<\/p>\n\n\n\n<p>A trav\u00e9s de esta fiscalizaci\u00f3n, que considera los locales ubicados en centros comerciales de todas las capitales regionales del pa\u00eds, el SERNAC est\u00e1 revisando si informan correctamente en sus vitrinas los precios de los productos, pues es habitual encontrar algunos que no los publican, lo que dificulta a los consumidores la posibilidad de cotizar antes de comprar.<\/p>\n\n\n\n<p>Adicionalmente, los funcionarios del organismo revisar\u00e1n si el comercio informa respecto del derecho a la garant\u00eda legal de los productos nuevos, en caso que presenten defectos de fabricaci\u00f3n, esto es, la devoluci\u00f3n del dinero, el derecho al cambio del producto o su reparaci\u00f3n en forma gratuita. Los proveedores deben informar en sus tiendas que el plazo para ejercer este derecho es de 6 meses, desde la compra o recepci\u00f3n del producto (para compras v\u00eda internet).<\/p>\n\n\n\n<p>Durante este proceso de inspecci\u00f3n, el SERNAC verificar\u00e1 tambi\u00e9n que los locales no realicen limitaciones a los medios de pago que puedan utilizar las personas al momento de comprar un producto, permitiendo siempre poder pagar en efectivo, y si lo estiman conveniente, y de forma adicional, agregar otros medios de pago, como tarjetas de cr\u00e9dito, d\u00e9bito o transferencias.<\/p>\n\n\n\n<p>Asimismo, los funcionarios revisar\u00e1n si los locales cuentan con las condiciones y est\u00e1ndares de seguridad para que las personas no corran riesgo de sufrir alg\u00fan accidente producto de pisos h\u00famedos, estructuras inestables, obst\u00e1culos en el tr\u00e1nsito, entre otros.<\/p>\n\n\n\n<p><br>Finalmente, el organismo revisar\u00e1 si el comercio cumple con la exigencia legal de informar el nombre completo del jefe de local y su domicilio.<\/p>\n\n\n\n<p><strong>Incumplimiento<\/strong><\/p>\n\n\n\n<p>En caso de detectar incumplimientos a alguna de estas disposiciones, el SERNAC puede tomar diversas acciones, por ejemplo, oficiar al local para que ajuste su conducta a lo que establece la Ley del Consumidor.<\/p>\n\n\n\n<p><br>Si el hallazgo es grave, el Servicio podr\u00eda recurrir a la justicia a trav\u00e9s de una denuncia, en cuya instancia el local arriesgar\u00eda una multa que puede llegar hasta las 300 UTM, esto es, casi 21 millones de pesos, por cada infracci\u00f3n.<\/p>\n\n\n\n<p><strong>D\u00f3nde reclamar<\/strong><\/p>\n\n\n\n<p>En caso que los consumidores detecten alg\u00fan incumplimiento a sus derechos, pueden interponer sus reclamos en <a href=\"http:\/\/www.sernac.cl\"><strong>www.sernac.cl<\/strong><\/a> o llamando en forma gratuita al <strong>800 700 100<\/strong>. Si prefieren de forma presencial, pueden acudir a las oficinas del Servicio en cada una de las capitales regionales o incluso en dependencias municipales en caso que el Servicio tenga convenio con dicha municipalidad.<\/p>\n","protected":false},"excerpt":{"rendered":"<p>Con el prop\u00f3sito de revisar si el comercio est\u00e1 respetando los derechos esenciales de los consumidores, el SERNAC est\u00e1 realizando un proceso de fiscalizaci\u00f3n a los locales que funcionan al interior de los principales malls del pa\u00eds. A trav\u00e9s de esta fiscalizaci\u00f3n, que considera los locales ubicados en centros comerciales de todas las capitales regionales<\/p>\n<div class=\"read-more-wrapper\"><a class=\"read-more\" href=\"https:\/\/diarioellabrador.cl\/index.php\/2026\/03\/17\/sernac-fiscaliza-a-locales-comerciales-ubicados-en-los-principales-malls-del-pais\/\" title=\"Leer m\u00e1s\"> <span class=\"button \">Leer m\u00e1s<\/span><\/a><\/div>\n","protected":false},"author":2,"featured_media":16711,"comment_status":"open","ping_status":"open","sticky":false,"template":"","format":"standard","meta":{"footnotes":""},"categories":[1],"tags":[],"class_list":["post-16744","post","type-post","status-publish","format-standard","has-post-thumbnail","hentry","category-cronica"],"yoast_head":"<!-- This site is optimized with the Yoast SEO plugin v27.5 - https:\/\/yoast.com\/product\/yoast-seo-wordpress\/ -->\n<title>SERNAC fiscaliza a locales comerciales ubicados en los principales malls del pa\u00eds - Diario El Labrador<\/title>\n<meta name=\"robots\" content=\"index, follow, max-snippet:-1, max-image-preview:large, max-video-preview:-1\" \/>\n<link rel=\"canonical\" href=\"https:\/\/diarioellabrador.cl\/index.php\/2026\/03\/17\/sernac-fiscaliza-a-locales-comerciales-ubicados-en-los-principales-malls-del-pais\/\" \/>\n<meta property=\"og:locale\" content=\"es_ES\" \/>\n<meta property=\"og:type\" content=\"article\" \/>\n<meta property=\"og:title\" content=\"SERNAC fiscaliza a locales comerciales ubicados en los principales malls del pa\u00eds - Diario El Labrador\" \/>\n<meta property=\"og:description\" content=\"Con el prop\u00f3sito de revisar si el comercio est\u00e1 respetando los derechos esenciales de los consumidores, el SERNAC est\u00e1 realizando un proceso de fiscalizaci\u00f3n a los locales que funcionan al interior de los principales malls del pa\u00eds. A trav\u00e9s de esta fiscalizaci\u00f3n, que considera los locales ubicados en centros comerciales de todas las capitales regionales Leer m\u00e1s\" \/>\n<meta property=\"og:url\" content=\"https:\/\/diarioellabrador.cl\/index.php\/2026\/03\/17\/sernac-fiscaliza-a-locales-comerciales-ubicados-en-los-principales-malls-del-pais\/\" \/>\n<meta property=\"og:site_name\" content=\"Diario El Labrador\" \/>\n<meta property=\"article:publisher\" content=\"https:\/\/web.facebook.com\/profile.php?id=61576120840621\" \/>\n<meta property=\"article:published_time\" content=\"2026-03-17T22:08:05+00:00\" \/>\n<meta property=\"article:modified_time\" content=\"2026-03-17T22:08:07+00:00\" \/>\n<meta property=\"og:image\" content=\"https:\/\/diarioellabrador.cl\/wp-content\/uploads\/2026\/03\/SERNAC-fiscaliza-a-locales-comerciales-ubicados-en-los-principales-malls-del-pais.jpg\" \/>\n\t<meta property=\"og:image:width\" content=\"1200\" \/>\n\t<meta property=\"og:image:height\" content=\"800\" \/>\n\t<meta property=\"og:image:type\" content=\"image\/jpeg\" \/>\n<meta name=\"author\" content=\"Editor\" \/>\n<meta name=\"twitter:card\" content=\"summary_large_image\" \/>\n<meta name=\"twitter:creator\" content=\"@ElLabradorOf\" \/>\n<meta name=\"twitter:site\" content=\"@ElLabradorOf\" \/>\n<meta name=\"twitter:label1\" content=\"Escrito por\" \/>\n\t<meta name=\"twitter:data1\" content=\"Editor\" \/>\n\t<meta name=\"twitter:label2\" content=\"Tiempo de lectura\" \/>\n\t<meta name=\"twitter:data2\" content=\"3 minutos\" \/>\n<script type=\"application\/ld+json\" class=\"yoast-schema-graph\">{\"@context\":\"https:\\\/\\\/schema.org\",\"@graph\":[{\"@type\":\"Article\",\"@id\":\"https:\\\/\\\/diarioellabrador.cl\\\/index.php\\\/2026\\\/03\\\/17\\\/sernac-fiscaliza-a-locales-comerciales-ubicados-en-los-principales-malls-del-pais\\\/#article\",\"isPartOf\":{\"@id\":\"https:\\\/\\\/diarioellabrador.cl\\\/index.php\\\/2026\\\/03\\\/17\\\/sernac-fiscaliza-a-locales-comerciales-ubicados-en-los-principales-malls-del-pais\\\/\"},\"author\":{\"name\":\"Editor\",\"@id\":\"https:\\\/\\\/diarioellabrador.cl\\\/#\\\/schema\\\/person\\\/bc25ff80b4563f9c7f4bd7855df01685\"},\"headline\":\"SERNAC fiscaliza a locales comerciales ubicados en los principales malls del pa\u00eds\",\"datePublished\":\"2026-03-17T22:08:05+00:00\",\"dateModified\":\"2026-03-17T22:08:07+00:00\",\"mainEntityOfPage\":{\"@id\":\"https:\\\/\\\/diarioellabrador.cl\\\/index.php\\\/2026\\\/03\\\/17\\\/sernac-fiscaliza-a-locales-comerciales-ubicados-en-los-principales-malls-del-pais\\\/\"},\"wordCount\":466,\"commentCount\":0,\"publisher\":{\"@id\":\"https:\\\/\\\/diarioellabrador.cl\\\/#organization\"},\"image\":{\"@id\":\"https:\\\/\\\/diarioellabrador.cl\\\/index.php\\\/2026\\\/03\\\/17\\\/sernac-fiscaliza-a-locales-comerciales-ubicados-en-los-principales-malls-del-pais\\\/#primaryimage\"},\"thumbnailUrl\":\"https:\\\/\\\/diarioellabrador.cl\\\/wp-content\\\/uploads\\\/2026\\\/03\\\/SERNAC-fiscaliza-a-locales-comerciales-ubicados-en-los-principales-malls-del-pais.jpg\",\"articleSection\":[\"Cr\u00f3nica\"],\"inLanguage\":\"es\",\"potentialAction\":[{\"@type\":\"CommentAction\",\"name\":\"Comment\",\"target\":[\"https:\\\/\\\/diarioellabrador.cl\\\/index.php\\\/2026\\\/03\\\/17\\\/sernac-fiscaliza-a-locales-comerciales-ubicados-en-los-principales-malls-del-pais\\\/#respond\"]}]},{\"@type\":\"WebPage\",\"@id\":\"https:\\\/\\\/diarioellabrador.cl\\\/index.php\\\/2026\\\/03\\\/17\\\/sernac-fiscaliza-a-locales-comerciales-ubicados-en-los-principales-malls-del-pais\\\/\",\"url\":\"https:\\\/\\\/diarioellabrador.cl\\\/index.php\\\/2026\\\/03\\\/17\\\/sernac-fiscaliza-a-locales-comerciales-ubicados-en-los-principales-malls-del-pais\\\/\",\"name\":\"SERNAC fiscaliza a locales comerciales ubicados en los principales malls del pa\u00eds - Diario El Labrador\",\"isPartOf\":{\"@id\":\"https:\\\/\\\/diarioellabrador.cl\\\/#website\"},\"primaryImageOfPage\":{\"@id\":\"https:\\\/\\\/diarioellabrador.cl\\\/index.php\\\/2026\\\/03\\\/17\\\/sernac-fiscaliza-a-locales-comerciales-ubicados-en-los-principales-malls-del-pais\\\/#primaryimage\"},\"image\":{\"@id\":\"https:\\\/\\\/diarioellabrador.cl\\\/index.php\\\/2026\\\/03\\\/17\\\/sernac-fiscaliza-a-locales-comerciales-ubicados-en-los-principales-malls-del-pais\\\/#primaryimage\"},\"thumbnailUrl\":\"https:\\\/\\\/diarioellabrador.cl\\\/wp-content\\\/uploads\\\/2026\\\/03\\\/SERNAC-fiscaliza-a-locales-comerciales-ubicados-en-los-principales-malls-del-pais.jpg\",\"datePublished\":\"2026-03-17T22:08:05+00:00\",\"dateModified\":\"2026-03-17T22:08:07+00:00\",\"breadcrumb\":{\"@id\":\"https:\\\/\\\/diarioellabrador.cl\\\/index.php\\\/2026\\\/03\\\/17\\\/sernac-fiscaliza-a-locales-comerciales-ubicados-en-los-principales-malls-del-pais\\\/#breadcrumb\"},\"inLanguage\":\"es\",\"potentialAction\":[{\"@type\":\"ReadAction\",\"target\":[\"https:\\\/\\\/diarioellabrador.cl\\\/index.php\\\/2026\\\/03\\\/17\\\/sernac-fiscaliza-a-locales-comerciales-ubicados-en-los-principales-malls-del-pais\\\/\"]}]},{\"@type\":\"ImageObject\",\"inLanguage\":\"es\",\"@id\":\"https:\\\/\\\/diarioellabrador.cl\\\/index.php\\\/2026\\\/03\\\/17\\\/sernac-fiscaliza-a-locales-comerciales-ubicados-en-los-principales-malls-del-pais\\\/#primaryimage\",\"url\":\"https:\\\/\\\/diarioellabrador.cl\\\/wp-content\\\/uploads\\\/2026\\\/03\\\/SERNAC-fiscaliza-a-locales-comerciales-ubicados-en-los-principales-malls-del-pais.jpg\",\"contentUrl\":\"https:\\\/\\\/diarioellabrador.cl\\\/wp-content\\\/uploads\\\/2026\\\/03\\\/SERNAC-fiscaliza-a-locales-comerciales-ubicados-en-los-principales-malls-del-pais.jpg\",\"width\":1200,\"height\":800},{\"@type\":\"BreadcrumbList\",\"@id\":\"https:\\\/\\\/diarioellabrador.cl\\\/index.php\\\/2026\\\/03\\\/17\\\/sernac-fiscaliza-a-locales-comerciales-ubicados-en-los-principales-malls-del-pais\\\/#breadcrumb\",\"itemListElement\":[{\"@type\":\"ListItem\",\"position\":1,\"name\":\"Portada\",\"item\":\"https:\\\/\\\/diarioellabrador.cl\\\/\"},{\"@type\":\"ListItem\",\"position\":2,\"name\":\"SERNAC fiscaliza a locales comerciales ubicados en los principales malls del pa\u00eds\"}]},{\"@type\":\"WebSite\",\"@id\":\"https:\\\/\\\/diarioellabrador.cl\\\/#website\",\"url\":\"https:\\\/\\\/diarioellabrador.cl\\\/\",\"name\":\"Diario El Labrador\",\"description\":\"Haciendo noticia desde 1921\",\"publisher\":{\"@id\":\"https:\\\/\\\/diarioellabrador.cl\\\/#organization\"},\"potentialAction\":[{\"@type\":\"SearchAction\",\"target\":{\"@type\":\"EntryPoint\",\"urlTemplate\":\"https:\\\/\\\/diarioellabrador.cl\\\/?s={search_term_string}\"},\"query-input\":{\"@type\":\"PropertyValueSpecification\",\"valueRequired\":true,\"valueName\":\"search_term_string\"}}],\"inLanguage\":\"es\"},{\"@type\":\"Organization\",\"@id\":\"https:\\\/\\\/diarioellabrador.cl\\\/#organization\",\"name\":\"Diario El Labrador\",\"url\":\"https:\\\/\\\/diarioellabrador.cl\\\/\",\"logo\":{\"@type\":\"ImageObject\",\"inLanguage\":\"es\",\"@id\":\"https:\\\/\\\/diarioellabrador.cl\\\/#\\\/schema\\\/logo\\\/image\\\/\",\"url\":\"https:\\\/\\\/diarioellabrador.cl\\\/wp-content\\\/uploads\\\/2025\\\/02\\\/cropped-Logo-Icono.png\",\"contentUrl\":\"https:\\\/\\\/diarioellabrador.cl\\\/wp-content\\\/uploads\\\/2025\\\/02\\\/cropped-Logo-Icono.png\",\"width\":512,\"height\":512,\"caption\":\"Diario El Labrador\"},\"image\":{\"@id\":\"https:\\\/\\\/diarioellabrador.cl\\\/#\\\/schema\\\/logo\\\/image\\\/\"},\"sameAs\":[\"https:\\\/\\\/web.facebook.com\\\/profile.php?id=61576120840621\",\"https:\\\/\\\/x.com\\\/ElLabradorOf\",\"https:\\\/\\\/www.instagram.com\\\/diarioellabradoroficial\\\/\"]},{\"@type\":\"Person\",\"@id\":\"https:\\\/\\\/diarioellabrador.cl\\\/#\\\/schema\\\/person\\\/bc25ff80b4563f9c7f4bd7855df01685\",\"name\":\"Editor\",\"image\":{\"@type\":\"ImageObject\",\"inLanguage\":\"es\",\"@id\":\"https:\\\/\\\/secure.gravatar.com\\\/avatar\\\/109c326cf2be5c04f048c2c2a2b8b6ef44bf3d8d1d3d4c55d0ac40c4bc994684?s=96&d=mm&r=g\",\"url\":\"https:\\\/\\\/secure.gravatar.com\\\/avatar\\\/109c326cf2be5c04f048c2c2a2b8b6ef44bf3d8d1d3d4c55d0ac40c4bc994684?s=96&d=mm&r=g\",\"contentUrl\":\"https:\\\/\\\/secure.gravatar.com\\\/avatar\\\/109c326cf2be5c04f048c2c2a2b8b6ef44bf3d8d1d3d4c55d0ac40c4bc994684?s=96&d=mm&r=g\",\"caption\":\"Editor\"},\"url\":\"https:\\\/\\\/diarioellabrador.cl\\\/index.php\\\/author\\\/editor\\\/\"}]}<\/script>\n<!-- \/ Yoast SEO plugin. -->","yoast_head_json":{"title":"SERNAC fiscaliza a locales comerciales ubicados en los principales malls del pa\u00eds - Diario El Labrador","robots":{"index":"index","follow":"follow","max-snippet":"max-snippet:-1","max-image-preview":"max-image-preview:large","max-video-preview":"max-video-preview:-1"},"canonical":"https:\/\/diarioellabrador.cl\/index.php\/2026\/03\/17\/sernac-fiscaliza-a-locales-comerciales-ubicados-en-los-principales-malls-del-pais\/","og_locale":"es_ES","og_type":"article","og_title":"SERNAC fiscaliza a locales comerciales ubicados en los principales malls del pa\u00eds - Diario El Labrador","og_description":"Con el prop\u00f3sito de revisar si el comercio est\u00e1 respetando los derechos esenciales de los consumidores, el SERNAC est\u00e1 realizando un proceso de fiscalizaci\u00f3n a los locales que funcionan al interior de los principales malls del pa\u00eds. A trav\u00e9s de esta fiscalizaci\u00f3n, que considera los locales ubicados en centros comerciales de todas las capitales regionales Leer m\u00e1s","og_url":"https:\/\/diarioellabrador.cl\/index.php\/2026\/03\/17\/sernac-fiscaliza-a-locales-comerciales-ubicados-en-los-principales-malls-del-pais\/","og_site_name":"Diario El Labrador","article_publisher":"https:\/\/web.facebook.com\/profile.php?id=61576120840621","article_published_time":"2026-03-17T22:08:05+00:00","article_modified_time":"2026-03-17T22:08:07+00:00","og_image":[{"width":1200,"height":800,"url":"https:\/\/diarioellabrador.cl\/wp-content\/uploads\/2026\/03\/SERNAC-fiscaliza-a-locales-comerciales-ubicados-en-los-principales-malls-del-pais.jpg","type":"image\/jpeg"}],"author":"Editor","twitter_card":"summary_large_image","twitter_creator":"@ElLabradorOf","twitter_site":"@ElLabradorOf","twitter_misc":{"Escrito por":"Editor","Tiempo de lectura":"3 minutos"},"schema":{"@context":"https:\/\/schema.org","@graph":[{"@type":"Article","@id":"https:\/\/diarioellabrador.cl\/index.php\/2026\/03\/17\/sernac-fiscaliza-a-locales-comerciales-ubicados-en-los-principales-malls-del-pais\/#article","isPartOf":{"@id":"https:\/\/diarioellabrador.cl\/index.php\/2026\/03\/17\/sernac-fiscaliza-a-locales-comerciales-ubicados-en-los-principales-malls-del-pais\/"},"author":{"name":"Editor","@id":"https:\/\/diarioellabrador.cl\/#\/schema\/person\/bc25ff80b4563f9c7f4bd7855df01685"},"headline":"SERNAC fiscaliza a locales comerciales ubicados en los principales malls del pa\u00eds","datePublished":"2026-03-17T22:08:05+00:00","dateModified":"2026-03-17T22:08:07+00:00","mainEntityOfPage":{"@id":"https:\/\/diarioellabrador.cl\/index.php\/2026\/03\/17\/sernac-fiscaliza-a-locales-comerciales-ubicados-en-los-principales-malls-del-pais\/"},"wordCount":466,"commentCount":0,"publisher":{"@id":"https:\/\/diarioellabrador.cl\/#organization"},"image":{"@id":"https:\/\/diarioellabrador.cl\/index.php\/2026\/03\/17\/sernac-fiscaliza-a-locales-comerciales-ubicados-en-los-principales-malls-del-pais\/#primaryimage"},"thumbnailUrl":"https:\/\/diarioellabrador.cl\/wp-content\/uploads\/2026\/03\/SERNAC-fiscaliza-a-locales-comerciales-ubicados-en-los-principales-malls-del-pais.jpg","articleSection":["Cr\u00f3nica"],"inLanguage":"es","potentialAction":[{"@type":"CommentAction","name":"Comment","target":["https:\/\/diarioellabrador.cl\/index.php\/2026\/03\/17\/sernac-fiscaliza-a-locales-comerciales-ubicados-en-los-principales-malls-del-pais\/#respond"]}]},{"@type":"WebPage","@id":"https:\/\/diarioellabrador.cl\/index.php\/2026\/03\/17\/sernac-fiscaliza-a-locales-comerciales-ubicados-en-los-principales-malls-del-pais\/","url":"https:\/\/diarioellabrador.cl\/index.php\/2026\/03\/17\/sernac-fiscaliza-a-locales-comerciales-ubicados-en-los-principales-malls-del-pais\/","name":"SERNAC fiscaliza a locales comerciales ubicados en los principales malls del pa\u00eds - Diario El Labrador","isPartOf":{"@id":"https:\/\/diarioellabrador.cl\/#website"},"primaryImageOfPage":{"@id":"https:\/\/diarioellabrador.cl\/index.php\/2026\/03\/17\/sernac-fiscaliza-a-locales-comerciales-ubicados-en-los-principales-malls-del-pais\/#primaryimage"},"image":{"@id":"https:\/\/diarioellabrador.cl\/index.php\/2026\/03\/17\/sernac-fiscaliza-a-locales-comerciales-ubicados-en-los-principales-malls-del-pais\/#primaryimage"},"thumbnailUrl":"https:\/\/diarioellabrador.cl\/wp-content\/uploads\/2026\/03\/SERNAC-fiscaliza-a-locales-comerciales-ubicados-en-los-principales-malls-del-pais.jpg","datePublished":"2026-03-17T22:08:05+00:00","dateModified":"2026-03-17T22:08:07+00:00","breadcrumb":{"@id":"https:\/\/diarioellabrador.cl\/index.php\/2026\/03\/17\/sernac-fiscaliza-a-locales-comerciales-ubicados-en-los-principales-malls-del-pais\/#breadcrumb"},"inLanguage":"es","potentialAction":[{"@type":"ReadAction","target":["https:\/\/diarioellabrador.cl\/index.php\/2026\/03\/17\/sernac-fiscaliza-a-locales-comerciales-ubicados-en-los-principales-malls-del-pais\/"]}]},{"@type":"ImageObject","inLanguage":"es","@id":"https:\/\/diarioellabrador.cl\/index.php\/2026\/03\/17\/sernac-fiscaliza-a-locales-comerciales-ubicados-en-los-principales-malls-del-pais\/#primaryimage","url":"https:\/\/diarioellabrador.cl\/wp-content\/uploads\/2026\/03\/SERNAC-fiscaliza-a-locales-comerciales-ubicados-en-los-principales-malls-del-pais.jpg","contentUrl":"https:\/\/diarioellabrador.cl\/wp-content\/uploads\/2026\/03\/SERNAC-fiscaliza-a-locales-comerciales-ubicados-en-los-principales-malls-del-pais.jpg","width":1200,"height":800},{"@type":"BreadcrumbList","@id":"https:\/\/diarioellabrador.cl\/index.php\/2026\/03\/17\/sernac-fiscaliza-a-locales-comerciales-ubicados-en-los-principales-malls-del-pais\/#breadcrumb","itemListElement":[{"@type":"ListItem","position":1,"name":"Portada","item":"https:\/\/diarioellabrador.cl\/"},{"@type":"ListItem","position":2,"name":"SERNAC fiscaliza a locales comerciales ubicados en los principales malls del pa\u00eds"}]},{"@type":"WebSite","@id":"https:\/\/diarioellabrador.cl\/#website","url":"https:\/\/diarioellabrador.cl\/","name":"Diario El Labrador","description":"Haciendo noticia desde 1921","publisher":{"@id":"https:\/\/diarioellabrador.cl\/#organization"},"potentialAction":[{"@type":"SearchAction","target":{"@type":"EntryPoint","urlTemplate":"https:\/\/diarioellabrador.cl\/?s={search_term_string}"},"query-input":{"@type":"PropertyValueSpecification","valueRequired":true,"valueName":"search_term_string"}}],"inLanguage":"es"},{"@type":"Organization","@id":"https:\/\/diarioellabrador.cl\/#organization","name":"Diario El Labrador","url":"https:\/\/diarioellabrador.cl\/","logo":{"@type":"ImageObject","inLanguage":"es","@id":"https:\/\/diarioellabrador.cl\/#\/schema\/logo\/image\/","url":"https:\/\/diarioellabrador.cl\/wp-content\/uploads\/2025\/02\/cropped-Logo-Icono.png","contentUrl":"https:\/\/diarioellabrador.cl\/wp-content\/uploads\/2025\/02\/cropped-Logo-Icono.png","width":512,"height":512,"caption":"Diario El Labrador"},"image":{"@id":"https:\/\/diarioellabrador.cl\/#\/schema\/logo\/image\/"},"sameAs":["https:\/\/web.facebook.com\/profile.php?id=61576120840621","https:\/\/x.com\/ElLabradorOf","https:\/\/www.instagram.com\/diarioellabradoroficial\/"]},{"@type":"Person","@id":"https:\/\/diarioellabrador.cl\/#\/schema\/person\/bc25ff80b4563f9c7f4bd7855df01685","name":"Editor","image":{"@type":"ImageObject","inLanguage":"es","@id":"https:\/\/secure.gravatar.com\/avatar\/109c326cf2be5c04f048c2c2a2b8b6ef44bf3d8d1d3d4c55d0ac40c4bc994684?s=96&d=mm&r=g","url":"https:\/\/secure.gravatar.com\/avatar\/109c326cf2be5c04f048c2c2a2b8b6ef44bf3d8d1d3d4c55d0ac40c4bc994684?s=96&d=mm&r=g","contentUrl":"https:\/\/secure.gravatar.com\/avatar\/109c326cf2be5c04f048c2c2a2b8b6ef44bf3d8d1d3d4c55d0ac40c4bc994684?s=96&d=mm&r=g","caption":"Editor"},"url":"https:\/\/diarioellabrador.cl\/index.php\/author\/editor\/"}]}},"_links":{"self":[{"href":"https:\/\/diarioellabrador.cl\/index.php\/wp-json\/wp\/v2\/posts\/16744","targetHints":{"allow":["GET"]}}],"collection":[{"href":"https:\/\/diarioellabrador.cl\/index.php\/wp-json\/wp\/v2\/posts"}],"about":[{"href":"https:\/\/diarioellabrador.cl\/index.php\/wp-json\/wp\/v2\/types\/post"}],"author":[{"embeddable":true,"href":"https:\/\/diarioellabrador.cl\/index.php\/wp-json\/wp\/v2\/users\/2"}],"replies":[{"embeddable":true,"href":"https:\/\/diarioellabrador.cl\/index.php\/wp-json\/wp\/v2\/comments?post=16744"}],"version-history":[{"count":1,"href":"https:\/\/diarioellabrador.cl\/index.php\/wp-json\/wp\/v2\/posts\/16744\/revisions"}],"predecessor-version":[{"id":16745,"href":"https:\/\/diarioellabrador.cl\/index.php\/wp-json\/wp\/v2\/posts\/16744\/revisions\/16745"}],"wp:featuredmedia":[{"embeddable":true,"href":"https:\/\/diarioellabrador.cl\/index.php\/wp-json\/wp\/v2\/media\/16711"}],"wp:attachment":[{"href":"https:\/\/diarioellabrador.cl\/index.php\/wp-json\/wp\/v2\/media?parent=16744"}],"wp:term":[{"taxonomy":"category","embeddable":true,"href":"https:\/\/diarioellabrador.cl\/index.php\/wp-json\/wp\/v2\/categories?post=16744"},{"taxonomy":"post_tag","embeddable":true,"href":"https:\/\/diarioellabrador.cl\/index.php\/wp-json\/wp\/v2\/tags?post=16744"}],"curies":[{"name":"wp","href":"https:\/\/api.w.org\/{rel}","templated":true}]}}