{"id":16742,"date":"2026-03-17T18:07:19","date_gmt":"2026-03-17T22:07:19","guid":{"rendered":"https:\/\/diarioellabrador.cl\/?p=16742"},"modified":"2026-03-17T18:07:21","modified_gmt":"2026-03-17T22:07:21","slug":"peligra-el-mepco-que-es-y-cual-es-su-rol-en-el-precio-de-los-combustibles-en-chile","status":"publish","type":"post","link":"https:\/\/diarioellabrador.cl\/index.php\/2026\/03\/17\/peligra-el-mepco-que-es-y-cual-es-su-rol-en-el-precio-de-los-combustibles-en-chile\/","title":{"rendered":"\u00bfPeligra el MEPCO? Qu\u00e9 es y cu\u00e1l es su rol en el precio de los combustibles en Chile"},"content":{"rendered":"\n<p>El <strong>ministro de Hacienda, Jorge Quiroz,<\/strong> anunci\u00f3 recientemente, tras el primer consejo de gabinete del presidente <strong>Jos\u00e9 Antonio Kast,<\/strong> los cambios que se eval\u00faan para el <strong>Mecanismo de Estabilizaci\u00f3n de Precios de los Combustibles (MEPCO).<\/strong><\/p>\n\n\n\n<p>Recordemos que, producto de la guerra entre <strong>Estados Unidos\/Israel e Ir\u00e1n,<\/strong> los precios del petr\u00f3leo han ido al alza, lo que impacta en el bolsillo de todos los chilenos.<\/p>\n\n\n\n<h2 class=\"wp-block-heading\">\u00bfQu\u00e9 es el MEPCO y para qu\u00e9 sirve?<\/h2>\n\n\n\n<p>Cuando este tipo de situaciones ocurren, entra el MEPCO, el cual fue creado por la <a href=\"https:\/\/www.bcn.cl\/leychile\/navegar?idNorma=1064172\" target=\"_blank\" rel=\"noreferrer noopener\">ley N\u00ba 20.765<\/a> publicada el 09 de julio del 2014, con la finalidad de \u201cestablecer un mecanismo de estabilizaci\u00f3n de los precios de venta internos de la gasolina automotriz, del petr\u00f3leo di\u00e9sel, del gas licuado de petr\u00f3leo y del gas natural comprimido, ambos, estos \u00faltimos, de consumo vehicular\u201d.<\/p>\n\n\n\n<p>Esto quiere decir que, cuando internacionalmente aumenta o baja el precio del petr\u00f3leo, esta herramienta ayuda a amortiguar los valores de los combustibles de forma interna \u201ca trav\u00e9s de incrementos y rebajas a los impuestos espec\u00edficos a los combustibles establecidos en la <a href=\"https:\/\/www.bcn.cl\/leychile\/navegar?idNorma=29903\" target=\"_blank\" rel=\"noreferrer noopener\">ley N\u00b0 18.502\u2033.<\/a><\/p>\n\n\n\n<p>Gracias a este mecanismo, el aumento de los combustibles tiene un l\u00edmite en cada ajuste: \u201cLo que ocurre gracias al MEPCO es que lo m\u00e1ximo que puede subir el precio del combustible es 2,4%. Es decir, si el precio mayorista fuera de $1.300, un 2,4% equivale a cerca de $30, por lo que ese ser\u00eda el m\u00e1ximo que subir\u00edan las bencinas cada tres semanas\u201d, explica Nicol\u00e1s Rom\u00e1n, acad\u00e9mico de la Facultad de Ciencias Econ\u00f3micas y Empresariales de la Universidad de los Andes.<\/p>\n\n\n\n<p>Por otro lado, en 2023 entr\u00f3 en vigor la nueva Ley MEPCO, que modific\u00f3 el Mecanismo de Estabilizaci\u00f3n de Precios de los Combustibles para evitar fluctuaciones semanales y ampliar el beneficio de reintegro parcial del impuesto espec\u00edfico a los combustibles <strong>para transportistas de carga.<\/strong><\/p>\n\n\n\n<p>Con esto, el ajuste de los precios se hace cada 21 d\u00edas para que los reajustes sean m\u00e1s graduales.<\/p>\n\n\n\n<p>Cabe se\u00f1alar que tambi\u00e9n se introdujo una modificaci\u00f3n para ampliar el rango de rebaja de combustibles; con el proyecto original eran $27 menos y con el texto actual qued\u00f3 en $36 menos, con lo cual se busca \u201catemperar\u201d los cambios en los precios.<\/p>\n\n\n\n<h2 class=\"wp-block-heading\">\u00bfPeligra el MEPCO?<\/h2>\n\n\n\n<p>Tras el primer consejo de gabinete, Quiroz declar\u00f3 que \u201cen la \u00faltima semana, el precio del petr\u00f3leo subi\u00f3 34% en los mercados internacionales, y esta situaci\u00f3n no se ve\u00eda desde 1985\u201d.<\/p>\n\n\n\n<p><strong>\u201cChile es una econom\u00eda abierta y no est\u00e1 inmune a estos cambios,<\/strong> como muchas econom\u00edas del mundo. As\u00ed que estas subidas de precio impactan y no sabemos el desenlace futuro. (\u2026) pero las perspectivas son que se trata de un fen\u00f3meno de precios probablemente distinto y m\u00e1s complejo del que se ha observado en los \u00faltimos a\u00f1os\u201d, agreg\u00f3.<\/p>\n\n\n\n<p>En este sentido, el secretario de Estado record\u00f3 el papel del <strong>mecanismo del MEPCO<\/strong> que \u201camortigua las alzas, pero al final transmiten los precios\u201d, afirmando que \u201cgenera efectos en recaudaci\u00f3n fiscal y eventualmente en desembolso\u201d.<\/p>\n\n\n\n<p>En ese sentido, Quiroz revel\u00f3 que convocar\u00e1 a una reuni\u00f3n con especialistas para \u201canalizar los n\u00fameros, vamos a ver la situaci\u00f3n y llegar con una soluci\u00f3n, un dise\u00f1o oportuno y eficaz\u201d.<\/p>\n","protected":false},"excerpt":{"rendered":"<p>El ministro de Hacienda, Jorge Quiroz, anunci\u00f3 recientemente, tras el primer consejo de gabinete del presidente Jos\u00e9 Antonio Kast, los cambios que se eval\u00faan para el Mecanismo de Estabilizaci\u00f3n de Precios de los Combustibles (MEPCO). Recordemos que, producto de la guerra entre Estados Unidos\/Israel e Ir\u00e1n, los precios del petr\u00f3leo han ido al alza, lo<\/p>\n<div class=\"read-more-wrapper\"><a class=\"read-more\" href=\"https:\/\/diarioellabrador.cl\/index.php\/2026\/03\/17\/peligra-el-mepco-que-es-y-cual-es-su-rol-en-el-precio-de-los-combustibles-en-chile\/\" title=\"Leer m\u00e1s\"> <span class=\"button \">Leer m\u00e1s<\/span><\/a><\/div>\n","protected":false},"author":2,"featured_media":16707,"comment_status":"open","ping_status":"open","sticky":false,"template":"","format":"standard","meta":{"footnotes":""},"categories":[1],"tags":[],"class_list":["post-16742","post","type-post","status-publish","format-standard","has-post-thumbnail","hentry","category-cronica"],"yoast_head":"<!-- This site is optimized with the Yoast SEO plugin v27.5 - https:\/\/yoast.com\/product\/yoast-seo-wordpress\/ -->\n<title>\u00bfPeligra el MEPCO? Qu\u00e9 es y cu\u00e1l es su rol en el precio de los combustibles en Chile - Diario El Labrador<\/title>\n<meta name=\"robots\" content=\"index, follow, max-snippet:-1, max-image-preview:large, max-video-preview:-1\" \/>\n<link rel=\"canonical\" href=\"https:\/\/diarioellabrador.cl\/index.php\/2026\/03\/17\/peligra-el-mepco-que-es-y-cual-es-su-rol-en-el-precio-de-los-combustibles-en-chile\/\" \/>\n<meta property=\"og:locale\" content=\"es_ES\" \/>\n<meta property=\"og:type\" content=\"article\" \/>\n<meta property=\"og:title\" content=\"\u00bfPeligra el MEPCO? Qu\u00e9 es y cu\u00e1l es su rol en el precio de los combustibles en Chile - Diario El Labrador\" \/>\n<meta property=\"og:description\" content=\"El ministro de Hacienda, Jorge Quiroz, anunci\u00f3 recientemente, tras el primer consejo de gabinete del presidente Jos\u00e9 Antonio Kast, los cambios que se eval\u00faan para el Mecanismo de Estabilizaci\u00f3n de Precios de los Combustibles (MEPCO). Recordemos que, producto de la guerra entre Estados Unidos\/Israel e Ir\u00e1n, los precios del petr\u00f3leo han ido al alza, lo Leer m\u00e1s\" \/>\n<meta property=\"og:url\" content=\"https:\/\/diarioellabrador.cl\/index.php\/2026\/03\/17\/peligra-el-mepco-que-es-y-cual-es-su-rol-en-el-precio-de-los-combustibles-en-chile\/\" \/>\n<meta property=\"og:site_name\" content=\"Diario El Labrador\" \/>\n<meta property=\"article:publisher\" content=\"https:\/\/web.facebook.com\/profile.php?id=61576120840621\" \/>\n<meta property=\"article:published_time\" content=\"2026-03-17T22:07:19+00:00\" \/>\n<meta property=\"article:modified_time\" content=\"2026-03-17T22:07:21+00:00\" \/>\n<meta property=\"og:image\" content=\"https:\/\/diarioellabrador.cl\/wp-content\/uploads\/2026\/03\/Peligra-el-MEPCO-Que-es-y-cual-es-su-rol-en-el-precio-de-los-combustibles-en-Chile.jpg\" \/>\n\t<meta property=\"og:image:width\" content=\"2560\" \/>\n\t<meta property=\"og:image:height\" content=\"1707\" \/>\n\t<meta property=\"og:image:type\" content=\"image\/jpeg\" \/>\n<meta name=\"author\" content=\"Editor\" \/>\n<meta name=\"twitter:card\" content=\"summary_large_image\" \/>\n<meta name=\"twitter:creator\" content=\"@ElLabradorOf\" \/>\n<meta name=\"twitter:site\" content=\"@ElLabradorOf\" \/>\n<meta name=\"twitter:label1\" content=\"Escrito por\" \/>\n\t<meta name=\"twitter:data1\" content=\"Editor\" \/>\n\t<meta name=\"twitter:label2\" content=\"Tiempo de lectura\" \/>\n\t<meta name=\"twitter:data2\" content=\"3 minutos\" \/>\n<script type=\"application\/ld+json\" class=\"yoast-schema-graph\">{\"@context\":\"https:\\\/\\\/schema.org\",\"@graph\":[{\"@type\":\"Article\",\"@id\":\"https:\\\/\\\/diarioellabrador.cl\\\/index.php\\\/2026\\\/03\\\/17\\\/peligra-el-mepco-que-es-y-cual-es-su-rol-en-el-precio-de-los-combustibles-en-chile\\\/#article\",\"isPartOf\":{\"@id\":\"https:\\\/\\\/diarioellabrador.cl\\\/index.php\\\/2026\\\/03\\\/17\\\/peligra-el-mepco-que-es-y-cual-es-su-rol-en-el-precio-de-los-combustibles-en-chile\\\/\"},\"author\":{\"name\":\"Editor\",\"@id\":\"https:\\\/\\\/diarioellabrador.cl\\\/#\\\/schema\\\/person\\\/bc25ff80b4563f9c7f4bd7855df01685\"},\"headline\":\"\u00bfPeligra el MEPCO? Qu\u00e9 es y cu\u00e1l es su rol en el precio de los combustibles en Chile\",\"datePublished\":\"2026-03-17T22:07:19+00:00\",\"dateModified\":\"2026-03-17T22:07:21+00:00\",\"mainEntityOfPage\":{\"@id\":\"https:\\\/\\\/diarioellabrador.cl\\\/index.php\\\/2026\\\/03\\\/17\\\/peligra-el-mepco-que-es-y-cual-es-su-rol-en-el-precio-de-los-combustibles-en-chile\\\/\"},\"wordCount\":572,\"commentCount\":0,\"publisher\":{\"@id\":\"https:\\\/\\\/diarioellabrador.cl\\\/#organization\"},\"image\":{\"@id\":\"https:\\\/\\\/diarioellabrador.cl\\\/index.php\\\/2026\\\/03\\\/17\\\/peligra-el-mepco-que-es-y-cual-es-su-rol-en-el-precio-de-los-combustibles-en-chile\\\/#primaryimage\"},\"thumbnailUrl\":\"https:\\\/\\\/diarioellabrador.cl\\\/wp-content\\\/uploads\\\/2026\\\/03\\\/Peligra-el-MEPCO-Que-es-y-cual-es-su-rol-en-el-precio-de-los-combustibles-en-Chile.jpg\",\"articleSection\":[\"Cr\u00f3nica\"],\"inLanguage\":\"es\",\"potentialAction\":[{\"@type\":\"CommentAction\",\"name\":\"Comment\",\"target\":[\"https:\\\/\\\/diarioellabrador.cl\\\/index.php\\\/2026\\\/03\\\/17\\\/peligra-el-mepco-que-es-y-cual-es-su-rol-en-el-precio-de-los-combustibles-en-chile\\\/#respond\"]}]},{\"@type\":\"WebPage\",\"@id\":\"https:\\\/\\\/diarioellabrador.cl\\\/index.php\\\/2026\\\/03\\\/17\\\/peligra-el-mepco-que-es-y-cual-es-su-rol-en-el-precio-de-los-combustibles-en-chile\\\/\",\"url\":\"https:\\\/\\\/diarioellabrador.cl\\\/index.php\\\/2026\\\/03\\\/17\\\/peligra-el-mepco-que-es-y-cual-es-su-rol-en-el-precio-de-los-combustibles-en-chile\\\/\",\"name\":\"\u00bfPeligra el MEPCO? Qu\u00e9 es y cu\u00e1l es su rol en el precio de los combustibles en Chile - Diario El Labrador\",\"isPartOf\":{\"@id\":\"https:\\\/\\\/diarioellabrador.cl\\\/#website\"},\"primaryImageOfPage\":{\"@id\":\"https:\\\/\\\/diarioellabrador.cl\\\/index.php\\\/2026\\\/03\\\/17\\\/peligra-el-mepco-que-es-y-cual-es-su-rol-en-el-precio-de-los-combustibles-en-chile\\\/#primaryimage\"},\"image\":{\"@id\":\"https:\\\/\\\/diarioellabrador.cl\\\/index.php\\\/2026\\\/03\\\/17\\\/peligra-el-mepco-que-es-y-cual-es-su-rol-en-el-precio-de-los-combustibles-en-chile\\\/#primaryimage\"},\"thumbnailUrl\":\"https:\\\/\\\/diarioellabrador.cl\\\/wp-content\\\/uploads\\\/2026\\\/03\\\/Peligra-el-MEPCO-Que-es-y-cual-es-su-rol-en-el-precio-de-los-combustibles-en-Chile.jpg\",\"datePublished\":\"2026-03-17T22:07:19+00:00\",\"dateModified\":\"2026-03-17T22:07:21+00:00\",\"breadcrumb\":{\"@id\":\"https:\\\/\\\/diarioellabrador.cl\\\/index.php\\\/2026\\\/03\\\/17\\\/peligra-el-mepco-que-es-y-cual-es-su-rol-en-el-precio-de-los-combustibles-en-chile\\\/#breadcrumb\"},\"inLanguage\":\"es\",\"potentialAction\":[{\"@type\":\"ReadAction\",\"target\":[\"https:\\\/\\\/diarioellabrador.cl\\\/index.php\\\/2026\\\/03\\\/17\\\/peligra-el-mepco-que-es-y-cual-es-su-rol-en-el-precio-de-los-combustibles-en-chile\\\/\"]}]},{\"@type\":\"ImageObject\",\"inLanguage\":\"es\",\"@id\":\"https:\\\/\\\/diarioellabrador.cl\\\/index.php\\\/2026\\\/03\\\/17\\\/peligra-el-mepco-que-es-y-cual-es-su-rol-en-el-precio-de-los-combustibles-en-chile\\\/#primaryimage\",\"url\":\"https:\\\/\\\/diarioellabrador.cl\\\/wp-content\\\/uploads\\\/2026\\\/03\\\/Peligra-el-MEPCO-Que-es-y-cual-es-su-rol-en-el-precio-de-los-combustibles-en-Chile.jpg\",\"contentUrl\":\"https:\\\/\\\/diarioellabrador.cl\\\/wp-content\\\/uploads\\\/2026\\\/03\\\/Peligra-el-MEPCO-Que-es-y-cual-es-su-rol-en-el-precio-de-los-combustibles-en-Chile.jpg\",\"width\":2560,\"height\":1707},{\"@type\":\"BreadcrumbList\",\"@id\":\"https:\\\/\\\/diarioellabrador.cl\\\/index.php\\\/2026\\\/03\\\/17\\\/peligra-el-mepco-que-es-y-cual-es-su-rol-en-el-precio-de-los-combustibles-en-chile\\\/#breadcrumb\",\"itemListElement\":[{\"@type\":\"ListItem\",\"position\":1,\"name\":\"Portada\",\"item\":\"https:\\\/\\\/diarioellabrador.cl\\\/\"},{\"@type\":\"ListItem\",\"position\":2,\"name\":\"\u00bfPeligra el MEPCO? Qu\u00e9 es y cu\u00e1l es su rol en el precio de los combustibles en Chile\"}]},{\"@type\":\"WebSite\",\"@id\":\"https:\\\/\\\/diarioellabrador.cl\\\/#website\",\"url\":\"https:\\\/\\\/diarioellabrador.cl\\\/\",\"name\":\"Diario El Labrador\",\"description\":\"Haciendo noticia desde 1921\",\"publisher\":{\"@id\":\"https:\\\/\\\/diarioellabrador.cl\\\/#organization\"},\"potentialAction\":[{\"@type\":\"SearchAction\",\"target\":{\"@type\":\"EntryPoint\",\"urlTemplate\":\"https:\\\/\\\/diarioellabrador.cl\\\/?s={search_term_string}\"},\"query-input\":{\"@type\":\"PropertyValueSpecification\",\"valueRequired\":true,\"valueName\":\"search_term_string\"}}],\"inLanguage\":\"es\"},{\"@type\":\"Organization\",\"@id\":\"https:\\\/\\\/diarioellabrador.cl\\\/#organization\",\"name\":\"Diario El Labrador\",\"url\":\"https:\\\/\\\/diarioellabrador.cl\\\/\",\"logo\":{\"@type\":\"ImageObject\",\"inLanguage\":\"es\",\"@id\":\"https:\\\/\\\/diarioellabrador.cl\\\/#\\\/schema\\\/logo\\\/image\\\/\",\"url\":\"https:\\\/\\\/diarioellabrador.cl\\\/wp-content\\\/uploads\\\/2025\\\/02\\\/cropped-Logo-Icono.png\",\"contentUrl\":\"https:\\\/\\\/diarioellabrador.cl\\\/wp-content\\\/uploads\\\/2025\\\/02\\\/cropped-Logo-Icono.png\",\"width\":512,\"height\":512,\"caption\":\"Diario El Labrador\"},\"image\":{\"@id\":\"https:\\\/\\\/diarioellabrador.cl\\\/#\\\/schema\\\/logo\\\/image\\\/\"},\"sameAs\":[\"https:\\\/\\\/web.facebook.com\\\/profile.php?id=61576120840621\",\"https:\\\/\\\/x.com\\\/ElLabradorOf\",\"https:\\\/\\\/www.instagram.com\\\/diarioellabradoroficial\\\/\"]},{\"@type\":\"Person\",\"@id\":\"https:\\\/\\\/diarioellabrador.cl\\\/#\\\/schema\\\/person\\\/bc25ff80b4563f9c7f4bd7855df01685\",\"name\":\"Editor\",\"image\":{\"@type\":\"ImageObject\",\"inLanguage\":\"es\",\"@id\":\"https:\\\/\\\/secure.gravatar.com\\\/avatar\\\/109c326cf2be5c04f048c2c2a2b8b6ef44bf3d8d1d3d4c55d0ac40c4bc994684?s=96&d=mm&r=g\",\"url\":\"https:\\\/\\\/secure.gravatar.com\\\/avatar\\\/109c326cf2be5c04f048c2c2a2b8b6ef44bf3d8d1d3d4c55d0ac40c4bc994684?s=96&d=mm&r=g\",\"contentUrl\":\"https:\\\/\\\/secure.gravatar.com\\\/avatar\\\/109c326cf2be5c04f048c2c2a2b8b6ef44bf3d8d1d3d4c55d0ac40c4bc994684?s=96&d=mm&r=g\",\"caption\":\"Editor\"},\"url\":\"https:\\\/\\\/diarioellabrador.cl\\\/index.php\\\/author\\\/editor\\\/\"}]}<\/script>\n<!-- \/ Yoast SEO plugin. -->","yoast_head_json":{"title":"\u00bfPeligra el MEPCO? Qu\u00e9 es y cu\u00e1l es su rol en el precio de los combustibles en Chile - Diario El Labrador","robots":{"index":"index","follow":"follow","max-snippet":"max-snippet:-1","max-image-preview":"max-image-preview:large","max-video-preview":"max-video-preview:-1"},"canonical":"https:\/\/diarioellabrador.cl\/index.php\/2026\/03\/17\/peligra-el-mepco-que-es-y-cual-es-su-rol-en-el-precio-de-los-combustibles-en-chile\/","og_locale":"es_ES","og_type":"article","og_title":"\u00bfPeligra el MEPCO? Qu\u00e9 es y cu\u00e1l es su rol en el precio de los combustibles en Chile - Diario El Labrador","og_description":"El ministro de Hacienda, Jorge Quiroz, anunci\u00f3 recientemente, tras el primer consejo de gabinete del presidente Jos\u00e9 Antonio Kast, los cambios que se eval\u00faan para el Mecanismo de Estabilizaci\u00f3n de Precios de los Combustibles (MEPCO). Recordemos que, producto de la guerra entre Estados Unidos\/Israel e Ir\u00e1n, los precios del petr\u00f3leo han ido al alza, lo Leer m\u00e1s","og_url":"https:\/\/diarioellabrador.cl\/index.php\/2026\/03\/17\/peligra-el-mepco-que-es-y-cual-es-su-rol-en-el-precio-de-los-combustibles-en-chile\/","og_site_name":"Diario El Labrador","article_publisher":"https:\/\/web.facebook.com\/profile.php?id=61576120840621","article_published_time":"2026-03-17T22:07:19+00:00","article_modified_time":"2026-03-17T22:07:21+00:00","og_image":[{"width":2560,"height":1707,"url":"https:\/\/diarioellabrador.cl\/wp-content\/uploads\/2026\/03\/Peligra-el-MEPCO-Que-es-y-cual-es-su-rol-en-el-precio-de-los-combustibles-en-Chile.jpg","type":"image\/jpeg"}],"author":"Editor","twitter_card":"summary_large_image","twitter_creator":"@ElLabradorOf","twitter_site":"@ElLabradorOf","twitter_misc":{"Escrito por":"Editor","Tiempo de lectura":"3 minutos"},"schema":{"@context":"https:\/\/schema.org","@graph":[{"@type":"Article","@id":"https:\/\/diarioellabrador.cl\/index.php\/2026\/03\/17\/peligra-el-mepco-que-es-y-cual-es-su-rol-en-el-precio-de-los-combustibles-en-chile\/#article","isPartOf":{"@id":"https:\/\/diarioellabrador.cl\/index.php\/2026\/03\/17\/peligra-el-mepco-que-es-y-cual-es-su-rol-en-el-precio-de-los-combustibles-en-chile\/"},"author":{"name":"Editor","@id":"https:\/\/diarioellabrador.cl\/#\/schema\/person\/bc25ff80b4563f9c7f4bd7855df01685"},"headline":"\u00bfPeligra el MEPCO? Qu\u00e9 es y cu\u00e1l es su rol en el precio de los combustibles en Chile","datePublished":"2026-03-17T22:07:19+00:00","dateModified":"2026-03-17T22:07:21+00:00","mainEntityOfPage":{"@id":"https:\/\/diarioellabrador.cl\/index.php\/2026\/03\/17\/peligra-el-mepco-que-es-y-cual-es-su-rol-en-el-precio-de-los-combustibles-en-chile\/"},"wordCount":572,"commentCount":0,"publisher":{"@id":"https:\/\/diarioellabrador.cl\/#organization"},"image":{"@id":"https:\/\/diarioellabrador.cl\/index.php\/2026\/03\/17\/peligra-el-mepco-que-es-y-cual-es-su-rol-en-el-precio-de-los-combustibles-en-chile\/#primaryimage"},"thumbnailUrl":"https:\/\/diarioellabrador.cl\/wp-content\/uploads\/2026\/03\/Peligra-el-MEPCO-Que-es-y-cual-es-su-rol-en-el-precio-de-los-combustibles-en-Chile.jpg","articleSection":["Cr\u00f3nica"],"inLanguage":"es","potentialAction":[{"@type":"CommentAction","name":"Comment","target":["https:\/\/diarioellabrador.cl\/index.php\/2026\/03\/17\/peligra-el-mepco-que-es-y-cual-es-su-rol-en-el-precio-de-los-combustibles-en-chile\/#respond"]}]},{"@type":"WebPage","@id":"https:\/\/diarioellabrador.cl\/index.php\/2026\/03\/17\/peligra-el-mepco-que-es-y-cual-es-su-rol-en-el-precio-de-los-combustibles-en-chile\/","url":"https:\/\/diarioellabrador.cl\/index.php\/2026\/03\/17\/peligra-el-mepco-que-es-y-cual-es-su-rol-en-el-precio-de-los-combustibles-en-chile\/","name":"\u00bfPeligra el MEPCO? Qu\u00e9 es y cu\u00e1l es su rol en el precio de los combustibles en Chile - Diario El Labrador","isPartOf":{"@id":"https:\/\/diarioellabrador.cl\/#website"},"primaryImageOfPage":{"@id":"https:\/\/diarioellabrador.cl\/index.php\/2026\/03\/17\/peligra-el-mepco-que-es-y-cual-es-su-rol-en-el-precio-de-los-combustibles-en-chile\/#primaryimage"},"image":{"@id":"https:\/\/diarioellabrador.cl\/index.php\/2026\/03\/17\/peligra-el-mepco-que-es-y-cual-es-su-rol-en-el-precio-de-los-combustibles-en-chile\/#primaryimage"},"thumbnailUrl":"https:\/\/diarioellabrador.cl\/wp-content\/uploads\/2026\/03\/Peligra-el-MEPCO-Que-es-y-cual-es-su-rol-en-el-precio-de-los-combustibles-en-Chile.jpg","datePublished":"2026-03-17T22:07:19+00:00","dateModified":"2026-03-17T22:07:21+00:00","breadcrumb":{"@id":"https:\/\/diarioellabrador.cl\/index.php\/2026\/03\/17\/peligra-el-mepco-que-es-y-cual-es-su-rol-en-el-precio-de-los-combustibles-en-chile\/#breadcrumb"},"inLanguage":"es","potentialAction":[{"@type":"ReadAction","target":["https:\/\/diarioellabrador.cl\/index.php\/2026\/03\/17\/peligra-el-mepco-que-es-y-cual-es-su-rol-en-el-precio-de-los-combustibles-en-chile\/"]}]},{"@type":"ImageObject","inLanguage":"es","@id":"https:\/\/diarioellabrador.cl\/index.php\/2026\/03\/17\/peligra-el-mepco-que-es-y-cual-es-su-rol-en-el-precio-de-los-combustibles-en-chile\/#primaryimage","url":"https:\/\/diarioellabrador.cl\/wp-content\/uploads\/2026\/03\/Peligra-el-MEPCO-Que-es-y-cual-es-su-rol-en-el-precio-de-los-combustibles-en-Chile.jpg","contentUrl":"https:\/\/diarioellabrador.cl\/wp-content\/uploads\/2026\/03\/Peligra-el-MEPCO-Que-es-y-cual-es-su-rol-en-el-precio-de-los-combustibles-en-Chile.jpg","width":2560,"height":1707},{"@type":"BreadcrumbList","@id":"https:\/\/diarioellabrador.cl\/index.php\/2026\/03\/17\/peligra-el-mepco-que-es-y-cual-es-su-rol-en-el-precio-de-los-combustibles-en-chile\/#breadcrumb","itemListElement":[{"@type":"ListItem","position":1,"name":"Portada","item":"https:\/\/diarioellabrador.cl\/"},{"@type":"ListItem","position":2,"name":"\u00bfPeligra el MEPCO? Qu\u00e9 es y cu\u00e1l es su rol en el precio de los combustibles en Chile"}]},{"@type":"WebSite","@id":"https:\/\/diarioellabrador.cl\/#website","url":"https:\/\/diarioellabrador.cl\/","name":"Diario El Labrador","description":"Haciendo noticia desde 1921","publisher":{"@id":"https:\/\/diarioellabrador.cl\/#organization"},"potentialAction":[{"@type":"SearchAction","target":{"@type":"EntryPoint","urlTemplate":"https:\/\/diarioellabrador.cl\/?s={search_term_string}"},"query-input":{"@type":"PropertyValueSpecification","valueRequired":true,"valueName":"search_term_string"}}],"inLanguage":"es"},{"@type":"Organization","@id":"https:\/\/diarioellabrador.cl\/#organization","name":"Diario El Labrador","url":"https:\/\/diarioellabrador.cl\/","logo":{"@type":"ImageObject","inLanguage":"es","@id":"https:\/\/diarioellabrador.cl\/#\/schema\/logo\/image\/","url":"https:\/\/diarioellabrador.cl\/wp-content\/uploads\/2025\/02\/cropped-Logo-Icono.png","contentUrl":"https:\/\/diarioellabrador.cl\/wp-content\/uploads\/2025\/02\/cropped-Logo-Icono.png","width":512,"height":512,"caption":"Diario El Labrador"},"image":{"@id":"https:\/\/diarioellabrador.cl\/#\/schema\/logo\/image\/"},"sameAs":["https:\/\/web.facebook.com\/profile.php?id=61576120840621","https:\/\/x.com\/ElLabradorOf","https:\/\/www.instagram.com\/diarioellabradoroficial\/"]},{"@type":"Person","@id":"https:\/\/diarioellabrador.cl\/#\/schema\/person\/bc25ff80b4563f9c7f4bd7855df01685","name":"Editor","image":{"@type":"ImageObject","inLanguage":"es","@id":"https:\/\/secure.gravatar.com\/avatar\/109c326cf2be5c04f048c2c2a2b8b6ef44bf3d8d1d3d4c55d0ac40c4bc994684?s=96&d=mm&r=g","url":"https:\/\/secure.gravatar.com\/avatar\/109c326cf2be5c04f048c2c2a2b8b6ef44bf3d8d1d3d4c55d0ac40c4bc994684?s=96&d=mm&r=g","contentUrl":"https:\/\/secure.gravatar.com\/avatar\/109c326cf2be5c04f048c2c2a2b8b6ef44bf3d8d1d3d4c55d0ac40c4bc994684?s=96&d=mm&r=g","caption":"Editor"},"url":"https:\/\/diarioellabrador.cl\/index.php\/author\/editor\/"}]}},"_links":{"self":[{"href":"https:\/\/diarioellabrador.cl\/index.php\/wp-json\/wp\/v2\/posts\/16742","targetHints":{"allow":["GET"]}}],"collection":[{"href":"https:\/\/diarioellabrador.cl\/index.php\/wp-json\/wp\/v2\/posts"}],"about":[{"href":"https:\/\/diarioellabrador.cl\/index.php\/wp-json\/wp\/v2\/types\/post"}],"author":[{"embeddable":true,"href":"https:\/\/diarioellabrador.cl\/index.php\/wp-json\/wp\/v2\/users\/2"}],"replies":[{"embeddable":true,"href":"https:\/\/diarioellabrador.cl\/index.php\/wp-json\/wp\/v2\/comments?post=16742"}],"version-history":[{"count":1,"href":"https:\/\/diarioellabrador.cl\/index.php\/wp-json\/wp\/v2\/posts\/16742\/revisions"}],"predecessor-version":[{"id":16743,"href":"https:\/\/diarioellabrador.cl\/index.php\/wp-json\/wp\/v2\/posts\/16742\/revisions\/16743"}],"wp:featuredmedia":[{"embeddable":true,"href":"https:\/\/diarioellabrador.cl\/index.php\/wp-json\/wp\/v2\/media\/16707"}],"wp:attachment":[{"href":"https:\/\/diarioellabrador.cl\/index.php\/wp-json\/wp\/v2\/media?parent=16742"}],"wp:term":[{"taxonomy":"category","embeddable":true,"href":"https:\/\/diarioellabrador.cl\/index.php\/wp-json\/wp\/v2\/categories?post=16742"},{"taxonomy":"post_tag","embeddable":true,"href":"https:\/\/diarioellabrador.cl\/index.php\/wp-json\/wp\/v2\/tags?post=16742"}],"curies":[{"name":"wp","href":"https:\/\/api.w.org\/{rel}","templated":true}]}}