{"id":16740,"date":"2026-03-17T18:06:42","date_gmt":"2026-03-17T22:06:42","guid":{"rendered":"https:\/\/diarioellabrador.cl\/?p=16740"},"modified":"2026-03-17T18:06:43","modified_gmt":"2026-03-17T22:06:43","slug":"soy-inocente-no-mate-a-narumi-nicolas-zepeda-enfrenta-tercer-juicio-por-la-muerte-de-su-exnovia","status":"publish","type":"post","link":"https:\/\/diarioellabrador.cl\/index.php\/2026\/03\/17\/soy-inocente-no-mate-a-narumi-nicolas-zepeda-enfrenta-tercer-juicio-por-la-muerte-de-su-exnovia\/","title":{"rendered":"\u201cSoy inocente, no mate a Narumi\u201d Nicolas Zepeda enfrenta tercer juicio por la muerte de su exnovia"},"content":{"rendered":"\n<p>Por Johnny Ahumada Sep\u00falveda<\/p>\n\n\n\n<p>El principal sospechoso del autor del crimen de Narumi Kurosaki, el chileno Nicolas Zepeda ser\u00e1 parte de un tercer juicio encomendado por el asesinato de su exnovia japonesa, y neg\u00f3 ser el autor del crimen ante el Tribunal de lo Criminal del R\u00f3dano.<\/p>\n\n\n\n<p>Recordemos que hace m\u00e1s de un a\u00f1o, despu\u00e9s de que el Supremo anulara, por cuesti\u00f3n formal, la sentencia por la que fue condenado en Francia a 28 a\u00f1os de c\u00e1rcel, el chileno mantiene su inocencia, pese a pruebas presentadas en la corte que acumulan en su contra.<\/p>\n\n\n\n<p>Zepeda contest\u00f3 en franc\u00e9s a las preguntas del presidente del Tribunal de lo Criminal ante una sala que se encontraban varios miembros de la familia de la v\u00edctima. \u201cContesto los hechos que me son imputados, soy inocente, no he matado a Narumi Kurosaki\u201d.<\/p>\n\n\n\n<p>As\u00ed se inici\u00f3 el tercer juicio tras la elecci\u00f3n por sorteo de los miembros del jurado. Sylvie Galley, abogada de la Familia de la v\u00edctima se\u00f1al\u00f3 que se siente como \u201cuna pesadilla\u201d, tras indicar que asisten sin esperanzas de que Zepeda confiese el crimen e indique donde est\u00e1 el cad\u00e1ver que despu\u00e9s de 5 a\u00f1os, no ha sido encontrado.<\/p>\n\n\n\n<p>El chileno Nicol\u00e1s Zepeda, de actualmente 35 a\u00f1os, hab\u00eda sido condenado por el asesinato de Kurosaki, quien habr\u00eda desaparecido cuando ten\u00eda 21 a\u00f1os, justo antes de haber mantenido un encuentro con el chileno en su habitaci\u00f3n de residencia universitaria de Besan\u00e7on.<\/p>\n\n\n\n<p>Recordemos que los abogados de Zepeda recurrieron al Supremo, que tiempo m\u00e1s tarde la habr\u00eda dado la raz\u00f3n, debido a que en el proceso investigativo un investigador agreg\u00f3 al caso nuevos elementos que podr\u00edan cambiar el rumbo de la investigaci\u00f3n.<\/p>\n\n\n\n<p>A a\u00f1os del suceso, el cuerpo de la joven japonesa nunca fue encontrado, tanto en primera instancia como en la apelaci\u00f3n a la acusaci\u00f3n que precis\u00f3 indicios que apuntaban a Zepeda como el autor del crimen.<\/p>\n\n\n\n<p>Seg\u00fan testimonios de estudiantes, apuntaban a una pelea entre ambos, f\u00f3sforos y adquisici\u00f3n de un bid\u00f3n de cinco litros de combustible por parte del chileno antes de la desaparici\u00f3n de Narumi, o el hecho que el usara las redes sociales de ella tras la desaparici\u00f3n.<\/p>\n\n\n\n<p>Tras los hechos, Zepeda volvi\u00f3 a chile, desde que fue extraditado en julio de 2020, tras comprobar la Corte Suprema de que existen m\u00e1s antecedentes de fundamentos serio, ciertos y graves, y desde ese entonces est\u00e1 en prisi\u00f3n en Francia.<\/p>\n","protected":false},"excerpt":{"rendered":"<p>Por Johnny Ahumada Sep\u00falveda El principal sospechoso del autor del crimen de Narumi Kurosaki, el chileno Nicolas Zepeda ser\u00e1 parte de un tercer juicio encomendado por el asesinato de su exnovia japonesa, y neg\u00f3 ser el autor del crimen ante el Tribunal de lo Criminal del R\u00f3dano. Recordemos que hace m\u00e1s de un a\u00f1o, despu\u00e9s<\/p>\n<div class=\"read-more-wrapper\"><a class=\"read-more\" href=\"https:\/\/diarioellabrador.cl\/index.php\/2026\/03\/17\/soy-inocente-no-mate-a-narumi-nicolas-zepeda-enfrenta-tercer-juicio-por-la-muerte-de-su-exnovia\/\" title=\"Leer m\u00e1s\"> <span class=\"button \">Leer m\u00e1s<\/span><\/a><\/div>\n","protected":false},"author":2,"featured_media":16709,"comment_status":"open","ping_status":"open","sticky":false,"template":"","format":"standard","meta":{"footnotes":""},"categories":[1],"tags":[],"class_list":["post-16740","post","type-post","status-publish","format-standard","has-post-thumbnail","hentry","category-cronica"],"yoast_head":"<!-- This site is optimized with the Yoast SEO plugin v27.5 - https:\/\/yoast.com\/product\/yoast-seo-wordpress\/ -->\n<title>\u201cSoy inocente, no mate a Narumi\u201d Nicolas Zepeda enfrenta tercer juicio por la muerte de su exnovia - Diario El Labrador<\/title>\n<meta name=\"robots\" content=\"index, follow, max-snippet:-1, max-image-preview:large, max-video-preview:-1\" \/>\n<link rel=\"canonical\" href=\"https:\/\/diarioellabrador.cl\/index.php\/2026\/03\/17\/soy-inocente-no-mate-a-narumi-nicolas-zepeda-enfrenta-tercer-juicio-por-la-muerte-de-su-exnovia\/\" \/>\n<meta property=\"og:locale\" content=\"es_ES\" \/>\n<meta property=\"og:type\" content=\"article\" \/>\n<meta property=\"og:title\" content=\"\u201cSoy inocente, no mate a Narumi\u201d Nicolas Zepeda enfrenta tercer juicio por la muerte de su exnovia - Diario El Labrador\" \/>\n<meta property=\"og:description\" content=\"Por Johnny Ahumada Sep\u00falveda El principal sospechoso del autor del crimen de Narumi Kurosaki, el chileno Nicolas Zepeda ser\u00e1 parte de un tercer juicio encomendado por el asesinato de su exnovia japonesa, y neg\u00f3 ser el autor del crimen ante el Tribunal de lo Criminal del R\u00f3dano. Recordemos que hace m\u00e1s de un a\u00f1o, despu\u00e9s Leer m\u00e1s\" \/>\n<meta property=\"og:url\" content=\"https:\/\/diarioellabrador.cl\/index.php\/2026\/03\/17\/soy-inocente-no-mate-a-narumi-nicolas-zepeda-enfrenta-tercer-juicio-por-la-muerte-de-su-exnovia\/\" \/>\n<meta property=\"og:site_name\" content=\"Diario El Labrador\" \/>\n<meta property=\"article:publisher\" content=\"https:\/\/web.facebook.com\/profile.php?id=61576120840621\" \/>\n<meta property=\"article:published_time\" content=\"2026-03-17T22:06:42+00:00\" \/>\n<meta property=\"article:modified_time\" content=\"2026-03-17T22:06:43+00:00\" \/>\n<meta property=\"og:image\" content=\"https:\/\/diarioellabrador.cl\/wp-content\/uploads\/2026\/03\/Soy-inocente-no-mate-a-Narumi-Nicolas-Zepeda-enfrenta-tercer-juicio-por-la-muerte-de-su-exnovia.png\" \/>\n\t<meta property=\"og:image:width\" content=\"750\" \/>\n\t<meta property=\"og:image:height\" content=\"400\" \/>\n\t<meta property=\"og:image:type\" content=\"image\/png\" \/>\n<meta name=\"author\" content=\"Editor\" \/>\n<meta name=\"twitter:card\" content=\"summary_large_image\" \/>\n<meta name=\"twitter:creator\" content=\"@ElLabradorOf\" \/>\n<meta name=\"twitter:site\" content=\"@ElLabradorOf\" \/>\n<meta name=\"twitter:label1\" content=\"Escrito por\" \/>\n\t<meta name=\"twitter:data1\" content=\"Editor\" \/>\n\t<meta name=\"twitter:label2\" content=\"Tiempo de lectura\" \/>\n\t<meta name=\"twitter:data2\" content=\"3 minutos\" \/>\n<script type=\"application\/ld+json\" class=\"yoast-schema-graph\">{\"@context\":\"https:\\\/\\\/schema.org\",\"@graph\":[{\"@type\":\"Article\",\"@id\":\"https:\\\/\\\/diarioellabrador.cl\\\/index.php\\\/2026\\\/03\\\/17\\\/soy-inocente-no-mate-a-narumi-nicolas-zepeda-enfrenta-tercer-juicio-por-la-muerte-de-su-exnovia\\\/#article\",\"isPartOf\":{\"@id\":\"https:\\\/\\\/diarioellabrador.cl\\\/index.php\\\/2026\\\/03\\\/17\\\/soy-inocente-no-mate-a-narumi-nicolas-zepeda-enfrenta-tercer-juicio-por-la-muerte-de-su-exnovia\\\/\"},\"author\":{\"name\":\"Editor\",\"@id\":\"https:\\\/\\\/diarioellabrador.cl\\\/#\\\/schema\\\/person\\\/bc25ff80b4563f9c7f4bd7855df01685\"},\"headline\":\"\u201cSoy inocente, no mate a Narumi\u201d Nicolas Zepeda enfrenta tercer juicio por la muerte de su exnovia\",\"datePublished\":\"2026-03-17T22:06:42+00:00\",\"dateModified\":\"2026-03-17T22:06:43+00:00\",\"mainEntityOfPage\":{\"@id\":\"https:\\\/\\\/diarioellabrador.cl\\\/index.php\\\/2026\\\/03\\\/17\\\/soy-inocente-no-mate-a-narumi-nicolas-zepeda-enfrenta-tercer-juicio-por-la-muerte-de-su-exnovia\\\/\"},\"wordCount\":450,\"commentCount\":0,\"publisher\":{\"@id\":\"https:\\\/\\\/diarioellabrador.cl\\\/#organization\"},\"image\":{\"@id\":\"https:\\\/\\\/diarioellabrador.cl\\\/index.php\\\/2026\\\/03\\\/17\\\/soy-inocente-no-mate-a-narumi-nicolas-zepeda-enfrenta-tercer-juicio-por-la-muerte-de-su-exnovia\\\/#primaryimage\"},\"thumbnailUrl\":\"https:\\\/\\\/diarioellabrador.cl\\\/wp-content\\\/uploads\\\/2026\\\/03\\\/Soy-inocente-no-mate-a-Narumi-Nicolas-Zepeda-enfrenta-tercer-juicio-por-la-muerte-de-su-exnovia.png\",\"articleSection\":[\"Cr\u00f3nica\"],\"inLanguage\":\"es\",\"potentialAction\":[{\"@type\":\"CommentAction\",\"name\":\"Comment\",\"target\":[\"https:\\\/\\\/diarioellabrador.cl\\\/index.php\\\/2026\\\/03\\\/17\\\/soy-inocente-no-mate-a-narumi-nicolas-zepeda-enfrenta-tercer-juicio-por-la-muerte-de-su-exnovia\\\/#respond\"]}]},{\"@type\":\"WebPage\",\"@id\":\"https:\\\/\\\/diarioellabrador.cl\\\/index.php\\\/2026\\\/03\\\/17\\\/soy-inocente-no-mate-a-narumi-nicolas-zepeda-enfrenta-tercer-juicio-por-la-muerte-de-su-exnovia\\\/\",\"url\":\"https:\\\/\\\/diarioellabrador.cl\\\/index.php\\\/2026\\\/03\\\/17\\\/soy-inocente-no-mate-a-narumi-nicolas-zepeda-enfrenta-tercer-juicio-por-la-muerte-de-su-exnovia\\\/\",\"name\":\"\u201cSoy inocente, no mate a Narumi\u201d Nicolas Zepeda enfrenta tercer juicio por la muerte de su exnovia - Diario El Labrador\",\"isPartOf\":{\"@id\":\"https:\\\/\\\/diarioellabrador.cl\\\/#website\"},\"primaryImageOfPage\":{\"@id\":\"https:\\\/\\\/diarioellabrador.cl\\\/index.php\\\/2026\\\/03\\\/17\\\/soy-inocente-no-mate-a-narumi-nicolas-zepeda-enfrenta-tercer-juicio-por-la-muerte-de-su-exnovia\\\/#primaryimage\"},\"image\":{\"@id\":\"https:\\\/\\\/diarioellabrador.cl\\\/index.php\\\/2026\\\/03\\\/17\\\/soy-inocente-no-mate-a-narumi-nicolas-zepeda-enfrenta-tercer-juicio-por-la-muerte-de-su-exnovia\\\/#primaryimage\"},\"thumbnailUrl\":\"https:\\\/\\\/diarioellabrador.cl\\\/wp-content\\\/uploads\\\/2026\\\/03\\\/Soy-inocente-no-mate-a-Narumi-Nicolas-Zepeda-enfrenta-tercer-juicio-por-la-muerte-de-su-exnovia.png\",\"datePublished\":\"2026-03-17T22:06:42+00:00\",\"dateModified\":\"2026-03-17T22:06:43+00:00\",\"breadcrumb\":{\"@id\":\"https:\\\/\\\/diarioellabrador.cl\\\/index.php\\\/2026\\\/03\\\/17\\\/soy-inocente-no-mate-a-narumi-nicolas-zepeda-enfrenta-tercer-juicio-por-la-muerte-de-su-exnovia\\\/#breadcrumb\"},\"inLanguage\":\"es\",\"potentialAction\":[{\"@type\":\"ReadAction\",\"target\":[\"https:\\\/\\\/diarioellabrador.cl\\\/index.php\\\/2026\\\/03\\\/17\\\/soy-inocente-no-mate-a-narumi-nicolas-zepeda-enfrenta-tercer-juicio-por-la-muerte-de-su-exnovia\\\/\"]}]},{\"@type\":\"ImageObject\",\"inLanguage\":\"es\",\"@id\":\"https:\\\/\\\/diarioellabrador.cl\\\/index.php\\\/2026\\\/03\\\/17\\\/soy-inocente-no-mate-a-narumi-nicolas-zepeda-enfrenta-tercer-juicio-por-la-muerte-de-su-exnovia\\\/#primaryimage\",\"url\":\"https:\\\/\\\/diarioellabrador.cl\\\/wp-content\\\/uploads\\\/2026\\\/03\\\/Soy-inocente-no-mate-a-Narumi-Nicolas-Zepeda-enfrenta-tercer-juicio-por-la-muerte-de-su-exnovia.png\",\"contentUrl\":\"https:\\\/\\\/diarioellabrador.cl\\\/wp-content\\\/uploads\\\/2026\\\/03\\\/Soy-inocente-no-mate-a-Narumi-Nicolas-Zepeda-enfrenta-tercer-juicio-por-la-muerte-de-su-exnovia.png\",\"width\":750,\"height\":400},{\"@type\":\"BreadcrumbList\",\"@id\":\"https:\\\/\\\/diarioellabrador.cl\\\/index.php\\\/2026\\\/03\\\/17\\\/soy-inocente-no-mate-a-narumi-nicolas-zepeda-enfrenta-tercer-juicio-por-la-muerte-de-su-exnovia\\\/#breadcrumb\",\"itemListElement\":[{\"@type\":\"ListItem\",\"position\":1,\"name\":\"Portada\",\"item\":\"https:\\\/\\\/diarioellabrador.cl\\\/\"},{\"@type\":\"ListItem\",\"position\":2,\"name\":\"\u201cSoy inocente, no mate a Narumi\u201d Nicolas Zepeda enfrenta tercer juicio por la muerte de su exnovia\"}]},{\"@type\":\"WebSite\",\"@id\":\"https:\\\/\\\/diarioellabrador.cl\\\/#website\",\"url\":\"https:\\\/\\\/diarioellabrador.cl\\\/\",\"name\":\"Diario El Labrador\",\"description\":\"Haciendo noticia desde 1921\",\"publisher\":{\"@id\":\"https:\\\/\\\/diarioellabrador.cl\\\/#organization\"},\"potentialAction\":[{\"@type\":\"SearchAction\",\"target\":{\"@type\":\"EntryPoint\",\"urlTemplate\":\"https:\\\/\\\/diarioellabrador.cl\\\/?s={search_term_string}\"},\"query-input\":{\"@type\":\"PropertyValueSpecification\",\"valueRequired\":true,\"valueName\":\"search_term_string\"}}],\"inLanguage\":\"es\"},{\"@type\":\"Organization\",\"@id\":\"https:\\\/\\\/diarioellabrador.cl\\\/#organization\",\"name\":\"Diario El Labrador\",\"url\":\"https:\\\/\\\/diarioellabrador.cl\\\/\",\"logo\":{\"@type\":\"ImageObject\",\"inLanguage\":\"es\",\"@id\":\"https:\\\/\\\/diarioellabrador.cl\\\/#\\\/schema\\\/logo\\\/image\\\/\",\"url\":\"https:\\\/\\\/diarioellabrador.cl\\\/wp-content\\\/uploads\\\/2025\\\/02\\\/cropped-Logo-Icono.png\",\"contentUrl\":\"https:\\\/\\\/diarioellabrador.cl\\\/wp-content\\\/uploads\\\/2025\\\/02\\\/cropped-Logo-Icono.png\",\"width\":512,\"height\":512,\"caption\":\"Diario El Labrador\"},\"image\":{\"@id\":\"https:\\\/\\\/diarioellabrador.cl\\\/#\\\/schema\\\/logo\\\/image\\\/\"},\"sameAs\":[\"https:\\\/\\\/web.facebook.com\\\/profile.php?id=61576120840621\",\"https:\\\/\\\/x.com\\\/ElLabradorOf\",\"https:\\\/\\\/www.instagram.com\\\/diarioellabradoroficial\\\/\"]},{\"@type\":\"Person\",\"@id\":\"https:\\\/\\\/diarioellabrador.cl\\\/#\\\/schema\\\/person\\\/bc25ff80b4563f9c7f4bd7855df01685\",\"name\":\"Editor\",\"image\":{\"@type\":\"ImageObject\",\"inLanguage\":\"es\",\"@id\":\"https:\\\/\\\/secure.gravatar.com\\\/avatar\\\/109c326cf2be5c04f048c2c2a2b8b6ef44bf3d8d1d3d4c55d0ac40c4bc994684?s=96&d=mm&r=g\",\"url\":\"https:\\\/\\\/secure.gravatar.com\\\/avatar\\\/109c326cf2be5c04f048c2c2a2b8b6ef44bf3d8d1d3d4c55d0ac40c4bc994684?s=96&d=mm&r=g\",\"contentUrl\":\"https:\\\/\\\/secure.gravatar.com\\\/avatar\\\/109c326cf2be5c04f048c2c2a2b8b6ef44bf3d8d1d3d4c55d0ac40c4bc994684?s=96&d=mm&r=g\",\"caption\":\"Editor\"},\"url\":\"https:\\\/\\\/diarioellabrador.cl\\\/index.php\\\/author\\\/editor\\\/\"}]}<\/script>\n<!-- \/ Yoast SEO plugin. -->","yoast_head_json":{"title":"\u201cSoy inocente, no mate a Narumi\u201d Nicolas Zepeda enfrenta tercer juicio por la muerte de su exnovia - Diario El Labrador","robots":{"index":"index","follow":"follow","max-snippet":"max-snippet:-1","max-image-preview":"max-image-preview:large","max-video-preview":"max-video-preview:-1"},"canonical":"https:\/\/diarioellabrador.cl\/index.php\/2026\/03\/17\/soy-inocente-no-mate-a-narumi-nicolas-zepeda-enfrenta-tercer-juicio-por-la-muerte-de-su-exnovia\/","og_locale":"es_ES","og_type":"article","og_title":"\u201cSoy inocente, no mate a Narumi\u201d Nicolas Zepeda enfrenta tercer juicio por la muerte de su exnovia - Diario El Labrador","og_description":"Por Johnny Ahumada Sep\u00falveda El principal sospechoso del autor del crimen de Narumi Kurosaki, el chileno Nicolas Zepeda ser\u00e1 parte de un tercer juicio encomendado por el asesinato de su exnovia japonesa, y neg\u00f3 ser el autor del crimen ante el Tribunal de lo Criminal del R\u00f3dano. Recordemos que hace m\u00e1s de un a\u00f1o, despu\u00e9s Leer m\u00e1s","og_url":"https:\/\/diarioellabrador.cl\/index.php\/2026\/03\/17\/soy-inocente-no-mate-a-narumi-nicolas-zepeda-enfrenta-tercer-juicio-por-la-muerte-de-su-exnovia\/","og_site_name":"Diario El Labrador","article_publisher":"https:\/\/web.facebook.com\/profile.php?id=61576120840621","article_published_time":"2026-03-17T22:06:42+00:00","article_modified_time":"2026-03-17T22:06:43+00:00","og_image":[{"width":750,"height":400,"url":"https:\/\/diarioellabrador.cl\/wp-content\/uploads\/2026\/03\/Soy-inocente-no-mate-a-Narumi-Nicolas-Zepeda-enfrenta-tercer-juicio-por-la-muerte-de-su-exnovia.png","type":"image\/png"}],"author":"Editor","twitter_card":"summary_large_image","twitter_creator":"@ElLabradorOf","twitter_site":"@ElLabradorOf","twitter_misc":{"Escrito por":"Editor","Tiempo de lectura":"3 minutos"},"schema":{"@context":"https:\/\/schema.org","@graph":[{"@type":"Article","@id":"https:\/\/diarioellabrador.cl\/index.php\/2026\/03\/17\/soy-inocente-no-mate-a-narumi-nicolas-zepeda-enfrenta-tercer-juicio-por-la-muerte-de-su-exnovia\/#article","isPartOf":{"@id":"https:\/\/diarioellabrador.cl\/index.php\/2026\/03\/17\/soy-inocente-no-mate-a-narumi-nicolas-zepeda-enfrenta-tercer-juicio-por-la-muerte-de-su-exnovia\/"},"author":{"name":"Editor","@id":"https:\/\/diarioellabrador.cl\/#\/schema\/person\/bc25ff80b4563f9c7f4bd7855df01685"},"headline":"\u201cSoy inocente, no mate a Narumi\u201d Nicolas Zepeda enfrenta tercer juicio por la muerte de su exnovia","datePublished":"2026-03-17T22:06:42+00:00","dateModified":"2026-03-17T22:06:43+00:00","mainEntityOfPage":{"@id":"https:\/\/diarioellabrador.cl\/index.php\/2026\/03\/17\/soy-inocente-no-mate-a-narumi-nicolas-zepeda-enfrenta-tercer-juicio-por-la-muerte-de-su-exnovia\/"},"wordCount":450,"commentCount":0,"publisher":{"@id":"https:\/\/diarioellabrador.cl\/#organization"},"image":{"@id":"https:\/\/diarioellabrador.cl\/index.php\/2026\/03\/17\/soy-inocente-no-mate-a-narumi-nicolas-zepeda-enfrenta-tercer-juicio-por-la-muerte-de-su-exnovia\/#primaryimage"},"thumbnailUrl":"https:\/\/diarioellabrador.cl\/wp-content\/uploads\/2026\/03\/Soy-inocente-no-mate-a-Narumi-Nicolas-Zepeda-enfrenta-tercer-juicio-por-la-muerte-de-su-exnovia.png","articleSection":["Cr\u00f3nica"],"inLanguage":"es","potentialAction":[{"@type":"CommentAction","name":"Comment","target":["https:\/\/diarioellabrador.cl\/index.php\/2026\/03\/17\/soy-inocente-no-mate-a-narumi-nicolas-zepeda-enfrenta-tercer-juicio-por-la-muerte-de-su-exnovia\/#respond"]}]},{"@type":"WebPage","@id":"https:\/\/diarioellabrador.cl\/index.php\/2026\/03\/17\/soy-inocente-no-mate-a-narumi-nicolas-zepeda-enfrenta-tercer-juicio-por-la-muerte-de-su-exnovia\/","url":"https:\/\/diarioellabrador.cl\/index.php\/2026\/03\/17\/soy-inocente-no-mate-a-narumi-nicolas-zepeda-enfrenta-tercer-juicio-por-la-muerte-de-su-exnovia\/","name":"\u201cSoy inocente, no mate a Narumi\u201d Nicolas Zepeda enfrenta tercer juicio por la muerte de su exnovia - Diario El Labrador","isPartOf":{"@id":"https:\/\/diarioellabrador.cl\/#website"},"primaryImageOfPage":{"@id":"https:\/\/diarioellabrador.cl\/index.php\/2026\/03\/17\/soy-inocente-no-mate-a-narumi-nicolas-zepeda-enfrenta-tercer-juicio-por-la-muerte-de-su-exnovia\/#primaryimage"},"image":{"@id":"https:\/\/diarioellabrador.cl\/index.php\/2026\/03\/17\/soy-inocente-no-mate-a-narumi-nicolas-zepeda-enfrenta-tercer-juicio-por-la-muerte-de-su-exnovia\/#primaryimage"},"thumbnailUrl":"https:\/\/diarioellabrador.cl\/wp-content\/uploads\/2026\/03\/Soy-inocente-no-mate-a-Narumi-Nicolas-Zepeda-enfrenta-tercer-juicio-por-la-muerte-de-su-exnovia.png","datePublished":"2026-03-17T22:06:42+00:00","dateModified":"2026-03-17T22:06:43+00:00","breadcrumb":{"@id":"https:\/\/diarioellabrador.cl\/index.php\/2026\/03\/17\/soy-inocente-no-mate-a-narumi-nicolas-zepeda-enfrenta-tercer-juicio-por-la-muerte-de-su-exnovia\/#breadcrumb"},"inLanguage":"es","potentialAction":[{"@type":"ReadAction","target":["https:\/\/diarioellabrador.cl\/index.php\/2026\/03\/17\/soy-inocente-no-mate-a-narumi-nicolas-zepeda-enfrenta-tercer-juicio-por-la-muerte-de-su-exnovia\/"]}]},{"@type":"ImageObject","inLanguage":"es","@id":"https:\/\/diarioellabrador.cl\/index.php\/2026\/03\/17\/soy-inocente-no-mate-a-narumi-nicolas-zepeda-enfrenta-tercer-juicio-por-la-muerte-de-su-exnovia\/#primaryimage","url":"https:\/\/diarioellabrador.cl\/wp-content\/uploads\/2026\/03\/Soy-inocente-no-mate-a-Narumi-Nicolas-Zepeda-enfrenta-tercer-juicio-por-la-muerte-de-su-exnovia.png","contentUrl":"https:\/\/diarioellabrador.cl\/wp-content\/uploads\/2026\/03\/Soy-inocente-no-mate-a-Narumi-Nicolas-Zepeda-enfrenta-tercer-juicio-por-la-muerte-de-su-exnovia.png","width":750,"height":400},{"@type":"BreadcrumbList","@id":"https:\/\/diarioellabrador.cl\/index.php\/2026\/03\/17\/soy-inocente-no-mate-a-narumi-nicolas-zepeda-enfrenta-tercer-juicio-por-la-muerte-de-su-exnovia\/#breadcrumb","itemListElement":[{"@type":"ListItem","position":1,"name":"Portada","item":"https:\/\/diarioellabrador.cl\/"},{"@type":"ListItem","position":2,"name":"\u201cSoy inocente, no mate a Narumi\u201d Nicolas Zepeda enfrenta tercer juicio por la muerte de su exnovia"}]},{"@type":"WebSite","@id":"https:\/\/diarioellabrador.cl\/#website","url":"https:\/\/diarioellabrador.cl\/","name":"Diario El Labrador","description":"Haciendo noticia desde 1921","publisher":{"@id":"https:\/\/diarioellabrador.cl\/#organization"},"potentialAction":[{"@type":"SearchAction","target":{"@type":"EntryPoint","urlTemplate":"https:\/\/diarioellabrador.cl\/?s={search_term_string}"},"query-input":{"@type":"PropertyValueSpecification","valueRequired":true,"valueName":"search_term_string"}}],"inLanguage":"es"},{"@type":"Organization","@id":"https:\/\/diarioellabrador.cl\/#organization","name":"Diario El Labrador","url":"https:\/\/diarioellabrador.cl\/","logo":{"@type":"ImageObject","inLanguage":"es","@id":"https:\/\/diarioellabrador.cl\/#\/schema\/logo\/image\/","url":"https:\/\/diarioellabrador.cl\/wp-content\/uploads\/2025\/02\/cropped-Logo-Icono.png","contentUrl":"https:\/\/diarioellabrador.cl\/wp-content\/uploads\/2025\/02\/cropped-Logo-Icono.png","width":512,"height":512,"caption":"Diario El Labrador"},"image":{"@id":"https:\/\/diarioellabrador.cl\/#\/schema\/logo\/image\/"},"sameAs":["https:\/\/web.facebook.com\/profile.php?id=61576120840621","https:\/\/x.com\/ElLabradorOf","https:\/\/www.instagram.com\/diarioellabradoroficial\/"]},{"@type":"Person","@id":"https:\/\/diarioellabrador.cl\/#\/schema\/person\/bc25ff80b4563f9c7f4bd7855df01685","name":"Editor","image":{"@type":"ImageObject","inLanguage":"es","@id":"https:\/\/secure.gravatar.com\/avatar\/109c326cf2be5c04f048c2c2a2b8b6ef44bf3d8d1d3d4c55d0ac40c4bc994684?s=96&d=mm&r=g","url":"https:\/\/secure.gravatar.com\/avatar\/109c326cf2be5c04f048c2c2a2b8b6ef44bf3d8d1d3d4c55d0ac40c4bc994684?s=96&d=mm&r=g","contentUrl":"https:\/\/secure.gravatar.com\/avatar\/109c326cf2be5c04f048c2c2a2b8b6ef44bf3d8d1d3d4c55d0ac40c4bc994684?s=96&d=mm&r=g","caption":"Editor"},"url":"https:\/\/diarioellabrador.cl\/index.php\/author\/editor\/"}]}},"_links":{"self":[{"href":"https:\/\/diarioellabrador.cl\/index.php\/wp-json\/wp\/v2\/posts\/16740","targetHints":{"allow":["GET"]}}],"collection":[{"href":"https:\/\/diarioellabrador.cl\/index.php\/wp-json\/wp\/v2\/posts"}],"about":[{"href":"https:\/\/diarioellabrador.cl\/index.php\/wp-json\/wp\/v2\/types\/post"}],"author":[{"embeddable":true,"href":"https:\/\/diarioellabrador.cl\/index.php\/wp-json\/wp\/v2\/users\/2"}],"replies":[{"embeddable":true,"href":"https:\/\/diarioellabrador.cl\/index.php\/wp-json\/wp\/v2\/comments?post=16740"}],"version-history":[{"count":1,"href":"https:\/\/diarioellabrador.cl\/index.php\/wp-json\/wp\/v2\/posts\/16740\/revisions"}],"predecessor-version":[{"id":16741,"href":"https:\/\/diarioellabrador.cl\/index.php\/wp-json\/wp\/v2\/posts\/16740\/revisions\/16741"}],"wp:featuredmedia":[{"embeddable":true,"href":"https:\/\/diarioellabrador.cl\/index.php\/wp-json\/wp\/v2\/media\/16709"}],"wp:attachment":[{"href":"https:\/\/diarioellabrador.cl\/index.php\/wp-json\/wp\/v2\/media?parent=16740"}],"wp:term":[{"taxonomy":"category","embeddable":true,"href":"https:\/\/diarioellabrador.cl\/index.php\/wp-json\/wp\/v2\/categories?post=16740"},{"taxonomy":"post_tag","embeddable":true,"href":"https:\/\/diarioellabrador.cl\/index.php\/wp-json\/wp\/v2\/tags?post=16740"}],"curies":[{"name":"wp","href":"https:\/\/api.w.org\/{rel}","templated":true}]}}