{"id":16738,"date":"2026-03-17T18:05:00","date_gmt":"2026-03-17T22:05:00","guid":{"rendered":"https:\/\/diarioellabrador.cl\/?p=16738"},"modified":"2026-03-17T18:05:01","modified_gmt":"2026-03-17T22:05:01","slug":"condenan-a-16-anos-de-carcel-para-sujeto-que-mantenia-una-gran-cantidad-de-drogas-y-armas","status":"publish","type":"post","link":"https:\/\/diarioellabrador.cl\/index.php\/2026\/03\/17\/condenan-a-16-anos-de-carcel-para-sujeto-que-mantenia-una-gran-cantidad-de-drogas-y-armas\/","title":{"rendered":"Condenan a 16 a\u00f1os de c\u00e1rcel para sujeto que manten\u00eda una gran cantidad de drogas y armas"},"content":{"rendered":"\n<p>En el TOP de Talagante se realiz\u00f3 la audiencia de juicio oral en contra de dos hombres y una mujer que deber\u00e1n cumplir pena efectiva de presidio.<\/p>\n\n\n\n<p>El ente persecutor expuso que el d\u00eda 10 de septiembre de 2024 aproximadamente a las 15:00 horas al interior del domicilio ubicado en Las Vertientes de la comuna de Pe\u00f1aflor, la acusada Irene L.J. manten\u00eda 610 envoltorios de papel, contenedores de pasta base de coca\u00edna, una bolsa nylon con 236,53 gramos de pasta base de coca\u00edna, una bolsa nylon contenedora de 25,37 gramos de ketamina, cuatro bolsas nylon contenedoras de marihuana con un peso de 44,50 gramos, 759.000 pesos en dinero efectivo en billetes de diversa denominaci\u00f3n y dos balanzas digitales.<\/p>\n\n\n\n<p>Estas sustancias psicotr\u00f3picas que guardaba la imputada estaban destinadas a ser comercializadas en la v\u00eda p\u00fablica por Cristian C.C. quien minutos antes afuera del domicilio fue sorprendido portando entre sus vestimentas 108 envoltorios de papel, contenedores de pasta base de coca\u00edna.<\/p>\n\n\n\n<p>El mismo d\u00eda 10 de septiembre de 2024 aproximadamente a las 16:05 horas, Jos\u00e9 F.P. guardaba en otros domicilios ubicados en Las Vertientes, una bolsa de nylon contenedora de 1 kilo y 26 gramos de pasta base de coca\u00edna, 5001 envoltorios, contenedores de 2 kilos y 64 gramos de pasta base de coca\u00edna. 5 bolsas ziploc contenedoras de 4 kilos y 183 gramos de marihuana, 30 bolsas de nylon contenedoras de 334,56 gramos de marihuana. 23 bolsas de nylon contenedoras de 125,30 g de pasta base de coca\u00edna. 3 bandejas met\u00e1licas contenedoras de 1 kilo 156 g neto de pasta base de coca\u00edna.<\/p>\n\n\n\n<p>Adem\u00e1s, manten\u00eda una escopeta Maverick calibre 12, una subametralladora de fogueo adaptada para percutir cartuchos calibre punto 380, un cargador y 15 cartuchos calibre punto 380, una pistola calibre punto 25, una pistola marca Versa 9 mm con dos cargadores y 14 municiones calibre 9 mm sin percutir. Una pistola calibre 9 mm con un cargador con 21 municiones calibre 9mm.<\/p>\n\n\n\n<p>El Tribunal dictamin\u00f3 que se condena a Jos\u00e9 F.P. a la pena de 12 a\u00f1os de presidio mayor en su grado medio, como autor del delito de tr\u00e1fico il\u00edcito de drogas o sustancias estupefacientes. A la pena de cuatro a\u00f1os y un d\u00eda de presidio menor en su grado m\u00e1ximo, como autor del delito de tenencia ilegal de arma de fuego.<\/p>\n\n\n\n<p>Que, se condena a Irene L.J. a la pena de 6 a\u00f1os de presidio mayor en su grado m\u00ednimo, como autora del delito de tr\u00e1fico il\u00edcito de drogas o sustancias estupefacientes y se condena a Cristian C.V. a la pena de seiscientos d\u00edas de presidio menor en su grado medio, como autor del delito de tr\u00e1fico il\u00edcito de peque\u00f1as cantidades de drogas o sustancias estupefacientes.<\/p>\n","protected":false},"excerpt":{"rendered":"<p>En el TOP de Talagante se realiz\u00f3 la audiencia de juicio oral en contra de dos hombres y una mujer que deber\u00e1n cumplir pena efectiva de presidio. El ente persecutor expuso que el d\u00eda 10 de septiembre de 2024 aproximadamente a las 15:00 horas al interior del domicilio ubicado en Las Vertientes de la comuna<\/p>\n<div class=\"read-more-wrapper\"><a class=\"read-more\" href=\"https:\/\/diarioellabrador.cl\/index.php\/2026\/03\/17\/condenan-a-16-anos-de-carcel-para-sujeto-que-mantenia-una-gran-cantidad-de-drogas-y-armas\/\" title=\"Leer m\u00e1s\"> <span class=\"button \">Leer m\u00e1s<\/span><\/a><\/div>\n","protected":false},"author":2,"featured_media":16716,"comment_status":"open","ping_status":"open","sticky":false,"template":"","format":"standard","meta":{"footnotes":""},"categories":[3],"tags":[],"class_list":["post-16738","post","type-post","status-publish","format-standard","has-post-thumbnail","hentry","category-policial"],"yoast_head":"<!-- This site is optimized with the Yoast SEO plugin v27.5 - https:\/\/yoast.com\/product\/yoast-seo-wordpress\/ -->\n<title>Condenan a 16 a\u00f1os de c\u00e1rcel para sujeto que manten\u00eda una gran cantidad de drogas y armas - Diario El Labrador<\/title>\n<meta name=\"robots\" content=\"index, follow, max-snippet:-1, max-image-preview:large, max-video-preview:-1\" \/>\n<link rel=\"canonical\" href=\"https:\/\/diarioellabrador.cl\/index.php\/2026\/03\/17\/condenan-a-16-anos-de-carcel-para-sujeto-que-mantenia-una-gran-cantidad-de-drogas-y-armas\/\" \/>\n<meta property=\"og:locale\" content=\"es_ES\" \/>\n<meta property=\"og:type\" content=\"article\" \/>\n<meta property=\"og:title\" content=\"Condenan a 16 a\u00f1os de c\u00e1rcel para sujeto que manten\u00eda una gran cantidad de drogas y armas - Diario El Labrador\" \/>\n<meta property=\"og:description\" content=\"En el TOP de Talagante se realiz\u00f3 la audiencia de juicio oral en contra de dos hombres y una mujer que deber\u00e1n cumplir pena efectiva de presidio. El ente persecutor expuso que el d\u00eda 10 de septiembre de 2024 aproximadamente a las 15:00 horas al interior del domicilio ubicado en Las Vertientes de la comuna Leer m\u00e1s\" \/>\n<meta property=\"og:url\" content=\"https:\/\/diarioellabrador.cl\/index.php\/2026\/03\/17\/condenan-a-16-anos-de-carcel-para-sujeto-que-mantenia-una-gran-cantidad-de-drogas-y-armas\/\" \/>\n<meta property=\"og:site_name\" content=\"Diario El Labrador\" \/>\n<meta property=\"article:publisher\" content=\"https:\/\/web.facebook.com\/profile.php?id=61576120840621\" \/>\n<meta property=\"article:published_time\" content=\"2026-03-17T22:05:00+00:00\" \/>\n<meta property=\"article:modified_time\" content=\"2026-03-17T22:05:01+00:00\" \/>\n<meta property=\"og:image\" content=\"https:\/\/diarioellabrador.cl\/wp-content\/uploads\/2026\/03\/Condenan-a-16-anos-de-carcel-para-sujeto-que-mantenia-una-gran-cantidad-de-drogas-y-armas.jpg\" \/>\n\t<meta property=\"og:image:width\" content=\"630\" \/>\n\t<meta property=\"og:image:height\" content=\"441\" \/>\n\t<meta property=\"og:image:type\" content=\"image\/jpeg\" \/>\n<meta name=\"author\" content=\"Editor\" \/>\n<meta name=\"twitter:card\" content=\"summary_large_image\" \/>\n<meta name=\"twitter:creator\" content=\"@ElLabradorOf\" \/>\n<meta name=\"twitter:site\" content=\"@ElLabradorOf\" \/>\n<meta name=\"twitter:label1\" content=\"Escrito por\" \/>\n\t<meta name=\"twitter:data1\" content=\"Editor\" \/>\n\t<meta name=\"twitter:label2\" content=\"Tiempo de lectura\" \/>\n\t<meta name=\"twitter:data2\" content=\"3 minutos\" \/>\n<script type=\"application\/ld+json\" class=\"yoast-schema-graph\">{\"@context\":\"https:\\\/\\\/schema.org\",\"@graph\":[{\"@type\":\"Article\",\"@id\":\"https:\\\/\\\/diarioellabrador.cl\\\/index.php\\\/2026\\\/03\\\/17\\\/condenan-a-16-anos-de-carcel-para-sujeto-que-mantenia-una-gran-cantidad-de-drogas-y-armas\\\/#article\",\"isPartOf\":{\"@id\":\"https:\\\/\\\/diarioellabrador.cl\\\/index.php\\\/2026\\\/03\\\/17\\\/condenan-a-16-anos-de-carcel-para-sujeto-que-mantenia-una-gran-cantidad-de-drogas-y-armas\\\/\"},\"author\":{\"name\":\"Editor\",\"@id\":\"https:\\\/\\\/diarioellabrador.cl\\\/#\\\/schema\\\/person\\\/bc25ff80b4563f9c7f4bd7855df01685\"},\"headline\":\"Condenan a 16 a\u00f1os de c\u00e1rcel para sujeto que manten\u00eda una gran cantidad de drogas y armas\",\"datePublished\":\"2026-03-17T22:05:00+00:00\",\"dateModified\":\"2026-03-17T22:05:01+00:00\",\"mainEntityOfPage\":{\"@id\":\"https:\\\/\\\/diarioellabrador.cl\\\/index.php\\\/2026\\\/03\\\/17\\\/condenan-a-16-anos-de-carcel-para-sujeto-que-mantenia-una-gran-cantidad-de-drogas-y-armas\\\/\"},\"wordCount\":468,\"commentCount\":0,\"publisher\":{\"@id\":\"https:\\\/\\\/diarioellabrador.cl\\\/#organization\"},\"image\":{\"@id\":\"https:\\\/\\\/diarioellabrador.cl\\\/index.php\\\/2026\\\/03\\\/17\\\/condenan-a-16-anos-de-carcel-para-sujeto-que-mantenia-una-gran-cantidad-de-drogas-y-armas\\\/#primaryimage\"},\"thumbnailUrl\":\"https:\\\/\\\/diarioellabrador.cl\\\/wp-content\\\/uploads\\\/2026\\\/03\\\/Condenan-a-16-anos-de-carcel-para-sujeto-que-mantenia-una-gran-cantidad-de-drogas-y-armas.jpg\",\"articleSection\":[\"Policial\"],\"inLanguage\":\"es\",\"potentialAction\":[{\"@type\":\"CommentAction\",\"name\":\"Comment\",\"target\":[\"https:\\\/\\\/diarioellabrador.cl\\\/index.php\\\/2026\\\/03\\\/17\\\/condenan-a-16-anos-de-carcel-para-sujeto-que-mantenia-una-gran-cantidad-de-drogas-y-armas\\\/#respond\"]}]},{\"@type\":\"WebPage\",\"@id\":\"https:\\\/\\\/diarioellabrador.cl\\\/index.php\\\/2026\\\/03\\\/17\\\/condenan-a-16-anos-de-carcel-para-sujeto-que-mantenia-una-gran-cantidad-de-drogas-y-armas\\\/\",\"url\":\"https:\\\/\\\/diarioellabrador.cl\\\/index.php\\\/2026\\\/03\\\/17\\\/condenan-a-16-anos-de-carcel-para-sujeto-que-mantenia-una-gran-cantidad-de-drogas-y-armas\\\/\",\"name\":\"Condenan a 16 a\u00f1os de c\u00e1rcel para sujeto que manten\u00eda una gran cantidad de drogas y armas - Diario El Labrador\",\"isPartOf\":{\"@id\":\"https:\\\/\\\/diarioellabrador.cl\\\/#website\"},\"primaryImageOfPage\":{\"@id\":\"https:\\\/\\\/diarioellabrador.cl\\\/index.php\\\/2026\\\/03\\\/17\\\/condenan-a-16-anos-de-carcel-para-sujeto-que-mantenia-una-gran-cantidad-de-drogas-y-armas\\\/#primaryimage\"},\"image\":{\"@id\":\"https:\\\/\\\/diarioellabrador.cl\\\/index.php\\\/2026\\\/03\\\/17\\\/condenan-a-16-anos-de-carcel-para-sujeto-que-mantenia-una-gran-cantidad-de-drogas-y-armas\\\/#primaryimage\"},\"thumbnailUrl\":\"https:\\\/\\\/diarioellabrador.cl\\\/wp-content\\\/uploads\\\/2026\\\/03\\\/Condenan-a-16-anos-de-carcel-para-sujeto-que-mantenia-una-gran-cantidad-de-drogas-y-armas.jpg\",\"datePublished\":\"2026-03-17T22:05:00+00:00\",\"dateModified\":\"2026-03-17T22:05:01+00:00\",\"breadcrumb\":{\"@id\":\"https:\\\/\\\/diarioellabrador.cl\\\/index.php\\\/2026\\\/03\\\/17\\\/condenan-a-16-anos-de-carcel-para-sujeto-que-mantenia-una-gran-cantidad-de-drogas-y-armas\\\/#breadcrumb\"},\"inLanguage\":\"es\",\"potentialAction\":[{\"@type\":\"ReadAction\",\"target\":[\"https:\\\/\\\/diarioellabrador.cl\\\/index.php\\\/2026\\\/03\\\/17\\\/condenan-a-16-anos-de-carcel-para-sujeto-que-mantenia-una-gran-cantidad-de-drogas-y-armas\\\/\"]}]},{\"@type\":\"ImageObject\",\"inLanguage\":\"es\",\"@id\":\"https:\\\/\\\/diarioellabrador.cl\\\/index.php\\\/2026\\\/03\\\/17\\\/condenan-a-16-anos-de-carcel-para-sujeto-que-mantenia-una-gran-cantidad-de-drogas-y-armas\\\/#primaryimage\",\"url\":\"https:\\\/\\\/diarioellabrador.cl\\\/wp-content\\\/uploads\\\/2026\\\/03\\\/Condenan-a-16-anos-de-carcel-para-sujeto-que-mantenia-una-gran-cantidad-de-drogas-y-armas.jpg\",\"contentUrl\":\"https:\\\/\\\/diarioellabrador.cl\\\/wp-content\\\/uploads\\\/2026\\\/03\\\/Condenan-a-16-anos-de-carcel-para-sujeto-que-mantenia-una-gran-cantidad-de-drogas-y-armas.jpg\",\"width\":630,\"height\":441},{\"@type\":\"BreadcrumbList\",\"@id\":\"https:\\\/\\\/diarioellabrador.cl\\\/index.php\\\/2026\\\/03\\\/17\\\/condenan-a-16-anos-de-carcel-para-sujeto-que-mantenia-una-gran-cantidad-de-drogas-y-armas\\\/#breadcrumb\",\"itemListElement\":[{\"@type\":\"ListItem\",\"position\":1,\"name\":\"Portada\",\"item\":\"https:\\\/\\\/diarioellabrador.cl\\\/\"},{\"@type\":\"ListItem\",\"position\":2,\"name\":\"Condenan a 16 a\u00f1os de c\u00e1rcel para sujeto que manten\u00eda una gran cantidad de drogas y armas\"}]},{\"@type\":\"WebSite\",\"@id\":\"https:\\\/\\\/diarioellabrador.cl\\\/#website\",\"url\":\"https:\\\/\\\/diarioellabrador.cl\\\/\",\"name\":\"Diario El Labrador\",\"description\":\"Haciendo noticia desde 1921\",\"publisher\":{\"@id\":\"https:\\\/\\\/diarioellabrador.cl\\\/#organization\"},\"potentialAction\":[{\"@type\":\"SearchAction\",\"target\":{\"@type\":\"EntryPoint\",\"urlTemplate\":\"https:\\\/\\\/diarioellabrador.cl\\\/?s={search_term_string}\"},\"query-input\":{\"@type\":\"PropertyValueSpecification\",\"valueRequired\":true,\"valueName\":\"search_term_string\"}}],\"inLanguage\":\"es\"},{\"@type\":\"Organization\",\"@id\":\"https:\\\/\\\/diarioellabrador.cl\\\/#organization\",\"name\":\"Diario El Labrador\",\"url\":\"https:\\\/\\\/diarioellabrador.cl\\\/\",\"logo\":{\"@type\":\"ImageObject\",\"inLanguage\":\"es\",\"@id\":\"https:\\\/\\\/diarioellabrador.cl\\\/#\\\/schema\\\/logo\\\/image\\\/\",\"url\":\"https:\\\/\\\/diarioellabrador.cl\\\/wp-content\\\/uploads\\\/2025\\\/02\\\/cropped-Logo-Icono.png\",\"contentUrl\":\"https:\\\/\\\/diarioellabrador.cl\\\/wp-content\\\/uploads\\\/2025\\\/02\\\/cropped-Logo-Icono.png\",\"width\":512,\"height\":512,\"caption\":\"Diario El Labrador\"},\"image\":{\"@id\":\"https:\\\/\\\/diarioellabrador.cl\\\/#\\\/schema\\\/logo\\\/image\\\/\"},\"sameAs\":[\"https:\\\/\\\/web.facebook.com\\\/profile.php?id=61576120840621\",\"https:\\\/\\\/x.com\\\/ElLabradorOf\",\"https:\\\/\\\/www.instagram.com\\\/diarioellabradoroficial\\\/\"]},{\"@type\":\"Person\",\"@id\":\"https:\\\/\\\/diarioellabrador.cl\\\/#\\\/schema\\\/person\\\/bc25ff80b4563f9c7f4bd7855df01685\",\"name\":\"Editor\",\"image\":{\"@type\":\"ImageObject\",\"inLanguage\":\"es\",\"@id\":\"https:\\\/\\\/secure.gravatar.com\\\/avatar\\\/109c326cf2be5c04f048c2c2a2b8b6ef44bf3d8d1d3d4c55d0ac40c4bc994684?s=96&d=mm&r=g\",\"url\":\"https:\\\/\\\/secure.gravatar.com\\\/avatar\\\/109c326cf2be5c04f048c2c2a2b8b6ef44bf3d8d1d3d4c55d0ac40c4bc994684?s=96&d=mm&r=g\",\"contentUrl\":\"https:\\\/\\\/secure.gravatar.com\\\/avatar\\\/109c326cf2be5c04f048c2c2a2b8b6ef44bf3d8d1d3d4c55d0ac40c4bc994684?s=96&d=mm&r=g\",\"caption\":\"Editor\"},\"url\":\"https:\\\/\\\/diarioellabrador.cl\\\/index.php\\\/author\\\/editor\\\/\"}]}<\/script>\n<!-- \/ Yoast SEO plugin. -->","yoast_head_json":{"title":"Condenan a 16 a\u00f1os de c\u00e1rcel para sujeto que manten\u00eda una gran cantidad de drogas y armas - Diario El Labrador","robots":{"index":"index","follow":"follow","max-snippet":"max-snippet:-1","max-image-preview":"max-image-preview:large","max-video-preview":"max-video-preview:-1"},"canonical":"https:\/\/diarioellabrador.cl\/index.php\/2026\/03\/17\/condenan-a-16-anos-de-carcel-para-sujeto-que-mantenia-una-gran-cantidad-de-drogas-y-armas\/","og_locale":"es_ES","og_type":"article","og_title":"Condenan a 16 a\u00f1os de c\u00e1rcel para sujeto que manten\u00eda una gran cantidad de drogas y armas - Diario El Labrador","og_description":"En el TOP de Talagante se realiz\u00f3 la audiencia de juicio oral en contra de dos hombres y una mujer que deber\u00e1n cumplir pena efectiva de presidio. El ente persecutor expuso que el d\u00eda 10 de septiembre de 2024 aproximadamente a las 15:00 horas al interior del domicilio ubicado en Las Vertientes de la comuna Leer m\u00e1s","og_url":"https:\/\/diarioellabrador.cl\/index.php\/2026\/03\/17\/condenan-a-16-anos-de-carcel-para-sujeto-que-mantenia-una-gran-cantidad-de-drogas-y-armas\/","og_site_name":"Diario El Labrador","article_publisher":"https:\/\/web.facebook.com\/profile.php?id=61576120840621","article_published_time":"2026-03-17T22:05:00+00:00","article_modified_time":"2026-03-17T22:05:01+00:00","og_image":[{"width":630,"height":441,"url":"https:\/\/diarioellabrador.cl\/wp-content\/uploads\/2026\/03\/Condenan-a-16-anos-de-carcel-para-sujeto-que-mantenia-una-gran-cantidad-de-drogas-y-armas.jpg","type":"image\/jpeg"}],"author":"Editor","twitter_card":"summary_large_image","twitter_creator":"@ElLabradorOf","twitter_site":"@ElLabradorOf","twitter_misc":{"Escrito por":"Editor","Tiempo de lectura":"3 minutos"},"schema":{"@context":"https:\/\/schema.org","@graph":[{"@type":"Article","@id":"https:\/\/diarioellabrador.cl\/index.php\/2026\/03\/17\/condenan-a-16-anos-de-carcel-para-sujeto-que-mantenia-una-gran-cantidad-de-drogas-y-armas\/#article","isPartOf":{"@id":"https:\/\/diarioellabrador.cl\/index.php\/2026\/03\/17\/condenan-a-16-anos-de-carcel-para-sujeto-que-mantenia-una-gran-cantidad-de-drogas-y-armas\/"},"author":{"name":"Editor","@id":"https:\/\/diarioellabrador.cl\/#\/schema\/person\/bc25ff80b4563f9c7f4bd7855df01685"},"headline":"Condenan a 16 a\u00f1os de c\u00e1rcel para sujeto que manten\u00eda una gran cantidad de drogas y armas","datePublished":"2026-03-17T22:05:00+00:00","dateModified":"2026-03-17T22:05:01+00:00","mainEntityOfPage":{"@id":"https:\/\/diarioellabrador.cl\/index.php\/2026\/03\/17\/condenan-a-16-anos-de-carcel-para-sujeto-que-mantenia-una-gran-cantidad-de-drogas-y-armas\/"},"wordCount":468,"commentCount":0,"publisher":{"@id":"https:\/\/diarioellabrador.cl\/#organization"},"image":{"@id":"https:\/\/diarioellabrador.cl\/index.php\/2026\/03\/17\/condenan-a-16-anos-de-carcel-para-sujeto-que-mantenia-una-gran-cantidad-de-drogas-y-armas\/#primaryimage"},"thumbnailUrl":"https:\/\/diarioellabrador.cl\/wp-content\/uploads\/2026\/03\/Condenan-a-16-anos-de-carcel-para-sujeto-que-mantenia-una-gran-cantidad-de-drogas-y-armas.jpg","articleSection":["Policial"],"inLanguage":"es","potentialAction":[{"@type":"CommentAction","name":"Comment","target":["https:\/\/diarioellabrador.cl\/index.php\/2026\/03\/17\/condenan-a-16-anos-de-carcel-para-sujeto-que-mantenia-una-gran-cantidad-de-drogas-y-armas\/#respond"]}]},{"@type":"WebPage","@id":"https:\/\/diarioellabrador.cl\/index.php\/2026\/03\/17\/condenan-a-16-anos-de-carcel-para-sujeto-que-mantenia-una-gran-cantidad-de-drogas-y-armas\/","url":"https:\/\/diarioellabrador.cl\/index.php\/2026\/03\/17\/condenan-a-16-anos-de-carcel-para-sujeto-que-mantenia-una-gran-cantidad-de-drogas-y-armas\/","name":"Condenan a 16 a\u00f1os de c\u00e1rcel para sujeto que manten\u00eda una gran cantidad de drogas y armas - Diario El Labrador","isPartOf":{"@id":"https:\/\/diarioellabrador.cl\/#website"},"primaryImageOfPage":{"@id":"https:\/\/diarioellabrador.cl\/index.php\/2026\/03\/17\/condenan-a-16-anos-de-carcel-para-sujeto-que-mantenia-una-gran-cantidad-de-drogas-y-armas\/#primaryimage"},"image":{"@id":"https:\/\/diarioellabrador.cl\/index.php\/2026\/03\/17\/condenan-a-16-anos-de-carcel-para-sujeto-que-mantenia-una-gran-cantidad-de-drogas-y-armas\/#primaryimage"},"thumbnailUrl":"https:\/\/diarioellabrador.cl\/wp-content\/uploads\/2026\/03\/Condenan-a-16-anos-de-carcel-para-sujeto-que-mantenia-una-gran-cantidad-de-drogas-y-armas.jpg","datePublished":"2026-03-17T22:05:00+00:00","dateModified":"2026-03-17T22:05:01+00:00","breadcrumb":{"@id":"https:\/\/diarioellabrador.cl\/index.php\/2026\/03\/17\/condenan-a-16-anos-de-carcel-para-sujeto-que-mantenia-una-gran-cantidad-de-drogas-y-armas\/#breadcrumb"},"inLanguage":"es","potentialAction":[{"@type":"ReadAction","target":["https:\/\/diarioellabrador.cl\/index.php\/2026\/03\/17\/condenan-a-16-anos-de-carcel-para-sujeto-que-mantenia-una-gran-cantidad-de-drogas-y-armas\/"]}]},{"@type":"ImageObject","inLanguage":"es","@id":"https:\/\/diarioellabrador.cl\/index.php\/2026\/03\/17\/condenan-a-16-anos-de-carcel-para-sujeto-que-mantenia-una-gran-cantidad-de-drogas-y-armas\/#primaryimage","url":"https:\/\/diarioellabrador.cl\/wp-content\/uploads\/2026\/03\/Condenan-a-16-anos-de-carcel-para-sujeto-que-mantenia-una-gran-cantidad-de-drogas-y-armas.jpg","contentUrl":"https:\/\/diarioellabrador.cl\/wp-content\/uploads\/2026\/03\/Condenan-a-16-anos-de-carcel-para-sujeto-que-mantenia-una-gran-cantidad-de-drogas-y-armas.jpg","width":630,"height":441},{"@type":"BreadcrumbList","@id":"https:\/\/diarioellabrador.cl\/index.php\/2026\/03\/17\/condenan-a-16-anos-de-carcel-para-sujeto-que-mantenia-una-gran-cantidad-de-drogas-y-armas\/#breadcrumb","itemListElement":[{"@type":"ListItem","position":1,"name":"Portada","item":"https:\/\/diarioellabrador.cl\/"},{"@type":"ListItem","position":2,"name":"Condenan a 16 a\u00f1os de c\u00e1rcel para sujeto que manten\u00eda una gran cantidad de drogas y armas"}]},{"@type":"WebSite","@id":"https:\/\/diarioellabrador.cl\/#website","url":"https:\/\/diarioellabrador.cl\/","name":"Diario El Labrador","description":"Haciendo noticia desde 1921","publisher":{"@id":"https:\/\/diarioellabrador.cl\/#organization"},"potentialAction":[{"@type":"SearchAction","target":{"@type":"EntryPoint","urlTemplate":"https:\/\/diarioellabrador.cl\/?s={search_term_string}"},"query-input":{"@type":"PropertyValueSpecification","valueRequired":true,"valueName":"search_term_string"}}],"inLanguage":"es"},{"@type":"Organization","@id":"https:\/\/diarioellabrador.cl\/#organization","name":"Diario El Labrador","url":"https:\/\/diarioellabrador.cl\/","logo":{"@type":"ImageObject","inLanguage":"es","@id":"https:\/\/diarioellabrador.cl\/#\/schema\/logo\/image\/","url":"https:\/\/diarioellabrador.cl\/wp-content\/uploads\/2025\/02\/cropped-Logo-Icono.png","contentUrl":"https:\/\/diarioellabrador.cl\/wp-content\/uploads\/2025\/02\/cropped-Logo-Icono.png","width":512,"height":512,"caption":"Diario El Labrador"},"image":{"@id":"https:\/\/diarioellabrador.cl\/#\/schema\/logo\/image\/"},"sameAs":["https:\/\/web.facebook.com\/profile.php?id=61576120840621","https:\/\/x.com\/ElLabradorOf","https:\/\/www.instagram.com\/diarioellabradoroficial\/"]},{"@type":"Person","@id":"https:\/\/diarioellabrador.cl\/#\/schema\/person\/bc25ff80b4563f9c7f4bd7855df01685","name":"Editor","image":{"@type":"ImageObject","inLanguage":"es","@id":"https:\/\/secure.gravatar.com\/avatar\/109c326cf2be5c04f048c2c2a2b8b6ef44bf3d8d1d3d4c55d0ac40c4bc994684?s=96&d=mm&r=g","url":"https:\/\/secure.gravatar.com\/avatar\/109c326cf2be5c04f048c2c2a2b8b6ef44bf3d8d1d3d4c55d0ac40c4bc994684?s=96&d=mm&r=g","contentUrl":"https:\/\/secure.gravatar.com\/avatar\/109c326cf2be5c04f048c2c2a2b8b6ef44bf3d8d1d3d4c55d0ac40c4bc994684?s=96&d=mm&r=g","caption":"Editor"},"url":"https:\/\/diarioellabrador.cl\/index.php\/author\/editor\/"}]}},"_links":{"self":[{"href":"https:\/\/diarioellabrador.cl\/index.php\/wp-json\/wp\/v2\/posts\/16738","targetHints":{"allow":["GET"]}}],"collection":[{"href":"https:\/\/diarioellabrador.cl\/index.php\/wp-json\/wp\/v2\/posts"}],"about":[{"href":"https:\/\/diarioellabrador.cl\/index.php\/wp-json\/wp\/v2\/types\/post"}],"author":[{"embeddable":true,"href":"https:\/\/diarioellabrador.cl\/index.php\/wp-json\/wp\/v2\/users\/2"}],"replies":[{"embeddable":true,"href":"https:\/\/diarioellabrador.cl\/index.php\/wp-json\/wp\/v2\/comments?post=16738"}],"version-history":[{"count":1,"href":"https:\/\/diarioellabrador.cl\/index.php\/wp-json\/wp\/v2\/posts\/16738\/revisions"}],"predecessor-version":[{"id":16739,"href":"https:\/\/diarioellabrador.cl\/index.php\/wp-json\/wp\/v2\/posts\/16738\/revisions\/16739"}],"wp:featuredmedia":[{"embeddable":true,"href":"https:\/\/diarioellabrador.cl\/index.php\/wp-json\/wp\/v2\/media\/16716"}],"wp:attachment":[{"href":"https:\/\/diarioellabrador.cl\/index.php\/wp-json\/wp\/v2\/media?parent=16738"}],"wp:term":[{"taxonomy":"category","embeddable":true,"href":"https:\/\/diarioellabrador.cl\/index.php\/wp-json\/wp\/v2\/categories?post=16738"},{"taxonomy":"post_tag","embeddable":true,"href":"https:\/\/diarioellabrador.cl\/index.php\/wp-json\/wp\/v2\/tags?post=16738"}],"curies":[{"name":"wp","href":"https:\/\/api.w.org\/{rel}","templated":true}]}}