{"id":16736,"date":"2026-03-17T18:04:17","date_gmt":"2026-03-17T22:04:17","guid":{"rendered":"https:\/\/diarioellabrador.cl\/?p=16736"},"modified":"2026-03-17T18:04:19","modified_gmt":"2026-03-17T22:04:19","slug":"reclusion-nocturna-para-sujeto-acusado-de-descargar-millonario-cargamento-de-colchones-que-habian-sido-robados-horas-antes","status":"publish","type":"post","link":"https:\/\/diarioellabrador.cl\/index.php\/2026\/03\/17\/reclusion-nocturna-para-sujeto-acusado-de-descargar-millonario-cargamento-de-colchones-que-habian-sido-robados-horas-antes\/","title":{"rendered":"Reclusi\u00f3n nocturna para sujeto acusado de descargar millonario cargamento de colchones que hab\u00edan sido robados horas antes"},"content":{"rendered":"\n<p>En el Juzgado de Garant\u00eda de Melipilla se realiz\u00f3 la audiencia de juicio simplificado para un acusado por receptaci\u00f3n.<\/p>\n\n\n\n<p>Tras la investigaci\u00f3n se indic\u00f3 que el d\u00eda 11 de agosto del a\u00f1o 2025, alrededor de las 23:15 horas, el acusado \u00c1ngelo C.M. se encontraba en el domicilio ubicado en avenida Vicu\u00f1a Mackenna, de la comuna Melipilla, lugar de donde descargaba colchones que manten\u00eda como carga el cami\u00f3n marca Freightliner, el cual hab\u00eda sido robado junto con su carga por medio de intimidaci\u00f3n horas antes.<\/p>\n\n\n\n<p>Cuyo origen il\u00edcito el acusado conoc\u00eda o no pod\u00eda menos que conocer, teniendo valor aproximado los receptados de 60.500.000 pesos chilenos. A juicio del Ministerio P\u00fablico, los hechos anteriormente descritos son constitutivos del delito de receptaci\u00f3n. Correspondi\u00e9ndole al imputado calidad de autor en dicho delito, el cual se encuentra en grado desarrollo consumado.<\/p>\n\n\n\n<p>La magistrado dictamin\u00f3 que se condena a \u00c1ngelo C.M. como autor de un delito de receptaci\u00f3n de especies, en grado de desarrollo de consumado, a la pena de dos a\u00f1os de presidio menor en su grado medio. Que reuni\u00e9ndose los requisitos de la Ley. se sustituye la pena corporal por la pena de reclusi\u00f3n parcial domiciliaria nocturna.<\/p>\n","protected":false},"excerpt":{"rendered":"<p>En el Juzgado de Garant\u00eda de Melipilla se realiz\u00f3 la audiencia de juicio simplificado para un acusado por receptaci\u00f3n. Tras la investigaci\u00f3n se indic\u00f3 que el d\u00eda 11 de agosto del a\u00f1o 2025, alrededor de las 23:15 horas, el acusado \u00c1ngelo C.M. se encontraba en el domicilio ubicado en avenida Vicu\u00f1a Mackenna, de la comuna<\/p>\n<div class=\"read-more-wrapper\"><a class=\"read-more\" href=\"https:\/\/diarioellabrador.cl\/index.php\/2026\/03\/17\/reclusion-nocturna-para-sujeto-acusado-de-descargar-millonario-cargamento-de-colchones-que-habian-sido-robados-horas-antes\/\" title=\"Leer m\u00e1s\"> <span class=\"button \">Leer m\u00e1s<\/span><\/a><\/div>\n","protected":false},"author":2,"featured_media":16718,"comment_status":"open","ping_status":"open","sticky":false,"template":"","format":"standard","meta":{"footnotes":""},"categories":[3],"tags":[],"class_list":["post-16736","post","type-post","status-publish","format-standard","has-post-thumbnail","hentry","category-policial"],"yoast_head":"<!-- This site is optimized with the Yoast SEO plugin v27.5 - https:\/\/yoast.com\/product\/yoast-seo-wordpress\/ -->\n<title>Reclusi\u00f3n nocturna para sujeto acusado de descargar millonario cargamento de colchones que hab\u00edan sido robados horas antes - Diario El Labrador<\/title>\n<meta name=\"robots\" content=\"index, follow, max-snippet:-1, max-image-preview:large, max-video-preview:-1\" \/>\n<link rel=\"canonical\" href=\"https:\/\/diarioellabrador.cl\/index.php\/2026\/03\/17\/reclusion-nocturna-para-sujeto-acusado-de-descargar-millonario-cargamento-de-colchones-que-habian-sido-robados-horas-antes\/\" \/>\n<meta property=\"og:locale\" content=\"es_ES\" \/>\n<meta property=\"og:type\" content=\"article\" \/>\n<meta property=\"og:title\" content=\"Reclusi\u00f3n nocturna para sujeto acusado de descargar millonario cargamento de colchones que hab\u00edan sido robados horas antes - Diario El Labrador\" \/>\n<meta property=\"og:description\" content=\"En el Juzgado de Garant\u00eda de Melipilla se realiz\u00f3 la audiencia de juicio simplificado para un acusado por receptaci\u00f3n. Tras la investigaci\u00f3n se indic\u00f3 que el d\u00eda 11 de agosto del a\u00f1o 2025, alrededor de las 23:15 horas, el acusado \u00c1ngelo C.M. se encontraba en el domicilio ubicado en avenida Vicu\u00f1a Mackenna, de la comuna Leer m\u00e1s\" \/>\n<meta property=\"og:url\" content=\"https:\/\/diarioellabrador.cl\/index.php\/2026\/03\/17\/reclusion-nocturna-para-sujeto-acusado-de-descargar-millonario-cargamento-de-colchones-que-habian-sido-robados-horas-antes\/\" \/>\n<meta property=\"og:site_name\" content=\"Diario El Labrador\" \/>\n<meta property=\"article:publisher\" content=\"https:\/\/web.facebook.com\/profile.php?id=61576120840621\" \/>\n<meta property=\"article:published_time\" content=\"2026-03-17T22:04:17+00:00\" \/>\n<meta property=\"article:modified_time\" content=\"2026-03-17T22:04:19+00:00\" \/>\n<meta property=\"og:image\" content=\"https:\/\/diarioellabrador.cl\/wp-content\/uploads\/2026\/03\/Reclusion-nocturna-para-sujeto-acusado-de-descargar-millonario-cargamento-de-colchones-que-habian-sido-robados-horas-antes.jpg\" \/>\n\t<meta property=\"og:image:width\" content=\"537\" \/>\n\t<meta property=\"og:image:height\" content=\"361\" \/>\n\t<meta property=\"og:image:type\" content=\"image\/jpeg\" \/>\n<meta name=\"author\" content=\"Editor\" \/>\n<meta name=\"twitter:card\" content=\"summary_large_image\" \/>\n<meta name=\"twitter:creator\" content=\"@ElLabradorOf\" \/>\n<meta name=\"twitter:site\" content=\"@ElLabradorOf\" \/>\n<meta name=\"twitter:label1\" content=\"Escrito por\" \/>\n\t<meta name=\"twitter:data1\" content=\"Editor\" \/>\n\t<meta name=\"twitter:label2\" content=\"Tiempo de lectura\" \/>\n\t<meta name=\"twitter:data2\" content=\"2 minutos\" \/>\n<script type=\"application\/ld+json\" class=\"yoast-schema-graph\">{\"@context\":\"https:\\\/\\\/schema.org\",\"@graph\":[{\"@type\":\"Article\",\"@id\":\"https:\\\/\\\/diarioellabrador.cl\\\/index.php\\\/2026\\\/03\\\/17\\\/reclusion-nocturna-para-sujeto-acusado-de-descargar-millonario-cargamento-de-colchones-que-habian-sido-robados-horas-antes\\\/#article\",\"isPartOf\":{\"@id\":\"https:\\\/\\\/diarioellabrador.cl\\\/index.php\\\/2026\\\/03\\\/17\\\/reclusion-nocturna-para-sujeto-acusado-de-descargar-millonario-cargamento-de-colchones-que-habian-sido-robados-horas-antes\\\/\"},\"author\":{\"name\":\"Editor\",\"@id\":\"https:\\\/\\\/diarioellabrador.cl\\\/#\\\/schema\\\/person\\\/bc25ff80b4563f9c7f4bd7855df01685\"},\"headline\":\"Reclusi\u00f3n nocturna para sujeto acusado de descargar millonario cargamento de colchones que hab\u00edan sido robados horas antes\",\"datePublished\":\"2026-03-17T22:04:17+00:00\",\"dateModified\":\"2026-03-17T22:04:19+00:00\",\"mainEntityOfPage\":{\"@id\":\"https:\\\/\\\/diarioellabrador.cl\\\/index.php\\\/2026\\\/03\\\/17\\\/reclusion-nocturna-para-sujeto-acusado-de-descargar-millonario-cargamento-de-colchones-que-habian-sido-robados-horas-antes\\\/\"},\"wordCount\":231,\"commentCount\":0,\"publisher\":{\"@id\":\"https:\\\/\\\/diarioellabrador.cl\\\/#organization\"},\"image\":{\"@id\":\"https:\\\/\\\/diarioellabrador.cl\\\/index.php\\\/2026\\\/03\\\/17\\\/reclusion-nocturna-para-sujeto-acusado-de-descargar-millonario-cargamento-de-colchones-que-habian-sido-robados-horas-antes\\\/#primaryimage\"},\"thumbnailUrl\":\"https:\\\/\\\/diarioellabrador.cl\\\/wp-content\\\/uploads\\\/2026\\\/03\\\/Reclusion-nocturna-para-sujeto-acusado-de-descargar-millonario-cargamento-de-colchones-que-habian-sido-robados-horas-antes.jpg\",\"articleSection\":[\"Policial\"],\"inLanguage\":\"es\",\"potentialAction\":[{\"@type\":\"CommentAction\",\"name\":\"Comment\",\"target\":[\"https:\\\/\\\/diarioellabrador.cl\\\/index.php\\\/2026\\\/03\\\/17\\\/reclusion-nocturna-para-sujeto-acusado-de-descargar-millonario-cargamento-de-colchones-que-habian-sido-robados-horas-antes\\\/#respond\"]}]},{\"@type\":\"WebPage\",\"@id\":\"https:\\\/\\\/diarioellabrador.cl\\\/index.php\\\/2026\\\/03\\\/17\\\/reclusion-nocturna-para-sujeto-acusado-de-descargar-millonario-cargamento-de-colchones-que-habian-sido-robados-horas-antes\\\/\",\"url\":\"https:\\\/\\\/diarioellabrador.cl\\\/index.php\\\/2026\\\/03\\\/17\\\/reclusion-nocturna-para-sujeto-acusado-de-descargar-millonario-cargamento-de-colchones-que-habian-sido-robados-horas-antes\\\/\",\"name\":\"Reclusi\u00f3n nocturna para sujeto acusado de descargar millonario cargamento de colchones que hab\u00edan sido robados horas antes - Diario El Labrador\",\"isPartOf\":{\"@id\":\"https:\\\/\\\/diarioellabrador.cl\\\/#website\"},\"primaryImageOfPage\":{\"@id\":\"https:\\\/\\\/diarioellabrador.cl\\\/index.php\\\/2026\\\/03\\\/17\\\/reclusion-nocturna-para-sujeto-acusado-de-descargar-millonario-cargamento-de-colchones-que-habian-sido-robados-horas-antes\\\/#primaryimage\"},\"image\":{\"@id\":\"https:\\\/\\\/diarioellabrador.cl\\\/index.php\\\/2026\\\/03\\\/17\\\/reclusion-nocturna-para-sujeto-acusado-de-descargar-millonario-cargamento-de-colchones-que-habian-sido-robados-horas-antes\\\/#primaryimage\"},\"thumbnailUrl\":\"https:\\\/\\\/diarioellabrador.cl\\\/wp-content\\\/uploads\\\/2026\\\/03\\\/Reclusion-nocturna-para-sujeto-acusado-de-descargar-millonario-cargamento-de-colchones-que-habian-sido-robados-horas-antes.jpg\",\"datePublished\":\"2026-03-17T22:04:17+00:00\",\"dateModified\":\"2026-03-17T22:04:19+00:00\",\"breadcrumb\":{\"@id\":\"https:\\\/\\\/diarioellabrador.cl\\\/index.php\\\/2026\\\/03\\\/17\\\/reclusion-nocturna-para-sujeto-acusado-de-descargar-millonario-cargamento-de-colchones-que-habian-sido-robados-horas-antes\\\/#breadcrumb\"},\"inLanguage\":\"es\",\"potentialAction\":[{\"@type\":\"ReadAction\",\"target\":[\"https:\\\/\\\/diarioellabrador.cl\\\/index.php\\\/2026\\\/03\\\/17\\\/reclusion-nocturna-para-sujeto-acusado-de-descargar-millonario-cargamento-de-colchones-que-habian-sido-robados-horas-antes\\\/\"]}]},{\"@type\":\"ImageObject\",\"inLanguage\":\"es\",\"@id\":\"https:\\\/\\\/diarioellabrador.cl\\\/index.php\\\/2026\\\/03\\\/17\\\/reclusion-nocturna-para-sujeto-acusado-de-descargar-millonario-cargamento-de-colchones-que-habian-sido-robados-horas-antes\\\/#primaryimage\",\"url\":\"https:\\\/\\\/diarioellabrador.cl\\\/wp-content\\\/uploads\\\/2026\\\/03\\\/Reclusion-nocturna-para-sujeto-acusado-de-descargar-millonario-cargamento-de-colchones-que-habian-sido-robados-horas-antes.jpg\",\"contentUrl\":\"https:\\\/\\\/diarioellabrador.cl\\\/wp-content\\\/uploads\\\/2026\\\/03\\\/Reclusion-nocturna-para-sujeto-acusado-de-descargar-millonario-cargamento-de-colchones-que-habian-sido-robados-horas-antes.jpg\",\"width\":537,\"height\":361},{\"@type\":\"BreadcrumbList\",\"@id\":\"https:\\\/\\\/diarioellabrador.cl\\\/index.php\\\/2026\\\/03\\\/17\\\/reclusion-nocturna-para-sujeto-acusado-de-descargar-millonario-cargamento-de-colchones-que-habian-sido-robados-horas-antes\\\/#breadcrumb\",\"itemListElement\":[{\"@type\":\"ListItem\",\"position\":1,\"name\":\"Portada\",\"item\":\"https:\\\/\\\/diarioellabrador.cl\\\/\"},{\"@type\":\"ListItem\",\"position\":2,\"name\":\"Reclusi\u00f3n nocturna para sujeto acusado de descargar millonario cargamento de colchones que hab\u00edan sido robados horas antes\"}]},{\"@type\":\"WebSite\",\"@id\":\"https:\\\/\\\/diarioellabrador.cl\\\/#website\",\"url\":\"https:\\\/\\\/diarioellabrador.cl\\\/\",\"name\":\"Diario El Labrador\",\"description\":\"Haciendo noticia desde 1921\",\"publisher\":{\"@id\":\"https:\\\/\\\/diarioellabrador.cl\\\/#organization\"},\"potentialAction\":[{\"@type\":\"SearchAction\",\"target\":{\"@type\":\"EntryPoint\",\"urlTemplate\":\"https:\\\/\\\/diarioellabrador.cl\\\/?s={search_term_string}\"},\"query-input\":{\"@type\":\"PropertyValueSpecification\",\"valueRequired\":true,\"valueName\":\"search_term_string\"}}],\"inLanguage\":\"es\"},{\"@type\":\"Organization\",\"@id\":\"https:\\\/\\\/diarioellabrador.cl\\\/#organization\",\"name\":\"Diario El Labrador\",\"url\":\"https:\\\/\\\/diarioellabrador.cl\\\/\",\"logo\":{\"@type\":\"ImageObject\",\"inLanguage\":\"es\",\"@id\":\"https:\\\/\\\/diarioellabrador.cl\\\/#\\\/schema\\\/logo\\\/image\\\/\",\"url\":\"https:\\\/\\\/diarioellabrador.cl\\\/wp-content\\\/uploads\\\/2025\\\/02\\\/cropped-Logo-Icono.png\",\"contentUrl\":\"https:\\\/\\\/diarioellabrador.cl\\\/wp-content\\\/uploads\\\/2025\\\/02\\\/cropped-Logo-Icono.png\",\"width\":512,\"height\":512,\"caption\":\"Diario El Labrador\"},\"image\":{\"@id\":\"https:\\\/\\\/diarioellabrador.cl\\\/#\\\/schema\\\/logo\\\/image\\\/\"},\"sameAs\":[\"https:\\\/\\\/web.facebook.com\\\/profile.php?id=61576120840621\",\"https:\\\/\\\/x.com\\\/ElLabradorOf\",\"https:\\\/\\\/www.instagram.com\\\/diarioellabradoroficial\\\/\"]},{\"@type\":\"Person\",\"@id\":\"https:\\\/\\\/diarioellabrador.cl\\\/#\\\/schema\\\/person\\\/bc25ff80b4563f9c7f4bd7855df01685\",\"name\":\"Editor\",\"image\":{\"@type\":\"ImageObject\",\"inLanguage\":\"es\",\"@id\":\"https:\\\/\\\/secure.gravatar.com\\\/avatar\\\/109c326cf2be5c04f048c2c2a2b8b6ef44bf3d8d1d3d4c55d0ac40c4bc994684?s=96&d=mm&r=g\",\"url\":\"https:\\\/\\\/secure.gravatar.com\\\/avatar\\\/109c326cf2be5c04f048c2c2a2b8b6ef44bf3d8d1d3d4c55d0ac40c4bc994684?s=96&d=mm&r=g\",\"contentUrl\":\"https:\\\/\\\/secure.gravatar.com\\\/avatar\\\/109c326cf2be5c04f048c2c2a2b8b6ef44bf3d8d1d3d4c55d0ac40c4bc994684?s=96&d=mm&r=g\",\"caption\":\"Editor\"},\"url\":\"https:\\\/\\\/diarioellabrador.cl\\\/index.php\\\/author\\\/editor\\\/\"}]}<\/script>\n<!-- \/ Yoast SEO plugin. -->","yoast_head_json":{"title":"Reclusi\u00f3n nocturna para sujeto acusado de descargar millonario cargamento de colchones que hab\u00edan sido robados horas antes - Diario El Labrador","robots":{"index":"index","follow":"follow","max-snippet":"max-snippet:-1","max-image-preview":"max-image-preview:large","max-video-preview":"max-video-preview:-1"},"canonical":"https:\/\/diarioellabrador.cl\/index.php\/2026\/03\/17\/reclusion-nocturna-para-sujeto-acusado-de-descargar-millonario-cargamento-de-colchones-que-habian-sido-robados-horas-antes\/","og_locale":"es_ES","og_type":"article","og_title":"Reclusi\u00f3n nocturna para sujeto acusado de descargar millonario cargamento de colchones que hab\u00edan sido robados horas antes - Diario El Labrador","og_description":"En el Juzgado de Garant\u00eda de Melipilla se realiz\u00f3 la audiencia de juicio simplificado para un acusado por receptaci\u00f3n. Tras la investigaci\u00f3n se indic\u00f3 que el d\u00eda 11 de agosto del a\u00f1o 2025, alrededor de las 23:15 horas, el acusado \u00c1ngelo C.M. se encontraba en el domicilio ubicado en avenida Vicu\u00f1a Mackenna, de la comuna Leer m\u00e1s","og_url":"https:\/\/diarioellabrador.cl\/index.php\/2026\/03\/17\/reclusion-nocturna-para-sujeto-acusado-de-descargar-millonario-cargamento-de-colchones-que-habian-sido-robados-horas-antes\/","og_site_name":"Diario El Labrador","article_publisher":"https:\/\/web.facebook.com\/profile.php?id=61576120840621","article_published_time":"2026-03-17T22:04:17+00:00","article_modified_time":"2026-03-17T22:04:19+00:00","og_image":[{"width":537,"height":361,"url":"https:\/\/diarioellabrador.cl\/wp-content\/uploads\/2026\/03\/Reclusion-nocturna-para-sujeto-acusado-de-descargar-millonario-cargamento-de-colchones-que-habian-sido-robados-horas-antes.jpg","type":"image\/jpeg"}],"author":"Editor","twitter_card":"summary_large_image","twitter_creator":"@ElLabradorOf","twitter_site":"@ElLabradorOf","twitter_misc":{"Escrito por":"Editor","Tiempo de lectura":"2 minutos"},"schema":{"@context":"https:\/\/schema.org","@graph":[{"@type":"Article","@id":"https:\/\/diarioellabrador.cl\/index.php\/2026\/03\/17\/reclusion-nocturna-para-sujeto-acusado-de-descargar-millonario-cargamento-de-colchones-que-habian-sido-robados-horas-antes\/#article","isPartOf":{"@id":"https:\/\/diarioellabrador.cl\/index.php\/2026\/03\/17\/reclusion-nocturna-para-sujeto-acusado-de-descargar-millonario-cargamento-de-colchones-que-habian-sido-robados-horas-antes\/"},"author":{"name":"Editor","@id":"https:\/\/diarioellabrador.cl\/#\/schema\/person\/bc25ff80b4563f9c7f4bd7855df01685"},"headline":"Reclusi\u00f3n nocturna para sujeto acusado de descargar millonario cargamento de colchones que hab\u00edan sido robados horas antes","datePublished":"2026-03-17T22:04:17+00:00","dateModified":"2026-03-17T22:04:19+00:00","mainEntityOfPage":{"@id":"https:\/\/diarioellabrador.cl\/index.php\/2026\/03\/17\/reclusion-nocturna-para-sujeto-acusado-de-descargar-millonario-cargamento-de-colchones-que-habian-sido-robados-horas-antes\/"},"wordCount":231,"commentCount":0,"publisher":{"@id":"https:\/\/diarioellabrador.cl\/#organization"},"image":{"@id":"https:\/\/diarioellabrador.cl\/index.php\/2026\/03\/17\/reclusion-nocturna-para-sujeto-acusado-de-descargar-millonario-cargamento-de-colchones-que-habian-sido-robados-horas-antes\/#primaryimage"},"thumbnailUrl":"https:\/\/diarioellabrador.cl\/wp-content\/uploads\/2026\/03\/Reclusion-nocturna-para-sujeto-acusado-de-descargar-millonario-cargamento-de-colchones-que-habian-sido-robados-horas-antes.jpg","articleSection":["Policial"],"inLanguage":"es","potentialAction":[{"@type":"CommentAction","name":"Comment","target":["https:\/\/diarioellabrador.cl\/index.php\/2026\/03\/17\/reclusion-nocturna-para-sujeto-acusado-de-descargar-millonario-cargamento-de-colchones-que-habian-sido-robados-horas-antes\/#respond"]}]},{"@type":"WebPage","@id":"https:\/\/diarioellabrador.cl\/index.php\/2026\/03\/17\/reclusion-nocturna-para-sujeto-acusado-de-descargar-millonario-cargamento-de-colchones-que-habian-sido-robados-horas-antes\/","url":"https:\/\/diarioellabrador.cl\/index.php\/2026\/03\/17\/reclusion-nocturna-para-sujeto-acusado-de-descargar-millonario-cargamento-de-colchones-que-habian-sido-robados-horas-antes\/","name":"Reclusi\u00f3n nocturna para sujeto acusado de descargar millonario cargamento de colchones que hab\u00edan sido robados horas antes - Diario El Labrador","isPartOf":{"@id":"https:\/\/diarioellabrador.cl\/#website"},"primaryImageOfPage":{"@id":"https:\/\/diarioellabrador.cl\/index.php\/2026\/03\/17\/reclusion-nocturna-para-sujeto-acusado-de-descargar-millonario-cargamento-de-colchones-que-habian-sido-robados-horas-antes\/#primaryimage"},"image":{"@id":"https:\/\/diarioellabrador.cl\/index.php\/2026\/03\/17\/reclusion-nocturna-para-sujeto-acusado-de-descargar-millonario-cargamento-de-colchones-que-habian-sido-robados-horas-antes\/#primaryimage"},"thumbnailUrl":"https:\/\/diarioellabrador.cl\/wp-content\/uploads\/2026\/03\/Reclusion-nocturna-para-sujeto-acusado-de-descargar-millonario-cargamento-de-colchones-que-habian-sido-robados-horas-antes.jpg","datePublished":"2026-03-17T22:04:17+00:00","dateModified":"2026-03-17T22:04:19+00:00","breadcrumb":{"@id":"https:\/\/diarioellabrador.cl\/index.php\/2026\/03\/17\/reclusion-nocturna-para-sujeto-acusado-de-descargar-millonario-cargamento-de-colchones-que-habian-sido-robados-horas-antes\/#breadcrumb"},"inLanguage":"es","potentialAction":[{"@type":"ReadAction","target":["https:\/\/diarioellabrador.cl\/index.php\/2026\/03\/17\/reclusion-nocturna-para-sujeto-acusado-de-descargar-millonario-cargamento-de-colchones-que-habian-sido-robados-horas-antes\/"]}]},{"@type":"ImageObject","inLanguage":"es","@id":"https:\/\/diarioellabrador.cl\/index.php\/2026\/03\/17\/reclusion-nocturna-para-sujeto-acusado-de-descargar-millonario-cargamento-de-colchones-que-habian-sido-robados-horas-antes\/#primaryimage","url":"https:\/\/diarioellabrador.cl\/wp-content\/uploads\/2026\/03\/Reclusion-nocturna-para-sujeto-acusado-de-descargar-millonario-cargamento-de-colchones-que-habian-sido-robados-horas-antes.jpg","contentUrl":"https:\/\/diarioellabrador.cl\/wp-content\/uploads\/2026\/03\/Reclusion-nocturna-para-sujeto-acusado-de-descargar-millonario-cargamento-de-colchones-que-habian-sido-robados-horas-antes.jpg","width":537,"height":361},{"@type":"BreadcrumbList","@id":"https:\/\/diarioellabrador.cl\/index.php\/2026\/03\/17\/reclusion-nocturna-para-sujeto-acusado-de-descargar-millonario-cargamento-de-colchones-que-habian-sido-robados-horas-antes\/#breadcrumb","itemListElement":[{"@type":"ListItem","position":1,"name":"Portada","item":"https:\/\/diarioellabrador.cl\/"},{"@type":"ListItem","position":2,"name":"Reclusi\u00f3n nocturna para sujeto acusado de descargar millonario cargamento de colchones que hab\u00edan sido robados horas antes"}]},{"@type":"WebSite","@id":"https:\/\/diarioellabrador.cl\/#website","url":"https:\/\/diarioellabrador.cl\/","name":"Diario El Labrador","description":"Haciendo noticia desde 1921","publisher":{"@id":"https:\/\/diarioellabrador.cl\/#organization"},"potentialAction":[{"@type":"SearchAction","target":{"@type":"EntryPoint","urlTemplate":"https:\/\/diarioellabrador.cl\/?s={search_term_string}"},"query-input":{"@type":"PropertyValueSpecification","valueRequired":true,"valueName":"search_term_string"}}],"inLanguage":"es"},{"@type":"Organization","@id":"https:\/\/diarioellabrador.cl\/#organization","name":"Diario El Labrador","url":"https:\/\/diarioellabrador.cl\/","logo":{"@type":"ImageObject","inLanguage":"es","@id":"https:\/\/diarioellabrador.cl\/#\/schema\/logo\/image\/","url":"https:\/\/diarioellabrador.cl\/wp-content\/uploads\/2025\/02\/cropped-Logo-Icono.png","contentUrl":"https:\/\/diarioellabrador.cl\/wp-content\/uploads\/2025\/02\/cropped-Logo-Icono.png","width":512,"height":512,"caption":"Diario El Labrador"},"image":{"@id":"https:\/\/diarioellabrador.cl\/#\/schema\/logo\/image\/"},"sameAs":["https:\/\/web.facebook.com\/profile.php?id=61576120840621","https:\/\/x.com\/ElLabradorOf","https:\/\/www.instagram.com\/diarioellabradoroficial\/"]},{"@type":"Person","@id":"https:\/\/diarioellabrador.cl\/#\/schema\/person\/bc25ff80b4563f9c7f4bd7855df01685","name":"Editor","image":{"@type":"ImageObject","inLanguage":"es","@id":"https:\/\/secure.gravatar.com\/avatar\/109c326cf2be5c04f048c2c2a2b8b6ef44bf3d8d1d3d4c55d0ac40c4bc994684?s=96&d=mm&r=g","url":"https:\/\/secure.gravatar.com\/avatar\/109c326cf2be5c04f048c2c2a2b8b6ef44bf3d8d1d3d4c55d0ac40c4bc994684?s=96&d=mm&r=g","contentUrl":"https:\/\/secure.gravatar.com\/avatar\/109c326cf2be5c04f048c2c2a2b8b6ef44bf3d8d1d3d4c55d0ac40c4bc994684?s=96&d=mm&r=g","caption":"Editor"},"url":"https:\/\/diarioellabrador.cl\/index.php\/author\/editor\/"}]}},"_links":{"self":[{"href":"https:\/\/diarioellabrador.cl\/index.php\/wp-json\/wp\/v2\/posts\/16736","targetHints":{"allow":["GET"]}}],"collection":[{"href":"https:\/\/diarioellabrador.cl\/index.php\/wp-json\/wp\/v2\/posts"}],"about":[{"href":"https:\/\/diarioellabrador.cl\/index.php\/wp-json\/wp\/v2\/types\/post"}],"author":[{"embeddable":true,"href":"https:\/\/diarioellabrador.cl\/index.php\/wp-json\/wp\/v2\/users\/2"}],"replies":[{"embeddable":true,"href":"https:\/\/diarioellabrador.cl\/index.php\/wp-json\/wp\/v2\/comments?post=16736"}],"version-history":[{"count":1,"href":"https:\/\/diarioellabrador.cl\/index.php\/wp-json\/wp\/v2\/posts\/16736\/revisions"}],"predecessor-version":[{"id":16737,"href":"https:\/\/diarioellabrador.cl\/index.php\/wp-json\/wp\/v2\/posts\/16736\/revisions\/16737"}],"wp:featuredmedia":[{"embeddable":true,"href":"https:\/\/diarioellabrador.cl\/index.php\/wp-json\/wp\/v2\/media\/16718"}],"wp:attachment":[{"href":"https:\/\/diarioellabrador.cl\/index.php\/wp-json\/wp\/v2\/media?parent=16736"}],"wp:term":[{"taxonomy":"category","embeddable":true,"href":"https:\/\/diarioellabrador.cl\/index.php\/wp-json\/wp\/v2\/categories?post=16736"},{"taxonomy":"post_tag","embeddable":true,"href":"https:\/\/diarioellabrador.cl\/index.php\/wp-json\/wp\/v2\/tags?post=16736"}],"curies":[{"name":"wp","href":"https:\/\/api.w.org\/{rel}","templated":true}]}}