{"id":16734,"date":"2026-03-17T18:03:23","date_gmt":"2026-03-17T22:03:23","guid":{"rendered":"https:\/\/diarioellabrador.cl\/?p=16734"},"modified":"2026-03-17T18:03:25","modified_gmt":"2026-03-17T22:03:25","slug":"entregan-sentencia-a-imputado-sorprendido-robando-bomba-de-agua-desde-planta-elevadora-ubicada-en-chocalan","status":"publish","type":"post","link":"https:\/\/diarioellabrador.cl\/index.php\/2026\/03\/17\/entregan-sentencia-a-imputado-sorprendido-robando-bomba-de-agua-desde-planta-elevadora-ubicada-en-chocalan\/","title":{"rendered":"Entregan sentencia a imputado sorprendido robando bomba de agua desde planta elevadora ubicada en Chocal\u00e1n"},"content":{"rendered":"\n<p>En el Tribunal de Garant\u00eda de Melipilla se llev\u00f3 a cabo la audiencia de procedimiento abreviado donde la Fiscal\u00eda detall\u00f3 que el d\u00eda 8 de abril del a\u00f1o 2025, siendo las 00:40 horas aproximadamente, el acusado Thomas O.S. junto a otros sujetos no individualizados, procedieron a ingresar mediante escalamiento, forzando el cierre perimetral, espec\u00edficamente el port\u00f3n de acceso a la planta de agua servidas, de la Empresa Aguas Andinas, emplazado en el sector de la medialuna de Chocal\u00e1n.<\/p>\n\n\n\n<p>Una vez en el interior de este recinto proceden a sustraer una bomba de agua avaluada en la suma de sesenta millones de pesos, la cual mediante tracci\u00f3n la sustraen con un cami\u00f3n tipo gr\u00faa, conducido por el propio acusado, para ser sorprendidos por personal de seguridad p\u00fablica, en la v\u00eda p\u00fablica habiendo ya sustra\u00eddo la especie as\u00ed referida.<\/p>\n\n\n\n<p>El magistrado dictamin\u00f3 que se condena a Thomas O.S. a 300 d\u00edas de presidio menor en su grado m\u00ednimo, por la responsabilidad que le corresponde por su calidad de autor del delito consumado de robo en lugar no habitado. Que, cumpli\u00e9ndose con los requisitos de la ley, se sustituye la pena privativa de libertad por la de remisi\u00f3n condicional, debiendo firmar una vez al mes por 1 a\u00f1o en el CRS que corresponda a su domicilio.<\/p>\n","protected":false},"excerpt":{"rendered":"<p>En el Tribunal de Garant\u00eda de Melipilla se llev\u00f3 a cabo la audiencia de procedimiento abreviado donde la Fiscal\u00eda detall\u00f3 que el d\u00eda 8 de abril del a\u00f1o 2025, siendo las 00:40 horas aproximadamente, el acusado Thomas O.S. junto a otros sujetos no individualizados, procedieron a ingresar mediante escalamiento, forzando el cierre perimetral, espec\u00edficamente el<\/p>\n<div class=\"read-more-wrapper\"><a class=\"read-more\" href=\"https:\/\/diarioellabrador.cl\/index.php\/2026\/03\/17\/entregan-sentencia-a-imputado-sorprendido-robando-bomba-de-agua-desde-planta-elevadora-ubicada-en-chocalan\/\" title=\"Leer m\u00e1s\"> <span class=\"button \">Leer m\u00e1s<\/span><\/a><\/div>\n","protected":false},"author":2,"featured_media":16717,"comment_status":"open","ping_status":"open","sticky":false,"template":"","format":"standard","meta":{"footnotes":""},"categories":[3],"tags":[],"class_list":["post-16734","post","type-post","status-publish","format-standard","has-post-thumbnail","hentry","category-policial"],"yoast_head":"<!-- This site is optimized with the Yoast SEO plugin v27.5 - https:\/\/yoast.com\/product\/yoast-seo-wordpress\/ -->\n<title>Entregan sentencia a imputado sorprendido robando bomba de agua desde planta elevadora ubicada en Chocal\u00e1n - Diario El Labrador<\/title>\n<meta name=\"robots\" content=\"index, follow, max-snippet:-1, max-image-preview:large, max-video-preview:-1\" \/>\n<link rel=\"canonical\" href=\"https:\/\/diarioellabrador.cl\/index.php\/2026\/03\/17\/entregan-sentencia-a-imputado-sorprendido-robando-bomba-de-agua-desde-planta-elevadora-ubicada-en-chocalan\/\" \/>\n<meta property=\"og:locale\" content=\"es_ES\" \/>\n<meta property=\"og:type\" content=\"article\" \/>\n<meta property=\"og:title\" content=\"Entregan sentencia a imputado sorprendido robando bomba de agua desde planta elevadora ubicada en Chocal\u00e1n - Diario El Labrador\" \/>\n<meta property=\"og:description\" content=\"En el Tribunal de Garant\u00eda de Melipilla se llev\u00f3 a cabo la audiencia de procedimiento abreviado donde la Fiscal\u00eda detall\u00f3 que el d\u00eda 8 de abril del a\u00f1o 2025, siendo las 00:40 horas aproximadamente, el acusado Thomas O.S. junto a otros sujetos no individualizados, procedieron a ingresar mediante escalamiento, forzando el cierre perimetral, espec\u00edficamente el Leer m\u00e1s\" \/>\n<meta property=\"og:url\" content=\"https:\/\/diarioellabrador.cl\/index.php\/2026\/03\/17\/entregan-sentencia-a-imputado-sorprendido-robando-bomba-de-agua-desde-planta-elevadora-ubicada-en-chocalan\/\" \/>\n<meta property=\"og:site_name\" content=\"Diario El Labrador\" \/>\n<meta property=\"article:publisher\" content=\"https:\/\/web.facebook.com\/profile.php?id=61576120840621\" \/>\n<meta property=\"article:published_time\" content=\"2026-03-17T22:03:23+00:00\" \/>\n<meta property=\"article:modified_time\" content=\"2026-03-17T22:03:25+00:00\" \/>\n<meta property=\"og:image\" content=\"https:\/\/diarioellabrador.cl\/wp-content\/uploads\/2026\/03\/Entregan-sentencia-a-imputado-sorprendido-robando-bomba-de-agua-desde-planta-elevadora-ubicada-en-Chocalan.jpeg\" \/>\n\t<meta property=\"og:image:width\" content=\"712\" \/>\n\t<meta property=\"og:image:height\" content=\"475\" \/>\n\t<meta property=\"og:image:type\" content=\"image\/jpeg\" \/>\n<meta name=\"author\" content=\"Editor\" \/>\n<meta name=\"twitter:card\" content=\"summary_large_image\" \/>\n<meta name=\"twitter:creator\" content=\"@ElLabradorOf\" \/>\n<meta name=\"twitter:site\" content=\"@ElLabradorOf\" \/>\n<meta name=\"twitter:label1\" content=\"Escrito por\" \/>\n\t<meta name=\"twitter:data1\" content=\"Editor\" \/>\n\t<meta name=\"twitter:label2\" content=\"Tiempo de lectura\" \/>\n\t<meta name=\"twitter:data2\" content=\"2 minutos\" \/>\n<script type=\"application\/ld+json\" class=\"yoast-schema-graph\">{\"@context\":\"https:\\\/\\\/schema.org\",\"@graph\":[{\"@type\":\"Article\",\"@id\":\"https:\\\/\\\/diarioellabrador.cl\\\/index.php\\\/2026\\\/03\\\/17\\\/entregan-sentencia-a-imputado-sorprendido-robando-bomba-de-agua-desde-planta-elevadora-ubicada-en-chocalan\\\/#article\",\"isPartOf\":{\"@id\":\"https:\\\/\\\/diarioellabrador.cl\\\/index.php\\\/2026\\\/03\\\/17\\\/entregan-sentencia-a-imputado-sorprendido-robando-bomba-de-agua-desde-planta-elevadora-ubicada-en-chocalan\\\/\"},\"author\":{\"name\":\"Editor\",\"@id\":\"https:\\\/\\\/diarioellabrador.cl\\\/#\\\/schema\\\/person\\\/bc25ff80b4563f9c7f4bd7855df01685\"},\"headline\":\"Entregan sentencia a imputado sorprendido robando bomba de agua desde planta elevadora ubicada en Chocal\u00e1n\",\"datePublished\":\"2026-03-17T22:03:23+00:00\",\"dateModified\":\"2026-03-17T22:03:25+00:00\",\"mainEntityOfPage\":{\"@id\":\"https:\\\/\\\/diarioellabrador.cl\\\/index.php\\\/2026\\\/03\\\/17\\\/entregan-sentencia-a-imputado-sorprendido-robando-bomba-de-agua-desde-planta-elevadora-ubicada-en-chocalan\\\/\"},\"wordCount\":245,\"commentCount\":0,\"publisher\":{\"@id\":\"https:\\\/\\\/diarioellabrador.cl\\\/#organization\"},\"image\":{\"@id\":\"https:\\\/\\\/diarioellabrador.cl\\\/index.php\\\/2026\\\/03\\\/17\\\/entregan-sentencia-a-imputado-sorprendido-robando-bomba-de-agua-desde-planta-elevadora-ubicada-en-chocalan\\\/#primaryimage\"},\"thumbnailUrl\":\"https:\\\/\\\/diarioellabrador.cl\\\/wp-content\\\/uploads\\\/2026\\\/03\\\/Entregan-sentencia-a-imputado-sorprendido-robando-bomba-de-agua-desde-planta-elevadora-ubicada-en-Chocalan.jpeg\",\"articleSection\":[\"Policial\"],\"inLanguage\":\"es\",\"potentialAction\":[{\"@type\":\"CommentAction\",\"name\":\"Comment\",\"target\":[\"https:\\\/\\\/diarioellabrador.cl\\\/index.php\\\/2026\\\/03\\\/17\\\/entregan-sentencia-a-imputado-sorprendido-robando-bomba-de-agua-desde-planta-elevadora-ubicada-en-chocalan\\\/#respond\"]}]},{\"@type\":\"WebPage\",\"@id\":\"https:\\\/\\\/diarioellabrador.cl\\\/index.php\\\/2026\\\/03\\\/17\\\/entregan-sentencia-a-imputado-sorprendido-robando-bomba-de-agua-desde-planta-elevadora-ubicada-en-chocalan\\\/\",\"url\":\"https:\\\/\\\/diarioellabrador.cl\\\/index.php\\\/2026\\\/03\\\/17\\\/entregan-sentencia-a-imputado-sorprendido-robando-bomba-de-agua-desde-planta-elevadora-ubicada-en-chocalan\\\/\",\"name\":\"Entregan sentencia a imputado sorprendido robando bomba de agua desde planta elevadora ubicada en Chocal\u00e1n - Diario El Labrador\",\"isPartOf\":{\"@id\":\"https:\\\/\\\/diarioellabrador.cl\\\/#website\"},\"primaryImageOfPage\":{\"@id\":\"https:\\\/\\\/diarioellabrador.cl\\\/index.php\\\/2026\\\/03\\\/17\\\/entregan-sentencia-a-imputado-sorprendido-robando-bomba-de-agua-desde-planta-elevadora-ubicada-en-chocalan\\\/#primaryimage\"},\"image\":{\"@id\":\"https:\\\/\\\/diarioellabrador.cl\\\/index.php\\\/2026\\\/03\\\/17\\\/entregan-sentencia-a-imputado-sorprendido-robando-bomba-de-agua-desde-planta-elevadora-ubicada-en-chocalan\\\/#primaryimage\"},\"thumbnailUrl\":\"https:\\\/\\\/diarioellabrador.cl\\\/wp-content\\\/uploads\\\/2026\\\/03\\\/Entregan-sentencia-a-imputado-sorprendido-robando-bomba-de-agua-desde-planta-elevadora-ubicada-en-Chocalan.jpeg\",\"datePublished\":\"2026-03-17T22:03:23+00:00\",\"dateModified\":\"2026-03-17T22:03:25+00:00\",\"breadcrumb\":{\"@id\":\"https:\\\/\\\/diarioellabrador.cl\\\/index.php\\\/2026\\\/03\\\/17\\\/entregan-sentencia-a-imputado-sorprendido-robando-bomba-de-agua-desde-planta-elevadora-ubicada-en-chocalan\\\/#breadcrumb\"},\"inLanguage\":\"es\",\"potentialAction\":[{\"@type\":\"ReadAction\",\"target\":[\"https:\\\/\\\/diarioellabrador.cl\\\/index.php\\\/2026\\\/03\\\/17\\\/entregan-sentencia-a-imputado-sorprendido-robando-bomba-de-agua-desde-planta-elevadora-ubicada-en-chocalan\\\/\"]}]},{\"@type\":\"ImageObject\",\"inLanguage\":\"es\",\"@id\":\"https:\\\/\\\/diarioellabrador.cl\\\/index.php\\\/2026\\\/03\\\/17\\\/entregan-sentencia-a-imputado-sorprendido-robando-bomba-de-agua-desde-planta-elevadora-ubicada-en-chocalan\\\/#primaryimage\",\"url\":\"https:\\\/\\\/diarioellabrador.cl\\\/wp-content\\\/uploads\\\/2026\\\/03\\\/Entregan-sentencia-a-imputado-sorprendido-robando-bomba-de-agua-desde-planta-elevadora-ubicada-en-Chocalan.jpeg\",\"contentUrl\":\"https:\\\/\\\/diarioellabrador.cl\\\/wp-content\\\/uploads\\\/2026\\\/03\\\/Entregan-sentencia-a-imputado-sorprendido-robando-bomba-de-agua-desde-planta-elevadora-ubicada-en-Chocalan.jpeg\",\"width\":712,\"height\":475},{\"@type\":\"BreadcrumbList\",\"@id\":\"https:\\\/\\\/diarioellabrador.cl\\\/index.php\\\/2026\\\/03\\\/17\\\/entregan-sentencia-a-imputado-sorprendido-robando-bomba-de-agua-desde-planta-elevadora-ubicada-en-chocalan\\\/#breadcrumb\",\"itemListElement\":[{\"@type\":\"ListItem\",\"position\":1,\"name\":\"Portada\",\"item\":\"https:\\\/\\\/diarioellabrador.cl\\\/\"},{\"@type\":\"ListItem\",\"position\":2,\"name\":\"Entregan sentencia a imputado sorprendido robando bomba de agua desde planta elevadora ubicada en Chocal\u00e1n\"}]},{\"@type\":\"WebSite\",\"@id\":\"https:\\\/\\\/diarioellabrador.cl\\\/#website\",\"url\":\"https:\\\/\\\/diarioellabrador.cl\\\/\",\"name\":\"Diario El Labrador\",\"description\":\"Haciendo noticia desde 1921\",\"publisher\":{\"@id\":\"https:\\\/\\\/diarioellabrador.cl\\\/#organization\"},\"potentialAction\":[{\"@type\":\"SearchAction\",\"target\":{\"@type\":\"EntryPoint\",\"urlTemplate\":\"https:\\\/\\\/diarioellabrador.cl\\\/?s={search_term_string}\"},\"query-input\":{\"@type\":\"PropertyValueSpecification\",\"valueRequired\":true,\"valueName\":\"search_term_string\"}}],\"inLanguage\":\"es\"},{\"@type\":\"Organization\",\"@id\":\"https:\\\/\\\/diarioellabrador.cl\\\/#organization\",\"name\":\"Diario El Labrador\",\"url\":\"https:\\\/\\\/diarioellabrador.cl\\\/\",\"logo\":{\"@type\":\"ImageObject\",\"inLanguage\":\"es\",\"@id\":\"https:\\\/\\\/diarioellabrador.cl\\\/#\\\/schema\\\/logo\\\/image\\\/\",\"url\":\"https:\\\/\\\/diarioellabrador.cl\\\/wp-content\\\/uploads\\\/2025\\\/02\\\/cropped-Logo-Icono.png\",\"contentUrl\":\"https:\\\/\\\/diarioellabrador.cl\\\/wp-content\\\/uploads\\\/2025\\\/02\\\/cropped-Logo-Icono.png\",\"width\":512,\"height\":512,\"caption\":\"Diario El Labrador\"},\"image\":{\"@id\":\"https:\\\/\\\/diarioellabrador.cl\\\/#\\\/schema\\\/logo\\\/image\\\/\"},\"sameAs\":[\"https:\\\/\\\/web.facebook.com\\\/profile.php?id=61576120840621\",\"https:\\\/\\\/x.com\\\/ElLabradorOf\",\"https:\\\/\\\/www.instagram.com\\\/diarioellabradoroficial\\\/\"]},{\"@type\":\"Person\",\"@id\":\"https:\\\/\\\/diarioellabrador.cl\\\/#\\\/schema\\\/person\\\/bc25ff80b4563f9c7f4bd7855df01685\",\"name\":\"Editor\",\"image\":{\"@type\":\"ImageObject\",\"inLanguage\":\"es\",\"@id\":\"https:\\\/\\\/secure.gravatar.com\\\/avatar\\\/109c326cf2be5c04f048c2c2a2b8b6ef44bf3d8d1d3d4c55d0ac40c4bc994684?s=96&d=mm&r=g\",\"url\":\"https:\\\/\\\/secure.gravatar.com\\\/avatar\\\/109c326cf2be5c04f048c2c2a2b8b6ef44bf3d8d1d3d4c55d0ac40c4bc994684?s=96&d=mm&r=g\",\"contentUrl\":\"https:\\\/\\\/secure.gravatar.com\\\/avatar\\\/109c326cf2be5c04f048c2c2a2b8b6ef44bf3d8d1d3d4c55d0ac40c4bc994684?s=96&d=mm&r=g\",\"caption\":\"Editor\"},\"url\":\"https:\\\/\\\/diarioellabrador.cl\\\/index.php\\\/author\\\/editor\\\/\"}]}<\/script>\n<!-- \/ Yoast SEO plugin. -->","yoast_head_json":{"title":"Entregan sentencia a imputado sorprendido robando bomba de agua desde planta elevadora ubicada en Chocal\u00e1n - Diario El Labrador","robots":{"index":"index","follow":"follow","max-snippet":"max-snippet:-1","max-image-preview":"max-image-preview:large","max-video-preview":"max-video-preview:-1"},"canonical":"https:\/\/diarioellabrador.cl\/index.php\/2026\/03\/17\/entregan-sentencia-a-imputado-sorprendido-robando-bomba-de-agua-desde-planta-elevadora-ubicada-en-chocalan\/","og_locale":"es_ES","og_type":"article","og_title":"Entregan sentencia a imputado sorprendido robando bomba de agua desde planta elevadora ubicada en Chocal\u00e1n - Diario El Labrador","og_description":"En el Tribunal de Garant\u00eda de Melipilla se llev\u00f3 a cabo la audiencia de procedimiento abreviado donde la Fiscal\u00eda detall\u00f3 que el d\u00eda 8 de abril del a\u00f1o 2025, siendo las 00:40 horas aproximadamente, el acusado Thomas O.S. junto a otros sujetos no individualizados, procedieron a ingresar mediante escalamiento, forzando el cierre perimetral, espec\u00edficamente el Leer m\u00e1s","og_url":"https:\/\/diarioellabrador.cl\/index.php\/2026\/03\/17\/entregan-sentencia-a-imputado-sorprendido-robando-bomba-de-agua-desde-planta-elevadora-ubicada-en-chocalan\/","og_site_name":"Diario El Labrador","article_publisher":"https:\/\/web.facebook.com\/profile.php?id=61576120840621","article_published_time":"2026-03-17T22:03:23+00:00","article_modified_time":"2026-03-17T22:03:25+00:00","og_image":[{"width":712,"height":475,"url":"https:\/\/diarioellabrador.cl\/wp-content\/uploads\/2026\/03\/Entregan-sentencia-a-imputado-sorprendido-robando-bomba-de-agua-desde-planta-elevadora-ubicada-en-Chocalan.jpeg","type":"image\/jpeg"}],"author":"Editor","twitter_card":"summary_large_image","twitter_creator":"@ElLabradorOf","twitter_site":"@ElLabradorOf","twitter_misc":{"Escrito por":"Editor","Tiempo de lectura":"2 minutos"},"schema":{"@context":"https:\/\/schema.org","@graph":[{"@type":"Article","@id":"https:\/\/diarioellabrador.cl\/index.php\/2026\/03\/17\/entregan-sentencia-a-imputado-sorprendido-robando-bomba-de-agua-desde-planta-elevadora-ubicada-en-chocalan\/#article","isPartOf":{"@id":"https:\/\/diarioellabrador.cl\/index.php\/2026\/03\/17\/entregan-sentencia-a-imputado-sorprendido-robando-bomba-de-agua-desde-planta-elevadora-ubicada-en-chocalan\/"},"author":{"name":"Editor","@id":"https:\/\/diarioellabrador.cl\/#\/schema\/person\/bc25ff80b4563f9c7f4bd7855df01685"},"headline":"Entregan sentencia a imputado sorprendido robando bomba de agua desde planta elevadora ubicada en Chocal\u00e1n","datePublished":"2026-03-17T22:03:23+00:00","dateModified":"2026-03-17T22:03:25+00:00","mainEntityOfPage":{"@id":"https:\/\/diarioellabrador.cl\/index.php\/2026\/03\/17\/entregan-sentencia-a-imputado-sorprendido-robando-bomba-de-agua-desde-planta-elevadora-ubicada-en-chocalan\/"},"wordCount":245,"commentCount":0,"publisher":{"@id":"https:\/\/diarioellabrador.cl\/#organization"},"image":{"@id":"https:\/\/diarioellabrador.cl\/index.php\/2026\/03\/17\/entregan-sentencia-a-imputado-sorprendido-robando-bomba-de-agua-desde-planta-elevadora-ubicada-en-chocalan\/#primaryimage"},"thumbnailUrl":"https:\/\/diarioellabrador.cl\/wp-content\/uploads\/2026\/03\/Entregan-sentencia-a-imputado-sorprendido-robando-bomba-de-agua-desde-planta-elevadora-ubicada-en-Chocalan.jpeg","articleSection":["Policial"],"inLanguage":"es","potentialAction":[{"@type":"CommentAction","name":"Comment","target":["https:\/\/diarioellabrador.cl\/index.php\/2026\/03\/17\/entregan-sentencia-a-imputado-sorprendido-robando-bomba-de-agua-desde-planta-elevadora-ubicada-en-chocalan\/#respond"]}]},{"@type":"WebPage","@id":"https:\/\/diarioellabrador.cl\/index.php\/2026\/03\/17\/entregan-sentencia-a-imputado-sorprendido-robando-bomba-de-agua-desde-planta-elevadora-ubicada-en-chocalan\/","url":"https:\/\/diarioellabrador.cl\/index.php\/2026\/03\/17\/entregan-sentencia-a-imputado-sorprendido-robando-bomba-de-agua-desde-planta-elevadora-ubicada-en-chocalan\/","name":"Entregan sentencia a imputado sorprendido robando bomba de agua desde planta elevadora ubicada en Chocal\u00e1n - Diario El Labrador","isPartOf":{"@id":"https:\/\/diarioellabrador.cl\/#website"},"primaryImageOfPage":{"@id":"https:\/\/diarioellabrador.cl\/index.php\/2026\/03\/17\/entregan-sentencia-a-imputado-sorprendido-robando-bomba-de-agua-desde-planta-elevadora-ubicada-en-chocalan\/#primaryimage"},"image":{"@id":"https:\/\/diarioellabrador.cl\/index.php\/2026\/03\/17\/entregan-sentencia-a-imputado-sorprendido-robando-bomba-de-agua-desde-planta-elevadora-ubicada-en-chocalan\/#primaryimage"},"thumbnailUrl":"https:\/\/diarioellabrador.cl\/wp-content\/uploads\/2026\/03\/Entregan-sentencia-a-imputado-sorprendido-robando-bomba-de-agua-desde-planta-elevadora-ubicada-en-Chocalan.jpeg","datePublished":"2026-03-17T22:03:23+00:00","dateModified":"2026-03-17T22:03:25+00:00","breadcrumb":{"@id":"https:\/\/diarioellabrador.cl\/index.php\/2026\/03\/17\/entregan-sentencia-a-imputado-sorprendido-robando-bomba-de-agua-desde-planta-elevadora-ubicada-en-chocalan\/#breadcrumb"},"inLanguage":"es","potentialAction":[{"@type":"ReadAction","target":["https:\/\/diarioellabrador.cl\/index.php\/2026\/03\/17\/entregan-sentencia-a-imputado-sorprendido-robando-bomba-de-agua-desde-planta-elevadora-ubicada-en-chocalan\/"]}]},{"@type":"ImageObject","inLanguage":"es","@id":"https:\/\/diarioellabrador.cl\/index.php\/2026\/03\/17\/entregan-sentencia-a-imputado-sorprendido-robando-bomba-de-agua-desde-planta-elevadora-ubicada-en-chocalan\/#primaryimage","url":"https:\/\/diarioellabrador.cl\/wp-content\/uploads\/2026\/03\/Entregan-sentencia-a-imputado-sorprendido-robando-bomba-de-agua-desde-planta-elevadora-ubicada-en-Chocalan.jpeg","contentUrl":"https:\/\/diarioellabrador.cl\/wp-content\/uploads\/2026\/03\/Entregan-sentencia-a-imputado-sorprendido-robando-bomba-de-agua-desde-planta-elevadora-ubicada-en-Chocalan.jpeg","width":712,"height":475},{"@type":"BreadcrumbList","@id":"https:\/\/diarioellabrador.cl\/index.php\/2026\/03\/17\/entregan-sentencia-a-imputado-sorprendido-robando-bomba-de-agua-desde-planta-elevadora-ubicada-en-chocalan\/#breadcrumb","itemListElement":[{"@type":"ListItem","position":1,"name":"Portada","item":"https:\/\/diarioellabrador.cl\/"},{"@type":"ListItem","position":2,"name":"Entregan sentencia a imputado sorprendido robando bomba de agua desde planta elevadora ubicada en Chocal\u00e1n"}]},{"@type":"WebSite","@id":"https:\/\/diarioellabrador.cl\/#website","url":"https:\/\/diarioellabrador.cl\/","name":"Diario El Labrador","description":"Haciendo noticia desde 1921","publisher":{"@id":"https:\/\/diarioellabrador.cl\/#organization"},"potentialAction":[{"@type":"SearchAction","target":{"@type":"EntryPoint","urlTemplate":"https:\/\/diarioellabrador.cl\/?s={search_term_string}"},"query-input":{"@type":"PropertyValueSpecification","valueRequired":true,"valueName":"search_term_string"}}],"inLanguage":"es"},{"@type":"Organization","@id":"https:\/\/diarioellabrador.cl\/#organization","name":"Diario El Labrador","url":"https:\/\/diarioellabrador.cl\/","logo":{"@type":"ImageObject","inLanguage":"es","@id":"https:\/\/diarioellabrador.cl\/#\/schema\/logo\/image\/","url":"https:\/\/diarioellabrador.cl\/wp-content\/uploads\/2025\/02\/cropped-Logo-Icono.png","contentUrl":"https:\/\/diarioellabrador.cl\/wp-content\/uploads\/2025\/02\/cropped-Logo-Icono.png","width":512,"height":512,"caption":"Diario El Labrador"},"image":{"@id":"https:\/\/diarioellabrador.cl\/#\/schema\/logo\/image\/"},"sameAs":["https:\/\/web.facebook.com\/profile.php?id=61576120840621","https:\/\/x.com\/ElLabradorOf","https:\/\/www.instagram.com\/diarioellabradoroficial\/"]},{"@type":"Person","@id":"https:\/\/diarioellabrador.cl\/#\/schema\/person\/bc25ff80b4563f9c7f4bd7855df01685","name":"Editor","image":{"@type":"ImageObject","inLanguage":"es","@id":"https:\/\/secure.gravatar.com\/avatar\/109c326cf2be5c04f048c2c2a2b8b6ef44bf3d8d1d3d4c55d0ac40c4bc994684?s=96&d=mm&r=g","url":"https:\/\/secure.gravatar.com\/avatar\/109c326cf2be5c04f048c2c2a2b8b6ef44bf3d8d1d3d4c55d0ac40c4bc994684?s=96&d=mm&r=g","contentUrl":"https:\/\/secure.gravatar.com\/avatar\/109c326cf2be5c04f048c2c2a2b8b6ef44bf3d8d1d3d4c55d0ac40c4bc994684?s=96&d=mm&r=g","caption":"Editor"},"url":"https:\/\/diarioellabrador.cl\/index.php\/author\/editor\/"}]}},"_links":{"self":[{"href":"https:\/\/diarioellabrador.cl\/index.php\/wp-json\/wp\/v2\/posts\/16734","targetHints":{"allow":["GET"]}}],"collection":[{"href":"https:\/\/diarioellabrador.cl\/index.php\/wp-json\/wp\/v2\/posts"}],"about":[{"href":"https:\/\/diarioellabrador.cl\/index.php\/wp-json\/wp\/v2\/types\/post"}],"author":[{"embeddable":true,"href":"https:\/\/diarioellabrador.cl\/index.php\/wp-json\/wp\/v2\/users\/2"}],"replies":[{"embeddable":true,"href":"https:\/\/diarioellabrador.cl\/index.php\/wp-json\/wp\/v2\/comments?post=16734"}],"version-history":[{"count":1,"href":"https:\/\/diarioellabrador.cl\/index.php\/wp-json\/wp\/v2\/posts\/16734\/revisions"}],"predecessor-version":[{"id":16735,"href":"https:\/\/diarioellabrador.cl\/index.php\/wp-json\/wp\/v2\/posts\/16734\/revisions\/16735"}],"wp:featuredmedia":[{"embeddable":true,"href":"https:\/\/diarioellabrador.cl\/index.php\/wp-json\/wp\/v2\/media\/16717"}],"wp:attachment":[{"href":"https:\/\/diarioellabrador.cl\/index.php\/wp-json\/wp\/v2\/media?parent=16734"}],"wp:term":[{"taxonomy":"category","embeddable":true,"href":"https:\/\/diarioellabrador.cl\/index.php\/wp-json\/wp\/v2\/categories?post=16734"},{"taxonomy":"post_tag","embeddable":true,"href":"https:\/\/diarioellabrador.cl\/index.php\/wp-json\/wp\/v2\/tags?post=16734"}],"curies":[{"name":"wp","href":"https:\/\/api.w.org\/{rel}","templated":true}]}}