{"id":16731,"date":"2026-03-17T18:02:30","date_gmt":"2026-03-17T22:02:30","guid":{"rendered":"https:\/\/diarioellabrador.cl\/?p=16731"},"modified":"2026-03-17T21:17:01","modified_gmt":"2026-03-18T01:17:01","slug":"despliegue-policial-en-centro-civico-de-melipilla-deja-tres-detenidos-y-mas-de-300-controles-y-fiscalizaciones","status":"publish","type":"post","link":"https:\/\/diarioellabrador.cl\/index.php\/2026\/03\/17\/despliegue-policial-en-centro-civico-de-melipilla-deja-tres-detenidos-y-mas-de-300-controles-y-fiscalizaciones\/","title":{"rendered":"Despliegue policial en centro c\u00edvico de Melipilla deja tres detenidos y m\u00e1s de 300 controles y fiscalizaciones"},"content":{"rendered":"\n<ul class=\"wp-block-list\">\n<li><strong>La intervenci\u00f3n policial tuvo como prop\u00f3sito reforzar la seguridad en el sector c\u00e9ntrico, acciones que se replicar\u00e1n en otras comunas de la provincia.<\/strong><\/li>\n<\/ul>\n\n\n\n<p>Un importante despliegue policial se desarroll\u00f3 en el sector c\u00e9ntrico de la comuna de Melipilla, con el prop\u00f3sito de reforzar la seguridad y el orden p\u00fablico, jornada que inici\u00f3 con una formaci\u00f3n policial en la Plaza de Armas, instancia en la que particip\u00f3 el Delegado Presidencial Provincial de Melipilla, Gast\u00f3n Libuy Loyola, junto al Prefecto de la Prefectura Costa de Carabineros, Coronel Cristian Mattus Torres.<\/p>\n\n\n\n<p>La autoridad provincial explic\u00f3 que, dentro de las principales tareas a desarrollar en las comunas de la provincia, la seguridad constituye una prioridad, por lo que se estar\u00e1n coordinando de manera permanente acciones que permitan reforzar el orden p\u00fablico y mejorar la seguridad de los vecinos. Asimismo, indic\u00f3 que este tipo de despliegues se proyecta replicar en otras comunas del territorio, medidas impulsadas para fortalecer la seguridad en la provincia, con foco en la prevenci\u00f3n del delito y la protecci\u00f3n de la comunidad.<\/p>\n\n\n\n<p>\u201cEste lunes salimos activamente con carabineros, a trav\u00e9s de una ronda extraordinaria en Melipilla, siendo el punto de partida en la plaza, donde se hizo una intensa jornada de fiscalizaci\u00f3n policial. M\u00e1s de 300 fiscalizaciones, con buenos resultados, 182 controles de identidad y 128 controles vehiculares, logr\u00e1ndose la detenci\u00f3n de tres sujetos de inter\u00e9s p\u00fablico. Este trabajo intenso lo vamos a seguir desarrollando, es lo que nos pidi\u00f3 nuestro presidente, estar ampliamente desplegados en terreno, mejorar los \u00edndices de seguridad, que es lo que nos reclaman los vecinos, y en eso estamos trabajando\u201d, concluy\u00f3.<\/p>\n\n\n\n<p>Por su parte, el Coronel Cristian Matus Torres, Prefecto de la Prefectura Costa, se\u00f1al\u00f3 que \u201cla labor principal de esta ronda es mantener servicios preventivos en lo que es el sector c\u00e9ntrico de la comuna de Melipilla, con la finalidad de prevenir la ocurrencia de delitos, tales como robo de accesorios de veh\u00edculos, robo a locales comerciales, o personas que transitan por las avenidas principales de la comuna de Melipilla, y a su vez ejecutar los controles de identidad para poder detener a aquellas personas que mantengan alguna orden de detenci\u00f3n pendiente, tal como se ha hecho en otras regiones y comunas del pa\u00eds.<\/p>\n\n\n\n<p>Destacar que, como resultado de la intervenci\u00f3n, se registr\u00f3 la detenci\u00f3n de tres personas, una por mantener orden de detenci\u00f3n vigente, otra por porte de arma blanca y una por lesiones leves. En este sentido, se trat\u00f3 de un total de 319 procedimientos, que incluyeron 182 controles de identidad y 128 controles vehiculares. Paralelamente, se cursaron infracciones por diversas faltas, entre ellas, cuatro infracciones de tr\u00e1nsito y una por Ley de Alcoholes, adem\u00e1s del retiro de un veh\u00edculo de circulaci\u00f3n.<\/p>\n","protected":false},"excerpt":{"rendered":"<p>Un importante despliegue policial se desarroll\u00f3 en el sector c\u00e9ntrico de la comuna de Melipilla, con el prop\u00f3sito de reforzar la seguridad y el orden p\u00fablico, jornada que inici\u00f3 con una formaci\u00f3n policial en la Plaza de Armas, instancia en la que particip\u00f3 el Delegado Presidencial Provincial de Melipilla, Gast\u00f3n Libuy Loyola, junto al Prefecto<\/p>\n<div class=\"read-more-wrapper\"><a class=\"read-more\" href=\"https:\/\/diarioellabrador.cl\/index.php\/2026\/03\/17\/despliegue-policial-en-centro-civico-de-melipilla-deja-tres-detenidos-y-mas-de-300-controles-y-fiscalizaciones\/\" title=\"Leer m\u00e1s\"> <span class=\"button \">Leer m\u00e1s<\/span><\/a><\/div>\n","protected":false},"author":2,"featured_media":16768,"comment_status":"open","ping_status":"open","sticky":false,"template":"","format":"standard","meta":{"footnotes":""},"categories":[1,14],"tags":[],"class_list":["post-16731","post","type-post","status-publish","format-standard","has-post-thumbnail","hentry","category-cronica","category-destacados"],"yoast_head":"<!-- This site is optimized with the Yoast SEO plugin v27.5 - https:\/\/yoast.com\/product\/yoast-seo-wordpress\/ -->\n<title>Despliegue policial en centro c\u00edvico de Melipilla deja tres detenidos y m\u00e1s de 300 controles y fiscalizaciones - Diario El Labrador<\/title>\n<meta name=\"robots\" content=\"index, follow, max-snippet:-1, max-image-preview:large, max-video-preview:-1\" \/>\n<link rel=\"canonical\" href=\"https:\/\/diarioellabrador.cl\/index.php\/2026\/03\/17\/despliegue-policial-en-centro-civico-de-melipilla-deja-tres-detenidos-y-mas-de-300-controles-y-fiscalizaciones\/\" \/>\n<meta property=\"og:locale\" content=\"es_ES\" \/>\n<meta property=\"og:type\" content=\"article\" \/>\n<meta property=\"og:title\" content=\"Despliegue policial en centro c\u00edvico de Melipilla deja tres detenidos y m\u00e1s de 300 controles y fiscalizaciones - Diario El Labrador\" \/>\n<meta property=\"og:description\" content=\"Un importante despliegue policial se desarroll\u00f3 en el sector c\u00e9ntrico de la comuna de Melipilla, con el prop\u00f3sito de reforzar la seguridad y el orden p\u00fablico, jornada que inici\u00f3 con una formaci\u00f3n policial en la Plaza de Armas, instancia en la que particip\u00f3 el Delegado Presidencial Provincial de Melipilla, Gast\u00f3n Libuy Loyola, junto al Prefecto Leer m\u00e1s\" \/>\n<meta property=\"og:url\" content=\"https:\/\/diarioellabrador.cl\/index.php\/2026\/03\/17\/despliegue-policial-en-centro-civico-de-melipilla-deja-tres-detenidos-y-mas-de-300-controles-y-fiscalizaciones\/\" \/>\n<meta property=\"og:site_name\" content=\"Diario El Labrador\" \/>\n<meta property=\"article:publisher\" content=\"https:\/\/web.facebook.com\/profile.php?id=61576120840621\" \/>\n<meta property=\"article:published_time\" content=\"2026-03-17T22:02:30+00:00\" \/>\n<meta property=\"article:modified_time\" content=\"2026-03-18T01:17:01+00:00\" \/>\n<meta property=\"og:image\" content=\"https:\/\/diarioellabrador.cl\/wp-content\/uploads\/2026\/03\/WhatsApp-Image-2026-03-16-at-4.51.17-PM.jpeg\" \/>\n\t<meta property=\"og:image:width\" content=\"1280\" \/>\n\t<meta property=\"og:image:height\" content=\"960\" \/>\n\t<meta property=\"og:image:type\" content=\"image\/jpeg\" \/>\n<meta name=\"author\" content=\"Editor\" \/>\n<meta name=\"twitter:card\" content=\"summary_large_image\" \/>\n<meta name=\"twitter:creator\" content=\"@ElLabradorOf\" \/>\n<meta name=\"twitter:site\" content=\"@ElLabradorOf\" \/>\n<meta name=\"twitter:label1\" content=\"Escrito por\" \/>\n\t<meta name=\"twitter:data1\" content=\"Editor\" \/>\n\t<meta name=\"twitter:label2\" content=\"Tiempo de lectura\" \/>\n\t<meta name=\"twitter:data2\" content=\"3 minutos\" \/>\n<script type=\"application\/ld+json\" class=\"yoast-schema-graph\">{\"@context\":\"https:\\\/\\\/schema.org\",\"@graph\":[{\"@type\":\"Article\",\"@id\":\"https:\\\/\\\/diarioellabrador.cl\\\/index.php\\\/2026\\\/03\\\/17\\\/despliegue-policial-en-centro-civico-de-melipilla-deja-tres-detenidos-y-mas-de-300-controles-y-fiscalizaciones\\\/#article\",\"isPartOf\":{\"@id\":\"https:\\\/\\\/diarioellabrador.cl\\\/index.php\\\/2026\\\/03\\\/17\\\/despliegue-policial-en-centro-civico-de-melipilla-deja-tres-detenidos-y-mas-de-300-controles-y-fiscalizaciones\\\/\"},\"author\":{\"name\":\"Editor\",\"@id\":\"https:\\\/\\\/diarioellabrador.cl\\\/#\\\/schema\\\/person\\\/bc25ff80b4563f9c7f4bd7855df01685\"},\"headline\":\"Despliegue policial en centro c\u00edvico de Melipilla deja tres detenidos y m\u00e1s de 300 controles y fiscalizaciones\",\"datePublished\":\"2026-03-17T22:02:30+00:00\",\"dateModified\":\"2026-03-18T01:17:01+00:00\",\"mainEntityOfPage\":{\"@id\":\"https:\\\/\\\/diarioellabrador.cl\\\/index.php\\\/2026\\\/03\\\/17\\\/despliegue-policial-en-centro-civico-de-melipilla-deja-tres-detenidos-y-mas-de-300-controles-y-fiscalizaciones\\\/\"},\"wordCount\":493,\"commentCount\":0,\"publisher\":{\"@id\":\"https:\\\/\\\/diarioellabrador.cl\\\/#organization\"},\"image\":{\"@id\":\"https:\\\/\\\/diarioellabrador.cl\\\/index.php\\\/2026\\\/03\\\/17\\\/despliegue-policial-en-centro-civico-de-melipilla-deja-tres-detenidos-y-mas-de-300-controles-y-fiscalizaciones\\\/#primaryimage\"},\"thumbnailUrl\":\"https:\\\/\\\/diarioellabrador.cl\\\/wp-content\\\/uploads\\\/2026\\\/03\\\/WhatsApp-Image-2026-03-16-at-4.51.17-PM.jpeg\",\"articleSection\":[\"Cr\u00f3nica\",\"Destacados\"],\"inLanguage\":\"es\",\"potentialAction\":[{\"@type\":\"CommentAction\",\"name\":\"Comment\",\"target\":[\"https:\\\/\\\/diarioellabrador.cl\\\/index.php\\\/2026\\\/03\\\/17\\\/despliegue-policial-en-centro-civico-de-melipilla-deja-tres-detenidos-y-mas-de-300-controles-y-fiscalizaciones\\\/#respond\"]}]},{\"@type\":\"WebPage\",\"@id\":\"https:\\\/\\\/diarioellabrador.cl\\\/index.php\\\/2026\\\/03\\\/17\\\/despliegue-policial-en-centro-civico-de-melipilla-deja-tres-detenidos-y-mas-de-300-controles-y-fiscalizaciones\\\/\",\"url\":\"https:\\\/\\\/diarioellabrador.cl\\\/index.php\\\/2026\\\/03\\\/17\\\/despliegue-policial-en-centro-civico-de-melipilla-deja-tres-detenidos-y-mas-de-300-controles-y-fiscalizaciones\\\/\",\"name\":\"Despliegue policial en centro c\u00edvico de Melipilla deja tres detenidos y m\u00e1s de 300 controles y fiscalizaciones - Diario El Labrador\",\"isPartOf\":{\"@id\":\"https:\\\/\\\/diarioellabrador.cl\\\/#website\"},\"primaryImageOfPage\":{\"@id\":\"https:\\\/\\\/diarioellabrador.cl\\\/index.php\\\/2026\\\/03\\\/17\\\/despliegue-policial-en-centro-civico-de-melipilla-deja-tres-detenidos-y-mas-de-300-controles-y-fiscalizaciones\\\/#primaryimage\"},\"image\":{\"@id\":\"https:\\\/\\\/diarioellabrador.cl\\\/index.php\\\/2026\\\/03\\\/17\\\/despliegue-policial-en-centro-civico-de-melipilla-deja-tres-detenidos-y-mas-de-300-controles-y-fiscalizaciones\\\/#primaryimage\"},\"thumbnailUrl\":\"https:\\\/\\\/diarioellabrador.cl\\\/wp-content\\\/uploads\\\/2026\\\/03\\\/WhatsApp-Image-2026-03-16-at-4.51.17-PM.jpeg\",\"datePublished\":\"2026-03-17T22:02:30+00:00\",\"dateModified\":\"2026-03-18T01:17:01+00:00\",\"breadcrumb\":{\"@id\":\"https:\\\/\\\/diarioellabrador.cl\\\/index.php\\\/2026\\\/03\\\/17\\\/despliegue-policial-en-centro-civico-de-melipilla-deja-tres-detenidos-y-mas-de-300-controles-y-fiscalizaciones\\\/#breadcrumb\"},\"inLanguage\":\"es\",\"potentialAction\":[{\"@type\":\"ReadAction\",\"target\":[\"https:\\\/\\\/diarioellabrador.cl\\\/index.php\\\/2026\\\/03\\\/17\\\/despliegue-policial-en-centro-civico-de-melipilla-deja-tres-detenidos-y-mas-de-300-controles-y-fiscalizaciones\\\/\"]}]},{\"@type\":\"ImageObject\",\"inLanguage\":\"es\",\"@id\":\"https:\\\/\\\/diarioellabrador.cl\\\/index.php\\\/2026\\\/03\\\/17\\\/despliegue-policial-en-centro-civico-de-melipilla-deja-tres-detenidos-y-mas-de-300-controles-y-fiscalizaciones\\\/#primaryimage\",\"url\":\"https:\\\/\\\/diarioellabrador.cl\\\/wp-content\\\/uploads\\\/2026\\\/03\\\/WhatsApp-Image-2026-03-16-at-4.51.17-PM.jpeg\",\"contentUrl\":\"https:\\\/\\\/diarioellabrador.cl\\\/wp-content\\\/uploads\\\/2026\\\/03\\\/WhatsApp-Image-2026-03-16-at-4.51.17-PM.jpeg\",\"width\":1280,\"height\":960},{\"@type\":\"BreadcrumbList\",\"@id\":\"https:\\\/\\\/diarioellabrador.cl\\\/index.php\\\/2026\\\/03\\\/17\\\/despliegue-policial-en-centro-civico-de-melipilla-deja-tres-detenidos-y-mas-de-300-controles-y-fiscalizaciones\\\/#breadcrumb\",\"itemListElement\":[{\"@type\":\"ListItem\",\"position\":1,\"name\":\"Portada\",\"item\":\"https:\\\/\\\/diarioellabrador.cl\\\/\"},{\"@type\":\"ListItem\",\"position\":2,\"name\":\"Despliegue policial en centro c\u00edvico de Melipilla deja tres detenidos y m\u00e1s de 300 controles y fiscalizaciones\"}]},{\"@type\":\"WebSite\",\"@id\":\"https:\\\/\\\/diarioellabrador.cl\\\/#website\",\"url\":\"https:\\\/\\\/diarioellabrador.cl\\\/\",\"name\":\"Diario El Labrador\",\"description\":\"Haciendo noticia desde 1921\",\"publisher\":{\"@id\":\"https:\\\/\\\/diarioellabrador.cl\\\/#organization\"},\"potentialAction\":[{\"@type\":\"SearchAction\",\"target\":{\"@type\":\"EntryPoint\",\"urlTemplate\":\"https:\\\/\\\/diarioellabrador.cl\\\/?s={search_term_string}\"},\"query-input\":{\"@type\":\"PropertyValueSpecification\",\"valueRequired\":true,\"valueName\":\"search_term_string\"}}],\"inLanguage\":\"es\"},{\"@type\":\"Organization\",\"@id\":\"https:\\\/\\\/diarioellabrador.cl\\\/#organization\",\"name\":\"Diario El Labrador\",\"url\":\"https:\\\/\\\/diarioellabrador.cl\\\/\",\"logo\":{\"@type\":\"ImageObject\",\"inLanguage\":\"es\",\"@id\":\"https:\\\/\\\/diarioellabrador.cl\\\/#\\\/schema\\\/logo\\\/image\\\/\",\"url\":\"https:\\\/\\\/diarioellabrador.cl\\\/wp-content\\\/uploads\\\/2025\\\/02\\\/cropped-Logo-Icono.png\",\"contentUrl\":\"https:\\\/\\\/diarioellabrador.cl\\\/wp-content\\\/uploads\\\/2025\\\/02\\\/cropped-Logo-Icono.png\",\"width\":512,\"height\":512,\"caption\":\"Diario El Labrador\"},\"image\":{\"@id\":\"https:\\\/\\\/diarioellabrador.cl\\\/#\\\/schema\\\/logo\\\/image\\\/\"},\"sameAs\":[\"https:\\\/\\\/web.facebook.com\\\/profile.php?id=61576120840621\",\"https:\\\/\\\/x.com\\\/ElLabradorOf\",\"https:\\\/\\\/www.instagram.com\\\/diarioellabradoroficial\\\/\"]},{\"@type\":\"Person\",\"@id\":\"https:\\\/\\\/diarioellabrador.cl\\\/#\\\/schema\\\/person\\\/bc25ff80b4563f9c7f4bd7855df01685\",\"name\":\"Editor\",\"image\":{\"@type\":\"ImageObject\",\"inLanguage\":\"es\",\"@id\":\"https:\\\/\\\/secure.gravatar.com\\\/avatar\\\/109c326cf2be5c04f048c2c2a2b8b6ef44bf3d8d1d3d4c55d0ac40c4bc994684?s=96&d=mm&r=g\",\"url\":\"https:\\\/\\\/secure.gravatar.com\\\/avatar\\\/109c326cf2be5c04f048c2c2a2b8b6ef44bf3d8d1d3d4c55d0ac40c4bc994684?s=96&d=mm&r=g\",\"contentUrl\":\"https:\\\/\\\/secure.gravatar.com\\\/avatar\\\/109c326cf2be5c04f048c2c2a2b8b6ef44bf3d8d1d3d4c55d0ac40c4bc994684?s=96&d=mm&r=g\",\"caption\":\"Editor\"},\"url\":\"https:\\\/\\\/diarioellabrador.cl\\\/index.php\\\/author\\\/editor\\\/\"}]}<\/script>\n<!-- \/ Yoast SEO plugin. -->","yoast_head_json":{"title":"Despliegue policial en centro c\u00edvico de Melipilla deja tres detenidos y m\u00e1s de 300 controles y fiscalizaciones - Diario El Labrador","robots":{"index":"index","follow":"follow","max-snippet":"max-snippet:-1","max-image-preview":"max-image-preview:large","max-video-preview":"max-video-preview:-1"},"canonical":"https:\/\/diarioellabrador.cl\/index.php\/2026\/03\/17\/despliegue-policial-en-centro-civico-de-melipilla-deja-tres-detenidos-y-mas-de-300-controles-y-fiscalizaciones\/","og_locale":"es_ES","og_type":"article","og_title":"Despliegue policial en centro c\u00edvico de Melipilla deja tres detenidos y m\u00e1s de 300 controles y fiscalizaciones - Diario El Labrador","og_description":"Un importante despliegue policial se desarroll\u00f3 en el sector c\u00e9ntrico de la comuna de Melipilla, con el prop\u00f3sito de reforzar la seguridad y el orden p\u00fablico, jornada que inici\u00f3 con una formaci\u00f3n policial en la Plaza de Armas, instancia en la que particip\u00f3 el Delegado Presidencial Provincial de Melipilla, Gast\u00f3n Libuy Loyola, junto al Prefecto Leer m\u00e1s","og_url":"https:\/\/diarioellabrador.cl\/index.php\/2026\/03\/17\/despliegue-policial-en-centro-civico-de-melipilla-deja-tres-detenidos-y-mas-de-300-controles-y-fiscalizaciones\/","og_site_name":"Diario El Labrador","article_publisher":"https:\/\/web.facebook.com\/profile.php?id=61576120840621","article_published_time":"2026-03-17T22:02:30+00:00","article_modified_time":"2026-03-18T01:17:01+00:00","og_image":[{"width":1280,"height":960,"url":"https:\/\/diarioellabrador.cl\/wp-content\/uploads\/2026\/03\/WhatsApp-Image-2026-03-16-at-4.51.17-PM.jpeg","type":"image\/jpeg"}],"author":"Editor","twitter_card":"summary_large_image","twitter_creator":"@ElLabradorOf","twitter_site":"@ElLabradorOf","twitter_misc":{"Escrito por":"Editor","Tiempo de lectura":"3 minutos"},"schema":{"@context":"https:\/\/schema.org","@graph":[{"@type":"Article","@id":"https:\/\/diarioellabrador.cl\/index.php\/2026\/03\/17\/despliegue-policial-en-centro-civico-de-melipilla-deja-tres-detenidos-y-mas-de-300-controles-y-fiscalizaciones\/#article","isPartOf":{"@id":"https:\/\/diarioellabrador.cl\/index.php\/2026\/03\/17\/despliegue-policial-en-centro-civico-de-melipilla-deja-tres-detenidos-y-mas-de-300-controles-y-fiscalizaciones\/"},"author":{"name":"Editor","@id":"https:\/\/diarioellabrador.cl\/#\/schema\/person\/bc25ff80b4563f9c7f4bd7855df01685"},"headline":"Despliegue policial en centro c\u00edvico de Melipilla deja tres detenidos y m\u00e1s de 300 controles y fiscalizaciones","datePublished":"2026-03-17T22:02:30+00:00","dateModified":"2026-03-18T01:17:01+00:00","mainEntityOfPage":{"@id":"https:\/\/diarioellabrador.cl\/index.php\/2026\/03\/17\/despliegue-policial-en-centro-civico-de-melipilla-deja-tres-detenidos-y-mas-de-300-controles-y-fiscalizaciones\/"},"wordCount":493,"commentCount":0,"publisher":{"@id":"https:\/\/diarioellabrador.cl\/#organization"},"image":{"@id":"https:\/\/diarioellabrador.cl\/index.php\/2026\/03\/17\/despliegue-policial-en-centro-civico-de-melipilla-deja-tres-detenidos-y-mas-de-300-controles-y-fiscalizaciones\/#primaryimage"},"thumbnailUrl":"https:\/\/diarioellabrador.cl\/wp-content\/uploads\/2026\/03\/WhatsApp-Image-2026-03-16-at-4.51.17-PM.jpeg","articleSection":["Cr\u00f3nica","Destacados"],"inLanguage":"es","potentialAction":[{"@type":"CommentAction","name":"Comment","target":["https:\/\/diarioellabrador.cl\/index.php\/2026\/03\/17\/despliegue-policial-en-centro-civico-de-melipilla-deja-tres-detenidos-y-mas-de-300-controles-y-fiscalizaciones\/#respond"]}]},{"@type":"WebPage","@id":"https:\/\/diarioellabrador.cl\/index.php\/2026\/03\/17\/despliegue-policial-en-centro-civico-de-melipilla-deja-tres-detenidos-y-mas-de-300-controles-y-fiscalizaciones\/","url":"https:\/\/diarioellabrador.cl\/index.php\/2026\/03\/17\/despliegue-policial-en-centro-civico-de-melipilla-deja-tres-detenidos-y-mas-de-300-controles-y-fiscalizaciones\/","name":"Despliegue policial en centro c\u00edvico de Melipilla deja tres detenidos y m\u00e1s de 300 controles y fiscalizaciones - Diario El Labrador","isPartOf":{"@id":"https:\/\/diarioellabrador.cl\/#website"},"primaryImageOfPage":{"@id":"https:\/\/diarioellabrador.cl\/index.php\/2026\/03\/17\/despliegue-policial-en-centro-civico-de-melipilla-deja-tres-detenidos-y-mas-de-300-controles-y-fiscalizaciones\/#primaryimage"},"image":{"@id":"https:\/\/diarioellabrador.cl\/index.php\/2026\/03\/17\/despliegue-policial-en-centro-civico-de-melipilla-deja-tres-detenidos-y-mas-de-300-controles-y-fiscalizaciones\/#primaryimage"},"thumbnailUrl":"https:\/\/diarioellabrador.cl\/wp-content\/uploads\/2026\/03\/WhatsApp-Image-2026-03-16-at-4.51.17-PM.jpeg","datePublished":"2026-03-17T22:02:30+00:00","dateModified":"2026-03-18T01:17:01+00:00","breadcrumb":{"@id":"https:\/\/diarioellabrador.cl\/index.php\/2026\/03\/17\/despliegue-policial-en-centro-civico-de-melipilla-deja-tres-detenidos-y-mas-de-300-controles-y-fiscalizaciones\/#breadcrumb"},"inLanguage":"es","potentialAction":[{"@type":"ReadAction","target":["https:\/\/diarioellabrador.cl\/index.php\/2026\/03\/17\/despliegue-policial-en-centro-civico-de-melipilla-deja-tres-detenidos-y-mas-de-300-controles-y-fiscalizaciones\/"]}]},{"@type":"ImageObject","inLanguage":"es","@id":"https:\/\/diarioellabrador.cl\/index.php\/2026\/03\/17\/despliegue-policial-en-centro-civico-de-melipilla-deja-tres-detenidos-y-mas-de-300-controles-y-fiscalizaciones\/#primaryimage","url":"https:\/\/diarioellabrador.cl\/wp-content\/uploads\/2026\/03\/WhatsApp-Image-2026-03-16-at-4.51.17-PM.jpeg","contentUrl":"https:\/\/diarioellabrador.cl\/wp-content\/uploads\/2026\/03\/WhatsApp-Image-2026-03-16-at-4.51.17-PM.jpeg","width":1280,"height":960},{"@type":"BreadcrumbList","@id":"https:\/\/diarioellabrador.cl\/index.php\/2026\/03\/17\/despliegue-policial-en-centro-civico-de-melipilla-deja-tres-detenidos-y-mas-de-300-controles-y-fiscalizaciones\/#breadcrumb","itemListElement":[{"@type":"ListItem","position":1,"name":"Portada","item":"https:\/\/diarioellabrador.cl\/"},{"@type":"ListItem","position":2,"name":"Despliegue policial en centro c\u00edvico de Melipilla deja tres detenidos y m\u00e1s de 300 controles y fiscalizaciones"}]},{"@type":"WebSite","@id":"https:\/\/diarioellabrador.cl\/#website","url":"https:\/\/diarioellabrador.cl\/","name":"Diario El Labrador","description":"Haciendo noticia desde 1921","publisher":{"@id":"https:\/\/diarioellabrador.cl\/#organization"},"potentialAction":[{"@type":"SearchAction","target":{"@type":"EntryPoint","urlTemplate":"https:\/\/diarioellabrador.cl\/?s={search_term_string}"},"query-input":{"@type":"PropertyValueSpecification","valueRequired":true,"valueName":"search_term_string"}}],"inLanguage":"es"},{"@type":"Organization","@id":"https:\/\/diarioellabrador.cl\/#organization","name":"Diario El Labrador","url":"https:\/\/diarioellabrador.cl\/","logo":{"@type":"ImageObject","inLanguage":"es","@id":"https:\/\/diarioellabrador.cl\/#\/schema\/logo\/image\/","url":"https:\/\/diarioellabrador.cl\/wp-content\/uploads\/2025\/02\/cropped-Logo-Icono.png","contentUrl":"https:\/\/diarioellabrador.cl\/wp-content\/uploads\/2025\/02\/cropped-Logo-Icono.png","width":512,"height":512,"caption":"Diario El Labrador"},"image":{"@id":"https:\/\/diarioellabrador.cl\/#\/schema\/logo\/image\/"},"sameAs":["https:\/\/web.facebook.com\/profile.php?id=61576120840621","https:\/\/x.com\/ElLabradorOf","https:\/\/www.instagram.com\/diarioellabradoroficial\/"]},{"@type":"Person","@id":"https:\/\/diarioellabrador.cl\/#\/schema\/person\/bc25ff80b4563f9c7f4bd7855df01685","name":"Editor","image":{"@type":"ImageObject","inLanguage":"es","@id":"https:\/\/secure.gravatar.com\/avatar\/109c326cf2be5c04f048c2c2a2b8b6ef44bf3d8d1d3d4c55d0ac40c4bc994684?s=96&d=mm&r=g","url":"https:\/\/secure.gravatar.com\/avatar\/109c326cf2be5c04f048c2c2a2b8b6ef44bf3d8d1d3d4c55d0ac40c4bc994684?s=96&d=mm&r=g","contentUrl":"https:\/\/secure.gravatar.com\/avatar\/109c326cf2be5c04f048c2c2a2b8b6ef44bf3d8d1d3d4c55d0ac40c4bc994684?s=96&d=mm&r=g","caption":"Editor"},"url":"https:\/\/diarioellabrador.cl\/index.php\/author\/editor\/"}]}},"_links":{"self":[{"href":"https:\/\/diarioellabrador.cl\/index.php\/wp-json\/wp\/v2\/posts\/16731","targetHints":{"allow":["GET"]}}],"collection":[{"href":"https:\/\/diarioellabrador.cl\/index.php\/wp-json\/wp\/v2\/posts"}],"about":[{"href":"https:\/\/diarioellabrador.cl\/index.php\/wp-json\/wp\/v2\/types\/post"}],"author":[{"embeddable":true,"href":"https:\/\/diarioellabrador.cl\/index.php\/wp-json\/wp\/v2\/users\/2"}],"replies":[{"embeddable":true,"href":"https:\/\/diarioellabrador.cl\/index.php\/wp-json\/wp\/v2\/comments?post=16731"}],"version-history":[{"count":1,"href":"https:\/\/diarioellabrador.cl\/index.php\/wp-json\/wp\/v2\/posts\/16731\/revisions"}],"predecessor-version":[{"id":16733,"href":"https:\/\/diarioellabrador.cl\/index.php\/wp-json\/wp\/v2\/posts\/16731\/revisions\/16733"}],"wp:featuredmedia":[{"embeddable":true,"href":"https:\/\/diarioellabrador.cl\/index.php\/wp-json\/wp\/v2\/media\/16768"}],"wp:attachment":[{"href":"https:\/\/diarioellabrador.cl\/index.php\/wp-json\/wp\/v2\/media?parent=16731"}],"wp:term":[{"taxonomy":"category","embeddable":true,"href":"https:\/\/diarioellabrador.cl\/index.php\/wp-json\/wp\/v2\/categories?post=16731"},{"taxonomy":"post_tag","embeddable":true,"href":"https:\/\/diarioellabrador.cl\/index.php\/wp-json\/wp\/v2\/tags?post=16731"}],"curies":[{"name":"wp","href":"https:\/\/api.w.org\/{rel}","templated":true}]}}