{"id":16729,"date":"2026-03-17T18:01:03","date_gmt":"2026-03-17T22:01:03","guid":{"rendered":"https:\/\/diarioellabrador.cl\/?p=16729"},"modified":"2026-03-17T18:01:05","modified_gmt":"2026-03-17T22:01:05","slug":"duran-y-pino-fueron-los-vicecampeones-de-melipilla-lo-vivimos-con-mucha-alegria-y-mucha-pasion","status":"publish","type":"post","link":"https:\/\/diarioellabrador.cl\/index.php\/2026\/03\/17\/duran-y-pino-fueron-los-vicecampeones-de-melipilla-lo-vivimos-con-mucha-alegria-y-mucha-pasion\/","title":{"rendered":"Dur\u00e1n y Pino fueron los vicecampeones de Melipilla: \u00abLo vivimos con mucha alegr\u00eda y mucha pasi\u00f3n\u00bb"},"content":{"rendered":"\n<p><strong>Autor: <\/strong>Fernanda Silva R.<\/p>\n\n\n\n<p>El <strong>Criadero Risco Liso<\/strong> obtuvo el <strong>Vicecampeonato del Clasificatorio Norte en Melipilla<\/strong> con los jinetes <strong>Mart\u00edn Dur\u00e1n y Pablo Pino<\/strong> (Asociaci\u00f3n Santiago Oriente) en <strong>Ramoncito y Laurencio<\/strong>.<\/p>\n\n\n\n<p>Luego de sumar <strong>38 puntos buenos<\/strong>, gracias a un incre\u00edble recorrido por la Serie de Campeones con parciales de 12 en el primer toro; 10 en el segundo; ocho en el tercero; y ocho en el cuarto, la collera logr\u00f3 afirmar su puesto en el palco.<\/p>\n\n\n\n<p><strong>&#8211; Tuvieron una gran actuaci\u00f3n aqu\u00ed en la Medialuna de Chocal\u00e1n, quedaron muy cerquita del triunfo \u00bfOrgullosos por este resultado?<\/strong><\/p>\n\n\n\n<p><strong>Pablo Pino:<\/strong> \u00abS\u00ed, imaginate. Todo huaso que llega al Clasificatorio llega con una ilusi\u00f3n de clasificar para Rancagua. Nosotros, gracias a Dios, clasificamos dos por las dos parejas que ten\u00edamos \u2013nos falt\u00f3 una\u2013 y ahora que coronamos con un Vicecampeonato en un clasificatorio que es important\u00edsimo\u2026 lo vivimos con mucha alegr\u00eda y mucha pasi\u00f3n\u00bb.<\/p>\n\n\n\n<p>\u00abImag\u00ednate el tremendo triunfo que tuvimos ahora con mi compa\u00f1ero en este proyecto nuevo que hicimos. As\u00ed que feliz por todo, feliz por mi compa\u00f1ero, por mi familia, por mi pap\u00e1 y por mi se\u00f1ora\u00bb.<\/p>\n\n\n\n<p><strong>&#8211; Mart\u00edn, felicitaciones por este gran resultado en tu primera temporada junto a Pablo, \u00bfme imagino que contento con llegar tan arriba?<\/strong><\/p>\n\n\n\n<p><strong>Mart\u00edn Dur\u00e1n:<\/strong> \u00abS\u00ed, la verdad que estoy muy muy contento, muy satisfecho y conforme. Tambi\u00e9n, agradecido de Pablo y su familia por la oportunidad, porque no es f\u00e1cil lograr armar un equipo nuevo despu\u00e9s de todos los \u00e9xitos que han tenido\u00bb.&nbsp;<\/p>\n\n\n\n<p>\u00abEntonces, por mi parte, tratar de aportar lo que mejor puedo, aprender de ellos y bueno, formar equipo que de eso se trata todo. As\u00ed que muy muy contento con el resultado\u00bb.<\/p>\n\n\n\n<p>\u00abPara m\u00ed es muy nueva esta etapa, porque nunca hab\u00eda estado compitiendo en tan alta competencia, pero me siento bien, me siento tranquilo, contento y feliz de poder acompa\u00f1ar a Pablo\u00bb.<\/p>\n\n\n\n<p><strong>&#8211; Mostraste nervios de acero en una instancia dif\u00edcil, donde a veces cuesta afirmarse\u2026<\/strong><\/p>\n\n\n\n<p><strong>Mart\u00edn Dur\u00e1n:<\/strong> \u00abS\u00ed, eso es lo que mostr\u00e9\u2026 Pero no, nervios siempre hay, pero tratamos de manejarlo de la mejor manera y creo que tambi\u00e9n de repente la confianza o la compatibilidad con mi compa\u00f1ero ayuda mucho para que uno se sienta tranquilo y pueda tomar las decisiones m\u00e1s acertadas\u00bb.<\/p>\n\n\n\n<p><strong>&#8211; Esta collera se mostr\u00f3 bastante bien, muy pareja\u2026 Me imagino que eso tambi\u00e9n les abre un poquito el apetito a lo que pueda pasar en Rancagua \u00bfno?<\/strong><\/p>\n\n\n\n<p><strong>Pablo Pino:<\/strong> \u00abEn Rancagua todo parte de cero, yo creo que nosotros nos vamos a preocupar ahora en cada momento de recuperar nuestros caballos, de corregir los errores que tuvimos y tratar de hacer un buen papel en Rancagua. Eso es m\u00e1s que nada lo importante y ahora a disfrutar un poco en este momento ya que nos quedan dos semanas para presentarnos en el Nacional\u00bb.<\/p>\n\n\n\n<p><strong>&#8211; Pablo, t\u00fa tienes harta experiencia en Rancagua, te ha tocado vivir varias veces el tiempo desde el \u00faltimo clasificatorio hasta el Campeonato Nacional\u2026 \u00bfC\u00f3mo se vive eso? \u00bfSe vive con ansiedad? \u00bfSe vive con nervios?<\/strong><\/p>\n\n\n\n<p><strong>Pablo Pino:<\/strong> \u00abYo creo que ninguna temporada es igual a la otra. Todas hay que vivirlas con mucho esfuerzo, con mucho trabajo, siendo muy met\u00f3dico en lo que uno hace en su sistema para poder llegar de la mejor manera a Rancagua\u00bb.<\/p>\n\n\n\n<p>\u00abMa\u00f1ana yo creo que no me voy a quedar dormido, voy a levantarme a trabajar m\u00e1s todav\u00eda, a luchar y entrenar m\u00e1s, porque Rancagua sigue todos los a\u00f1os distinto\u00bb.<\/p>\n\n\n\n<p><strong>&#8211; A seguir so\u00f1ando\u2026<\/strong><\/p>\n\n\n\n<p><strong>Mart\u00edn Dur\u00e1n:<\/strong> \u00abS\u00ed, de todas maneras. Estamos llenos de ilusi\u00f3n y de ganas de seguir haci\u00e9ndolo relativamente bien como siempre, as\u00ed que estamos muy contentos\u00bb.<\/p>\n\n\n\n<p><strong>Pablo Pino<\/strong> tambi\u00e9n comparti\u00f3 un gran agradecimiento a todo el equipo que existe detr\u00e1s, su familia y la familia de Mart\u00edn. Adem\u00e1s mencion\u00f3 tener a su madre en el coraz\u00f3n: \u00abA ella la llevo en el coraz\u00f3n\u2026 ella yo creo que lo m\u00e1s seguro es que nos haya apoyado y nos haya ayudado bastante en este proyecto\u00bb.<\/p>\n","protected":false},"excerpt":{"rendered":"<p>Autor: Fernanda Silva R. El Criadero Risco Liso obtuvo el Vicecampeonato del Clasificatorio Norte en Melipilla con los jinetes Mart\u00edn Dur\u00e1n y Pablo Pino (Asociaci\u00f3n Santiago Oriente) en Ramoncito y Laurencio. Luego de sumar 38 puntos buenos, gracias a un incre\u00edble recorrido por la Serie de Campeones con parciales de 12 en el primer toro;<\/p>\n<div class=\"read-more-wrapper\"><a class=\"read-more\" href=\"https:\/\/diarioellabrador.cl\/index.php\/2026\/03\/17\/duran-y-pino-fueron-los-vicecampeones-de-melipilla-lo-vivimos-con-mucha-alegria-y-mucha-pasion\/\" title=\"Leer m\u00e1s\"> <span class=\"button \">Leer m\u00e1s<\/span><\/a><\/div>\n","protected":false},"author":2,"featured_media":16699,"comment_status":"open","ping_status":"open","sticky":false,"template":"","format":"standard","meta":{"footnotes":""},"categories":[5],"tags":[],"class_list":["post-16729","post","type-post","status-publish","format-standard","has-post-thumbnail","hentry","category-rodeo"],"yoast_head":"<!-- This site is optimized with the Yoast SEO plugin v27.5 - https:\/\/yoast.com\/product\/yoast-seo-wordpress\/ -->\n<title>Dur\u00e1n y Pino fueron los vicecampeones de Melipilla: &quot;Lo vivimos con mucha alegr\u00eda y mucha pasi\u00f3n&quot; - Diario El Labrador<\/title>\n<meta name=\"robots\" content=\"index, follow, max-snippet:-1, max-image-preview:large, max-video-preview:-1\" \/>\n<link rel=\"canonical\" href=\"https:\/\/diarioellabrador.cl\/index.php\/2026\/03\/17\/duran-y-pino-fueron-los-vicecampeones-de-melipilla-lo-vivimos-con-mucha-alegria-y-mucha-pasion\/\" \/>\n<meta property=\"og:locale\" content=\"es_ES\" \/>\n<meta property=\"og:type\" content=\"article\" \/>\n<meta property=\"og:title\" content=\"Dur\u00e1n y Pino fueron los vicecampeones de Melipilla: &quot;Lo vivimos con mucha alegr\u00eda y mucha pasi\u00f3n&quot; - Diario El Labrador\" \/>\n<meta property=\"og:description\" content=\"Autor: Fernanda Silva R. El Criadero Risco Liso obtuvo el Vicecampeonato del Clasificatorio Norte en Melipilla con los jinetes Mart\u00edn Dur\u00e1n y Pablo Pino (Asociaci\u00f3n Santiago Oriente) en Ramoncito y Laurencio. Luego de sumar 38 puntos buenos, gracias a un incre\u00edble recorrido por la Serie de Campeones con parciales de 12 en el primer toro; Leer m\u00e1s\" \/>\n<meta property=\"og:url\" content=\"https:\/\/diarioellabrador.cl\/index.php\/2026\/03\/17\/duran-y-pino-fueron-los-vicecampeones-de-melipilla-lo-vivimos-con-mucha-alegria-y-mucha-pasion\/\" \/>\n<meta property=\"og:site_name\" content=\"Diario El Labrador\" \/>\n<meta property=\"article:publisher\" content=\"https:\/\/web.facebook.com\/profile.php?id=61576120840621\" \/>\n<meta property=\"article:published_time\" content=\"2026-03-17T22:01:03+00:00\" \/>\n<meta property=\"article:modified_time\" content=\"2026-03-17T22:01:05+00:00\" \/>\n<meta property=\"og:image\" content=\"https:\/\/diarioellabrador.cl\/wp-content\/uploads\/2026\/03\/Duran-y-Pino-fueron-los-vicecampeones-de-Melipilla-Lo-vivimos-con-mucha-alegria-y-mucha-pasion.jpg\" \/>\n\t<meta property=\"og:image:width\" content=\"750\" \/>\n\t<meta property=\"og:image:height\" content=\"389\" \/>\n\t<meta property=\"og:image:type\" content=\"image\/jpeg\" \/>\n<meta name=\"author\" content=\"Editor\" \/>\n<meta name=\"twitter:card\" content=\"summary_large_image\" \/>\n<meta name=\"twitter:creator\" content=\"@ElLabradorOf\" \/>\n<meta name=\"twitter:site\" content=\"@ElLabradorOf\" \/>\n<meta name=\"twitter:label1\" content=\"Escrito por\" \/>\n\t<meta name=\"twitter:data1\" content=\"Editor\" \/>\n\t<meta name=\"twitter:label2\" content=\"Tiempo de lectura\" \/>\n\t<meta name=\"twitter:data2\" content=\"4 minutos\" \/>\n<script type=\"application\/ld+json\" class=\"yoast-schema-graph\">{\"@context\":\"https:\\\/\\\/schema.org\",\"@graph\":[{\"@type\":\"Article\",\"@id\":\"https:\\\/\\\/diarioellabrador.cl\\\/index.php\\\/2026\\\/03\\\/17\\\/duran-y-pino-fueron-los-vicecampeones-de-melipilla-lo-vivimos-con-mucha-alegria-y-mucha-pasion\\\/#article\",\"isPartOf\":{\"@id\":\"https:\\\/\\\/diarioellabrador.cl\\\/index.php\\\/2026\\\/03\\\/17\\\/duran-y-pino-fueron-los-vicecampeones-de-melipilla-lo-vivimos-con-mucha-alegria-y-mucha-pasion\\\/\"},\"author\":{\"name\":\"Editor\",\"@id\":\"https:\\\/\\\/diarioellabrador.cl\\\/#\\\/schema\\\/person\\\/bc25ff80b4563f9c7f4bd7855df01685\"},\"headline\":\"Dur\u00e1n y Pino fueron los vicecampeones de Melipilla: \u00abLo vivimos con mucha alegr\u00eda y mucha pasi\u00f3n\u00bb\",\"datePublished\":\"2026-03-17T22:01:03+00:00\",\"dateModified\":\"2026-03-17T22:01:05+00:00\",\"mainEntityOfPage\":{\"@id\":\"https:\\\/\\\/diarioellabrador.cl\\\/index.php\\\/2026\\\/03\\\/17\\\/duran-y-pino-fueron-los-vicecampeones-de-melipilla-lo-vivimos-con-mucha-alegria-y-mucha-pasion\\\/\"},\"wordCount\":730,\"commentCount\":0,\"publisher\":{\"@id\":\"https:\\\/\\\/diarioellabrador.cl\\\/#organization\"},\"image\":{\"@id\":\"https:\\\/\\\/diarioellabrador.cl\\\/index.php\\\/2026\\\/03\\\/17\\\/duran-y-pino-fueron-los-vicecampeones-de-melipilla-lo-vivimos-con-mucha-alegria-y-mucha-pasion\\\/#primaryimage\"},\"thumbnailUrl\":\"https:\\\/\\\/diarioellabrador.cl\\\/wp-content\\\/uploads\\\/2026\\\/03\\\/Duran-y-Pino-fueron-los-vicecampeones-de-Melipilla-Lo-vivimos-con-mucha-alegria-y-mucha-pasion.jpg\",\"articleSection\":[\"Rodeo\"],\"inLanguage\":\"es\",\"potentialAction\":[{\"@type\":\"CommentAction\",\"name\":\"Comment\",\"target\":[\"https:\\\/\\\/diarioellabrador.cl\\\/index.php\\\/2026\\\/03\\\/17\\\/duran-y-pino-fueron-los-vicecampeones-de-melipilla-lo-vivimos-con-mucha-alegria-y-mucha-pasion\\\/#respond\"]}]},{\"@type\":\"WebPage\",\"@id\":\"https:\\\/\\\/diarioellabrador.cl\\\/index.php\\\/2026\\\/03\\\/17\\\/duran-y-pino-fueron-los-vicecampeones-de-melipilla-lo-vivimos-con-mucha-alegria-y-mucha-pasion\\\/\",\"url\":\"https:\\\/\\\/diarioellabrador.cl\\\/index.php\\\/2026\\\/03\\\/17\\\/duran-y-pino-fueron-los-vicecampeones-de-melipilla-lo-vivimos-con-mucha-alegria-y-mucha-pasion\\\/\",\"name\":\"Dur\u00e1n y Pino fueron los vicecampeones de Melipilla: \\\"Lo vivimos con mucha alegr\u00eda y mucha pasi\u00f3n\\\" - Diario El Labrador\",\"isPartOf\":{\"@id\":\"https:\\\/\\\/diarioellabrador.cl\\\/#website\"},\"primaryImageOfPage\":{\"@id\":\"https:\\\/\\\/diarioellabrador.cl\\\/index.php\\\/2026\\\/03\\\/17\\\/duran-y-pino-fueron-los-vicecampeones-de-melipilla-lo-vivimos-con-mucha-alegria-y-mucha-pasion\\\/#primaryimage\"},\"image\":{\"@id\":\"https:\\\/\\\/diarioellabrador.cl\\\/index.php\\\/2026\\\/03\\\/17\\\/duran-y-pino-fueron-los-vicecampeones-de-melipilla-lo-vivimos-con-mucha-alegria-y-mucha-pasion\\\/#primaryimage\"},\"thumbnailUrl\":\"https:\\\/\\\/diarioellabrador.cl\\\/wp-content\\\/uploads\\\/2026\\\/03\\\/Duran-y-Pino-fueron-los-vicecampeones-de-Melipilla-Lo-vivimos-con-mucha-alegria-y-mucha-pasion.jpg\",\"datePublished\":\"2026-03-17T22:01:03+00:00\",\"dateModified\":\"2026-03-17T22:01:05+00:00\",\"breadcrumb\":{\"@id\":\"https:\\\/\\\/diarioellabrador.cl\\\/index.php\\\/2026\\\/03\\\/17\\\/duran-y-pino-fueron-los-vicecampeones-de-melipilla-lo-vivimos-con-mucha-alegria-y-mucha-pasion\\\/#breadcrumb\"},\"inLanguage\":\"es\",\"potentialAction\":[{\"@type\":\"ReadAction\",\"target\":[\"https:\\\/\\\/diarioellabrador.cl\\\/index.php\\\/2026\\\/03\\\/17\\\/duran-y-pino-fueron-los-vicecampeones-de-melipilla-lo-vivimos-con-mucha-alegria-y-mucha-pasion\\\/\"]}]},{\"@type\":\"ImageObject\",\"inLanguage\":\"es\",\"@id\":\"https:\\\/\\\/diarioellabrador.cl\\\/index.php\\\/2026\\\/03\\\/17\\\/duran-y-pino-fueron-los-vicecampeones-de-melipilla-lo-vivimos-con-mucha-alegria-y-mucha-pasion\\\/#primaryimage\",\"url\":\"https:\\\/\\\/diarioellabrador.cl\\\/wp-content\\\/uploads\\\/2026\\\/03\\\/Duran-y-Pino-fueron-los-vicecampeones-de-Melipilla-Lo-vivimos-con-mucha-alegria-y-mucha-pasion.jpg\",\"contentUrl\":\"https:\\\/\\\/diarioellabrador.cl\\\/wp-content\\\/uploads\\\/2026\\\/03\\\/Duran-y-Pino-fueron-los-vicecampeones-de-Melipilla-Lo-vivimos-con-mucha-alegria-y-mucha-pasion.jpg\",\"width\":750,\"height\":389},{\"@type\":\"BreadcrumbList\",\"@id\":\"https:\\\/\\\/diarioellabrador.cl\\\/index.php\\\/2026\\\/03\\\/17\\\/duran-y-pino-fueron-los-vicecampeones-de-melipilla-lo-vivimos-con-mucha-alegria-y-mucha-pasion\\\/#breadcrumb\",\"itemListElement\":[{\"@type\":\"ListItem\",\"position\":1,\"name\":\"Portada\",\"item\":\"https:\\\/\\\/diarioellabrador.cl\\\/\"},{\"@type\":\"ListItem\",\"position\":2,\"name\":\"Dur\u00e1n y Pino fueron los vicecampeones de Melipilla: \u00abLo vivimos con mucha alegr\u00eda y mucha pasi\u00f3n\u00bb\"}]},{\"@type\":\"WebSite\",\"@id\":\"https:\\\/\\\/diarioellabrador.cl\\\/#website\",\"url\":\"https:\\\/\\\/diarioellabrador.cl\\\/\",\"name\":\"Diario El Labrador\",\"description\":\"Haciendo noticia desde 1921\",\"publisher\":{\"@id\":\"https:\\\/\\\/diarioellabrador.cl\\\/#organization\"},\"potentialAction\":[{\"@type\":\"SearchAction\",\"target\":{\"@type\":\"EntryPoint\",\"urlTemplate\":\"https:\\\/\\\/diarioellabrador.cl\\\/?s={search_term_string}\"},\"query-input\":{\"@type\":\"PropertyValueSpecification\",\"valueRequired\":true,\"valueName\":\"search_term_string\"}}],\"inLanguage\":\"es\"},{\"@type\":\"Organization\",\"@id\":\"https:\\\/\\\/diarioellabrador.cl\\\/#organization\",\"name\":\"Diario El Labrador\",\"url\":\"https:\\\/\\\/diarioellabrador.cl\\\/\",\"logo\":{\"@type\":\"ImageObject\",\"inLanguage\":\"es\",\"@id\":\"https:\\\/\\\/diarioellabrador.cl\\\/#\\\/schema\\\/logo\\\/image\\\/\",\"url\":\"https:\\\/\\\/diarioellabrador.cl\\\/wp-content\\\/uploads\\\/2025\\\/02\\\/cropped-Logo-Icono.png\",\"contentUrl\":\"https:\\\/\\\/diarioellabrador.cl\\\/wp-content\\\/uploads\\\/2025\\\/02\\\/cropped-Logo-Icono.png\",\"width\":512,\"height\":512,\"caption\":\"Diario El Labrador\"},\"image\":{\"@id\":\"https:\\\/\\\/diarioellabrador.cl\\\/#\\\/schema\\\/logo\\\/image\\\/\"},\"sameAs\":[\"https:\\\/\\\/web.facebook.com\\\/profile.php?id=61576120840621\",\"https:\\\/\\\/x.com\\\/ElLabradorOf\",\"https:\\\/\\\/www.instagram.com\\\/diarioellabradoroficial\\\/\"]},{\"@type\":\"Person\",\"@id\":\"https:\\\/\\\/diarioellabrador.cl\\\/#\\\/schema\\\/person\\\/bc25ff80b4563f9c7f4bd7855df01685\",\"name\":\"Editor\",\"image\":{\"@type\":\"ImageObject\",\"inLanguage\":\"es\",\"@id\":\"https:\\\/\\\/secure.gravatar.com\\\/avatar\\\/109c326cf2be5c04f048c2c2a2b8b6ef44bf3d8d1d3d4c55d0ac40c4bc994684?s=96&d=mm&r=g\",\"url\":\"https:\\\/\\\/secure.gravatar.com\\\/avatar\\\/109c326cf2be5c04f048c2c2a2b8b6ef44bf3d8d1d3d4c55d0ac40c4bc994684?s=96&d=mm&r=g\",\"contentUrl\":\"https:\\\/\\\/secure.gravatar.com\\\/avatar\\\/109c326cf2be5c04f048c2c2a2b8b6ef44bf3d8d1d3d4c55d0ac40c4bc994684?s=96&d=mm&r=g\",\"caption\":\"Editor\"},\"url\":\"https:\\\/\\\/diarioellabrador.cl\\\/index.php\\\/author\\\/editor\\\/\"}]}<\/script>\n<!-- \/ Yoast SEO plugin. -->","yoast_head_json":{"title":"Dur\u00e1n y Pino fueron los vicecampeones de Melipilla: \"Lo vivimos con mucha alegr\u00eda y mucha pasi\u00f3n\" - Diario El Labrador","robots":{"index":"index","follow":"follow","max-snippet":"max-snippet:-1","max-image-preview":"max-image-preview:large","max-video-preview":"max-video-preview:-1"},"canonical":"https:\/\/diarioellabrador.cl\/index.php\/2026\/03\/17\/duran-y-pino-fueron-los-vicecampeones-de-melipilla-lo-vivimos-con-mucha-alegria-y-mucha-pasion\/","og_locale":"es_ES","og_type":"article","og_title":"Dur\u00e1n y Pino fueron los vicecampeones de Melipilla: \"Lo vivimos con mucha alegr\u00eda y mucha pasi\u00f3n\" - Diario El Labrador","og_description":"Autor: Fernanda Silva R. El Criadero Risco Liso obtuvo el Vicecampeonato del Clasificatorio Norte en Melipilla con los jinetes Mart\u00edn Dur\u00e1n y Pablo Pino (Asociaci\u00f3n Santiago Oriente) en Ramoncito y Laurencio. Luego de sumar 38 puntos buenos, gracias a un incre\u00edble recorrido por la Serie de Campeones con parciales de 12 en el primer toro; Leer m\u00e1s","og_url":"https:\/\/diarioellabrador.cl\/index.php\/2026\/03\/17\/duran-y-pino-fueron-los-vicecampeones-de-melipilla-lo-vivimos-con-mucha-alegria-y-mucha-pasion\/","og_site_name":"Diario El Labrador","article_publisher":"https:\/\/web.facebook.com\/profile.php?id=61576120840621","article_published_time":"2026-03-17T22:01:03+00:00","article_modified_time":"2026-03-17T22:01:05+00:00","og_image":[{"width":750,"height":389,"url":"https:\/\/diarioellabrador.cl\/wp-content\/uploads\/2026\/03\/Duran-y-Pino-fueron-los-vicecampeones-de-Melipilla-Lo-vivimos-con-mucha-alegria-y-mucha-pasion.jpg","type":"image\/jpeg"}],"author":"Editor","twitter_card":"summary_large_image","twitter_creator":"@ElLabradorOf","twitter_site":"@ElLabradorOf","twitter_misc":{"Escrito por":"Editor","Tiempo de lectura":"4 minutos"},"schema":{"@context":"https:\/\/schema.org","@graph":[{"@type":"Article","@id":"https:\/\/diarioellabrador.cl\/index.php\/2026\/03\/17\/duran-y-pino-fueron-los-vicecampeones-de-melipilla-lo-vivimos-con-mucha-alegria-y-mucha-pasion\/#article","isPartOf":{"@id":"https:\/\/diarioellabrador.cl\/index.php\/2026\/03\/17\/duran-y-pino-fueron-los-vicecampeones-de-melipilla-lo-vivimos-con-mucha-alegria-y-mucha-pasion\/"},"author":{"name":"Editor","@id":"https:\/\/diarioellabrador.cl\/#\/schema\/person\/bc25ff80b4563f9c7f4bd7855df01685"},"headline":"Dur\u00e1n y Pino fueron los vicecampeones de Melipilla: \u00abLo vivimos con mucha alegr\u00eda y mucha pasi\u00f3n\u00bb","datePublished":"2026-03-17T22:01:03+00:00","dateModified":"2026-03-17T22:01:05+00:00","mainEntityOfPage":{"@id":"https:\/\/diarioellabrador.cl\/index.php\/2026\/03\/17\/duran-y-pino-fueron-los-vicecampeones-de-melipilla-lo-vivimos-con-mucha-alegria-y-mucha-pasion\/"},"wordCount":730,"commentCount":0,"publisher":{"@id":"https:\/\/diarioellabrador.cl\/#organization"},"image":{"@id":"https:\/\/diarioellabrador.cl\/index.php\/2026\/03\/17\/duran-y-pino-fueron-los-vicecampeones-de-melipilla-lo-vivimos-con-mucha-alegria-y-mucha-pasion\/#primaryimage"},"thumbnailUrl":"https:\/\/diarioellabrador.cl\/wp-content\/uploads\/2026\/03\/Duran-y-Pino-fueron-los-vicecampeones-de-Melipilla-Lo-vivimos-con-mucha-alegria-y-mucha-pasion.jpg","articleSection":["Rodeo"],"inLanguage":"es","potentialAction":[{"@type":"CommentAction","name":"Comment","target":["https:\/\/diarioellabrador.cl\/index.php\/2026\/03\/17\/duran-y-pino-fueron-los-vicecampeones-de-melipilla-lo-vivimos-con-mucha-alegria-y-mucha-pasion\/#respond"]}]},{"@type":"WebPage","@id":"https:\/\/diarioellabrador.cl\/index.php\/2026\/03\/17\/duran-y-pino-fueron-los-vicecampeones-de-melipilla-lo-vivimos-con-mucha-alegria-y-mucha-pasion\/","url":"https:\/\/diarioellabrador.cl\/index.php\/2026\/03\/17\/duran-y-pino-fueron-los-vicecampeones-de-melipilla-lo-vivimos-con-mucha-alegria-y-mucha-pasion\/","name":"Dur\u00e1n y Pino fueron los vicecampeones de Melipilla: \"Lo vivimos con mucha alegr\u00eda y mucha pasi\u00f3n\" - Diario El Labrador","isPartOf":{"@id":"https:\/\/diarioellabrador.cl\/#website"},"primaryImageOfPage":{"@id":"https:\/\/diarioellabrador.cl\/index.php\/2026\/03\/17\/duran-y-pino-fueron-los-vicecampeones-de-melipilla-lo-vivimos-con-mucha-alegria-y-mucha-pasion\/#primaryimage"},"image":{"@id":"https:\/\/diarioellabrador.cl\/index.php\/2026\/03\/17\/duran-y-pino-fueron-los-vicecampeones-de-melipilla-lo-vivimos-con-mucha-alegria-y-mucha-pasion\/#primaryimage"},"thumbnailUrl":"https:\/\/diarioellabrador.cl\/wp-content\/uploads\/2026\/03\/Duran-y-Pino-fueron-los-vicecampeones-de-Melipilla-Lo-vivimos-con-mucha-alegria-y-mucha-pasion.jpg","datePublished":"2026-03-17T22:01:03+00:00","dateModified":"2026-03-17T22:01:05+00:00","breadcrumb":{"@id":"https:\/\/diarioellabrador.cl\/index.php\/2026\/03\/17\/duran-y-pino-fueron-los-vicecampeones-de-melipilla-lo-vivimos-con-mucha-alegria-y-mucha-pasion\/#breadcrumb"},"inLanguage":"es","potentialAction":[{"@type":"ReadAction","target":["https:\/\/diarioellabrador.cl\/index.php\/2026\/03\/17\/duran-y-pino-fueron-los-vicecampeones-de-melipilla-lo-vivimos-con-mucha-alegria-y-mucha-pasion\/"]}]},{"@type":"ImageObject","inLanguage":"es","@id":"https:\/\/diarioellabrador.cl\/index.php\/2026\/03\/17\/duran-y-pino-fueron-los-vicecampeones-de-melipilla-lo-vivimos-con-mucha-alegria-y-mucha-pasion\/#primaryimage","url":"https:\/\/diarioellabrador.cl\/wp-content\/uploads\/2026\/03\/Duran-y-Pino-fueron-los-vicecampeones-de-Melipilla-Lo-vivimos-con-mucha-alegria-y-mucha-pasion.jpg","contentUrl":"https:\/\/diarioellabrador.cl\/wp-content\/uploads\/2026\/03\/Duran-y-Pino-fueron-los-vicecampeones-de-Melipilla-Lo-vivimos-con-mucha-alegria-y-mucha-pasion.jpg","width":750,"height":389},{"@type":"BreadcrumbList","@id":"https:\/\/diarioellabrador.cl\/index.php\/2026\/03\/17\/duran-y-pino-fueron-los-vicecampeones-de-melipilla-lo-vivimos-con-mucha-alegria-y-mucha-pasion\/#breadcrumb","itemListElement":[{"@type":"ListItem","position":1,"name":"Portada","item":"https:\/\/diarioellabrador.cl\/"},{"@type":"ListItem","position":2,"name":"Dur\u00e1n y Pino fueron los vicecampeones de Melipilla: \u00abLo vivimos con mucha alegr\u00eda y mucha pasi\u00f3n\u00bb"}]},{"@type":"WebSite","@id":"https:\/\/diarioellabrador.cl\/#website","url":"https:\/\/diarioellabrador.cl\/","name":"Diario El Labrador","description":"Haciendo noticia desde 1921","publisher":{"@id":"https:\/\/diarioellabrador.cl\/#organization"},"potentialAction":[{"@type":"SearchAction","target":{"@type":"EntryPoint","urlTemplate":"https:\/\/diarioellabrador.cl\/?s={search_term_string}"},"query-input":{"@type":"PropertyValueSpecification","valueRequired":true,"valueName":"search_term_string"}}],"inLanguage":"es"},{"@type":"Organization","@id":"https:\/\/diarioellabrador.cl\/#organization","name":"Diario El Labrador","url":"https:\/\/diarioellabrador.cl\/","logo":{"@type":"ImageObject","inLanguage":"es","@id":"https:\/\/diarioellabrador.cl\/#\/schema\/logo\/image\/","url":"https:\/\/diarioellabrador.cl\/wp-content\/uploads\/2025\/02\/cropped-Logo-Icono.png","contentUrl":"https:\/\/diarioellabrador.cl\/wp-content\/uploads\/2025\/02\/cropped-Logo-Icono.png","width":512,"height":512,"caption":"Diario El Labrador"},"image":{"@id":"https:\/\/diarioellabrador.cl\/#\/schema\/logo\/image\/"},"sameAs":["https:\/\/web.facebook.com\/profile.php?id=61576120840621","https:\/\/x.com\/ElLabradorOf","https:\/\/www.instagram.com\/diarioellabradoroficial\/"]},{"@type":"Person","@id":"https:\/\/diarioellabrador.cl\/#\/schema\/person\/bc25ff80b4563f9c7f4bd7855df01685","name":"Editor","image":{"@type":"ImageObject","inLanguage":"es","@id":"https:\/\/secure.gravatar.com\/avatar\/109c326cf2be5c04f048c2c2a2b8b6ef44bf3d8d1d3d4c55d0ac40c4bc994684?s=96&d=mm&r=g","url":"https:\/\/secure.gravatar.com\/avatar\/109c326cf2be5c04f048c2c2a2b8b6ef44bf3d8d1d3d4c55d0ac40c4bc994684?s=96&d=mm&r=g","contentUrl":"https:\/\/secure.gravatar.com\/avatar\/109c326cf2be5c04f048c2c2a2b8b6ef44bf3d8d1d3d4c55d0ac40c4bc994684?s=96&d=mm&r=g","caption":"Editor"},"url":"https:\/\/diarioellabrador.cl\/index.php\/author\/editor\/"}]}},"_links":{"self":[{"href":"https:\/\/diarioellabrador.cl\/index.php\/wp-json\/wp\/v2\/posts\/16729","targetHints":{"allow":["GET"]}}],"collection":[{"href":"https:\/\/diarioellabrador.cl\/index.php\/wp-json\/wp\/v2\/posts"}],"about":[{"href":"https:\/\/diarioellabrador.cl\/index.php\/wp-json\/wp\/v2\/types\/post"}],"author":[{"embeddable":true,"href":"https:\/\/diarioellabrador.cl\/index.php\/wp-json\/wp\/v2\/users\/2"}],"replies":[{"embeddable":true,"href":"https:\/\/diarioellabrador.cl\/index.php\/wp-json\/wp\/v2\/comments?post=16729"}],"version-history":[{"count":1,"href":"https:\/\/diarioellabrador.cl\/index.php\/wp-json\/wp\/v2\/posts\/16729\/revisions"}],"predecessor-version":[{"id":16730,"href":"https:\/\/diarioellabrador.cl\/index.php\/wp-json\/wp\/v2\/posts\/16729\/revisions\/16730"}],"wp:featuredmedia":[{"embeddable":true,"href":"https:\/\/diarioellabrador.cl\/index.php\/wp-json\/wp\/v2\/media\/16699"}],"wp:attachment":[{"href":"https:\/\/diarioellabrador.cl\/index.php\/wp-json\/wp\/v2\/media?parent=16729"}],"wp:term":[{"taxonomy":"category","embeddable":true,"href":"https:\/\/diarioellabrador.cl\/index.php\/wp-json\/wp\/v2\/categories?post=16729"},{"taxonomy":"post_tag","embeddable":true,"href":"https:\/\/diarioellabrador.cl\/index.php\/wp-json\/wp\/v2\/tags?post=16729"}],"curies":[{"name":"wp","href":"https:\/\/api.w.org\/{rel}","templated":true}]}}