{"id":16727,"date":"2026-03-17T18:00:30","date_gmt":"2026-03-17T22:00:30","guid":{"rendered":"https:\/\/diarioellabrador.cl\/?p=16727"},"modified":"2026-03-17T18:00:32","modified_gmt":"2026-03-17T22:00:32","slug":"esteban-fernandez-palpita-una-final-de-la-rienda-con-luis-eduardo-cortes-sera-un-honor","status":"publish","type":"post","link":"https:\/\/diarioellabrador.cl\/index.php\/2026\/03\/17\/esteban-fernandez-palpita-una-final-de-la-rienda-con-luis-eduardo-cortes-sera-un-honor\/","title":{"rendered":"Esteban Fern\u00e1ndez palpita una final de la Rienda con Luis Eduardo Cort\u00e9s: \u00abSer\u00e1 un honor\u00bb"},"content":{"rendered":"\n<p><strong>Autor: <\/strong><a href=\"https:\/\/www.caballoyrodeo.cl\/portal_rodeo\/site\/tax\/port\/all\/taxport____1.html\">Caballoyrodeo.cl<\/a><\/p>\n\n\n\n<p><strong>Esteban Fern\u00e1ndez<\/strong> se qued\u00f3 con el <strong>Movimiento a la Rienda Masculino del Clasificatorio Zona Norte de<\/strong> <strong>Melipilla<\/strong> luego que, montando a <strong>Tavor\u00ed<\/strong> Cabeza Dura, sum\u00f3 52 puntos y asegur\u00f3 su estreno en el Campeonato Nacional de Rodeo de <strong>Rancagua<\/strong>.<\/p>\n\n\n\n<p>El jinete de <strong>Asociaci\u00f3n Santiago Cumbre<\/strong> firm\u00f3 una faena s\u00f3lida con parciales de 3 en Morfolog\u00eda, 7 en Andares, 8 en Entrada de Patas y Parar, 8 en la Troya, 5 en El Ocho, 8 en el Volapi\u00e9, 4 en Vueltas Sobre Parado, 4 en Desmontar y Montar, y 5 en Retroceder.<\/p>\n\n\n\n<p>Detr\u00e1s del campe\u00f3n termin\u00f3 <strong>Bernardo Meza<\/strong>, tambi\u00e9n de <strong>Asociaci\u00f3n Santiago Cumbre<\/strong>, en <strong>Cerro Las Pataguas<\/strong> Relincho con 39 puntos. Sin embargo, ese registro no le alcanz\u00f3 para obtener el puntaje exigido y acceder a <strong>El Chileno<\/strong>.<\/p>\n\n\n\n<p>Tras conquistar el t\u00edtulo, <strong>Esteban Fern\u00e1ndez<\/strong> expres\u00f3 toda su emoci\u00f3n por un resultado que marc\u00f3 un momento muy especial en su campa\u00f1a deportiva. \u00abTengo alegr\u00eda, mucha alegr\u00eda. Es fruto del trabajo. Quiero dar las gracias a la familia, a la gente que le apoya a uno, a los amigos, especialmente a mi familia, a mis hijos y a muchos amigos que ayudaron\u00bb, se\u00f1al\u00f3.<\/p>\n\n\n\n<p>El campe\u00f3n cont\u00f3 adem\u00e1s que su incursi\u00f3n en la Rienda es reciente y que el paso a <strong>Rancagua<\/strong> toma todav\u00eda m\u00e1s valor por lo inesperado del proceso. \u00abEs una experiencia nueva, no se hab\u00eda dado poder mover. No es f\u00e1cil encontrar caballos que sean buenos para la Rienda. <strong>Lo hab\u00eda hecho en mi ni\u00f1ez, en los rodeos laborales, pero este a\u00f1o empec\u00e9 a mover este caballo, que es de un amigo, don Guillermo Olivares, y se dio, nos atrevimos y aqu\u00ed estamos\u00bb<\/strong>, relat\u00f3 Esteban Fern\u00e1ndez.<\/p>\n\n\n\n<p>El jinete tambi\u00e9n explic\u00f3 que todav\u00eda estaba asimilando lo conseguido en la medialuna de <strong>Melipilla<\/strong>. \u00abNo he visto el video todav\u00eda y ahora no puedo asimilar mucho lo que est\u00e1 pasando, pero vamos a tratar de mejorar lo que m\u00e1s pueda\u201d\u00bb coment\u00f3, en una muestra de mesura pese a la magnitud del logro.<\/p>\n\n\n\n<p>Sobre el ejemplar que lo llev\u00f3 al t\u00edtulo, destac\u00f3 condiciones que resultaron decisivas en el resultado final. \u00abLa tranquilidad, es un caballo muy tranquilo y de buenas patas. A lo mejor la inexperiencia m\u00eda en algunos ejercicios hizo perder algunos puntos, pero vamos a tratar de mejorar muchas falencias que tengo yo m\u00e1s como jinete moviendo por la inexperiencia\u00bb, sostuvo.<\/p>\n\n\n\n<p>El campe\u00f3n tambi\u00e9n dej\u00f3 en claro que su margen de crecimiento todav\u00eda es amplio, porque su recorrido en esta especialidad reci\u00e9n comenz\u00f3. \u00abEste es mi tercer rodeo\u00bb, explic\u00f3, antes de agregar que \u00abhemos ido siempre sum\u00e1ndole puntos y vamos a tratar de seguir mejorando. Solamente Dios sabe lo que va a pasar all\u00e1\u00bb.<\/p>\n\n\n\n<p>Ya con la clasificaci\u00f3n en el bolsillo, <strong>Esteban Fern\u00e1ndez<\/strong> asumi\u00f3 con respeto el desaf\u00edo que lo espera en la Monumental, cuando intente destronar al legendario Luis Eduardo Cort\u00e9s, que ostenta 13 t\u00edtulos de la disciplina. \u00abDerrotar a don &#8216;Lalo&#8217; (Luis Eduardo Cort\u00e9s) es bastante dif\u00edcil. Vamos a tratar de acompa\u00f1arlo y de estar ah\u00ed,<strong> por lo menos con una leyenda viva de la rienda, as\u00ed que es un honor poder estar presente el d\u00eda domingo con \u00e9l\u00bb<\/strong>, manifest\u00f3, ilusionado con su estreno en la gran cita corralera.<\/p>\n","protected":false},"excerpt":{"rendered":"<p>Autor: Caballoyrodeo.cl Esteban Fern\u00e1ndez se qued\u00f3 con el Movimiento a la Rienda Masculino del Clasificatorio Zona Norte de Melipilla luego que, montando a Tavor\u00ed Cabeza Dura, sum\u00f3 52 puntos y asegur\u00f3 su estreno en el Campeonato Nacional de Rodeo de Rancagua. El jinete de Asociaci\u00f3n Santiago Cumbre firm\u00f3 una faena s\u00f3lida con parciales de 3<\/p>\n<div class=\"read-more-wrapper\"><a class=\"read-more\" href=\"https:\/\/diarioellabrador.cl\/index.php\/2026\/03\/17\/esteban-fernandez-palpita-una-final-de-la-rienda-con-luis-eduardo-cortes-sera-un-honor\/\" title=\"Leer m\u00e1s\"> <span class=\"button \">Leer m\u00e1s<\/span><\/a><\/div>\n","protected":false},"author":2,"featured_media":16700,"comment_status":"open","ping_status":"open","sticky":false,"template":"","format":"standard","meta":{"footnotes":""},"categories":[5],"tags":[],"class_list":["post-16727","post","type-post","status-publish","format-standard","has-post-thumbnail","hentry","category-rodeo"],"yoast_head":"<!-- This site is optimized with the Yoast SEO plugin v27.5 - https:\/\/yoast.com\/product\/yoast-seo-wordpress\/ -->\n<title>Esteban Fern\u00e1ndez palpita una final de la Rienda con Luis Eduardo Cort\u00e9s: &quot;Ser\u00e1 un honor&quot; - Diario El Labrador<\/title>\n<meta name=\"robots\" content=\"index, follow, max-snippet:-1, max-image-preview:large, max-video-preview:-1\" \/>\n<link rel=\"canonical\" href=\"https:\/\/diarioellabrador.cl\/index.php\/2026\/03\/17\/esteban-fernandez-palpita-una-final-de-la-rienda-con-luis-eduardo-cortes-sera-un-honor\/\" \/>\n<meta property=\"og:locale\" content=\"es_ES\" \/>\n<meta property=\"og:type\" content=\"article\" \/>\n<meta property=\"og:title\" content=\"Esteban Fern\u00e1ndez palpita una final de la Rienda con Luis Eduardo Cort\u00e9s: &quot;Ser\u00e1 un honor&quot; - Diario El Labrador\" \/>\n<meta property=\"og:description\" content=\"Autor: Caballoyrodeo.cl Esteban Fern\u00e1ndez se qued\u00f3 con el Movimiento a la Rienda Masculino del Clasificatorio Zona Norte de Melipilla luego que, montando a Tavor\u00ed Cabeza Dura, sum\u00f3 52 puntos y asegur\u00f3 su estreno en el Campeonato Nacional de Rodeo de Rancagua. El jinete de Asociaci\u00f3n Santiago Cumbre firm\u00f3 una faena s\u00f3lida con parciales de 3 Leer m\u00e1s\" \/>\n<meta property=\"og:url\" content=\"https:\/\/diarioellabrador.cl\/index.php\/2026\/03\/17\/esteban-fernandez-palpita-una-final-de-la-rienda-con-luis-eduardo-cortes-sera-un-honor\/\" \/>\n<meta property=\"og:site_name\" content=\"Diario El Labrador\" \/>\n<meta property=\"article:publisher\" content=\"https:\/\/web.facebook.com\/profile.php?id=61576120840621\" \/>\n<meta property=\"article:published_time\" content=\"2026-03-17T22:00:30+00:00\" \/>\n<meta property=\"article:modified_time\" content=\"2026-03-17T22:00:32+00:00\" \/>\n<meta property=\"og:image\" content=\"https:\/\/diarioellabrador.cl\/wp-content\/uploads\/2026\/03\/Esteban-Fernandez-palpita-una-final-de-la-Rienda-con-Luis-Eduardo-Cortes-Sera-un-honor.jpg\" \/>\n\t<meta property=\"og:image:width\" content=\"750\" \/>\n\t<meta property=\"og:image:height\" content=\"389\" \/>\n\t<meta property=\"og:image:type\" content=\"image\/jpeg\" \/>\n<meta name=\"author\" content=\"Editor\" \/>\n<meta name=\"twitter:card\" content=\"summary_large_image\" \/>\n<meta name=\"twitter:creator\" content=\"@ElLabradorOf\" \/>\n<meta name=\"twitter:site\" content=\"@ElLabradorOf\" \/>\n<meta name=\"twitter:label1\" content=\"Escrito por\" \/>\n\t<meta name=\"twitter:data1\" content=\"Editor\" \/>\n\t<meta name=\"twitter:label2\" content=\"Tiempo de lectura\" \/>\n\t<meta name=\"twitter:data2\" content=\"3 minutos\" \/>\n<script type=\"application\/ld+json\" class=\"yoast-schema-graph\">{\"@context\":\"https:\\\/\\\/schema.org\",\"@graph\":[{\"@type\":\"Article\",\"@id\":\"https:\\\/\\\/diarioellabrador.cl\\\/index.php\\\/2026\\\/03\\\/17\\\/esteban-fernandez-palpita-una-final-de-la-rienda-con-luis-eduardo-cortes-sera-un-honor\\\/#article\",\"isPartOf\":{\"@id\":\"https:\\\/\\\/diarioellabrador.cl\\\/index.php\\\/2026\\\/03\\\/17\\\/esteban-fernandez-palpita-una-final-de-la-rienda-con-luis-eduardo-cortes-sera-un-honor\\\/\"},\"author\":{\"name\":\"Editor\",\"@id\":\"https:\\\/\\\/diarioellabrador.cl\\\/#\\\/schema\\\/person\\\/bc25ff80b4563f9c7f4bd7855df01685\"},\"headline\":\"Esteban Fern\u00e1ndez palpita una final de la Rienda con Luis Eduardo Cort\u00e9s: \u00abSer\u00e1 un honor\u00bb\",\"datePublished\":\"2026-03-17T22:00:30+00:00\",\"dateModified\":\"2026-03-17T22:00:32+00:00\",\"mainEntityOfPage\":{\"@id\":\"https:\\\/\\\/diarioellabrador.cl\\\/index.php\\\/2026\\\/03\\\/17\\\/esteban-fernandez-palpita-una-final-de-la-rienda-con-luis-eduardo-cortes-sera-un-honor\\\/\"},\"wordCount\":583,\"commentCount\":0,\"publisher\":{\"@id\":\"https:\\\/\\\/diarioellabrador.cl\\\/#organization\"},\"image\":{\"@id\":\"https:\\\/\\\/diarioellabrador.cl\\\/index.php\\\/2026\\\/03\\\/17\\\/esteban-fernandez-palpita-una-final-de-la-rienda-con-luis-eduardo-cortes-sera-un-honor\\\/#primaryimage\"},\"thumbnailUrl\":\"https:\\\/\\\/diarioellabrador.cl\\\/wp-content\\\/uploads\\\/2026\\\/03\\\/Esteban-Fernandez-palpita-una-final-de-la-Rienda-con-Luis-Eduardo-Cortes-Sera-un-honor.jpg\",\"articleSection\":[\"Rodeo\"],\"inLanguage\":\"es\",\"potentialAction\":[{\"@type\":\"CommentAction\",\"name\":\"Comment\",\"target\":[\"https:\\\/\\\/diarioellabrador.cl\\\/index.php\\\/2026\\\/03\\\/17\\\/esteban-fernandez-palpita-una-final-de-la-rienda-con-luis-eduardo-cortes-sera-un-honor\\\/#respond\"]}]},{\"@type\":\"WebPage\",\"@id\":\"https:\\\/\\\/diarioellabrador.cl\\\/index.php\\\/2026\\\/03\\\/17\\\/esteban-fernandez-palpita-una-final-de-la-rienda-con-luis-eduardo-cortes-sera-un-honor\\\/\",\"url\":\"https:\\\/\\\/diarioellabrador.cl\\\/index.php\\\/2026\\\/03\\\/17\\\/esteban-fernandez-palpita-una-final-de-la-rienda-con-luis-eduardo-cortes-sera-un-honor\\\/\",\"name\":\"Esteban Fern\u00e1ndez palpita una final de la Rienda con Luis Eduardo Cort\u00e9s: \\\"Ser\u00e1 un honor\\\" - Diario El Labrador\",\"isPartOf\":{\"@id\":\"https:\\\/\\\/diarioellabrador.cl\\\/#website\"},\"primaryImageOfPage\":{\"@id\":\"https:\\\/\\\/diarioellabrador.cl\\\/index.php\\\/2026\\\/03\\\/17\\\/esteban-fernandez-palpita-una-final-de-la-rienda-con-luis-eduardo-cortes-sera-un-honor\\\/#primaryimage\"},\"image\":{\"@id\":\"https:\\\/\\\/diarioellabrador.cl\\\/index.php\\\/2026\\\/03\\\/17\\\/esteban-fernandez-palpita-una-final-de-la-rienda-con-luis-eduardo-cortes-sera-un-honor\\\/#primaryimage\"},\"thumbnailUrl\":\"https:\\\/\\\/diarioellabrador.cl\\\/wp-content\\\/uploads\\\/2026\\\/03\\\/Esteban-Fernandez-palpita-una-final-de-la-Rienda-con-Luis-Eduardo-Cortes-Sera-un-honor.jpg\",\"datePublished\":\"2026-03-17T22:00:30+00:00\",\"dateModified\":\"2026-03-17T22:00:32+00:00\",\"breadcrumb\":{\"@id\":\"https:\\\/\\\/diarioellabrador.cl\\\/index.php\\\/2026\\\/03\\\/17\\\/esteban-fernandez-palpita-una-final-de-la-rienda-con-luis-eduardo-cortes-sera-un-honor\\\/#breadcrumb\"},\"inLanguage\":\"es\",\"potentialAction\":[{\"@type\":\"ReadAction\",\"target\":[\"https:\\\/\\\/diarioellabrador.cl\\\/index.php\\\/2026\\\/03\\\/17\\\/esteban-fernandez-palpita-una-final-de-la-rienda-con-luis-eduardo-cortes-sera-un-honor\\\/\"]}]},{\"@type\":\"ImageObject\",\"inLanguage\":\"es\",\"@id\":\"https:\\\/\\\/diarioellabrador.cl\\\/index.php\\\/2026\\\/03\\\/17\\\/esteban-fernandez-palpita-una-final-de-la-rienda-con-luis-eduardo-cortes-sera-un-honor\\\/#primaryimage\",\"url\":\"https:\\\/\\\/diarioellabrador.cl\\\/wp-content\\\/uploads\\\/2026\\\/03\\\/Esteban-Fernandez-palpita-una-final-de-la-Rienda-con-Luis-Eduardo-Cortes-Sera-un-honor.jpg\",\"contentUrl\":\"https:\\\/\\\/diarioellabrador.cl\\\/wp-content\\\/uploads\\\/2026\\\/03\\\/Esteban-Fernandez-palpita-una-final-de-la-Rienda-con-Luis-Eduardo-Cortes-Sera-un-honor.jpg\",\"width\":750,\"height\":389},{\"@type\":\"BreadcrumbList\",\"@id\":\"https:\\\/\\\/diarioellabrador.cl\\\/index.php\\\/2026\\\/03\\\/17\\\/esteban-fernandez-palpita-una-final-de-la-rienda-con-luis-eduardo-cortes-sera-un-honor\\\/#breadcrumb\",\"itemListElement\":[{\"@type\":\"ListItem\",\"position\":1,\"name\":\"Portada\",\"item\":\"https:\\\/\\\/diarioellabrador.cl\\\/\"},{\"@type\":\"ListItem\",\"position\":2,\"name\":\"Esteban Fern\u00e1ndez palpita una final de la Rienda con Luis Eduardo Cort\u00e9s: \u00abSer\u00e1 un honor\u00bb\"}]},{\"@type\":\"WebSite\",\"@id\":\"https:\\\/\\\/diarioellabrador.cl\\\/#website\",\"url\":\"https:\\\/\\\/diarioellabrador.cl\\\/\",\"name\":\"Diario El Labrador\",\"description\":\"Haciendo noticia desde 1921\",\"publisher\":{\"@id\":\"https:\\\/\\\/diarioellabrador.cl\\\/#organization\"},\"potentialAction\":[{\"@type\":\"SearchAction\",\"target\":{\"@type\":\"EntryPoint\",\"urlTemplate\":\"https:\\\/\\\/diarioellabrador.cl\\\/?s={search_term_string}\"},\"query-input\":{\"@type\":\"PropertyValueSpecification\",\"valueRequired\":true,\"valueName\":\"search_term_string\"}}],\"inLanguage\":\"es\"},{\"@type\":\"Organization\",\"@id\":\"https:\\\/\\\/diarioellabrador.cl\\\/#organization\",\"name\":\"Diario El Labrador\",\"url\":\"https:\\\/\\\/diarioellabrador.cl\\\/\",\"logo\":{\"@type\":\"ImageObject\",\"inLanguage\":\"es\",\"@id\":\"https:\\\/\\\/diarioellabrador.cl\\\/#\\\/schema\\\/logo\\\/image\\\/\",\"url\":\"https:\\\/\\\/diarioellabrador.cl\\\/wp-content\\\/uploads\\\/2025\\\/02\\\/cropped-Logo-Icono.png\",\"contentUrl\":\"https:\\\/\\\/diarioellabrador.cl\\\/wp-content\\\/uploads\\\/2025\\\/02\\\/cropped-Logo-Icono.png\",\"width\":512,\"height\":512,\"caption\":\"Diario El Labrador\"},\"image\":{\"@id\":\"https:\\\/\\\/diarioellabrador.cl\\\/#\\\/schema\\\/logo\\\/image\\\/\"},\"sameAs\":[\"https:\\\/\\\/web.facebook.com\\\/profile.php?id=61576120840621\",\"https:\\\/\\\/x.com\\\/ElLabradorOf\",\"https:\\\/\\\/www.instagram.com\\\/diarioellabradoroficial\\\/\"]},{\"@type\":\"Person\",\"@id\":\"https:\\\/\\\/diarioellabrador.cl\\\/#\\\/schema\\\/person\\\/bc25ff80b4563f9c7f4bd7855df01685\",\"name\":\"Editor\",\"image\":{\"@type\":\"ImageObject\",\"inLanguage\":\"es\",\"@id\":\"https:\\\/\\\/secure.gravatar.com\\\/avatar\\\/109c326cf2be5c04f048c2c2a2b8b6ef44bf3d8d1d3d4c55d0ac40c4bc994684?s=96&d=mm&r=g\",\"url\":\"https:\\\/\\\/secure.gravatar.com\\\/avatar\\\/109c326cf2be5c04f048c2c2a2b8b6ef44bf3d8d1d3d4c55d0ac40c4bc994684?s=96&d=mm&r=g\",\"contentUrl\":\"https:\\\/\\\/secure.gravatar.com\\\/avatar\\\/109c326cf2be5c04f048c2c2a2b8b6ef44bf3d8d1d3d4c55d0ac40c4bc994684?s=96&d=mm&r=g\",\"caption\":\"Editor\"},\"url\":\"https:\\\/\\\/diarioellabrador.cl\\\/index.php\\\/author\\\/editor\\\/\"}]}<\/script>\n<!-- \/ Yoast SEO plugin. -->","yoast_head_json":{"title":"Esteban Fern\u00e1ndez palpita una final de la Rienda con Luis Eduardo Cort\u00e9s: \"Ser\u00e1 un honor\" - Diario El Labrador","robots":{"index":"index","follow":"follow","max-snippet":"max-snippet:-1","max-image-preview":"max-image-preview:large","max-video-preview":"max-video-preview:-1"},"canonical":"https:\/\/diarioellabrador.cl\/index.php\/2026\/03\/17\/esteban-fernandez-palpita-una-final-de-la-rienda-con-luis-eduardo-cortes-sera-un-honor\/","og_locale":"es_ES","og_type":"article","og_title":"Esteban Fern\u00e1ndez palpita una final de la Rienda con Luis Eduardo Cort\u00e9s: \"Ser\u00e1 un honor\" - Diario El Labrador","og_description":"Autor: Caballoyrodeo.cl Esteban Fern\u00e1ndez se qued\u00f3 con el Movimiento a la Rienda Masculino del Clasificatorio Zona Norte de Melipilla luego que, montando a Tavor\u00ed Cabeza Dura, sum\u00f3 52 puntos y asegur\u00f3 su estreno en el Campeonato Nacional de Rodeo de Rancagua. El jinete de Asociaci\u00f3n Santiago Cumbre firm\u00f3 una faena s\u00f3lida con parciales de 3 Leer m\u00e1s","og_url":"https:\/\/diarioellabrador.cl\/index.php\/2026\/03\/17\/esteban-fernandez-palpita-una-final-de-la-rienda-con-luis-eduardo-cortes-sera-un-honor\/","og_site_name":"Diario El Labrador","article_publisher":"https:\/\/web.facebook.com\/profile.php?id=61576120840621","article_published_time":"2026-03-17T22:00:30+00:00","article_modified_time":"2026-03-17T22:00:32+00:00","og_image":[{"width":750,"height":389,"url":"https:\/\/diarioellabrador.cl\/wp-content\/uploads\/2026\/03\/Esteban-Fernandez-palpita-una-final-de-la-Rienda-con-Luis-Eduardo-Cortes-Sera-un-honor.jpg","type":"image\/jpeg"}],"author":"Editor","twitter_card":"summary_large_image","twitter_creator":"@ElLabradorOf","twitter_site":"@ElLabradorOf","twitter_misc":{"Escrito por":"Editor","Tiempo de lectura":"3 minutos"},"schema":{"@context":"https:\/\/schema.org","@graph":[{"@type":"Article","@id":"https:\/\/diarioellabrador.cl\/index.php\/2026\/03\/17\/esteban-fernandez-palpita-una-final-de-la-rienda-con-luis-eduardo-cortes-sera-un-honor\/#article","isPartOf":{"@id":"https:\/\/diarioellabrador.cl\/index.php\/2026\/03\/17\/esteban-fernandez-palpita-una-final-de-la-rienda-con-luis-eduardo-cortes-sera-un-honor\/"},"author":{"name":"Editor","@id":"https:\/\/diarioellabrador.cl\/#\/schema\/person\/bc25ff80b4563f9c7f4bd7855df01685"},"headline":"Esteban Fern\u00e1ndez palpita una final de la Rienda con Luis Eduardo Cort\u00e9s: \u00abSer\u00e1 un honor\u00bb","datePublished":"2026-03-17T22:00:30+00:00","dateModified":"2026-03-17T22:00:32+00:00","mainEntityOfPage":{"@id":"https:\/\/diarioellabrador.cl\/index.php\/2026\/03\/17\/esteban-fernandez-palpita-una-final-de-la-rienda-con-luis-eduardo-cortes-sera-un-honor\/"},"wordCount":583,"commentCount":0,"publisher":{"@id":"https:\/\/diarioellabrador.cl\/#organization"},"image":{"@id":"https:\/\/diarioellabrador.cl\/index.php\/2026\/03\/17\/esteban-fernandez-palpita-una-final-de-la-rienda-con-luis-eduardo-cortes-sera-un-honor\/#primaryimage"},"thumbnailUrl":"https:\/\/diarioellabrador.cl\/wp-content\/uploads\/2026\/03\/Esteban-Fernandez-palpita-una-final-de-la-Rienda-con-Luis-Eduardo-Cortes-Sera-un-honor.jpg","articleSection":["Rodeo"],"inLanguage":"es","potentialAction":[{"@type":"CommentAction","name":"Comment","target":["https:\/\/diarioellabrador.cl\/index.php\/2026\/03\/17\/esteban-fernandez-palpita-una-final-de-la-rienda-con-luis-eduardo-cortes-sera-un-honor\/#respond"]}]},{"@type":"WebPage","@id":"https:\/\/diarioellabrador.cl\/index.php\/2026\/03\/17\/esteban-fernandez-palpita-una-final-de-la-rienda-con-luis-eduardo-cortes-sera-un-honor\/","url":"https:\/\/diarioellabrador.cl\/index.php\/2026\/03\/17\/esteban-fernandez-palpita-una-final-de-la-rienda-con-luis-eduardo-cortes-sera-un-honor\/","name":"Esteban Fern\u00e1ndez palpita una final de la Rienda con Luis Eduardo Cort\u00e9s: \"Ser\u00e1 un honor\" - Diario El Labrador","isPartOf":{"@id":"https:\/\/diarioellabrador.cl\/#website"},"primaryImageOfPage":{"@id":"https:\/\/diarioellabrador.cl\/index.php\/2026\/03\/17\/esteban-fernandez-palpita-una-final-de-la-rienda-con-luis-eduardo-cortes-sera-un-honor\/#primaryimage"},"image":{"@id":"https:\/\/diarioellabrador.cl\/index.php\/2026\/03\/17\/esteban-fernandez-palpita-una-final-de-la-rienda-con-luis-eduardo-cortes-sera-un-honor\/#primaryimage"},"thumbnailUrl":"https:\/\/diarioellabrador.cl\/wp-content\/uploads\/2026\/03\/Esteban-Fernandez-palpita-una-final-de-la-Rienda-con-Luis-Eduardo-Cortes-Sera-un-honor.jpg","datePublished":"2026-03-17T22:00:30+00:00","dateModified":"2026-03-17T22:00:32+00:00","breadcrumb":{"@id":"https:\/\/diarioellabrador.cl\/index.php\/2026\/03\/17\/esteban-fernandez-palpita-una-final-de-la-rienda-con-luis-eduardo-cortes-sera-un-honor\/#breadcrumb"},"inLanguage":"es","potentialAction":[{"@type":"ReadAction","target":["https:\/\/diarioellabrador.cl\/index.php\/2026\/03\/17\/esteban-fernandez-palpita-una-final-de-la-rienda-con-luis-eduardo-cortes-sera-un-honor\/"]}]},{"@type":"ImageObject","inLanguage":"es","@id":"https:\/\/diarioellabrador.cl\/index.php\/2026\/03\/17\/esteban-fernandez-palpita-una-final-de-la-rienda-con-luis-eduardo-cortes-sera-un-honor\/#primaryimage","url":"https:\/\/diarioellabrador.cl\/wp-content\/uploads\/2026\/03\/Esteban-Fernandez-palpita-una-final-de-la-Rienda-con-Luis-Eduardo-Cortes-Sera-un-honor.jpg","contentUrl":"https:\/\/diarioellabrador.cl\/wp-content\/uploads\/2026\/03\/Esteban-Fernandez-palpita-una-final-de-la-Rienda-con-Luis-Eduardo-Cortes-Sera-un-honor.jpg","width":750,"height":389},{"@type":"BreadcrumbList","@id":"https:\/\/diarioellabrador.cl\/index.php\/2026\/03\/17\/esteban-fernandez-palpita-una-final-de-la-rienda-con-luis-eduardo-cortes-sera-un-honor\/#breadcrumb","itemListElement":[{"@type":"ListItem","position":1,"name":"Portada","item":"https:\/\/diarioellabrador.cl\/"},{"@type":"ListItem","position":2,"name":"Esteban Fern\u00e1ndez palpita una final de la Rienda con Luis Eduardo Cort\u00e9s: \u00abSer\u00e1 un honor\u00bb"}]},{"@type":"WebSite","@id":"https:\/\/diarioellabrador.cl\/#website","url":"https:\/\/diarioellabrador.cl\/","name":"Diario El Labrador","description":"Haciendo noticia desde 1921","publisher":{"@id":"https:\/\/diarioellabrador.cl\/#organization"},"potentialAction":[{"@type":"SearchAction","target":{"@type":"EntryPoint","urlTemplate":"https:\/\/diarioellabrador.cl\/?s={search_term_string}"},"query-input":{"@type":"PropertyValueSpecification","valueRequired":true,"valueName":"search_term_string"}}],"inLanguage":"es"},{"@type":"Organization","@id":"https:\/\/diarioellabrador.cl\/#organization","name":"Diario El Labrador","url":"https:\/\/diarioellabrador.cl\/","logo":{"@type":"ImageObject","inLanguage":"es","@id":"https:\/\/diarioellabrador.cl\/#\/schema\/logo\/image\/","url":"https:\/\/diarioellabrador.cl\/wp-content\/uploads\/2025\/02\/cropped-Logo-Icono.png","contentUrl":"https:\/\/diarioellabrador.cl\/wp-content\/uploads\/2025\/02\/cropped-Logo-Icono.png","width":512,"height":512,"caption":"Diario El Labrador"},"image":{"@id":"https:\/\/diarioellabrador.cl\/#\/schema\/logo\/image\/"},"sameAs":["https:\/\/web.facebook.com\/profile.php?id=61576120840621","https:\/\/x.com\/ElLabradorOf","https:\/\/www.instagram.com\/diarioellabradoroficial\/"]},{"@type":"Person","@id":"https:\/\/diarioellabrador.cl\/#\/schema\/person\/bc25ff80b4563f9c7f4bd7855df01685","name":"Editor","image":{"@type":"ImageObject","inLanguage":"es","@id":"https:\/\/secure.gravatar.com\/avatar\/109c326cf2be5c04f048c2c2a2b8b6ef44bf3d8d1d3d4c55d0ac40c4bc994684?s=96&d=mm&r=g","url":"https:\/\/secure.gravatar.com\/avatar\/109c326cf2be5c04f048c2c2a2b8b6ef44bf3d8d1d3d4c55d0ac40c4bc994684?s=96&d=mm&r=g","contentUrl":"https:\/\/secure.gravatar.com\/avatar\/109c326cf2be5c04f048c2c2a2b8b6ef44bf3d8d1d3d4c55d0ac40c4bc994684?s=96&d=mm&r=g","caption":"Editor"},"url":"https:\/\/diarioellabrador.cl\/index.php\/author\/editor\/"}]}},"_links":{"self":[{"href":"https:\/\/diarioellabrador.cl\/index.php\/wp-json\/wp\/v2\/posts\/16727","targetHints":{"allow":["GET"]}}],"collection":[{"href":"https:\/\/diarioellabrador.cl\/index.php\/wp-json\/wp\/v2\/posts"}],"about":[{"href":"https:\/\/diarioellabrador.cl\/index.php\/wp-json\/wp\/v2\/types\/post"}],"author":[{"embeddable":true,"href":"https:\/\/diarioellabrador.cl\/index.php\/wp-json\/wp\/v2\/users\/2"}],"replies":[{"embeddable":true,"href":"https:\/\/diarioellabrador.cl\/index.php\/wp-json\/wp\/v2\/comments?post=16727"}],"version-history":[{"count":1,"href":"https:\/\/diarioellabrador.cl\/index.php\/wp-json\/wp\/v2\/posts\/16727\/revisions"}],"predecessor-version":[{"id":16728,"href":"https:\/\/diarioellabrador.cl\/index.php\/wp-json\/wp\/v2\/posts\/16727\/revisions\/16728"}],"wp:featuredmedia":[{"embeddable":true,"href":"https:\/\/diarioellabrador.cl\/index.php\/wp-json\/wp\/v2\/media\/16700"}],"wp:attachment":[{"href":"https:\/\/diarioellabrador.cl\/index.php\/wp-json\/wp\/v2\/media?parent=16727"}],"wp:term":[{"taxonomy":"category","embeddable":true,"href":"https:\/\/diarioellabrador.cl\/index.php\/wp-json\/wp\/v2\/categories?post=16727"},{"taxonomy":"post_tag","embeddable":true,"href":"https:\/\/diarioellabrador.cl\/index.php\/wp-json\/wp\/v2\/tags?post=16727"}],"curies":[{"name":"wp","href":"https:\/\/api.w.org\/{rel}","templated":true}]}}