{"id":16725,"date":"2026-03-17T17:59:43","date_gmt":"2026-03-17T21:59:43","guid":{"rendered":"https:\/\/diarioellabrador.cl\/?p=16725"},"modified":"2026-03-17T17:59:45","modified_gmt":"2026-03-17T21:59:45","slug":"las-diablas-ya-tienen-rivales-de-grupo-del-mundial-van-contra-locales-y-dos-que-ya-vencio-en-santiago","status":"publish","type":"post","link":"https:\/\/diarioellabrador.cl\/index.php\/2026\/03\/17\/las-diablas-ya-tienen-rivales-de-grupo-del-mundial-van-contra-locales-y-dos-que-ya-vencio-en-santiago\/","title":{"rendered":"Las Diablas ya tienen rivales de grupo del Mundial: van contra locales y dos que ya venci\u00f3 en Santiago"},"content":{"rendered":"\n<p>Un sorteo y mucha ilusi\u00f3n. <strong>Las Diablas<\/strong>, selecci\u00f3n chilena femenina adulta de hockey c\u00e9sped, conocieron este martes sus rivales de la fase grupal del <a href=\"https:\/\/www.fih.hockey\/\" target=\"_blank\" rel=\"noreferrer noopener\">Mundial 2026.<\/a><\/p>\n\n\n\n<p>Recordemos que el <a href=\"https:\/\/teamchile.cl\/el-salto-en-el-ranking-planetario-de-las-diablas-tras-ganar-el-pre-mundial-en-santiago\/\" target=\"_blank\" rel=\"noreferrer noopener\">conjunto nacional<\/a> clasific\u00f3 a la cita tras coronarse campe\u00f3n, de manera invicta, de la <strong>Qualifiers de Santiago.<\/strong><\/p>\n\n\n\n<p>Esta jornada la suerte determin\u00f3 que Chile qued\u00f3<strong> en el grupo A<\/strong> del certamen planetario, teniendo como principal rival a <strong>Pa\u00edses Bajos<\/strong>, anfitri\u00f3n del certamen y la mayor potencia de la disciplina (junto a Argentina).<\/p>\n\n\n\n<p>Adem\u00e1s, las dirigidas de Crist\u00f3bal Rodr\u00edguez quedaron junto a <strong>Australia y Jap\u00f3n<\/strong>, dos pa\u00edses a los que super\u00f3 en el complejo Claudio Sch\u00fcler del <a href=\"https:\/\/www.mindep.cl\/secciones\/185\" target=\"_blank\" rel=\"noreferrer noopener\">Parque Estadio Nacional.<\/a><\/p>\n\n\n\n<p>En la capital chilena, las Diablas vencieron a las australianas en dos ocasiones: <strong>2-1 en la primera fase y 1-0 <\/strong>en la gran final del certamen. A las japonesas, en tanto, les ganaron en penales tras igualar <strong>1-1<\/strong> en el tiempo regular.<\/p>\n\n\n\n<p>Consignar que el Mundial se disputar\u00e1 con dos sedes, Pa\u00edses Bajos y B\u00e9lgica. El primero acoger\u00e1 los duelos de las zonas A y D, y el segundo el B y C.<\/p>\n\n\n\n<p>El torneo se disputar\u00e1 entre <strong>el 15 y el 30 de agosto<\/strong> de este a\u00f1o.<\/p>\n\n\n\n<h1 class=\"wp-block-heading\"><em>DT de Las Diablas palpita sorteo del Mundial de Hockey C\u00e9sped: \u00abLa idea no es participar, es competir\u00bb<\/em><\/h1>\n\n\n\n<p>El entrenador de la selecci\u00f3n chilena femenina de hockey c\u00e9sped <strong>(Las Diablas)<\/strong>, <strong>Crist\u00f3bal Rodr\u00edguez<\/strong>, est\u00e1 a la espera de conocer qu\u00e9 les deparar\u00e1 el sorteo del Mundial de la disciplina.<\/p>\n\n\n\n<p>Las nacionales, que ganaron las Qualifiers de manera invicta en nuestro pa\u00eds, conocer\u00e1n ma\u00f1ana a sus rivales de la cita planetaria, a disputarse <strong>del 14 al 30 de agosto del presente a\u00f1o en Amstelveen (Pa\u00edses Bajos) y Wavre (B\u00e9lgica)<\/strong>.<\/p>\n\n\n\n<p>Para el evento, las chilenas llegan como und\u00e9cimas del orbe, algo que para el DT ser\u00e1 clave.<\/p>\n\n\n\n<p>\u201cCon este nuevo ranking nosotros vamos a ser del tercer grupo y no del cuarto, lo que ya tambi\u00e9n es muy bueno porque hace que dentro de cualquier grupo tengas una posibilidad no menor de quedar entre los ocho primeros (\u2026) <strong>Ahora, puede ser alguien muy dif\u00edcil o puede ser alguien asequible. Es un mundial, son todos los equipos de muy alto nivel y nosotros, como lo dijimos para la entrevista, la idea no es ir a participar, sino ir a competir<\/strong>\u201c, dijo a La Radio.<\/p>\n\n\n\n<p>Sin \u00e1nimos de especular posibles rivales para Las Diablas, Rodr\u00edguez tambi\u00e9n repas\u00f3 los desaf\u00edos venideros para sus dirigidas, como por ejemplo, la <a href=\"https:\/\/www.fih.hockey\/\" target=\"_blank\" rel=\"noreferrer noopener\"><strong>Nations League<\/strong><\/a><strong> de hockey c\u00e9sped femenino<\/strong> que se celebrar\u00e1 del 15 al 21 de junio en Auckland, Nueva Zelanda.<\/p>\n\n\n\n<p>Dicha cita, previa al Mundial, es para el head coach, de cierto modo, <strong>\u201cm\u00e1s importante\u201d<\/strong> en t\u00e9rminos de competitividad.<\/p>\n\n\n\n<p>\u201cEn la Nations estamos al mismo nivel todos, entonces t\u00fa puedes jugar una muy buena Nations, ganarla, clasificar a la Pro League, y ya te vas a meter s\u00ed o s\u00ed entre los mejores del mundo. Entonces, ah\u00ed s\u00ed o s\u00ed vas a subir al Top 10 y ah\u00ed s\u00ed o s\u00ed vas a preparar <strong>un posible clasificatorio al Juego Ol\u00edmpico<\/strong>\u201c, apunt\u00f3.<\/p>\n\n\n\n<p>En ese sentido, la preparaci\u00f3n de Las Diablas no cesa con un objetivo en mente: estar entre las mejores del mundo.<\/p>\n\n\n\n<p>\u201cTenemos la Nations antes, lo que va a ser un boost an\u00edmico y tambi\u00e9n de juego, porque vamos a tener 5 partidos de alta intensidad justo un mes y medio antes. Entonces nos vamos a estar preparando para eso, para el Mundial, <strong>y espero que lleguemos de la mejor forma para que el sue\u00f1o de meterse entre los 8 primeros ya sea realidad, y no solo un deseo<\/strong>\u201c, sentenci\u00f3 Crist\u00f3bal Rodr\u00edguez.<\/p>\n","protected":false},"excerpt":{"rendered":"<p>Un sorteo y mucha ilusi\u00f3n. Las Diablas, selecci\u00f3n chilena femenina adulta de hockey c\u00e9sped, conocieron este martes sus rivales de la fase grupal del Mundial 2026. Recordemos que el conjunto nacional clasific\u00f3 a la cita tras coronarse campe\u00f3n, de manera invicta, de la Qualifiers de Santiago. Esta jornada la suerte determin\u00f3 que Chile qued\u00f3 en<\/p>\n<div class=\"read-more-wrapper\"><a class=\"read-more\" href=\"https:\/\/diarioellabrador.cl\/index.php\/2026\/03\/17\/las-diablas-ya-tienen-rivales-de-grupo-del-mundial-van-contra-locales-y-dos-que-ya-vencio-en-santiago\/\" title=\"Leer m\u00e1s\"> <span class=\"button \">Leer m\u00e1s<\/span><\/a><\/div>\n","protected":false},"author":2,"featured_media":16697,"comment_status":"open","ping_status":"open","sticky":false,"template":"","format":"standard","meta":{"footnotes":""},"categories":[4],"tags":[],"class_list":["post-16725","post","type-post","status-publish","format-standard","has-post-thumbnail","hentry","category-deportes"],"yoast_head":"<!-- This site is optimized with the Yoast SEO plugin v27.5 - https:\/\/yoast.com\/product\/yoast-seo-wordpress\/ -->\n<title>Las Diablas ya tienen rivales de grupo del Mundial: van contra locales y dos que ya venci\u00f3 en Santiago - Diario El Labrador<\/title>\n<meta name=\"robots\" content=\"index, follow, max-snippet:-1, max-image-preview:large, max-video-preview:-1\" \/>\n<link rel=\"canonical\" href=\"https:\/\/diarioellabrador.cl\/index.php\/2026\/03\/17\/las-diablas-ya-tienen-rivales-de-grupo-del-mundial-van-contra-locales-y-dos-que-ya-vencio-en-santiago\/\" \/>\n<meta property=\"og:locale\" content=\"es_ES\" \/>\n<meta property=\"og:type\" content=\"article\" \/>\n<meta property=\"og:title\" content=\"Las Diablas ya tienen rivales de grupo del Mundial: van contra locales y dos que ya venci\u00f3 en Santiago - Diario El Labrador\" \/>\n<meta property=\"og:description\" content=\"Un sorteo y mucha ilusi\u00f3n. Las Diablas, selecci\u00f3n chilena femenina adulta de hockey c\u00e9sped, conocieron este martes sus rivales de la fase grupal del Mundial 2026. Recordemos que el conjunto nacional clasific\u00f3 a la cita tras coronarse campe\u00f3n, de manera invicta, de la Qualifiers de Santiago. Esta jornada la suerte determin\u00f3 que Chile qued\u00f3 en Leer m\u00e1s\" \/>\n<meta property=\"og:url\" content=\"https:\/\/diarioellabrador.cl\/index.php\/2026\/03\/17\/las-diablas-ya-tienen-rivales-de-grupo-del-mundial-van-contra-locales-y-dos-que-ya-vencio-en-santiago\/\" \/>\n<meta property=\"og:site_name\" content=\"Diario El Labrador\" \/>\n<meta property=\"article:publisher\" content=\"https:\/\/web.facebook.com\/profile.php?id=61576120840621\" \/>\n<meta property=\"article:published_time\" content=\"2026-03-17T21:59:43+00:00\" \/>\n<meta property=\"article:modified_time\" content=\"2026-03-17T21:59:45+00:00\" \/>\n<meta property=\"og:image\" content=\"https:\/\/diarioellabrador.cl\/wp-content\/uploads\/2026\/03\/Las-Diablas-ya-tienen-rivales-de-grupo-del-Mundial-van-contra-locales-y-dos-que-ya-vencio-en-Santiago.jpg\" \/>\n\t<meta property=\"og:image:width\" content=\"1200\" \/>\n\t<meta property=\"og:image:height\" content=\"633\" \/>\n\t<meta property=\"og:image:type\" content=\"image\/jpeg\" \/>\n<meta name=\"author\" content=\"Editor\" \/>\n<meta name=\"twitter:card\" content=\"summary_large_image\" \/>\n<meta name=\"twitter:creator\" content=\"@ElLabradorOf\" \/>\n<meta name=\"twitter:site\" content=\"@ElLabradorOf\" \/>\n<meta name=\"twitter:label1\" content=\"Escrito por\" \/>\n\t<meta name=\"twitter:data1\" content=\"Editor\" \/>\n\t<meta name=\"twitter:label2\" content=\"Tiempo de lectura\" \/>\n\t<meta name=\"twitter:data2\" content=\"3 minutos\" \/>\n<script type=\"application\/ld+json\" class=\"yoast-schema-graph\">{\"@context\":\"https:\\\/\\\/schema.org\",\"@graph\":[{\"@type\":\"Article\",\"@id\":\"https:\\\/\\\/diarioellabrador.cl\\\/index.php\\\/2026\\\/03\\\/17\\\/las-diablas-ya-tienen-rivales-de-grupo-del-mundial-van-contra-locales-y-dos-que-ya-vencio-en-santiago\\\/#article\",\"isPartOf\":{\"@id\":\"https:\\\/\\\/diarioellabrador.cl\\\/index.php\\\/2026\\\/03\\\/17\\\/las-diablas-ya-tienen-rivales-de-grupo-del-mundial-van-contra-locales-y-dos-que-ya-vencio-en-santiago\\\/\"},\"author\":{\"name\":\"Editor\",\"@id\":\"https:\\\/\\\/diarioellabrador.cl\\\/#\\\/schema\\\/person\\\/bc25ff80b4563f9c7f4bd7855df01685\"},\"headline\":\"Las Diablas ya tienen rivales de grupo del Mundial: van contra locales y dos que ya venci\u00f3 en Santiago\",\"datePublished\":\"2026-03-17T21:59:43+00:00\",\"dateModified\":\"2026-03-17T21:59:45+00:00\",\"mainEntityOfPage\":{\"@id\":\"https:\\\/\\\/diarioellabrador.cl\\\/index.php\\\/2026\\\/03\\\/17\\\/las-diablas-ya-tienen-rivales-de-grupo-del-mundial-van-contra-locales-y-dos-que-ya-vencio-en-santiago\\\/\"},\"wordCount\":650,\"commentCount\":0,\"publisher\":{\"@id\":\"https:\\\/\\\/diarioellabrador.cl\\\/#organization\"},\"image\":{\"@id\":\"https:\\\/\\\/diarioellabrador.cl\\\/index.php\\\/2026\\\/03\\\/17\\\/las-diablas-ya-tienen-rivales-de-grupo-del-mundial-van-contra-locales-y-dos-que-ya-vencio-en-santiago\\\/#primaryimage\"},\"thumbnailUrl\":\"https:\\\/\\\/diarioellabrador.cl\\\/wp-content\\\/uploads\\\/2026\\\/03\\\/Las-Diablas-ya-tienen-rivales-de-grupo-del-Mundial-van-contra-locales-y-dos-que-ya-vencio-en-Santiago.jpg\",\"articleSection\":[\"Deportes\"],\"inLanguage\":\"es\",\"potentialAction\":[{\"@type\":\"CommentAction\",\"name\":\"Comment\",\"target\":[\"https:\\\/\\\/diarioellabrador.cl\\\/index.php\\\/2026\\\/03\\\/17\\\/las-diablas-ya-tienen-rivales-de-grupo-del-mundial-van-contra-locales-y-dos-que-ya-vencio-en-santiago\\\/#respond\"]}]},{\"@type\":\"WebPage\",\"@id\":\"https:\\\/\\\/diarioellabrador.cl\\\/index.php\\\/2026\\\/03\\\/17\\\/las-diablas-ya-tienen-rivales-de-grupo-del-mundial-van-contra-locales-y-dos-que-ya-vencio-en-santiago\\\/\",\"url\":\"https:\\\/\\\/diarioellabrador.cl\\\/index.php\\\/2026\\\/03\\\/17\\\/las-diablas-ya-tienen-rivales-de-grupo-del-mundial-van-contra-locales-y-dos-que-ya-vencio-en-santiago\\\/\",\"name\":\"Las Diablas ya tienen rivales de grupo del Mundial: van contra locales y dos que ya venci\u00f3 en Santiago - Diario El Labrador\",\"isPartOf\":{\"@id\":\"https:\\\/\\\/diarioellabrador.cl\\\/#website\"},\"primaryImageOfPage\":{\"@id\":\"https:\\\/\\\/diarioellabrador.cl\\\/index.php\\\/2026\\\/03\\\/17\\\/las-diablas-ya-tienen-rivales-de-grupo-del-mundial-van-contra-locales-y-dos-que-ya-vencio-en-santiago\\\/#primaryimage\"},\"image\":{\"@id\":\"https:\\\/\\\/diarioellabrador.cl\\\/index.php\\\/2026\\\/03\\\/17\\\/las-diablas-ya-tienen-rivales-de-grupo-del-mundial-van-contra-locales-y-dos-que-ya-vencio-en-santiago\\\/#primaryimage\"},\"thumbnailUrl\":\"https:\\\/\\\/diarioellabrador.cl\\\/wp-content\\\/uploads\\\/2026\\\/03\\\/Las-Diablas-ya-tienen-rivales-de-grupo-del-Mundial-van-contra-locales-y-dos-que-ya-vencio-en-Santiago.jpg\",\"datePublished\":\"2026-03-17T21:59:43+00:00\",\"dateModified\":\"2026-03-17T21:59:45+00:00\",\"breadcrumb\":{\"@id\":\"https:\\\/\\\/diarioellabrador.cl\\\/index.php\\\/2026\\\/03\\\/17\\\/las-diablas-ya-tienen-rivales-de-grupo-del-mundial-van-contra-locales-y-dos-que-ya-vencio-en-santiago\\\/#breadcrumb\"},\"inLanguage\":\"es\",\"potentialAction\":[{\"@type\":\"ReadAction\",\"target\":[\"https:\\\/\\\/diarioellabrador.cl\\\/index.php\\\/2026\\\/03\\\/17\\\/las-diablas-ya-tienen-rivales-de-grupo-del-mundial-van-contra-locales-y-dos-que-ya-vencio-en-santiago\\\/\"]}]},{\"@type\":\"ImageObject\",\"inLanguage\":\"es\",\"@id\":\"https:\\\/\\\/diarioellabrador.cl\\\/index.php\\\/2026\\\/03\\\/17\\\/las-diablas-ya-tienen-rivales-de-grupo-del-mundial-van-contra-locales-y-dos-que-ya-vencio-en-santiago\\\/#primaryimage\",\"url\":\"https:\\\/\\\/diarioellabrador.cl\\\/wp-content\\\/uploads\\\/2026\\\/03\\\/Las-Diablas-ya-tienen-rivales-de-grupo-del-Mundial-van-contra-locales-y-dos-que-ya-vencio-en-Santiago.jpg\",\"contentUrl\":\"https:\\\/\\\/diarioellabrador.cl\\\/wp-content\\\/uploads\\\/2026\\\/03\\\/Las-Diablas-ya-tienen-rivales-de-grupo-del-Mundial-van-contra-locales-y-dos-que-ya-vencio-en-Santiago.jpg\",\"width\":1200,\"height\":633},{\"@type\":\"BreadcrumbList\",\"@id\":\"https:\\\/\\\/diarioellabrador.cl\\\/index.php\\\/2026\\\/03\\\/17\\\/las-diablas-ya-tienen-rivales-de-grupo-del-mundial-van-contra-locales-y-dos-que-ya-vencio-en-santiago\\\/#breadcrumb\",\"itemListElement\":[{\"@type\":\"ListItem\",\"position\":1,\"name\":\"Portada\",\"item\":\"https:\\\/\\\/diarioellabrador.cl\\\/\"},{\"@type\":\"ListItem\",\"position\":2,\"name\":\"Las Diablas ya tienen rivales de grupo del Mundial: van contra locales y dos que ya venci\u00f3 en Santiago\"}]},{\"@type\":\"WebSite\",\"@id\":\"https:\\\/\\\/diarioellabrador.cl\\\/#website\",\"url\":\"https:\\\/\\\/diarioellabrador.cl\\\/\",\"name\":\"Diario El Labrador\",\"description\":\"Haciendo noticia desde 1921\",\"publisher\":{\"@id\":\"https:\\\/\\\/diarioellabrador.cl\\\/#organization\"},\"potentialAction\":[{\"@type\":\"SearchAction\",\"target\":{\"@type\":\"EntryPoint\",\"urlTemplate\":\"https:\\\/\\\/diarioellabrador.cl\\\/?s={search_term_string}\"},\"query-input\":{\"@type\":\"PropertyValueSpecification\",\"valueRequired\":true,\"valueName\":\"search_term_string\"}}],\"inLanguage\":\"es\"},{\"@type\":\"Organization\",\"@id\":\"https:\\\/\\\/diarioellabrador.cl\\\/#organization\",\"name\":\"Diario El Labrador\",\"url\":\"https:\\\/\\\/diarioellabrador.cl\\\/\",\"logo\":{\"@type\":\"ImageObject\",\"inLanguage\":\"es\",\"@id\":\"https:\\\/\\\/diarioellabrador.cl\\\/#\\\/schema\\\/logo\\\/image\\\/\",\"url\":\"https:\\\/\\\/diarioellabrador.cl\\\/wp-content\\\/uploads\\\/2025\\\/02\\\/cropped-Logo-Icono.png\",\"contentUrl\":\"https:\\\/\\\/diarioellabrador.cl\\\/wp-content\\\/uploads\\\/2025\\\/02\\\/cropped-Logo-Icono.png\",\"width\":512,\"height\":512,\"caption\":\"Diario El Labrador\"},\"image\":{\"@id\":\"https:\\\/\\\/diarioellabrador.cl\\\/#\\\/schema\\\/logo\\\/image\\\/\"},\"sameAs\":[\"https:\\\/\\\/web.facebook.com\\\/profile.php?id=61576120840621\",\"https:\\\/\\\/x.com\\\/ElLabradorOf\",\"https:\\\/\\\/www.instagram.com\\\/diarioellabradoroficial\\\/\"]},{\"@type\":\"Person\",\"@id\":\"https:\\\/\\\/diarioellabrador.cl\\\/#\\\/schema\\\/person\\\/bc25ff80b4563f9c7f4bd7855df01685\",\"name\":\"Editor\",\"image\":{\"@type\":\"ImageObject\",\"inLanguage\":\"es\",\"@id\":\"https:\\\/\\\/secure.gravatar.com\\\/avatar\\\/109c326cf2be5c04f048c2c2a2b8b6ef44bf3d8d1d3d4c55d0ac40c4bc994684?s=96&d=mm&r=g\",\"url\":\"https:\\\/\\\/secure.gravatar.com\\\/avatar\\\/109c326cf2be5c04f048c2c2a2b8b6ef44bf3d8d1d3d4c55d0ac40c4bc994684?s=96&d=mm&r=g\",\"contentUrl\":\"https:\\\/\\\/secure.gravatar.com\\\/avatar\\\/109c326cf2be5c04f048c2c2a2b8b6ef44bf3d8d1d3d4c55d0ac40c4bc994684?s=96&d=mm&r=g\",\"caption\":\"Editor\"},\"url\":\"https:\\\/\\\/diarioellabrador.cl\\\/index.php\\\/author\\\/editor\\\/\"}]}<\/script>\n<!-- \/ Yoast SEO plugin. -->","yoast_head_json":{"title":"Las Diablas ya tienen rivales de grupo del Mundial: van contra locales y dos que ya venci\u00f3 en Santiago - Diario El Labrador","robots":{"index":"index","follow":"follow","max-snippet":"max-snippet:-1","max-image-preview":"max-image-preview:large","max-video-preview":"max-video-preview:-1"},"canonical":"https:\/\/diarioellabrador.cl\/index.php\/2026\/03\/17\/las-diablas-ya-tienen-rivales-de-grupo-del-mundial-van-contra-locales-y-dos-que-ya-vencio-en-santiago\/","og_locale":"es_ES","og_type":"article","og_title":"Las Diablas ya tienen rivales de grupo del Mundial: van contra locales y dos que ya venci\u00f3 en Santiago - Diario El Labrador","og_description":"Un sorteo y mucha ilusi\u00f3n. Las Diablas, selecci\u00f3n chilena femenina adulta de hockey c\u00e9sped, conocieron este martes sus rivales de la fase grupal del Mundial 2026. Recordemos que el conjunto nacional clasific\u00f3 a la cita tras coronarse campe\u00f3n, de manera invicta, de la Qualifiers de Santiago. Esta jornada la suerte determin\u00f3 que Chile qued\u00f3 en Leer m\u00e1s","og_url":"https:\/\/diarioellabrador.cl\/index.php\/2026\/03\/17\/las-diablas-ya-tienen-rivales-de-grupo-del-mundial-van-contra-locales-y-dos-que-ya-vencio-en-santiago\/","og_site_name":"Diario El Labrador","article_publisher":"https:\/\/web.facebook.com\/profile.php?id=61576120840621","article_published_time":"2026-03-17T21:59:43+00:00","article_modified_time":"2026-03-17T21:59:45+00:00","og_image":[{"width":1200,"height":633,"url":"https:\/\/diarioellabrador.cl\/wp-content\/uploads\/2026\/03\/Las-Diablas-ya-tienen-rivales-de-grupo-del-Mundial-van-contra-locales-y-dos-que-ya-vencio-en-Santiago.jpg","type":"image\/jpeg"}],"author":"Editor","twitter_card":"summary_large_image","twitter_creator":"@ElLabradorOf","twitter_site":"@ElLabradorOf","twitter_misc":{"Escrito por":"Editor","Tiempo de lectura":"3 minutos"},"schema":{"@context":"https:\/\/schema.org","@graph":[{"@type":"Article","@id":"https:\/\/diarioellabrador.cl\/index.php\/2026\/03\/17\/las-diablas-ya-tienen-rivales-de-grupo-del-mundial-van-contra-locales-y-dos-que-ya-vencio-en-santiago\/#article","isPartOf":{"@id":"https:\/\/diarioellabrador.cl\/index.php\/2026\/03\/17\/las-diablas-ya-tienen-rivales-de-grupo-del-mundial-van-contra-locales-y-dos-que-ya-vencio-en-santiago\/"},"author":{"name":"Editor","@id":"https:\/\/diarioellabrador.cl\/#\/schema\/person\/bc25ff80b4563f9c7f4bd7855df01685"},"headline":"Las Diablas ya tienen rivales de grupo del Mundial: van contra locales y dos que ya venci\u00f3 en Santiago","datePublished":"2026-03-17T21:59:43+00:00","dateModified":"2026-03-17T21:59:45+00:00","mainEntityOfPage":{"@id":"https:\/\/diarioellabrador.cl\/index.php\/2026\/03\/17\/las-diablas-ya-tienen-rivales-de-grupo-del-mundial-van-contra-locales-y-dos-que-ya-vencio-en-santiago\/"},"wordCount":650,"commentCount":0,"publisher":{"@id":"https:\/\/diarioellabrador.cl\/#organization"},"image":{"@id":"https:\/\/diarioellabrador.cl\/index.php\/2026\/03\/17\/las-diablas-ya-tienen-rivales-de-grupo-del-mundial-van-contra-locales-y-dos-que-ya-vencio-en-santiago\/#primaryimage"},"thumbnailUrl":"https:\/\/diarioellabrador.cl\/wp-content\/uploads\/2026\/03\/Las-Diablas-ya-tienen-rivales-de-grupo-del-Mundial-van-contra-locales-y-dos-que-ya-vencio-en-Santiago.jpg","articleSection":["Deportes"],"inLanguage":"es","potentialAction":[{"@type":"CommentAction","name":"Comment","target":["https:\/\/diarioellabrador.cl\/index.php\/2026\/03\/17\/las-diablas-ya-tienen-rivales-de-grupo-del-mundial-van-contra-locales-y-dos-que-ya-vencio-en-santiago\/#respond"]}]},{"@type":"WebPage","@id":"https:\/\/diarioellabrador.cl\/index.php\/2026\/03\/17\/las-diablas-ya-tienen-rivales-de-grupo-del-mundial-van-contra-locales-y-dos-que-ya-vencio-en-santiago\/","url":"https:\/\/diarioellabrador.cl\/index.php\/2026\/03\/17\/las-diablas-ya-tienen-rivales-de-grupo-del-mundial-van-contra-locales-y-dos-que-ya-vencio-en-santiago\/","name":"Las Diablas ya tienen rivales de grupo del Mundial: van contra locales y dos que ya venci\u00f3 en Santiago - Diario El Labrador","isPartOf":{"@id":"https:\/\/diarioellabrador.cl\/#website"},"primaryImageOfPage":{"@id":"https:\/\/diarioellabrador.cl\/index.php\/2026\/03\/17\/las-diablas-ya-tienen-rivales-de-grupo-del-mundial-van-contra-locales-y-dos-que-ya-vencio-en-santiago\/#primaryimage"},"image":{"@id":"https:\/\/diarioellabrador.cl\/index.php\/2026\/03\/17\/las-diablas-ya-tienen-rivales-de-grupo-del-mundial-van-contra-locales-y-dos-que-ya-vencio-en-santiago\/#primaryimage"},"thumbnailUrl":"https:\/\/diarioellabrador.cl\/wp-content\/uploads\/2026\/03\/Las-Diablas-ya-tienen-rivales-de-grupo-del-Mundial-van-contra-locales-y-dos-que-ya-vencio-en-Santiago.jpg","datePublished":"2026-03-17T21:59:43+00:00","dateModified":"2026-03-17T21:59:45+00:00","breadcrumb":{"@id":"https:\/\/diarioellabrador.cl\/index.php\/2026\/03\/17\/las-diablas-ya-tienen-rivales-de-grupo-del-mundial-van-contra-locales-y-dos-que-ya-vencio-en-santiago\/#breadcrumb"},"inLanguage":"es","potentialAction":[{"@type":"ReadAction","target":["https:\/\/diarioellabrador.cl\/index.php\/2026\/03\/17\/las-diablas-ya-tienen-rivales-de-grupo-del-mundial-van-contra-locales-y-dos-que-ya-vencio-en-santiago\/"]}]},{"@type":"ImageObject","inLanguage":"es","@id":"https:\/\/diarioellabrador.cl\/index.php\/2026\/03\/17\/las-diablas-ya-tienen-rivales-de-grupo-del-mundial-van-contra-locales-y-dos-que-ya-vencio-en-santiago\/#primaryimage","url":"https:\/\/diarioellabrador.cl\/wp-content\/uploads\/2026\/03\/Las-Diablas-ya-tienen-rivales-de-grupo-del-Mundial-van-contra-locales-y-dos-que-ya-vencio-en-Santiago.jpg","contentUrl":"https:\/\/diarioellabrador.cl\/wp-content\/uploads\/2026\/03\/Las-Diablas-ya-tienen-rivales-de-grupo-del-Mundial-van-contra-locales-y-dos-que-ya-vencio-en-Santiago.jpg","width":1200,"height":633},{"@type":"BreadcrumbList","@id":"https:\/\/diarioellabrador.cl\/index.php\/2026\/03\/17\/las-diablas-ya-tienen-rivales-de-grupo-del-mundial-van-contra-locales-y-dos-que-ya-vencio-en-santiago\/#breadcrumb","itemListElement":[{"@type":"ListItem","position":1,"name":"Portada","item":"https:\/\/diarioellabrador.cl\/"},{"@type":"ListItem","position":2,"name":"Las Diablas ya tienen rivales de grupo del Mundial: van contra locales y dos que ya venci\u00f3 en Santiago"}]},{"@type":"WebSite","@id":"https:\/\/diarioellabrador.cl\/#website","url":"https:\/\/diarioellabrador.cl\/","name":"Diario El Labrador","description":"Haciendo noticia desde 1921","publisher":{"@id":"https:\/\/diarioellabrador.cl\/#organization"},"potentialAction":[{"@type":"SearchAction","target":{"@type":"EntryPoint","urlTemplate":"https:\/\/diarioellabrador.cl\/?s={search_term_string}"},"query-input":{"@type":"PropertyValueSpecification","valueRequired":true,"valueName":"search_term_string"}}],"inLanguage":"es"},{"@type":"Organization","@id":"https:\/\/diarioellabrador.cl\/#organization","name":"Diario El Labrador","url":"https:\/\/diarioellabrador.cl\/","logo":{"@type":"ImageObject","inLanguage":"es","@id":"https:\/\/diarioellabrador.cl\/#\/schema\/logo\/image\/","url":"https:\/\/diarioellabrador.cl\/wp-content\/uploads\/2025\/02\/cropped-Logo-Icono.png","contentUrl":"https:\/\/diarioellabrador.cl\/wp-content\/uploads\/2025\/02\/cropped-Logo-Icono.png","width":512,"height":512,"caption":"Diario El Labrador"},"image":{"@id":"https:\/\/diarioellabrador.cl\/#\/schema\/logo\/image\/"},"sameAs":["https:\/\/web.facebook.com\/profile.php?id=61576120840621","https:\/\/x.com\/ElLabradorOf","https:\/\/www.instagram.com\/diarioellabradoroficial\/"]},{"@type":"Person","@id":"https:\/\/diarioellabrador.cl\/#\/schema\/person\/bc25ff80b4563f9c7f4bd7855df01685","name":"Editor","image":{"@type":"ImageObject","inLanguage":"es","@id":"https:\/\/secure.gravatar.com\/avatar\/109c326cf2be5c04f048c2c2a2b8b6ef44bf3d8d1d3d4c55d0ac40c4bc994684?s=96&d=mm&r=g","url":"https:\/\/secure.gravatar.com\/avatar\/109c326cf2be5c04f048c2c2a2b8b6ef44bf3d8d1d3d4c55d0ac40c4bc994684?s=96&d=mm&r=g","contentUrl":"https:\/\/secure.gravatar.com\/avatar\/109c326cf2be5c04f048c2c2a2b8b6ef44bf3d8d1d3d4c55d0ac40c4bc994684?s=96&d=mm&r=g","caption":"Editor"},"url":"https:\/\/diarioellabrador.cl\/index.php\/author\/editor\/"}]}},"_links":{"self":[{"href":"https:\/\/diarioellabrador.cl\/index.php\/wp-json\/wp\/v2\/posts\/16725","targetHints":{"allow":["GET"]}}],"collection":[{"href":"https:\/\/diarioellabrador.cl\/index.php\/wp-json\/wp\/v2\/posts"}],"about":[{"href":"https:\/\/diarioellabrador.cl\/index.php\/wp-json\/wp\/v2\/types\/post"}],"author":[{"embeddable":true,"href":"https:\/\/diarioellabrador.cl\/index.php\/wp-json\/wp\/v2\/users\/2"}],"replies":[{"embeddable":true,"href":"https:\/\/diarioellabrador.cl\/index.php\/wp-json\/wp\/v2\/comments?post=16725"}],"version-history":[{"count":1,"href":"https:\/\/diarioellabrador.cl\/index.php\/wp-json\/wp\/v2\/posts\/16725\/revisions"}],"predecessor-version":[{"id":16726,"href":"https:\/\/diarioellabrador.cl\/index.php\/wp-json\/wp\/v2\/posts\/16725\/revisions\/16726"}],"wp:featuredmedia":[{"embeddable":true,"href":"https:\/\/diarioellabrador.cl\/index.php\/wp-json\/wp\/v2\/media\/16697"}],"wp:attachment":[{"href":"https:\/\/diarioellabrador.cl\/index.php\/wp-json\/wp\/v2\/media?parent=16725"}],"wp:term":[{"taxonomy":"category","embeddable":true,"href":"https:\/\/diarioellabrador.cl\/index.php\/wp-json\/wp\/v2\/categories?post=16725"},{"taxonomy":"post_tag","embeddable":true,"href":"https:\/\/diarioellabrador.cl\/index.php\/wp-json\/wp\/v2\/tags?post=16725"}],"curies":[{"name":"wp","href":"https:\/\/api.w.org\/{rel}","templated":true}]}}