{"id":16723,"date":"2026-03-17T17:58:52","date_gmt":"2026-03-17T21:58:52","guid":{"rendered":"https:\/\/diarioellabrador.cl\/?p=16723"},"modified":"2026-03-17T21:20:32","modified_gmt":"2026-03-18T01:20:32","slug":"colo-colo-lider-y-el-conce-colista-absoluto-la-tabla-del-campeonato-nacional-tras-la-septima-fecha","status":"publish","type":"post","link":"https:\/\/diarioellabrador.cl\/index.php\/2026\/03\/17\/colo-colo-lider-y-el-conce-colista-absoluto-la-tabla-del-campeonato-nacional-tras-la-septima-fecha\/","title":{"rendered":"Colo Colo l\u00edder y el Conce colista absoluto: la tabla del campeonato nacional tras la s\u00e9ptima fecha"},"content":{"rendered":"\n<p>ste lunes, con el triunfo de Colo Colo sobre Huachipato en el Estadio Monumental se dio por <strong>cerrada la s\u00e9ptima fecha del campeonato nacional<\/strong> y con eso se configur\u00f3 la tabla de posiciones.<\/p>\n\n\n\n<p>La victoria 2-0, con goles de <strong>\u00c1lvaro Madrid y Claudio Aquino<\/strong>, le entreg\u00f3 tres puntos importantes al equipo albo, que lo dejan como <strong>l\u00edder absoluto de la lista con 15 puntos<\/strong>. Los de Fernando Ortiz suman cinco victorias, y dos derrotas en lo que va de Liga 2026.<\/p>\n\n\n\n<p>Segundo qued\u00f3 Deportes Limache, que con la goleada a Cobresal 5-2 en El Salvador lleg\u00f3 a 14 unidades. En tercer lugar aparece \u00d1ublense, con 12 unidades, mientras que la UC qued\u00f3 en cuarto lugar con 11 unidades y mejor diferencia de goles que la UdeC, que tambi\u00e9n registra 11 puntos.<\/p>\n\n\n\n<p>La parte baja de la tabla muestra a un <strong>Deporte Concepci\u00f3n como colista en solitario con cuatro puntos<\/strong>. La derrota, por 3-0 ante Audax Italiano, no le permiti\u00f3 acercarse a Cobresal y Everton, que suman siete unidades.<\/p>\n\n\n\n<p>Derrota lila que incluso signific\u00f3 el fin del ciclo de Patricio Almendra como director t\u00e9cnico. Es el cuarto estratega que deja su cargo en lo que va de torneo, contando a Javier Torrente en Everton, Francisco Meneghini en La U y Juan Cruz Real en la UdeC.<\/p>\n\n\n\n<p>Cabe destacar que el campeonato nacional se toma un respiro de tres semanas, para regresar el 5 de abril.<\/p>\n\n\n\n<p><strong>Durante estos d\u00edas se disputar\u00e1 la Copa de la Liga<\/strong>, donde participan los mismos 16 equipos de Liga de Primera y que entrega un cupo a Copa Libertadores (Fase 2).<\/p>\n\n\n\n<figure class=\"wp-block-image size-full\"><img loading=\"lazy\" decoding=\"async\" width=\"732\" height=\"688\" src=\"https:\/\/diarioellabrador.cl\/wp-content\/uploads\/2026\/03\/Colo-Colo-lider-y-el-Conce-colista-absoluto-la-tabla-del-campeonato-nacional-tras-la-septima-fecha.jpg\" alt=\"\" class=\"wp-image-16696\" srcset=\"https:\/\/diarioellabrador.cl\/wp-content\/uploads\/2026\/03\/Colo-Colo-lider-y-el-Conce-colista-absoluto-la-tabla-del-campeonato-nacional-tras-la-septima-fecha.jpg 732w, https:\/\/diarioellabrador.cl\/wp-content\/uploads\/2026\/03\/Colo-Colo-lider-y-el-Conce-colista-absoluto-la-tabla-del-campeonato-nacional-tras-la-septima-fecha-300x282.jpg 300w, https:\/\/diarioellabrador.cl\/wp-content\/uploads\/2026\/03\/Colo-Colo-lider-y-el-Conce-colista-absoluto-la-tabla-del-campeonato-nacional-tras-la-septima-fecha-600x564.jpg 600w, https:\/\/diarioellabrador.cl\/wp-content\/uploads\/2026\/03\/Colo-Colo-lider-y-el-Conce-colista-absoluto-la-tabla-del-campeonato-nacional-tras-la-septima-fecha-400x376.jpg 400w\" sizes=\"auto, (max-width: 732px) 100vw, 732px\" \/><\/figure>\n","protected":false},"excerpt":{"rendered":"<p>ste lunes, con el triunfo de Colo Colo sobre Huachipato en el Estadio Monumental se dio por cerrada la s\u00e9ptima fecha del campeonato nacional y con eso se configur\u00f3 la tabla de posiciones. La victoria 2-0, con goles de \u00c1lvaro Madrid y Claudio Aquino, le entreg\u00f3 tres puntos importantes al equipo albo, que lo dejan<\/p>\n<div class=\"read-more-wrapper\"><a class=\"read-more\" href=\"https:\/\/diarioellabrador.cl\/index.php\/2026\/03\/17\/colo-colo-lider-y-el-conce-colista-absoluto-la-tabla-del-campeonato-nacional-tras-la-septima-fecha\/\" title=\"Leer m\u00e1s\"> <span class=\"button \">Leer m\u00e1s<\/span><\/a><\/div>\n","protected":false},"author":2,"featured_media":16769,"comment_status":"open","ping_status":"open","sticky":false,"template":"","format":"standard","meta":{"footnotes":""},"categories":[4],"tags":[],"class_list":["post-16723","post","type-post","status-publish","format-standard","has-post-thumbnail","hentry","category-deportes"],"yoast_head":"<!-- This site is optimized with the Yoast SEO plugin v27.5 - https:\/\/yoast.com\/product\/yoast-seo-wordpress\/ -->\n<title>Colo Colo l\u00edder y el Conce colista absoluto: la tabla del campeonato nacional tras la s\u00e9ptima fecha - Diario El Labrador<\/title>\n<meta name=\"robots\" content=\"index, follow, max-snippet:-1, max-image-preview:large, max-video-preview:-1\" \/>\n<link rel=\"canonical\" href=\"https:\/\/diarioellabrador.cl\/index.php\/2026\/03\/17\/colo-colo-lider-y-el-conce-colista-absoluto-la-tabla-del-campeonato-nacional-tras-la-septima-fecha\/\" \/>\n<meta property=\"og:locale\" content=\"es_ES\" \/>\n<meta property=\"og:type\" content=\"article\" \/>\n<meta property=\"og:title\" content=\"Colo Colo l\u00edder y el Conce colista absoluto: la tabla del campeonato nacional tras la s\u00e9ptima fecha - Diario El Labrador\" \/>\n<meta property=\"og:description\" content=\"ste lunes, con el triunfo de Colo Colo sobre Huachipato en el Estadio Monumental se dio por cerrada la s\u00e9ptima fecha del campeonato nacional y con eso se configur\u00f3 la tabla de posiciones. La victoria 2-0, con goles de \u00c1lvaro Madrid y Claudio Aquino, le entreg\u00f3 tres puntos importantes al equipo albo, que lo dejan Leer m\u00e1s\" \/>\n<meta property=\"og:url\" content=\"https:\/\/diarioellabrador.cl\/index.php\/2026\/03\/17\/colo-colo-lider-y-el-conce-colista-absoluto-la-tabla-del-campeonato-nacional-tras-la-septima-fecha\/\" \/>\n<meta property=\"og:site_name\" content=\"Diario El Labrador\" \/>\n<meta property=\"article:publisher\" content=\"https:\/\/web.facebook.com\/profile.php?id=61576120840621\" \/>\n<meta property=\"article:published_time\" content=\"2026-03-17T21:58:52+00:00\" \/>\n<meta property=\"article:modified_time\" content=\"2026-03-18T01:20:32+00:00\" \/>\n<meta property=\"og:image\" content=\"https:\/\/diarioellabrador.cl\/wp-content\/uploads\/2026\/03\/tabla-campeonato-750x400-1.jpg\" \/>\n\t<meta property=\"og:image:width\" content=\"750\" \/>\n\t<meta property=\"og:image:height\" content=\"400\" \/>\n\t<meta property=\"og:image:type\" content=\"image\/jpeg\" \/>\n<meta name=\"author\" content=\"Editor\" \/>\n<meta name=\"twitter:card\" content=\"summary_large_image\" \/>\n<meta name=\"twitter:creator\" content=\"@ElLabradorOf\" \/>\n<meta name=\"twitter:site\" content=\"@ElLabradorOf\" \/>\n<meta name=\"twitter:label1\" content=\"Escrito por\" \/>\n\t<meta name=\"twitter:data1\" content=\"Editor\" \/>\n\t<meta name=\"twitter:label2\" content=\"Tiempo de lectura\" \/>\n\t<meta name=\"twitter:data2\" content=\"2 minutos\" \/>\n<script type=\"application\/ld+json\" class=\"yoast-schema-graph\">{\"@context\":\"https:\\\/\\\/schema.org\",\"@graph\":[{\"@type\":\"Article\",\"@id\":\"https:\\\/\\\/diarioellabrador.cl\\\/index.php\\\/2026\\\/03\\\/17\\\/colo-colo-lider-y-el-conce-colista-absoluto-la-tabla-del-campeonato-nacional-tras-la-septima-fecha\\\/#article\",\"isPartOf\":{\"@id\":\"https:\\\/\\\/diarioellabrador.cl\\\/index.php\\\/2026\\\/03\\\/17\\\/colo-colo-lider-y-el-conce-colista-absoluto-la-tabla-del-campeonato-nacional-tras-la-septima-fecha\\\/\"},\"author\":{\"name\":\"Editor\",\"@id\":\"https:\\\/\\\/diarioellabrador.cl\\\/#\\\/schema\\\/person\\\/bc25ff80b4563f9c7f4bd7855df01685\"},\"headline\":\"Colo Colo l\u00edder y el Conce colista absoluto: la tabla del campeonato nacional tras la s\u00e9ptima fecha\",\"datePublished\":\"2026-03-17T21:58:52+00:00\",\"dateModified\":\"2026-03-18T01:20:32+00:00\",\"mainEntityOfPage\":{\"@id\":\"https:\\\/\\\/diarioellabrador.cl\\\/index.php\\\/2026\\\/03\\\/17\\\/colo-colo-lider-y-el-conce-colista-absoluto-la-tabla-del-campeonato-nacional-tras-la-septima-fecha\\\/\"},\"wordCount\":280,\"commentCount\":0,\"publisher\":{\"@id\":\"https:\\\/\\\/diarioellabrador.cl\\\/#organization\"},\"image\":{\"@id\":\"https:\\\/\\\/diarioellabrador.cl\\\/index.php\\\/2026\\\/03\\\/17\\\/colo-colo-lider-y-el-conce-colista-absoluto-la-tabla-del-campeonato-nacional-tras-la-septima-fecha\\\/#primaryimage\"},\"thumbnailUrl\":\"https:\\\/\\\/diarioellabrador.cl\\\/wp-content\\\/uploads\\\/2026\\\/03\\\/tabla-campeonato-750x400-1.jpg\",\"articleSection\":[\"Deportes\"],\"inLanguage\":\"es\",\"potentialAction\":[{\"@type\":\"CommentAction\",\"name\":\"Comment\",\"target\":[\"https:\\\/\\\/diarioellabrador.cl\\\/index.php\\\/2026\\\/03\\\/17\\\/colo-colo-lider-y-el-conce-colista-absoluto-la-tabla-del-campeonato-nacional-tras-la-septima-fecha\\\/#respond\"]}]},{\"@type\":\"WebPage\",\"@id\":\"https:\\\/\\\/diarioellabrador.cl\\\/index.php\\\/2026\\\/03\\\/17\\\/colo-colo-lider-y-el-conce-colista-absoluto-la-tabla-del-campeonato-nacional-tras-la-septima-fecha\\\/\",\"url\":\"https:\\\/\\\/diarioellabrador.cl\\\/index.php\\\/2026\\\/03\\\/17\\\/colo-colo-lider-y-el-conce-colista-absoluto-la-tabla-del-campeonato-nacional-tras-la-septima-fecha\\\/\",\"name\":\"Colo Colo l\u00edder y el Conce colista absoluto: la tabla del campeonato nacional tras la s\u00e9ptima fecha - Diario El Labrador\",\"isPartOf\":{\"@id\":\"https:\\\/\\\/diarioellabrador.cl\\\/#website\"},\"primaryImageOfPage\":{\"@id\":\"https:\\\/\\\/diarioellabrador.cl\\\/index.php\\\/2026\\\/03\\\/17\\\/colo-colo-lider-y-el-conce-colista-absoluto-la-tabla-del-campeonato-nacional-tras-la-septima-fecha\\\/#primaryimage\"},\"image\":{\"@id\":\"https:\\\/\\\/diarioellabrador.cl\\\/index.php\\\/2026\\\/03\\\/17\\\/colo-colo-lider-y-el-conce-colista-absoluto-la-tabla-del-campeonato-nacional-tras-la-septima-fecha\\\/#primaryimage\"},\"thumbnailUrl\":\"https:\\\/\\\/diarioellabrador.cl\\\/wp-content\\\/uploads\\\/2026\\\/03\\\/tabla-campeonato-750x400-1.jpg\",\"datePublished\":\"2026-03-17T21:58:52+00:00\",\"dateModified\":\"2026-03-18T01:20:32+00:00\",\"breadcrumb\":{\"@id\":\"https:\\\/\\\/diarioellabrador.cl\\\/index.php\\\/2026\\\/03\\\/17\\\/colo-colo-lider-y-el-conce-colista-absoluto-la-tabla-del-campeonato-nacional-tras-la-septima-fecha\\\/#breadcrumb\"},\"inLanguage\":\"es\",\"potentialAction\":[{\"@type\":\"ReadAction\",\"target\":[\"https:\\\/\\\/diarioellabrador.cl\\\/index.php\\\/2026\\\/03\\\/17\\\/colo-colo-lider-y-el-conce-colista-absoluto-la-tabla-del-campeonato-nacional-tras-la-septima-fecha\\\/\"]}]},{\"@type\":\"ImageObject\",\"inLanguage\":\"es\",\"@id\":\"https:\\\/\\\/diarioellabrador.cl\\\/index.php\\\/2026\\\/03\\\/17\\\/colo-colo-lider-y-el-conce-colista-absoluto-la-tabla-del-campeonato-nacional-tras-la-septima-fecha\\\/#primaryimage\",\"url\":\"https:\\\/\\\/diarioellabrador.cl\\\/wp-content\\\/uploads\\\/2026\\\/03\\\/tabla-campeonato-750x400-1.jpg\",\"contentUrl\":\"https:\\\/\\\/diarioellabrador.cl\\\/wp-content\\\/uploads\\\/2026\\\/03\\\/tabla-campeonato-750x400-1.jpg\",\"width\":750,\"height\":400},{\"@type\":\"BreadcrumbList\",\"@id\":\"https:\\\/\\\/diarioellabrador.cl\\\/index.php\\\/2026\\\/03\\\/17\\\/colo-colo-lider-y-el-conce-colista-absoluto-la-tabla-del-campeonato-nacional-tras-la-septima-fecha\\\/#breadcrumb\",\"itemListElement\":[{\"@type\":\"ListItem\",\"position\":1,\"name\":\"Portada\",\"item\":\"https:\\\/\\\/diarioellabrador.cl\\\/\"},{\"@type\":\"ListItem\",\"position\":2,\"name\":\"Colo Colo l\u00edder y el Conce colista absoluto: la tabla del campeonato nacional tras la s\u00e9ptima fecha\"}]},{\"@type\":\"WebSite\",\"@id\":\"https:\\\/\\\/diarioellabrador.cl\\\/#website\",\"url\":\"https:\\\/\\\/diarioellabrador.cl\\\/\",\"name\":\"Diario El Labrador\",\"description\":\"Haciendo noticia desde 1921\",\"publisher\":{\"@id\":\"https:\\\/\\\/diarioellabrador.cl\\\/#organization\"},\"potentialAction\":[{\"@type\":\"SearchAction\",\"target\":{\"@type\":\"EntryPoint\",\"urlTemplate\":\"https:\\\/\\\/diarioellabrador.cl\\\/?s={search_term_string}\"},\"query-input\":{\"@type\":\"PropertyValueSpecification\",\"valueRequired\":true,\"valueName\":\"search_term_string\"}}],\"inLanguage\":\"es\"},{\"@type\":\"Organization\",\"@id\":\"https:\\\/\\\/diarioellabrador.cl\\\/#organization\",\"name\":\"Diario El Labrador\",\"url\":\"https:\\\/\\\/diarioellabrador.cl\\\/\",\"logo\":{\"@type\":\"ImageObject\",\"inLanguage\":\"es\",\"@id\":\"https:\\\/\\\/diarioellabrador.cl\\\/#\\\/schema\\\/logo\\\/image\\\/\",\"url\":\"https:\\\/\\\/diarioellabrador.cl\\\/wp-content\\\/uploads\\\/2025\\\/02\\\/cropped-Logo-Icono.png\",\"contentUrl\":\"https:\\\/\\\/diarioellabrador.cl\\\/wp-content\\\/uploads\\\/2025\\\/02\\\/cropped-Logo-Icono.png\",\"width\":512,\"height\":512,\"caption\":\"Diario El Labrador\"},\"image\":{\"@id\":\"https:\\\/\\\/diarioellabrador.cl\\\/#\\\/schema\\\/logo\\\/image\\\/\"},\"sameAs\":[\"https:\\\/\\\/web.facebook.com\\\/profile.php?id=61576120840621\",\"https:\\\/\\\/x.com\\\/ElLabradorOf\",\"https:\\\/\\\/www.instagram.com\\\/diarioellabradoroficial\\\/\"]},{\"@type\":\"Person\",\"@id\":\"https:\\\/\\\/diarioellabrador.cl\\\/#\\\/schema\\\/person\\\/bc25ff80b4563f9c7f4bd7855df01685\",\"name\":\"Editor\",\"image\":{\"@type\":\"ImageObject\",\"inLanguage\":\"es\",\"@id\":\"https:\\\/\\\/secure.gravatar.com\\\/avatar\\\/109c326cf2be5c04f048c2c2a2b8b6ef44bf3d8d1d3d4c55d0ac40c4bc994684?s=96&d=mm&r=g\",\"url\":\"https:\\\/\\\/secure.gravatar.com\\\/avatar\\\/109c326cf2be5c04f048c2c2a2b8b6ef44bf3d8d1d3d4c55d0ac40c4bc994684?s=96&d=mm&r=g\",\"contentUrl\":\"https:\\\/\\\/secure.gravatar.com\\\/avatar\\\/109c326cf2be5c04f048c2c2a2b8b6ef44bf3d8d1d3d4c55d0ac40c4bc994684?s=96&d=mm&r=g\",\"caption\":\"Editor\"},\"url\":\"https:\\\/\\\/diarioellabrador.cl\\\/index.php\\\/author\\\/editor\\\/\"}]}<\/script>\n<!-- \/ Yoast SEO plugin. -->","yoast_head_json":{"title":"Colo Colo l\u00edder y el Conce colista absoluto: la tabla del campeonato nacional tras la s\u00e9ptima fecha - Diario El Labrador","robots":{"index":"index","follow":"follow","max-snippet":"max-snippet:-1","max-image-preview":"max-image-preview:large","max-video-preview":"max-video-preview:-1"},"canonical":"https:\/\/diarioellabrador.cl\/index.php\/2026\/03\/17\/colo-colo-lider-y-el-conce-colista-absoluto-la-tabla-del-campeonato-nacional-tras-la-septima-fecha\/","og_locale":"es_ES","og_type":"article","og_title":"Colo Colo l\u00edder y el Conce colista absoluto: la tabla del campeonato nacional tras la s\u00e9ptima fecha - Diario El Labrador","og_description":"ste lunes, con el triunfo de Colo Colo sobre Huachipato en el Estadio Monumental se dio por cerrada la s\u00e9ptima fecha del campeonato nacional y con eso se configur\u00f3 la tabla de posiciones. La victoria 2-0, con goles de \u00c1lvaro Madrid y Claudio Aquino, le entreg\u00f3 tres puntos importantes al equipo albo, que lo dejan Leer m\u00e1s","og_url":"https:\/\/diarioellabrador.cl\/index.php\/2026\/03\/17\/colo-colo-lider-y-el-conce-colista-absoluto-la-tabla-del-campeonato-nacional-tras-la-septima-fecha\/","og_site_name":"Diario El Labrador","article_publisher":"https:\/\/web.facebook.com\/profile.php?id=61576120840621","article_published_time":"2026-03-17T21:58:52+00:00","article_modified_time":"2026-03-18T01:20:32+00:00","og_image":[{"width":750,"height":400,"url":"https:\/\/diarioellabrador.cl\/wp-content\/uploads\/2026\/03\/tabla-campeonato-750x400-1.jpg","type":"image\/jpeg"}],"author":"Editor","twitter_card":"summary_large_image","twitter_creator":"@ElLabradorOf","twitter_site":"@ElLabradorOf","twitter_misc":{"Escrito por":"Editor","Tiempo de lectura":"2 minutos"},"schema":{"@context":"https:\/\/schema.org","@graph":[{"@type":"Article","@id":"https:\/\/diarioellabrador.cl\/index.php\/2026\/03\/17\/colo-colo-lider-y-el-conce-colista-absoluto-la-tabla-del-campeonato-nacional-tras-la-septima-fecha\/#article","isPartOf":{"@id":"https:\/\/diarioellabrador.cl\/index.php\/2026\/03\/17\/colo-colo-lider-y-el-conce-colista-absoluto-la-tabla-del-campeonato-nacional-tras-la-septima-fecha\/"},"author":{"name":"Editor","@id":"https:\/\/diarioellabrador.cl\/#\/schema\/person\/bc25ff80b4563f9c7f4bd7855df01685"},"headline":"Colo Colo l\u00edder y el Conce colista absoluto: la tabla del campeonato nacional tras la s\u00e9ptima fecha","datePublished":"2026-03-17T21:58:52+00:00","dateModified":"2026-03-18T01:20:32+00:00","mainEntityOfPage":{"@id":"https:\/\/diarioellabrador.cl\/index.php\/2026\/03\/17\/colo-colo-lider-y-el-conce-colista-absoluto-la-tabla-del-campeonato-nacional-tras-la-septima-fecha\/"},"wordCount":280,"commentCount":0,"publisher":{"@id":"https:\/\/diarioellabrador.cl\/#organization"},"image":{"@id":"https:\/\/diarioellabrador.cl\/index.php\/2026\/03\/17\/colo-colo-lider-y-el-conce-colista-absoluto-la-tabla-del-campeonato-nacional-tras-la-septima-fecha\/#primaryimage"},"thumbnailUrl":"https:\/\/diarioellabrador.cl\/wp-content\/uploads\/2026\/03\/tabla-campeonato-750x400-1.jpg","articleSection":["Deportes"],"inLanguage":"es","potentialAction":[{"@type":"CommentAction","name":"Comment","target":["https:\/\/diarioellabrador.cl\/index.php\/2026\/03\/17\/colo-colo-lider-y-el-conce-colista-absoluto-la-tabla-del-campeonato-nacional-tras-la-septima-fecha\/#respond"]}]},{"@type":"WebPage","@id":"https:\/\/diarioellabrador.cl\/index.php\/2026\/03\/17\/colo-colo-lider-y-el-conce-colista-absoluto-la-tabla-del-campeonato-nacional-tras-la-septima-fecha\/","url":"https:\/\/diarioellabrador.cl\/index.php\/2026\/03\/17\/colo-colo-lider-y-el-conce-colista-absoluto-la-tabla-del-campeonato-nacional-tras-la-septima-fecha\/","name":"Colo Colo l\u00edder y el Conce colista absoluto: la tabla del campeonato nacional tras la s\u00e9ptima fecha - Diario El Labrador","isPartOf":{"@id":"https:\/\/diarioellabrador.cl\/#website"},"primaryImageOfPage":{"@id":"https:\/\/diarioellabrador.cl\/index.php\/2026\/03\/17\/colo-colo-lider-y-el-conce-colista-absoluto-la-tabla-del-campeonato-nacional-tras-la-septima-fecha\/#primaryimage"},"image":{"@id":"https:\/\/diarioellabrador.cl\/index.php\/2026\/03\/17\/colo-colo-lider-y-el-conce-colista-absoluto-la-tabla-del-campeonato-nacional-tras-la-septima-fecha\/#primaryimage"},"thumbnailUrl":"https:\/\/diarioellabrador.cl\/wp-content\/uploads\/2026\/03\/tabla-campeonato-750x400-1.jpg","datePublished":"2026-03-17T21:58:52+00:00","dateModified":"2026-03-18T01:20:32+00:00","breadcrumb":{"@id":"https:\/\/diarioellabrador.cl\/index.php\/2026\/03\/17\/colo-colo-lider-y-el-conce-colista-absoluto-la-tabla-del-campeonato-nacional-tras-la-septima-fecha\/#breadcrumb"},"inLanguage":"es","potentialAction":[{"@type":"ReadAction","target":["https:\/\/diarioellabrador.cl\/index.php\/2026\/03\/17\/colo-colo-lider-y-el-conce-colista-absoluto-la-tabla-del-campeonato-nacional-tras-la-septima-fecha\/"]}]},{"@type":"ImageObject","inLanguage":"es","@id":"https:\/\/diarioellabrador.cl\/index.php\/2026\/03\/17\/colo-colo-lider-y-el-conce-colista-absoluto-la-tabla-del-campeonato-nacional-tras-la-septima-fecha\/#primaryimage","url":"https:\/\/diarioellabrador.cl\/wp-content\/uploads\/2026\/03\/tabla-campeonato-750x400-1.jpg","contentUrl":"https:\/\/diarioellabrador.cl\/wp-content\/uploads\/2026\/03\/tabla-campeonato-750x400-1.jpg","width":750,"height":400},{"@type":"BreadcrumbList","@id":"https:\/\/diarioellabrador.cl\/index.php\/2026\/03\/17\/colo-colo-lider-y-el-conce-colista-absoluto-la-tabla-del-campeonato-nacional-tras-la-septima-fecha\/#breadcrumb","itemListElement":[{"@type":"ListItem","position":1,"name":"Portada","item":"https:\/\/diarioellabrador.cl\/"},{"@type":"ListItem","position":2,"name":"Colo Colo l\u00edder y el Conce colista absoluto: la tabla del campeonato nacional tras la s\u00e9ptima fecha"}]},{"@type":"WebSite","@id":"https:\/\/diarioellabrador.cl\/#website","url":"https:\/\/diarioellabrador.cl\/","name":"Diario El Labrador","description":"Haciendo noticia desde 1921","publisher":{"@id":"https:\/\/diarioellabrador.cl\/#organization"},"potentialAction":[{"@type":"SearchAction","target":{"@type":"EntryPoint","urlTemplate":"https:\/\/diarioellabrador.cl\/?s={search_term_string}"},"query-input":{"@type":"PropertyValueSpecification","valueRequired":true,"valueName":"search_term_string"}}],"inLanguage":"es"},{"@type":"Organization","@id":"https:\/\/diarioellabrador.cl\/#organization","name":"Diario El Labrador","url":"https:\/\/diarioellabrador.cl\/","logo":{"@type":"ImageObject","inLanguage":"es","@id":"https:\/\/diarioellabrador.cl\/#\/schema\/logo\/image\/","url":"https:\/\/diarioellabrador.cl\/wp-content\/uploads\/2025\/02\/cropped-Logo-Icono.png","contentUrl":"https:\/\/diarioellabrador.cl\/wp-content\/uploads\/2025\/02\/cropped-Logo-Icono.png","width":512,"height":512,"caption":"Diario El Labrador"},"image":{"@id":"https:\/\/diarioellabrador.cl\/#\/schema\/logo\/image\/"},"sameAs":["https:\/\/web.facebook.com\/profile.php?id=61576120840621","https:\/\/x.com\/ElLabradorOf","https:\/\/www.instagram.com\/diarioellabradoroficial\/"]},{"@type":"Person","@id":"https:\/\/diarioellabrador.cl\/#\/schema\/person\/bc25ff80b4563f9c7f4bd7855df01685","name":"Editor","image":{"@type":"ImageObject","inLanguage":"es","@id":"https:\/\/secure.gravatar.com\/avatar\/109c326cf2be5c04f048c2c2a2b8b6ef44bf3d8d1d3d4c55d0ac40c4bc994684?s=96&d=mm&r=g","url":"https:\/\/secure.gravatar.com\/avatar\/109c326cf2be5c04f048c2c2a2b8b6ef44bf3d8d1d3d4c55d0ac40c4bc994684?s=96&d=mm&r=g","contentUrl":"https:\/\/secure.gravatar.com\/avatar\/109c326cf2be5c04f048c2c2a2b8b6ef44bf3d8d1d3d4c55d0ac40c4bc994684?s=96&d=mm&r=g","caption":"Editor"},"url":"https:\/\/diarioellabrador.cl\/index.php\/author\/editor\/"}]}},"_links":{"self":[{"href":"https:\/\/diarioellabrador.cl\/index.php\/wp-json\/wp\/v2\/posts\/16723","targetHints":{"allow":["GET"]}}],"collection":[{"href":"https:\/\/diarioellabrador.cl\/index.php\/wp-json\/wp\/v2\/posts"}],"about":[{"href":"https:\/\/diarioellabrador.cl\/index.php\/wp-json\/wp\/v2\/types\/post"}],"author":[{"embeddable":true,"href":"https:\/\/diarioellabrador.cl\/index.php\/wp-json\/wp\/v2\/users\/2"}],"replies":[{"embeddable":true,"href":"https:\/\/diarioellabrador.cl\/index.php\/wp-json\/wp\/v2\/comments?post=16723"}],"version-history":[{"count":2,"href":"https:\/\/diarioellabrador.cl\/index.php\/wp-json\/wp\/v2\/posts\/16723\/revisions"}],"predecessor-version":[{"id":16770,"href":"https:\/\/diarioellabrador.cl\/index.php\/wp-json\/wp\/v2\/posts\/16723\/revisions\/16770"}],"wp:featuredmedia":[{"embeddable":true,"href":"https:\/\/diarioellabrador.cl\/index.php\/wp-json\/wp\/v2\/media\/16769"}],"wp:attachment":[{"href":"https:\/\/diarioellabrador.cl\/index.php\/wp-json\/wp\/v2\/media?parent=16723"}],"wp:term":[{"taxonomy":"category","embeddable":true,"href":"https:\/\/diarioellabrador.cl\/index.php\/wp-json\/wp\/v2\/categories?post=16723"},{"taxonomy":"post_tag","embeddable":true,"href":"https:\/\/diarioellabrador.cl\/index.php\/wp-json\/wp\/v2\/tags?post=16723"}],"curies":[{"name":"wp","href":"https:\/\/api.w.org\/{rel}","templated":true}]}}