{"id":16678,"date":"2026-03-16T17:39:36","date_gmt":"2026-03-16T21:39:36","guid":{"rendered":"https:\/\/diarioellabrador.cl\/?p=16678"},"modified":"2026-03-16T17:39:37","modified_gmt":"2026-03-16T21:39:37","slug":"baraona-y-hernandez-este-triunfo-es-para-todo-el-equipo-de-el-carmen-de-nilahue","status":"publish","type":"post","link":"https:\/\/diarioellabrador.cl\/index.php\/2026\/03\/16\/baraona-y-hernandez-este-triunfo-es-para-todo-el-equipo-de-el-carmen-de-nilahue\/","title":{"rendered":"Baraona y Hern\u00e1ndez: Este triunfo es para todo el equipo de El Carmen de Nilahue"},"content":{"rendered":"\n<p><strong>Autor: <\/strong>Redacci\u00f3n de H\u00e9ctor Parraguirre \/ Notas Alejandro Alegr\u00eda<\/p>\n\n\n\n<p><strong>An\u00edbal Baraona<\/strong> y <strong>Rufino Hern\u00e1ndez<\/strong> le dieron un gran logro al <strong>Criadero El Carmen de Nilahue<\/strong> montando a las yeguas <strong>Conventillera y Carabela,<\/strong> con las que ganaron <strong>el Clasificatorio Zona Norte de Melipilla<\/strong> y accedieron directamente a la <strong>Final del 77\u00b0 Campeonato Nacional de Rodeo.<\/strong><\/p>\n\n\n\n<p>&nbsp;\u00abFue una final linda, con toros muy buenos, las yeguas se portaron en forma incre\u00edble, mi compa\u00f1ero es extraordinario, me da la calma y esa tranquilidad que uno necesita en esos segundos para llegar bien a las quinchas. Corrimos aleonados y pensando que todo iba a salir bien. Gracias a Dios se nos present\u00f3 y estoy muy contento\u00bb, declar\u00f3 Baraona.<\/p>\n\n\n\n<p>Para Hern\u00e1ndez \u00abha sido una temporada tremenda. Ya estar en la Final, es un broche de oro para la primera temporada que estoy en El Carmen de Nilahue, corriendo con An\u00edbal, con don Pablo, con quien tuvimos un poquito de mala suerte en el tercero, pero estoy recontento. Feliz por las yeguas que se portaron un siete, fueron de menos a m\u00e1s, as\u00ed que doy gracias a Dios y a la Virgen, ojal\u00e1 que lleguen sanitas a Rancagua y correr la Final lo m\u00e1s tranquilo que pueda\u00bb.<\/p>\n\n\n\n<p>La collera anduvo muy bien en la Serie de Campeones disputada en la Medialuna de Chocal\u00e1n, prueba de ello son los <strong>42 puntos<\/strong> que totalizaron, errando una sola atajada en todo el champion.<\/p>\n\n\n\n<p>\u00abMe toc\u00f3 errar la m\u00eda para atr\u00e1s, pero estamos muy contentos, porque las yeguas se portaron incre\u00edble. Como dice don Rufino, hay un gran equipo atr\u00e1s., as\u00ed que ah\u00ed la menci\u00f3n es para todos ellos, porque finalmente ellos son los que trabajan d\u00eda a d\u00eda y a nosotros nos toc\u00f3 disfrutar las yeguas hoy, ya eran regalonas y ahora son m\u00e1s regalonas\u00bb, expres\u00f3 An\u00edbal.<\/p>\n\n\n\n<p>Con estas mismas yeguas ganaron el <strong>Zonal Norte<\/strong> con 45 puntos y llegaron al tercero animal en la Serie de Campeones de la <strong>Final de Rodeos Para Criadores<\/strong>, actuaciones que abren ilusi\u00f3n con miras al Champion de Chile.<\/p>\n\n\n\n<p>Al respecto, Rufino Hern\u00e1ndez dijo: \u00abHay que correr tranquilos, vamos con las mismas ansias de ganar, de querer ganar, pero lo que va a pasar s\u00f3lo lo sabe el de arriba. Que Dios y la Virgen nos acompa\u00f1e, en Rancagua es muy dif\u00edcil, hay que tener mucha suerte, pero vamos con hartas ganas, con tranquilidad, con harta fe, en las tres colleras tenemos harta fe, porque son muy parejas. Tenemos confianza y ojal\u00e1 nos acompa\u00f1e la suerte un poquito\u00bb.<\/p>\n\n\n\n<p>El dos veces campe\u00f3n de Chile agradeci\u00f3 los elogios de Pablo Baraona, propietario de El Carmen de Nilahue.<\/p>\n\n\n\n<p>\u00abEs muy bonito para uno como jinete, como corredor, todas esas cosas son bonitas, pero igual los chiquillos hacen una tremenda pega, hace mucho juicio al equipo que est\u00e1 en el criadero, as\u00ed que un saludo para ellos, este triunfo es para ellos, porque est\u00e1n d\u00eda a d\u00eda con los caballos, los cuidan, dejan su familia a veces por los caballos, as\u00ed que este triunfo es para ellos, se lo dedico a ellos. Todo es una maravilla en el equipo y este triunfo es para ellos\u00bb, argument\u00f3.<\/p>\n\n\n\n<p>Y la familia Baraona llegar\u00e1 completa a Rancagua, sobre lo cual An\u00edbal se\u00f1al\u00f3: \u00abHa sido una temporada redonda, a pedir de mano, esta temporada partimos bien con Don Rufa, completamos r\u00e1pido, gracias a Dios, los caballos se han portado incre\u00edble; mi taita est\u00e1 de nuevo en Rancagua y en este clasificatorio, mi hermano Clemente, el \u00faltimo que parti\u00f3 corriendo en la familia llega a Rancagua por primera vez. Fue un broche de oro e imag\u00ednate aqu\u00ed con esto, no s\u00e9 qu\u00e9 viene despu\u00e9s del oro, porque ya no quedan palabras\u00bb.<\/p>\n\n\n\n<p>\u00abComo dice Don Rufa, hay que estar tranquilo, porque como siempre digo, el 90 por ciento de las veces en el rodeo uno pierde y el 10 por ciento de repente uno gana, y para pasar las derrotas hay que tener un buen equipo detr\u00e1s. Esto hay que disfrutarlo todos los toros, como hoy fueron extraordinarios, se dio. Estoy tranquilo, gozando el minuto nom\u00e1s y ojal\u00e1 siga la suerte\u00bb, agreg\u00f3.<\/p>\n\n\n\n<p>\u00abS\u00ed ojal\u00e1, Dios quiera y la Virgen -a\u00f1adi\u00f3 Rufino Hern\u00e1ndez-. Un saludo a la familia que nos apa\u00f1a, sin la familia no somos nada. As\u00ed que env\u00edo saludos a la familia y a seguir trabajando para esperar Rancagua\u00bb.<\/p>\n","protected":false},"excerpt":{"rendered":"<p>Autor: Redacci\u00f3n de H\u00e9ctor Parraguirre \/ Notas Alejandro Alegr\u00eda An\u00edbal Baraona y Rufino Hern\u00e1ndez le dieron un gran logro al Criadero El Carmen de Nilahue montando a las yeguas Conventillera y Carabela, con las que ganaron el Clasificatorio Zona Norte de Melipilla y accedieron directamente a la Final del 77\u00b0 Campeonato Nacional de Rodeo. &nbsp;\u00abFue<\/p>\n<div class=\"read-more-wrapper\"><a class=\"read-more\" href=\"https:\/\/diarioellabrador.cl\/index.php\/2026\/03\/16\/baraona-y-hernandez-este-triunfo-es-para-todo-el-equipo-de-el-carmen-de-nilahue\/\" title=\"Leer m\u00e1s\"> <span class=\"button \">Leer m\u00e1s<\/span><\/a><\/div>\n","protected":false},"author":2,"featured_media":16614,"comment_status":"open","ping_status":"open","sticky":false,"template":"","format":"standard","meta":{"footnotes":""},"categories":[5],"tags":[],"class_list":["post-16678","post","type-post","status-publish","format-standard","has-post-thumbnail","hentry","category-rodeo"],"yoast_head":"<!-- This site is optimized with the Yoast SEO plugin v27.5 - https:\/\/yoast.com\/product\/yoast-seo-wordpress\/ -->\n<title>Baraona y Hern\u00e1ndez: Este triunfo es para todo el equipo de El Carmen de Nilahue - Diario El Labrador<\/title>\n<meta name=\"robots\" content=\"index, follow, max-snippet:-1, max-image-preview:large, max-video-preview:-1\" \/>\n<link rel=\"canonical\" href=\"https:\/\/diarioellabrador.cl\/index.php\/2026\/03\/16\/baraona-y-hernandez-este-triunfo-es-para-todo-el-equipo-de-el-carmen-de-nilahue\/\" \/>\n<meta property=\"og:locale\" content=\"es_ES\" \/>\n<meta property=\"og:type\" content=\"article\" \/>\n<meta property=\"og:title\" content=\"Baraona y Hern\u00e1ndez: Este triunfo es para todo el equipo de El Carmen de Nilahue - Diario El Labrador\" \/>\n<meta property=\"og:description\" content=\"Autor: Redacci\u00f3n de H\u00e9ctor Parraguirre \/ Notas Alejandro Alegr\u00eda An\u00edbal Baraona y Rufino Hern\u00e1ndez le dieron un gran logro al Criadero El Carmen de Nilahue montando a las yeguas Conventillera y Carabela, con las que ganaron el Clasificatorio Zona Norte de Melipilla y accedieron directamente a la Final del 77\u00b0 Campeonato Nacional de Rodeo. &nbsp;\u00abFue Leer m\u00e1s\" \/>\n<meta property=\"og:url\" content=\"https:\/\/diarioellabrador.cl\/index.php\/2026\/03\/16\/baraona-y-hernandez-este-triunfo-es-para-todo-el-equipo-de-el-carmen-de-nilahue\/\" \/>\n<meta property=\"og:site_name\" content=\"Diario El Labrador\" \/>\n<meta property=\"article:publisher\" content=\"https:\/\/web.facebook.com\/profile.php?id=61576120840621\" \/>\n<meta property=\"article:published_time\" content=\"2026-03-16T21:39:36+00:00\" \/>\n<meta property=\"article:modified_time\" content=\"2026-03-16T21:39:37+00:00\" \/>\n<meta property=\"og:image\" content=\"https:\/\/diarioellabrador.cl\/wp-content\/uploads\/2026\/03\/Baraona-y-Hernandez-Este-triunfo-es-para-todo-el-equipo-de-El-Carmen-de-Nilahue.jpg\" \/>\n\t<meta property=\"og:image:width\" content=\"750\" \/>\n\t<meta property=\"og:image:height\" content=\"389\" \/>\n\t<meta property=\"og:image:type\" content=\"image\/jpeg\" \/>\n<meta name=\"author\" content=\"Editor\" \/>\n<meta name=\"twitter:card\" content=\"summary_large_image\" \/>\n<meta name=\"twitter:creator\" content=\"@ElLabradorOf\" \/>\n<meta name=\"twitter:site\" content=\"@ElLabradorOf\" \/>\n<meta name=\"twitter:label1\" content=\"Escrito por\" \/>\n\t<meta name=\"twitter:data1\" content=\"Editor\" \/>\n\t<meta name=\"twitter:label2\" content=\"Tiempo de lectura\" \/>\n\t<meta name=\"twitter:data2\" content=\"4 minutos\" \/>\n<script type=\"application\/ld+json\" class=\"yoast-schema-graph\">{\"@context\":\"https:\\\/\\\/schema.org\",\"@graph\":[{\"@type\":\"Article\",\"@id\":\"https:\\\/\\\/diarioellabrador.cl\\\/index.php\\\/2026\\\/03\\\/16\\\/baraona-y-hernandez-este-triunfo-es-para-todo-el-equipo-de-el-carmen-de-nilahue\\\/#article\",\"isPartOf\":{\"@id\":\"https:\\\/\\\/diarioellabrador.cl\\\/index.php\\\/2026\\\/03\\\/16\\\/baraona-y-hernandez-este-triunfo-es-para-todo-el-equipo-de-el-carmen-de-nilahue\\\/\"},\"author\":{\"name\":\"Editor\",\"@id\":\"https:\\\/\\\/diarioellabrador.cl\\\/#\\\/schema\\\/person\\\/bc25ff80b4563f9c7f4bd7855df01685\"},\"headline\":\"Baraona y Hern\u00e1ndez: Este triunfo es para todo el equipo de El Carmen de Nilahue\",\"datePublished\":\"2026-03-16T21:39:36+00:00\",\"dateModified\":\"2026-03-16T21:39:37+00:00\",\"mainEntityOfPage\":{\"@id\":\"https:\\\/\\\/diarioellabrador.cl\\\/index.php\\\/2026\\\/03\\\/16\\\/baraona-y-hernandez-este-triunfo-es-para-todo-el-equipo-de-el-carmen-de-nilahue\\\/\"},\"wordCount\":772,\"commentCount\":0,\"publisher\":{\"@id\":\"https:\\\/\\\/diarioellabrador.cl\\\/#organization\"},\"image\":{\"@id\":\"https:\\\/\\\/diarioellabrador.cl\\\/index.php\\\/2026\\\/03\\\/16\\\/baraona-y-hernandez-este-triunfo-es-para-todo-el-equipo-de-el-carmen-de-nilahue\\\/#primaryimage\"},\"thumbnailUrl\":\"https:\\\/\\\/diarioellabrador.cl\\\/wp-content\\\/uploads\\\/2026\\\/03\\\/Baraona-y-Hernandez-Este-triunfo-es-para-todo-el-equipo-de-El-Carmen-de-Nilahue.jpg\",\"articleSection\":[\"Rodeo\"],\"inLanguage\":\"es\",\"potentialAction\":[{\"@type\":\"CommentAction\",\"name\":\"Comment\",\"target\":[\"https:\\\/\\\/diarioellabrador.cl\\\/index.php\\\/2026\\\/03\\\/16\\\/baraona-y-hernandez-este-triunfo-es-para-todo-el-equipo-de-el-carmen-de-nilahue\\\/#respond\"]}]},{\"@type\":\"WebPage\",\"@id\":\"https:\\\/\\\/diarioellabrador.cl\\\/index.php\\\/2026\\\/03\\\/16\\\/baraona-y-hernandez-este-triunfo-es-para-todo-el-equipo-de-el-carmen-de-nilahue\\\/\",\"url\":\"https:\\\/\\\/diarioellabrador.cl\\\/index.php\\\/2026\\\/03\\\/16\\\/baraona-y-hernandez-este-triunfo-es-para-todo-el-equipo-de-el-carmen-de-nilahue\\\/\",\"name\":\"Baraona y Hern\u00e1ndez: Este triunfo es para todo el equipo de El Carmen de Nilahue - Diario El Labrador\",\"isPartOf\":{\"@id\":\"https:\\\/\\\/diarioellabrador.cl\\\/#website\"},\"primaryImageOfPage\":{\"@id\":\"https:\\\/\\\/diarioellabrador.cl\\\/index.php\\\/2026\\\/03\\\/16\\\/baraona-y-hernandez-este-triunfo-es-para-todo-el-equipo-de-el-carmen-de-nilahue\\\/#primaryimage\"},\"image\":{\"@id\":\"https:\\\/\\\/diarioellabrador.cl\\\/index.php\\\/2026\\\/03\\\/16\\\/baraona-y-hernandez-este-triunfo-es-para-todo-el-equipo-de-el-carmen-de-nilahue\\\/#primaryimage\"},\"thumbnailUrl\":\"https:\\\/\\\/diarioellabrador.cl\\\/wp-content\\\/uploads\\\/2026\\\/03\\\/Baraona-y-Hernandez-Este-triunfo-es-para-todo-el-equipo-de-El-Carmen-de-Nilahue.jpg\",\"datePublished\":\"2026-03-16T21:39:36+00:00\",\"dateModified\":\"2026-03-16T21:39:37+00:00\",\"breadcrumb\":{\"@id\":\"https:\\\/\\\/diarioellabrador.cl\\\/index.php\\\/2026\\\/03\\\/16\\\/baraona-y-hernandez-este-triunfo-es-para-todo-el-equipo-de-el-carmen-de-nilahue\\\/#breadcrumb\"},\"inLanguage\":\"es\",\"potentialAction\":[{\"@type\":\"ReadAction\",\"target\":[\"https:\\\/\\\/diarioellabrador.cl\\\/index.php\\\/2026\\\/03\\\/16\\\/baraona-y-hernandez-este-triunfo-es-para-todo-el-equipo-de-el-carmen-de-nilahue\\\/\"]}]},{\"@type\":\"ImageObject\",\"inLanguage\":\"es\",\"@id\":\"https:\\\/\\\/diarioellabrador.cl\\\/index.php\\\/2026\\\/03\\\/16\\\/baraona-y-hernandez-este-triunfo-es-para-todo-el-equipo-de-el-carmen-de-nilahue\\\/#primaryimage\",\"url\":\"https:\\\/\\\/diarioellabrador.cl\\\/wp-content\\\/uploads\\\/2026\\\/03\\\/Baraona-y-Hernandez-Este-triunfo-es-para-todo-el-equipo-de-El-Carmen-de-Nilahue.jpg\",\"contentUrl\":\"https:\\\/\\\/diarioellabrador.cl\\\/wp-content\\\/uploads\\\/2026\\\/03\\\/Baraona-y-Hernandez-Este-triunfo-es-para-todo-el-equipo-de-El-Carmen-de-Nilahue.jpg\",\"width\":750,\"height\":389},{\"@type\":\"BreadcrumbList\",\"@id\":\"https:\\\/\\\/diarioellabrador.cl\\\/index.php\\\/2026\\\/03\\\/16\\\/baraona-y-hernandez-este-triunfo-es-para-todo-el-equipo-de-el-carmen-de-nilahue\\\/#breadcrumb\",\"itemListElement\":[{\"@type\":\"ListItem\",\"position\":1,\"name\":\"Portada\",\"item\":\"https:\\\/\\\/diarioellabrador.cl\\\/\"},{\"@type\":\"ListItem\",\"position\":2,\"name\":\"Baraona y Hern\u00e1ndez: Este triunfo es para todo el equipo de El Carmen de Nilahue\"}]},{\"@type\":\"WebSite\",\"@id\":\"https:\\\/\\\/diarioellabrador.cl\\\/#website\",\"url\":\"https:\\\/\\\/diarioellabrador.cl\\\/\",\"name\":\"Diario El Labrador\",\"description\":\"Haciendo noticia desde 1921\",\"publisher\":{\"@id\":\"https:\\\/\\\/diarioellabrador.cl\\\/#organization\"},\"potentialAction\":[{\"@type\":\"SearchAction\",\"target\":{\"@type\":\"EntryPoint\",\"urlTemplate\":\"https:\\\/\\\/diarioellabrador.cl\\\/?s={search_term_string}\"},\"query-input\":{\"@type\":\"PropertyValueSpecification\",\"valueRequired\":true,\"valueName\":\"search_term_string\"}}],\"inLanguage\":\"es\"},{\"@type\":\"Organization\",\"@id\":\"https:\\\/\\\/diarioellabrador.cl\\\/#organization\",\"name\":\"Diario El Labrador\",\"url\":\"https:\\\/\\\/diarioellabrador.cl\\\/\",\"logo\":{\"@type\":\"ImageObject\",\"inLanguage\":\"es\",\"@id\":\"https:\\\/\\\/diarioellabrador.cl\\\/#\\\/schema\\\/logo\\\/image\\\/\",\"url\":\"https:\\\/\\\/diarioellabrador.cl\\\/wp-content\\\/uploads\\\/2025\\\/02\\\/cropped-Logo-Icono.png\",\"contentUrl\":\"https:\\\/\\\/diarioellabrador.cl\\\/wp-content\\\/uploads\\\/2025\\\/02\\\/cropped-Logo-Icono.png\",\"width\":512,\"height\":512,\"caption\":\"Diario El Labrador\"},\"image\":{\"@id\":\"https:\\\/\\\/diarioellabrador.cl\\\/#\\\/schema\\\/logo\\\/image\\\/\"},\"sameAs\":[\"https:\\\/\\\/web.facebook.com\\\/profile.php?id=61576120840621\",\"https:\\\/\\\/x.com\\\/ElLabradorOf\",\"https:\\\/\\\/www.instagram.com\\\/diarioellabradoroficial\\\/\"]},{\"@type\":\"Person\",\"@id\":\"https:\\\/\\\/diarioellabrador.cl\\\/#\\\/schema\\\/person\\\/bc25ff80b4563f9c7f4bd7855df01685\",\"name\":\"Editor\",\"image\":{\"@type\":\"ImageObject\",\"inLanguage\":\"es\",\"@id\":\"https:\\\/\\\/secure.gravatar.com\\\/avatar\\\/109c326cf2be5c04f048c2c2a2b8b6ef44bf3d8d1d3d4c55d0ac40c4bc994684?s=96&d=mm&r=g\",\"url\":\"https:\\\/\\\/secure.gravatar.com\\\/avatar\\\/109c326cf2be5c04f048c2c2a2b8b6ef44bf3d8d1d3d4c55d0ac40c4bc994684?s=96&d=mm&r=g\",\"contentUrl\":\"https:\\\/\\\/secure.gravatar.com\\\/avatar\\\/109c326cf2be5c04f048c2c2a2b8b6ef44bf3d8d1d3d4c55d0ac40c4bc994684?s=96&d=mm&r=g\",\"caption\":\"Editor\"},\"url\":\"https:\\\/\\\/diarioellabrador.cl\\\/index.php\\\/author\\\/editor\\\/\"}]}<\/script>\n<!-- \/ Yoast SEO plugin. -->","yoast_head_json":{"title":"Baraona y Hern\u00e1ndez: Este triunfo es para todo el equipo de El Carmen de Nilahue - Diario El Labrador","robots":{"index":"index","follow":"follow","max-snippet":"max-snippet:-1","max-image-preview":"max-image-preview:large","max-video-preview":"max-video-preview:-1"},"canonical":"https:\/\/diarioellabrador.cl\/index.php\/2026\/03\/16\/baraona-y-hernandez-este-triunfo-es-para-todo-el-equipo-de-el-carmen-de-nilahue\/","og_locale":"es_ES","og_type":"article","og_title":"Baraona y Hern\u00e1ndez: Este triunfo es para todo el equipo de El Carmen de Nilahue - Diario El Labrador","og_description":"Autor: Redacci\u00f3n de H\u00e9ctor Parraguirre \/ Notas Alejandro Alegr\u00eda An\u00edbal Baraona y Rufino Hern\u00e1ndez le dieron un gran logro al Criadero El Carmen de Nilahue montando a las yeguas Conventillera y Carabela, con las que ganaron el Clasificatorio Zona Norte de Melipilla y accedieron directamente a la Final del 77\u00b0 Campeonato Nacional de Rodeo. &nbsp;\u00abFue Leer m\u00e1s","og_url":"https:\/\/diarioellabrador.cl\/index.php\/2026\/03\/16\/baraona-y-hernandez-este-triunfo-es-para-todo-el-equipo-de-el-carmen-de-nilahue\/","og_site_name":"Diario El Labrador","article_publisher":"https:\/\/web.facebook.com\/profile.php?id=61576120840621","article_published_time":"2026-03-16T21:39:36+00:00","article_modified_time":"2026-03-16T21:39:37+00:00","og_image":[{"width":750,"height":389,"url":"https:\/\/diarioellabrador.cl\/wp-content\/uploads\/2026\/03\/Baraona-y-Hernandez-Este-triunfo-es-para-todo-el-equipo-de-El-Carmen-de-Nilahue.jpg","type":"image\/jpeg"}],"author":"Editor","twitter_card":"summary_large_image","twitter_creator":"@ElLabradorOf","twitter_site":"@ElLabradorOf","twitter_misc":{"Escrito por":"Editor","Tiempo de lectura":"4 minutos"},"schema":{"@context":"https:\/\/schema.org","@graph":[{"@type":"Article","@id":"https:\/\/diarioellabrador.cl\/index.php\/2026\/03\/16\/baraona-y-hernandez-este-triunfo-es-para-todo-el-equipo-de-el-carmen-de-nilahue\/#article","isPartOf":{"@id":"https:\/\/diarioellabrador.cl\/index.php\/2026\/03\/16\/baraona-y-hernandez-este-triunfo-es-para-todo-el-equipo-de-el-carmen-de-nilahue\/"},"author":{"name":"Editor","@id":"https:\/\/diarioellabrador.cl\/#\/schema\/person\/bc25ff80b4563f9c7f4bd7855df01685"},"headline":"Baraona y Hern\u00e1ndez: Este triunfo es para todo el equipo de El Carmen de Nilahue","datePublished":"2026-03-16T21:39:36+00:00","dateModified":"2026-03-16T21:39:37+00:00","mainEntityOfPage":{"@id":"https:\/\/diarioellabrador.cl\/index.php\/2026\/03\/16\/baraona-y-hernandez-este-triunfo-es-para-todo-el-equipo-de-el-carmen-de-nilahue\/"},"wordCount":772,"commentCount":0,"publisher":{"@id":"https:\/\/diarioellabrador.cl\/#organization"},"image":{"@id":"https:\/\/diarioellabrador.cl\/index.php\/2026\/03\/16\/baraona-y-hernandez-este-triunfo-es-para-todo-el-equipo-de-el-carmen-de-nilahue\/#primaryimage"},"thumbnailUrl":"https:\/\/diarioellabrador.cl\/wp-content\/uploads\/2026\/03\/Baraona-y-Hernandez-Este-triunfo-es-para-todo-el-equipo-de-El-Carmen-de-Nilahue.jpg","articleSection":["Rodeo"],"inLanguage":"es","potentialAction":[{"@type":"CommentAction","name":"Comment","target":["https:\/\/diarioellabrador.cl\/index.php\/2026\/03\/16\/baraona-y-hernandez-este-triunfo-es-para-todo-el-equipo-de-el-carmen-de-nilahue\/#respond"]}]},{"@type":"WebPage","@id":"https:\/\/diarioellabrador.cl\/index.php\/2026\/03\/16\/baraona-y-hernandez-este-triunfo-es-para-todo-el-equipo-de-el-carmen-de-nilahue\/","url":"https:\/\/diarioellabrador.cl\/index.php\/2026\/03\/16\/baraona-y-hernandez-este-triunfo-es-para-todo-el-equipo-de-el-carmen-de-nilahue\/","name":"Baraona y Hern\u00e1ndez: Este triunfo es para todo el equipo de El Carmen de Nilahue - Diario El Labrador","isPartOf":{"@id":"https:\/\/diarioellabrador.cl\/#website"},"primaryImageOfPage":{"@id":"https:\/\/diarioellabrador.cl\/index.php\/2026\/03\/16\/baraona-y-hernandez-este-triunfo-es-para-todo-el-equipo-de-el-carmen-de-nilahue\/#primaryimage"},"image":{"@id":"https:\/\/diarioellabrador.cl\/index.php\/2026\/03\/16\/baraona-y-hernandez-este-triunfo-es-para-todo-el-equipo-de-el-carmen-de-nilahue\/#primaryimage"},"thumbnailUrl":"https:\/\/diarioellabrador.cl\/wp-content\/uploads\/2026\/03\/Baraona-y-Hernandez-Este-triunfo-es-para-todo-el-equipo-de-El-Carmen-de-Nilahue.jpg","datePublished":"2026-03-16T21:39:36+00:00","dateModified":"2026-03-16T21:39:37+00:00","breadcrumb":{"@id":"https:\/\/diarioellabrador.cl\/index.php\/2026\/03\/16\/baraona-y-hernandez-este-triunfo-es-para-todo-el-equipo-de-el-carmen-de-nilahue\/#breadcrumb"},"inLanguage":"es","potentialAction":[{"@type":"ReadAction","target":["https:\/\/diarioellabrador.cl\/index.php\/2026\/03\/16\/baraona-y-hernandez-este-triunfo-es-para-todo-el-equipo-de-el-carmen-de-nilahue\/"]}]},{"@type":"ImageObject","inLanguage":"es","@id":"https:\/\/diarioellabrador.cl\/index.php\/2026\/03\/16\/baraona-y-hernandez-este-triunfo-es-para-todo-el-equipo-de-el-carmen-de-nilahue\/#primaryimage","url":"https:\/\/diarioellabrador.cl\/wp-content\/uploads\/2026\/03\/Baraona-y-Hernandez-Este-triunfo-es-para-todo-el-equipo-de-El-Carmen-de-Nilahue.jpg","contentUrl":"https:\/\/diarioellabrador.cl\/wp-content\/uploads\/2026\/03\/Baraona-y-Hernandez-Este-triunfo-es-para-todo-el-equipo-de-El-Carmen-de-Nilahue.jpg","width":750,"height":389},{"@type":"BreadcrumbList","@id":"https:\/\/diarioellabrador.cl\/index.php\/2026\/03\/16\/baraona-y-hernandez-este-triunfo-es-para-todo-el-equipo-de-el-carmen-de-nilahue\/#breadcrumb","itemListElement":[{"@type":"ListItem","position":1,"name":"Portada","item":"https:\/\/diarioellabrador.cl\/"},{"@type":"ListItem","position":2,"name":"Baraona y Hern\u00e1ndez: Este triunfo es para todo el equipo de El Carmen de Nilahue"}]},{"@type":"WebSite","@id":"https:\/\/diarioellabrador.cl\/#website","url":"https:\/\/diarioellabrador.cl\/","name":"Diario El Labrador","description":"Haciendo noticia desde 1921","publisher":{"@id":"https:\/\/diarioellabrador.cl\/#organization"},"potentialAction":[{"@type":"SearchAction","target":{"@type":"EntryPoint","urlTemplate":"https:\/\/diarioellabrador.cl\/?s={search_term_string}"},"query-input":{"@type":"PropertyValueSpecification","valueRequired":true,"valueName":"search_term_string"}}],"inLanguage":"es"},{"@type":"Organization","@id":"https:\/\/diarioellabrador.cl\/#organization","name":"Diario El Labrador","url":"https:\/\/diarioellabrador.cl\/","logo":{"@type":"ImageObject","inLanguage":"es","@id":"https:\/\/diarioellabrador.cl\/#\/schema\/logo\/image\/","url":"https:\/\/diarioellabrador.cl\/wp-content\/uploads\/2025\/02\/cropped-Logo-Icono.png","contentUrl":"https:\/\/diarioellabrador.cl\/wp-content\/uploads\/2025\/02\/cropped-Logo-Icono.png","width":512,"height":512,"caption":"Diario El Labrador"},"image":{"@id":"https:\/\/diarioellabrador.cl\/#\/schema\/logo\/image\/"},"sameAs":["https:\/\/web.facebook.com\/profile.php?id=61576120840621","https:\/\/x.com\/ElLabradorOf","https:\/\/www.instagram.com\/diarioellabradoroficial\/"]},{"@type":"Person","@id":"https:\/\/diarioellabrador.cl\/#\/schema\/person\/bc25ff80b4563f9c7f4bd7855df01685","name":"Editor","image":{"@type":"ImageObject","inLanguage":"es","@id":"https:\/\/secure.gravatar.com\/avatar\/109c326cf2be5c04f048c2c2a2b8b6ef44bf3d8d1d3d4c55d0ac40c4bc994684?s=96&d=mm&r=g","url":"https:\/\/secure.gravatar.com\/avatar\/109c326cf2be5c04f048c2c2a2b8b6ef44bf3d8d1d3d4c55d0ac40c4bc994684?s=96&d=mm&r=g","contentUrl":"https:\/\/secure.gravatar.com\/avatar\/109c326cf2be5c04f048c2c2a2b8b6ef44bf3d8d1d3d4c55d0ac40c4bc994684?s=96&d=mm&r=g","caption":"Editor"},"url":"https:\/\/diarioellabrador.cl\/index.php\/author\/editor\/"}]}},"_links":{"self":[{"href":"https:\/\/diarioellabrador.cl\/index.php\/wp-json\/wp\/v2\/posts\/16678","targetHints":{"allow":["GET"]}}],"collection":[{"href":"https:\/\/diarioellabrador.cl\/index.php\/wp-json\/wp\/v2\/posts"}],"about":[{"href":"https:\/\/diarioellabrador.cl\/index.php\/wp-json\/wp\/v2\/types\/post"}],"author":[{"embeddable":true,"href":"https:\/\/diarioellabrador.cl\/index.php\/wp-json\/wp\/v2\/users\/2"}],"replies":[{"embeddable":true,"href":"https:\/\/diarioellabrador.cl\/index.php\/wp-json\/wp\/v2\/comments?post=16678"}],"version-history":[{"count":1,"href":"https:\/\/diarioellabrador.cl\/index.php\/wp-json\/wp\/v2\/posts\/16678\/revisions"}],"predecessor-version":[{"id":16679,"href":"https:\/\/diarioellabrador.cl\/index.php\/wp-json\/wp\/v2\/posts\/16678\/revisions\/16679"}],"wp:featuredmedia":[{"embeddable":true,"href":"https:\/\/diarioellabrador.cl\/index.php\/wp-json\/wp\/v2\/media\/16614"}],"wp:attachment":[{"href":"https:\/\/diarioellabrador.cl\/index.php\/wp-json\/wp\/v2\/media?parent=16678"}],"wp:term":[{"taxonomy":"category","embeddable":true,"href":"https:\/\/diarioellabrador.cl\/index.php\/wp-json\/wp\/v2\/categories?post=16678"},{"taxonomy":"post_tag","embeddable":true,"href":"https:\/\/diarioellabrador.cl\/index.php\/wp-json\/wp\/v2\/tags?post=16678"}],"curies":[{"name":"wp","href":"https:\/\/api.w.org\/{rel}","templated":true}]}}