{"id":16676,"date":"2026-03-16T17:39:01","date_gmt":"2026-03-16T21:39:01","guid":{"rendered":"https:\/\/diarioellabrador.cl\/?p=16676"},"modified":"2026-03-16T17:39:03","modified_gmt":"2026-03-16T21:39:03","slug":"se-realizaran-mejoras-en-calle-victoria-de-la-comuna-de-alhue","status":"publish","type":"post","link":"https:\/\/diarioellabrador.cl\/index.php\/2026\/03\/16\/se-realizaran-mejoras-en-calle-victoria-de-la-comuna-de-alhue\/","title":{"rendered":"Se realizar\u00e1n mejoras en calle Victoria de la comuna de Alhu\u00e9"},"content":{"rendered":"\n<p>En el marco del compromiso permanente con el desarrollo y bienestar de las vecinas y vecinos de la comuna, la Alcaldesa Marcela Chamorro Mac\u00edas, junto a los concejales Manuel Gonz\u00e1lez, Alex Riquelme, Nancy Cerda, Fidel Valenzuela y Mat\u00edas Valenzuela, dio a conocer una serie de importantes gestiones destinadas a mejorar la calidad de vida de quienes residen en calle Victoria, en Villa Alhu\u00e9.<\/p>\n\n\n\n<p>Dentro de las acciones contempladas se considera la mejora del camino de calle Victoria, con el objetivo de optimizar las condiciones de tr\u00e1nsito tanto para veh\u00edculos como para peatones, permitiendo desplazamientos m\u00e1s seguros y c\u00f3modos para toda la comunidad.<\/p>\n\n\n\n<p>Cabe destacar, que este trabajo forma parte de los esfuerzos que se est\u00e1n impulsando para fortalecer la infraestructura en los distintos sectores de la comuna, reafirmando el compromiso de la administraci\u00f3n municipal con el progreso y bienestar de las familias de Alhu\u00e9.<\/p>\n","protected":false},"excerpt":{"rendered":"<p>En el marco del compromiso permanente con el desarrollo y bienestar de las vecinas y vecinos de la comuna, la Alcaldesa Marcela Chamorro Mac\u00edas, junto a los concejales Manuel Gonz\u00e1lez, Alex Riquelme, Nancy Cerda, Fidel Valenzuela y Mat\u00edas Valenzuela, dio a conocer una serie de importantes gestiones destinadas a mejorar la calidad de vida de<\/p>\n<div class=\"read-more-wrapper\"><a class=\"read-more\" href=\"https:\/\/diarioellabrador.cl\/index.php\/2026\/03\/16\/se-realizaran-mejoras-en-calle-victoria-de-la-comuna-de-alhue\/\" title=\"Leer m\u00e1s\"> <span class=\"button \">Leer m\u00e1s<\/span><\/a><\/div>\n","protected":false},"author":2,"featured_media":16622,"comment_status":"open","ping_status":"open","sticky":false,"template":"","format":"standard","meta":{"footnotes":""},"categories":[1],"tags":[],"class_list":["post-16676","post","type-post","status-publish","format-standard","has-post-thumbnail","hentry","category-cronica"],"yoast_head":"<!-- This site is optimized with the Yoast SEO plugin v27.5 - https:\/\/yoast.com\/product\/yoast-seo-wordpress\/ -->\n<title>Se realizar\u00e1n mejoras en calle Victoria de la comuna de Alhu\u00e9 - Diario El Labrador<\/title>\n<meta name=\"robots\" content=\"index, follow, max-snippet:-1, max-image-preview:large, max-video-preview:-1\" \/>\n<link rel=\"canonical\" href=\"https:\/\/diarioellabrador.cl\/index.php\/2026\/03\/16\/se-realizaran-mejoras-en-calle-victoria-de-la-comuna-de-alhue\/\" \/>\n<meta property=\"og:locale\" content=\"es_ES\" \/>\n<meta property=\"og:type\" content=\"article\" \/>\n<meta property=\"og:title\" content=\"Se realizar\u00e1n mejoras en calle Victoria de la comuna de Alhu\u00e9 - Diario El Labrador\" \/>\n<meta property=\"og:description\" content=\"En el marco del compromiso permanente con el desarrollo y bienestar de las vecinas y vecinos de la comuna, la Alcaldesa Marcela Chamorro Mac\u00edas, junto a los concejales Manuel Gonz\u00e1lez, Alex Riquelme, Nancy Cerda, Fidel Valenzuela y Mat\u00edas Valenzuela, dio a conocer una serie de importantes gestiones destinadas a mejorar la calidad de vida de Leer m\u00e1s\" \/>\n<meta property=\"og:url\" content=\"https:\/\/diarioellabrador.cl\/index.php\/2026\/03\/16\/se-realizaran-mejoras-en-calle-victoria-de-la-comuna-de-alhue\/\" \/>\n<meta property=\"og:site_name\" content=\"Diario El Labrador\" \/>\n<meta property=\"article:publisher\" content=\"https:\/\/web.facebook.com\/profile.php?id=61576120840621\" \/>\n<meta property=\"article:published_time\" content=\"2026-03-16T21:39:01+00:00\" \/>\n<meta property=\"article:modified_time\" content=\"2026-03-16T21:39:03+00:00\" \/>\n<meta property=\"og:image\" content=\"https:\/\/diarioellabrador.cl\/wp-content\/uploads\/2026\/03\/Se-realizaran-mejoras-en-calle-Victoria-de-la-comuna-de-Alhue.jpg\" \/>\n\t<meta property=\"og:image:width\" content=\"2048\" \/>\n\t<meta property=\"og:image:height\" content=\"1367\" \/>\n\t<meta property=\"og:image:type\" content=\"image\/jpeg\" \/>\n<meta name=\"author\" content=\"Editor\" \/>\n<meta name=\"twitter:card\" content=\"summary_large_image\" \/>\n<meta name=\"twitter:creator\" content=\"@ElLabradorOf\" \/>\n<meta name=\"twitter:site\" content=\"@ElLabradorOf\" \/>\n<meta name=\"twitter:label1\" content=\"Escrito por\" \/>\n\t<meta name=\"twitter:data1\" content=\"Editor\" \/>\n\t<meta name=\"twitter:label2\" content=\"Tiempo de lectura\" \/>\n\t<meta name=\"twitter:data2\" content=\"1 minuto\" \/>\n<script type=\"application\/ld+json\" class=\"yoast-schema-graph\">{\"@context\":\"https:\\\/\\\/schema.org\",\"@graph\":[{\"@type\":\"Article\",\"@id\":\"https:\\\/\\\/diarioellabrador.cl\\\/index.php\\\/2026\\\/03\\\/16\\\/se-realizaran-mejoras-en-calle-victoria-de-la-comuna-de-alhue\\\/#article\",\"isPartOf\":{\"@id\":\"https:\\\/\\\/diarioellabrador.cl\\\/index.php\\\/2026\\\/03\\\/16\\\/se-realizaran-mejoras-en-calle-victoria-de-la-comuna-de-alhue\\\/\"},\"author\":{\"name\":\"Editor\",\"@id\":\"https:\\\/\\\/diarioellabrador.cl\\\/#\\\/schema\\\/person\\\/bc25ff80b4563f9c7f4bd7855df01685\"},\"headline\":\"Se realizar\u00e1n mejoras en calle Victoria de la comuna de Alhu\u00e9\",\"datePublished\":\"2026-03-16T21:39:01+00:00\",\"dateModified\":\"2026-03-16T21:39:03+00:00\",\"mainEntityOfPage\":{\"@id\":\"https:\\\/\\\/diarioellabrador.cl\\\/index.php\\\/2026\\\/03\\\/16\\\/se-realizaran-mejoras-en-calle-victoria-de-la-comuna-de-alhue\\\/\"},\"wordCount\":165,\"commentCount\":0,\"publisher\":{\"@id\":\"https:\\\/\\\/diarioellabrador.cl\\\/#organization\"},\"image\":{\"@id\":\"https:\\\/\\\/diarioellabrador.cl\\\/index.php\\\/2026\\\/03\\\/16\\\/se-realizaran-mejoras-en-calle-victoria-de-la-comuna-de-alhue\\\/#primaryimage\"},\"thumbnailUrl\":\"https:\\\/\\\/diarioellabrador.cl\\\/wp-content\\\/uploads\\\/2026\\\/03\\\/Se-realizaran-mejoras-en-calle-Victoria-de-la-comuna-de-Alhue.jpg\",\"articleSection\":[\"Cr\u00f3nica\"],\"inLanguage\":\"es\",\"potentialAction\":[{\"@type\":\"CommentAction\",\"name\":\"Comment\",\"target\":[\"https:\\\/\\\/diarioellabrador.cl\\\/index.php\\\/2026\\\/03\\\/16\\\/se-realizaran-mejoras-en-calle-victoria-de-la-comuna-de-alhue\\\/#respond\"]}]},{\"@type\":\"WebPage\",\"@id\":\"https:\\\/\\\/diarioellabrador.cl\\\/index.php\\\/2026\\\/03\\\/16\\\/se-realizaran-mejoras-en-calle-victoria-de-la-comuna-de-alhue\\\/\",\"url\":\"https:\\\/\\\/diarioellabrador.cl\\\/index.php\\\/2026\\\/03\\\/16\\\/se-realizaran-mejoras-en-calle-victoria-de-la-comuna-de-alhue\\\/\",\"name\":\"Se realizar\u00e1n mejoras en calle Victoria de la comuna de Alhu\u00e9 - Diario El Labrador\",\"isPartOf\":{\"@id\":\"https:\\\/\\\/diarioellabrador.cl\\\/#website\"},\"primaryImageOfPage\":{\"@id\":\"https:\\\/\\\/diarioellabrador.cl\\\/index.php\\\/2026\\\/03\\\/16\\\/se-realizaran-mejoras-en-calle-victoria-de-la-comuna-de-alhue\\\/#primaryimage\"},\"image\":{\"@id\":\"https:\\\/\\\/diarioellabrador.cl\\\/index.php\\\/2026\\\/03\\\/16\\\/se-realizaran-mejoras-en-calle-victoria-de-la-comuna-de-alhue\\\/#primaryimage\"},\"thumbnailUrl\":\"https:\\\/\\\/diarioellabrador.cl\\\/wp-content\\\/uploads\\\/2026\\\/03\\\/Se-realizaran-mejoras-en-calle-Victoria-de-la-comuna-de-Alhue.jpg\",\"datePublished\":\"2026-03-16T21:39:01+00:00\",\"dateModified\":\"2026-03-16T21:39:03+00:00\",\"breadcrumb\":{\"@id\":\"https:\\\/\\\/diarioellabrador.cl\\\/index.php\\\/2026\\\/03\\\/16\\\/se-realizaran-mejoras-en-calle-victoria-de-la-comuna-de-alhue\\\/#breadcrumb\"},\"inLanguage\":\"es\",\"potentialAction\":[{\"@type\":\"ReadAction\",\"target\":[\"https:\\\/\\\/diarioellabrador.cl\\\/index.php\\\/2026\\\/03\\\/16\\\/se-realizaran-mejoras-en-calle-victoria-de-la-comuna-de-alhue\\\/\"]}]},{\"@type\":\"ImageObject\",\"inLanguage\":\"es\",\"@id\":\"https:\\\/\\\/diarioellabrador.cl\\\/index.php\\\/2026\\\/03\\\/16\\\/se-realizaran-mejoras-en-calle-victoria-de-la-comuna-de-alhue\\\/#primaryimage\",\"url\":\"https:\\\/\\\/diarioellabrador.cl\\\/wp-content\\\/uploads\\\/2026\\\/03\\\/Se-realizaran-mejoras-en-calle-Victoria-de-la-comuna-de-Alhue.jpg\",\"contentUrl\":\"https:\\\/\\\/diarioellabrador.cl\\\/wp-content\\\/uploads\\\/2026\\\/03\\\/Se-realizaran-mejoras-en-calle-Victoria-de-la-comuna-de-Alhue.jpg\",\"width\":2048,\"height\":1367},{\"@type\":\"BreadcrumbList\",\"@id\":\"https:\\\/\\\/diarioellabrador.cl\\\/index.php\\\/2026\\\/03\\\/16\\\/se-realizaran-mejoras-en-calle-victoria-de-la-comuna-de-alhue\\\/#breadcrumb\",\"itemListElement\":[{\"@type\":\"ListItem\",\"position\":1,\"name\":\"Portada\",\"item\":\"https:\\\/\\\/diarioellabrador.cl\\\/\"},{\"@type\":\"ListItem\",\"position\":2,\"name\":\"Se realizar\u00e1n mejoras en calle Victoria de la comuna de Alhu\u00e9\"}]},{\"@type\":\"WebSite\",\"@id\":\"https:\\\/\\\/diarioellabrador.cl\\\/#website\",\"url\":\"https:\\\/\\\/diarioellabrador.cl\\\/\",\"name\":\"Diario El Labrador\",\"description\":\"Haciendo noticia desde 1921\",\"publisher\":{\"@id\":\"https:\\\/\\\/diarioellabrador.cl\\\/#organization\"},\"potentialAction\":[{\"@type\":\"SearchAction\",\"target\":{\"@type\":\"EntryPoint\",\"urlTemplate\":\"https:\\\/\\\/diarioellabrador.cl\\\/?s={search_term_string}\"},\"query-input\":{\"@type\":\"PropertyValueSpecification\",\"valueRequired\":true,\"valueName\":\"search_term_string\"}}],\"inLanguage\":\"es\"},{\"@type\":\"Organization\",\"@id\":\"https:\\\/\\\/diarioellabrador.cl\\\/#organization\",\"name\":\"Diario El Labrador\",\"url\":\"https:\\\/\\\/diarioellabrador.cl\\\/\",\"logo\":{\"@type\":\"ImageObject\",\"inLanguage\":\"es\",\"@id\":\"https:\\\/\\\/diarioellabrador.cl\\\/#\\\/schema\\\/logo\\\/image\\\/\",\"url\":\"https:\\\/\\\/diarioellabrador.cl\\\/wp-content\\\/uploads\\\/2025\\\/02\\\/cropped-Logo-Icono.png\",\"contentUrl\":\"https:\\\/\\\/diarioellabrador.cl\\\/wp-content\\\/uploads\\\/2025\\\/02\\\/cropped-Logo-Icono.png\",\"width\":512,\"height\":512,\"caption\":\"Diario El Labrador\"},\"image\":{\"@id\":\"https:\\\/\\\/diarioellabrador.cl\\\/#\\\/schema\\\/logo\\\/image\\\/\"},\"sameAs\":[\"https:\\\/\\\/web.facebook.com\\\/profile.php?id=61576120840621\",\"https:\\\/\\\/x.com\\\/ElLabradorOf\",\"https:\\\/\\\/www.instagram.com\\\/diarioellabradoroficial\\\/\"]},{\"@type\":\"Person\",\"@id\":\"https:\\\/\\\/diarioellabrador.cl\\\/#\\\/schema\\\/person\\\/bc25ff80b4563f9c7f4bd7855df01685\",\"name\":\"Editor\",\"image\":{\"@type\":\"ImageObject\",\"inLanguage\":\"es\",\"@id\":\"https:\\\/\\\/secure.gravatar.com\\\/avatar\\\/109c326cf2be5c04f048c2c2a2b8b6ef44bf3d8d1d3d4c55d0ac40c4bc994684?s=96&d=mm&r=g\",\"url\":\"https:\\\/\\\/secure.gravatar.com\\\/avatar\\\/109c326cf2be5c04f048c2c2a2b8b6ef44bf3d8d1d3d4c55d0ac40c4bc994684?s=96&d=mm&r=g\",\"contentUrl\":\"https:\\\/\\\/secure.gravatar.com\\\/avatar\\\/109c326cf2be5c04f048c2c2a2b8b6ef44bf3d8d1d3d4c55d0ac40c4bc994684?s=96&d=mm&r=g\",\"caption\":\"Editor\"},\"url\":\"https:\\\/\\\/diarioellabrador.cl\\\/index.php\\\/author\\\/editor\\\/\"}]}<\/script>\n<!-- \/ Yoast SEO plugin. -->","yoast_head_json":{"title":"Se realizar\u00e1n mejoras en calle Victoria de la comuna de Alhu\u00e9 - Diario El Labrador","robots":{"index":"index","follow":"follow","max-snippet":"max-snippet:-1","max-image-preview":"max-image-preview:large","max-video-preview":"max-video-preview:-1"},"canonical":"https:\/\/diarioellabrador.cl\/index.php\/2026\/03\/16\/se-realizaran-mejoras-en-calle-victoria-de-la-comuna-de-alhue\/","og_locale":"es_ES","og_type":"article","og_title":"Se realizar\u00e1n mejoras en calle Victoria de la comuna de Alhu\u00e9 - Diario El Labrador","og_description":"En el marco del compromiso permanente con el desarrollo y bienestar de las vecinas y vecinos de la comuna, la Alcaldesa Marcela Chamorro Mac\u00edas, junto a los concejales Manuel Gonz\u00e1lez, Alex Riquelme, Nancy Cerda, Fidel Valenzuela y Mat\u00edas Valenzuela, dio a conocer una serie de importantes gestiones destinadas a mejorar la calidad de vida de Leer m\u00e1s","og_url":"https:\/\/diarioellabrador.cl\/index.php\/2026\/03\/16\/se-realizaran-mejoras-en-calle-victoria-de-la-comuna-de-alhue\/","og_site_name":"Diario El Labrador","article_publisher":"https:\/\/web.facebook.com\/profile.php?id=61576120840621","article_published_time":"2026-03-16T21:39:01+00:00","article_modified_time":"2026-03-16T21:39:03+00:00","og_image":[{"width":2048,"height":1367,"url":"https:\/\/diarioellabrador.cl\/wp-content\/uploads\/2026\/03\/Se-realizaran-mejoras-en-calle-Victoria-de-la-comuna-de-Alhue.jpg","type":"image\/jpeg"}],"author":"Editor","twitter_card":"summary_large_image","twitter_creator":"@ElLabradorOf","twitter_site":"@ElLabradorOf","twitter_misc":{"Escrito por":"Editor","Tiempo de lectura":"1 minuto"},"schema":{"@context":"https:\/\/schema.org","@graph":[{"@type":"Article","@id":"https:\/\/diarioellabrador.cl\/index.php\/2026\/03\/16\/se-realizaran-mejoras-en-calle-victoria-de-la-comuna-de-alhue\/#article","isPartOf":{"@id":"https:\/\/diarioellabrador.cl\/index.php\/2026\/03\/16\/se-realizaran-mejoras-en-calle-victoria-de-la-comuna-de-alhue\/"},"author":{"name":"Editor","@id":"https:\/\/diarioellabrador.cl\/#\/schema\/person\/bc25ff80b4563f9c7f4bd7855df01685"},"headline":"Se realizar\u00e1n mejoras en calle Victoria de la comuna de Alhu\u00e9","datePublished":"2026-03-16T21:39:01+00:00","dateModified":"2026-03-16T21:39:03+00:00","mainEntityOfPage":{"@id":"https:\/\/diarioellabrador.cl\/index.php\/2026\/03\/16\/se-realizaran-mejoras-en-calle-victoria-de-la-comuna-de-alhue\/"},"wordCount":165,"commentCount":0,"publisher":{"@id":"https:\/\/diarioellabrador.cl\/#organization"},"image":{"@id":"https:\/\/diarioellabrador.cl\/index.php\/2026\/03\/16\/se-realizaran-mejoras-en-calle-victoria-de-la-comuna-de-alhue\/#primaryimage"},"thumbnailUrl":"https:\/\/diarioellabrador.cl\/wp-content\/uploads\/2026\/03\/Se-realizaran-mejoras-en-calle-Victoria-de-la-comuna-de-Alhue.jpg","articleSection":["Cr\u00f3nica"],"inLanguage":"es","potentialAction":[{"@type":"CommentAction","name":"Comment","target":["https:\/\/diarioellabrador.cl\/index.php\/2026\/03\/16\/se-realizaran-mejoras-en-calle-victoria-de-la-comuna-de-alhue\/#respond"]}]},{"@type":"WebPage","@id":"https:\/\/diarioellabrador.cl\/index.php\/2026\/03\/16\/se-realizaran-mejoras-en-calle-victoria-de-la-comuna-de-alhue\/","url":"https:\/\/diarioellabrador.cl\/index.php\/2026\/03\/16\/se-realizaran-mejoras-en-calle-victoria-de-la-comuna-de-alhue\/","name":"Se realizar\u00e1n mejoras en calle Victoria de la comuna de Alhu\u00e9 - Diario El Labrador","isPartOf":{"@id":"https:\/\/diarioellabrador.cl\/#website"},"primaryImageOfPage":{"@id":"https:\/\/diarioellabrador.cl\/index.php\/2026\/03\/16\/se-realizaran-mejoras-en-calle-victoria-de-la-comuna-de-alhue\/#primaryimage"},"image":{"@id":"https:\/\/diarioellabrador.cl\/index.php\/2026\/03\/16\/se-realizaran-mejoras-en-calle-victoria-de-la-comuna-de-alhue\/#primaryimage"},"thumbnailUrl":"https:\/\/diarioellabrador.cl\/wp-content\/uploads\/2026\/03\/Se-realizaran-mejoras-en-calle-Victoria-de-la-comuna-de-Alhue.jpg","datePublished":"2026-03-16T21:39:01+00:00","dateModified":"2026-03-16T21:39:03+00:00","breadcrumb":{"@id":"https:\/\/diarioellabrador.cl\/index.php\/2026\/03\/16\/se-realizaran-mejoras-en-calle-victoria-de-la-comuna-de-alhue\/#breadcrumb"},"inLanguage":"es","potentialAction":[{"@type":"ReadAction","target":["https:\/\/diarioellabrador.cl\/index.php\/2026\/03\/16\/se-realizaran-mejoras-en-calle-victoria-de-la-comuna-de-alhue\/"]}]},{"@type":"ImageObject","inLanguage":"es","@id":"https:\/\/diarioellabrador.cl\/index.php\/2026\/03\/16\/se-realizaran-mejoras-en-calle-victoria-de-la-comuna-de-alhue\/#primaryimage","url":"https:\/\/diarioellabrador.cl\/wp-content\/uploads\/2026\/03\/Se-realizaran-mejoras-en-calle-Victoria-de-la-comuna-de-Alhue.jpg","contentUrl":"https:\/\/diarioellabrador.cl\/wp-content\/uploads\/2026\/03\/Se-realizaran-mejoras-en-calle-Victoria-de-la-comuna-de-Alhue.jpg","width":2048,"height":1367},{"@type":"BreadcrumbList","@id":"https:\/\/diarioellabrador.cl\/index.php\/2026\/03\/16\/se-realizaran-mejoras-en-calle-victoria-de-la-comuna-de-alhue\/#breadcrumb","itemListElement":[{"@type":"ListItem","position":1,"name":"Portada","item":"https:\/\/diarioellabrador.cl\/"},{"@type":"ListItem","position":2,"name":"Se realizar\u00e1n mejoras en calle Victoria de la comuna de Alhu\u00e9"}]},{"@type":"WebSite","@id":"https:\/\/diarioellabrador.cl\/#website","url":"https:\/\/diarioellabrador.cl\/","name":"Diario El Labrador","description":"Haciendo noticia desde 1921","publisher":{"@id":"https:\/\/diarioellabrador.cl\/#organization"},"potentialAction":[{"@type":"SearchAction","target":{"@type":"EntryPoint","urlTemplate":"https:\/\/diarioellabrador.cl\/?s={search_term_string}"},"query-input":{"@type":"PropertyValueSpecification","valueRequired":true,"valueName":"search_term_string"}}],"inLanguage":"es"},{"@type":"Organization","@id":"https:\/\/diarioellabrador.cl\/#organization","name":"Diario El Labrador","url":"https:\/\/diarioellabrador.cl\/","logo":{"@type":"ImageObject","inLanguage":"es","@id":"https:\/\/diarioellabrador.cl\/#\/schema\/logo\/image\/","url":"https:\/\/diarioellabrador.cl\/wp-content\/uploads\/2025\/02\/cropped-Logo-Icono.png","contentUrl":"https:\/\/diarioellabrador.cl\/wp-content\/uploads\/2025\/02\/cropped-Logo-Icono.png","width":512,"height":512,"caption":"Diario El Labrador"},"image":{"@id":"https:\/\/diarioellabrador.cl\/#\/schema\/logo\/image\/"},"sameAs":["https:\/\/web.facebook.com\/profile.php?id=61576120840621","https:\/\/x.com\/ElLabradorOf","https:\/\/www.instagram.com\/diarioellabradoroficial\/"]},{"@type":"Person","@id":"https:\/\/diarioellabrador.cl\/#\/schema\/person\/bc25ff80b4563f9c7f4bd7855df01685","name":"Editor","image":{"@type":"ImageObject","inLanguage":"es","@id":"https:\/\/secure.gravatar.com\/avatar\/109c326cf2be5c04f048c2c2a2b8b6ef44bf3d8d1d3d4c55d0ac40c4bc994684?s=96&d=mm&r=g","url":"https:\/\/secure.gravatar.com\/avatar\/109c326cf2be5c04f048c2c2a2b8b6ef44bf3d8d1d3d4c55d0ac40c4bc994684?s=96&d=mm&r=g","contentUrl":"https:\/\/secure.gravatar.com\/avatar\/109c326cf2be5c04f048c2c2a2b8b6ef44bf3d8d1d3d4c55d0ac40c4bc994684?s=96&d=mm&r=g","caption":"Editor"},"url":"https:\/\/diarioellabrador.cl\/index.php\/author\/editor\/"}]}},"_links":{"self":[{"href":"https:\/\/diarioellabrador.cl\/index.php\/wp-json\/wp\/v2\/posts\/16676","targetHints":{"allow":["GET"]}}],"collection":[{"href":"https:\/\/diarioellabrador.cl\/index.php\/wp-json\/wp\/v2\/posts"}],"about":[{"href":"https:\/\/diarioellabrador.cl\/index.php\/wp-json\/wp\/v2\/types\/post"}],"author":[{"embeddable":true,"href":"https:\/\/diarioellabrador.cl\/index.php\/wp-json\/wp\/v2\/users\/2"}],"replies":[{"embeddable":true,"href":"https:\/\/diarioellabrador.cl\/index.php\/wp-json\/wp\/v2\/comments?post=16676"}],"version-history":[{"count":1,"href":"https:\/\/diarioellabrador.cl\/index.php\/wp-json\/wp\/v2\/posts\/16676\/revisions"}],"predecessor-version":[{"id":16677,"href":"https:\/\/diarioellabrador.cl\/index.php\/wp-json\/wp\/v2\/posts\/16676\/revisions\/16677"}],"wp:featuredmedia":[{"embeddable":true,"href":"https:\/\/diarioellabrador.cl\/index.php\/wp-json\/wp\/v2\/media\/16622"}],"wp:attachment":[{"href":"https:\/\/diarioellabrador.cl\/index.php\/wp-json\/wp\/v2\/media?parent=16676"}],"wp:term":[{"taxonomy":"category","embeddable":true,"href":"https:\/\/diarioellabrador.cl\/index.php\/wp-json\/wp\/v2\/categories?post=16676"},{"taxonomy":"post_tag","embeddable":true,"href":"https:\/\/diarioellabrador.cl\/index.php\/wp-json\/wp\/v2\/tags?post=16676"}],"curies":[{"name":"wp","href":"https:\/\/api.w.org\/{rel}","templated":true}]}}