{"id":16658,"date":"2026-03-16T17:33:35","date_gmt":"2026-03-16T21:33:35","guid":{"rendered":"https:\/\/diarioellabrador.cl\/?p=16658"},"modified":"2026-03-16T17:33:36","modified_gmt":"2026-03-16T21:33:36","slug":"decretan-expulsion-del-pais-para-ciudadano-boliviano-que-fue-sorprendido-robando-en-vivienda-de-poblacion-los-lagos","status":"publish","type":"post","link":"https:\/\/diarioellabrador.cl\/index.php\/2026\/03\/16\/decretan-expulsion-del-pais-para-ciudadano-boliviano-que-fue-sorprendido-robando-en-vivienda-de-poblacion-los-lagos\/","title":{"rendered":"Decretan expulsi\u00f3n del pa\u00eds para ciudadano boliviano que fue sorprendido robando en vivienda de poblaci\u00f3n Los Lagos"},"content":{"rendered":"\n<p>En el Tribunal de Garant\u00eda de Melipilla se realiz\u00f3 el juicio simplificado donde se decret\u00f3 la medida alternativa de expulsi\u00f3n del territorio chileno.<\/p>\n\n\n\n<p>La Fiscal\u00eda expuso que, en el primer hecho, el d\u00eda 10 de julio del a\u00f1o 2025, aproximadamente a las 13:35 horas, el imputado Gary A.F. se encontraba en calle Ren\u00e9 V\u00edo Valdivieso comuna de Melipilla, lugar donde portaba en su mano derecha un arma blanca tipo cuchillo, sin haber justificado razonablemente dicho porte.<\/p>\n\n\n\n<p>Luego, el d\u00eda 29 de julio del a\u00f1o 2025, aproximadamente las 12:15 horas, la v\u00edctima se encontraba en su domicilio ubicado en calle Lago Todos los Santos y escuch\u00f3 ruidos provenientes del primer piso del inmueble, motivo por el cual baj\u00f3 a verificar la situaci\u00f3n, constatando la presencia de diversos sujetos, entre ellos el imputado Gary A.F. quienes hab\u00edan ingresado forzando el cierre perimetral de la parte posterior del inmueble. Una vez en el lugar, sustrajeron diversas especies consistentes en ropa, herramientas, bolsos, mochilas y tel\u00e9fonos celulares.<\/p>\n\n\n\n<p>El magistrado dictamin\u00f3 que se condena a Gary A.F. de nacionalidad boliviana, a la pena de 3 a\u00f1os y 1 d\u00eda de presidio menor en su grado m\u00e1ximo, por su responsabilidad en calidad de autor de un delito consumado de robo en lugar habitado y a la pena de 41 d\u00edas de prisi\u00f3n en su grado m\u00e1ximo, por su responsabilidad en calidad de autor de un delito consumado de porte ilegal de arma blanca.<\/p>\n\n\n\n<p>Que, en relaci\u00f3n al cumplimiento de las penas privativas de libertad, se impone al sentenciado la pena sustitutiva de expulsi\u00f3n del territorio nacional. El condenado no podr\u00e1 regresar al territorio nacional en un plazo de diez a\u00f1os, contados desde la fecha de la sustituci\u00f3n de la pena.<\/p>\n","protected":false},"excerpt":{"rendered":"<p>En el Tribunal de Garant\u00eda de Melipilla se realiz\u00f3 el juicio simplificado donde se decret\u00f3 la medida alternativa de expulsi\u00f3n del territorio chileno. La Fiscal\u00eda expuso que, en el primer hecho, el d\u00eda 10 de julio del a\u00f1o 2025, aproximadamente a las 13:35 horas, el imputado Gary A.F. se encontraba en calle Ren\u00e9 V\u00edo Valdivieso<\/p>\n<div class=\"read-more-wrapper\"><a class=\"read-more\" href=\"https:\/\/diarioellabrador.cl\/index.php\/2026\/03\/16\/decretan-expulsion-del-pais-para-ciudadano-boliviano-que-fue-sorprendido-robando-en-vivienda-de-poblacion-los-lagos\/\" title=\"Leer m\u00e1s\"> <span class=\"button \">Leer m\u00e1s<\/span><\/a><\/div>\n","protected":false},"author":2,"featured_media":16634,"comment_status":"open","ping_status":"open","sticky":false,"template":"","format":"standard","meta":{"footnotes":""},"categories":[3],"tags":[],"class_list":["post-16658","post","type-post","status-publish","format-standard","has-post-thumbnail","hentry","category-policial"],"yoast_head":"<!-- This site is optimized with the Yoast SEO plugin v27.5 - https:\/\/yoast.com\/product\/yoast-seo-wordpress\/ -->\n<title>Decretan expulsi\u00f3n del pa\u00eds para ciudadano boliviano que fue sorprendido robando en vivienda de poblaci\u00f3n Los Lagos - Diario El Labrador<\/title>\n<meta name=\"robots\" content=\"index, follow, max-snippet:-1, max-image-preview:large, max-video-preview:-1\" \/>\n<link rel=\"canonical\" href=\"https:\/\/diarioellabrador.cl\/index.php\/2026\/03\/16\/decretan-expulsion-del-pais-para-ciudadano-boliviano-que-fue-sorprendido-robando-en-vivienda-de-poblacion-los-lagos\/\" \/>\n<meta property=\"og:locale\" content=\"es_ES\" \/>\n<meta property=\"og:type\" content=\"article\" \/>\n<meta property=\"og:title\" content=\"Decretan expulsi\u00f3n del pa\u00eds para ciudadano boliviano que fue sorprendido robando en vivienda de poblaci\u00f3n Los Lagos - Diario El Labrador\" \/>\n<meta property=\"og:description\" content=\"En el Tribunal de Garant\u00eda de Melipilla se realiz\u00f3 el juicio simplificado donde se decret\u00f3 la medida alternativa de expulsi\u00f3n del territorio chileno. La Fiscal\u00eda expuso que, en el primer hecho, el d\u00eda 10 de julio del a\u00f1o 2025, aproximadamente a las 13:35 horas, el imputado Gary A.F. se encontraba en calle Ren\u00e9 V\u00edo Valdivieso Leer m\u00e1s\" \/>\n<meta property=\"og:url\" content=\"https:\/\/diarioellabrador.cl\/index.php\/2026\/03\/16\/decretan-expulsion-del-pais-para-ciudadano-boliviano-que-fue-sorprendido-robando-en-vivienda-de-poblacion-los-lagos\/\" \/>\n<meta property=\"og:site_name\" content=\"Diario El Labrador\" \/>\n<meta property=\"article:publisher\" content=\"https:\/\/web.facebook.com\/profile.php?id=61576120840621\" \/>\n<meta property=\"article:published_time\" content=\"2026-03-16T21:33:35+00:00\" \/>\n<meta property=\"article:modified_time\" content=\"2026-03-16T21:33:36+00:00\" \/>\n<meta property=\"og:image\" content=\"https:\/\/diarioellabrador.cl\/wp-content\/uploads\/2026\/03\/Decretan-expulsion-del-pais-para-ciudadano-boliviano-que-fue-sorprendido-robando-en-vivienda-de-poblacion-Los-Lagos.jpg\" \/>\n\t<meta property=\"og:image:width\" content=\"708\" \/>\n\t<meta property=\"og:image:height\" content=\"404\" \/>\n\t<meta property=\"og:image:type\" content=\"image\/jpeg\" \/>\n<meta name=\"author\" content=\"Editor\" \/>\n<meta name=\"twitter:card\" content=\"summary_large_image\" \/>\n<meta name=\"twitter:creator\" content=\"@ElLabradorOf\" \/>\n<meta name=\"twitter:site\" content=\"@ElLabradorOf\" \/>\n<meta name=\"twitter:label1\" content=\"Escrito por\" \/>\n\t<meta name=\"twitter:data1\" content=\"Editor\" \/>\n\t<meta name=\"twitter:label2\" content=\"Tiempo de lectura\" \/>\n\t<meta name=\"twitter:data2\" content=\"2 minutos\" \/>\n<script type=\"application\/ld+json\" class=\"yoast-schema-graph\">{\"@context\":\"https:\\\/\\\/schema.org\",\"@graph\":[{\"@type\":\"Article\",\"@id\":\"https:\\\/\\\/diarioellabrador.cl\\\/index.php\\\/2026\\\/03\\\/16\\\/decretan-expulsion-del-pais-para-ciudadano-boliviano-que-fue-sorprendido-robando-en-vivienda-de-poblacion-los-lagos\\\/#article\",\"isPartOf\":{\"@id\":\"https:\\\/\\\/diarioellabrador.cl\\\/index.php\\\/2026\\\/03\\\/16\\\/decretan-expulsion-del-pais-para-ciudadano-boliviano-que-fue-sorprendido-robando-en-vivienda-de-poblacion-los-lagos\\\/\"},\"author\":{\"name\":\"Editor\",\"@id\":\"https:\\\/\\\/diarioellabrador.cl\\\/#\\\/schema\\\/person\\\/bc25ff80b4563f9c7f4bd7855df01685\"},\"headline\":\"Decretan expulsi\u00f3n del pa\u00eds para ciudadano boliviano que fue sorprendido robando en vivienda de poblaci\u00f3n Los Lagos\",\"datePublished\":\"2026-03-16T21:33:35+00:00\",\"dateModified\":\"2026-03-16T21:33:36+00:00\",\"mainEntityOfPage\":{\"@id\":\"https:\\\/\\\/diarioellabrador.cl\\\/index.php\\\/2026\\\/03\\\/16\\\/decretan-expulsion-del-pais-para-ciudadano-boliviano-que-fue-sorprendido-robando-en-vivienda-de-poblacion-los-lagos\\\/\"},\"wordCount\":320,\"commentCount\":0,\"publisher\":{\"@id\":\"https:\\\/\\\/diarioellabrador.cl\\\/#organization\"},\"image\":{\"@id\":\"https:\\\/\\\/diarioellabrador.cl\\\/index.php\\\/2026\\\/03\\\/16\\\/decretan-expulsion-del-pais-para-ciudadano-boliviano-que-fue-sorprendido-robando-en-vivienda-de-poblacion-los-lagos\\\/#primaryimage\"},\"thumbnailUrl\":\"https:\\\/\\\/diarioellabrador.cl\\\/wp-content\\\/uploads\\\/2026\\\/03\\\/Decretan-expulsion-del-pais-para-ciudadano-boliviano-que-fue-sorprendido-robando-en-vivienda-de-poblacion-Los-Lagos.jpg\",\"articleSection\":[\"Policial\"],\"inLanguage\":\"es\",\"potentialAction\":[{\"@type\":\"CommentAction\",\"name\":\"Comment\",\"target\":[\"https:\\\/\\\/diarioellabrador.cl\\\/index.php\\\/2026\\\/03\\\/16\\\/decretan-expulsion-del-pais-para-ciudadano-boliviano-que-fue-sorprendido-robando-en-vivienda-de-poblacion-los-lagos\\\/#respond\"]}]},{\"@type\":\"WebPage\",\"@id\":\"https:\\\/\\\/diarioellabrador.cl\\\/index.php\\\/2026\\\/03\\\/16\\\/decretan-expulsion-del-pais-para-ciudadano-boliviano-que-fue-sorprendido-robando-en-vivienda-de-poblacion-los-lagos\\\/\",\"url\":\"https:\\\/\\\/diarioellabrador.cl\\\/index.php\\\/2026\\\/03\\\/16\\\/decretan-expulsion-del-pais-para-ciudadano-boliviano-que-fue-sorprendido-robando-en-vivienda-de-poblacion-los-lagos\\\/\",\"name\":\"Decretan expulsi\u00f3n del pa\u00eds para ciudadano boliviano que fue sorprendido robando en vivienda de poblaci\u00f3n Los Lagos - Diario El Labrador\",\"isPartOf\":{\"@id\":\"https:\\\/\\\/diarioellabrador.cl\\\/#website\"},\"primaryImageOfPage\":{\"@id\":\"https:\\\/\\\/diarioellabrador.cl\\\/index.php\\\/2026\\\/03\\\/16\\\/decretan-expulsion-del-pais-para-ciudadano-boliviano-que-fue-sorprendido-robando-en-vivienda-de-poblacion-los-lagos\\\/#primaryimage\"},\"image\":{\"@id\":\"https:\\\/\\\/diarioellabrador.cl\\\/index.php\\\/2026\\\/03\\\/16\\\/decretan-expulsion-del-pais-para-ciudadano-boliviano-que-fue-sorprendido-robando-en-vivienda-de-poblacion-los-lagos\\\/#primaryimage\"},\"thumbnailUrl\":\"https:\\\/\\\/diarioellabrador.cl\\\/wp-content\\\/uploads\\\/2026\\\/03\\\/Decretan-expulsion-del-pais-para-ciudadano-boliviano-que-fue-sorprendido-robando-en-vivienda-de-poblacion-Los-Lagos.jpg\",\"datePublished\":\"2026-03-16T21:33:35+00:00\",\"dateModified\":\"2026-03-16T21:33:36+00:00\",\"breadcrumb\":{\"@id\":\"https:\\\/\\\/diarioellabrador.cl\\\/index.php\\\/2026\\\/03\\\/16\\\/decretan-expulsion-del-pais-para-ciudadano-boliviano-que-fue-sorprendido-robando-en-vivienda-de-poblacion-los-lagos\\\/#breadcrumb\"},\"inLanguage\":\"es\",\"potentialAction\":[{\"@type\":\"ReadAction\",\"target\":[\"https:\\\/\\\/diarioellabrador.cl\\\/index.php\\\/2026\\\/03\\\/16\\\/decretan-expulsion-del-pais-para-ciudadano-boliviano-que-fue-sorprendido-robando-en-vivienda-de-poblacion-los-lagos\\\/\"]}]},{\"@type\":\"ImageObject\",\"inLanguage\":\"es\",\"@id\":\"https:\\\/\\\/diarioellabrador.cl\\\/index.php\\\/2026\\\/03\\\/16\\\/decretan-expulsion-del-pais-para-ciudadano-boliviano-que-fue-sorprendido-robando-en-vivienda-de-poblacion-los-lagos\\\/#primaryimage\",\"url\":\"https:\\\/\\\/diarioellabrador.cl\\\/wp-content\\\/uploads\\\/2026\\\/03\\\/Decretan-expulsion-del-pais-para-ciudadano-boliviano-que-fue-sorprendido-robando-en-vivienda-de-poblacion-Los-Lagos.jpg\",\"contentUrl\":\"https:\\\/\\\/diarioellabrador.cl\\\/wp-content\\\/uploads\\\/2026\\\/03\\\/Decretan-expulsion-del-pais-para-ciudadano-boliviano-que-fue-sorprendido-robando-en-vivienda-de-poblacion-Los-Lagos.jpg\",\"width\":708,\"height\":404},{\"@type\":\"BreadcrumbList\",\"@id\":\"https:\\\/\\\/diarioellabrador.cl\\\/index.php\\\/2026\\\/03\\\/16\\\/decretan-expulsion-del-pais-para-ciudadano-boliviano-que-fue-sorprendido-robando-en-vivienda-de-poblacion-los-lagos\\\/#breadcrumb\",\"itemListElement\":[{\"@type\":\"ListItem\",\"position\":1,\"name\":\"Portada\",\"item\":\"https:\\\/\\\/diarioellabrador.cl\\\/\"},{\"@type\":\"ListItem\",\"position\":2,\"name\":\"Decretan expulsi\u00f3n del pa\u00eds para ciudadano boliviano que fue sorprendido robando en vivienda de poblaci\u00f3n Los Lagos\"}]},{\"@type\":\"WebSite\",\"@id\":\"https:\\\/\\\/diarioellabrador.cl\\\/#website\",\"url\":\"https:\\\/\\\/diarioellabrador.cl\\\/\",\"name\":\"Diario El Labrador\",\"description\":\"Haciendo noticia desde 1921\",\"publisher\":{\"@id\":\"https:\\\/\\\/diarioellabrador.cl\\\/#organization\"},\"potentialAction\":[{\"@type\":\"SearchAction\",\"target\":{\"@type\":\"EntryPoint\",\"urlTemplate\":\"https:\\\/\\\/diarioellabrador.cl\\\/?s={search_term_string}\"},\"query-input\":{\"@type\":\"PropertyValueSpecification\",\"valueRequired\":true,\"valueName\":\"search_term_string\"}}],\"inLanguage\":\"es\"},{\"@type\":\"Organization\",\"@id\":\"https:\\\/\\\/diarioellabrador.cl\\\/#organization\",\"name\":\"Diario El Labrador\",\"url\":\"https:\\\/\\\/diarioellabrador.cl\\\/\",\"logo\":{\"@type\":\"ImageObject\",\"inLanguage\":\"es\",\"@id\":\"https:\\\/\\\/diarioellabrador.cl\\\/#\\\/schema\\\/logo\\\/image\\\/\",\"url\":\"https:\\\/\\\/diarioellabrador.cl\\\/wp-content\\\/uploads\\\/2025\\\/02\\\/cropped-Logo-Icono.png\",\"contentUrl\":\"https:\\\/\\\/diarioellabrador.cl\\\/wp-content\\\/uploads\\\/2025\\\/02\\\/cropped-Logo-Icono.png\",\"width\":512,\"height\":512,\"caption\":\"Diario El Labrador\"},\"image\":{\"@id\":\"https:\\\/\\\/diarioellabrador.cl\\\/#\\\/schema\\\/logo\\\/image\\\/\"},\"sameAs\":[\"https:\\\/\\\/web.facebook.com\\\/profile.php?id=61576120840621\",\"https:\\\/\\\/x.com\\\/ElLabradorOf\",\"https:\\\/\\\/www.instagram.com\\\/diarioellabradoroficial\\\/\"]},{\"@type\":\"Person\",\"@id\":\"https:\\\/\\\/diarioellabrador.cl\\\/#\\\/schema\\\/person\\\/bc25ff80b4563f9c7f4bd7855df01685\",\"name\":\"Editor\",\"image\":{\"@type\":\"ImageObject\",\"inLanguage\":\"es\",\"@id\":\"https:\\\/\\\/secure.gravatar.com\\\/avatar\\\/109c326cf2be5c04f048c2c2a2b8b6ef44bf3d8d1d3d4c55d0ac40c4bc994684?s=96&d=mm&r=g\",\"url\":\"https:\\\/\\\/secure.gravatar.com\\\/avatar\\\/109c326cf2be5c04f048c2c2a2b8b6ef44bf3d8d1d3d4c55d0ac40c4bc994684?s=96&d=mm&r=g\",\"contentUrl\":\"https:\\\/\\\/secure.gravatar.com\\\/avatar\\\/109c326cf2be5c04f048c2c2a2b8b6ef44bf3d8d1d3d4c55d0ac40c4bc994684?s=96&d=mm&r=g\",\"caption\":\"Editor\"},\"url\":\"https:\\\/\\\/diarioellabrador.cl\\\/index.php\\\/author\\\/editor\\\/\"}]}<\/script>\n<!-- \/ Yoast SEO plugin. -->","yoast_head_json":{"title":"Decretan expulsi\u00f3n del pa\u00eds para ciudadano boliviano que fue sorprendido robando en vivienda de poblaci\u00f3n Los Lagos - Diario El Labrador","robots":{"index":"index","follow":"follow","max-snippet":"max-snippet:-1","max-image-preview":"max-image-preview:large","max-video-preview":"max-video-preview:-1"},"canonical":"https:\/\/diarioellabrador.cl\/index.php\/2026\/03\/16\/decretan-expulsion-del-pais-para-ciudadano-boliviano-que-fue-sorprendido-robando-en-vivienda-de-poblacion-los-lagos\/","og_locale":"es_ES","og_type":"article","og_title":"Decretan expulsi\u00f3n del pa\u00eds para ciudadano boliviano que fue sorprendido robando en vivienda de poblaci\u00f3n Los Lagos - Diario El Labrador","og_description":"En el Tribunal de Garant\u00eda de Melipilla se realiz\u00f3 el juicio simplificado donde se decret\u00f3 la medida alternativa de expulsi\u00f3n del territorio chileno. La Fiscal\u00eda expuso que, en el primer hecho, el d\u00eda 10 de julio del a\u00f1o 2025, aproximadamente a las 13:35 horas, el imputado Gary A.F. se encontraba en calle Ren\u00e9 V\u00edo Valdivieso Leer m\u00e1s","og_url":"https:\/\/diarioellabrador.cl\/index.php\/2026\/03\/16\/decretan-expulsion-del-pais-para-ciudadano-boliviano-que-fue-sorprendido-robando-en-vivienda-de-poblacion-los-lagos\/","og_site_name":"Diario El Labrador","article_publisher":"https:\/\/web.facebook.com\/profile.php?id=61576120840621","article_published_time":"2026-03-16T21:33:35+00:00","article_modified_time":"2026-03-16T21:33:36+00:00","og_image":[{"width":708,"height":404,"url":"https:\/\/diarioellabrador.cl\/wp-content\/uploads\/2026\/03\/Decretan-expulsion-del-pais-para-ciudadano-boliviano-que-fue-sorprendido-robando-en-vivienda-de-poblacion-Los-Lagos.jpg","type":"image\/jpeg"}],"author":"Editor","twitter_card":"summary_large_image","twitter_creator":"@ElLabradorOf","twitter_site":"@ElLabradorOf","twitter_misc":{"Escrito por":"Editor","Tiempo de lectura":"2 minutos"},"schema":{"@context":"https:\/\/schema.org","@graph":[{"@type":"Article","@id":"https:\/\/diarioellabrador.cl\/index.php\/2026\/03\/16\/decretan-expulsion-del-pais-para-ciudadano-boliviano-que-fue-sorprendido-robando-en-vivienda-de-poblacion-los-lagos\/#article","isPartOf":{"@id":"https:\/\/diarioellabrador.cl\/index.php\/2026\/03\/16\/decretan-expulsion-del-pais-para-ciudadano-boliviano-que-fue-sorprendido-robando-en-vivienda-de-poblacion-los-lagos\/"},"author":{"name":"Editor","@id":"https:\/\/diarioellabrador.cl\/#\/schema\/person\/bc25ff80b4563f9c7f4bd7855df01685"},"headline":"Decretan expulsi\u00f3n del pa\u00eds para ciudadano boliviano que fue sorprendido robando en vivienda de poblaci\u00f3n Los Lagos","datePublished":"2026-03-16T21:33:35+00:00","dateModified":"2026-03-16T21:33:36+00:00","mainEntityOfPage":{"@id":"https:\/\/diarioellabrador.cl\/index.php\/2026\/03\/16\/decretan-expulsion-del-pais-para-ciudadano-boliviano-que-fue-sorprendido-robando-en-vivienda-de-poblacion-los-lagos\/"},"wordCount":320,"commentCount":0,"publisher":{"@id":"https:\/\/diarioellabrador.cl\/#organization"},"image":{"@id":"https:\/\/diarioellabrador.cl\/index.php\/2026\/03\/16\/decretan-expulsion-del-pais-para-ciudadano-boliviano-que-fue-sorprendido-robando-en-vivienda-de-poblacion-los-lagos\/#primaryimage"},"thumbnailUrl":"https:\/\/diarioellabrador.cl\/wp-content\/uploads\/2026\/03\/Decretan-expulsion-del-pais-para-ciudadano-boliviano-que-fue-sorprendido-robando-en-vivienda-de-poblacion-Los-Lagos.jpg","articleSection":["Policial"],"inLanguage":"es","potentialAction":[{"@type":"CommentAction","name":"Comment","target":["https:\/\/diarioellabrador.cl\/index.php\/2026\/03\/16\/decretan-expulsion-del-pais-para-ciudadano-boliviano-que-fue-sorprendido-robando-en-vivienda-de-poblacion-los-lagos\/#respond"]}]},{"@type":"WebPage","@id":"https:\/\/diarioellabrador.cl\/index.php\/2026\/03\/16\/decretan-expulsion-del-pais-para-ciudadano-boliviano-que-fue-sorprendido-robando-en-vivienda-de-poblacion-los-lagos\/","url":"https:\/\/diarioellabrador.cl\/index.php\/2026\/03\/16\/decretan-expulsion-del-pais-para-ciudadano-boliviano-que-fue-sorprendido-robando-en-vivienda-de-poblacion-los-lagos\/","name":"Decretan expulsi\u00f3n del pa\u00eds para ciudadano boliviano que fue sorprendido robando en vivienda de poblaci\u00f3n Los Lagos - Diario El Labrador","isPartOf":{"@id":"https:\/\/diarioellabrador.cl\/#website"},"primaryImageOfPage":{"@id":"https:\/\/diarioellabrador.cl\/index.php\/2026\/03\/16\/decretan-expulsion-del-pais-para-ciudadano-boliviano-que-fue-sorprendido-robando-en-vivienda-de-poblacion-los-lagos\/#primaryimage"},"image":{"@id":"https:\/\/diarioellabrador.cl\/index.php\/2026\/03\/16\/decretan-expulsion-del-pais-para-ciudadano-boliviano-que-fue-sorprendido-robando-en-vivienda-de-poblacion-los-lagos\/#primaryimage"},"thumbnailUrl":"https:\/\/diarioellabrador.cl\/wp-content\/uploads\/2026\/03\/Decretan-expulsion-del-pais-para-ciudadano-boliviano-que-fue-sorprendido-robando-en-vivienda-de-poblacion-Los-Lagos.jpg","datePublished":"2026-03-16T21:33:35+00:00","dateModified":"2026-03-16T21:33:36+00:00","breadcrumb":{"@id":"https:\/\/diarioellabrador.cl\/index.php\/2026\/03\/16\/decretan-expulsion-del-pais-para-ciudadano-boliviano-que-fue-sorprendido-robando-en-vivienda-de-poblacion-los-lagos\/#breadcrumb"},"inLanguage":"es","potentialAction":[{"@type":"ReadAction","target":["https:\/\/diarioellabrador.cl\/index.php\/2026\/03\/16\/decretan-expulsion-del-pais-para-ciudadano-boliviano-que-fue-sorprendido-robando-en-vivienda-de-poblacion-los-lagos\/"]}]},{"@type":"ImageObject","inLanguage":"es","@id":"https:\/\/diarioellabrador.cl\/index.php\/2026\/03\/16\/decretan-expulsion-del-pais-para-ciudadano-boliviano-que-fue-sorprendido-robando-en-vivienda-de-poblacion-los-lagos\/#primaryimage","url":"https:\/\/diarioellabrador.cl\/wp-content\/uploads\/2026\/03\/Decretan-expulsion-del-pais-para-ciudadano-boliviano-que-fue-sorprendido-robando-en-vivienda-de-poblacion-Los-Lagos.jpg","contentUrl":"https:\/\/diarioellabrador.cl\/wp-content\/uploads\/2026\/03\/Decretan-expulsion-del-pais-para-ciudadano-boliviano-que-fue-sorprendido-robando-en-vivienda-de-poblacion-Los-Lagos.jpg","width":708,"height":404},{"@type":"BreadcrumbList","@id":"https:\/\/diarioellabrador.cl\/index.php\/2026\/03\/16\/decretan-expulsion-del-pais-para-ciudadano-boliviano-que-fue-sorprendido-robando-en-vivienda-de-poblacion-los-lagos\/#breadcrumb","itemListElement":[{"@type":"ListItem","position":1,"name":"Portada","item":"https:\/\/diarioellabrador.cl\/"},{"@type":"ListItem","position":2,"name":"Decretan expulsi\u00f3n del pa\u00eds para ciudadano boliviano que fue sorprendido robando en vivienda de poblaci\u00f3n Los Lagos"}]},{"@type":"WebSite","@id":"https:\/\/diarioellabrador.cl\/#website","url":"https:\/\/diarioellabrador.cl\/","name":"Diario El Labrador","description":"Haciendo noticia desde 1921","publisher":{"@id":"https:\/\/diarioellabrador.cl\/#organization"},"potentialAction":[{"@type":"SearchAction","target":{"@type":"EntryPoint","urlTemplate":"https:\/\/diarioellabrador.cl\/?s={search_term_string}"},"query-input":{"@type":"PropertyValueSpecification","valueRequired":true,"valueName":"search_term_string"}}],"inLanguage":"es"},{"@type":"Organization","@id":"https:\/\/diarioellabrador.cl\/#organization","name":"Diario El Labrador","url":"https:\/\/diarioellabrador.cl\/","logo":{"@type":"ImageObject","inLanguage":"es","@id":"https:\/\/diarioellabrador.cl\/#\/schema\/logo\/image\/","url":"https:\/\/diarioellabrador.cl\/wp-content\/uploads\/2025\/02\/cropped-Logo-Icono.png","contentUrl":"https:\/\/diarioellabrador.cl\/wp-content\/uploads\/2025\/02\/cropped-Logo-Icono.png","width":512,"height":512,"caption":"Diario El Labrador"},"image":{"@id":"https:\/\/diarioellabrador.cl\/#\/schema\/logo\/image\/"},"sameAs":["https:\/\/web.facebook.com\/profile.php?id=61576120840621","https:\/\/x.com\/ElLabradorOf","https:\/\/www.instagram.com\/diarioellabradoroficial\/"]},{"@type":"Person","@id":"https:\/\/diarioellabrador.cl\/#\/schema\/person\/bc25ff80b4563f9c7f4bd7855df01685","name":"Editor","image":{"@type":"ImageObject","inLanguage":"es","@id":"https:\/\/secure.gravatar.com\/avatar\/109c326cf2be5c04f048c2c2a2b8b6ef44bf3d8d1d3d4c55d0ac40c4bc994684?s=96&d=mm&r=g","url":"https:\/\/secure.gravatar.com\/avatar\/109c326cf2be5c04f048c2c2a2b8b6ef44bf3d8d1d3d4c55d0ac40c4bc994684?s=96&d=mm&r=g","contentUrl":"https:\/\/secure.gravatar.com\/avatar\/109c326cf2be5c04f048c2c2a2b8b6ef44bf3d8d1d3d4c55d0ac40c4bc994684?s=96&d=mm&r=g","caption":"Editor"},"url":"https:\/\/diarioellabrador.cl\/index.php\/author\/editor\/"}]}},"_links":{"self":[{"href":"https:\/\/diarioellabrador.cl\/index.php\/wp-json\/wp\/v2\/posts\/16658","targetHints":{"allow":["GET"]}}],"collection":[{"href":"https:\/\/diarioellabrador.cl\/index.php\/wp-json\/wp\/v2\/posts"}],"about":[{"href":"https:\/\/diarioellabrador.cl\/index.php\/wp-json\/wp\/v2\/types\/post"}],"author":[{"embeddable":true,"href":"https:\/\/diarioellabrador.cl\/index.php\/wp-json\/wp\/v2\/users\/2"}],"replies":[{"embeddable":true,"href":"https:\/\/diarioellabrador.cl\/index.php\/wp-json\/wp\/v2\/comments?post=16658"}],"version-history":[{"count":1,"href":"https:\/\/diarioellabrador.cl\/index.php\/wp-json\/wp\/v2\/posts\/16658\/revisions"}],"predecessor-version":[{"id":16659,"href":"https:\/\/diarioellabrador.cl\/index.php\/wp-json\/wp\/v2\/posts\/16658\/revisions\/16659"}],"wp:featuredmedia":[{"embeddable":true,"href":"https:\/\/diarioellabrador.cl\/index.php\/wp-json\/wp\/v2\/media\/16634"}],"wp:attachment":[{"href":"https:\/\/diarioellabrador.cl\/index.php\/wp-json\/wp\/v2\/media?parent=16658"}],"wp:term":[{"taxonomy":"category","embeddable":true,"href":"https:\/\/diarioellabrador.cl\/index.php\/wp-json\/wp\/v2\/categories?post=16658"},{"taxonomy":"post_tag","embeddable":true,"href":"https:\/\/diarioellabrador.cl\/index.php\/wp-json\/wp\/v2\/tags?post=16658"}],"curies":[{"name":"wp","href":"https:\/\/api.w.org\/{rel}","templated":true}]}}