{"id":16654,"date":"2026-03-16T17:32:36","date_gmt":"2026-03-16T21:32:36","guid":{"rendered":"https:\/\/diarioellabrador.cl\/?p=16654"},"modified":"2026-03-16T17:32:37","modified_gmt":"2026-03-16T21:32:37","slug":"arresto-domiciliario-nocturno-para-sujeto-que-ingreso-a-robar-en-una-clinica-dental","status":"publish","type":"post","link":"https:\/\/diarioellabrador.cl\/index.php\/2026\/03\/16\/arresto-domiciliario-nocturno-para-sujeto-que-ingreso-a-robar-en-una-clinica-dental\/","title":{"rendered":"Arresto domiciliario nocturno para sujeto que ingres\u00f3 a robar en una cl\u00ednica dental"},"content":{"rendered":"\n<p>En el Tribunal de Garant\u00eda de Melipilla se realiz\u00f3 la audiencia de control de detenci\u00f3n para acusado por robo en lugar no habitado.<\/p>\n\n\n\n<p>En los hechos se indic\u00f3 que alrededor de las 21:35 horas, el imputado Javier S.Q. ingres\u00f3 por medio escalamiento, esto es, saltando al cierre perimetral de la cl\u00ednica dental ubicada en calle Pardo a la altura del 400 en la comuna de Melipilla, lugar de donde sustrae diversas especies para luego darse a la fuga con ellas, posteriormente fue detenido.<\/p>\n\n\n\n<p>El sujeto manten\u00eda una causa pendiente por los delitos de robo con sorpresa y desacato donde manten\u00eda programada una audiencia de juicio oral simplificado para esta jornada de martes 17 de marzo a las 10 horas en el Tribunal de Garant\u00eda de Melipilla.<\/p>\n\n\n\n<p>Por esta nueva causa, la magistrada dictamin\u00f3 un plazo de investigaci\u00f3n de 90 d\u00edas donde dictamin\u00f3 las medidas cautelares de arresto domiciliario nocturno, firma semanal en dependencias de carabineros y la prohibici\u00f3n de acercarse a la cl\u00ednica dental.<\/p>\n","protected":false},"excerpt":{"rendered":"<p>En el Tribunal de Garant\u00eda de Melipilla se realiz\u00f3 la audiencia de control de detenci\u00f3n para acusado por robo en lugar no habitado. En los hechos se indic\u00f3 que alrededor de las 21:35 horas, el imputado Javier S.Q. ingres\u00f3 por medio escalamiento, esto es, saltando al cierre perimetral de la cl\u00ednica dental ubicada en calle<\/p>\n<div class=\"read-more-wrapper\"><a class=\"read-more\" href=\"https:\/\/diarioellabrador.cl\/index.php\/2026\/03\/16\/arresto-domiciliario-nocturno-para-sujeto-que-ingreso-a-robar-en-una-clinica-dental\/\" title=\"Leer m\u00e1s\"> <span class=\"button \">Leer m\u00e1s<\/span><\/a><\/div>\n","protected":false},"author":2,"featured_media":16632,"comment_status":"open","ping_status":"open","sticky":false,"template":"","format":"standard","meta":{"footnotes":""},"categories":[3],"tags":[],"class_list":["post-16654","post","type-post","status-publish","format-standard","has-post-thumbnail","hentry","category-policial"],"yoast_head":"<!-- This site is optimized with the Yoast SEO plugin v27.5 - https:\/\/yoast.com\/product\/yoast-seo-wordpress\/ -->\n<title>Arresto domiciliario nocturno para sujeto que ingres\u00f3 a robar en una cl\u00ednica dental - Diario El Labrador<\/title>\n<meta name=\"robots\" content=\"index, follow, max-snippet:-1, max-image-preview:large, max-video-preview:-1\" \/>\n<link rel=\"canonical\" href=\"https:\/\/diarioellabrador.cl\/index.php\/2026\/03\/16\/arresto-domiciliario-nocturno-para-sujeto-que-ingreso-a-robar-en-una-clinica-dental\/\" \/>\n<meta property=\"og:locale\" content=\"es_ES\" \/>\n<meta property=\"og:type\" content=\"article\" \/>\n<meta property=\"og:title\" content=\"Arresto domiciliario nocturno para sujeto que ingres\u00f3 a robar en una cl\u00ednica dental - Diario El Labrador\" \/>\n<meta property=\"og:description\" content=\"En el Tribunal de Garant\u00eda de Melipilla se realiz\u00f3 la audiencia de control de detenci\u00f3n para acusado por robo en lugar no habitado. En los hechos se indic\u00f3 que alrededor de las 21:35 horas, el imputado Javier S.Q. ingres\u00f3 por medio escalamiento, esto es, saltando al cierre perimetral de la cl\u00ednica dental ubicada en calle Leer m\u00e1s\" \/>\n<meta property=\"og:url\" content=\"https:\/\/diarioellabrador.cl\/index.php\/2026\/03\/16\/arresto-domiciliario-nocturno-para-sujeto-que-ingreso-a-robar-en-una-clinica-dental\/\" \/>\n<meta property=\"og:site_name\" content=\"Diario El Labrador\" \/>\n<meta property=\"article:publisher\" content=\"https:\/\/web.facebook.com\/profile.php?id=61576120840621\" \/>\n<meta property=\"article:published_time\" content=\"2026-03-16T21:32:36+00:00\" \/>\n<meta property=\"article:modified_time\" content=\"2026-03-16T21:32:37+00:00\" \/>\n<meta property=\"og:image\" content=\"https:\/\/diarioellabrador.cl\/wp-content\/uploads\/2026\/03\/Arresto-domiciliario-nocturno-para-sujeto-que-ingreso-a-robar-en-una-clinica-dental.jpg\" \/>\n\t<meta property=\"og:image:width\" content=\"689\" \/>\n\t<meta property=\"og:image:height\" content=\"529\" \/>\n\t<meta property=\"og:image:type\" content=\"image\/jpeg\" \/>\n<meta name=\"author\" content=\"Editor\" \/>\n<meta name=\"twitter:card\" content=\"summary_large_image\" \/>\n<meta name=\"twitter:creator\" content=\"@ElLabradorOf\" \/>\n<meta name=\"twitter:site\" content=\"@ElLabradorOf\" \/>\n<meta name=\"twitter:label1\" content=\"Escrito por\" \/>\n\t<meta name=\"twitter:data1\" content=\"Editor\" \/>\n\t<meta name=\"twitter:label2\" content=\"Tiempo de lectura\" \/>\n\t<meta name=\"twitter:data2\" content=\"1 minuto\" \/>\n<script type=\"application\/ld+json\" class=\"yoast-schema-graph\">{\"@context\":\"https:\\\/\\\/schema.org\",\"@graph\":[{\"@type\":\"Article\",\"@id\":\"https:\\\/\\\/diarioellabrador.cl\\\/index.php\\\/2026\\\/03\\\/16\\\/arresto-domiciliario-nocturno-para-sujeto-que-ingreso-a-robar-en-una-clinica-dental\\\/#article\",\"isPartOf\":{\"@id\":\"https:\\\/\\\/diarioellabrador.cl\\\/index.php\\\/2026\\\/03\\\/16\\\/arresto-domiciliario-nocturno-para-sujeto-que-ingreso-a-robar-en-una-clinica-dental\\\/\"},\"author\":{\"name\":\"Editor\",\"@id\":\"https:\\\/\\\/diarioellabrador.cl\\\/#\\\/schema\\\/person\\\/bc25ff80b4563f9c7f4bd7855df01685\"},\"headline\":\"Arresto domiciliario nocturno para sujeto que ingres\u00f3 a robar en una cl\u00ednica dental\",\"datePublished\":\"2026-03-16T21:32:36+00:00\",\"dateModified\":\"2026-03-16T21:32:37+00:00\",\"mainEntityOfPage\":{\"@id\":\"https:\\\/\\\/diarioellabrador.cl\\\/index.php\\\/2026\\\/03\\\/16\\\/arresto-domiciliario-nocturno-para-sujeto-que-ingreso-a-robar-en-una-clinica-dental\\\/\"},\"wordCount\":184,\"commentCount\":0,\"publisher\":{\"@id\":\"https:\\\/\\\/diarioellabrador.cl\\\/#organization\"},\"image\":{\"@id\":\"https:\\\/\\\/diarioellabrador.cl\\\/index.php\\\/2026\\\/03\\\/16\\\/arresto-domiciliario-nocturno-para-sujeto-que-ingreso-a-robar-en-una-clinica-dental\\\/#primaryimage\"},\"thumbnailUrl\":\"https:\\\/\\\/diarioellabrador.cl\\\/wp-content\\\/uploads\\\/2026\\\/03\\\/Arresto-domiciliario-nocturno-para-sujeto-que-ingreso-a-robar-en-una-clinica-dental.jpg\",\"articleSection\":[\"Policial\"],\"inLanguage\":\"es\",\"potentialAction\":[{\"@type\":\"CommentAction\",\"name\":\"Comment\",\"target\":[\"https:\\\/\\\/diarioellabrador.cl\\\/index.php\\\/2026\\\/03\\\/16\\\/arresto-domiciliario-nocturno-para-sujeto-que-ingreso-a-robar-en-una-clinica-dental\\\/#respond\"]}]},{\"@type\":\"WebPage\",\"@id\":\"https:\\\/\\\/diarioellabrador.cl\\\/index.php\\\/2026\\\/03\\\/16\\\/arresto-domiciliario-nocturno-para-sujeto-que-ingreso-a-robar-en-una-clinica-dental\\\/\",\"url\":\"https:\\\/\\\/diarioellabrador.cl\\\/index.php\\\/2026\\\/03\\\/16\\\/arresto-domiciliario-nocturno-para-sujeto-que-ingreso-a-robar-en-una-clinica-dental\\\/\",\"name\":\"Arresto domiciliario nocturno para sujeto que ingres\u00f3 a robar en una cl\u00ednica dental - Diario El Labrador\",\"isPartOf\":{\"@id\":\"https:\\\/\\\/diarioellabrador.cl\\\/#website\"},\"primaryImageOfPage\":{\"@id\":\"https:\\\/\\\/diarioellabrador.cl\\\/index.php\\\/2026\\\/03\\\/16\\\/arresto-domiciliario-nocturno-para-sujeto-que-ingreso-a-robar-en-una-clinica-dental\\\/#primaryimage\"},\"image\":{\"@id\":\"https:\\\/\\\/diarioellabrador.cl\\\/index.php\\\/2026\\\/03\\\/16\\\/arresto-domiciliario-nocturno-para-sujeto-que-ingreso-a-robar-en-una-clinica-dental\\\/#primaryimage\"},\"thumbnailUrl\":\"https:\\\/\\\/diarioellabrador.cl\\\/wp-content\\\/uploads\\\/2026\\\/03\\\/Arresto-domiciliario-nocturno-para-sujeto-que-ingreso-a-robar-en-una-clinica-dental.jpg\",\"datePublished\":\"2026-03-16T21:32:36+00:00\",\"dateModified\":\"2026-03-16T21:32:37+00:00\",\"breadcrumb\":{\"@id\":\"https:\\\/\\\/diarioellabrador.cl\\\/index.php\\\/2026\\\/03\\\/16\\\/arresto-domiciliario-nocturno-para-sujeto-que-ingreso-a-robar-en-una-clinica-dental\\\/#breadcrumb\"},\"inLanguage\":\"es\",\"potentialAction\":[{\"@type\":\"ReadAction\",\"target\":[\"https:\\\/\\\/diarioellabrador.cl\\\/index.php\\\/2026\\\/03\\\/16\\\/arresto-domiciliario-nocturno-para-sujeto-que-ingreso-a-robar-en-una-clinica-dental\\\/\"]}]},{\"@type\":\"ImageObject\",\"inLanguage\":\"es\",\"@id\":\"https:\\\/\\\/diarioellabrador.cl\\\/index.php\\\/2026\\\/03\\\/16\\\/arresto-domiciliario-nocturno-para-sujeto-que-ingreso-a-robar-en-una-clinica-dental\\\/#primaryimage\",\"url\":\"https:\\\/\\\/diarioellabrador.cl\\\/wp-content\\\/uploads\\\/2026\\\/03\\\/Arresto-domiciliario-nocturno-para-sujeto-que-ingreso-a-robar-en-una-clinica-dental.jpg\",\"contentUrl\":\"https:\\\/\\\/diarioellabrador.cl\\\/wp-content\\\/uploads\\\/2026\\\/03\\\/Arresto-domiciliario-nocturno-para-sujeto-que-ingreso-a-robar-en-una-clinica-dental.jpg\",\"width\":689,\"height\":529},{\"@type\":\"BreadcrumbList\",\"@id\":\"https:\\\/\\\/diarioellabrador.cl\\\/index.php\\\/2026\\\/03\\\/16\\\/arresto-domiciliario-nocturno-para-sujeto-que-ingreso-a-robar-en-una-clinica-dental\\\/#breadcrumb\",\"itemListElement\":[{\"@type\":\"ListItem\",\"position\":1,\"name\":\"Portada\",\"item\":\"https:\\\/\\\/diarioellabrador.cl\\\/\"},{\"@type\":\"ListItem\",\"position\":2,\"name\":\"Arresto domiciliario nocturno para sujeto que ingres\u00f3 a robar en una cl\u00ednica dental\"}]},{\"@type\":\"WebSite\",\"@id\":\"https:\\\/\\\/diarioellabrador.cl\\\/#website\",\"url\":\"https:\\\/\\\/diarioellabrador.cl\\\/\",\"name\":\"Diario El Labrador\",\"description\":\"Haciendo noticia desde 1921\",\"publisher\":{\"@id\":\"https:\\\/\\\/diarioellabrador.cl\\\/#organization\"},\"potentialAction\":[{\"@type\":\"SearchAction\",\"target\":{\"@type\":\"EntryPoint\",\"urlTemplate\":\"https:\\\/\\\/diarioellabrador.cl\\\/?s={search_term_string}\"},\"query-input\":{\"@type\":\"PropertyValueSpecification\",\"valueRequired\":true,\"valueName\":\"search_term_string\"}}],\"inLanguage\":\"es\"},{\"@type\":\"Organization\",\"@id\":\"https:\\\/\\\/diarioellabrador.cl\\\/#organization\",\"name\":\"Diario El Labrador\",\"url\":\"https:\\\/\\\/diarioellabrador.cl\\\/\",\"logo\":{\"@type\":\"ImageObject\",\"inLanguage\":\"es\",\"@id\":\"https:\\\/\\\/diarioellabrador.cl\\\/#\\\/schema\\\/logo\\\/image\\\/\",\"url\":\"https:\\\/\\\/diarioellabrador.cl\\\/wp-content\\\/uploads\\\/2025\\\/02\\\/cropped-Logo-Icono.png\",\"contentUrl\":\"https:\\\/\\\/diarioellabrador.cl\\\/wp-content\\\/uploads\\\/2025\\\/02\\\/cropped-Logo-Icono.png\",\"width\":512,\"height\":512,\"caption\":\"Diario El Labrador\"},\"image\":{\"@id\":\"https:\\\/\\\/diarioellabrador.cl\\\/#\\\/schema\\\/logo\\\/image\\\/\"},\"sameAs\":[\"https:\\\/\\\/web.facebook.com\\\/profile.php?id=61576120840621\",\"https:\\\/\\\/x.com\\\/ElLabradorOf\",\"https:\\\/\\\/www.instagram.com\\\/diarioellabradoroficial\\\/\"]},{\"@type\":\"Person\",\"@id\":\"https:\\\/\\\/diarioellabrador.cl\\\/#\\\/schema\\\/person\\\/bc25ff80b4563f9c7f4bd7855df01685\",\"name\":\"Editor\",\"image\":{\"@type\":\"ImageObject\",\"inLanguage\":\"es\",\"@id\":\"https:\\\/\\\/secure.gravatar.com\\\/avatar\\\/109c326cf2be5c04f048c2c2a2b8b6ef44bf3d8d1d3d4c55d0ac40c4bc994684?s=96&d=mm&r=g\",\"url\":\"https:\\\/\\\/secure.gravatar.com\\\/avatar\\\/109c326cf2be5c04f048c2c2a2b8b6ef44bf3d8d1d3d4c55d0ac40c4bc994684?s=96&d=mm&r=g\",\"contentUrl\":\"https:\\\/\\\/secure.gravatar.com\\\/avatar\\\/109c326cf2be5c04f048c2c2a2b8b6ef44bf3d8d1d3d4c55d0ac40c4bc994684?s=96&d=mm&r=g\",\"caption\":\"Editor\"},\"url\":\"https:\\\/\\\/diarioellabrador.cl\\\/index.php\\\/author\\\/editor\\\/\"}]}<\/script>\n<!-- \/ Yoast SEO plugin. -->","yoast_head_json":{"title":"Arresto domiciliario nocturno para sujeto que ingres\u00f3 a robar en una cl\u00ednica dental - Diario El Labrador","robots":{"index":"index","follow":"follow","max-snippet":"max-snippet:-1","max-image-preview":"max-image-preview:large","max-video-preview":"max-video-preview:-1"},"canonical":"https:\/\/diarioellabrador.cl\/index.php\/2026\/03\/16\/arresto-domiciliario-nocturno-para-sujeto-que-ingreso-a-robar-en-una-clinica-dental\/","og_locale":"es_ES","og_type":"article","og_title":"Arresto domiciliario nocturno para sujeto que ingres\u00f3 a robar en una cl\u00ednica dental - Diario El Labrador","og_description":"En el Tribunal de Garant\u00eda de Melipilla se realiz\u00f3 la audiencia de control de detenci\u00f3n para acusado por robo en lugar no habitado. En los hechos se indic\u00f3 que alrededor de las 21:35 horas, el imputado Javier S.Q. ingres\u00f3 por medio escalamiento, esto es, saltando al cierre perimetral de la cl\u00ednica dental ubicada en calle Leer m\u00e1s","og_url":"https:\/\/diarioellabrador.cl\/index.php\/2026\/03\/16\/arresto-domiciliario-nocturno-para-sujeto-que-ingreso-a-robar-en-una-clinica-dental\/","og_site_name":"Diario El Labrador","article_publisher":"https:\/\/web.facebook.com\/profile.php?id=61576120840621","article_published_time":"2026-03-16T21:32:36+00:00","article_modified_time":"2026-03-16T21:32:37+00:00","og_image":[{"width":689,"height":529,"url":"https:\/\/diarioellabrador.cl\/wp-content\/uploads\/2026\/03\/Arresto-domiciliario-nocturno-para-sujeto-que-ingreso-a-robar-en-una-clinica-dental.jpg","type":"image\/jpeg"}],"author":"Editor","twitter_card":"summary_large_image","twitter_creator":"@ElLabradorOf","twitter_site":"@ElLabradorOf","twitter_misc":{"Escrito por":"Editor","Tiempo de lectura":"1 minuto"},"schema":{"@context":"https:\/\/schema.org","@graph":[{"@type":"Article","@id":"https:\/\/diarioellabrador.cl\/index.php\/2026\/03\/16\/arresto-domiciliario-nocturno-para-sujeto-que-ingreso-a-robar-en-una-clinica-dental\/#article","isPartOf":{"@id":"https:\/\/diarioellabrador.cl\/index.php\/2026\/03\/16\/arresto-domiciliario-nocturno-para-sujeto-que-ingreso-a-robar-en-una-clinica-dental\/"},"author":{"name":"Editor","@id":"https:\/\/diarioellabrador.cl\/#\/schema\/person\/bc25ff80b4563f9c7f4bd7855df01685"},"headline":"Arresto domiciliario nocturno para sujeto que ingres\u00f3 a robar en una cl\u00ednica dental","datePublished":"2026-03-16T21:32:36+00:00","dateModified":"2026-03-16T21:32:37+00:00","mainEntityOfPage":{"@id":"https:\/\/diarioellabrador.cl\/index.php\/2026\/03\/16\/arresto-domiciliario-nocturno-para-sujeto-que-ingreso-a-robar-en-una-clinica-dental\/"},"wordCount":184,"commentCount":0,"publisher":{"@id":"https:\/\/diarioellabrador.cl\/#organization"},"image":{"@id":"https:\/\/diarioellabrador.cl\/index.php\/2026\/03\/16\/arresto-domiciliario-nocturno-para-sujeto-que-ingreso-a-robar-en-una-clinica-dental\/#primaryimage"},"thumbnailUrl":"https:\/\/diarioellabrador.cl\/wp-content\/uploads\/2026\/03\/Arresto-domiciliario-nocturno-para-sujeto-que-ingreso-a-robar-en-una-clinica-dental.jpg","articleSection":["Policial"],"inLanguage":"es","potentialAction":[{"@type":"CommentAction","name":"Comment","target":["https:\/\/diarioellabrador.cl\/index.php\/2026\/03\/16\/arresto-domiciliario-nocturno-para-sujeto-que-ingreso-a-robar-en-una-clinica-dental\/#respond"]}]},{"@type":"WebPage","@id":"https:\/\/diarioellabrador.cl\/index.php\/2026\/03\/16\/arresto-domiciliario-nocturno-para-sujeto-que-ingreso-a-robar-en-una-clinica-dental\/","url":"https:\/\/diarioellabrador.cl\/index.php\/2026\/03\/16\/arresto-domiciliario-nocturno-para-sujeto-que-ingreso-a-robar-en-una-clinica-dental\/","name":"Arresto domiciliario nocturno para sujeto que ingres\u00f3 a robar en una cl\u00ednica dental - Diario El Labrador","isPartOf":{"@id":"https:\/\/diarioellabrador.cl\/#website"},"primaryImageOfPage":{"@id":"https:\/\/diarioellabrador.cl\/index.php\/2026\/03\/16\/arresto-domiciliario-nocturno-para-sujeto-que-ingreso-a-robar-en-una-clinica-dental\/#primaryimage"},"image":{"@id":"https:\/\/diarioellabrador.cl\/index.php\/2026\/03\/16\/arresto-domiciliario-nocturno-para-sujeto-que-ingreso-a-robar-en-una-clinica-dental\/#primaryimage"},"thumbnailUrl":"https:\/\/diarioellabrador.cl\/wp-content\/uploads\/2026\/03\/Arresto-domiciliario-nocturno-para-sujeto-que-ingreso-a-robar-en-una-clinica-dental.jpg","datePublished":"2026-03-16T21:32:36+00:00","dateModified":"2026-03-16T21:32:37+00:00","breadcrumb":{"@id":"https:\/\/diarioellabrador.cl\/index.php\/2026\/03\/16\/arresto-domiciliario-nocturno-para-sujeto-que-ingreso-a-robar-en-una-clinica-dental\/#breadcrumb"},"inLanguage":"es","potentialAction":[{"@type":"ReadAction","target":["https:\/\/diarioellabrador.cl\/index.php\/2026\/03\/16\/arresto-domiciliario-nocturno-para-sujeto-que-ingreso-a-robar-en-una-clinica-dental\/"]}]},{"@type":"ImageObject","inLanguage":"es","@id":"https:\/\/diarioellabrador.cl\/index.php\/2026\/03\/16\/arresto-domiciliario-nocturno-para-sujeto-que-ingreso-a-robar-en-una-clinica-dental\/#primaryimage","url":"https:\/\/diarioellabrador.cl\/wp-content\/uploads\/2026\/03\/Arresto-domiciliario-nocturno-para-sujeto-que-ingreso-a-robar-en-una-clinica-dental.jpg","contentUrl":"https:\/\/diarioellabrador.cl\/wp-content\/uploads\/2026\/03\/Arresto-domiciliario-nocturno-para-sujeto-que-ingreso-a-robar-en-una-clinica-dental.jpg","width":689,"height":529},{"@type":"BreadcrumbList","@id":"https:\/\/diarioellabrador.cl\/index.php\/2026\/03\/16\/arresto-domiciliario-nocturno-para-sujeto-que-ingreso-a-robar-en-una-clinica-dental\/#breadcrumb","itemListElement":[{"@type":"ListItem","position":1,"name":"Portada","item":"https:\/\/diarioellabrador.cl\/"},{"@type":"ListItem","position":2,"name":"Arresto domiciliario nocturno para sujeto que ingres\u00f3 a robar en una cl\u00ednica dental"}]},{"@type":"WebSite","@id":"https:\/\/diarioellabrador.cl\/#website","url":"https:\/\/diarioellabrador.cl\/","name":"Diario El Labrador","description":"Haciendo noticia desde 1921","publisher":{"@id":"https:\/\/diarioellabrador.cl\/#organization"},"potentialAction":[{"@type":"SearchAction","target":{"@type":"EntryPoint","urlTemplate":"https:\/\/diarioellabrador.cl\/?s={search_term_string}"},"query-input":{"@type":"PropertyValueSpecification","valueRequired":true,"valueName":"search_term_string"}}],"inLanguage":"es"},{"@type":"Organization","@id":"https:\/\/diarioellabrador.cl\/#organization","name":"Diario El Labrador","url":"https:\/\/diarioellabrador.cl\/","logo":{"@type":"ImageObject","inLanguage":"es","@id":"https:\/\/diarioellabrador.cl\/#\/schema\/logo\/image\/","url":"https:\/\/diarioellabrador.cl\/wp-content\/uploads\/2025\/02\/cropped-Logo-Icono.png","contentUrl":"https:\/\/diarioellabrador.cl\/wp-content\/uploads\/2025\/02\/cropped-Logo-Icono.png","width":512,"height":512,"caption":"Diario El Labrador"},"image":{"@id":"https:\/\/diarioellabrador.cl\/#\/schema\/logo\/image\/"},"sameAs":["https:\/\/web.facebook.com\/profile.php?id=61576120840621","https:\/\/x.com\/ElLabradorOf","https:\/\/www.instagram.com\/diarioellabradoroficial\/"]},{"@type":"Person","@id":"https:\/\/diarioellabrador.cl\/#\/schema\/person\/bc25ff80b4563f9c7f4bd7855df01685","name":"Editor","image":{"@type":"ImageObject","inLanguage":"es","@id":"https:\/\/secure.gravatar.com\/avatar\/109c326cf2be5c04f048c2c2a2b8b6ef44bf3d8d1d3d4c55d0ac40c4bc994684?s=96&d=mm&r=g","url":"https:\/\/secure.gravatar.com\/avatar\/109c326cf2be5c04f048c2c2a2b8b6ef44bf3d8d1d3d4c55d0ac40c4bc994684?s=96&d=mm&r=g","contentUrl":"https:\/\/secure.gravatar.com\/avatar\/109c326cf2be5c04f048c2c2a2b8b6ef44bf3d8d1d3d4c55d0ac40c4bc994684?s=96&d=mm&r=g","caption":"Editor"},"url":"https:\/\/diarioellabrador.cl\/index.php\/author\/editor\/"}]}},"_links":{"self":[{"href":"https:\/\/diarioellabrador.cl\/index.php\/wp-json\/wp\/v2\/posts\/16654","targetHints":{"allow":["GET"]}}],"collection":[{"href":"https:\/\/diarioellabrador.cl\/index.php\/wp-json\/wp\/v2\/posts"}],"about":[{"href":"https:\/\/diarioellabrador.cl\/index.php\/wp-json\/wp\/v2\/types\/post"}],"author":[{"embeddable":true,"href":"https:\/\/diarioellabrador.cl\/index.php\/wp-json\/wp\/v2\/users\/2"}],"replies":[{"embeddable":true,"href":"https:\/\/diarioellabrador.cl\/index.php\/wp-json\/wp\/v2\/comments?post=16654"}],"version-history":[{"count":1,"href":"https:\/\/diarioellabrador.cl\/index.php\/wp-json\/wp\/v2\/posts\/16654\/revisions"}],"predecessor-version":[{"id":16655,"href":"https:\/\/diarioellabrador.cl\/index.php\/wp-json\/wp\/v2\/posts\/16654\/revisions\/16655"}],"wp:featuredmedia":[{"embeddable":true,"href":"https:\/\/diarioellabrador.cl\/index.php\/wp-json\/wp\/v2\/media\/16632"}],"wp:attachment":[{"href":"https:\/\/diarioellabrador.cl\/index.php\/wp-json\/wp\/v2\/media?parent=16654"}],"wp:term":[{"taxonomy":"category","embeddable":true,"href":"https:\/\/diarioellabrador.cl\/index.php\/wp-json\/wp\/v2\/categories?post=16654"},{"taxonomy":"post_tag","embeddable":true,"href":"https:\/\/diarioellabrador.cl\/index.php\/wp-json\/wp\/v2\/tags?post=16654"}],"curies":[{"name":"wp","href":"https:\/\/api.w.org\/{rel}","templated":true}]}}