{"id":16652,"date":"2026-03-16T17:32:05","date_gmt":"2026-03-16T21:32:05","guid":{"rendered":"https:\/\/diarioellabrador.cl\/?p=16652"},"modified":"2026-03-16T17:32:06","modified_gmt":"2026-03-16T21:32:06","slug":"hombre-salio-a-pasear-a-su-perro-y-fallecio-por-una-bala-loca-tras-enfrentamiento-de-bandas-rivales-en-puente-alto","status":"publish","type":"post","link":"https:\/\/diarioellabrador.cl\/index.php\/2026\/03\/16\/hombre-salio-a-pasear-a-su-perro-y-fallecio-por-una-bala-loca-tras-enfrentamiento-de-bandas-rivales-en-puente-alto\/","title":{"rendered":"Hombre sali\u00f3 a pasear a su perro y falleci\u00f3 por una bala loca tras enfrentamiento de bandas rivales en Puente Alto"},"content":{"rendered":"\n<p>Por Johnny Ahumada Sep\u00falveda<\/p>\n\n\n\n<p>En la madrugada de este lunes en la comuna de Puente Alto, se registr\u00f3 un homicidio con arma de fuego, el hombre habr\u00eda salido a pasear a su perro cuando recibi\u00f3 impactos bal\u00edsticos tras una ri\u00f1a de bandas del sector en la intersecci\u00f3n de la calle Blanca con Jard\u00edn Alto.<\/p>\n\n\n\n<p>El hombre que falleci\u00f3 fue asesinado en medio de un enfrentamiento de bandas rivales, mientras sacaba a pasear a su perro, como todos los d\u00edas. Tras recibir los disparos, el hombre fue trasladado hasta el Cesfam Bernardo Leighton, pese a realizar reanimaciones por parte de los funcionarios de salud, el hombre falleci\u00f3.<\/p>\n\n\n\n<p>Fernando Ana\u00eds, el fiscal ECOH se\u00f1al\u00f3 que en el sitio donde ocurri\u00f3 el suceso encontraron \u201cuna gran cantidad de vainillas, alrededor de 60 evidencias registradas. \u201cSe espera que en las c\u00e1maras de seguridad en el sector son cruciales para poder analizarlas, y en base a esto establecer quienes serian los disparadores\u201d.&nbsp; Aunque vecinos dijeron que escucharon m\u00e1s de 100 balazos.<\/p>\n\n\n\n<p>La victima fatal se trata de una persona de 59 a\u00f1os, que se encontraba paseando a su perro y que no ten\u00eda nada que ver con el enfrentamiento de las bandas rivales, ya que no contaba con antecedentes penales. La v\u00edctima recibi\u00f3 un disparo sin salida en su clav\u00edcula.<\/p>\n\n\n\n<p>\u00abSe est\u00e1n buscando testigos para poder empadronar y tomar las declaraciones. Ya hay videos que han sido entregados por los vecinos del sector\u00bb, se\u00f1al\u00f3.<\/p>\n\n\n\n<p>Sin embargo, seg\u00fan antecedentes policiales y un registro audiovisual, se logr\u00f3 identificar al menos a dos delincuentes que percutaron disparos, adem\u00e1s adulteraron el sitio del suceso, retiraron evidencia bal\u00edstica al momento de darse a la fuga.<\/p>\n\n\n\n<p>Robert Briones, el subprefecto de la Brigada de Homicidios confirm\u00f3 que la v\u00edctima recibi\u00f3 una herida de \u00edndole circunstancial. Ya que se busca determinar si existi\u00f3 mas de un armamento utilizado en el crimen y si los delincuentes se movilizaban en alg\u00fan veh\u00edculo. Seg\u00fan informaciones policiales, no hay ning\u00fan detenido hasta el momento, y que la PDI hace las pericias correspondientes para saber la l\u00ednea investigativa de los hechos.<\/p>\n","protected":false},"excerpt":{"rendered":"<p>Por Johnny Ahumada Sep\u00falveda En la madrugada de este lunes en la comuna de Puente Alto, se registr\u00f3 un homicidio con arma de fuego, el hombre habr\u00eda salido a pasear a su perro cuando recibi\u00f3 impactos bal\u00edsticos tras una ri\u00f1a de bandas del sector en la intersecci\u00f3n de la calle Blanca con Jard\u00edn Alto. El<\/p>\n<div class=\"read-more-wrapper\"><a class=\"read-more\" href=\"https:\/\/diarioellabrador.cl\/index.php\/2026\/03\/16\/hombre-salio-a-pasear-a-su-perro-y-fallecio-por-una-bala-loca-tras-enfrentamiento-de-bandas-rivales-en-puente-alto\/\" title=\"Leer m\u00e1s\"> <span class=\"button \">Leer m\u00e1s<\/span><\/a><\/div>\n","protected":false},"author":2,"featured_media":16625,"comment_status":"open","ping_status":"open","sticky":false,"template":"","format":"standard","meta":{"footnotes":""},"categories":[3],"tags":[],"class_list":["post-16652","post","type-post","status-publish","format-standard","has-post-thumbnail","hentry","category-policial"],"yoast_head":"<!-- This site is optimized with the Yoast SEO plugin v27.5 - https:\/\/yoast.com\/product\/yoast-seo-wordpress\/ -->\n<title>Hombre sali\u00f3 a pasear a su perro y falleci\u00f3 por una bala loca tras enfrentamiento de bandas rivales en Puente Alto - Diario El Labrador<\/title>\n<meta name=\"robots\" content=\"index, follow, max-snippet:-1, max-image-preview:large, max-video-preview:-1\" \/>\n<link rel=\"canonical\" href=\"https:\/\/diarioellabrador.cl\/index.php\/2026\/03\/16\/hombre-salio-a-pasear-a-su-perro-y-fallecio-por-una-bala-loca-tras-enfrentamiento-de-bandas-rivales-en-puente-alto\/\" \/>\n<meta property=\"og:locale\" content=\"es_ES\" \/>\n<meta property=\"og:type\" content=\"article\" \/>\n<meta property=\"og:title\" content=\"Hombre sali\u00f3 a pasear a su perro y falleci\u00f3 por una bala loca tras enfrentamiento de bandas rivales en Puente Alto - Diario El Labrador\" \/>\n<meta property=\"og:description\" content=\"Por Johnny Ahumada Sep\u00falveda En la madrugada de este lunes en la comuna de Puente Alto, se registr\u00f3 un homicidio con arma de fuego, el hombre habr\u00eda salido a pasear a su perro cuando recibi\u00f3 impactos bal\u00edsticos tras una ri\u00f1a de bandas del sector en la intersecci\u00f3n de la calle Blanca con Jard\u00edn Alto. El Leer m\u00e1s\" \/>\n<meta property=\"og:url\" content=\"https:\/\/diarioellabrador.cl\/index.php\/2026\/03\/16\/hombre-salio-a-pasear-a-su-perro-y-fallecio-por-una-bala-loca-tras-enfrentamiento-de-bandas-rivales-en-puente-alto\/\" \/>\n<meta property=\"og:site_name\" content=\"Diario El Labrador\" \/>\n<meta property=\"article:publisher\" content=\"https:\/\/web.facebook.com\/profile.php?id=61576120840621\" \/>\n<meta property=\"article:published_time\" content=\"2026-03-16T21:32:05+00:00\" \/>\n<meta property=\"article:modified_time\" content=\"2026-03-16T21:32:06+00:00\" \/>\n<meta property=\"og:image\" content=\"https:\/\/diarioellabrador.cl\/wp-content\/uploads\/2026\/03\/Hombre-salio-a-pasear-a-su-perro-y-fallecio-por-una-bala-loca-tras-enfrentamiento-de-bandas-rivales-en-Puente-Alto.jpg\" \/>\n\t<meta property=\"og:image:width\" content=\"750\" \/>\n\t<meta property=\"og:image:height\" content=\"400\" \/>\n\t<meta property=\"og:image:type\" content=\"image\/jpeg\" \/>\n<meta name=\"author\" content=\"Editor\" \/>\n<meta name=\"twitter:card\" content=\"summary_large_image\" \/>\n<meta name=\"twitter:creator\" content=\"@ElLabradorOf\" \/>\n<meta name=\"twitter:site\" content=\"@ElLabradorOf\" \/>\n<meta name=\"twitter:label1\" content=\"Escrito por\" \/>\n\t<meta name=\"twitter:data1\" content=\"Editor\" \/>\n\t<meta name=\"twitter:label2\" content=\"Tiempo de lectura\" \/>\n\t<meta name=\"twitter:data2\" content=\"2 minutos\" \/>\n<script type=\"application\/ld+json\" class=\"yoast-schema-graph\">{\"@context\":\"https:\\\/\\\/schema.org\",\"@graph\":[{\"@type\":\"Article\",\"@id\":\"https:\\\/\\\/diarioellabrador.cl\\\/index.php\\\/2026\\\/03\\\/16\\\/hombre-salio-a-pasear-a-su-perro-y-fallecio-por-una-bala-loca-tras-enfrentamiento-de-bandas-rivales-en-puente-alto\\\/#article\",\"isPartOf\":{\"@id\":\"https:\\\/\\\/diarioellabrador.cl\\\/index.php\\\/2026\\\/03\\\/16\\\/hombre-salio-a-pasear-a-su-perro-y-fallecio-por-una-bala-loca-tras-enfrentamiento-de-bandas-rivales-en-puente-alto\\\/\"},\"author\":{\"name\":\"Editor\",\"@id\":\"https:\\\/\\\/diarioellabrador.cl\\\/#\\\/schema\\\/person\\\/bc25ff80b4563f9c7f4bd7855df01685\"},\"headline\":\"Hombre sali\u00f3 a pasear a su perro y falleci\u00f3 por una bala loca tras enfrentamiento de bandas rivales en Puente Alto\",\"datePublished\":\"2026-03-16T21:32:05+00:00\",\"dateModified\":\"2026-03-16T21:32:06+00:00\",\"mainEntityOfPage\":{\"@id\":\"https:\\\/\\\/diarioellabrador.cl\\\/index.php\\\/2026\\\/03\\\/16\\\/hombre-salio-a-pasear-a-su-perro-y-fallecio-por-una-bala-loca-tras-enfrentamiento-de-bandas-rivales-en-puente-alto\\\/\"},\"wordCount\":389,\"commentCount\":0,\"publisher\":{\"@id\":\"https:\\\/\\\/diarioellabrador.cl\\\/#organization\"},\"image\":{\"@id\":\"https:\\\/\\\/diarioellabrador.cl\\\/index.php\\\/2026\\\/03\\\/16\\\/hombre-salio-a-pasear-a-su-perro-y-fallecio-por-una-bala-loca-tras-enfrentamiento-de-bandas-rivales-en-puente-alto\\\/#primaryimage\"},\"thumbnailUrl\":\"https:\\\/\\\/diarioellabrador.cl\\\/wp-content\\\/uploads\\\/2026\\\/03\\\/Hombre-salio-a-pasear-a-su-perro-y-fallecio-por-una-bala-loca-tras-enfrentamiento-de-bandas-rivales-en-Puente-Alto.jpg\",\"articleSection\":[\"Policial\"],\"inLanguage\":\"es\",\"potentialAction\":[{\"@type\":\"CommentAction\",\"name\":\"Comment\",\"target\":[\"https:\\\/\\\/diarioellabrador.cl\\\/index.php\\\/2026\\\/03\\\/16\\\/hombre-salio-a-pasear-a-su-perro-y-fallecio-por-una-bala-loca-tras-enfrentamiento-de-bandas-rivales-en-puente-alto\\\/#respond\"]}]},{\"@type\":\"WebPage\",\"@id\":\"https:\\\/\\\/diarioellabrador.cl\\\/index.php\\\/2026\\\/03\\\/16\\\/hombre-salio-a-pasear-a-su-perro-y-fallecio-por-una-bala-loca-tras-enfrentamiento-de-bandas-rivales-en-puente-alto\\\/\",\"url\":\"https:\\\/\\\/diarioellabrador.cl\\\/index.php\\\/2026\\\/03\\\/16\\\/hombre-salio-a-pasear-a-su-perro-y-fallecio-por-una-bala-loca-tras-enfrentamiento-de-bandas-rivales-en-puente-alto\\\/\",\"name\":\"Hombre sali\u00f3 a pasear a su perro y falleci\u00f3 por una bala loca tras enfrentamiento de bandas rivales en Puente Alto - Diario El Labrador\",\"isPartOf\":{\"@id\":\"https:\\\/\\\/diarioellabrador.cl\\\/#website\"},\"primaryImageOfPage\":{\"@id\":\"https:\\\/\\\/diarioellabrador.cl\\\/index.php\\\/2026\\\/03\\\/16\\\/hombre-salio-a-pasear-a-su-perro-y-fallecio-por-una-bala-loca-tras-enfrentamiento-de-bandas-rivales-en-puente-alto\\\/#primaryimage\"},\"image\":{\"@id\":\"https:\\\/\\\/diarioellabrador.cl\\\/index.php\\\/2026\\\/03\\\/16\\\/hombre-salio-a-pasear-a-su-perro-y-fallecio-por-una-bala-loca-tras-enfrentamiento-de-bandas-rivales-en-puente-alto\\\/#primaryimage\"},\"thumbnailUrl\":\"https:\\\/\\\/diarioellabrador.cl\\\/wp-content\\\/uploads\\\/2026\\\/03\\\/Hombre-salio-a-pasear-a-su-perro-y-fallecio-por-una-bala-loca-tras-enfrentamiento-de-bandas-rivales-en-Puente-Alto.jpg\",\"datePublished\":\"2026-03-16T21:32:05+00:00\",\"dateModified\":\"2026-03-16T21:32:06+00:00\",\"breadcrumb\":{\"@id\":\"https:\\\/\\\/diarioellabrador.cl\\\/index.php\\\/2026\\\/03\\\/16\\\/hombre-salio-a-pasear-a-su-perro-y-fallecio-por-una-bala-loca-tras-enfrentamiento-de-bandas-rivales-en-puente-alto\\\/#breadcrumb\"},\"inLanguage\":\"es\",\"potentialAction\":[{\"@type\":\"ReadAction\",\"target\":[\"https:\\\/\\\/diarioellabrador.cl\\\/index.php\\\/2026\\\/03\\\/16\\\/hombre-salio-a-pasear-a-su-perro-y-fallecio-por-una-bala-loca-tras-enfrentamiento-de-bandas-rivales-en-puente-alto\\\/\"]}]},{\"@type\":\"ImageObject\",\"inLanguage\":\"es\",\"@id\":\"https:\\\/\\\/diarioellabrador.cl\\\/index.php\\\/2026\\\/03\\\/16\\\/hombre-salio-a-pasear-a-su-perro-y-fallecio-por-una-bala-loca-tras-enfrentamiento-de-bandas-rivales-en-puente-alto\\\/#primaryimage\",\"url\":\"https:\\\/\\\/diarioellabrador.cl\\\/wp-content\\\/uploads\\\/2026\\\/03\\\/Hombre-salio-a-pasear-a-su-perro-y-fallecio-por-una-bala-loca-tras-enfrentamiento-de-bandas-rivales-en-Puente-Alto.jpg\",\"contentUrl\":\"https:\\\/\\\/diarioellabrador.cl\\\/wp-content\\\/uploads\\\/2026\\\/03\\\/Hombre-salio-a-pasear-a-su-perro-y-fallecio-por-una-bala-loca-tras-enfrentamiento-de-bandas-rivales-en-Puente-Alto.jpg\",\"width\":750,\"height\":400},{\"@type\":\"BreadcrumbList\",\"@id\":\"https:\\\/\\\/diarioellabrador.cl\\\/index.php\\\/2026\\\/03\\\/16\\\/hombre-salio-a-pasear-a-su-perro-y-fallecio-por-una-bala-loca-tras-enfrentamiento-de-bandas-rivales-en-puente-alto\\\/#breadcrumb\",\"itemListElement\":[{\"@type\":\"ListItem\",\"position\":1,\"name\":\"Portada\",\"item\":\"https:\\\/\\\/diarioellabrador.cl\\\/\"},{\"@type\":\"ListItem\",\"position\":2,\"name\":\"Hombre sali\u00f3 a pasear a su perro y falleci\u00f3 por una bala loca tras enfrentamiento de bandas rivales en Puente Alto\"}]},{\"@type\":\"WebSite\",\"@id\":\"https:\\\/\\\/diarioellabrador.cl\\\/#website\",\"url\":\"https:\\\/\\\/diarioellabrador.cl\\\/\",\"name\":\"Diario El Labrador\",\"description\":\"Haciendo noticia desde 1921\",\"publisher\":{\"@id\":\"https:\\\/\\\/diarioellabrador.cl\\\/#organization\"},\"potentialAction\":[{\"@type\":\"SearchAction\",\"target\":{\"@type\":\"EntryPoint\",\"urlTemplate\":\"https:\\\/\\\/diarioellabrador.cl\\\/?s={search_term_string}\"},\"query-input\":{\"@type\":\"PropertyValueSpecification\",\"valueRequired\":true,\"valueName\":\"search_term_string\"}}],\"inLanguage\":\"es\"},{\"@type\":\"Organization\",\"@id\":\"https:\\\/\\\/diarioellabrador.cl\\\/#organization\",\"name\":\"Diario El Labrador\",\"url\":\"https:\\\/\\\/diarioellabrador.cl\\\/\",\"logo\":{\"@type\":\"ImageObject\",\"inLanguage\":\"es\",\"@id\":\"https:\\\/\\\/diarioellabrador.cl\\\/#\\\/schema\\\/logo\\\/image\\\/\",\"url\":\"https:\\\/\\\/diarioellabrador.cl\\\/wp-content\\\/uploads\\\/2025\\\/02\\\/cropped-Logo-Icono.png\",\"contentUrl\":\"https:\\\/\\\/diarioellabrador.cl\\\/wp-content\\\/uploads\\\/2025\\\/02\\\/cropped-Logo-Icono.png\",\"width\":512,\"height\":512,\"caption\":\"Diario El Labrador\"},\"image\":{\"@id\":\"https:\\\/\\\/diarioellabrador.cl\\\/#\\\/schema\\\/logo\\\/image\\\/\"},\"sameAs\":[\"https:\\\/\\\/web.facebook.com\\\/profile.php?id=61576120840621\",\"https:\\\/\\\/x.com\\\/ElLabradorOf\",\"https:\\\/\\\/www.instagram.com\\\/diarioellabradoroficial\\\/\"]},{\"@type\":\"Person\",\"@id\":\"https:\\\/\\\/diarioellabrador.cl\\\/#\\\/schema\\\/person\\\/bc25ff80b4563f9c7f4bd7855df01685\",\"name\":\"Editor\",\"image\":{\"@type\":\"ImageObject\",\"inLanguage\":\"es\",\"@id\":\"https:\\\/\\\/secure.gravatar.com\\\/avatar\\\/109c326cf2be5c04f048c2c2a2b8b6ef44bf3d8d1d3d4c55d0ac40c4bc994684?s=96&d=mm&r=g\",\"url\":\"https:\\\/\\\/secure.gravatar.com\\\/avatar\\\/109c326cf2be5c04f048c2c2a2b8b6ef44bf3d8d1d3d4c55d0ac40c4bc994684?s=96&d=mm&r=g\",\"contentUrl\":\"https:\\\/\\\/secure.gravatar.com\\\/avatar\\\/109c326cf2be5c04f048c2c2a2b8b6ef44bf3d8d1d3d4c55d0ac40c4bc994684?s=96&d=mm&r=g\",\"caption\":\"Editor\"},\"url\":\"https:\\\/\\\/diarioellabrador.cl\\\/index.php\\\/author\\\/editor\\\/\"}]}<\/script>\n<!-- \/ Yoast SEO plugin. -->","yoast_head_json":{"title":"Hombre sali\u00f3 a pasear a su perro y falleci\u00f3 por una bala loca tras enfrentamiento de bandas rivales en Puente Alto - Diario El Labrador","robots":{"index":"index","follow":"follow","max-snippet":"max-snippet:-1","max-image-preview":"max-image-preview:large","max-video-preview":"max-video-preview:-1"},"canonical":"https:\/\/diarioellabrador.cl\/index.php\/2026\/03\/16\/hombre-salio-a-pasear-a-su-perro-y-fallecio-por-una-bala-loca-tras-enfrentamiento-de-bandas-rivales-en-puente-alto\/","og_locale":"es_ES","og_type":"article","og_title":"Hombre sali\u00f3 a pasear a su perro y falleci\u00f3 por una bala loca tras enfrentamiento de bandas rivales en Puente Alto - Diario El Labrador","og_description":"Por Johnny Ahumada Sep\u00falveda En la madrugada de este lunes en la comuna de Puente Alto, se registr\u00f3 un homicidio con arma de fuego, el hombre habr\u00eda salido a pasear a su perro cuando recibi\u00f3 impactos bal\u00edsticos tras una ri\u00f1a de bandas del sector en la intersecci\u00f3n de la calle Blanca con Jard\u00edn Alto. El Leer m\u00e1s","og_url":"https:\/\/diarioellabrador.cl\/index.php\/2026\/03\/16\/hombre-salio-a-pasear-a-su-perro-y-fallecio-por-una-bala-loca-tras-enfrentamiento-de-bandas-rivales-en-puente-alto\/","og_site_name":"Diario El Labrador","article_publisher":"https:\/\/web.facebook.com\/profile.php?id=61576120840621","article_published_time":"2026-03-16T21:32:05+00:00","article_modified_time":"2026-03-16T21:32:06+00:00","og_image":[{"width":750,"height":400,"url":"https:\/\/diarioellabrador.cl\/wp-content\/uploads\/2026\/03\/Hombre-salio-a-pasear-a-su-perro-y-fallecio-por-una-bala-loca-tras-enfrentamiento-de-bandas-rivales-en-Puente-Alto.jpg","type":"image\/jpeg"}],"author":"Editor","twitter_card":"summary_large_image","twitter_creator":"@ElLabradorOf","twitter_site":"@ElLabradorOf","twitter_misc":{"Escrito por":"Editor","Tiempo de lectura":"2 minutos"},"schema":{"@context":"https:\/\/schema.org","@graph":[{"@type":"Article","@id":"https:\/\/diarioellabrador.cl\/index.php\/2026\/03\/16\/hombre-salio-a-pasear-a-su-perro-y-fallecio-por-una-bala-loca-tras-enfrentamiento-de-bandas-rivales-en-puente-alto\/#article","isPartOf":{"@id":"https:\/\/diarioellabrador.cl\/index.php\/2026\/03\/16\/hombre-salio-a-pasear-a-su-perro-y-fallecio-por-una-bala-loca-tras-enfrentamiento-de-bandas-rivales-en-puente-alto\/"},"author":{"name":"Editor","@id":"https:\/\/diarioellabrador.cl\/#\/schema\/person\/bc25ff80b4563f9c7f4bd7855df01685"},"headline":"Hombre sali\u00f3 a pasear a su perro y falleci\u00f3 por una bala loca tras enfrentamiento de bandas rivales en Puente Alto","datePublished":"2026-03-16T21:32:05+00:00","dateModified":"2026-03-16T21:32:06+00:00","mainEntityOfPage":{"@id":"https:\/\/diarioellabrador.cl\/index.php\/2026\/03\/16\/hombre-salio-a-pasear-a-su-perro-y-fallecio-por-una-bala-loca-tras-enfrentamiento-de-bandas-rivales-en-puente-alto\/"},"wordCount":389,"commentCount":0,"publisher":{"@id":"https:\/\/diarioellabrador.cl\/#organization"},"image":{"@id":"https:\/\/diarioellabrador.cl\/index.php\/2026\/03\/16\/hombre-salio-a-pasear-a-su-perro-y-fallecio-por-una-bala-loca-tras-enfrentamiento-de-bandas-rivales-en-puente-alto\/#primaryimage"},"thumbnailUrl":"https:\/\/diarioellabrador.cl\/wp-content\/uploads\/2026\/03\/Hombre-salio-a-pasear-a-su-perro-y-fallecio-por-una-bala-loca-tras-enfrentamiento-de-bandas-rivales-en-Puente-Alto.jpg","articleSection":["Policial"],"inLanguage":"es","potentialAction":[{"@type":"CommentAction","name":"Comment","target":["https:\/\/diarioellabrador.cl\/index.php\/2026\/03\/16\/hombre-salio-a-pasear-a-su-perro-y-fallecio-por-una-bala-loca-tras-enfrentamiento-de-bandas-rivales-en-puente-alto\/#respond"]}]},{"@type":"WebPage","@id":"https:\/\/diarioellabrador.cl\/index.php\/2026\/03\/16\/hombre-salio-a-pasear-a-su-perro-y-fallecio-por-una-bala-loca-tras-enfrentamiento-de-bandas-rivales-en-puente-alto\/","url":"https:\/\/diarioellabrador.cl\/index.php\/2026\/03\/16\/hombre-salio-a-pasear-a-su-perro-y-fallecio-por-una-bala-loca-tras-enfrentamiento-de-bandas-rivales-en-puente-alto\/","name":"Hombre sali\u00f3 a pasear a su perro y falleci\u00f3 por una bala loca tras enfrentamiento de bandas rivales en Puente Alto - Diario El Labrador","isPartOf":{"@id":"https:\/\/diarioellabrador.cl\/#website"},"primaryImageOfPage":{"@id":"https:\/\/diarioellabrador.cl\/index.php\/2026\/03\/16\/hombre-salio-a-pasear-a-su-perro-y-fallecio-por-una-bala-loca-tras-enfrentamiento-de-bandas-rivales-en-puente-alto\/#primaryimage"},"image":{"@id":"https:\/\/diarioellabrador.cl\/index.php\/2026\/03\/16\/hombre-salio-a-pasear-a-su-perro-y-fallecio-por-una-bala-loca-tras-enfrentamiento-de-bandas-rivales-en-puente-alto\/#primaryimage"},"thumbnailUrl":"https:\/\/diarioellabrador.cl\/wp-content\/uploads\/2026\/03\/Hombre-salio-a-pasear-a-su-perro-y-fallecio-por-una-bala-loca-tras-enfrentamiento-de-bandas-rivales-en-Puente-Alto.jpg","datePublished":"2026-03-16T21:32:05+00:00","dateModified":"2026-03-16T21:32:06+00:00","breadcrumb":{"@id":"https:\/\/diarioellabrador.cl\/index.php\/2026\/03\/16\/hombre-salio-a-pasear-a-su-perro-y-fallecio-por-una-bala-loca-tras-enfrentamiento-de-bandas-rivales-en-puente-alto\/#breadcrumb"},"inLanguage":"es","potentialAction":[{"@type":"ReadAction","target":["https:\/\/diarioellabrador.cl\/index.php\/2026\/03\/16\/hombre-salio-a-pasear-a-su-perro-y-fallecio-por-una-bala-loca-tras-enfrentamiento-de-bandas-rivales-en-puente-alto\/"]}]},{"@type":"ImageObject","inLanguage":"es","@id":"https:\/\/diarioellabrador.cl\/index.php\/2026\/03\/16\/hombre-salio-a-pasear-a-su-perro-y-fallecio-por-una-bala-loca-tras-enfrentamiento-de-bandas-rivales-en-puente-alto\/#primaryimage","url":"https:\/\/diarioellabrador.cl\/wp-content\/uploads\/2026\/03\/Hombre-salio-a-pasear-a-su-perro-y-fallecio-por-una-bala-loca-tras-enfrentamiento-de-bandas-rivales-en-Puente-Alto.jpg","contentUrl":"https:\/\/diarioellabrador.cl\/wp-content\/uploads\/2026\/03\/Hombre-salio-a-pasear-a-su-perro-y-fallecio-por-una-bala-loca-tras-enfrentamiento-de-bandas-rivales-en-Puente-Alto.jpg","width":750,"height":400},{"@type":"BreadcrumbList","@id":"https:\/\/diarioellabrador.cl\/index.php\/2026\/03\/16\/hombre-salio-a-pasear-a-su-perro-y-fallecio-por-una-bala-loca-tras-enfrentamiento-de-bandas-rivales-en-puente-alto\/#breadcrumb","itemListElement":[{"@type":"ListItem","position":1,"name":"Portada","item":"https:\/\/diarioellabrador.cl\/"},{"@type":"ListItem","position":2,"name":"Hombre sali\u00f3 a pasear a su perro y falleci\u00f3 por una bala loca tras enfrentamiento de bandas rivales en Puente Alto"}]},{"@type":"WebSite","@id":"https:\/\/diarioellabrador.cl\/#website","url":"https:\/\/diarioellabrador.cl\/","name":"Diario El Labrador","description":"Haciendo noticia desde 1921","publisher":{"@id":"https:\/\/diarioellabrador.cl\/#organization"},"potentialAction":[{"@type":"SearchAction","target":{"@type":"EntryPoint","urlTemplate":"https:\/\/diarioellabrador.cl\/?s={search_term_string}"},"query-input":{"@type":"PropertyValueSpecification","valueRequired":true,"valueName":"search_term_string"}}],"inLanguage":"es"},{"@type":"Organization","@id":"https:\/\/diarioellabrador.cl\/#organization","name":"Diario El Labrador","url":"https:\/\/diarioellabrador.cl\/","logo":{"@type":"ImageObject","inLanguage":"es","@id":"https:\/\/diarioellabrador.cl\/#\/schema\/logo\/image\/","url":"https:\/\/diarioellabrador.cl\/wp-content\/uploads\/2025\/02\/cropped-Logo-Icono.png","contentUrl":"https:\/\/diarioellabrador.cl\/wp-content\/uploads\/2025\/02\/cropped-Logo-Icono.png","width":512,"height":512,"caption":"Diario El Labrador"},"image":{"@id":"https:\/\/diarioellabrador.cl\/#\/schema\/logo\/image\/"},"sameAs":["https:\/\/web.facebook.com\/profile.php?id=61576120840621","https:\/\/x.com\/ElLabradorOf","https:\/\/www.instagram.com\/diarioellabradoroficial\/"]},{"@type":"Person","@id":"https:\/\/diarioellabrador.cl\/#\/schema\/person\/bc25ff80b4563f9c7f4bd7855df01685","name":"Editor","image":{"@type":"ImageObject","inLanguage":"es","@id":"https:\/\/secure.gravatar.com\/avatar\/109c326cf2be5c04f048c2c2a2b8b6ef44bf3d8d1d3d4c55d0ac40c4bc994684?s=96&d=mm&r=g","url":"https:\/\/secure.gravatar.com\/avatar\/109c326cf2be5c04f048c2c2a2b8b6ef44bf3d8d1d3d4c55d0ac40c4bc994684?s=96&d=mm&r=g","contentUrl":"https:\/\/secure.gravatar.com\/avatar\/109c326cf2be5c04f048c2c2a2b8b6ef44bf3d8d1d3d4c55d0ac40c4bc994684?s=96&d=mm&r=g","caption":"Editor"},"url":"https:\/\/diarioellabrador.cl\/index.php\/author\/editor\/"}]}},"_links":{"self":[{"href":"https:\/\/diarioellabrador.cl\/index.php\/wp-json\/wp\/v2\/posts\/16652","targetHints":{"allow":["GET"]}}],"collection":[{"href":"https:\/\/diarioellabrador.cl\/index.php\/wp-json\/wp\/v2\/posts"}],"about":[{"href":"https:\/\/diarioellabrador.cl\/index.php\/wp-json\/wp\/v2\/types\/post"}],"author":[{"embeddable":true,"href":"https:\/\/diarioellabrador.cl\/index.php\/wp-json\/wp\/v2\/users\/2"}],"replies":[{"embeddable":true,"href":"https:\/\/diarioellabrador.cl\/index.php\/wp-json\/wp\/v2\/comments?post=16652"}],"version-history":[{"count":1,"href":"https:\/\/diarioellabrador.cl\/index.php\/wp-json\/wp\/v2\/posts\/16652\/revisions"}],"predecessor-version":[{"id":16653,"href":"https:\/\/diarioellabrador.cl\/index.php\/wp-json\/wp\/v2\/posts\/16652\/revisions\/16653"}],"wp:featuredmedia":[{"embeddable":true,"href":"https:\/\/diarioellabrador.cl\/index.php\/wp-json\/wp\/v2\/media\/16625"}],"wp:attachment":[{"href":"https:\/\/diarioellabrador.cl\/index.php\/wp-json\/wp\/v2\/media?parent=16652"}],"wp:term":[{"taxonomy":"category","embeddable":true,"href":"https:\/\/diarioellabrador.cl\/index.php\/wp-json\/wp\/v2\/categories?post=16652"},{"taxonomy":"post_tag","embeddable":true,"href":"https:\/\/diarioellabrador.cl\/index.php\/wp-json\/wp\/v2\/tags?post=16652"}],"curies":[{"name":"wp","href":"https:\/\/api.w.org\/{rel}","templated":true}]}}