{"id":16650,"date":"2026-03-16T17:30:55","date_gmt":"2026-03-16T21:30:55","guid":{"rendered":"https:\/\/diarioellabrador.cl\/?p=16650"},"modified":"2026-03-16T17:30:56","modified_gmt":"2026-03-16T21:30:56","slug":"presidente-kast-llego-a-arica-para-comenzar-con-el-proyecto-plan-escudo-seguro-fronterizo","status":"publish","type":"post","link":"https:\/\/diarioellabrador.cl\/index.php\/2026\/03\/16\/presidente-kast-llego-a-arica-para-comenzar-con-el-proyecto-plan-escudo-seguro-fronterizo\/","title":{"rendered":"Presidente Kast llego a Arica para comenzar con el proyecto \u201cPlan Escudo Seguro Fronterizo\u201d"},"content":{"rendered":"\n<p>Por Johnny Ahumada Sep\u00falveda<\/p>\n\n\n\n<p>La ma\u00f1ana de este lunes el actual presidente Jos\u00e9 Antonio Kast llego a Arica para comenzar con el inicio de Plan Escudo Fronterizo, el cual busca terminar con la crisis migratoria del pa\u00eds a trav\u00e9s de barreras digitales y militares. Recordemos que esta es una de las importantes propuestas de campa\u00f1a que ten\u00eda el presidente, que est\u00e1 contenida dentro de los decretos que el mandatario firm\u00f3 el mismo 11 de marzo cuando asumi\u00f3 el poder.<\/p>\n\n\n\n<p>El despliegue hab\u00eda comenzado el viernes pasado, en el Complejo Fronterizo Chacalluta, espec\u00edficamente en la frontera entre Chile y Per\u00fa, donde se pudo observar maquinaria del ej\u00e9rcito y camiones que fueron a la frontera para iniciar la preparaci\u00f3n de las obras que ejecuta el Gobierno.<\/p>\n\n\n\n<p>Seg\u00fan fuentes nacionales, la medida ya hab\u00eda sido anunciada por Claudio Alvarado, ministro del Interior, quien en una entrevista a la televisi\u00f3n abierta en 24 Horas se\u00f1al\u00f3 que \u201clos primeros trabajos podr\u00edan comenzar esta semana, lunes o martes\u201d, iniciando as\u00ed una de las promesas de campa\u00f1a Jos\u00e9 Antonio Kast ante materia migratoria.<\/p>\n\n\n\n<p>&nbsp;Durante las efectuaciones de las obras para combatir la crisis migratoria, Orlando Vargas, alcalde de Arica, dijo estar conforme y a favor de las medidas adoptadas por el nuevo mandato, pero pidi\u00f3 que el Ejecutivo entregue informaci\u00f3n a la comunidad sobre los trabajos que se realizar\u00e1n.<\/p>\n\n\n\n<p>El Mandatario viajo junto a su ministro de Obras P\u00fablicas, Mart\u00edn Arrau. El cual ser\u00e1 parte del Comit\u00e9 de Seguridad, junto a los ministros del Interior, Justicia, Seguridad, Defensa. Adem\u00e1s, estar\u00e1 presente el general del interior de Carabineros, Marcelo Araya, y el director general de la Polic\u00eda de Investigaciones, Eduardo Cerna.<\/p>\n\n\n\n<p>En su visita, Kast visito la base militar que est\u00e1 ubicada en Playa Las Machas, en Arica, que es el centro de operaciones que tiene el Ejercito justamente para el control fronterizo, luego de eso visitar\u00e1 el Complejo Chacalluta.<\/p>\n","protected":false},"excerpt":{"rendered":"<p>Por Johnny Ahumada Sep\u00falveda La ma\u00f1ana de este lunes el actual presidente Jos\u00e9 Antonio Kast llego a Arica para comenzar con el inicio de Plan Escudo Fronterizo, el cual busca terminar con la crisis migratoria del pa\u00eds a trav\u00e9s de barreras digitales y militares. Recordemos que esta es una de las importantes propuestas de campa\u00f1a<\/p>\n<div class=\"read-more-wrapper\"><a class=\"read-more\" href=\"https:\/\/diarioellabrador.cl\/index.php\/2026\/03\/16\/presidente-kast-llego-a-arica-para-comenzar-con-el-proyecto-plan-escudo-seguro-fronterizo\/\" title=\"Leer m\u00e1s\"> <span class=\"button \">Leer m\u00e1s<\/span><\/a><\/div>\n","protected":false},"author":2,"featured_media":16626,"comment_status":"open","ping_status":"open","sticky":false,"template":"","format":"standard","meta":{"footnotes":""},"categories":[1],"tags":[],"class_list":["post-16650","post","type-post","status-publish","format-standard","has-post-thumbnail","hentry","category-cronica"],"yoast_head":"<!-- This site is optimized with the Yoast SEO plugin v27.5 - https:\/\/yoast.com\/product\/yoast-seo-wordpress\/ -->\n<title>Presidente Kast llego a Arica para comenzar con el proyecto \u201cPlan Escudo Seguro Fronterizo\u201d - Diario El Labrador<\/title>\n<meta name=\"robots\" content=\"index, follow, max-snippet:-1, max-image-preview:large, max-video-preview:-1\" \/>\n<link rel=\"canonical\" href=\"https:\/\/diarioellabrador.cl\/index.php\/2026\/03\/16\/presidente-kast-llego-a-arica-para-comenzar-con-el-proyecto-plan-escudo-seguro-fronterizo\/\" \/>\n<meta property=\"og:locale\" content=\"es_ES\" \/>\n<meta property=\"og:type\" content=\"article\" \/>\n<meta property=\"og:title\" content=\"Presidente Kast llego a Arica para comenzar con el proyecto \u201cPlan Escudo Seguro Fronterizo\u201d - Diario El Labrador\" \/>\n<meta property=\"og:description\" content=\"Por Johnny Ahumada Sep\u00falveda La ma\u00f1ana de este lunes el actual presidente Jos\u00e9 Antonio Kast llego a Arica para comenzar con el inicio de Plan Escudo Fronterizo, el cual busca terminar con la crisis migratoria del pa\u00eds a trav\u00e9s de barreras digitales y militares. Recordemos que esta es una de las importantes propuestas de campa\u00f1a Leer m\u00e1s\" \/>\n<meta property=\"og:url\" content=\"https:\/\/diarioellabrador.cl\/index.php\/2026\/03\/16\/presidente-kast-llego-a-arica-para-comenzar-con-el-proyecto-plan-escudo-seguro-fronterizo\/\" \/>\n<meta property=\"og:site_name\" content=\"Diario El Labrador\" \/>\n<meta property=\"article:publisher\" content=\"https:\/\/web.facebook.com\/profile.php?id=61576120840621\" \/>\n<meta property=\"article:published_time\" content=\"2026-03-16T21:30:55+00:00\" \/>\n<meta property=\"article:modified_time\" content=\"2026-03-16T21:30:56+00:00\" \/>\n<meta property=\"og:image\" content=\"https:\/\/diarioellabrador.cl\/wp-content\/uploads\/2026\/03\/Presidente-Kast-llego-a-Arica-para-comenzar-con-el-proyecto-Plan-Escudo-Seguro-Fronterizo.jpg\" \/>\n\t<meta property=\"og:image:width\" content=\"640\" \/>\n\t<meta property=\"og:image:height\" content=\"360\" \/>\n\t<meta property=\"og:image:type\" content=\"image\/jpeg\" \/>\n<meta name=\"author\" content=\"Editor\" \/>\n<meta name=\"twitter:card\" content=\"summary_large_image\" \/>\n<meta name=\"twitter:creator\" content=\"@ElLabradorOf\" \/>\n<meta name=\"twitter:site\" content=\"@ElLabradorOf\" \/>\n<meta name=\"twitter:label1\" content=\"Escrito por\" \/>\n\t<meta name=\"twitter:data1\" content=\"Editor\" \/>\n\t<meta name=\"twitter:label2\" content=\"Tiempo de lectura\" \/>\n\t<meta name=\"twitter:data2\" content=\"2 minutos\" \/>\n<script type=\"application\/ld+json\" class=\"yoast-schema-graph\">{\"@context\":\"https:\\\/\\\/schema.org\",\"@graph\":[{\"@type\":\"Article\",\"@id\":\"https:\\\/\\\/diarioellabrador.cl\\\/index.php\\\/2026\\\/03\\\/16\\\/presidente-kast-llego-a-arica-para-comenzar-con-el-proyecto-plan-escudo-seguro-fronterizo\\\/#article\",\"isPartOf\":{\"@id\":\"https:\\\/\\\/diarioellabrador.cl\\\/index.php\\\/2026\\\/03\\\/16\\\/presidente-kast-llego-a-arica-para-comenzar-con-el-proyecto-plan-escudo-seguro-fronterizo\\\/\"},\"author\":{\"name\":\"Editor\",\"@id\":\"https:\\\/\\\/diarioellabrador.cl\\\/#\\\/schema\\\/person\\\/bc25ff80b4563f9c7f4bd7855df01685\"},\"headline\":\"Presidente Kast llego a Arica para comenzar con el proyecto \u201cPlan Escudo Seguro Fronterizo\u201d\",\"datePublished\":\"2026-03-16T21:30:55+00:00\",\"dateModified\":\"2026-03-16T21:30:56+00:00\",\"mainEntityOfPage\":{\"@id\":\"https:\\\/\\\/diarioellabrador.cl\\\/index.php\\\/2026\\\/03\\\/16\\\/presidente-kast-llego-a-arica-para-comenzar-con-el-proyecto-plan-escudo-seguro-fronterizo\\\/\"},\"wordCount\":347,\"commentCount\":0,\"publisher\":{\"@id\":\"https:\\\/\\\/diarioellabrador.cl\\\/#organization\"},\"image\":{\"@id\":\"https:\\\/\\\/diarioellabrador.cl\\\/index.php\\\/2026\\\/03\\\/16\\\/presidente-kast-llego-a-arica-para-comenzar-con-el-proyecto-plan-escudo-seguro-fronterizo\\\/#primaryimage\"},\"thumbnailUrl\":\"https:\\\/\\\/diarioellabrador.cl\\\/wp-content\\\/uploads\\\/2026\\\/03\\\/Presidente-Kast-llego-a-Arica-para-comenzar-con-el-proyecto-Plan-Escudo-Seguro-Fronterizo.jpg\",\"articleSection\":[\"Cr\u00f3nica\"],\"inLanguage\":\"es\",\"potentialAction\":[{\"@type\":\"CommentAction\",\"name\":\"Comment\",\"target\":[\"https:\\\/\\\/diarioellabrador.cl\\\/index.php\\\/2026\\\/03\\\/16\\\/presidente-kast-llego-a-arica-para-comenzar-con-el-proyecto-plan-escudo-seguro-fronterizo\\\/#respond\"]}]},{\"@type\":\"WebPage\",\"@id\":\"https:\\\/\\\/diarioellabrador.cl\\\/index.php\\\/2026\\\/03\\\/16\\\/presidente-kast-llego-a-arica-para-comenzar-con-el-proyecto-plan-escudo-seguro-fronterizo\\\/\",\"url\":\"https:\\\/\\\/diarioellabrador.cl\\\/index.php\\\/2026\\\/03\\\/16\\\/presidente-kast-llego-a-arica-para-comenzar-con-el-proyecto-plan-escudo-seguro-fronterizo\\\/\",\"name\":\"Presidente Kast llego a Arica para comenzar con el proyecto \u201cPlan Escudo Seguro Fronterizo\u201d - Diario El Labrador\",\"isPartOf\":{\"@id\":\"https:\\\/\\\/diarioellabrador.cl\\\/#website\"},\"primaryImageOfPage\":{\"@id\":\"https:\\\/\\\/diarioellabrador.cl\\\/index.php\\\/2026\\\/03\\\/16\\\/presidente-kast-llego-a-arica-para-comenzar-con-el-proyecto-plan-escudo-seguro-fronterizo\\\/#primaryimage\"},\"image\":{\"@id\":\"https:\\\/\\\/diarioellabrador.cl\\\/index.php\\\/2026\\\/03\\\/16\\\/presidente-kast-llego-a-arica-para-comenzar-con-el-proyecto-plan-escudo-seguro-fronterizo\\\/#primaryimage\"},\"thumbnailUrl\":\"https:\\\/\\\/diarioellabrador.cl\\\/wp-content\\\/uploads\\\/2026\\\/03\\\/Presidente-Kast-llego-a-Arica-para-comenzar-con-el-proyecto-Plan-Escudo-Seguro-Fronterizo.jpg\",\"datePublished\":\"2026-03-16T21:30:55+00:00\",\"dateModified\":\"2026-03-16T21:30:56+00:00\",\"breadcrumb\":{\"@id\":\"https:\\\/\\\/diarioellabrador.cl\\\/index.php\\\/2026\\\/03\\\/16\\\/presidente-kast-llego-a-arica-para-comenzar-con-el-proyecto-plan-escudo-seguro-fronterizo\\\/#breadcrumb\"},\"inLanguage\":\"es\",\"potentialAction\":[{\"@type\":\"ReadAction\",\"target\":[\"https:\\\/\\\/diarioellabrador.cl\\\/index.php\\\/2026\\\/03\\\/16\\\/presidente-kast-llego-a-arica-para-comenzar-con-el-proyecto-plan-escudo-seguro-fronterizo\\\/\"]}]},{\"@type\":\"ImageObject\",\"inLanguage\":\"es\",\"@id\":\"https:\\\/\\\/diarioellabrador.cl\\\/index.php\\\/2026\\\/03\\\/16\\\/presidente-kast-llego-a-arica-para-comenzar-con-el-proyecto-plan-escudo-seguro-fronterizo\\\/#primaryimage\",\"url\":\"https:\\\/\\\/diarioellabrador.cl\\\/wp-content\\\/uploads\\\/2026\\\/03\\\/Presidente-Kast-llego-a-Arica-para-comenzar-con-el-proyecto-Plan-Escudo-Seguro-Fronterizo.jpg\",\"contentUrl\":\"https:\\\/\\\/diarioellabrador.cl\\\/wp-content\\\/uploads\\\/2026\\\/03\\\/Presidente-Kast-llego-a-Arica-para-comenzar-con-el-proyecto-Plan-Escudo-Seguro-Fronterizo.jpg\",\"width\":640,\"height\":360},{\"@type\":\"BreadcrumbList\",\"@id\":\"https:\\\/\\\/diarioellabrador.cl\\\/index.php\\\/2026\\\/03\\\/16\\\/presidente-kast-llego-a-arica-para-comenzar-con-el-proyecto-plan-escudo-seguro-fronterizo\\\/#breadcrumb\",\"itemListElement\":[{\"@type\":\"ListItem\",\"position\":1,\"name\":\"Portada\",\"item\":\"https:\\\/\\\/diarioellabrador.cl\\\/\"},{\"@type\":\"ListItem\",\"position\":2,\"name\":\"Presidente Kast llego a Arica para comenzar con el proyecto \u201cPlan Escudo Seguro Fronterizo\u201d\"}]},{\"@type\":\"WebSite\",\"@id\":\"https:\\\/\\\/diarioellabrador.cl\\\/#website\",\"url\":\"https:\\\/\\\/diarioellabrador.cl\\\/\",\"name\":\"Diario El Labrador\",\"description\":\"Haciendo noticia desde 1921\",\"publisher\":{\"@id\":\"https:\\\/\\\/diarioellabrador.cl\\\/#organization\"},\"potentialAction\":[{\"@type\":\"SearchAction\",\"target\":{\"@type\":\"EntryPoint\",\"urlTemplate\":\"https:\\\/\\\/diarioellabrador.cl\\\/?s={search_term_string}\"},\"query-input\":{\"@type\":\"PropertyValueSpecification\",\"valueRequired\":true,\"valueName\":\"search_term_string\"}}],\"inLanguage\":\"es\"},{\"@type\":\"Organization\",\"@id\":\"https:\\\/\\\/diarioellabrador.cl\\\/#organization\",\"name\":\"Diario El Labrador\",\"url\":\"https:\\\/\\\/diarioellabrador.cl\\\/\",\"logo\":{\"@type\":\"ImageObject\",\"inLanguage\":\"es\",\"@id\":\"https:\\\/\\\/diarioellabrador.cl\\\/#\\\/schema\\\/logo\\\/image\\\/\",\"url\":\"https:\\\/\\\/diarioellabrador.cl\\\/wp-content\\\/uploads\\\/2025\\\/02\\\/cropped-Logo-Icono.png\",\"contentUrl\":\"https:\\\/\\\/diarioellabrador.cl\\\/wp-content\\\/uploads\\\/2025\\\/02\\\/cropped-Logo-Icono.png\",\"width\":512,\"height\":512,\"caption\":\"Diario El Labrador\"},\"image\":{\"@id\":\"https:\\\/\\\/diarioellabrador.cl\\\/#\\\/schema\\\/logo\\\/image\\\/\"},\"sameAs\":[\"https:\\\/\\\/web.facebook.com\\\/profile.php?id=61576120840621\",\"https:\\\/\\\/x.com\\\/ElLabradorOf\",\"https:\\\/\\\/www.instagram.com\\\/diarioellabradoroficial\\\/\"]},{\"@type\":\"Person\",\"@id\":\"https:\\\/\\\/diarioellabrador.cl\\\/#\\\/schema\\\/person\\\/bc25ff80b4563f9c7f4bd7855df01685\",\"name\":\"Editor\",\"image\":{\"@type\":\"ImageObject\",\"inLanguage\":\"es\",\"@id\":\"https:\\\/\\\/secure.gravatar.com\\\/avatar\\\/109c326cf2be5c04f048c2c2a2b8b6ef44bf3d8d1d3d4c55d0ac40c4bc994684?s=96&d=mm&r=g\",\"url\":\"https:\\\/\\\/secure.gravatar.com\\\/avatar\\\/109c326cf2be5c04f048c2c2a2b8b6ef44bf3d8d1d3d4c55d0ac40c4bc994684?s=96&d=mm&r=g\",\"contentUrl\":\"https:\\\/\\\/secure.gravatar.com\\\/avatar\\\/109c326cf2be5c04f048c2c2a2b8b6ef44bf3d8d1d3d4c55d0ac40c4bc994684?s=96&d=mm&r=g\",\"caption\":\"Editor\"},\"url\":\"https:\\\/\\\/diarioellabrador.cl\\\/index.php\\\/author\\\/editor\\\/\"}]}<\/script>\n<!-- \/ Yoast SEO plugin. -->","yoast_head_json":{"title":"Presidente Kast llego a Arica para comenzar con el proyecto \u201cPlan Escudo Seguro Fronterizo\u201d - Diario El Labrador","robots":{"index":"index","follow":"follow","max-snippet":"max-snippet:-1","max-image-preview":"max-image-preview:large","max-video-preview":"max-video-preview:-1"},"canonical":"https:\/\/diarioellabrador.cl\/index.php\/2026\/03\/16\/presidente-kast-llego-a-arica-para-comenzar-con-el-proyecto-plan-escudo-seguro-fronterizo\/","og_locale":"es_ES","og_type":"article","og_title":"Presidente Kast llego a Arica para comenzar con el proyecto \u201cPlan Escudo Seguro Fronterizo\u201d - Diario El Labrador","og_description":"Por Johnny Ahumada Sep\u00falveda La ma\u00f1ana de este lunes el actual presidente Jos\u00e9 Antonio Kast llego a Arica para comenzar con el inicio de Plan Escudo Fronterizo, el cual busca terminar con la crisis migratoria del pa\u00eds a trav\u00e9s de barreras digitales y militares. Recordemos que esta es una de las importantes propuestas de campa\u00f1a Leer m\u00e1s","og_url":"https:\/\/diarioellabrador.cl\/index.php\/2026\/03\/16\/presidente-kast-llego-a-arica-para-comenzar-con-el-proyecto-plan-escudo-seguro-fronterizo\/","og_site_name":"Diario El Labrador","article_publisher":"https:\/\/web.facebook.com\/profile.php?id=61576120840621","article_published_time":"2026-03-16T21:30:55+00:00","article_modified_time":"2026-03-16T21:30:56+00:00","og_image":[{"width":640,"height":360,"url":"https:\/\/diarioellabrador.cl\/wp-content\/uploads\/2026\/03\/Presidente-Kast-llego-a-Arica-para-comenzar-con-el-proyecto-Plan-Escudo-Seguro-Fronterizo.jpg","type":"image\/jpeg"}],"author":"Editor","twitter_card":"summary_large_image","twitter_creator":"@ElLabradorOf","twitter_site":"@ElLabradorOf","twitter_misc":{"Escrito por":"Editor","Tiempo de lectura":"2 minutos"},"schema":{"@context":"https:\/\/schema.org","@graph":[{"@type":"Article","@id":"https:\/\/diarioellabrador.cl\/index.php\/2026\/03\/16\/presidente-kast-llego-a-arica-para-comenzar-con-el-proyecto-plan-escudo-seguro-fronterizo\/#article","isPartOf":{"@id":"https:\/\/diarioellabrador.cl\/index.php\/2026\/03\/16\/presidente-kast-llego-a-arica-para-comenzar-con-el-proyecto-plan-escudo-seguro-fronterizo\/"},"author":{"name":"Editor","@id":"https:\/\/diarioellabrador.cl\/#\/schema\/person\/bc25ff80b4563f9c7f4bd7855df01685"},"headline":"Presidente Kast llego a Arica para comenzar con el proyecto \u201cPlan Escudo Seguro Fronterizo\u201d","datePublished":"2026-03-16T21:30:55+00:00","dateModified":"2026-03-16T21:30:56+00:00","mainEntityOfPage":{"@id":"https:\/\/diarioellabrador.cl\/index.php\/2026\/03\/16\/presidente-kast-llego-a-arica-para-comenzar-con-el-proyecto-plan-escudo-seguro-fronterizo\/"},"wordCount":347,"commentCount":0,"publisher":{"@id":"https:\/\/diarioellabrador.cl\/#organization"},"image":{"@id":"https:\/\/diarioellabrador.cl\/index.php\/2026\/03\/16\/presidente-kast-llego-a-arica-para-comenzar-con-el-proyecto-plan-escudo-seguro-fronterizo\/#primaryimage"},"thumbnailUrl":"https:\/\/diarioellabrador.cl\/wp-content\/uploads\/2026\/03\/Presidente-Kast-llego-a-Arica-para-comenzar-con-el-proyecto-Plan-Escudo-Seguro-Fronterizo.jpg","articleSection":["Cr\u00f3nica"],"inLanguage":"es","potentialAction":[{"@type":"CommentAction","name":"Comment","target":["https:\/\/diarioellabrador.cl\/index.php\/2026\/03\/16\/presidente-kast-llego-a-arica-para-comenzar-con-el-proyecto-plan-escudo-seguro-fronterizo\/#respond"]}]},{"@type":"WebPage","@id":"https:\/\/diarioellabrador.cl\/index.php\/2026\/03\/16\/presidente-kast-llego-a-arica-para-comenzar-con-el-proyecto-plan-escudo-seguro-fronterizo\/","url":"https:\/\/diarioellabrador.cl\/index.php\/2026\/03\/16\/presidente-kast-llego-a-arica-para-comenzar-con-el-proyecto-plan-escudo-seguro-fronterizo\/","name":"Presidente Kast llego a Arica para comenzar con el proyecto \u201cPlan Escudo Seguro Fronterizo\u201d - Diario El Labrador","isPartOf":{"@id":"https:\/\/diarioellabrador.cl\/#website"},"primaryImageOfPage":{"@id":"https:\/\/diarioellabrador.cl\/index.php\/2026\/03\/16\/presidente-kast-llego-a-arica-para-comenzar-con-el-proyecto-plan-escudo-seguro-fronterizo\/#primaryimage"},"image":{"@id":"https:\/\/diarioellabrador.cl\/index.php\/2026\/03\/16\/presidente-kast-llego-a-arica-para-comenzar-con-el-proyecto-plan-escudo-seguro-fronterizo\/#primaryimage"},"thumbnailUrl":"https:\/\/diarioellabrador.cl\/wp-content\/uploads\/2026\/03\/Presidente-Kast-llego-a-Arica-para-comenzar-con-el-proyecto-Plan-Escudo-Seguro-Fronterizo.jpg","datePublished":"2026-03-16T21:30:55+00:00","dateModified":"2026-03-16T21:30:56+00:00","breadcrumb":{"@id":"https:\/\/diarioellabrador.cl\/index.php\/2026\/03\/16\/presidente-kast-llego-a-arica-para-comenzar-con-el-proyecto-plan-escudo-seguro-fronterizo\/#breadcrumb"},"inLanguage":"es","potentialAction":[{"@type":"ReadAction","target":["https:\/\/diarioellabrador.cl\/index.php\/2026\/03\/16\/presidente-kast-llego-a-arica-para-comenzar-con-el-proyecto-plan-escudo-seguro-fronterizo\/"]}]},{"@type":"ImageObject","inLanguage":"es","@id":"https:\/\/diarioellabrador.cl\/index.php\/2026\/03\/16\/presidente-kast-llego-a-arica-para-comenzar-con-el-proyecto-plan-escudo-seguro-fronterizo\/#primaryimage","url":"https:\/\/diarioellabrador.cl\/wp-content\/uploads\/2026\/03\/Presidente-Kast-llego-a-Arica-para-comenzar-con-el-proyecto-Plan-Escudo-Seguro-Fronterizo.jpg","contentUrl":"https:\/\/diarioellabrador.cl\/wp-content\/uploads\/2026\/03\/Presidente-Kast-llego-a-Arica-para-comenzar-con-el-proyecto-Plan-Escudo-Seguro-Fronterizo.jpg","width":640,"height":360},{"@type":"BreadcrumbList","@id":"https:\/\/diarioellabrador.cl\/index.php\/2026\/03\/16\/presidente-kast-llego-a-arica-para-comenzar-con-el-proyecto-plan-escudo-seguro-fronterizo\/#breadcrumb","itemListElement":[{"@type":"ListItem","position":1,"name":"Portada","item":"https:\/\/diarioellabrador.cl\/"},{"@type":"ListItem","position":2,"name":"Presidente Kast llego a Arica para comenzar con el proyecto \u201cPlan Escudo Seguro Fronterizo\u201d"}]},{"@type":"WebSite","@id":"https:\/\/diarioellabrador.cl\/#website","url":"https:\/\/diarioellabrador.cl\/","name":"Diario El Labrador","description":"Haciendo noticia desde 1921","publisher":{"@id":"https:\/\/diarioellabrador.cl\/#organization"},"potentialAction":[{"@type":"SearchAction","target":{"@type":"EntryPoint","urlTemplate":"https:\/\/diarioellabrador.cl\/?s={search_term_string}"},"query-input":{"@type":"PropertyValueSpecification","valueRequired":true,"valueName":"search_term_string"}}],"inLanguage":"es"},{"@type":"Organization","@id":"https:\/\/diarioellabrador.cl\/#organization","name":"Diario El Labrador","url":"https:\/\/diarioellabrador.cl\/","logo":{"@type":"ImageObject","inLanguage":"es","@id":"https:\/\/diarioellabrador.cl\/#\/schema\/logo\/image\/","url":"https:\/\/diarioellabrador.cl\/wp-content\/uploads\/2025\/02\/cropped-Logo-Icono.png","contentUrl":"https:\/\/diarioellabrador.cl\/wp-content\/uploads\/2025\/02\/cropped-Logo-Icono.png","width":512,"height":512,"caption":"Diario El Labrador"},"image":{"@id":"https:\/\/diarioellabrador.cl\/#\/schema\/logo\/image\/"},"sameAs":["https:\/\/web.facebook.com\/profile.php?id=61576120840621","https:\/\/x.com\/ElLabradorOf","https:\/\/www.instagram.com\/diarioellabradoroficial\/"]},{"@type":"Person","@id":"https:\/\/diarioellabrador.cl\/#\/schema\/person\/bc25ff80b4563f9c7f4bd7855df01685","name":"Editor","image":{"@type":"ImageObject","inLanguage":"es","@id":"https:\/\/secure.gravatar.com\/avatar\/109c326cf2be5c04f048c2c2a2b8b6ef44bf3d8d1d3d4c55d0ac40c4bc994684?s=96&d=mm&r=g","url":"https:\/\/secure.gravatar.com\/avatar\/109c326cf2be5c04f048c2c2a2b8b6ef44bf3d8d1d3d4c55d0ac40c4bc994684?s=96&d=mm&r=g","contentUrl":"https:\/\/secure.gravatar.com\/avatar\/109c326cf2be5c04f048c2c2a2b8b6ef44bf3d8d1d3d4c55d0ac40c4bc994684?s=96&d=mm&r=g","caption":"Editor"},"url":"https:\/\/diarioellabrador.cl\/index.php\/author\/editor\/"}]}},"_links":{"self":[{"href":"https:\/\/diarioellabrador.cl\/index.php\/wp-json\/wp\/v2\/posts\/16650","targetHints":{"allow":["GET"]}}],"collection":[{"href":"https:\/\/diarioellabrador.cl\/index.php\/wp-json\/wp\/v2\/posts"}],"about":[{"href":"https:\/\/diarioellabrador.cl\/index.php\/wp-json\/wp\/v2\/types\/post"}],"author":[{"embeddable":true,"href":"https:\/\/diarioellabrador.cl\/index.php\/wp-json\/wp\/v2\/users\/2"}],"replies":[{"embeddable":true,"href":"https:\/\/diarioellabrador.cl\/index.php\/wp-json\/wp\/v2\/comments?post=16650"}],"version-history":[{"count":1,"href":"https:\/\/diarioellabrador.cl\/index.php\/wp-json\/wp\/v2\/posts\/16650\/revisions"}],"predecessor-version":[{"id":16651,"href":"https:\/\/diarioellabrador.cl\/index.php\/wp-json\/wp\/v2\/posts\/16650\/revisions\/16651"}],"wp:featuredmedia":[{"embeddable":true,"href":"https:\/\/diarioellabrador.cl\/index.php\/wp-json\/wp\/v2\/media\/16626"}],"wp:attachment":[{"href":"https:\/\/diarioellabrador.cl\/index.php\/wp-json\/wp\/v2\/media?parent=16650"}],"wp:term":[{"taxonomy":"category","embeddable":true,"href":"https:\/\/diarioellabrador.cl\/index.php\/wp-json\/wp\/v2\/categories?post=16650"},{"taxonomy":"post_tag","embeddable":true,"href":"https:\/\/diarioellabrador.cl\/index.php\/wp-json\/wp\/v2\/tags?post=16650"}],"curies":[{"name":"wp","href":"https:\/\/api.w.org\/{rel}","templated":true}]}}