{"id":16648,"date":"2026-03-16T17:30:21","date_gmt":"2026-03-16T21:30:21","guid":{"rendered":"https:\/\/diarioellabrador.cl\/?p=16648"},"modified":"2026-03-16T17:30:23","modified_gmt":"2026-03-16T21:30:23","slug":"gaston-libuy-loyola-asume-como-delegado-presidencial-provincial-de-melipilla-y-sostiene-primer-encuentro-de-trabajo-con-autoridades-y-servicios-publicos","status":"publish","type":"post","link":"https:\/\/diarioellabrador.cl\/index.php\/2026\/03\/16\/gaston-libuy-loyola-asume-como-delegado-presidencial-provincial-de-melipilla-y-sostiene-primer-encuentro-de-trabajo-con-autoridades-y-servicios-publicos\/","title":{"rendered":"Gast\u00f3n Libuy Loyola asume como Delegado Presidencial Provincial de Melipilla y sostiene primer encuentro de trabajo con autoridades y servicios p\u00fablicos"},"content":{"rendered":"\n<ul class=\"wp-block-list\">\n<li><strong>En la jornada de trabajo participaron autoridades parlamentarias, comunales, provinciales y jefes de servicios p\u00fablicos, instancia en la que se coordinaron las agendas en materias de seguridad y desarrollo para la provincia.<\/strong><\/li>\n<\/ul>\n\n\n\n<p>En el frontis de Delegaci\u00f3n Presidencial Provincial de Melipilla se realiz\u00f3 la ceremonia oficial de toma de mando del nuevo Delegado Presidencial Provincial, Gast\u00f3n Libuy Loyola, quien asumi\u00f3 sus funciones tras ser designado por el Presidente de la Rep\u00fablica, Jos\u00e9 Antonio Kast.<\/p>\n\n\n\n<p>La actividad cont\u00f3 con la presencia de diversas autoridades del territorio, entre ellas los diputados de la Rep\u00fablica Jaime Coloma y Diego Vergara, adem\u00e1s de la alcaldesa de Melipilla, Paula G\u00e1rate; la alcaldesa de Alhu\u00e9, Marcela Chamorro; el Prefecto de la Prefectura Costa, Coronel Cristian Mattus; el jefe de la Brigada de Polic\u00eda de Investigaciones de la provincia, Francisco Letelier; el Comisario de la 24\u00b0 Comisar\u00eda de Melipilla, Mayor Claudio Escobar; el Capit\u00e1n Juan Pablo Ocampo, Subcomisario Administrativo de la. 63\u00aa Comisar\u00eda de Curacav\u00ed; adem\u00e1s de representantes de los municipios de San Pedro y Mar\u00eda Pinto; el p\u00e1rroco de la Parroquia San Jos\u00e9 Catedral de Melipilla, padre V\u00edctor Fern\u00e1ndez; adem\u00e1s de concejales, jefes de servicios p\u00fablicos y funcionarios de delegaci\u00f3n.<\/p>\n\n\n\n<p>Tras la ceremonia, el Delegado Presidencial Provincial de Melipilla, Gast\u00f3n Libuy Loyola, agradeci\u00f3 la confianza depositada por el Presidente de la Rep\u00fablica y destac\u00f3 la importancia del trabajo coordinado entre las distintas instituciones del Estado y las autoridades del territorio.<\/p>\n\n\n\n<p>\u201cHay mucho trabajo&nbsp; que hacer, la gesti\u00f3n va a ser 24\/7 y muy intensa, y este inicio de semana lo he querido aprovechar para invitar a todos los jefes de servicio y estar al tanto de todas las materias pendientes y d\u00f3nde est\u00e1n los cuellos de botella que podemos destrabar m\u00e1s r\u00e1pidos. Tambi\u00e9n he querido invitar a las polic\u00edas, para tener un diagn\u00f3stico claro de la situaci\u00f3n que est\u00e1 pasando en la provincia en materia de seguridad, y dar las directrices de cu\u00e1l ser\u00e1 la prioridad y primeros factores a atacar este primer mes\u201d, agregando estar \u201ccontento de trabajar por mi provincia. Soy melipillano, amo esta ciudad y mi familia es de la zona\u201d, manifest\u00f3.<\/p>\n\n\n\n<p>Por su parte, el diputado Jaime Coloma, valor\u00f3 la instancia. \u201cFelices, creo que Melipilla tiene un gran delegado, un delegado que se la jugar\u00e1 por atacar la delincuencia, por mantener el orden y la paz, no s\u00f3lo en la comuna de Melipilla, sino que en la provincia. Destacar el alto respaldo, no solamente de parlamentarios de Chile Vamos, sino que tambi\u00e9n del partido Republicano, con palabras de aliento hacia lo que viene. Esta gesti\u00f3n estar\u00e1 marcada por el apoyo de los alcaldes, sobre todo el apoyo y seguridad de la comuna y provincia\u201d.<\/p>\n\n\n\n<p>Paralelamente, el diputado Diego Vergara, agreg\u00f3 que \u201cDeb\u00edamos estar como diputados, hoy estamos en d\u00eda distrital y no hubo congreso, por lo tanto estamos recorriendo las delegaciones, partiendo hoy por Melipilla, luego Talagante y terminaremos en el Maipo en un rato m\u00e1s. Es muy importante respaldarnos entre todos, somos Gobierno, somos uni\u00f3n, y eso es lo primordial para trabajar, porque lo principal es la gente\u201d.<\/p>\n\n\n\n<p>La alcaldesa de Melipilla, Paula G\u00e1rate, expuso que \u201cGast\u00f3n es un profesional, \u00e9l fue consejero regional. Todos lo conocemos tambi\u00e9n por su trabajo en la propia delegaci\u00f3n, y creo es el paso l\u00f3gico de alguien que se ha ganado esto con esfuerzo, con cari\u00f1o, poniendo los intereses del Gobierno del Presidente Kast, de Chile y la Provincia de Melipilla por sobre cualquier otra cosa. Hemos visto que han venido de todas las comunas, han enviado representantes, en un claro apoyo\u201d, destacando que \u201cDelegaci\u00f3n Presidencial Provincial es quien articula a los municipios con el Gobierno central, por tanto, es muy importante que vaya tomando posici\u00f3n. Ya tiene trabajo adelantado, conoce la org\u00e1nica interna de la administraci\u00f3n del Estado y conoce los servicios p\u00fablicos\u201d, puntualiz\u00f3.<\/p>\n","protected":false},"excerpt":{"rendered":"<p>En el frontis de Delegaci\u00f3n Presidencial Provincial de Melipilla se realiz\u00f3 la ceremonia oficial de toma de mando del nuevo Delegado Presidencial Provincial, Gast\u00f3n Libuy Loyola, quien asumi\u00f3 sus funciones tras ser designado por el Presidente de la Rep\u00fablica, Jos\u00e9 Antonio Kast. La actividad cont\u00f3 con la presencia de diversas autoridades del territorio, entre ellas<\/p>\n<div class=\"read-more-wrapper\"><a class=\"read-more\" href=\"https:\/\/diarioellabrador.cl\/index.php\/2026\/03\/16\/gaston-libuy-loyola-asume-como-delegado-presidencial-provincial-de-melipilla-y-sostiene-primer-encuentro-de-trabajo-con-autoridades-y-servicios-publicos\/\" title=\"Leer m\u00e1s\"> <span class=\"button \">Leer m\u00e1s<\/span><\/a><\/div>\n","protected":false},"author":2,"featured_media":16621,"comment_status":"open","ping_status":"open","sticky":false,"template":"","format":"standard","meta":{"footnotes":""},"categories":[1,14],"tags":[],"class_list":["post-16648","post","type-post","status-publish","format-standard","has-post-thumbnail","hentry","category-cronica","category-destacados"],"yoast_head":"<!-- This site is optimized with the Yoast SEO plugin v27.5 - https:\/\/yoast.com\/product\/yoast-seo-wordpress\/ -->\n<title>Gast\u00f3n Libuy Loyola asume como Delegado Presidencial Provincial de Melipilla y sostiene primer encuentro de trabajo con autoridades y servicios p\u00fablicos - Diario El Labrador<\/title>\n<meta name=\"robots\" content=\"index, follow, max-snippet:-1, max-image-preview:large, max-video-preview:-1\" \/>\n<link rel=\"canonical\" href=\"https:\/\/diarioellabrador.cl\/index.php\/2026\/03\/16\/gaston-libuy-loyola-asume-como-delegado-presidencial-provincial-de-melipilla-y-sostiene-primer-encuentro-de-trabajo-con-autoridades-y-servicios-publicos\/\" \/>\n<meta property=\"og:locale\" content=\"es_ES\" \/>\n<meta property=\"og:type\" content=\"article\" \/>\n<meta property=\"og:title\" content=\"Gast\u00f3n Libuy Loyola asume como Delegado Presidencial Provincial de Melipilla y sostiene primer encuentro de trabajo con autoridades y servicios p\u00fablicos - Diario El Labrador\" \/>\n<meta property=\"og:description\" content=\"En el frontis de Delegaci\u00f3n Presidencial Provincial de Melipilla se realiz\u00f3 la ceremonia oficial de toma de mando del nuevo Delegado Presidencial Provincial, Gast\u00f3n Libuy Loyola, quien asumi\u00f3 sus funciones tras ser designado por el Presidente de la Rep\u00fablica, Jos\u00e9 Antonio Kast. La actividad cont\u00f3 con la presencia de diversas autoridades del territorio, entre ellas Leer m\u00e1s\" \/>\n<meta property=\"og:url\" content=\"https:\/\/diarioellabrador.cl\/index.php\/2026\/03\/16\/gaston-libuy-loyola-asume-como-delegado-presidencial-provincial-de-melipilla-y-sostiene-primer-encuentro-de-trabajo-con-autoridades-y-servicios-publicos\/\" \/>\n<meta property=\"og:site_name\" content=\"Diario El Labrador\" \/>\n<meta property=\"article:publisher\" content=\"https:\/\/web.facebook.com\/profile.php?id=61576120840621\" \/>\n<meta property=\"article:published_time\" content=\"2026-03-16T21:30:21+00:00\" \/>\n<meta property=\"article:modified_time\" content=\"2026-03-16T21:30:23+00:00\" \/>\n<meta property=\"og:image\" content=\"https:\/\/diarioellabrador.cl\/wp-content\/uploads\/2026\/03\/Gaston-Libuy-Loyola-asume-como-Delegado-Presidencial-Provincial-de-Melipilla-y-sostiene-primer-encuentro-de-trabajo-con-autoridades-y-servicios-publicos-3-scaled.jpeg\" \/>\n\t<meta property=\"og:image:width\" content=\"2560\" \/>\n\t<meta property=\"og:image:height\" content=\"1920\" \/>\n\t<meta property=\"og:image:type\" content=\"image\/jpeg\" \/>\n<meta name=\"author\" content=\"Editor\" \/>\n<meta name=\"twitter:card\" content=\"summary_large_image\" \/>\n<meta name=\"twitter:creator\" content=\"@ElLabradorOf\" \/>\n<meta name=\"twitter:site\" content=\"@ElLabradorOf\" \/>\n<meta name=\"twitter:label1\" content=\"Escrito por\" \/>\n\t<meta name=\"twitter:data1\" content=\"Editor\" \/>\n\t<meta name=\"twitter:label2\" content=\"Tiempo de lectura\" \/>\n\t<meta name=\"twitter:data2\" content=\"4 minutos\" \/>\n<script type=\"application\/ld+json\" class=\"yoast-schema-graph\">{\"@context\":\"https:\\\/\\\/schema.org\",\"@graph\":[{\"@type\":\"Article\",\"@id\":\"https:\\\/\\\/diarioellabrador.cl\\\/index.php\\\/2026\\\/03\\\/16\\\/gaston-libuy-loyola-asume-como-delegado-presidencial-provincial-de-melipilla-y-sostiene-primer-encuentro-de-trabajo-con-autoridades-y-servicios-publicos\\\/#article\",\"isPartOf\":{\"@id\":\"https:\\\/\\\/diarioellabrador.cl\\\/index.php\\\/2026\\\/03\\\/16\\\/gaston-libuy-loyola-asume-como-delegado-presidencial-provincial-de-melipilla-y-sostiene-primer-encuentro-de-trabajo-con-autoridades-y-servicios-publicos\\\/\"},\"author\":{\"name\":\"Editor\",\"@id\":\"https:\\\/\\\/diarioellabrador.cl\\\/#\\\/schema\\\/person\\\/bc25ff80b4563f9c7f4bd7855df01685\"},\"headline\":\"Gast\u00f3n Libuy Loyola asume como Delegado Presidencial Provincial de Melipilla y sostiene primer encuentro de trabajo con autoridades y servicios p\u00fablicos\",\"datePublished\":\"2026-03-16T21:30:21+00:00\",\"dateModified\":\"2026-03-16T21:30:23+00:00\",\"mainEntityOfPage\":{\"@id\":\"https:\\\/\\\/diarioellabrador.cl\\\/index.php\\\/2026\\\/03\\\/16\\\/gaston-libuy-loyola-asume-como-delegado-presidencial-provincial-de-melipilla-y-sostiene-primer-encuentro-de-trabajo-con-autoridades-y-servicios-publicos\\\/\"},\"wordCount\":700,\"commentCount\":0,\"publisher\":{\"@id\":\"https:\\\/\\\/diarioellabrador.cl\\\/#organization\"},\"image\":{\"@id\":\"https:\\\/\\\/diarioellabrador.cl\\\/index.php\\\/2026\\\/03\\\/16\\\/gaston-libuy-loyola-asume-como-delegado-presidencial-provincial-de-melipilla-y-sostiene-primer-encuentro-de-trabajo-con-autoridades-y-servicios-publicos\\\/#primaryimage\"},\"thumbnailUrl\":\"https:\\\/\\\/diarioellabrador.cl\\\/wp-content\\\/uploads\\\/2026\\\/03\\\/Gaston-Libuy-Loyola-asume-como-Delegado-Presidencial-Provincial-de-Melipilla-y-sostiene-primer-encuentro-de-trabajo-con-autoridades-y-servicios-publicos-3-scaled.jpeg\",\"articleSection\":[\"Cr\u00f3nica\",\"Destacados\"],\"inLanguage\":\"es\",\"potentialAction\":[{\"@type\":\"CommentAction\",\"name\":\"Comment\",\"target\":[\"https:\\\/\\\/diarioellabrador.cl\\\/index.php\\\/2026\\\/03\\\/16\\\/gaston-libuy-loyola-asume-como-delegado-presidencial-provincial-de-melipilla-y-sostiene-primer-encuentro-de-trabajo-con-autoridades-y-servicios-publicos\\\/#respond\"]}]},{\"@type\":\"WebPage\",\"@id\":\"https:\\\/\\\/diarioellabrador.cl\\\/index.php\\\/2026\\\/03\\\/16\\\/gaston-libuy-loyola-asume-como-delegado-presidencial-provincial-de-melipilla-y-sostiene-primer-encuentro-de-trabajo-con-autoridades-y-servicios-publicos\\\/\",\"url\":\"https:\\\/\\\/diarioellabrador.cl\\\/index.php\\\/2026\\\/03\\\/16\\\/gaston-libuy-loyola-asume-como-delegado-presidencial-provincial-de-melipilla-y-sostiene-primer-encuentro-de-trabajo-con-autoridades-y-servicios-publicos\\\/\",\"name\":\"Gast\u00f3n Libuy Loyola asume como Delegado Presidencial Provincial de Melipilla y sostiene primer encuentro de trabajo con autoridades y servicios p\u00fablicos - Diario El Labrador\",\"isPartOf\":{\"@id\":\"https:\\\/\\\/diarioellabrador.cl\\\/#website\"},\"primaryImageOfPage\":{\"@id\":\"https:\\\/\\\/diarioellabrador.cl\\\/index.php\\\/2026\\\/03\\\/16\\\/gaston-libuy-loyola-asume-como-delegado-presidencial-provincial-de-melipilla-y-sostiene-primer-encuentro-de-trabajo-con-autoridades-y-servicios-publicos\\\/#primaryimage\"},\"image\":{\"@id\":\"https:\\\/\\\/diarioellabrador.cl\\\/index.php\\\/2026\\\/03\\\/16\\\/gaston-libuy-loyola-asume-como-delegado-presidencial-provincial-de-melipilla-y-sostiene-primer-encuentro-de-trabajo-con-autoridades-y-servicios-publicos\\\/#primaryimage\"},\"thumbnailUrl\":\"https:\\\/\\\/diarioellabrador.cl\\\/wp-content\\\/uploads\\\/2026\\\/03\\\/Gaston-Libuy-Loyola-asume-como-Delegado-Presidencial-Provincial-de-Melipilla-y-sostiene-primer-encuentro-de-trabajo-con-autoridades-y-servicios-publicos-3-scaled.jpeg\",\"datePublished\":\"2026-03-16T21:30:21+00:00\",\"dateModified\":\"2026-03-16T21:30:23+00:00\",\"breadcrumb\":{\"@id\":\"https:\\\/\\\/diarioellabrador.cl\\\/index.php\\\/2026\\\/03\\\/16\\\/gaston-libuy-loyola-asume-como-delegado-presidencial-provincial-de-melipilla-y-sostiene-primer-encuentro-de-trabajo-con-autoridades-y-servicios-publicos\\\/#breadcrumb\"},\"inLanguage\":\"es\",\"potentialAction\":[{\"@type\":\"ReadAction\",\"target\":[\"https:\\\/\\\/diarioellabrador.cl\\\/index.php\\\/2026\\\/03\\\/16\\\/gaston-libuy-loyola-asume-como-delegado-presidencial-provincial-de-melipilla-y-sostiene-primer-encuentro-de-trabajo-con-autoridades-y-servicios-publicos\\\/\"]}]},{\"@type\":\"ImageObject\",\"inLanguage\":\"es\",\"@id\":\"https:\\\/\\\/diarioellabrador.cl\\\/index.php\\\/2026\\\/03\\\/16\\\/gaston-libuy-loyola-asume-como-delegado-presidencial-provincial-de-melipilla-y-sostiene-primer-encuentro-de-trabajo-con-autoridades-y-servicios-publicos\\\/#primaryimage\",\"url\":\"https:\\\/\\\/diarioellabrador.cl\\\/wp-content\\\/uploads\\\/2026\\\/03\\\/Gaston-Libuy-Loyola-asume-como-Delegado-Presidencial-Provincial-de-Melipilla-y-sostiene-primer-encuentro-de-trabajo-con-autoridades-y-servicios-publicos-3-scaled.jpeg\",\"contentUrl\":\"https:\\\/\\\/diarioellabrador.cl\\\/wp-content\\\/uploads\\\/2026\\\/03\\\/Gaston-Libuy-Loyola-asume-como-Delegado-Presidencial-Provincial-de-Melipilla-y-sostiene-primer-encuentro-de-trabajo-con-autoridades-y-servicios-publicos-3-scaled.jpeg\",\"width\":2560,\"height\":1920},{\"@type\":\"BreadcrumbList\",\"@id\":\"https:\\\/\\\/diarioellabrador.cl\\\/index.php\\\/2026\\\/03\\\/16\\\/gaston-libuy-loyola-asume-como-delegado-presidencial-provincial-de-melipilla-y-sostiene-primer-encuentro-de-trabajo-con-autoridades-y-servicios-publicos\\\/#breadcrumb\",\"itemListElement\":[{\"@type\":\"ListItem\",\"position\":1,\"name\":\"Portada\",\"item\":\"https:\\\/\\\/diarioellabrador.cl\\\/\"},{\"@type\":\"ListItem\",\"position\":2,\"name\":\"Gast\u00f3n Libuy Loyola asume como Delegado Presidencial Provincial de Melipilla y sostiene primer encuentro de trabajo con autoridades y servicios p\u00fablicos\"}]},{\"@type\":\"WebSite\",\"@id\":\"https:\\\/\\\/diarioellabrador.cl\\\/#website\",\"url\":\"https:\\\/\\\/diarioellabrador.cl\\\/\",\"name\":\"Diario El Labrador\",\"description\":\"Haciendo noticia desde 1921\",\"publisher\":{\"@id\":\"https:\\\/\\\/diarioellabrador.cl\\\/#organization\"},\"potentialAction\":[{\"@type\":\"SearchAction\",\"target\":{\"@type\":\"EntryPoint\",\"urlTemplate\":\"https:\\\/\\\/diarioellabrador.cl\\\/?s={search_term_string}\"},\"query-input\":{\"@type\":\"PropertyValueSpecification\",\"valueRequired\":true,\"valueName\":\"search_term_string\"}}],\"inLanguage\":\"es\"},{\"@type\":\"Organization\",\"@id\":\"https:\\\/\\\/diarioellabrador.cl\\\/#organization\",\"name\":\"Diario El Labrador\",\"url\":\"https:\\\/\\\/diarioellabrador.cl\\\/\",\"logo\":{\"@type\":\"ImageObject\",\"inLanguage\":\"es\",\"@id\":\"https:\\\/\\\/diarioellabrador.cl\\\/#\\\/schema\\\/logo\\\/image\\\/\",\"url\":\"https:\\\/\\\/diarioellabrador.cl\\\/wp-content\\\/uploads\\\/2025\\\/02\\\/cropped-Logo-Icono.png\",\"contentUrl\":\"https:\\\/\\\/diarioellabrador.cl\\\/wp-content\\\/uploads\\\/2025\\\/02\\\/cropped-Logo-Icono.png\",\"width\":512,\"height\":512,\"caption\":\"Diario El Labrador\"},\"image\":{\"@id\":\"https:\\\/\\\/diarioellabrador.cl\\\/#\\\/schema\\\/logo\\\/image\\\/\"},\"sameAs\":[\"https:\\\/\\\/web.facebook.com\\\/profile.php?id=61576120840621\",\"https:\\\/\\\/x.com\\\/ElLabradorOf\",\"https:\\\/\\\/www.instagram.com\\\/diarioellabradoroficial\\\/\"]},{\"@type\":\"Person\",\"@id\":\"https:\\\/\\\/diarioellabrador.cl\\\/#\\\/schema\\\/person\\\/bc25ff80b4563f9c7f4bd7855df01685\",\"name\":\"Editor\",\"image\":{\"@type\":\"ImageObject\",\"inLanguage\":\"es\",\"@id\":\"https:\\\/\\\/secure.gravatar.com\\\/avatar\\\/109c326cf2be5c04f048c2c2a2b8b6ef44bf3d8d1d3d4c55d0ac40c4bc994684?s=96&d=mm&r=g\",\"url\":\"https:\\\/\\\/secure.gravatar.com\\\/avatar\\\/109c326cf2be5c04f048c2c2a2b8b6ef44bf3d8d1d3d4c55d0ac40c4bc994684?s=96&d=mm&r=g\",\"contentUrl\":\"https:\\\/\\\/secure.gravatar.com\\\/avatar\\\/109c326cf2be5c04f048c2c2a2b8b6ef44bf3d8d1d3d4c55d0ac40c4bc994684?s=96&d=mm&r=g\",\"caption\":\"Editor\"},\"url\":\"https:\\\/\\\/diarioellabrador.cl\\\/index.php\\\/author\\\/editor\\\/\"}]}<\/script>\n<!-- \/ Yoast SEO plugin. -->","yoast_head_json":{"title":"Gast\u00f3n Libuy Loyola asume como Delegado Presidencial Provincial de Melipilla y sostiene primer encuentro de trabajo con autoridades y servicios p\u00fablicos - Diario El Labrador","robots":{"index":"index","follow":"follow","max-snippet":"max-snippet:-1","max-image-preview":"max-image-preview:large","max-video-preview":"max-video-preview:-1"},"canonical":"https:\/\/diarioellabrador.cl\/index.php\/2026\/03\/16\/gaston-libuy-loyola-asume-como-delegado-presidencial-provincial-de-melipilla-y-sostiene-primer-encuentro-de-trabajo-con-autoridades-y-servicios-publicos\/","og_locale":"es_ES","og_type":"article","og_title":"Gast\u00f3n Libuy Loyola asume como Delegado Presidencial Provincial de Melipilla y sostiene primer encuentro de trabajo con autoridades y servicios p\u00fablicos - Diario El Labrador","og_description":"En el frontis de Delegaci\u00f3n Presidencial Provincial de Melipilla se realiz\u00f3 la ceremonia oficial de toma de mando del nuevo Delegado Presidencial Provincial, Gast\u00f3n Libuy Loyola, quien asumi\u00f3 sus funciones tras ser designado por el Presidente de la Rep\u00fablica, Jos\u00e9 Antonio Kast. La actividad cont\u00f3 con la presencia de diversas autoridades del territorio, entre ellas Leer m\u00e1s","og_url":"https:\/\/diarioellabrador.cl\/index.php\/2026\/03\/16\/gaston-libuy-loyola-asume-como-delegado-presidencial-provincial-de-melipilla-y-sostiene-primer-encuentro-de-trabajo-con-autoridades-y-servicios-publicos\/","og_site_name":"Diario El Labrador","article_publisher":"https:\/\/web.facebook.com\/profile.php?id=61576120840621","article_published_time":"2026-03-16T21:30:21+00:00","article_modified_time":"2026-03-16T21:30:23+00:00","og_image":[{"width":2560,"height":1920,"url":"https:\/\/diarioellabrador.cl\/wp-content\/uploads\/2026\/03\/Gaston-Libuy-Loyola-asume-como-Delegado-Presidencial-Provincial-de-Melipilla-y-sostiene-primer-encuentro-de-trabajo-con-autoridades-y-servicios-publicos-3-scaled.jpeg","type":"image\/jpeg"}],"author":"Editor","twitter_card":"summary_large_image","twitter_creator":"@ElLabradorOf","twitter_site":"@ElLabradorOf","twitter_misc":{"Escrito por":"Editor","Tiempo de lectura":"4 minutos"},"schema":{"@context":"https:\/\/schema.org","@graph":[{"@type":"Article","@id":"https:\/\/diarioellabrador.cl\/index.php\/2026\/03\/16\/gaston-libuy-loyola-asume-como-delegado-presidencial-provincial-de-melipilla-y-sostiene-primer-encuentro-de-trabajo-con-autoridades-y-servicios-publicos\/#article","isPartOf":{"@id":"https:\/\/diarioellabrador.cl\/index.php\/2026\/03\/16\/gaston-libuy-loyola-asume-como-delegado-presidencial-provincial-de-melipilla-y-sostiene-primer-encuentro-de-trabajo-con-autoridades-y-servicios-publicos\/"},"author":{"name":"Editor","@id":"https:\/\/diarioellabrador.cl\/#\/schema\/person\/bc25ff80b4563f9c7f4bd7855df01685"},"headline":"Gast\u00f3n Libuy Loyola asume como Delegado Presidencial Provincial de Melipilla y sostiene primer encuentro de trabajo con autoridades y servicios p\u00fablicos","datePublished":"2026-03-16T21:30:21+00:00","dateModified":"2026-03-16T21:30:23+00:00","mainEntityOfPage":{"@id":"https:\/\/diarioellabrador.cl\/index.php\/2026\/03\/16\/gaston-libuy-loyola-asume-como-delegado-presidencial-provincial-de-melipilla-y-sostiene-primer-encuentro-de-trabajo-con-autoridades-y-servicios-publicos\/"},"wordCount":700,"commentCount":0,"publisher":{"@id":"https:\/\/diarioellabrador.cl\/#organization"},"image":{"@id":"https:\/\/diarioellabrador.cl\/index.php\/2026\/03\/16\/gaston-libuy-loyola-asume-como-delegado-presidencial-provincial-de-melipilla-y-sostiene-primer-encuentro-de-trabajo-con-autoridades-y-servicios-publicos\/#primaryimage"},"thumbnailUrl":"https:\/\/diarioellabrador.cl\/wp-content\/uploads\/2026\/03\/Gaston-Libuy-Loyola-asume-como-Delegado-Presidencial-Provincial-de-Melipilla-y-sostiene-primer-encuentro-de-trabajo-con-autoridades-y-servicios-publicos-3-scaled.jpeg","articleSection":["Cr\u00f3nica","Destacados"],"inLanguage":"es","potentialAction":[{"@type":"CommentAction","name":"Comment","target":["https:\/\/diarioellabrador.cl\/index.php\/2026\/03\/16\/gaston-libuy-loyola-asume-como-delegado-presidencial-provincial-de-melipilla-y-sostiene-primer-encuentro-de-trabajo-con-autoridades-y-servicios-publicos\/#respond"]}]},{"@type":"WebPage","@id":"https:\/\/diarioellabrador.cl\/index.php\/2026\/03\/16\/gaston-libuy-loyola-asume-como-delegado-presidencial-provincial-de-melipilla-y-sostiene-primer-encuentro-de-trabajo-con-autoridades-y-servicios-publicos\/","url":"https:\/\/diarioellabrador.cl\/index.php\/2026\/03\/16\/gaston-libuy-loyola-asume-como-delegado-presidencial-provincial-de-melipilla-y-sostiene-primer-encuentro-de-trabajo-con-autoridades-y-servicios-publicos\/","name":"Gast\u00f3n Libuy Loyola asume como Delegado Presidencial Provincial de Melipilla y sostiene primer encuentro de trabajo con autoridades y servicios p\u00fablicos - Diario El Labrador","isPartOf":{"@id":"https:\/\/diarioellabrador.cl\/#website"},"primaryImageOfPage":{"@id":"https:\/\/diarioellabrador.cl\/index.php\/2026\/03\/16\/gaston-libuy-loyola-asume-como-delegado-presidencial-provincial-de-melipilla-y-sostiene-primer-encuentro-de-trabajo-con-autoridades-y-servicios-publicos\/#primaryimage"},"image":{"@id":"https:\/\/diarioellabrador.cl\/index.php\/2026\/03\/16\/gaston-libuy-loyola-asume-como-delegado-presidencial-provincial-de-melipilla-y-sostiene-primer-encuentro-de-trabajo-con-autoridades-y-servicios-publicos\/#primaryimage"},"thumbnailUrl":"https:\/\/diarioellabrador.cl\/wp-content\/uploads\/2026\/03\/Gaston-Libuy-Loyola-asume-como-Delegado-Presidencial-Provincial-de-Melipilla-y-sostiene-primer-encuentro-de-trabajo-con-autoridades-y-servicios-publicos-3-scaled.jpeg","datePublished":"2026-03-16T21:30:21+00:00","dateModified":"2026-03-16T21:30:23+00:00","breadcrumb":{"@id":"https:\/\/diarioellabrador.cl\/index.php\/2026\/03\/16\/gaston-libuy-loyola-asume-como-delegado-presidencial-provincial-de-melipilla-y-sostiene-primer-encuentro-de-trabajo-con-autoridades-y-servicios-publicos\/#breadcrumb"},"inLanguage":"es","potentialAction":[{"@type":"ReadAction","target":["https:\/\/diarioellabrador.cl\/index.php\/2026\/03\/16\/gaston-libuy-loyola-asume-como-delegado-presidencial-provincial-de-melipilla-y-sostiene-primer-encuentro-de-trabajo-con-autoridades-y-servicios-publicos\/"]}]},{"@type":"ImageObject","inLanguage":"es","@id":"https:\/\/diarioellabrador.cl\/index.php\/2026\/03\/16\/gaston-libuy-loyola-asume-como-delegado-presidencial-provincial-de-melipilla-y-sostiene-primer-encuentro-de-trabajo-con-autoridades-y-servicios-publicos\/#primaryimage","url":"https:\/\/diarioellabrador.cl\/wp-content\/uploads\/2026\/03\/Gaston-Libuy-Loyola-asume-como-Delegado-Presidencial-Provincial-de-Melipilla-y-sostiene-primer-encuentro-de-trabajo-con-autoridades-y-servicios-publicos-3-scaled.jpeg","contentUrl":"https:\/\/diarioellabrador.cl\/wp-content\/uploads\/2026\/03\/Gaston-Libuy-Loyola-asume-como-Delegado-Presidencial-Provincial-de-Melipilla-y-sostiene-primer-encuentro-de-trabajo-con-autoridades-y-servicios-publicos-3-scaled.jpeg","width":2560,"height":1920},{"@type":"BreadcrumbList","@id":"https:\/\/diarioellabrador.cl\/index.php\/2026\/03\/16\/gaston-libuy-loyola-asume-como-delegado-presidencial-provincial-de-melipilla-y-sostiene-primer-encuentro-de-trabajo-con-autoridades-y-servicios-publicos\/#breadcrumb","itemListElement":[{"@type":"ListItem","position":1,"name":"Portada","item":"https:\/\/diarioellabrador.cl\/"},{"@type":"ListItem","position":2,"name":"Gast\u00f3n Libuy Loyola asume como Delegado Presidencial Provincial de Melipilla y sostiene primer encuentro de trabajo con autoridades y servicios p\u00fablicos"}]},{"@type":"WebSite","@id":"https:\/\/diarioellabrador.cl\/#website","url":"https:\/\/diarioellabrador.cl\/","name":"Diario El Labrador","description":"Haciendo noticia desde 1921","publisher":{"@id":"https:\/\/diarioellabrador.cl\/#organization"},"potentialAction":[{"@type":"SearchAction","target":{"@type":"EntryPoint","urlTemplate":"https:\/\/diarioellabrador.cl\/?s={search_term_string}"},"query-input":{"@type":"PropertyValueSpecification","valueRequired":true,"valueName":"search_term_string"}}],"inLanguage":"es"},{"@type":"Organization","@id":"https:\/\/diarioellabrador.cl\/#organization","name":"Diario El Labrador","url":"https:\/\/diarioellabrador.cl\/","logo":{"@type":"ImageObject","inLanguage":"es","@id":"https:\/\/diarioellabrador.cl\/#\/schema\/logo\/image\/","url":"https:\/\/diarioellabrador.cl\/wp-content\/uploads\/2025\/02\/cropped-Logo-Icono.png","contentUrl":"https:\/\/diarioellabrador.cl\/wp-content\/uploads\/2025\/02\/cropped-Logo-Icono.png","width":512,"height":512,"caption":"Diario El Labrador"},"image":{"@id":"https:\/\/diarioellabrador.cl\/#\/schema\/logo\/image\/"},"sameAs":["https:\/\/web.facebook.com\/profile.php?id=61576120840621","https:\/\/x.com\/ElLabradorOf","https:\/\/www.instagram.com\/diarioellabradoroficial\/"]},{"@type":"Person","@id":"https:\/\/diarioellabrador.cl\/#\/schema\/person\/bc25ff80b4563f9c7f4bd7855df01685","name":"Editor","image":{"@type":"ImageObject","inLanguage":"es","@id":"https:\/\/secure.gravatar.com\/avatar\/109c326cf2be5c04f048c2c2a2b8b6ef44bf3d8d1d3d4c55d0ac40c4bc994684?s=96&d=mm&r=g","url":"https:\/\/secure.gravatar.com\/avatar\/109c326cf2be5c04f048c2c2a2b8b6ef44bf3d8d1d3d4c55d0ac40c4bc994684?s=96&d=mm&r=g","contentUrl":"https:\/\/secure.gravatar.com\/avatar\/109c326cf2be5c04f048c2c2a2b8b6ef44bf3d8d1d3d4c55d0ac40c4bc994684?s=96&d=mm&r=g","caption":"Editor"},"url":"https:\/\/diarioellabrador.cl\/index.php\/author\/editor\/"}]}},"_links":{"self":[{"href":"https:\/\/diarioellabrador.cl\/index.php\/wp-json\/wp\/v2\/posts\/16648","targetHints":{"allow":["GET"]}}],"collection":[{"href":"https:\/\/diarioellabrador.cl\/index.php\/wp-json\/wp\/v2\/posts"}],"about":[{"href":"https:\/\/diarioellabrador.cl\/index.php\/wp-json\/wp\/v2\/types\/post"}],"author":[{"embeddable":true,"href":"https:\/\/diarioellabrador.cl\/index.php\/wp-json\/wp\/v2\/users\/2"}],"replies":[{"embeddable":true,"href":"https:\/\/diarioellabrador.cl\/index.php\/wp-json\/wp\/v2\/comments?post=16648"}],"version-history":[{"count":1,"href":"https:\/\/diarioellabrador.cl\/index.php\/wp-json\/wp\/v2\/posts\/16648\/revisions"}],"predecessor-version":[{"id":16649,"href":"https:\/\/diarioellabrador.cl\/index.php\/wp-json\/wp\/v2\/posts\/16648\/revisions\/16649"}],"wp:featuredmedia":[{"embeddable":true,"href":"https:\/\/diarioellabrador.cl\/index.php\/wp-json\/wp\/v2\/media\/16621"}],"wp:attachment":[{"href":"https:\/\/diarioellabrador.cl\/index.php\/wp-json\/wp\/v2\/media?parent=16648"}],"wp:term":[{"taxonomy":"category","embeddable":true,"href":"https:\/\/diarioellabrador.cl\/index.php\/wp-json\/wp\/v2\/categories?post=16648"},{"taxonomy":"post_tag","embeddable":true,"href":"https:\/\/diarioellabrador.cl\/index.php\/wp-json\/wp\/v2\/tags?post=16648"}],"curies":[{"name":"wp","href":"https:\/\/api.w.org\/{rel}","templated":true}]}}