{"id":16646,"date":"2026-03-16T17:29:35","date_gmt":"2026-03-16T21:29:35","guid":{"rendered":"https:\/\/diarioellabrador.cl\/?p=16646"},"modified":"2026-03-16T17:29:38","modified_gmt":"2026-03-16T21:29:38","slug":"johann-gude-se-vio-un-buen-espectaculo-deportivo-un-nivel-de-competencia-extraordinario","status":"publish","type":"post","link":"https:\/\/diarioellabrador.cl\/index.php\/2026\/03\/16\/johann-gude-se-vio-un-buen-espectaculo-deportivo-un-nivel-de-competencia-extraordinario\/","title":{"rendered":"Johann G\u00fcde: \u00abSe vio un buen espect\u00e1culo deportivo, un nivel de competencia extraordinario\u00bb"},"content":{"rendered":"\n<p><strong>Autor: <\/strong><a href=\"https:\/\/www.caballoyrodeo.cl\/portal_rodeo\/site\/artic\/20240223\/pags\/20240223201413.html\">Alejandro Alegr\u00eda Torres<\/a><\/p>\n\n\n\n<p>Un balance muy positivo realizaron los dirigentes de la <strong>Asociaci\u00f3n Melipilla<\/strong> por el desarrollo del <strong>Clasificatorio Zona Norte<\/strong> que se efectu\u00f3 la pasada semana en la <strong>Medialuna \u00abCarlos Zavala\u00bb de Chocal\u00e1n<\/strong>, cuarto evento de estas caracter\u00edsticas que organizaron de manera consecutiva y que termin\u00f3 con un champion de primera calidad conquistado por el <strong>Criadero El Carmen de Nilahue<\/strong> con 42 puntos buenos.<\/p>\n\n\n\n<p><strong>Johann G\u00fcde<\/strong>, presidente de la Asociaci\u00f3n Melipilla, dijo a <strong>Caballoyrodeo.cl<\/strong>: \u00abFueron varios meses de trabajo. Comenzamos en octubre con el recinto y todos los detalles necesarios para este Clasificatorio. Fue un largo trabajo de mucha gente. Desde el mi\u00e9rcoles en adelante, e incluso desde la semana anterior cuando empezaron a llegar los camiones, porque hubo algunos que llegaron dos semanas antes. Se not\u00f3 el fanatismo puro por venir a este evento\u00bb.<\/p>\n\n\n\n<p>\u00abEmpez\u00f3 a armarse este cuento tan bonito, se llen\u00f3 de gente y comenz\u00f3 una fiesta que ya lleva cuatro a\u00f1os en Melipilla. Este a\u00f1o tuvimos problemas complejos, pero logramos sacarlo adelante gracias a la experiencia de todos los socios. Estoy muy feliz con los resultados, sobre todo por los puntajes de corte de las series, los de premiaci\u00f3n y los del champion. Se vio un buen espect\u00e1culo deportivo y un nivel de competencia extraordinario. Aqu\u00ed en el Norte el margen de error tuvo que ser baj\u00edsimo para poder entrar. Las colleras del Norte deber\u00edan representarnos muy bien en el Campeonato Nacional\u00bb, agreg\u00f3.<\/p>\n\n\n\n<p>Sobre la gran cantidad de p\u00fablico que asisti\u00f3, dijo: \u00abEra dif\u00edcil tener una expectativa porque, como era un sistema nuevo, ten\u00edamos la duda. Hace cuatro a\u00f1os tuvimos una primera experiencia de cuatro d\u00edas y fue muy mala de p\u00fablico, entonces ten\u00edamos un poquito de susto. Sin embargo, el jueves ya estaba lleno, se completaron las galer\u00edas. El viernes fue un poquito m\u00e1s bajo, el s\u00e1bado volvi\u00f3 a llegar m\u00e1s gente y hoy estaba lleno de nuevo. No hemos visto los n\u00fameros finales, pero por la cantidad de gente que uno vio, creemos que anduvo muy bien\u00bb.<\/p>\n\n\n\n<p>Gude tambi\u00e9n coment\u00f3 el reconocimiento que recibi\u00f3 como <strong>Mejor Dirigente de la Zona Norte<\/strong>: \u00abPrimero, agradecer el reconocimiento y comentar que ese es un premio de toda la asociaci\u00f3n. Ser un buen dirigente no es misi\u00f3n de una sola persona, para lograr estos eventos grandes uno tiene que tener un buen equipo, y toda la gente que particip\u00f3 aqu\u00ed tiene gran parte que ver en ese premio. Es un reconocimiento para todos los melipillanos. Tenemos un gran directorio, llevamos cuatro a\u00f1os haciendo este clasificatorio y estamos muy bien afiatados. El respaldo lo he sentido en el d\u00eda a d\u00eda\u00bb.<\/p>\n\n\n\n<p>Por su parte, <strong>Manuel Jos\u00e9 Barros<\/strong>, tesorero y ex presidente de la Asociaci\u00f3n Melipilla, tambi\u00e9n destac\u00f3 el buen resultado del selectivo: \u00abEstoy feliz, muy contento por todo. Adem\u00e1s de estar la medialuna llena, entraron muchas colleras melipillanas. F\u00edjate, yo creo que este es el a\u00f1o en que m\u00e1s colleras de Melipilla han entrado, y llegaron tres o cuatro al cuarto toro. As\u00ed que estamos felices y muy contentos. Creo que el balance ha sido bueno, esto estimula much\u00edsimo a seguir haciendo rodeo y a seguir haciendo las cosas bien\u00bb.<\/p>\n\n\n\n<p>\u00abLlevamos cuatro a\u00f1os y este es el cuarto rodeo clasificatorio que hacemos y terminamos bien. Hemos trabajado durante estos cuatro a\u00f1os aqu\u00ed mejorando el recinto, viendo el tema de los toros, de d\u00f3nde los sacamos, el valor y la suma de mil cosas. Y aqu\u00ed estamos, muy contentos. Yo creo que las cuatro veces hemos cumplido bastante bien, y esta vez puede haber sido como el broche de oro final\u00bb, agreg\u00f3.<\/p>\n\n\n\n<p>Barros cont\u00f3 que ya est\u00e1n trabajando en el futuro pr\u00f3ximo de la asociaci\u00f3n: \u00abYa estamos organizando nuestros rodeos para la Temporada Chica. Aqu\u00ed lo que hay que hacer es precisamente eso, hacer rodeos. A los &#8216;viejos&#8217; les gusta correr y esa es la pega que tenemos que hacer\u00bb.<\/p>\n","protected":false},"excerpt":{"rendered":"<p>Autor: Alejandro Alegr\u00eda Torres Un balance muy positivo realizaron los dirigentes de la Asociaci\u00f3n Melipilla por el desarrollo del Clasificatorio Zona Norte que se efectu\u00f3 la pasada semana en la Medialuna \u00abCarlos Zavala\u00bb de Chocal\u00e1n, cuarto evento de estas caracter\u00edsticas que organizaron de manera consecutiva y que termin\u00f3 con un champion de primera calidad conquistado<\/p>\n<div class=\"read-more-wrapper\"><a class=\"read-more\" href=\"https:\/\/diarioellabrador.cl\/index.php\/2026\/03\/16\/johann-gude-se-vio-un-buen-espectaculo-deportivo-un-nivel-de-competencia-extraordinario\/\" title=\"Leer m\u00e1s\"> <span class=\"button \">Leer m\u00e1s<\/span><\/a><\/div>\n","protected":false},"author":2,"featured_media":16615,"comment_status":"open","ping_status":"open","sticky":false,"template":"","format":"standard","meta":{"footnotes":""},"categories":[5],"tags":[],"class_list":["post-16646","post","type-post","status-publish","format-standard","has-post-thumbnail","hentry","category-rodeo"],"yoast_head":"<!-- This site is optimized with the Yoast SEO plugin v27.5 - https:\/\/yoast.com\/product\/yoast-seo-wordpress\/ -->\n<title>Johann G\u00fcde: &quot;Se vio un buen espect\u00e1culo deportivo, un nivel de competencia extraordinario&quot; - Diario El Labrador<\/title>\n<meta name=\"robots\" content=\"index, follow, max-snippet:-1, max-image-preview:large, max-video-preview:-1\" \/>\n<link rel=\"canonical\" href=\"https:\/\/diarioellabrador.cl\/index.php\/2026\/03\/16\/johann-gude-se-vio-un-buen-espectaculo-deportivo-un-nivel-de-competencia-extraordinario\/\" \/>\n<meta property=\"og:locale\" content=\"es_ES\" \/>\n<meta property=\"og:type\" content=\"article\" \/>\n<meta property=\"og:title\" content=\"Johann G\u00fcde: &quot;Se vio un buen espect\u00e1culo deportivo, un nivel de competencia extraordinario&quot; - Diario El Labrador\" \/>\n<meta property=\"og:description\" content=\"Autor: Alejandro Alegr\u00eda Torres Un balance muy positivo realizaron los dirigentes de la Asociaci\u00f3n Melipilla por el desarrollo del Clasificatorio Zona Norte que se efectu\u00f3 la pasada semana en la Medialuna \u00abCarlos Zavala\u00bb de Chocal\u00e1n, cuarto evento de estas caracter\u00edsticas que organizaron de manera consecutiva y que termin\u00f3 con un champion de primera calidad conquistado Leer m\u00e1s\" \/>\n<meta property=\"og:url\" content=\"https:\/\/diarioellabrador.cl\/index.php\/2026\/03\/16\/johann-gude-se-vio-un-buen-espectaculo-deportivo-un-nivel-de-competencia-extraordinario\/\" \/>\n<meta property=\"og:site_name\" content=\"Diario El Labrador\" \/>\n<meta property=\"article:publisher\" content=\"https:\/\/web.facebook.com\/profile.php?id=61576120840621\" \/>\n<meta property=\"article:published_time\" content=\"2026-03-16T21:29:35+00:00\" \/>\n<meta property=\"article:modified_time\" content=\"2026-03-16T21:29:38+00:00\" \/>\n<meta property=\"og:image\" content=\"https:\/\/diarioellabrador.cl\/wp-content\/uploads\/2026\/03\/Johann-Gude-Se-vio-un-buen-espectaculo-deportivo-un-nivel-de-competencia-extraordinario.jpg\" \/>\n\t<meta property=\"og:image:width\" content=\"750\" \/>\n\t<meta property=\"og:image:height\" content=\"389\" \/>\n\t<meta property=\"og:image:type\" content=\"image\/jpeg\" \/>\n<meta name=\"author\" content=\"Editor\" \/>\n<meta name=\"twitter:card\" content=\"summary_large_image\" \/>\n<meta name=\"twitter:creator\" content=\"@ElLabradorOf\" \/>\n<meta name=\"twitter:site\" content=\"@ElLabradorOf\" \/>\n<meta name=\"twitter:label1\" content=\"Escrito por\" \/>\n\t<meta name=\"twitter:data1\" content=\"Editor\" \/>\n\t<meta name=\"twitter:label2\" content=\"Tiempo de lectura\" \/>\n\t<meta name=\"twitter:data2\" content=\"4 minutos\" \/>\n<script type=\"application\/ld+json\" class=\"yoast-schema-graph\">{\"@context\":\"https:\\\/\\\/schema.org\",\"@graph\":[{\"@type\":\"Article\",\"@id\":\"https:\\\/\\\/diarioellabrador.cl\\\/index.php\\\/2026\\\/03\\\/16\\\/johann-gude-se-vio-un-buen-espectaculo-deportivo-un-nivel-de-competencia-extraordinario\\\/#article\",\"isPartOf\":{\"@id\":\"https:\\\/\\\/diarioellabrador.cl\\\/index.php\\\/2026\\\/03\\\/16\\\/johann-gude-se-vio-un-buen-espectaculo-deportivo-un-nivel-de-competencia-extraordinario\\\/\"},\"author\":{\"name\":\"Editor\",\"@id\":\"https:\\\/\\\/diarioellabrador.cl\\\/#\\\/schema\\\/person\\\/bc25ff80b4563f9c7f4bd7855df01685\"},\"headline\":\"Johann G\u00fcde: \u00abSe vio un buen espect\u00e1culo deportivo, un nivel de competencia extraordinario\u00bb\",\"datePublished\":\"2026-03-16T21:29:35+00:00\",\"dateModified\":\"2026-03-16T21:29:38+00:00\",\"mainEntityOfPage\":{\"@id\":\"https:\\\/\\\/diarioellabrador.cl\\\/index.php\\\/2026\\\/03\\\/16\\\/johann-gude-se-vio-un-buen-espectaculo-deportivo-un-nivel-de-competencia-extraordinario\\\/\"},\"wordCount\":701,\"commentCount\":0,\"publisher\":{\"@id\":\"https:\\\/\\\/diarioellabrador.cl\\\/#organization\"},\"image\":{\"@id\":\"https:\\\/\\\/diarioellabrador.cl\\\/index.php\\\/2026\\\/03\\\/16\\\/johann-gude-se-vio-un-buen-espectaculo-deportivo-un-nivel-de-competencia-extraordinario\\\/#primaryimage\"},\"thumbnailUrl\":\"https:\\\/\\\/diarioellabrador.cl\\\/wp-content\\\/uploads\\\/2026\\\/03\\\/Johann-Gude-Se-vio-un-buen-espectaculo-deportivo-un-nivel-de-competencia-extraordinario.jpg\",\"articleSection\":[\"Rodeo\"],\"inLanguage\":\"es\",\"potentialAction\":[{\"@type\":\"CommentAction\",\"name\":\"Comment\",\"target\":[\"https:\\\/\\\/diarioellabrador.cl\\\/index.php\\\/2026\\\/03\\\/16\\\/johann-gude-se-vio-un-buen-espectaculo-deportivo-un-nivel-de-competencia-extraordinario\\\/#respond\"]}]},{\"@type\":\"WebPage\",\"@id\":\"https:\\\/\\\/diarioellabrador.cl\\\/index.php\\\/2026\\\/03\\\/16\\\/johann-gude-se-vio-un-buen-espectaculo-deportivo-un-nivel-de-competencia-extraordinario\\\/\",\"url\":\"https:\\\/\\\/diarioellabrador.cl\\\/index.php\\\/2026\\\/03\\\/16\\\/johann-gude-se-vio-un-buen-espectaculo-deportivo-un-nivel-de-competencia-extraordinario\\\/\",\"name\":\"Johann G\u00fcde: \\\"Se vio un buen espect\u00e1culo deportivo, un nivel de competencia extraordinario\\\" - Diario El Labrador\",\"isPartOf\":{\"@id\":\"https:\\\/\\\/diarioellabrador.cl\\\/#website\"},\"primaryImageOfPage\":{\"@id\":\"https:\\\/\\\/diarioellabrador.cl\\\/index.php\\\/2026\\\/03\\\/16\\\/johann-gude-se-vio-un-buen-espectaculo-deportivo-un-nivel-de-competencia-extraordinario\\\/#primaryimage\"},\"image\":{\"@id\":\"https:\\\/\\\/diarioellabrador.cl\\\/index.php\\\/2026\\\/03\\\/16\\\/johann-gude-se-vio-un-buen-espectaculo-deportivo-un-nivel-de-competencia-extraordinario\\\/#primaryimage\"},\"thumbnailUrl\":\"https:\\\/\\\/diarioellabrador.cl\\\/wp-content\\\/uploads\\\/2026\\\/03\\\/Johann-Gude-Se-vio-un-buen-espectaculo-deportivo-un-nivel-de-competencia-extraordinario.jpg\",\"datePublished\":\"2026-03-16T21:29:35+00:00\",\"dateModified\":\"2026-03-16T21:29:38+00:00\",\"breadcrumb\":{\"@id\":\"https:\\\/\\\/diarioellabrador.cl\\\/index.php\\\/2026\\\/03\\\/16\\\/johann-gude-se-vio-un-buen-espectaculo-deportivo-un-nivel-de-competencia-extraordinario\\\/#breadcrumb\"},\"inLanguage\":\"es\",\"potentialAction\":[{\"@type\":\"ReadAction\",\"target\":[\"https:\\\/\\\/diarioellabrador.cl\\\/index.php\\\/2026\\\/03\\\/16\\\/johann-gude-se-vio-un-buen-espectaculo-deportivo-un-nivel-de-competencia-extraordinario\\\/\"]}]},{\"@type\":\"ImageObject\",\"inLanguage\":\"es\",\"@id\":\"https:\\\/\\\/diarioellabrador.cl\\\/index.php\\\/2026\\\/03\\\/16\\\/johann-gude-se-vio-un-buen-espectaculo-deportivo-un-nivel-de-competencia-extraordinario\\\/#primaryimage\",\"url\":\"https:\\\/\\\/diarioellabrador.cl\\\/wp-content\\\/uploads\\\/2026\\\/03\\\/Johann-Gude-Se-vio-un-buen-espectaculo-deportivo-un-nivel-de-competencia-extraordinario.jpg\",\"contentUrl\":\"https:\\\/\\\/diarioellabrador.cl\\\/wp-content\\\/uploads\\\/2026\\\/03\\\/Johann-Gude-Se-vio-un-buen-espectaculo-deportivo-un-nivel-de-competencia-extraordinario.jpg\",\"width\":750,\"height\":389},{\"@type\":\"BreadcrumbList\",\"@id\":\"https:\\\/\\\/diarioellabrador.cl\\\/index.php\\\/2026\\\/03\\\/16\\\/johann-gude-se-vio-un-buen-espectaculo-deportivo-un-nivel-de-competencia-extraordinario\\\/#breadcrumb\",\"itemListElement\":[{\"@type\":\"ListItem\",\"position\":1,\"name\":\"Portada\",\"item\":\"https:\\\/\\\/diarioellabrador.cl\\\/\"},{\"@type\":\"ListItem\",\"position\":2,\"name\":\"Johann G\u00fcde: \u00abSe vio un buen espect\u00e1culo deportivo, un nivel de competencia extraordinario\u00bb\"}]},{\"@type\":\"WebSite\",\"@id\":\"https:\\\/\\\/diarioellabrador.cl\\\/#website\",\"url\":\"https:\\\/\\\/diarioellabrador.cl\\\/\",\"name\":\"Diario El Labrador\",\"description\":\"Haciendo noticia desde 1921\",\"publisher\":{\"@id\":\"https:\\\/\\\/diarioellabrador.cl\\\/#organization\"},\"potentialAction\":[{\"@type\":\"SearchAction\",\"target\":{\"@type\":\"EntryPoint\",\"urlTemplate\":\"https:\\\/\\\/diarioellabrador.cl\\\/?s={search_term_string}\"},\"query-input\":{\"@type\":\"PropertyValueSpecification\",\"valueRequired\":true,\"valueName\":\"search_term_string\"}}],\"inLanguage\":\"es\"},{\"@type\":\"Organization\",\"@id\":\"https:\\\/\\\/diarioellabrador.cl\\\/#organization\",\"name\":\"Diario El Labrador\",\"url\":\"https:\\\/\\\/diarioellabrador.cl\\\/\",\"logo\":{\"@type\":\"ImageObject\",\"inLanguage\":\"es\",\"@id\":\"https:\\\/\\\/diarioellabrador.cl\\\/#\\\/schema\\\/logo\\\/image\\\/\",\"url\":\"https:\\\/\\\/diarioellabrador.cl\\\/wp-content\\\/uploads\\\/2025\\\/02\\\/cropped-Logo-Icono.png\",\"contentUrl\":\"https:\\\/\\\/diarioellabrador.cl\\\/wp-content\\\/uploads\\\/2025\\\/02\\\/cropped-Logo-Icono.png\",\"width\":512,\"height\":512,\"caption\":\"Diario El Labrador\"},\"image\":{\"@id\":\"https:\\\/\\\/diarioellabrador.cl\\\/#\\\/schema\\\/logo\\\/image\\\/\"},\"sameAs\":[\"https:\\\/\\\/web.facebook.com\\\/profile.php?id=61576120840621\",\"https:\\\/\\\/x.com\\\/ElLabradorOf\",\"https:\\\/\\\/www.instagram.com\\\/diarioellabradoroficial\\\/\"]},{\"@type\":\"Person\",\"@id\":\"https:\\\/\\\/diarioellabrador.cl\\\/#\\\/schema\\\/person\\\/bc25ff80b4563f9c7f4bd7855df01685\",\"name\":\"Editor\",\"image\":{\"@type\":\"ImageObject\",\"inLanguage\":\"es\",\"@id\":\"https:\\\/\\\/secure.gravatar.com\\\/avatar\\\/109c326cf2be5c04f048c2c2a2b8b6ef44bf3d8d1d3d4c55d0ac40c4bc994684?s=96&d=mm&r=g\",\"url\":\"https:\\\/\\\/secure.gravatar.com\\\/avatar\\\/109c326cf2be5c04f048c2c2a2b8b6ef44bf3d8d1d3d4c55d0ac40c4bc994684?s=96&d=mm&r=g\",\"contentUrl\":\"https:\\\/\\\/secure.gravatar.com\\\/avatar\\\/109c326cf2be5c04f048c2c2a2b8b6ef44bf3d8d1d3d4c55d0ac40c4bc994684?s=96&d=mm&r=g\",\"caption\":\"Editor\"},\"url\":\"https:\\\/\\\/diarioellabrador.cl\\\/index.php\\\/author\\\/editor\\\/\"}]}<\/script>\n<!-- \/ Yoast SEO plugin. -->","yoast_head_json":{"title":"Johann G\u00fcde: \"Se vio un buen espect\u00e1culo deportivo, un nivel de competencia extraordinario\" - Diario El Labrador","robots":{"index":"index","follow":"follow","max-snippet":"max-snippet:-1","max-image-preview":"max-image-preview:large","max-video-preview":"max-video-preview:-1"},"canonical":"https:\/\/diarioellabrador.cl\/index.php\/2026\/03\/16\/johann-gude-se-vio-un-buen-espectaculo-deportivo-un-nivel-de-competencia-extraordinario\/","og_locale":"es_ES","og_type":"article","og_title":"Johann G\u00fcde: \"Se vio un buen espect\u00e1culo deportivo, un nivel de competencia extraordinario\" - Diario El Labrador","og_description":"Autor: Alejandro Alegr\u00eda Torres Un balance muy positivo realizaron los dirigentes de la Asociaci\u00f3n Melipilla por el desarrollo del Clasificatorio Zona Norte que se efectu\u00f3 la pasada semana en la Medialuna \u00abCarlos Zavala\u00bb de Chocal\u00e1n, cuarto evento de estas caracter\u00edsticas que organizaron de manera consecutiva y que termin\u00f3 con un champion de primera calidad conquistado Leer m\u00e1s","og_url":"https:\/\/diarioellabrador.cl\/index.php\/2026\/03\/16\/johann-gude-se-vio-un-buen-espectaculo-deportivo-un-nivel-de-competencia-extraordinario\/","og_site_name":"Diario El Labrador","article_publisher":"https:\/\/web.facebook.com\/profile.php?id=61576120840621","article_published_time":"2026-03-16T21:29:35+00:00","article_modified_time":"2026-03-16T21:29:38+00:00","og_image":[{"width":750,"height":389,"url":"https:\/\/diarioellabrador.cl\/wp-content\/uploads\/2026\/03\/Johann-Gude-Se-vio-un-buen-espectaculo-deportivo-un-nivel-de-competencia-extraordinario.jpg","type":"image\/jpeg"}],"author":"Editor","twitter_card":"summary_large_image","twitter_creator":"@ElLabradorOf","twitter_site":"@ElLabradorOf","twitter_misc":{"Escrito por":"Editor","Tiempo de lectura":"4 minutos"},"schema":{"@context":"https:\/\/schema.org","@graph":[{"@type":"Article","@id":"https:\/\/diarioellabrador.cl\/index.php\/2026\/03\/16\/johann-gude-se-vio-un-buen-espectaculo-deportivo-un-nivel-de-competencia-extraordinario\/#article","isPartOf":{"@id":"https:\/\/diarioellabrador.cl\/index.php\/2026\/03\/16\/johann-gude-se-vio-un-buen-espectaculo-deportivo-un-nivel-de-competencia-extraordinario\/"},"author":{"name":"Editor","@id":"https:\/\/diarioellabrador.cl\/#\/schema\/person\/bc25ff80b4563f9c7f4bd7855df01685"},"headline":"Johann G\u00fcde: \u00abSe vio un buen espect\u00e1culo deportivo, un nivel de competencia extraordinario\u00bb","datePublished":"2026-03-16T21:29:35+00:00","dateModified":"2026-03-16T21:29:38+00:00","mainEntityOfPage":{"@id":"https:\/\/diarioellabrador.cl\/index.php\/2026\/03\/16\/johann-gude-se-vio-un-buen-espectaculo-deportivo-un-nivel-de-competencia-extraordinario\/"},"wordCount":701,"commentCount":0,"publisher":{"@id":"https:\/\/diarioellabrador.cl\/#organization"},"image":{"@id":"https:\/\/diarioellabrador.cl\/index.php\/2026\/03\/16\/johann-gude-se-vio-un-buen-espectaculo-deportivo-un-nivel-de-competencia-extraordinario\/#primaryimage"},"thumbnailUrl":"https:\/\/diarioellabrador.cl\/wp-content\/uploads\/2026\/03\/Johann-Gude-Se-vio-un-buen-espectaculo-deportivo-un-nivel-de-competencia-extraordinario.jpg","articleSection":["Rodeo"],"inLanguage":"es","potentialAction":[{"@type":"CommentAction","name":"Comment","target":["https:\/\/diarioellabrador.cl\/index.php\/2026\/03\/16\/johann-gude-se-vio-un-buen-espectaculo-deportivo-un-nivel-de-competencia-extraordinario\/#respond"]}]},{"@type":"WebPage","@id":"https:\/\/diarioellabrador.cl\/index.php\/2026\/03\/16\/johann-gude-se-vio-un-buen-espectaculo-deportivo-un-nivel-de-competencia-extraordinario\/","url":"https:\/\/diarioellabrador.cl\/index.php\/2026\/03\/16\/johann-gude-se-vio-un-buen-espectaculo-deportivo-un-nivel-de-competencia-extraordinario\/","name":"Johann G\u00fcde: \"Se vio un buen espect\u00e1culo deportivo, un nivel de competencia extraordinario\" - Diario El Labrador","isPartOf":{"@id":"https:\/\/diarioellabrador.cl\/#website"},"primaryImageOfPage":{"@id":"https:\/\/diarioellabrador.cl\/index.php\/2026\/03\/16\/johann-gude-se-vio-un-buen-espectaculo-deportivo-un-nivel-de-competencia-extraordinario\/#primaryimage"},"image":{"@id":"https:\/\/diarioellabrador.cl\/index.php\/2026\/03\/16\/johann-gude-se-vio-un-buen-espectaculo-deportivo-un-nivel-de-competencia-extraordinario\/#primaryimage"},"thumbnailUrl":"https:\/\/diarioellabrador.cl\/wp-content\/uploads\/2026\/03\/Johann-Gude-Se-vio-un-buen-espectaculo-deportivo-un-nivel-de-competencia-extraordinario.jpg","datePublished":"2026-03-16T21:29:35+00:00","dateModified":"2026-03-16T21:29:38+00:00","breadcrumb":{"@id":"https:\/\/diarioellabrador.cl\/index.php\/2026\/03\/16\/johann-gude-se-vio-un-buen-espectaculo-deportivo-un-nivel-de-competencia-extraordinario\/#breadcrumb"},"inLanguage":"es","potentialAction":[{"@type":"ReadAction","target":["https:\/\/diarioellabrador.cl\/index.php\/2026\/03\/16\/johann-gude-se-vio-un-buen-espectaculo-deportivo-un-nivel-de-competencia-extraordinario\/"]}]},{"@type":"ImageObject","inLanguage":"es","@id":"https:\/\/diarioellabrador.cl\/index.php\/2026\/03\/16\/johann-gude-se-vio-un-buen-espectaculo-deportivo-un-nivel-de-competencia-extraordinario\/#primaryimage","url":"https:\/\/diarioellabrador.cl\/wp-content\/uploads\/2026\/03\/Johann-Gude-Se-vio-un-buen-espectaculo-deportivo-un-nivel-de-competencia-extraordinario.jpg","contentUrl":"https:\/\/diarioellabrador.cl\/wp-content\/uploads\/2026\/03\/Johann-Gude-Se-vio-un-buen-espectaculo-deportivo-un-nivel-de-competencia-extraordinario.jpg","width":750,"height":389},{"@type":"BreadcrumbList","@id":"https:\/\/diarioellabrador.cl\/index.php\/2026\/03\/16\/johann-gude-se-vio-un-buen-espectaculo-deportivo-un-nivel-de-competencia-extraordinario\/#breadcrumb","itemListElement":[{"@type":"ListItem","position":1,"name":"Portada","item":"https:\/\/diarioellabrador.cl\/"},{"@type":"ListItem","position":2,"name":"Johann G\u00fcde: \u00abSe vio un buen espect\u00e1culo deportivo, un nivel de competencia extraordinario\u00bb"}]},{"@type":"WebSite","@id":"https:\/\/diarioellabrador.cl\/#website","url":"https:\/\/diarioellabrador.cl\/","name":"Diario El Labrador","description":"Haciendo noticia desde 1921","publisher":{"@id":"https:\/\/diarioellabrador.cl\/#organization"},"potentialAction":[{"@type":"SearchAction","target":{"@type":"EntryPoint","urlTemplate":"https:\/\/diarioellabrador.cl\/?s={search_term_string}"},"query-input":{"@type":"PropertyValueSpecification","valueRequired":true,"valueName":"search_term_string"}}],"inLanguage":"es"},{"@type":"Organization","@id":"https:\/\/diarioellabrador.cl\/#organization","name":"Diario El Labrador","url":"https:\/\/diarioellabrador.cl\/","logo":{"@type":"ImageObject","inLanguage":"es","@id":"https:\/\/diarioellabrador.cl\/#\/schema\/logo\/image\/","url":"https:\/\/diarioellabrador.cl\/wp-content\/uploads\/2025\/02\/cropped-Logo-Icono.png","contentUrl":"https:\/\/diarioellabrador.cl\/wp-content\/uploads\/2025\/02\/cropped-Logo-Icono.png","width":512,"height":512,"caption":"Diario El Labrador"},"image":{"@id":"https:\/\/diarioellabrador.cl\/#\/schema\/logo\/image\/"},"sameAs":["https:\/\/web.facebook.com\/profile.php?id=61576120840621","https:\/\/x.com\/ElLabradorOf","https:\/\/www.instagram.com\/diarioellabradoroficial\/"]},{"@type":"Person","@id":"https:\/\/diarioellabrador.cl\/#\/schema\/person\/bc25ff80b4563f9c7f4bd7855df01685","name":"Editor","image":{"@type":"ImageObject","inLanguage":"es","@id":"https:\/\/secure.gravatar.com\/avatar\/109c326cf2be5c04f048c2c2a2b8b6ef44bf3d8d1d3d4c55d0ac40c4bc994684?s=96&d=mm&r=g","url":"https:\/\/secure.gravatar.com\/avatar\/109c326cf2be5c04f048c2c2a2b8b6ef44bf3d8d1d3d4c55d0ac40c4bc994684?s=96&d=mm&r=g","contentUrl":"https:\/\/secure.gravatar.com\/avatar\/109c326cf2be5c04f048c2c2a2b8b6ef44bf3d8d1d3d4c55d0ac40c4bc994684?s=96&d=mm&r=g","caption":"Editor"},"url":"https:\/\/diarioellabrador.cl\/index.php\/author\/editor\/"}]}},"_links":{"self":[{"href":"https:\/\/diarioellabrador.cl\/index.php\/wp-json\/wp\/v2\/posts\/16646","targetHints":{"allow":["GET"]}}],"collection":[{"href":"https:\/\/diarioellabrador.cl\/index.php\/wp-json\/wp\/v2\/posts"}],"about":[{"href":"https:\/\/diarioellabrador.cl\/index.php\/wp-json\/wp\/v2\/types\/post"}],"author":[{"embeddable":true,"href":"https:\/\/diarioellabrador.cl\/index.php\/wp-json\/wp\/v2\/users\/2"}],"replies":[{"embeddable":true,"href":"https:\/\/diarioellabrador.cl\/index.php\/wp-json\/wp\/v2\/comments?post=16646"}],"version-history":[{"count":1,"href":"https:\/\/diarioellabrador.cl\/index.php\/wp-json\/wp\/v2\/posts\/16646\/revisions"}],"predecessor-version":[{"id":16647,"href":"https:\/\/diarioellabrador.cl\/index.php\/wp-json\/wp\/v2\/posts\/16646\/revisions\/16647"}],"wp:featuredmedia":[{"embeddable":true,"href":"https:\/\/diarioellabrador.cl\/index.php\/wp-json\/wp\/v2\/media\/16615"}],"wp:attachment":[{"href":"https:\/\/diarioellabrador.cl\/index.php\/wp-json\/wp\/v2\/media?parent=16646"}],"wp:term":[{"taxonomy":"category","embeddable":true,"href":"https:\/\/diarioellabrador.cl\/index.php\/wp-json\/wp\/v2\/categories?post=16646"},{"taxonomy":"post_tag","embeddable":true,"href":"https:\/\/diarioellabrador.cl\/index.php\/wp-json\/wp\/v2\/tags?post=16646"}],"curies":[{"name":"wp","href":"https:\/\/api.w.org\/{rel}","templated":true}]}}