{"id":16642,"date":"2026-03-16T17:28:18","date_gmt":"2026-03-16T21:28:18","guid":{"rendered":"https:\/\/diarioellabrador.cl\/?p=16642"},"modified":"2026-03-16T17:28:22","modified_gmt":"2026-03-16T21:28:22","slug":"cuelga-los-guantes-y-tomara-la-pizarra-sergio-chiquito-romero-anuncio-su-retiro-del-futbol","status":"publish","type":"post","link":"https:\/\/diarioellabrador.cl\/index.php\/2026\/03\/16\/cuelga-los-guantes-y-tomara-la-pizarra-sergio-chiquito-romero-anuncio-su-retiro-del-futbol\/","title":{"rendered":"Cuelga los guantes y tomar\u00e1 la pizarra: Sergio \u2019Chiquito\u2019 Romero anunci\u00f3 su retiro del f\u00fatbol"},"content":{"rendered":"\n<p><strong>Sergio \u2018Chiquito\u201d Romero<\/strong> dio por cerrada su etapa como jugador y comenzar\u00e1 su nuevo rol como estratega, el exportero de 39 a\u00f1os colg\u00f3 los guantes tras su paso por <strong>Argentinos Juniors<\/strong>.<\/p>\n\n\n\n<p>Sergio Romero tom\u00f3 la decisi\u00f3n de <strong>retirarse del f\u00fatbol profesiona<\/strong>l luego de tener su \u00faltima experiencia en Argentino Juniors, el exportero mundialista hab\u00eda cumplido 39 a\u00f1os el pasado febrero y, pese a tener propuestas para continuar su carrera, decidi\u00f3 dar un paso al costado, sin embargo, seguir\u00e1 ligado al f\u00fatbol.<\/p>\n\n\n\n<p>Durante enero fue consultado por su continuidad en el f\u00fatbol luego de recindir su v\u00ednculo con Argentinos Juniors. \u201cSi no se da, estoy preparado para cruzar la l\u00ednea y empezar una carrera que seguramente ser\u00e1 hermosa\u201d.<\/p>\n\n\n\n<p>Romero ya cuenta con el <strong>t\u00edtulo de entrenador<\/strong>, realiz\u00f3 el curso durante el 2023 cuando defend\u00eda el arco de Boca Juniors.<\/p>\n\n\n\n<p>En cuanto a su carrera como jugador, Sergio se mantiene como el <strong>arquero argentino con m\u00e1s presencias en la historia de la selecci\u00f3n argentina<\/strong>, registra un total de 96 partidos, muy por lejos de los 57 partidos que tiene el actual golero de la albiceleste, <strong>Emiliano \u2018Dibu\u2019 Mart\u00ednez<\/strong>.<\/p>\n\n\n\n<p>A pesar de haber sido <strong>subcampe\u00f3n del Mundo<\/strong> en el 2014, subcampe\u00f3n de <strong>Copa Am\u00e9rica<\/strong> en 2015 y 2016. El palmar\u00e9s de Chiquito comenz\u00f3 en el 2008\/09 cuando fue campe\u00f3n de la <strong>Liga Holandesa<\/strong> y<strong> Supercopa<\/strong> con el <strong>AZ Alkmaar<\/strong>, luego de unos a\u00f1os en la <strong>Serie A<\/strong>, dio el salto a la <strong>Premier League<\/strong> con el <strong>Manchester United<\/strong>, club en el que consigi\u00f3 una <strong>FA Cup, una Community Shield, una Copa de la Liga y la Europa League.<\/strong> Finalmente, la <strong>Supercopa Argentina<\/strong> con Boca Juniors ser\u00eda su \u00faltimo t\u00edtulo a nivel de clubes.<\/p>\n\n\n\n<p>Con la albiceleste logr\u00f3 solo titulos juveniles. El 2007 fue parte de la selecci\u00f3n que elimin\u00f3 a <strong>La Roja de Jos\u00e9 Sulantay en Canad\u00e1 2007<\/strong>, campeonato que terminar\u00edan como campe\u00f3nes, mientras que el otro t\u00edtulo con Argentina es el <strong>oro ol\u00edmpico en Beijing 2008<\/strong>.<\/p>\n","protected":false},"excerpt":{"rendered":"<p>Sergio \u2018Chiquito\u201d Romero dio por cerrada su etapa como jugador y comenzar\u00e1 su nuevo rol como estratega, el exportero de 39 a\u00f1os colg\u00f3 los guantes tras su paso por Argentinos Juniors. Sergio Romero tom\u00f3 la decisi\u00f3n de retirarse del f\u00fatbol profesional luego de tener su \u00faltima experiencia en Argentino Juniors, el exportero mundialista hab\u00eda cumplido<\/p>\n<div class=\"read-more-wrapper\"><a class=\"read-more\" href=\"https:\/\/diarioellabrador.cl\/index.php\/2026\/03\/16\/cuelga-los-guantes-y-tomara-la-pizarra-sergio-chiquito-romero-anuncio-su-retiro-del-futbol\/\" title=\"Leer m\u00e1s\"> <span class=\"button \">Leer m\u00e1s<\/span><\/a><\/div>\n","protected":false},"author":2,"featured_media":16610,"comment_status":"open","ping_status":"open","sticky":false,"template":"","format":"standard","meta":{"footnotes":""},"categories":[4],"tags":[],"class_list":["post-16642","post","type-post","status-publish","format-standard","has-post-thumbnail","hentry","category-deportes"],"yoast_head":"<!-- This site is optimized with the Yoast SEO plugin v27.5 - https:\/\/yoast.com\/product\/yoast-seo-wordpress\/ -->\n<title>Cuelga los guantes y tomar\u00e1 la pizarra: Sergio \u2019Chiquito\u2019 Romero anunci\u00f3 su retiro del f\u00fatbol - Diario El Labrador<\/title>\n<meta name=\"robots\" content=\"index, follow, max-snippet:-1, max-image-preview:large, max-video-preview:-1\" \/>\n<link rel=\"canonical\" href=\"https:\/\/diarioellabrador.cl\/index.php\/2026\/03\/16\/cuelga-los-guantes-y-tomara-la-pizarra-sergio-chiquito-romero-anuncio-su-retiro-del-futbol\/\" \/>\n<meta property=\"og:locale\" content=\"es_ES\" \/>\n<meta property=\"og:type\" content=\"article\" \/>\n<meta property=\"og:title\" content=\"Cuelga los guantes y tomar\u00e1 la pizarra: Sergio \u2019Chiquito\u2019 Romero anunci\u00f3 su retiro del f\u00fatbol - Diario El Labrador\" \/>\n<meta property=\"og:description\" content=\"Sergio \u2018Chiquito\u201d Romero dio por cerrada su etapa como jugador y comenzar\u00e1 su nuevo rol como estratega, el exportero de 39 a\u00f1os colg\u00f3 los guantes tras su paso por Argentinos Juniors. Sergio Romero tom\u00f3 la decisi\u00f3n de retirarse del f\u00fatbol profesional luego de tener su \u00faltima experiencia en Argentino Juniors, el exportero mundialista hab\u00eda cumplido Leer m\u00e1s\" \/>\n<meta property=\"og:url\" content=\"https:\/\/diarioellabrador.cl\/index.php\/2026\/03\/16\/cuelga-los-guantes-y-tomara-la-pizarra-sergio-chiquito-romero-anuncio-su-retiro-del-futbol\/\" \/>\n<meta property=\"og:site_name\" content=\"Diario El Labrador\" \/>\n<meta property=\"article:publisher\" content=\"https:\/\/web.facebook.com\/profile.php?id=61576120840621\" \/>\n<meta property=\"article:published_time\" content=\"2026-03-16T21:28:18+00:00\" \/>\n<meta property=\"article:modified_time\" content=\"2026-03-16T21:28:22+00:00\" \/>\n<meta property=\"og:image\" content=\"https:\/\/diarioellabrador.cl\/wp-content\/uploads\/2026\/03\/Cuelga-los-guantes-y-tomara-la-pizarra-Sergio-Chiquito-Romero-anuncio-su-retiro-del-futbol.jpg\" \/>\n\t<meta property=\"og:image:width\" content=\"945\" \/>\n\t<meta property=\"og:image:height\" content=\"1260\" \/>\n\t<meta property=\"og:image:type\" content=\"image\/jpeg\" \/>\n<meta name=\"author\" content=\"Editor\" \/>\n<meta name=\"twitter:card\" content=\"summary_large_image\" \/>\n<meta name=\"twitter:creator\" content=\"@ElLabradorOf\" \/>\n<meta name=\"twitter:site\" content=\"@ElLabradorOf\" \/>\n<meta name=\"twitter:label1\" content=\"Escrito por\" \/>\n\t<meta name=\"twitter:data1\" content=\"Editor\" \/>\n\t<meta name=\"twitter:label2\" content=\"Tiempo de lectura\" \/>\n\t<meta name=\"twitter:data2\" content=\"2 minutos\" \/>\n<script type=\"application\/ld+json\" class=\"yoast-schema-graph\">{\"@context\":\"https:\\\/\\\/schema.org\",\"@graph\":[{\"@type\":\"Article\",\"@id\":\"https:\\\/\\\/diarioellabrador.cl\\\/index.php\\\/2026\\\/03\\\/16\\\/cuelga-los-guantes-y-tomara-la-pizarra-sergio-chiquito-romero-anuncio-su-retiro-del-futbol\\\/#article\",\"isPartOf\":{\"@id\":\"https:\\\/\\\/diarioellabrador.cl\\\/index.php\\\/2026\\\/03\\\/16\\\/cuelga-los-guantes-y-tomara-la-pizarra-sergio-chiquito-romero-anuncio-su-retiro-del-futbol\\\/\"},\"author\":{\"name\":\"Editor\",\"@id\":\"https:\\\/\\\/diarioellabrador.cl\\\/#\\\/schema\\\/person\\\/bc25ff80b4563f9c7f4bd7855df01685\"},\"headline\":\"Cuelga los guantes y tomar\u00e1 la pizarra: Sergio \u2019Chiquito\u2019 Romero anunci\u00f3 su retiro del f\u00fatbol\",\"datePublished\":\"2026-03-16T21:28:18+00:00\",\"dateModified\":\"2026-03-16T21:28:22+00:00\",\"mainEntityOfPage\":{\"@id\":\"https:\\\/\\\/diarioellabrador.cl\\\/index.php\\\/2026\\\/03\\\/16\\\/cuelga-los-guantes-y-tomara-la-pizarra-sergio-chiquito-romero-anuncio-su-retiro-del-futbol\\\/\"},\"wordCount\":355,\"commentCount\":0,\"publisher\":{\"@id\":\"https:\\\/\\\/diarioellabrador.cl\\\/#organization\"},\"image\":{\"@id\":\"https:\\\/\\\/diarioellabrador.cl\\\/index.php\\\/2026\\\/03\\\/16\\\/cuelga-los-guantes-y-tomara-la-pizarra-sergio-chiquito-romero-anuncio-su-retiro-del-futbol\\\/#primaryimage\"},\"thumbnailUrl\":\"https:\\\/\\\/diarioellabrador.cl\\\/wp-content\\\/uploads\\\/2026\\\/03\\\/Cuelga-los-guantes-y-tomara-la-pizarra-Sergio-Chiquito-Romero-anuncio-su-retiro-del-futbol.jpg\",\"articleSection\":[\"Deportes\"],\"inLanguage\":\"es\",\"potentialAction\":[{\"@type\":\"CommentAction\",\"name\":\"Comment\",\"target\":[\"https:\\\/\\\/diarioellabrador.cl\\\/index.php\\\/2026\\\/03\\\/16\\\/cuelga-los-guantes-y-tomara-la-pizarra-sergio-chiquito-romero-anuncio-su-retiro-del-futbol\\\/#respond\"]}]},{\"@type\":\"WebPage\",\"@id\":\"https:\\\/\\\/diarioellabrador.cl\\\/index.php\\\/2026\\\/03\\\/16\\\/cuelga-los-guantes-y-tomara-la-pizarra-sergio-chiquito-romero-anuncio-su-retiro-del-futbol\\\/\",\"url\":\"https:\\\/\\\/diarioellabrador.cl\\\/index.php\\\/2026\\\/03\\\/16\\\/cuelga-los-guantes-y-tomara-la-pizarra-sergio-chiquito-romero-anuncio-su-retiro-del-futbol\\\/\",\"name\":\"Cuelga los guantes y tomar\u00e1 la pizarra: Sergio \u2019Chiquito\u2019 Romero anunci\u00f3 su retiro del f\u00fatbol - Diario El Labrador\",\"isPartOf\":{\"@id\":\"https:\\\/\\\/diarioellabrador.cl\\\/#website\"},\"primaryImageOfPage\":{\"@id\":\"https:\\\/\\\/diarioellabrador.cl\\\/index.php\\\/2026\\\/03\\\/16\\\/cuelga-los-guantes-y-tomara-la-pizarra-sergio-chiquito-romero-anuncio-su-retiro-del-futbol\\\/#primaryimage\"},\"image\":{\"@id\":\"https:\\\/\\\/diarioellabrador.cl\\\/index.php\\\/2026\\\/03\\\/16\\\/cuelga-los-guantes-y-tomara-la-pizarra-sergio-chiquito-romero-anuncio-su-retiro-del-futbol\\\/#primaryimage\"},\"thumbnailUrl\":\"https:\\\/\\\/diarioellabrador.cl\\\/wp-content\\\/uploads\\\/2026\\\/03\\\/Cuelga-los-guantes-y-tomara-la-pizarra-Sergio-Chiquito-Romero-anuncio-su-retiro-del-futbol.jpg\",\"datePublished\":\"2026-03-16T21:28:18+00:00\",\"dateModified\":\"2026-03-16T21:28:22+00:00\",\"breadcrumb\":{\"@id\":\"https:\\\/\\\/diarioellabrador.cl\\\/index.php\\\/2026\\\/03\\\/16\\\/cuelga-los-guantes-y-tomara-la-pizarra-sergio-chiquito-romero-anuncio-su-retiro-del-futbol\\\/#breadcrumb\"},\"inLanguage\":\"es\",\"potentialAction\":[{\"@type\":\"ReadAction\",\"target\":[\"https:\\\/\\\/diarioellabrador.cl\\\/index.php\\\/2026\\\/03\\\/16\\\/cuelga-los-guantes-y-tomara-la-pizarra-sergio-chiquito-romero-anuncio-su-retiro-del-futbol\\\/\"]}]},{\"@type\":\"ImageObject\",\"inLanguage\":\"es\",\"@id\":\"https:\\\/\\\/diarioellabrador.cl\\\/index.php\\\/2026\\\/03\\\/16\\\/cuelga-los-guantes-y-tomara-la-pizarra-sergio-chiquito-romero-anuncio-su-retiro-del-futbol\\\/#primaryimage\",\"url\":\"https:\\\/\\\/diarioellabrador.cl\\\/wp-content\\\/uploads\\\/2026\\\/03\\\/Cuelga-los-guantes-y-tomara-la-pizarra-Sergio-Chiquito-Romero-anuncio-su-retiro-del-futbol.jpg\",\"contentUrl\":\"https:\\\/\\\/diarioellabrador.cl\\\/wp-content\\\/uploads\\\/2026\\\/03\\\/Cuelga-los-guantes-y-tomara-la-pizarra-Sergio-Chiquito-Romero-anuncio-su-retiro-del-futbol.jpg\",\"width\":945,\"height\":1260},{\"@type\":\"BreadcrumbList\",\"@id\":\"https:\\\/\\\/diarioellabrador.cl\\\/index.php\\\/2026\\\/03\\\/16\\\/cuelga-los-guantes-y-tomara-la-pizarra-sergio-chiquito-romero-anuncio-su-retiro-del-futbol\\\/#breadcrumb\",\"itemListElement\":[{\"@type\":\"ListItem\",\"position\":1,\"name\":\"Portada\",\"item\":\"https:\\\/\\\/diarioellabrador.cl\\\/\"},{\"@type\":\"ListItem\",\"position\":2,\"name\":\"Cuelga los guantes y tomar\u00e1 la pizarra: Sergio \u2019Chiquito\u2019 Romero anunci\u00f3 su retiro del f\u00fatbol\"}]},{\"@type\":\"WebSite\",\"@id\":\"https:\\\/\\\/diarioellabrador.cl\\\/#website\",\"url\":\"https:\\\/\\\/diarioellabrador.cl\\\/\",\"name\":\"Diario El Labrador\",\"description\":\"Haciendo noticia desde 1921\",\"publisher\":{\"@id\":\"https:\\\/\\\/diarioellabrador.cl\\\/#organization\"},\"potentialAction\":[{\"@type\":\"SearchAction\",\"target\":{\"@type\":\"EntryPoint\",\"urlTemplate\":\"https:\\\/\\\/diarioellabrador.cl\\\/?s={search_term_string}\"},\"query-input\":{\"@type\":\"PropertyValueSpecification\",\"valueRequired\":true,\"valueName\":\"search_term_string\"}}],\"inLanguage\":\"es\"},{\"@type\":\"Organization\",\"@id\":\"https:\\\/\\\/diarioellabrador.cl\\\/#organization\",\"name\":\"Diario El Labrador\",\"url\":\"https:\\\/\\\/diarioellabrador.cl\\\/\",\"logo\":{\"@type\":\"ImageObject\",\"inLanguage\":\"es\",\"@id\":\"https:\\\/\\\/diarioellabrador.cl\\\/#\\\/schema\\\/logo\\\/image\\\/\",\"url\":\"https:\\\/\\\/diarioellabrador.cl\\\/wp-content\\\/uploads\\\/2025\\\/02\\\/cropped-Logo-Icono.png\",\"contentUrl\":\"https:\\\/\\\/diarioellabrador.cl\\\/wp-content\\\/uploads\\\/2025\\\/02\\\/cropped-Logo-Icono.png\",\"width\":512,\"height\":512,\"caption\":\"Diario El Labrador\"},\"image\":{\"@id\":\"https:\\\/\\\/diarioellabrador.cl\\\/#\\\/schema\\\/logo\\\/image\\\/\"},\"sameAs\":[\"https:\\\/\\\/web.facebook.com\\\/profile.php?id=61576120840621\",\"https:\\\/\\\/x.com\\\/ElLabradorOf\",\"https:\\\/\\\/www.instagram.com\\\/diarioellabradoroficial\\\/\"]},{\"@type\":\"Person\",\"@id\":\"https:\\\/\\\/diarioellabrador.cl\\\/#\\\/schema\\\/person\\\/bc25ff80b4563f9c7f4bd7855df01685\",\"name\":\"Editor\",\"image\":{\"@type\":\"ImageObject\",\"inLanguage\":\"es\",\"@id\":\"https:\\\/\\\/secure.gravatar.com\\\/avatar\\\/109c326cf2be5c04f048c2c2a2b8b6ef44bf3d8d1d3d4c55d0ac40c4bc994684?s=96&d=mm&r=g\",\"url\":\"https:\\\/\\\/secure.gravatar.com\\\/avatar\\\/109c326cf2be5c04f048c2c2a2b8b6ef44bf3d8d1d3d4c55d0ac40c4bc994684?s=96&d=mm&r=g\",\"contentUrl\":\"https:\\\/\\\/secure.gravatar.com\\\/avatar\\\/109c326cf2be5c04f048c2c2a2b8b6ef44bf3d8d1d3d4c55d0ac40c4bc994684?s=96&d=mm&r=g\",\"caption\":\"Editor\"},\"url\":\"https:\\\/\\\/diarioellabrador.cl\\\/index.php\\\/author\\\/editor\\\/\"}]}<\/script>\n<!-- \/ Yoast SEO plugin. -->","yoast_head_json":{"title":"Cuelga los guantes y tomar\u00e1 la pizarra: Sergio \u2019Chiquito\u2019 Romero anunci\u00f3 su retiro del f\u00fatbol - Diario El Labrador","robots":{"index":"index","follow":"follow","max-snippet":"max-snippet:-1","max-image-preview":"max-image-preview:large","max-video-preview":"max-video-preview:-1"},"canonical":"https:\/\/diarioellabrador.cl\/index.php\/2026\/03\/16\/cuelga-los-guantes-y-tomara-la-pizarra-sergio-chiquito-romero-anuncio-su-retiro-del-futbol\/","og_locale":"es_ES","og_type":"article","og_title":"Cuelga los guantes y tomar\u00e1 la pizarra: Sergio \u2019Chiquito\u2019 Romero anunci\u00f3 su retiro del f\u00fatbol - Diario El Labrador","og_description":"Sergio \u2018Chiquito\u201d Romero dio por cerrada su etapa como jugador y comenzar\u00e1 su nuevo rol como estratega, el exportero de 39 a\u00f1os colg\u00f3 los guantes tras su paso por Argentinos Juniors. Sergio Romero tom\u00f3 la decisi\u00f3n de retirarse del f\u00fatbol profesional luego de tener su \u00faltima experiencia en Argentino Juniors, el exportero mundialista hab\u00eda cumplido Leer m\u00e1s","og_url":"https:\/\/diarioellabrador.cl\/index.php\/2026\/03\/16\/cuelga-los-guantes-y-tomara-la-pizarra-sergio-chiquito-romero-anuncio-su-retiro-del-futbol\/","og_site_name":"Diario El Labrador","article_publisher":"https:\/\/web.facebook.com\/profile.php?id=61576120840621","article_published_time":"2026-03-16T21:28:18+00:00","article_modified_time":"2026-03-16T21:28:22+00:00","og_image":[{"width":945,"height":1260,"url":"https:\/\/diarioellabrador.cl\/wp-content\/uploads\/2026\/03\/Cuelga-los-guantes-y-tomara-la-pizarra-Sergio-Chiquito-Romero-anuncio-su-retiro-del-futbol.jpg","type":"image\/jpeg"}],"author":"Editor","twitter_card":"summary_large_image","twitter_creator":"@ElLabradorOf","twitter_site":"@ElLabradorOf","twitter_misc":{"Escrito por":"Editor","Tiempo de lectura":"2 minutos"},"schema":{"@context":"https:\/\/schema.org","@graph":[{"@type":"Article","@id":"https:\/\/diarioellabrador.cl\/index.php\/2026\/03\/16\/cuelga-los-guantes-y-tomara-la-pizarra-sergio-chiquito-romero-anuncio-su-retiro-del-futbol\/#article","isPartOf":{"@id":"https:\/\/diarioellabrador.cl\/index.php\/2026\/03\/16\/cuelga-los-guantes-y-tomara-la-pizarra-sergio-chiquito-romero-anuncio-su-retiro-del-futbol\/"},"author":{"name":"Editor","@id":"https:\/\/diarioellabrador.cl\/#\/schema\/person\/bc25ff80b4563f9c7f4bd7855df01685"},"headline":"Cuelga los guantes y tomar\u00e1 la pizarra: Sergio \u2019Chiquito\u2019 Romero anunci\u00f3 su retiro del f\u00fatbol","datePublished":"2026-03-16T21:28:18+00:00","dateModified":"2026-03-16T21:28:22+00:00","mainEntityOfPage":{"@id":"https:\/\/diarioellabrador.cl\/index.php\/2026\/03\/16\/cuelga-los-guantes-y-tomara-la-pizarra-sergio-chiquito-romero-anuncio-su-retiro-del-futbol\/"},"wordCount":355,"commentCount":0,"publisher":{"@id":"https:\/\/diarioellabrador.cl\/#organization"},"image":{"@id":"https:\/\/diarioellabrador.cl\/index.php\/2026\/03\/16\/cuelga-los-guantes-y-tomara-la-pizarra-sergio-chiquito-romero-anuncio-su-retiro-del-futbol\/#primaryimage"},"thumbnailUrl":"https:\/\/diarioellabrador.cl\/wp-content\/uploads\/2026\/03\/Cuelga-los-guantes-y-tomara-la-pizarra-Sergio-Chiquito-Romero-anuncio-su-retiro-del-futbol.jpg","articleSection":["Deportes"],"inLanguage":"es","potentialAction":[{"@type":"CommentAction","name":"Comment","target":["https:\/\/diarioellabrador.cl\/index.php\/2026\/03\/16\/cuelga-los-guantes-y-tomara-la-pizarra-sergio-chiquito-romero-anuncio-su-retiro-del-futbol\/#respond"]}]},{"@type":"WebPage","@id":"https:\/\/diarioellabrador.cl\/index.php\/2026\/03\/16\/cuelga-los-guantes-y-tomara-la-pizarra-sergio-chiquito-romero-anuncio-su-retiro-del-futbol\/","url":"https:\/\/diarioellabrador.cl\/index.php\/2026\/03\/16\/cuelga-los-guantes-y-tomara-la-pizarra-sergio-chiquito-romero-anuncio-su-retiro-del-futbol\/","name":"Cuelga los guantes y tomar\u00e1 la pizarra: Sergio \u2019Chiquito\u2019 Romero anunci\u00f3 su retiro del f\u00fatbol - Diario El Labrador","isPartOf":{"@id":"https:\/\/diarioellabrador.cl\/#website"},"primaryImageOfPage":{"@id":"https:\/\/diarioellabrador.cl\/index.php\/2026\/03\/16\/cuelga-los-guantes-y-tomara-la-pizarra-sergio-chiquito-romero-anuncio-su-retiro-del-futbol\/#primaryimage"},"image":{"@id":"https:\/\/diarioellabrador.cl\/index.php\/2026\/03\/16\/cuelga-los-guantes-y-tomara-la-pizarra-sergio-chiquito-romero-anuncio-su-retiro-del-futbol\/#primaryimage"},"thumbnailUrl":"https:\/\/diarioellabrador.cl\/wp-content\/uploads\/2026\/03\/Cuelga-los-guantes-y-tomara-la-pizarra-Sergio-Chiquito-Romero-anuncio-su-retiro-del-futbol.jpg","datePublished":"2026-03-16T21:28:18+00:00","dateModified":"2026-03-16T21:28:22+00:00","breadcrumb":{"@id":"https:\/\/diarioellabrador.cl\/index.php\/2026\/03\/16\/cuelga-los-guantes-y-tomara-la-pizarra-sergio-chiquito-romero-anuncio-su-retiro-del-futbol\/#breadcrumb"},"inLanguage":"es","potentialAction":[{"@type":"ReadAction","target":["https:\/\/diarioellabrador.cl\/index.php\/2026\/03\/16\/cuelga-los-guantes-y-tomara-la-pizarra-sergio-chiquito-romero-anuncio-su-retiro-del-futbol\/"]}]},{"@type":"ImageObject","inLanguage":"es","@id":"https:\/\/diarioellabrador.cl\/index.php\/2026\/03\/16\/cuelga-los-guantes-y-tomara-la-pizarra-sergio-chiquito-romero-anuncio-su-retiro-del-futbol\/#primaryimage","url":"https:\/\/diarioellabrador.cl\/wp-content\/uploads\/2026\/03\/Cuelga-los-guantes-y-tomara-la-pizarra-Sergio-Chiquito-Romero-anuncio-su-retiro-del-futbol.jpg","contentUrl":"https:\/\/diarioellabrador.cl\/wp-content\/uploads\/2026\/03\/Cuelga-los-guantes-y-tomara-la-pizarra-Sergio-Chiquito-Romero-anuncio-su-retiro-del-futbol.jpg","width":945,"height":1260},{"@type":"BreadcrumbList","@id":"https:\/\/diarioellabrador.cl\/index.php\/2026\/03\/16\/cuelga-los-guantes-y-tomara-la-pizarra-sergio-chiquito-romero-anuncio-su-retiro-del-futbol\/#breadcrumb","itemListElement":[{"@type":"ListItem","position":1,"name":"Portada","item":"https:\/\/diarioellabrador.cl\/"},{"@type":"ListItem","position":2,"name":"Cuelga los guantes y tomar\u00e1 la pizarra: Sergio \u2019Chiquito\u2019 Romero anunci\u00f3 su retiro del f\u00fatbol"}]},{"@type":"WebSite","@id":"https:\/\/diarioellabrador.cl\/#website","url":"https:\/\/diarioellabrador.cl\/","name":"Diario El Labrador","description":"Haciendo noticia desde 1921","publisher":{"@id":"https:\/\/diarioellabrador.cl\/#organization"},"potentialAction":[{"@type":"SearchAction","target":{"@type":"EntryPoint","urlTemplate":"https:\/\/diarioellabrador.cl\/?s={search_term_string}"},"query-input":{"@type":"PropertyValueSpecification","valueRequired":true,"valueName":"search_term_string"}}],"inLanguage":"es"},{"@type":"Organization","@id":"https:\/\/diarioellabrador.cl\/#organization","name":"Diario El Labrador","url":"https:\/\/diarioellabrador.cl\/","logo":{"@type":"ImageObject","inLanguage":"es","@id":"https:\/\/diarioellabrador.cl\/#\/schema\/logo\/image\/","url":"https:\/\/diarioellabrador.cl\/wp-content\/uploads\/2025\/02\/cropped-Logo-Icono.png","contentUrl":"https:\/\/diarioellabrador.cl\/wp-content\/uploads\/2025\/02\/cropped-Logo-Icono.png","width":512,"height":512,"caption":"Diario El Labrador"},"image":{"@id":"https:\/\/diarioellabrador.cl\/#\/schema\/logo\/image\/"},"sameAs":["https:\/\/web.facebook.com\/profile.php?id=61576120840621","https:\/\/x.com\/ElLabradorOf","https:\/\/www.instagram.com\/diarioellabradoroficial\/"]},{"@type":"Person","@id":"https:\/\/diarioellabrador.cl\/#\/schema\/person\/bc25ff80b4563f9c7f4bd7855df01685","name":"Editor","image":{"@type":"ImageObject","inLanguage":"es","@id":"https:\/\/secure.gravatar.com\/avatar\/109c326cf2be5c04f048c2c2a2b8b6ef44bf3d8d1d3d4c55d0ac40c4bc994684?s=96&d=mm&r=g","url":"https:\/\/secure.gravatar.com\/avatar\/109c326cf2be5c04f048c2c2a2b8b6ef44bf3d8d1d3d4c55d0ac40c4bc994684?s=96&d=mm&r=g","contentUrl":"https:\/\/secure.gravatar.com\/avatar\/109c326cf2be5c04f048c2c2a2b8b6ef44bf3d8d1d3d4c55d0ac40c4bc994684?s=96&d=mm&r=g","caption":"Editor"},"url":"https:\/\/diarioellabrador.cl\/index.php\/author\/editor\/"}]}},"_links":{"self":[{"href":"https:\/\/diarioellabrador.cl\/index.php\/wp-json\/wp\/v2\/posts\/16642","targetHints":{"allow":["GET"]}}],"collection":[{"href":"https:\/\/diarioellabrador.cl\/index.php\/wp-json\/wp\/v2\/posts"}],"about":[{"href":"https:\/\/diarioellabrador.cl\/index.php\/wp-json\/wp\/v2\/types\/post"}],"author":[{"embeddable":true,"href":"https:\/\/diarioellabrador.cl\/index.php\/wp-json\/wp\/v2\/users\/2"}],"replies":[{"embeddable":true,"href":"https:\/\/diarioellabrador.cl\/index.php\/wp-json\/wp\/v2\/comments?post=16642"}],"version-history":[{"count":1,"href":"https:\/\/diarioellabrador.cl\/index.php\/wp-json\/wp\/v2\/posts\/16642\/revisions"}],"predecessor-version":[{"id":16643,"href":"https:\/\/diarioellabrador.cl\/index.php\/wp-json\/wp\/v2\/posts\/16642\/revisions\/16643"}],"wp:featuredmedia":[{"embeddable":true,"href":"https:\/\/diarioellabrador.cl\/index.php\/wp-json\/wp\/v2\/media\/16610"}],"wp:attachment":[{"href":"https:\/\/diarioellabrador.cl\/index.php\/wp-json\/wp\/v2\/media?parent=16642"}],"wp:term":[{"taxonomy":"category","embeddable":true,"href":"https:\/\/diarioellabrador.cl\/index.php\/wp-json\/wp\/v2\/categories?post=16642"},{"taxonomy":"post_tag","embeddable":true,"href":"https:\/\/diarioellabrador.cl\/index.php\/wp-json\/wp\/v2\/tags?post=16642"}],"curies":[{"name":"wp","href":"https:\/\/api.w.org\/{rel}","templated":true}]}}