{"id":16640,"date":"2026-03-16T17:27:42","date_gmt":"2026-03-16T21:27:42","guid":{"rendered":"https:\/\/diarioellabrador.cl\/?p=16640"},"modified":"2026-03-16T17:27:43","modified_gmt":"2026-03-16T21:27:43","slug":"la-roja-oficializa-nomina-para-fechas-del-fifa-series-de-marzo-pulgar-ausente-y-ulloa-la-sorpresa","status":"publish","type":"post","link":"https:\/\/diarioellabrador.cl\/index.php\/2026\/03\/16\/la-roja-oficializa-nomina-para-fechas-del-fifa-series-de-marzo-pulgar-ausente-y-ulloa-la-sorpresa\/","title":{"rendered":"La Roja oficializa n\u00f3mina para fechas del FIFA Series de marzo: Pulgar ausente y Ulloa la sorpresa"},"content":{"rendered":"\n<p><strong>La Roja<\/strong> ya tiene n\u00f3mina para sus primeros desaf\u00edos en FIFA Series. Este lunes se oficializ\u00f3 los convocados por Nicol\u00e1s C\u00f3rdova para los pleitos ante Cabo Verde y Nueva Zelanda.<\/p>\n\n\n\n<p>El combinado chileno se traslada a suelo oc\u00e9anino, para enfrentar el 27 al conjunto africano y el 30 al anfitri\u00f3n.<\/p>\n\n\n\n<p>C\u00f3rdova se la juega una vez m\u00e1s, en su mayor\u00eda, por jugadores j\u00f3venes, donde destacan nombres como <strong>Sebasti\u00e1n Mella, Felipe Fa\u00fandez, Iv\u00e1n Rom\u00e1n, Ian Garguez, Felipe Ogaz, Benjam\u00edn Chand\u00eda y Lautaro Mill\u00e1n.<\/strong><\/p>\n\n\n\n<p>Sin embargo, la principal sorpresa fue la convocatoria de <strong>Diego Ulloa, joven defensor que se ha gado su lugar en Colo Colo.<\/strong><\/p>\n\n\n\n<p>Por otro lado, hay otros futbolistas que tambi\u00e9n se han transformado en una constante para C\u00f3rdova. Ah\u00ed aparecen Laurence Vigouroux, Benjam\u00edn Kuscevic, Guillermo Marip\u00e1n, Gabriel Suazo, Rodrigo Echeverr\u00eda, Vicente Pizarro, Dar\u00edo Osorio, Ben Brereton y Lucas Cepeda.<\/p>\n\n\n\n<p>En cuanto a las ausencias, <strong>Marcelino N\u00fa\u00f1ez y Erick Pulgar<\/strong> son los nombres principales, teniendo en cuenta los roles que cumplen en sus respectivos clubes.<\/p>\n","protected":false},"excerpt":{"rendered":"<p>La Roja ya tiene n\u00f3mina para sus primeros desaf\u00edos en FIFA Series. Este lunes se oficializ\u00f3 los convocados por Nicol\u00e1s C\u00f3rdova para los pleitos ante Cabo Verde y Nueva Zelanda. El combinado chileno se traslada a suelo oc\u00e9anino, para enfrentar el 27 al conjunto africano y el 30 al anfitri\u00f3n. C\u00f3rdova se la juega una<\/p>\n<div class=\"read-more-wrapper\"><a class=\"read-more\" href=\"https:\/\/diarioellabrador.cl\/index.php\/2026\/03\/16\/la-roja-oficializa-nomina-para-fechas-del-fifa-series-de-marzo-pulgar-ausente-y-ulloa-la-sorpresa\/\" title=\"Leer m\u00e1s\"> <span class=\"button \">Leer m\u00e1s<\/span><\/a><\/div>\n","protected":false},"author":2,"featured_media":16611,"comment_status":"open","ping_status":"open","sticky":false,"template":"","format":"standard","meta":{"footnotes":""},"categories":[4],"tags":[],"class_list":["post-16640","post","type-post","status-publish","format-standard","has-post-thumbnail","hentry","category-deportes"],"yoast_head":"<!-- This site is optimized with the Yoast SEO plugin v27.5 - https:\/\/yoast.com\/product\/yoast-seo-wordpress\/ -->\n<title>La Roja oficializa n\u00f3mina para fechas del FIFA Series de marzo: Pulgar ausente y Ulloa la sorpresa - Diario El Labrador<\/title>\n<meta name=\"robots\" content=\"index, follow, max-snippet:-1, max-image-preview:large, max-video-preview:-1\" \/>\n<link rel=\"canonical\" href=\"https:\/\/diarioellabrador.cl\/index.php\/2026\/03\/16\/la-roja-oficializa-nomina-para-fechas-del-fifa-series-de-marzo-pulgar-ausente-y-ulloa-la-sorpresa\/\" \/>\n<meta property=\"og:locale\" content=\"es_ES\" \/>\n<meta property=\"og:type\" content=\"article\" \/>\n<meta property=\"og:title\" content=\"La Roja oficializa n\u00f3mina para fechas del FIFA Series de marzo: Pulgar ausente y Ulloa la sorpresa - Diario El Labrador\" \/>\n<meta property=\"og:description\" content=\"La Roja ya tiene n\u00f3mina para sus primeros desaf\u00edos en FIFA Series. Este lunes se oficializ\u00f3 los convocados por Nicol\u00e1s C\u00f3rdova para los pleitos ante Cabo Verde y Nueva Zelanda. El combinado chileno se traslada a suelo oc\u00e9anino, para enfrentar el 27 al conjunto africano y el 30 al anfitri\u00f3n. C\u00f3rdova se la juega una Leer m\u00e1s\" \/>\n<meta property=\"og:url\" content=\"https:\/\/diarioellabrador.cl\/index.php\/2026\/03\/16\/la-roja-oficializa-nomina-para-fechas-del-fifa-series-de-marzo-pulgar-ausente-y-ulloa-la-sorpresa\/\" \/>\n<meta property=\"og:site_name\" content=\"Diario El Labrador\" \/>\n<meta property=\"article:publisher\" content=\"https:\/\/web.facebook.com\/profile.php?id=61576120840621\" \/>\n<meta property=\"article:published_time\" content=\"2026-03-16T21:27:42+00:00\" \/>\n<meta property=\"article:modified_time\" content=\"2026-03-16T21:27:43+00:00\" \/>\n<meta property=\"og:image\" content=\"https:\/\/diarioellabrador.cl\/wp-content\/uploads\/2026\/03\/La-Roja-oficializa-nomina-para-fechas-del-FIFA-Series-de-marzo-Pulgar-ausente-y-Ulloa-la-sorpresa.jpg\" \/>\n\t<meta property=\"og:image:width\" content=\"768\" \/>\n\t<meta property=\"og:image:height\" content=\"550\" \/>\n\t<meta property=\"og:image:type\" content=\"image\/jpeg\" \/>\n<meta name=\"author\" content=\"Editor\" \/>\n<meta name=\"twitter:card\" content=\"summary_large_image\" \/>\n<meta name=\"twitter:creator\" content=\"@ElLabradorOf\" \/>\n<meta name=\"twitter:site\" content=\"@ElLabradorOf\" \/>\n<meta name=\"twitter:label1\" content=\"Escrito por\" \/>\n\t<meta name=\"twitter:data1\" content=\"Editor\" \/>\n\t<meta name=\"twitter:label2\" content=\"Tiempo de lectura\" \/>\n\t<meta name=\"twitter:data2\" content=\"1 minuto\" \/>\n<script type=\"application\/ld+json\" class=\"yoast-schema-graph\">{\"@context\":\"https:\\\/\\\/schema.org\",\"@graph\":[{\"@type\":\"Article\",\"@id\":\"https:\\\/\\\/diarioellabrador.cl\\\/index.php\\\/2026\\\/03\\\/16\\\/la-roja-oficializa-nomina-para-fechas-del-fifa-series-de-marzo-pulgar-ausente-y-ulloa-la-sorpresa\\\/#article\",\"isPartOf\":{\"@id\":\"https:\\\/\\\/diarioellabrador.cl\\\/index.php\\\/2026\\\/03\\\/16\\\/la-roja-oficializa-nomina-para-fechas-del-fifa-series-de-marzo-pulgar-ausente-y-ulloa-la-sorpresa\\\/\"},\"author\":{\"name\":\"Editor\",\"@id\":\"https:\\\/\\\/diarioellabrador.cl\\\/#\\\/schema\\\/person\\\/bc25ff80b4563f9c7f4bd7855df01685\"},\"headline\":\"La Roja oficializa n\u00f3mina para fechas del FIFA Series de marzo: Pulgar ausente y Ulloa la sorpresa\",\"datePublished\":\"2026-03-16T21:27:42+00:00\",\"dateModified\":\"2026-03-16T21:27:43+00:00\",\"mainEntityOfPage\":{\"@id\":\"https:\\\/\\\/diarioellabrador.cl\\\/index.php\\\/2026\\\/03\\\/16\\\/la-roja-oficializa-nomina-para-fechas-del-fifa-series-de-marzo-pulgar-ausente-y-ulloa-la-sorpresa\\\/\"},\"wordCount\":206,\"commentCount\":0,\"publisher\":{\"@id\":\"https:\\\/\\\/diarioellabrador.cl\\\/#organization\"},\"image\":{\"@id\":\"https:\\\/\\\/diarioellabrador.cl\\\/index.php\\\/2026\\\/03\\\/16\\\/la-roja-oficializa-nomina-para-fechas-del-fifa-series-de-marzo-pulgar-ausente-y-ulloa-la-sorpresa\\\/#primaryimage\"},\"thumbnailUrl\":\"https:\\\/\\\/diarioellabrador.cl\\\/wp-content\\\/uploads\\\/2026\\\/03\\\/La-Roja-oficializa-nomina-para-fechas-del-FIFA-Series-de-marzo-Pulgar-ausente-y-Ulloa-la-sorpresa.jpg\",\"articleSection\":[\"Deportes\"],\"inLanguage\":\"es\",\"potentialAction\":[{\"@type\":\"CommentAction\",\"name\":\"Comment\",\"target\":[\"https:\\\/\\\/diarioellabrador.cl\\\/index.php\\\/2026\\\/03\\\/16\\\/la-roja-oficializa-nomina-para-fechas-del-fifa-series-de-marzo-pulgar-ausente-y-ulloa-la-sorpresa\\\/#respond\"]}]},{\"@type\":\"WebPage\",\"@id\":\"https:\\\/\\\/diarioellabrador.cl\\\/index.php\\\/2026\\\/03\\\/16\\\/la-roja-oficializa-nomina-para-fechas-del-fifa-series-de-marzo-pulgar-ausente-y-ulloa-la-sorpresa\\\/\",\"url\":\"https:\\\/\\\/diarioellabrador.cl\\\/index.php\\\/2026\\\/03\\\/16\\\/la-roja-oficializa-nomina-para-fechas-del-fifa-series-de-marzo-pulgar-ausente-y-ulloa-la-sorpresa\\\/\",\"name\":\"La Roja oficializa n\u00f3mina para fechas del FIFA Series de marzo: Pulgar ausente y Ulloa la sorpresa - Diario El Labrador\",\"isPartOf\":{\"@id\":\"https:\\\/\\\/diarioellabrador.cl\\\/#website\"},\"primaryImageOfPage\":{\"@id\":\"https:\\\/\\\/diarioellabrador.cl\\\/index.php\\\/2026\\\/03\\\/16\\\/la-roja-oficializa-nomina-para-fechas-del-fifa-series-de-marzo-pulgar-ausente-y-ulloa-la-sorpresa\\\/#primaryimage\"},\"image\":{\"@id\":\"https:\\\/\\\/diarioellabrador.cl\\\/index.php\\\/2026\\\/03\\\/16\\\/la-roja-oficializa-nomina-para-fechas-del-fifa-series-de-marzo-pulgar-ausente-y-ulloa-la-sorpresa\\\/#primaryimage\"},\"thumbnailUrl\":\"https:\\\/\\\/diarioellabrador.cl\\\/wp-content\\\/uploads\\\/2026\\\/03\\\/La-Roja-oficializa-nomina-para-fechas-del-FIFA-Series-de-marzo-Pulgar-ausente-y-Ulloa-la-sorpresa.jpg\",\"datePublished\":\"2026-03-16T21:27:42+00:00\",\"dateModified\":\"2026-03-16T21:27:43+00:00\",\"breadcrumb\":{\"@id\":\"https:\\\/\\\/diarioellabrador.cl\\\/index.php\\\/2026\\\/03\\\/16\\\/la-roja-oficializa-nomina-para-fechas-del-fifa-series-de-marzo-pulgar-ausente-y-ulloa-la-sorpresa\\\/#breadcrumb\"},\"inLanguage\":\"es\",\"potentialAction\":[{\"@type\":\"ReadAction\",\"target\":[\"https:\\\/\\\/diarioellabrador.cl\\\/index.php\\\/2026\\\/03\\\/16\\\/la-roja-oficializa-nomina-para-fechas-del-fifa-series-de-marzo-pulgar-ausente-y-ulloa-la-sorpresa\\\/\"]}]},{\"@type\":\"ImageObject\",\"inLanguage\":\"es\",\"@id\":\"https:\\\/\\\/diarioellabrador.cl\\\/index.php\\\/2026\\\/03\\\/16\\\/la-roja-oficializa-nomina-para-fechas-del-fifa-series-de-marzo-pulgar-ausente-y-ulloa-la-sorpresa\\\/#primaryimage\",\"url\":\"https:\\\/\\\/diarioellabrador.cl\\\/wp-content\\\/uploads\\\/2026\\\/03\\\/La-Roja-oficializa-nomina-para-fechas-del-FIFA-Series-de-marzo-Pulgar-ausente-y-Ulloa-la-sorpresa.jpg\",\"contentUrl\":\"https:\\\/\\\/diarioellabrador.cl\\\/wp-content\\\/uploads\\\/2026\\\/03\\\/La-Roja-oficializa-nomina-para-fechas-del-FIFA-Series-de-marzo-Pulgar-ausente-y-Ulloa-la-sorpresa.jpg\",\"width\":768,\"height\":550},{\"@type\":\"BreadcrumbList\",\"@id\":\"https:\\\/\\\/diarioellabrador.cl\\\/index.php\\\/2026\\\/03\\\/16\\\/la-roja-oficializa-nomina-para-fechas-del-fifa-series-de-marzo-pulgar-ausente-y-ulloa-la-sorpresa\\\/#breadcrumb\",\"itemListElement\":[{\"@type\":\"ListItem\",\"position\":1,\"name\":\"Portada\",\"item\":\"https:\\\/\\\/diarioellabrador.cl\\\/\"},{\"@type\":\"ListItem\",\"position\":2,\"name\":\"La Roja oficializa n\u00f3mina para fechas del FIFA Series de marzo: Pulgar ausente y Ulloa la sorpresa\"}]},{\"@type\":\"WebSite\",\"@id\":\"https:\\\/\\\/diarioellabrador.cl\\\/#website\",\"url\":\"https:\\\/\\\/diarioellabrador.cl\\\/\",\"name\":\"Diario El Labrador\",\"description\":\"Haciendo noticia desde 1921\",\"publisher\":{\"@id\":\"https:\\\/\\\/diarioellabrador.cl\\\/#organization\"},\"potentialAction\":[{\"@type\":\"SearchAction\",\"target\":{\"@type\":\"EntryPoint\",\"urlTemplate\":\"https:\\\/\\\/diarioellabrador.cl\\\/?s={search_term_string}\"},\"query-input\":{\"@type\":\"PropertyValueSpecification\",\"valueRequired\":true,\"valueName\":\"search_term_string\"}}],\"inLanguage\":\"es\"},{\"@type\":\"Organization\",\"@id\":\"https:\\\/\\\/diarioellabrador.cl\\\/#organization\",\"name\":\"Diario El Labrador\",\"url\":\"https:\\\/\\\/diarioellabrador.cl\\\/\",\"logo\":{\"@type\":\"ImageObject\",\"inLanguage\":\"es\",\"@id\":\"https:\\\/\\\/diarioellabrador.cl\\\/#\\\/schema\\\/logo\\\/image\\\/\",\"url\":\"https:\\\/\\\/diarioellabrador.cl\\\/wp-content\\\/uploads\\\/2025\\\/02\\\/cropped-Logo-Icono.png\",\"contentUrl\":\"https:\\\/\\\/diarioellabrador.cl\\\/wp-content\\\/uploads\\\/2025\\\/02\\\/cropped-Logo-Icono.png\",\"width\":512,\"height\":512,\"caption\":\"Diario El Labrador\"},\"image\":{\"@id\":\"https:\\\/\\\/diarioellabrador.cl\\\/#\\\/schema\\\/logo\\\/image\\\/\"},\"sameAs\":[\"https:\\\/\\\/web.facebook.com\\\/profile.php?id=61576120840621\",\"https:\\\/\\\/x.com\\\/ElLabradorOf\",\"https:\\\/\\\/www.instagram.com\\\/diarioellabradoroficial\\\/\"]},{\"@type\":\"Person\",\"@id\":\"https:\\\/\\\/diarioellabrador.cl\\\/#\\\/schema\\\/person\\\/bc25ff80b4563f9c7f4bd7855df01685\",\"name\":\"Editor\",\"image\":{\"@type\":\"ImageObject\",\"inLanguage\":\"es\",\"@id\":\"https:\\\/\\\/secure.gravatar.com\\\/avatar\\\/109c326cf2be5c04f048c2c2a2b8b6ef44bf3d8d1d3d4c55d0ac40c4bc994684?s=96&d=mm&r=g\",\"url\":\"https:\\\/\\\/secure.gravatar.com\\\/avatar\\\/109c326cf2be5c04f048c2c2a2b8b6ef44bf3d8d1d3d4c55d0ac40c4bc994684?s=96&d=mm&r=g\",\"contentUrl\":\"https:\\\/\\\/secure.gravatar.com\\\/avatar\\\/109c326cf2be5c04f048c2c2a2b8b6ef44bf3d8d1d3d4c55d0ac40c4bc994684?s=96&d=mm&r=g\",\"caption\":\"Editor\"},\"url\":\"https:\\\/\\\/diarioellabrador.cl\\\/index.php\\\/author\\\/editor\\\/\"}]}<\/script>\n<!-- \/ Yoast SEO plugin. -->","yoast_head_json":{"title":"La Roja oficializa n\u00f3mina para fechas del FIFA Series de marzo: Pulgar ausente y Ulloa la sorpresa - Diario El Labrador","robots":{"index":"index","follow":"follow","max-snippet":"max-snippet:-1","max-image-preview":"max-image-preview:large","max-video-preview":"max-video-preview:-1"},"canonical":"https:\/\/diarioellabrador.cl\/index.php\/2026\/03\/16\/la-roja-oficializa-nomina-para-fechas-del-fifa-series-de-marzo-pulgar-ausente-y-ulloa-la-sorpresa\/","og_locale":"es_ES","og_type":"article","og_title":"La Roja oficializa n\u00f3mina para fechas del FIFA Series de marzo: Pulgar ausente y Ulloa la sorpresa - Diario El Labrador","og_description":"La Roja ya tiene n\u00f3mina para sus primeros desaf\u00edos en FIFA Series. Este lunes se oficializ\u00f3 los convocados por Nicol\u00e1s C\u00f3rdova para los pleitos ante Cabo Verde y Nueva Zelanda. El combinado chileno se traslada a suelo oc\u00e9anino, para enfrentar el 27 al conjunto africano y el 30 al anfitri\u00f3n. C\u00f3rdova se la juega una Leer m\u00e1s","og_url":"https:\/\/diarioellabrador.cl\/index.php\/2026\/03\/16\/la-roja-oficializa-nomina-para-fechas-del-fifa-series-de-marzo-pulgar-ausente-y-ulloa-la-sorpresa\/","og_site_name":"Diario El Labrador","article_publisher":"https:\/\/web.facebook.com\/profile.php?id=61576120840621","article_published_time":"2026-03-16T21:27:42+00:00","article_modified_time":"2026-03-16T21:27:43+00:00","og_image":[{"width":768,"height":550,"url":"https:\/\/diarioellabrador.cl\/wp-content\/uploads\/2026\/03\/La-Roja-oficializa-nomina-para-fechas-del-FIFA-Series-de-marzo-Pulgar-ausente-y-Ulloa-la-sorpresa.jpg","type":"image\/jpeg"}],"author":"Editor","twitter_card":"summary_large_image","twitter_creator":"@ElLabradorOf","twitter_site":"@ElLabradorOf","twitter_misc":{"Escrito por":"Editor","Tiempo de lectura":"1 minuto"},"schema":{"@context":"https:\/\/schema.org","@graph":[{"@type":"Article","@id":"https:\/\/diarioellabrador.cl\/index.php\/2026\/03\/16\/la-roja-oficializa-nomina-para-fechas-del-fifa-series-de-marzo-pulgar-ausente-y-ulloa-la-sorpresa\/#article","isPartOf":{"@id":"https:\/\/diarioellabrador.cl\/index.php\/2026\/03\/16\/la-roja-oficializa-nomina-para-fechas-del-fifa-series-de-marzo-pulgar-ausente-y-ulloa-la-sorpresa\/"},"author":{"name":"Editor","@id":"https:\/\/diarioellabrador.cl\/#\/schema\/person\/bc25ff80b4563f9c7f4bd7855df01685"},"headline":"La Roja oficializa n\u00f3mina para fechas del FIFA Series de marzo: Pulgar ausente y Ulloa la sorpresa","datePublished":"2026-03-16T21:27:42+00:00","dateModified":"2026-03-16T21:27:43+00:00","mainEntityOfPage":{"@id":"https:\/\/diarioellabrador.cl\/index.php\/2026\/03\/16\/la-roja-oficializa-nomina-para-fechas-del-fifa-series-de-marzo-pulgar-ausente-y-ulloa-la-sorpresa\/"},"wordCount":206,"commentCount":0,"publisher":{"@id":"https:\/\/diarioellabrador.cl\/#organization"},"image":{"@id":"https:\/\/diarioellabrador.cl\/index.php\/2026\/03\/16\/la-roja-oficializa-nomina-para-fechas-del-fifa-series-de-marzo-pulgar-ausente-y-ulloa-la-sorpresa\/#primaryimage"},"thumbnailUrl":"https:\/\/diarioellabrador.cl\/wp-content\/uploads\/2026\/03\/La-Roja-oficializa-nomina-para-fechas-del-FIFA-Series-de-marzo-Pulgar-ausente-y-Ulloa-la-sorpresa.jpg","articleSection":["Deportes"],"inLanguage":"es","potentialAction":[{"@type":"CommentAction","name":"Comment","target":["https:\/\/diarioellabrador.cl\/index.php\/2026\/03\/16\/la-roja-oficializa-nomina-para-fechas-del-fifa-series-de-marzo-pulgar-ausente-y-ulloa-la-sorpresa\/#respond"]}]},{"@type":"WebPage","@id":"https:\/\/diarioellabrador.cl\/index.php\/2026\/03\/16\/la-roja-oficializa-nomina-para-fechas-del-fifa-series-de-marzo-pulgar-ausente-y-ulloa-la-sorpresa\/","url":"https:\/\/diarioellabrador.cl\/index.php\/2026\/03\/16\/la-roja-oficializa-nomina-para-fechas-del-fifa-series-de-marzo-pulgar-ausente-y-ulloa-la-sorpresa\/","name":"La Roja oficializa n\u00f3mina para fechas del FIFA Series de marzo: Pulgar ausente y Ulloa la sorpresa - Diario El Labrador","isPartOf":{"@id":"https:\/\/diarioellabrador.cl\/#website"},"primaryImageOfPage":{"@id":"https:\/\/diarioellabrador.cl\/index.php\/2026\/03\/16\/la-roja-oficializa-nomina-para-fechas-del-fifa-series-de-marzo-pulgar-ausente-y-ulloa-la-sorpresa\/#primaryimage"},"image":{"@id":"https:\/\/diarioellabrador.cl\/index.php\/2026\/03\/16\/la-roja-oficializa-nomina-para-fechas-del-fifa-series-de-marzo-pulgar-ausente-y-ulloa-la-sorpresa\/#primaryimage"},"thumbnailUrl":"https:\/\/diarioellabrador.cl\/wp-content\/uploads\/2026\/03\/La-Roja-oficializa-nomina-para-fechas-del-FIFA-Series-de-marzo-Pulgar-ausente-y-Ulloa-la-sorpresa.jpg","datePublished":"2026-03-16T21:27:42+00:00","dateModified":"2026-03-16T21:27:43+00:00","breadcrumb":{"@id":"https:\/\/diarioellabrador.cl\/index.php\/2026\/03\/16\/la-roja-oficializa-nomina-para-fechas-del-fifa-series-de-marzo-pulgar-ausente-y-ulloa-la-sorpresa\/#breadcrumb"},"inLanguage":"es","potentialAction":[{"@type":"ReadAction","target":["https:\/\/diarioellabrador.cl\/index.php\/2026\/03\/16\/la-roja-oficializa-nomina-para-fechas-del-fifa-series-de-marzo-pulgar-ausente-y-ulloa-la-sorpresa\/"]}]},{"@type":"ImageObject","inLanguage":"es","@id":"https:\/\/diarioellabrador.cl\/index.php\/2026\/03\/16\/la-roja-oficializa-nomina-para-fechas-del-fifa-series-de-marzo-pulgar-ausente-y-ulloa-la-sorpresa\/#primaryimage","url":"https:\/\/diarioellabrador.cl\/wp-content\/uploads\/2026\/03\/La-Roja-oficializa-nomina-para-fechas-del-FIFA-Series-de-marzo-Pulgar-ausente-y-Ulloa-la-sorpresa.jpg","contentUrl":"https:\/\/diarioellabrador.cl\/wp-content\/uploads\/2026\/03\/La-Roja-oficializa-nomina-para-fechas-del-FIFA-Series-de-marzo-Pulgar-ausente-y-Ulloa-la-sorpresa.jpg","width":768,"height":550},{"@type":"BreadcrumbList","@id":"https:\/\/diarioellabrador.cl\/index.php\/2026\/03\/16\/la-roja-oficializa-nomina-para-fechas-del-fifa-series-de-marzo-pulgar-ausente-y-ulloa-la-sorpresa\/#breadcrumb","itemListElement":[{"@type":"ListItem","position":1,"name":"Portada","item":"https:\/\/diarioellabrador.cl\/"},{"@type":"ListItem","position":2,"name":"La Roja oficializa n\u00f3mina para fechas del FIFA Series de marzo: Pulgar ausente y Ulloa la sorpresa"}]},{"@type":"WebSite","@id":"https:\/\/diarioellabrador.cl\/#website","url":"https:\/\/diarioellabrador.cl\/","name":"Diario El Labrador","description":"Haciendo noticia desde 1921","publisher":{"@id":"https:\/\/diarioellabrador.cl\/#organization"},"potentialAction":[{"@type":"SearchAction","target":{"@type":"EntryPoint","urlTemplate":"https:\/\/diarioellabrador.cl\/?s={search_term_string}"},"query-input":{"@type":"PropertyValueSpecification","valueRequired":true,"valueName":"search_term_string"}}],"inLanguage":"es"},{"@type":"Organization","@id":"https:\/\/diarioellabrador.cl\/#organization","name":"Diario El Labrador","url":"https:\/\/diarioellabrador.cl\/","logo":{"@type":"ImageObject","inLanguage":"es","@id":"https:\/\/diarioellabrador.cl\/#\/schema\/logo\/image\/","url":"https:\/\/diarioellabrador.cl\/wp-content\/uploads\/2025\/02\/cropped-Logo-Icono.png","contentUrl":"https:\/\/diarioellabrador.cl\/wp-content\/uploads\/2025\/02\/cropped-Logo-Icono.png","width":512,"height":512,"caption":"Diario El Labrador"},"image":{"@id":"https:\/\/diarioellabrador.cl\/#\/schema\/logo\/image\/"},"sameAs":["https:\/\/web.facebook.com\/profile.php?id=61576120840621","https:\/\/x.com\/ElLabradorOf","https:\/\/www.instagram.com\/diarioellabradoroficial\/"]},{"@type":"Person","@id":"https:\/\/diarioellabrador.cl\/#\/schema\/person\/bc25ff80b4563f9c7f4bd7855df01685","name":"Editor","image":{"@type":"ImageObject","inLanguage":"es","@id":"https:\/\/secure.gravatar.com\/avatar\/109c326cf2be5c04f048c2c2a2b8b6ef44bf3d8d1d3d4c55d0ac40c4bc994684?s=96&d=mm&r=g","url":"https:\/\/secure.gravatar.com\/avatar\/109c326cf2be5c04f048c2c2a2b8b6ef44bf3d8d1d3d4c55d0ac40c4bc994684?s=96&d=mm&r=g","contentUrl":"https:\/\/secure.gravatar.com\/avatar\/109c326cf2be5c04f048c2c2a2b8b6ef44bf3d8d1d3d4c55d0ac40c4bc994684?s=96&d=mm&r=g","caption":"Editor"},"url":"https:\/\/diarioellabrador.cl\/index.php\/author\/editor\/"}]}},"_links":{"self":[{"href":"https:\/\/diarioellabrador.cl\/index.php\/wp-json\/wp\/v2\/posts\/16640","targetHints":{"allow":["GET"]}}],"collection":[{"href":"https:\/\/diarioellabrador.cl\/index.php\/wp-json\/wp\/v2\/posts"}],"about":[{"href":"https:\/\/diarioellabrador.cl\/index.php\/wp-json\/wp\/v2\/types\/post"}],"author":[{"embeddable":true,"href":"https:\/\/diarioellabrador.cl\/index.php\/wp-json\/wp\/v2\/users\/2"}],"replies":[{"embeddable":true,"href":"https:\/\/diarioellabrador.cl\/index.php\/wp-json\/wp\/v2\/comments?post=16640"}],"version-history":[{"count":1,"href":"https:\/\/diarioellabrador.cl\/index.php\/wp-json\/wp\/v2\/posts\/16640\/revisions"}],"predecessor-version":[{"id":16641,"href":"https:\/\/diarioellabrador.cl\/index.php\/wp-json\/wp\/v2\/posts\/16640\/revisions\/16641"}],"wp:featuredmedia":[{"embeddable":true,"href":"https:\/\/diarioellabrador.cl\/index.php\/wp-json\/wp\/v2\/media\/16611"}],"wp:attachment":[{"href":"https:\/\/diarioellabrador.cl\/index.php\/wp-json\/wp\/v2\/media?parent=16640"}],"wp:term":[{"taxonomy":"category","embeddable":true,"href":"https:\/\/diarioellabrador.cl\/index.php\/wp-json\/wp\/v2\/categories?post=16640"},{"taxonomy":"post_tag","embeddable":true,"href":"https:\/\/diarioellabrador.cl\/index.php\/wp-json\/wp\/v2\/tags?post=16640"}],"curies":[{"name":"wp","href":"https:\/\/api.w.org\/{rel}","templated":true}]}}