{"id":16609,"date":"2026-03-16T17:26:28","date_gmt":"2026-03-16T21:26:28","guid":{"rendered":"https:\/\/diarioellabrador.cl\/?p=16609"},"modified":"2026-03-16T23:40:23","modified_gmt":"2026-03-17T03:40:23","slug":"colegios-sin-celular-las-dos-caras-de-la-moneda","status":"publish","type":"post","link":"https:\/\/diarioellabrador.cl\/index.php\/2026\/03\/16\/colegios-sin-celular-las-dos-caras-de-la-moneda\/","title":{"rendered":"Colegios sin celular: las dos caras de la moneda"},"content":{"rendered":"<div class=\"wp-block-image\">\n<figure class=\"alignleft size-thumbnail\"><img loading=\"lazy\" decoding=\"async\" width=\"150\" height=\"150\" src=\"https:\/\/diarioellabrador.cl\/wp-content\/uploads\/2025\/11\/UDLA_Eliminacion-de-la-violencia-contra-la-mujer-150x150.jpg\" alt=\"\" class=\"wp-image-11781\" srcset=\"https:\/\/diarioellabrador.cl\/wp-content\/uploads\/2025\/11\/UDLA_Eliminacion-de-la-violencia-contra-la-mujer-150x150.jpg 150w, https:\/\/diarioellabrador.cl\/wp-content\/uploads\/2025\/11\/UDLA_Eliminacion-de-la-violencia-contra-la-mujer-95x95.jpg 95w, https:\/\/diarioellabrador.cl\/wp-content\/uploads\/2025\/11\/UDLA_Eliminacion-de-la-violencia-contra-la-mujer-140x140.jpg 140w\" sizes=\"auto, (max-width: 150px) 100vw, 150px\" \/><\/figure>\n<\/div>\n\n\n<p><\/p>\n\n\n\n<p><\/p>\n\n\n\n<p><strong><em>Ivonne Maldonado Directora Carrera de Psicolog\u00eda Universidad de Las Am\u00e9ricas, Sede Concepci\u00f3n<\/em><\/strong><\/p>\n\n\n\n<p>La nueva normativa que proh\u00edbe el uso de celulares en los colegios se ha convertido en una medida que ha generado debate en la comunidad educativa. En este sentido, resulta necesario conocer los argumentos a favor y en contra, con el fin de comprender mejor este nuevo escenario.<\/p>\n\n\n\n<p>Limitar el uso del celular en los colegios, sin duda, puede influir en funciones ejecutivas como la atenci\u00f3n y concentraci\u00f3n de los estudiantes. Es sabido que estos dispositivos act\u00faan como un distractor a trav\u00e9s de notificaciones y redes sociales, entre otros, ofreciendo una constante estimulaci\u00f3n que compite con los procesos cognitivos necesarios para lograr un aprendizaje significativo.<\/p>\n\n\n\n<p>Asimismo, a nivel de convivencia escolar, esta medida puede constituirse en un factor protector, ya que el contacto cara a cara es fundamental para mantener relaciones y v\u00ednculos con compa\u00f1eros. De este modo, se promueven habilidades sociales esenciales para un desarrollo integral, las que, por cierto, se han visto especialmente afectadas desde la pandemia.<\/p>\n\n\n\n<p>Por otro lado, la prohibici\u00f3n genera una resistencia que se asocia a una p\u00e9rdida de autonom\u00eda en los estudiantes, la sensaci\u00f3n de restricci\u00f3n puede ser sin\u00f3nimo de malestar, sobre todo en un mundo que avanza en la transformaci\u00f3n digital, siendo incluso una herramienta pedag\u00f3gica en contextos regulados.<\/p>\n\n\n\n<p>Adem\u00e1s, no se puede obviar que para muchas familias el celular cumple un rol asociado a la seguridad, especialmente frente a situaciones de emergencia. Por lo tanto, no contar con este canal de comunicaci\u00f3n puede generar una percepci\u00f3n de incertidumbre respecto de la seguridad de sus hijos.<\/p>\n\n\n\n<p>Como toda medida nueva, esta requiere un periodo de adaptaci\u00f3n antes de poder evaluarla adecuadamente. Por ahora, es fundamental transmitir a los estudiantes la importancia de ajustar su comportamiento a estas directrices. Asimismo, es necesario recordar que los adultos deben mostrar coherencia entre lo que dicen y lo que hacen, de modo que los j\u00f3venes puedan encontrar sentido a esta normativa y as\u00ed avanzar en las metas propuestas.<\/p>\n","protected":false},"excerpt":{"rendered":"<p>Ivonne Maldonado Directora Carrera de Psicolog\u00eda Universidad de Las Am\u00e9ricas, Sede Concepci\u00f3n La nueva normativa que proh\u00edbe el uso de celulares en los colegios se ha convertido en una medida que ha generado debate en la comunidad educativa. En este sentido, resulta necesario conocer los argumentos a favor y en contra, con el fin de<\/p>\n<div class=\"read-more-wrapper\"><a class=\"read-more\" href=\"https:\/\/diarioellabrador.cl\/index.php\/2026\/03\/16\/colegios-sin-celular-las-dos-caras-de-la-moneda\/\" title=\"Leer m\u00e1s\"> <span class=\"button \">Leer m\u00e1s<\/span><\/a><\/div>\n","protected":false},"author":2,"featured_media":16693,"comment_status":"open","ping_status":"open","sticky":false,"template":"","format":"standard","meta":{"footnotes":""},"categories":[9],"tags":[],"class_list":["post-16609","post","type-post","status-publish","format-standard","has-post-thumbnail","hentry","category-opinion"],"yoast_head":"<!-- This site is optimized with the Yoast SEO plugin v27.5 - https:\/\/yoast.com\/product\/yoast-seo-wordpress\/ -->\n<title>Colegios sin celular: las dos caras de la moneda - Diario El Labrador<\/title>\n<meta name=\"robots\" content=\"index, follow, max-snippet:-1, max-image-preview:large, max-video-preview:-1\" \/>\n<link rel=\"canonical\" href=\"https:\/\/diarioellabrador.cl\/index.php\/2026\/03\/16\/colegios-sin-celular-las-dos-caras-de-la-moneda\/\" \/>\n<meta property=\"og:locale\" content=\"es_ES\" \/>\n<meta property=\"og:type\" content=\"article\" \/>\n<meta property=\"og:title\" content=\"Colegios sin celular: las dos caras de la moneda - Diario El Labrador\" \/>\n<meta property=\"og:description\" content=\"Ivonne Maldonado Directora Carrera de Psicolog\u00eda Universidad de Las Am\u00e9ricas, Sede Concepci\u00f3n La nueva normativa que proh\u00edbe el uso de celulares en los colegios se ha convertido en una medida que ha generado debate en la comunidad educativa. En este sentido, resulta necesario conocer los argumentos a favor y en contra, con el fin de Leer m\u00e1s\" \/>\n<meta property=\"og:url\" content=\"https:\/\/diarioellabrador.cl\/index.php\/2026\/03\/16\/colegios-sin-celular-las-dos-caras-de-la-moneda\/\" \/>\n<meta property=\"og:site_name\" content=\"Diario El Labrador\" \/>\n<meta property=\"article:publisher\" content=\"https:\/\/web.facebook.com\/profile.php?id=61576120840621\" \/>\n<meta property=\"article:published_time\" content=\"2026-03-16T21:26:28+00:00\" \/>\n<meta property=\"article:modified_time\" content=\"2026-03-17T03:40:23+00:00\" \/>\n<meta property=\"og:image\" content=\"https:\/\/diarioellabrador.cl\/wp-content\/uploads\/2026\/03\/ChatGPT-Image-17-mar-2026-12_39_35-a.m.png\" \/>\n\t<meta property=\"og:image:width\" content=\"1536\" \/>\n\t<meta property=\"og:image:height\" content=\"1024\" \/>\n\t<meta property=\"og:image:type\" content=\"image\/png\" \/>\n<meta name=\"author\" content=\"Editor\" \/>\n<meta name=\"twitter:card\" content=\"summary_large_image\" \/>\n<meta name=\"twitter:creator\" content=\"@ElLabradorOf\" \/>\n<meta name=\"twitter:site\" content=\"@ElLabradorOf\" \/>\n<meta name=\"twitter:label1\" content=\"Escrito por\" \/>\n\t<meta name=\"twitter:data1\" content=\"Editor\" \/>\n\t<meta name=\"twitter:label2\" content=\"Tiempo de lectura\" \/>\n\t<meta name=\"twitter:data2\" content=\"2 minutos\" \/>\n<script type=\"application\/ld+json\" class=\"yoast-schema-graph\">{\"@context\":\"https:\\\/\\\/schema.org\",\"@graph\":[{\"@type\":\"Article\",\"@id\":\"https:\\\/\\\/diarioellabrador.cl\\\/index.php\\\/2026\\\/03\\\/16\\\/colegios-sin-celular-las-dos-caras-de-la-moneda\\\/#article\",\"isPartOf\":{\"@id\":\"https:\\\/\\\/diarioellabrador.cl\\\/index.php\\\/2026\\\/03\\\/16\\\/colegios-sin-celular-las-dos-caras-de-la-moneda\\\/\"},\"author\":{\"name\":\"Editor\",\"@id\":\"https:\\\/\\\/diarioellabrador.cl\\\/#\\\/schema\\\/person\\\/bc25ff80b4563f9c7f4bd7855df01685\"},\"headline\":\"Colegios sin celular: las dos caras de la moneda\",\"datePublished\":\"2026-03-16T21:26:28+00:00\",\"dateModified\":\"2026-03-17T03:40:23+00:00\",\"mainEntityOfPage\":{\"@id\":\"https:\\\/\\\/diarioellabrador.cl\\\/index.php\\\/2026\\\/03\\\/16\\\/colegios-sin-celular-las-dos-caras-de-la-moneda\\\/\"},\"wordCount\":366,\"commentCount\":0,\"publisher\":{\"@id\":\"https:\\\/\\\/diarioellabrador.cl\\\/#organization\"},\"image\":{\"@id\":\"https:\\\/\\\/diarioellabrador.cl\\\/index.php\\\/2026\\\/03\\\/16\\\/colegios-sin-celular-las-dos-caras-de-la-moneda\\\/#primaryimage\"},\"thumbnailUrl\":\"https:\\\/\\\/diarioellabrador.cl\\\/wp-content\\\/uploads\\\/2026\\\/03\\\/ChatGPT-Image-17-mar-2026-12_39_35-a.m.png\",\"articleSection\":[\"Opini\u00f3n\"],\"inLanguage\":\"es\",\"potentialAction\":[{\"@type\":\"CommentAction\",\"name\":\"Comment\",\"target\":[\"https:\\\/\\\/diarioellabrador.cl\\\/index.php\\\/2026\\\/03\\\/16\\\/colegios-sin-celular-las-dos-caras-de-la-moneda\\\/#respond\"]}]},{\"@type\":\"WebPage\",\"@id\":\"https:\\\/\\\/diarioellabrador.cl\\\/index.php\\\/2026\\\/03\\\/16\\\/colegios-sin-celular-las-dos-caras-de-la-moneda\\\/\",\"url\":\"https:\\\/\\\/diarioellabrador.cl\\\/index.php\\\/2026\\\/03\\\/16\\\/colegios-sin-celular-las-dos-caras-de-la-moneda\\\/\",\"name\":\"Colegios sin celular: las dos caras de la moneda - Diario El Labrador\",\"isPartOf\":{\"@id\":\"https:\\\/\\\/diarioellabrador.cl\\\/#website\"},\"primaryImageOfPage\":{\"@id\":\"https:\\\/\\\/diarioellabrador.cl\\\/index.php\\\/2026\\\/03\\\/16\\\/colegios-sin-celular-las-dos-caras-de-la-moneda\\\/#primaryimage\"},\"image\":{\"@id\":\"https:\\\/\\\/diarioellabrador.cl\\\/index.php\\\/2026\\\/03\\\/16\\\/colegios-sin-celular-las-dos-caras-de-la-moneda\\\/#primaryimage\"},\"thumbnailUrl\":\"https:\\\/\\\/diarioellabrador.cl\\\/wp-content\\\/uploads\\\/2026\\\/03\\\/ChatGPT-Image-17-mar-2026-12_39_35-a.m.png\",\"datePublished\":\"2026-03-16T21:26:28+00:00\",\"dateModified\":\"2026-03-17T03:40:23+00:00\",\"breadcrumb\":{\"@id\":\"https:\\\/\\\/diarioellabrador.cl\\\/index.php\\\/2026\\\/03\\\/16\\\/colegios-sin-celular-las-dos-caras-de-la-moneda\\\/#breadcrumb\"},\"inLanguage\":\"es\",\"potentialAction\":[{\"@type\":\"ReadAction\",\"target\":[\"https:\\\/\\\/diarioellabrador.cl\\\/index.php\\\/2026\\\/03\\\/16\\\/colegios-sin-celular-las-dos-caras-de-la-moneda\\\/\"]}]},{\"@type\":\"ImageObject\",\"inLanguage\":\"es\",\"@id\":\"https:\\\/\\\/diarioellabrador.cl\\\/index.php\\\/2026\\\/03\\\/16\\\/colegios-sin-celular-las-dos-caras-de-la-moneda\\\/#primaryimage\",\"url\":\"https:\\\/\\\/diarioellabrador.cl\\\/wp-content\\\/uploads\\\/2026\\\/03\\\/ChatGPT-Image-17-mar-2026-12_39_35-a.m.png\",\"contentUrl\":\"https:\\\/\\\/diarioellabrador.cl\\\/wp-content\\\/uploads\\\/2026\\\/03\\\/ChatGPT-Image-17-mar-2026-12_39_35-a.m.png\",\"width\":1536,\"height\":1024},{\"@type\":\"BreadcrumbList\",\"@id\":\"https:\\\/\\\/diarioellabrador.cl\\\/index.php\\\/2026\\\/03\\\/16\\\/colegios-sin-celular-las-dos-caras-de-la-moneda\\\/#breadcrumb\",\"itemListElement\":[{\"@type\":\"ListItem\",\"position\":1,\"name\":\"Portada\",\"item\":\"https:\\\/\\\/diarioellabrador.cl\\\/\"},{\"@type\":\"ListItem\",\"position\":2,\"name\":\"Colegios sin celular: las dos caras de la moneda\"}]},{\"@type\":\"WebSite\",\"@id\":\"https:\\\/\\\/diarioellabrador.cl\\\/#website\",\"url\":\"https:\\\/\\\/diarioellabrador.cl\\\/\",\"name\":\"Diario El Labrador\",\"description\":\"Haciendo noticia desde 1921\",\"publisher\":{\"@id\":\"https:\\\/\\\/diarioellabrador.cl\\\/#organization\"},\"potentialAction\":[{\"@type\":\"SearchAction\",\"target\":{\"@type\":\"EntryPoint\",\"urlTemplate\":\"https:\\\/\\\/diarioellabrador.cl\\\/?s={search_term_string}\"},\"query-input\":{\"@type\":\"PropertyValueSpecification\",\"valueRequired\":true,\"valueName\":\"search_term_string\"}}],\"inLanguage\":\"es\"},{\"@type\":\"Organization\",\"@id\":\"https:\\\/\\\/diarioellabrador.cl\\\/#organization\",\"name\":\"Diario El Labrador\",\"url\":\"https:\\\/\\\/diarioellabrador.cl\\\/\",\"logo\":{\"@type\":\"ImageObject\",\"inLanguage\":\"es\",\"@id\":\"https:\\\/\\\/diarioellabrador.cl\\\/#\\\/schema\\\/logo\\\/image\\\/\",\"url\":\"https:\\\/\\\/diarioellabrador.cl\\\/wp-content\\\/uploads\\\/2025\\\/02\\\/cropped-Logo-Icono.png\",\"contentUrl\":\"https:\\\/\\\/diarioellabrador.cl\\\/wp-content\\\/uploads\\\/2025\\\/02\\\/cropped-Logo-Icono.png\",\"width\":512,\"height\":512,\"caption\":\"Diario El Labrador\"},\"image\":{\"@id\":\"https:\\\/\\\/diarioellabrador.cl\\\/#\\\/schema\\\/logo\\\/image\\\/\"},\"sameAs\":[\"https:\\\/\\\/web.facebook.com\\\/profile.php?id=61576120840621\",\"https:\\\/\\\/x.com\\\/ElLabradorOf\",\"https:\\\/\\\/www.instagram.com\\\/diarioellabradoroficial\\\/\"]},{\"@type\":\"Person\",\"@id\":\"https:\\\/\\\/diarioellabrador.cl\\\/#\\\/schema\\\/person\\\/bc25ff80b4563f9c7f4bd7855df01685\",\"name\":\"Editor\",\"image\":{\"@type\":\"ImageObject\",\"inLanguage\":\"es\",\"@id\":\"https:\\\/\\\/secure.gravatar.com\\\/avatar\\\/109c326cf2be5c04f048c2c2a2b8b6ef44bf3d8d1d3d4c55d0ac40c4bc994684?s=96&d=mm&r=g\",\"url\":\"https:\\\/\\\/secure.gravatar.com\\\/avatar\\\/109c326cf2be5c04f048c2c2a2b8b6ef44bf3d8d1d3d4c55d0ac40c4bc994684?s=96&d=mm&r=g\",\"contentUrl\":\"https:\\\/\\\/secure.gravatar.com\\\/avatar\\\/109c326cf2be5c04f048c2c2a2b8b6ef44bf3d8d1d3d4c55d0ac40c4bc994684?s=96&d=mm&r=g\",\"caption\":\"Editor\"},\"url\":\"https:\\\/\\\/diarioellabrador.cl\\\/index.php\\\/author\\\/editor\\\/\"}]}<\/script>\n<!-- \/ Yoast SEO plugin. -->","yoast_head_json":{"title":"Colegios sin celular: las dos caras de la moneda - Diario El Labrador","robots":{"index":"index","follow":"follow","max-snippet":"max-snippet:-1","max-image-preview":"max-image-preview:large","max-video-preview":"max-video-preview:-1"},"canonical":"https:\/\/diarioellabrador.cl\/index.php\/2026\/03\/16\/colegios-sin-celular-las-dos-caras-de-la-moneda\/","og_locale":"es_ES","og_type":"article","og_title":"Colegios sin celular: las dos caras de la moneda - Diario El Labrador","og_description":"Ivonne Maldonado Directora Carrera de Psicolog\u00eda Universidad de Las Am\u00e9ricas, Sede Concepci\u00f3n La nueva normativa que proh\u00edbe el uso de celulares en los colegios se ha convertido en una medida que ha generado debate en la comunidad educativa. En este sentido, resulta necesario conocer los argumentos a favor y en contra, con el fin de Leer m\u00e1s","og_url":"https:\/\/diarioellabrador.cl\/index.php\/2026\/03\/16\/colegios-sin-celular-las-dos-caras-de-la-moneda\/","og_site_name":"Diario El Labrador","article_publisher":"https:\/\/web.facebook.com\/profile.php?id=61576120840621","article_published_time":"2026-03-16T21:26:28+00:00","article_modified_time":"2026-03-17T03:40:23+00:00","og_image":[{"width":1536,"height":1024,"url":"https:\/\/diarioellabrador.cl\/wp-content\/uploads\/2026\/03\/ChatGPT-Image-17-mar-2026-12_39_35-a.m.png","type":"image\/png"}],"author":"Editor","twitter_card":"summary_large_image","twitter_creator":"@ElLabradorOf","twitter_site":"@ElLabradorOf","twitter_misc":{"Escrito por":"Editor","Tiempo de lectura":"2 minutos"},"schema":{"@context":"https:\/\/schema.org","@graph":[{"@type":"Article","@id":"https:\/\/diarioellabrador.cl\/index.php\/2026\/03\/16\/colegios-sin-celular-las-dos-caras-de-la-moneda\/#article","isPartOf":{"@id":"https:\/\/diarioellabrador.cl\/index.php\/2026\/03\/16\/colegios-sin-celular-las-dos-caras-de-la-moneda\/"},"author":{"name":"Editor","@id":"https:\/\/diarioellabrador.cl\/#\/schema\/person\/bc25ff80b4563f9c7f4bd7855df01685"},"headline":"Colegios sin celular: las dos caras de la moneda","datePublished":"2026-03-16T21:26:28+00:00","dateModified":"2026-03-17T03:40:23+00:00","mainEntityOfPage":{"@id":"https:\/\/diarioellabrador.cl\/index.php\/2026\/03\/16\/colegios-sin-celular-las-dos-caras-de-la-moneda\/"},"wordCount":366,"commentCount":0,"publisher":{"@id":"https:\/\/diarioellabrador.cl\/#organization"},"image":{"@id":"https:\/\/diarioellabrador.cl\/index.php\/2026\/03\/16\/colegios-sin-celular-las-dos-caras-de-la-moneda\/#primaryimage"},"thumbnailUrl":"https:\/\/diarioellabrador.cl\/wp-content\/uploads\/2026\/03\/ChatGPT-Image-17-mar-2026-12_39_35-a.m.png","articleSection":["Opini\u00f3n"],"inLanguage":"es","potentialAction":[{"@type":"CommentAction","name":"Comment","target":["https:\/\/diarioellabrador.cl\/index.php\/2026\/03\/16\/colegios-sin-celular-las-dos-caras-de-la-moneda\/#respond"]}]},{"@type":"WebPage","@id":"https:\/\/diarioellabrador.cl\/index.php\/2026\/03\/16\/colegios-sin-celular-las-dos-caras-de-la-moneda\/","url":"https:\/\/diarioellabrador.cl\/index.php\/2026\/03\/16\/colegios-sin-celular-las-dos-caras-de-la-moneda\/","name":"Colegios sin celular: las dos caras de la moneda - Diario El Labrador","isPartOf":{"@id":"https:\/\/diarioellabrador.cl\/#website"},"primaryImageOfPage":{"@id":"https:\/\/diarioellabrador.cl\/index.php\/2026\/03\/16\/colegios-sin-celular-las-dos-caras-de-la-moneda\/#primaryimage"},"image":{"@id":"https:\/\/diarioellabrador.cl\/index.php\/2026\/03\/16\/colegios-sin-celular-las-dos-caras-de-la-moneda\/#primaryimage"},"thumbnailUrl":"https:\/\/diarioellabrador.cl\/wp-content\/uploads\/2026\/03\/ChatGPT-Image-17-mar-2026-12_39_35-a.m.png","datePublished":"2026-03-16T21:26:28+00:00","dateModified":"2026-03-17T03:40:23+00:00","breadcrumb":{"@id":"https:\/\/diarioellabrador.cl\/index.php\/2026\/03\/16\/colegios-sin-celular-las-dos-caras-de-la-moneda\/#breadcrumb"},"inLanguage":"es","potentialAction":[{"@type":"ReadAction","target":["https:\/\/diarioellabrador.cl\/index.php\/2026\/03\/16\/colegios-sin-celular-las-dos-caras-de-la-moneda\/"]}]},{"@type":"ImageObject","inLanguage":"es","@id":"https:\/\/diarioellabrador.cl\/index.php\/2026\/03\/16\/colegios-sin-celular-las-dos-caras-de-la-moneda\/#primaryimage","url":"https:\/\/diarioellabrador.cl\/wp-content\/uploads\/2026\/03\/ChatGPT-Image-17-mar-2026-12_39_35-a.m.png","contentUrl":"https:\/\/diarioellabrador.cl\/wp-content\/uploads\/2026\/03\/ChatGPT-Image-17-mar-2026-12_39_35-a.m.png","width":1536,"height":1024},{"@type":"BreadcrumbList","@id":"https:\/\/diarioellabrador.cl\/index.php\/2026\/03\/16\/colegios-sin-celular-las-dos-caras-de-la-moneda\/#breadcrumb","itemListElement":[{"@type":"ListItem","position":1,"name":"Portada","item":"https:\/\/diarioellabrador.cl\/"},{"@type":"ListItem","position":2,"name":"Colegios sin celular: las dos caras de la moneda"}]},{"@type":"WebSite","@id":"https:\/\/diarioellabrador.cl\/#website","url":"https:\/\/diarioellabrador.cl\/","name":"Diario El Labrador","description":"Haciendo noticia desde 1921","publisher":{"@id":"https:\/\/diarioellabrador.cl\/#organization"},"potentialAction":[{"@type":"SearchAction","target":{"@type":"EntryPoint","urlTemplate":"https:\/\/diarioellabrador.cl\/?s={search_term_string}"},"query-input":{"@type":"PropertyValueSpecification","valueRequired":true,"valueName":"search_term_string"}}],"inLanguage":"es"},{"@type":"Organization","@id":"https:\/\/diarioellabrador.cl\/#organization","name":"Diario El Labrador","url":"https:\/\/diarioellabrador.cl\/","logo":{"@type":"ImageObject","inLanguage":"es","@id":"https:\/\/diarioellabrador.cl\/#\/schema\/logo\/image\/","url":"https:\/\/diarioellabrador.cl\/wp-content\/uploads\/2025\/02\/cropped-Logo-Icono.png","contentUrl":"https:\/\/diarioellabrador.cl\/wp-content\/uploads\/2025\/02\/cropped-Logo-Icono.png","width":512,"height":512,"caption":"Diario El Labrador"},"image":{"@id":"https:\/\/diarioellabrador.cl\/#\/schema\/logo\/image\/"},"sameAs":["https:\/\/web.facebook.com\/profile.php?id=61576120840621","https:\/\/x.com\/ElLabradorOf","https:\/\/www.instagram.com\/diarioellabradoroficial\/"]},{"@type":"Person","@id":"https:\/\/diarioellabrador.cl\/#\/schema\/person\/bc25ff80b4563f9c7f4bd7855df01685","name":"Editor","image":{"@type":"ImageObject","inLanguage":"es","@id":"https:\/\/secure.gravatar.com\/avatar\/109c326cf2be5c04f048c2c2a2b8b6ef44bf3d8d1d3d4c55d0ac40c4bc994684?s=96&d=mm&r=g","url":"https:\/\/secure.gravatar.com\/avatar\/109c326cf2be5c04f048c2c2a2b8b6ef44bf3d8d1d3d4c55d0ac40c4bc994684?s=96&d=mm&r=g","contentUrl":"https:\/\/secure.gravatar.com\/avatar\/109c326cf2be5c04f048c2c2a2b8b6ef44bf3d8d1d3d4c55d0ac40c4bc994684?s=96&d=mm&r=g","caption":"Editor"},"url":"https:\/\/diarioellabrador.cl\/index.php\/author\/editor\/"}]}},"_links":{"self":[{"href":"https:\/\/diarioellabrador.cl\/index.php\/wp-json\/wp\/v2\/posts\/16609","targetHints":{"allow":["GET"]}}],"collection":[{"href":"https:\/\/diarioellabrador.cl\/index.php\/wp-json\/wp\/v2\/posts"}],"about":[{"href":"https:\/\/diarioellabrador.cl\/index.php\/wp-json\/wp\/v2\/types\/post"}],"author":[{"embeddable":true,"href":"https:\/\/diarioellabrador.cl\/index.php\/wp-json\/wp\/v2\/users\/2"}],"replies":[{"embeddable":true,"href":"https:\/\/diarioellabrador.cl\/index.php\/wp-json\/wp\/v2\/comments?post=16609"}],"version-history":[{"count":2,"href":"https:\/\/diarioellabrador.cl\/index.php\/wp-json\/wp\/v2\/posts\/16609\/revisions"}],"predecessor-version":[{"id":16694,"href":"https:\/\/diarioellabrador.cl\/index.php\/wp-json\/wp\/v2\/posts\/16609\/revisions\/16694"}],"wp:featuredmedia":[{"embeddable":true,"href":"https:\/\/diarioellabrador.cl\/index.php\/wp-json\/wp\/v2\/media\/16693"}],"wp:attachment":[{"href":"https:\/\/diarioellabrador.cl\/index.php\/wp-json\/wp\/v2\/media?parent=16609"}],"wp:term":[{"taxonomy":"category","embeddable":true,"href":"https:\/\/diarioellabrador.cl\/index.php\/wp-json\/wp\/v2\/categories?post=16609"},{"taxonomy":"post_tag","embeddable":true,"href":"https:\/\/diarioellabrador.cl\/index.php\/wp-json\/wp\/v2\/tags?post=16609"}],"curies":[{"name":"wp","href":"https:\/\/api.w.org\/{rel}","templated":true}]}}