{"id":16595,"date":"2026-03-14T20:44:36","date_gmt":"2026-03-15T00:44:36","guid":{"rendered":"https:\/\/diarioellabrador.cl\/?p=16595"},"modified":"2026-03-14T20:44:38","modified_gmt":"2026-03-15T00:44:38","slug":"investidura-de-kast-se-articula-con-la-concentracion-de-maria-corina-machado-en-santiago-y-el-despliegue-territorial-del-nuevo-delegado-presidencial-de-melipilla","status":"publish","type":"post","link":"https:\/\/diarioellabrador.cl\/index.php\/2026\/03\/14\/investidura-de-kast-se-articula-con-la-concentracion-de-maria-corina-machado-en-santiago-y-el-despliegue-territorial-del-nuevo-delegado-presidencial-de-melipilla\/","title":{"rendered":"Investidura de Kast se articula con la concentraci\u00f3n de Mar\u00eda Corina Machado en Santiago y el despliegue territorial del nuevo Delegado Presidencial de Melipilla"},"content":{"rendered":"\n<p>La masiva convocatoria de la l\u00edder opositora venezolana en Paseo Bulnes, su presencia en el cambio de mando presidencial y el nombramiento de Gast\u00f3n Libuy como Delegado Presidencial Provincial configuran un mismo escenario pol\u00edtico en el inicio del gobierno de Jos\u00e9 Antonio Kast.<\/p>\n\n\n\n<p>Miles de venezolanos se dieron cita en el sector de Paseo Bulnes y Parque Almagro, en pleno centro de Santiago, para participar en el encuentro encabezado por la l\u00edder opositora venezolana y Premio Nobel de la Paz, Mar\u00eda Corina Machado. La explanada luci\u00f3 repleta de banderas, consignas por la libertad y mensajes de apoyo a la dirigente, en la que se considera su mayor concentraci\u00f3n p\u00fablica desde que sali\u00f3 de Venezuela.<\/p>\n\n\n\n<p>La actividad form\u00f3 parte de la agenda de Machado en Chile, pa\u00eds al que lleg\u00f3 invitada por el presidente Jos\u00e9 Antonio Kast para asistir a la ceremonia de cambio de mando en el Congreso Nacional, en Valpara\u00edso. Su presencia en la investidura marc\u00f3 uno de los hitos internacionales de la jornada, proyectando una imagen de sinton\u00eda pol\u00edtica entre el nuevo gobierno chileno y la oposici\u00f3n democr\u00e1tica venezolana.<\/p>\n\n\n\n<p>Durante la concentraci\u00f3n en Santiago, Mar\u00eda Corina Machado agradeci\u00f3 el apoyo de la di\u00e1spora y subray\u00f3 que el objetivo es avanzar hacia una transici\u00f3n democr\u00e1tica que permita el retorno de los venezolanos a su pa\u00eds \u201ccon la frente en alto\u201d, haciendo un llamado a mantener la organizaci\u00f3n ciudadana tanto dentro como fuera de Venezuela. La jornada culmin\u00f3 con muestras de civismo, luego de que grupos de asistentes se organizaran para limpiar Paseo Bulnes tras el acto.<\/p>\n\n\n\n<p>En paralelo a estos gestos de proyecci\u00f3n internacional y conexi\u00f3n con la comunidad migrante, el gobierno de Jos\u00e9 Antonio Kast contin\u00faa completando su despliegue territorial. En la Provincia de Melipilla se confirm\u00f3 el nombramiento de Gast\u00f3n Libuy como nuevo Delegado Presidencial Provincial, responsabilidad desde la cual representar\u00e1 al Ejecutivo, coordinar\u00e1 servicios p\u00fablicos y liderar\u00e1 la implementaci\u00f3n de las pol\u00edticas gubernamentales en el territorio.<\/p>\n\n\n\n<p>Libuy, abogado y militante de la Uni\u00f3n Dem\u00f3crata Independiente, cuenta con experiencia como Consejero Regional Metropolitano y en funciones previas en la propia provincia, lo que refuerza el \u00e9nfasis del nuevo gobierno en combinar una fuerte se\u00f1al pol\u00edtica nacional con una presencia activa en las provincias. Su designaci\u00f3n se inscribe expresamente en el inicio del per\u00edodo presidencial de Kast y en la conformaci\u00f3n del equipo de delegados que tendr\u00e1 a su cargo los desaf\u00edos de desarrollo, seguridad y gesti\u00f3n p\u00fablica en cada zona.<\/p>\n\n\n\n<p>La coincidencia temporal entre la investidura de Kast, la agenda de alto perfil de Mar\u00eda Corina Machado en Chile y la oficializaci\u00f3n de los nuevos delegados presidenciales, como el caso de Melipilla, configura un mismo momento pol\u00edtico: por un lado, Chile se posiciona como plataforma de respaldo a la transici\u00f3n democr\u00e1tica venezolana; por otro, el Ejecutivo fortalece su estructura institucional para llevar esa visi\u00f3n y sus prioridades program\u00e1ticas al nivel local y regional.<\/p>\n","protected":false},"excerpt":{"rendered":"<p>La masiva convocatoria de la l\u00edder opositora venezolana en Paseo Bulnes, su presencia en el cambio de mando presidencial y el nombramiento de Gast\u00f3n Libuy como Delegado Presidencial Provincial configuran un mismo escenario pol\u00edtico en el inicio del gobierno de Jos\u00e9 Antonio Kast. Miles de venezolanos se dieron cita en el sector de Paseo Bulnes<\/p>\n<div class=\"read-more-wrapper\"><a class=\"read-more\" href=\"https:\/\/diarioellabrador.cl\/index.php\/2026\/03\/14\/investidura-de-kast-se-articula-con-la-concentracion-de-maria-corina-machado-en-santiago-y-el-despliegue-territorial-del-nuevo-delegado-presidencial-de-melipilla\/\" title=\"Leer m\u00e1s\"> <span class=\"button \">Leer m\u00e1s<\/span><\/a><\/div>\n","protected":false},"author":2,"featured_media":16596,"comment_status":"open","ping_status":"open","sticky":false,"template":"","format":"standard","meta":{"footnotes":""},"categories":[1],"tags":[],"class_list":["post-16595","post","type-post","status-publish","format-standard","has-post-thumbnail","hentry","category-cronica"],"yoast_head":"<!-- This site is optimized with the Yoast SEO plugin v27.5 - https:\/\/yoast.com\/product\/yoast-seo-wordpress\/ -->\n<title>Investidura de Kast se articula con la concentraci\u00f3n de Mar\u00eda Corina Machado en Santiago y el despliegue territorial del nuevo Delegado Presidencial de Melipilla - Diario El Labrador<\/title>\n<meta name=\"robots\" content=\"index, follow, max-snippet:-1, max-image-preview:large, max-video-preview:-1\" \/>\n<link rel=\"canonical\" href=\"https:\/\/diarioellabrador.cl\/index.php\/2026\/03\/14\/investidura-de-kast-se-articula-con-la-concentracion-de-maria-corina-machado-en-santiago-y-el-despliegue-territorial-del-nuevo-delegado-presidencial-de-melipilla\/\" \/>\n<meta property=\"og:locale\" content=\"es_ES\" \/>\n<meta property=\"og:type\" content=\"article\" \/>\n<meta property=\"og:title\" content=\"Investidura de Kast se articula con la concentraci\u00f3n de Mar\u00eda Corina Machado en Santiago y el despliegue territorial del nuevo Delegado Presidencial de Melipilla - Diario El Labrador\" \/>\n<meta property=\"og:description\" content=\"La masiva convocatoria de la l\u00edder opositora venezolana en Paseo Bulnes, su presencia en el cambio de mando presidencial y el nombramiento de Gast\u00f3n Libuy como Delegado Presidencial Provincial configuran un mismo escenario pol\u00edtico en el inicio del gobierno de Jos\u00e9 Antonio Kast. Miles de venezolanos se dieron cita en el sector de Paseo Bulnes Leer m\u00e1s\" \/>\n<meta property=\"og:url\" content=\"https:\/\/diarioellabrador.cl\/index.php\/2026\/03\/14\/investidura-de-kast-se-articula-con-la-concentracion-de-maria-corina-machado-en-santiago-y-el-despliegue-territorial-del-nuevo-delegado-presidencial-de-melipilla\/\" \/>\n<meta property=\"og:site_name\" content=\"Diario El Labrador\" \/>\n<meta property=\"article:publisher\" content=\"https:\/\/web.facebook.com\/profile.php?id=61576120840621\" \/>\n<meta property=\"article:published_time\" content=\"2026-03-15T00:44:36+00:00\" \/>\n<meta property=\"article:modified_time\" content=\"2026-03-15T00:44:38+00:00\" \/>\n<meta property=\"og:image\" content=\"https:\/\/diarioellabrador.cl\/wp-content\/uploads\/2026\/03\/650124203_1471508871015788_430502889586612814_n.jpg\" \/>\n\t<meta property=\"og:image:width\" content=\"1638\" \/>\n\t<meta property=\"og:image:height\" content=\"2048\" \/>\n\t<meta property=\"og:image:type\" content=\"image\/jpeg\" \/>\n<meta name=\"author\" content=\"Editor\" \/>\n<meta name=\"twitter:card\" content=\"summary_large_image\" \/>\n<meta name=\"twitter:creator\" content=\"@ElLabradorOf\" \/>\n<meta name=\"twitter:site\" content=\"@ElLabradorOf\" \/>\n<meta name=\"twitter:label1\" content=\"Escrito por\" \/>\n\t<meta name=\"twitter:data1\" content=\"Editor\" \/>\n\t<meta name=\"twitter:label2\" content=\"Tiempo de lectura\" \/>\n\t<meta name=\"twitter:data2\" content=\"3 minutos\" \/>\n<script type=\"application\/ld+json\" class=\"yoast-schema-graph\">{\"@context\":\"https:\\\/\\\/schema.org\",\"@graph\":[{\"@type\":\"Article\",\"@id\":\"https:\\\/\\\/diarioellabrador.cl\\\/index.php\\\/2026\\\/03\\\/14\\\/investidura-de-kast-se-articula-con-la-concentracion-de-maria-corina-machado-en-santiago-y-el-despliegue-territorial-del-nuevo-delegado-presidencial-de-melipilla\\\/#article\",\"isPartOf\":{\"@id\":\"https:\\\/\\\/diarioellabrador.cl\\\/index.php\\\/2026\\\/03\\\/14\\\/investidura-de-kast-se-articula-con-la-concentracion-de-maria-corina-machado-en-santiago-y-el-despliegue-territorial-del-nuevo-delegado-presidencial-de-melipilla\\\/\"},\"author\":{\"name\":\"Editor\",\"@id\":\"https:\\\/\\\/diarioellabrador.cl\\\/#\\\/schema\\\/person\\\/bc25ff80b4563f9c7f4bd7855df01685\"},\"headline\":\"Investidura de Kast se articula con la concentraci\u00f3n de Mar\u00eda Corina Machado en Santiago y el despliegue territorial del nuevo Delegado Presidencial de Melipilla\",\"datePublished\":\"2026-03-15T00:44:36+00:00\",\"dateModified\":\"2026-03-15T00:44:38+00:00\",\"mainEntityOfPage\":{\"@id\":\"https:\\\/\\\/diarioellabrador.cl\\\/index.php\\\/2026\\\/03\\\/14\\\/investidura-de-kast-se-articula-con-la-concentracion-de-maria-corina-machado-en-santiago-y-el-despliegue-territorial-del-nuevo-delegado-presidencial-de-melipilla\\\/\"},\"wordCount\":546,\"commentCount\":0,\"publisher\":{\"@id\":\"https:\\\/\\\/diarioellabrador.cl\\\/#organization\"},\"image\":{\"@id\":\"https:\\\/\\\/diarioellabrador.cl\\\/index.php\\\/2026\\\/03\\\/14\\\/investidura-de-kast-se-articula-con-la-concentracion-de-maria-corina-machado-en-santiago-y-el-despliegue-territorial-del-nuevo-delegado-presidencial-de-melipilla\\\/#primaryimage\"},\"thumbnailUrl\":\"https:\\\/\\\/diarioellabrador.cl\\\/wp-content\\\/uploads\\\/2026\\\/03\\\/650124203_1471508871015788_430502889586612814_n.jpg\",\"articleSection\":[\"Cr\u00f3nica\"],\"inLanguage\":\"es\",\"potentialAction\":[{\"@type\":\"CommentAction\",\"name\":\"Comment\",\"target\":[\"https:\\\/\\\/diarioellabrador.cl\\\/index.php\\\/2026\\\/03\\\/14\\\/investidura-de-kast-se-articula-con-la-concentracion-de-maria-corina-machado-en-santiago-y-el-despliegue-territorial-del-nuevo-delegado-presidencial-de-melipilla\\\/#respond\"]}]},{\"@type\":\"WebPage\",\"@id\":\"https:\\\/\\\/diarioellabrador.cl\\\/index.php\\\/2026\\\/03\\\/14\\\/investidura-de-kast-se-articula-con-la-concentracion-de-maria-corina-machado-en-santiago-y-el-despliegue-territorial-del-nuevo-delegado-presidencial-de-melipilla\\\/\",\"url\":\"https:\\\/\\\/diarioellabrador.cl\\\/index.php\\\/2026\\\/03\\\/14\\\/investidura-de-kast-se-articula-con-la-concentracion-de-maria-corina-machado-en-santiago-y-el-despliegue-territorial-del-nuevo-delegado-presidencial-de-melipilla\\\/\",\"name\":\"Investidura de Kast se articula con la concentraci\u00f3n de Mar\u00eda Corina Machado en Santiago y el despliegue territorial del nuevo Delegado Presidencial de Melipilla - Diario El Labrador\",\"isPartOf\":{\"@id\":\"https:\\\/\\\/diarioellabrador.cl\\\/#website\"},\"primaryImageOfPage\":{\"@id\":\"https:\\\/\\\/diarioellabrador.cl\\\/index.php\\\/2026\\\/03\\\/14\\\/investidura-de-kast-se-articula-con-la-concentracion-de-maria-corina-machado-en-santiago-y-el-despliegue-territorial-del-nuevo-delegado-presidencial-de-melipilla\\\/#primaryimage\"},\"image\":{\"@id\":\"https:\\\/\\\/diarioellabrador.cl\\\/index.php\\\/2026\\\/03\\\/14\\\/investidura-de-kast-se-articula-con-la-concentracion-de-maria-corina-machado-en-santiago-y-el-despliegue-territorial-del-nuevo-delegado-presidencial-de-melipilla\\\/#primaryimage\"},\"thumbnailUrl\":\"https:\\\/\\\/diarioellabrador.cl\\\/wp-content\\\/uploads\\\/2026\\\/03\\\/650124203_1471508871015788_430502889586612814_n.jpg\",\"datePublished\":\"2026-03-15T00:44:36+00:00\",\"dateModified\":\"2026-03-15T00:44:38+00:00\",\"breadcrumb\":{\"@id\":\"https:\\\/\\\/diarioellabrador.cl\\\/index.php\\\/2026\\\/03\\\/14\\\/investidura-de-kast-se-articula-con-la-concentracion-de-maria-corina-machado-en-santiago-y-el-despliegue-territorial-del-nuevo-delegado-presidencial-de-melipilla\\\/#breadcrumb\"},\"inLanguage\":\"es\",\"potentialAction\":[{\"@type\":\"ReadAction\",\"target\":[\"https:\\\/\\\/diarioellabrador.cl\\\/index.php\\\/2026\\\/03\\\/14\\\/investidura-de-kast-se-articula-con-la-concentracion-de-maria-corina-machado-en-santiago-y-el-despliegue-territorial-del-nuevo-delegado-presidencial-de-melipilla\\\/\"]}]},{\"@type\":\"ImageObject\",\"inLanguage\":\"es\",\"@id\":\"https:\\\/\\\/diarioellabrador.cl\\\/index.php\\\/2026\\\/03\\\/14\\\/investidura-de-kast-se-articula-con-la-concentracion-de-maria-corina-machado-en-santiago-y-el-despliegue-territorial-del-nuevo-delegado-presidencial-de-melipilla\\\/#primaryimage\",\"url\":\"https:\\\/\\\/diarioellabrador.cl\\\/wp-content\\\/uploads\\\/2026\\\/03\\\/650124203_1471508871015788_430502889586612814_n.jpg\",\"contentUrl\":\"https:\\\/\\\/diarioellabrador.cl\\\/wp-content\\\/uploads\\\/2026\\\/03\\\/650124203_1471508871015788_430502889586612814_n.jpg\",\"width\":1638,\"height\":2048},{\"@type\":\"BreadcrumbList\",\"@id\":\"https:\\\/\\\/diarioellabrador.cl\\\/index.php\\\/2026\\\/03\\\/14\\\/investidura-de-kast-se-articula-con-la-concentracion-de-maria-corina-machado-en-santiago-y-el-despliegue-territorial-del-nuevo-delegado-presidencial-de-melipilla\\\/#breadcrumb\",\"itemListElement\":[{\"@type\":\"ListItem\",\"position\":1,\"name\":\"Portada\",\"item\":\"https:\\\/\\\/diarioellabrador.cl\\\/\"},{\"@type\":\"ListItem\",\"position\":2,\"name\":\"Investidura de Kast se articula con la concentraci\u00f3n de Mar\u00eda Corina Machado en Santiago y el despliegue territorial del nuevo Delegado Presidencial de Melipilla\"}]},{\"@type\":\"WebSite\",\"@id\":\"https:\\\/\\\/diarioellabrador.cl\\\/#website\",\"url\":\"https:\\\/\\\/diarioellabrador.cl\\\/\",\"name\":\"Diario El Labrador\",\"description\":\"Haciendo noticia desde 1921\",\"publisher\":{\"@id\":\"https:\\\/\\\/diarioellabrador.cl\\\/#organization\"},\"potentialAction\":[{\"@type\":\"SearchAction\",\"target\":{\"@type\":\"EntryPoint\",\"urlTemplate\":\"https:\\\/\\\/diarioellabrador.cl\\\/?s={search_term_string}\"},\"query-input\":{\"@type\":\"PropertyValueSpecification\",\"valueRequired\":true,\"valueName\":\"search_term_string\"}}],\"inLanguage\":\"es\"},{\"@type\":\"Organization\",\"@id\":\"https:\\\/\\\/diarioellabrador.cl\\\/#organization\",\"name\":\"Diario El Labrador\",\"url\":\"https:\\\/\\\/diarioellabrador.cl\\\/\",\"logo\":{\"@type\":\"ImageObject\",\"inLanguage\":\"es\",\"@id\":\"https:\\\/\\\/diarioellabrador.cl\\\/#\\\/schema\\\/logo\\\/image\\\/\",\"url\":\"https:\\\/\\\/diarioellabrador.cl\\\/wp-content\\\/uploads\\\/2025\\\/02\\\/cropped-Logo-Icono.png\",\"contentUrl\":\"https:\\\/\\\/diarioellabrador.cl\\\/wp-content\\\/uploads\\\/2025\\\/02\\\/cropped-Logo-Icono.png\",\"width\":512,\"height\":512,\"caption\":\"Diario El Labrador\"},\"image\":{\"@id\":\"https:\\\/\\\/diarioellabrador.cl\\\/#\\\/schema\\\/logo\\\/image\\\/\"},\"sameAs\":[\"https:\\\/\\\/web.facebook.com\\\/profile.php?id=61576120840621\",\"https:\\\/\\\/x.com\\\/ElLabradorOf\",\"https:\\\/\\\/www.instagram.com\\\/diarioellabradoroficial\\\/\"]},{\"@type\":\"Person\",\"@id\":\"https:\\\/\\\/diarioellabrador.cl\\\/#\\\/schema\\\/person\\\/bc25ff80b4563f9c7f4bd7855df01685\",\"name\":\"Editor\",\"image\":{\"@type\":\"ImageObject\",\"inLanguage\":\"es\",\"@id\":\"https:\\\/\\\/secure.gravatar.com\\\/avatar\\\/109c326cf2be5c04f048c2c2a2b8b6ef44bf3d8d1d3d4c55d0ac40c4bc994684?s=96&d=mm&r=g\",\"url\":\"https:\\\/\\\/secure.gravatar.com\\\/avatar\\\/109c326cf2be5c04f048c2c2a2b8b6ef44bf3d8d1d3d4c55d0ac40c4bc994684?s=96&d=mm&r=g\",\"contentUrl\":\"https:\\\/\\\/secure.gravatar.com\\\/avatar\\\/109c326cf2be5c04f048c2c2a2b8b6ef44bf3d8d1d3d4c55d0ac40c4bc994684?s=96&d=mm&r=g\",\"caption\":\"Editor\"},\"url\":\"https:\\\/\\\/diarioellabrador.cl\\\/index.php\\\/author\\\/editor\\\/\"}]}<\/script>\n<!-- \/ Yoast SEO plugin. -->","yoast_head_json":{"title":"Investidura de Kast se articula con la concentraci\u00f3n de Mar\u00eda Corina Machado en Santiago y el despliegue territorial del nuevo Delegado Presidencial de Melipilla - Diario El Labrador","robots":{"index":"index","follow":"follow","max-snippet":"max-snippet:-1","max-image-preview":"max-image-preview:large","max-video-preview":"max-video-preview:-1"},"canonical":"https:\/\/diarioellabrador.cl\/index.php\/2026\/03\/14\/investidura-de-kast-se-articula-con-la-concentracion-de-maria-corina-machado-en-santiago-y-el-despliegue-territorial-del-nuevo-delegado-presidencial-de-melipilla\/","og_locale":"es_ES","og_type":"article","og_title":"Investidura de Kast se articula con la concentraci\u00f3n de Mar\u00eda Corina Machado en Santiago y el despliegue territorial del nuevo Delegado Presidencial de Melipilla - Diario El Labrador","og_description":"La masiva convocatoria de la l\u00edder opositora venezolana en Paseo Bulnes, su presencia en el cambio de mando presidencial y el nombramiento de Gast\u00f3n Libuy como Delegado Presidencial Provincial configuran un mismo escenario pol\u00edtico en el inicio del gobierno de Jos\u00e9 Antonio Kast. Miles de venezolanos se dieron cita en el sector de Paseo Bulnes Leer m\u00e1s","og_url":"https:\/\/diarioellabrador.cl\/index.php\/2026\/03\/14\/investidura-de-kast-se-articula-con-la-concentracion-de-maria-corina-machado-en-santiago-y-el-despliegue-territorial-del-nuevo-delegado-presidencial-de-melipilla\/","og_site_name":"Diario El Labrador","article_publisher":"https:\/\/web.facebook.com\/profile.php?id=61576120840621","article_published_time":"2026-03-15T00:44:36+00:00","article_modified_time":"2026-03-15T00:44:38+00:00","og_image":[{"width":1638,"height":2048,"url":"https:\/\/diarioellabrador.cl\/wp-content\/uploads\/2026\/03\/650124203_1471508871015788_430502889586612814_n.jpg","type":"image\/jpeg"}],"author":"Editor","twitter_card":"summary_large_image","twitter_creator":"@ElLabradorOf","twitter_site":"@ElLabradorOf","twitter_misc":{"Escrito por":"Editor","Tiempo de lectura":"3 minutos"},"schema":{"@context":"https:\/\/schema.org","@graph":[{"@type":"Article","@id":"https:\/\/diarioellabrador.cl\/index.php\/2026\/03\/14\/investidura-de-kast-se-articula-con-la-concentracion-de-maria-corina-machado-en-santiago-y-el-despliegue-territorial-del-nuevo-delegado-presidencial-de-melipilla\/#article","isPartOf":{"@id":"https:\/\/diarioellabrador.cl\/index.php\/2026\/03\/14\/investidura-de-kast-se-articula-con-la-concentracion-de-maria-corina-machado-en-santiago-y-el-despliegue-territorial-del-nuevo-delegado-presidencial-de-melipilla\/"},"author":{"name":"Editor","@id":"https:\/\/diarioellabrador.cl\/#\/schema\/person\/bc25ff80b4563f9c7f4bd7855df01685"},"headline":"Investidura de Kast se articula con la concentraci\u00f3n de Mar\u00eda Corina Machado en Santiago y el despliegue territorial del nuevo Delegado Presidencial de Melipilla","datePublished":"2026-03-15T00:44:36+00:00","dateModified":"2026-03-15T00:44:38+00:00","mainEntityOfPage":{"@id":"https:\/\/diarioellabrador.cl\/index.php\/2026\/03\/14\/investidura-de-kast-se-articula-con-la-concentracion-de-maria-corina-machado-en-santiago-y-el-despliegue-territorial-del-nuevo-delegado-presidencial-de-melipilla\/"},"wordCount":546,"commentCount":0,"publisher":{"@id":"https:\/\/diarioellabrador.cl\/#organization"},"image":{"@id":"https:\/\/diarioellabrador.cl\/index.php\/2026\/03\/14\/investidura-de-kast-se-articula-con-la-concentracion-de-maria-corina-machado-en-santiago-y-el-despliegue-territorial-del-nuevo-delegado-presidencial-de-melipilla\/#primaryimage"},"thumbnailUrl":"https:\/\/diarioellabrador.cl\/wp-content\/uploads\/2026\/03\/650124203_1471508871015788_430502889586612814_n.jpg","articleSection":["Cr\u00f3nica"],"inLanguage":"es","potentialAction":[{"@type":"CommentAction","name":"Comment","target":["https:\/\/diarioellabrador.cl\/index.php\/2026\/03\/14\/investidura-de-kast-se-articula-con-la-concentracion-de-maria-corina-machado-en-santiago-y-el-despliegue-territorial-del-nuevo-delegado-presidencial-de-melipilla\/#respond"]}]},{"@type":"WebPage","@id":"https:\/\/diarioellabrador.cl\/index.php\/2026\/03\/14\/investidura-de-kast-se-articula-con-la-concentracion-de-maria-corina-machado-en-santiago-y-el-despliegue-territorial-del-nuevo-delegado-presidencial-de-melipilla\/","url":"https:\/\/diarioellabrador.cl\/index.php\/2026\/03\/14\/investidura-de-kast-se-articula-con-la-concentracion-de-maria-corina-machado-en-santiago-y-el-despliegue-territorial-del-nuevo-delegado-presidencial-de-melipilla\/","name":"Investidura de Kast se articula con la concentraci\u00f3n de Mar\u00eda Corina Machado en Santiago y el despliegue territorial del nuevo Delegado Presidencial de Melipilla - Diario El Labrador","isPartOf":{"@id":"https:\/\/diarioellabrador.cl\/#website"},"primaryImageOfPage":{"@id":"https:\/\/diarioellabrador.cl\/index.php\/2026\/03\/14\/investidura-de-kast-se-articula-con-la-concentracion-de-maria-corina-machado-en-santiago-y-el-despliegue-territorial-del-nuevo-delegado-presidencial-de-melipilla\/#primaryimage"},"image":{"@id":"https:\/\/diarioellabrador.cl\/index.php\/2026\/03\/14\/investidura-de-kast-se-articula-con-la-concentracion-de-maria-corina-machado-en-santiago-y-el-despliegue-territorial-del-nuevo-delegado-presidencial-de-melipilla\/#primaryimage"},"thumbnailUrl":"https:\/\/diarioellabrador.cl\/wp-content\/uploads\/2026\/03\/650124203_1471508871015788_430502889586612814_n.jpg","datePublished":"2026-03-15T00:44:36+00:00","dateModified":"2026-03-15T00:44:38+00:00","breadcrumb":{"@id":"https:\/\/diarioellabrador.cl\/index.php\/2026\/03\/14\/investidura-de-kast-se-articula-con-la-concentracion-de-maria-corina-machado-en-santiago-y-el-despliegue-territorial-del-nuevo-delegado-presidencial-de-melipilla\/#breadcrumb"},"inLanguage":"es","potentialAction":[{"@type":"ReadAction","target":["https:\/\/diarioellabrador.cl\/index.php\/2026\/03\/14\/investidura-de-kast-se-articula-con-la-concentracion-de-maria-corina-machado-en-santiago-y-el-despliegue-territorial-del-nuevo-delegado-presidencial-de-melipilla\/"]}]},{"@type":"ImageObject","inLanguage":"es","@id":"https:\/\/diarioellabrador.cl\/index.php\/2026\/03\/14\/investidura-de-kast-se-articula-con-la-concentracion-de-maria-corina-machado-en-santiago-y-el-despliegue-territorial-del-nuevo-delegado-presidencial-de-melipilla\/#primaryimage","url":"https:\/\/diarioellabrador.cl\/wp-content\/uploads\/2026\/03\/650124203_1471508871015788_430502889586612814_n.jpg","contentUrl":"https:\/\/diarioellabrador.cl\/wp-content\/uploads\/2026\/03\/650124203_1471508871015788_430502889586612814_n.jpg","width":1638,"height":2048},{"@type":"BreadcrumbList","@id":"https:\/\/diarioellabrador.cl\/index.php\/2026\/03\/14\/investidura-de-kast-se-articula-con-la-concentracion-de-maria-corina-machado-en-santiago-y-el-despliegue-territorial-del-nuevo-delegado-presidencial-de-melipilla\/#breadcrumb","itemListElement":[{"@type":"ListItem","position":1,"name":"Portada","item":"https:\/\/diarioellabrador.cl\/"},{"@type":"ListItem","position":2,"name":"Investidura de Kast se articula con la concentraci\u00f3n de Mar\u00eda Corina Machado en Santiago y el despliegue territorial del nuevo Delegado Presidencial de Melipilla"}]},{"@type":"WebSite","@id":"https:\/\/diarioellabrador.cl\/#website","url":"https:\/\/diarioellabrador.cl\/","name":"Diario El Labrador","description":"Haciendo noticia desde 1921","publisher":{"@id":"https:\/\/diarioellabrador.cl\/#organization"},"potentialAction":[{"@type":"SearchAction","target":{"@type":"EntryPoint","urlTemplate":"https:\/\/diarioellabrador.cl\/?s={search_term_string}"},"query-input":{"@type":"PropertyValueSpecification","valueRequired":true,"valueName":"search_term_string"}}],"inLanguage":"es"},{"@type":"Organization","@id":"https:\/\/diarioellabrador.cl\/#organization","name":"Diario El Labrador","url":"https:\/\/diarioellabrador.cl\/","logo":{"@type":"ImageObject","inLanguage":"es","@id":"https:\/\/diarioellabrador.cl\/#\/schema\/logo\/image\/","url":"https:\/\/diarioellabrador.cl\/wp-content\/uploads\/2025\/02\/cropped-Logo-Icono.png","contentUrl":"https:\/\/diarioellabrador.cl\/wp-content\/uploads\/2025\/02\/cropped-Logo-Icono.png","width":512,"height":512,"caption":"Diario El Labrador"},"image":{"@id":"https:\/\/diarioellabrador.cl\/#\/schema\/logo\/image\/"},"sameAs":["https:\/\/web.facebook.com\/profile.php?id=61576120840621","https:\/\/x.com\/ElLabradorOf","https:\/\/www.instagram.com\/diarioellabradoroficial\/"]},{"@type":"Person","@id":"https:\/\/diarioellabrador.cl\/#\/schema\/person\/bc25ff80b4563f9c7f4bd7855df01685","name":"Editor","image":{"@type":"ImageObject","inLanguage":"es","@id":"https:\/\/secure.gravatar.com\/avatar\/109c326cf2be5c04f048c2c2a2b8b6ef44bf3d8d1d3d4c55d0ac40c4bc994684?s=96&d=mm&r=g","url":"https:\/\/secure.gravatar.com\/avatar\/109c326cf2be5c04f048c2c2a2b8b6ef44bf3d8d1d3d4c55d0ac40c4bc994684?s=96&d=mm&r=g","contentUrl":"https:\/\/secure.gravatar.com\/avatar\/109c326cf2be5c04f048c2c2a2b8b6ef44bf3d8d1d3d4c55d0ac40c4bc994684?s=96&d=mm&r=g","caption":"Editor"},"url":"https:\/\/diarioellabrador.cl\/index.php\/author\/editor\/"}]}},"_links":{"self":[{"href":"https:\/\/diarioellabrador.cl\/index.php\/wp-json\/wp\/v2\/posts\/16595","targetHints":{"allow":["GET"]}}],"collection":[{"href":"https:\/\/diarioellabrador.cl\/index.php\/wp-json\/wp\/v2\/posts"}],"about":[{"href":"https:\/\/diarioellabrador.cl\/index.php\/wp-json\/wp\/v2\/types\/post"}],"author":[{"embeddable":true,"href":"https:\/\/diarioellabrador.cl\/index.php\/wp-json\/wp\/v2\/users\/2"}],"replies":[{"embeddable":true,"href":"https:\/\/diarioellabrador.cl\/index.php\/wp-json\/wp\/v2\/comments?post=16595"}],"version-history":[{"count":1,"href":"https:\/\/diarioellabrador.cl\/index.php\/wp-json\/wp\/v2\/posts\/16595\/revisions"}],"predecessor-version":[{"id":16597,"href":"https:\/\/diarioellabrador.cl\/index.php\/wp-json\/wp\/v2\/posts\/16595\/revisions\/16597"}],"wp:featuredmedia":[{"embeddable":true,"href":"https:\/\/diarioellabrador.cl\/index.php\/wp-json\/wp\/v2\/media\/16596"}],"wp:attachment":[{"href":"https:\/\/diarioellabrador.cl\/index.php\/wp-json\/wp\/v2\/media?parent=16595"}],"wp:term":[{"taxonomy":"category","embeddable":true,"href":"https:\/\/diarioellabrador.cl\/index.php\/wp-json\/wp\/v2\/categories?post=16595"},{"taxonomy":"post_tag","embeddable":true,"href":"https:\/\/diarioellabrador.cl\/index.php\/wp-json\/wp\/v2\/tags?post=16595"}],"curies":[{"name":"wp","href":"https:\/\/api.w.org\/{rel}","templated":true}]}}