{"id":16591,"date":"2026-03-14T18:26:00","date_gmt":"2026-03-14T22:26:00","guid":{"rendered":"https:\/\/diarioellabrador.cl\/?p=16591"},"modified":"2026-03-14T16:26:46","modified_gmt":"2026-03-14T20:26:46","slug":"anne-marie-muller-es-la-nueva-delegada-presidencial-de-talagante","status":"publish","type":"post","link":"https:\/\/diarioellabrador.cl\/index.php\/2026\/03\/14\/anne-marie-muller-es-la-nueva-delegada-presidencial-de-talagante\/","title":{"rendered":"Anne Marie M\u00fcller es la nueva Delegada Presidencial de Talagante"},"content":{"rendered":"\n<p>Por Carlos Silva S<\/p>\n\n\n\n<p>La noche del viernes se confirmaron finalmente los nombres de quienes ser\u00e1n los pr\u00f3ximos Delegados Presidenciales Provinciales.<\/p>\n\n\n\n<p>Tal como lo adelant\u00f3 El Labrador, en el caso de la provincia el cargo recae en el abogado UDI y ExCORE, Gast\u00f3n Libuy, mientras que en Talagante la nueva autoridad es Anne Marie M\u00fcller, excandidata a Diputada por el distrito y militante del Partido Republicano.<\/p>\n\n\n\n<p>La recientemente nombrada delegada, se\u00f1al\u00f3 sentirse \u201corgullosa y feliz\u201d, adem\u00e1s de que este desaf\u00edo lo toma como un \u201chonor\u201d. \u201cEs&nbsp; un honor trabajar para gobierno, con todas las ganas de hacerlo bien para la provincia de Talagante que amo con todo mi coraz\u00f3n, hay mucho que hacer, pero estoy feliz\u201d, indic\u00f3.<\/p>\n\n\n\n<p>Los delegados presidenciales provinciales asumir\u00e1n ma\u00f1ana lunes a primera hora sus cargos, luego de algunos d\u00edas de incertidumbre con respecto a estos nombramientos. Cabe indicar que ellos ser\u00e1n el nexo provincial directo con el Gobierno durante los pr\u00f3ximos cuatro a\u00f1os.<\/p>\n","protected":false},"excerpt":{"rendered":"<p>Por Carlos Silva S La noche del viernes se confirmaron finalmente los nombres de quienes ser\u00e1n los pr\u00f3ximos Delegados Presidenciales Provinciales. Tal como lo adelant\u00f3 El Labrador, en el caso de la provincia el cargo recae en el abogado UDI y ExCORE, Gast\u00f3n Libuy, mientras que en Talagante la nueva autoridad es Anne Marie M\u00fcller,<\/p>\n<div class=\"read-more-wrapper\"><a class=\"read-more\" href=\"https:\/\/diarioellabrador.cl\/index.php\/2026\/03\/14\/anne-marie-muller-es-la-nueva-delegada-presidencial-de-talagante\/\" title=\"Leer m\u00e1s\"> <span class=\"button \">Leer m\u00e1s<\/span><\/a><\/div>\n","protected":false},"author":2,"featured_media":16527,"comment_status":"open","ping_status":"open","sticky":false,"template":"","format":"standard","meta":{"footnotes":""},"categories":[1],"tags":[],"class_list":["post-16591","post","type-post","status-publish","format-standard","has-post-thumbnail","hentry","category-cronica"],"yoast_head":"<!-- This site is optimized with the Yoast SEO plugin v27.5 - https:\/\/yoast.com\/product\/yoast-seo-wordpress\/ -->\n<title>Anne Marie M\u00fcller es la nueva Delegada Presidencial de Talagante - Diario El Labrador<\/title>\n<meta name=\"robots\" content=\"index, follow, max-snippet:-1, max-image-preview:large, max-video-preview:-1\" \/>\n<link rel=\"canonical\" href=\"https:\/\/diarioellabrador.cl\/index.php\/2026\/03\/14\/anne-marie-muller-es-la-nueva-delegada-presidencial-de-talagante\/\" \/>\n<meta property=\"og:locale\" content=\"es_ES\" \/>\n<meta property=\"og:type\" content=\"article\" \/>\n<meta property=\"og:title\" content=\"Anne Marie M\u00fcller es la nueva Delegada Presidencial de Talagante - Diario El Labrador\" \/>\n<meta property=\"og:description\" content=\"Por Carlos Silva S La noche del viernes se confirmaron finalmente los nombres de quienes ser\u00e1n los pr\u00f3ximos Delegados Presidenciales Provinciales. Tal como lo adelant\u00f3 El Labrador, en el caso de la provincia el cargo recae en el abogado UDI y ExCORE, Gast\u00f3n Libuy, mientras que en Talagante la nueva autoridad es Anne Marie M\u00fcller, Leer m\u00e1s\" \/>\n<meta property=\"og:url\" content=\"https:\/\/diarioellabrador.cl\/index.php\/2026\/03\/14\/anne-marie-muller-es-la-nueva-delegada-presidencial-de-talagante\/\" \/>\n<meta property=\"og:site_name\" content=\"Diario El Labrador\" \/>\n<meta property=\"article:publisher\" content=\"https:\/\/web.facebook.com\/profile.php?id=61576120840621\" \/>\n<meta property=\"article:published_time\" content=\"2026-03-14T22:26:00+00:00\" \/>\n<meta property=\"og:image\" content=\"https:\/\/diarioellabrador.cl\/wp-content\/uploads\/2026\/03\/Anne-Marie-Muller-es-la-nueva-Delegada-Presidencial-de-Talagante.jpg\" \/>\n\t<meta property=\"og:image:width\" content=\"1016\" \/>\n\t<meta property=\"og:image:height\" content=\"596\" \/>\n\t<meta property=\"og:image:type\" content=\"image\/jpeg\" \/>\n<meta name=\"author\" content=\"Editor\" \/>\n<meta name=\"twitter:card\" content=\"summary_large_image\" \/>\n<meta name=\"twitter:creator\" content=\"@ElLabradorOf\" \/>\n<meta name=\"twitter:site\" content=\"@ElLabradorOf\" \/>\n<meta name=\"twitter:label1\" content=\"Escrito por\" \/>\n\t<meta name=\"twitter:data1\" content=\"Editor\" \/>\n\t<meta name=\"twitter:label2\" content=\"Tiempo de lectura\" \/>\n\t<meta name=\"twitter:data2\" content=\"1 minuto\" \/>\n<script type=\"application\/ld+json\" class=\"yoast-schema-graph\">{\"@context\":\"https:\\\/\\\/schema.org\",\"@graph\":[{\"@type\":\"Article\",\"@id\":\"https:\\\/\\\/diarioellabrador.cl\\\/index.php\\\/2026\\\/03\\\/14\\\/anne-marie-muller-es-la-nueva-delegada-presidencial-de-talagante\\\/#article\",\"isPartOf\":{\"@id\":\"https:\\\/\\\/diarioellabrador.cl\\\/index.php\\\/2026\\\/03\\\/14\\\/anne-marie-muller-es-la-nueva-delegada-presidencial-de-talagante\\\/\"},\"author\":{\"name\":\"Editor\",\"@id\":\"https:\\\/\\\/diarioellabrador.cl\\\/#\\\/schema\\\/person\\\/bc25ff80b4563f9c7f4bd7855df01685\"},\"headline\":\"Anne Marie M\u00fcller es la nueva Delegada Presidencial de Talagante\",\"datePublished\":\"2026-03-14T22:26:00+00:00\",\"mainEntityOfPage\":{\"@id\":\"https:\\\/\\\/diarioellabrador.cl\\\/index.php\\\/2026\\\/03\\\/14\\\/anne-marie-muller-es-la-nueva-delegada-presidencial-de-talagante\\\/\"},\"wordCount\":183,\"commentCount\":0,\"publisher\":{\"@id\":\"https:\\\/\\\/diarioellabrador.cl\\\/#organization\"},\"image\":{\"@id\":\"https:\\\/\\\/diarioellabrador.cl\\\/index.php\\\/2026\\\/03\\\/14\\\/anne-marie-muller-es-la-nueva-delegada-presidencial-de-talagante\\\/#primaryimage\"},\"thumbnailUrl\":\"https:\\\/\\\/diarioellabrador.cl\\\/wp-content\\\/uploads\\\/2026\\\/03\\\/Anne-Marie-Muller-es-la-nueva-Delegada-Presidencial-de-Talagante.jpg\",\"articleSection\":[\"Cr\u00f3nica\"],\"inLanguage\":\"es\",\"potentialAction\":[{\"@type\":\"CommentAction\",\"name\":\"Comment\",\"target\":[\"https:\\\/\\\/diarioellabrador.cl\\\/index.php\\\/2026\\\/03\\\/14\\\/anne-marie-muller-es-la-nueva-delegada-presidencial-de-talagante\\\/#respond\"]}]},{\"@type\":\"WebPage\",\"@id\":\"https:\\\/\\\/diarioellabrador.cl\\\/index.php\\\/2026\\\/03\\\/14\\\/anne-marie-muller-es-la-nueva-delegada-presidencial-de-talagante\\\/\",\"url\":\"https:\\\/\\\/diarioellabrador.cl\\\/index.php\\\/2026\\\/03\\\/14\\\/anne-marie-muller-es-la-nueva-delegada-presidencial-de-talagante\\\/\",\"name\":\"Anne Marie M\u00fcller es la nueva Delegada Presidencial de Talagante - Diario El Labrador\",\"isPartOf\":{\"@id\":\"https:\\\/\\\/diarioellabrador.cl\\\/#website\"},\"primaryImageOfPage\":{\"@id\":\"https:\\\/\\\/diarioellabrador.cl\\\/index.php\\\/2026\\\/03\\\/14\\\/anne-marie-muller-es-la-nueva-delegada-presidencial-de-talagante\\\/#primaryimage\"},\"image\":{\"@id\":\"https:\\\/\\\/diarioellabrador.cl\\\/index.php\\\/2026\\\/03\\\/14\\\/anne-marie-muller-es-la-nueva-delegada-presidencial-de-talagante\\\/#primaryimage\"},\"thumbnailUrl\":\"https:\\\/\\\/diarioellabrador.cl\\\/wp-content\\\/uploads\\\/2026\\\/03\\\/Anne-Marie-Muller-es-la-nueva-Delegada-Presidencial-de-Talagante.jpg\",\"datePublished\":\"2026-03-14T22:26:00+00:00\",\"breadcrumb\":{\"@id\":\"https:\\\/\\\/diarioellabrador.cl\\\/index.php\\\/2026\\\/03\\\/14\\\/anne-marie-muller-es-la-nueva-delegada-presidencial-de-talagante\\\/#breadcrumb\"},\"inLanguage\":\"es\",\"potentialAction\":[{\"@type\":\"ReadAction\",\"target\":[\"https:\\\/\\\/diarioellabrador.cl\\\/index.php\\\/2026\\\/03\\\/14\\\/anne-marie-muller-es-la-nueva-delegada-presidencial-de-talagante\\\/\"]}]},{\"@type\":\"ImageObject\",\"inLanguage\":\"es\",\"@id\":\"https:\\\/\\\/diarioellabrador.cl\\\/index.php\\\/2026\\\/03\\\/14\\\/anne-marie-muller-es-la-nueva-delegada-presidencial-de-talagante\\\/#primaryimage\",\"url\":\"https:\\\/\\\/diarioellabrador.cl\\\/wp-content\\\/uploads\\\/2026\\\/03\\\/Anne-Marie-Muller-es-la-nueva-Delegada-Presidencial-de-Talagante.jpg\",\"contentUrl\":\"https:\\\/\\\/diarioellabrador.cl\\\/wp-content\\\/uploads\\\/2026\\\/03\\\/Anne-Marie-Muller-es-la-nueva-Delegada-Presidencial-de-Talagante.jpg\",\"width\":1016,\"height\":596},{\"@type\":\"BreadcrumbList\",\"@id\":\"https:\\\/\\\/diarioellabrador.cl\\\/index.php\\\/2026\\\/03\\\/14\\\/anne-marie-muller-es-la-nueva-delegada-presidencial-de-talagante\\\/#breadcrumb\",\"itemListElement\":[{\"@type\":\"ListItem\",\"position\":1,\"name\":\"Portada\",\"item\":\"https:\\\/\\\/diarioellabrador.cl\\\/\"},{\"@type\":\"ListItem\",\"position\":2,\"name\":\"Anne Marie M\u00fcller es la nueva Delegada Presidencial de Talagante\"}]},{\"@type\":\"WebSite\",\"@id\":\"https:\\\/\\\/diarioellabrador.cl\\\/#website\",\"url\":\"https:\\\/\\\/diarioellabrador.cl\\\/\",\"name\":\"Diario El Labrador\",\"description\":\"Haciendo noticia desde 1921\",\"publisher\":{\"@id\":\"https:\\\/\\\/diarioellabrador.cl\\\/#organization\"},\"potentialAction\":[{\"@type\":\"SearchAction\",\"target\":{\"@type\":\"EntryPoint\",\"urlTemplate\":\"https:\\\/\\\/diarioellabrador.cl\\\/?s={search_term_string}\"},\"query-input\":{\"@type\":\"PropertyValueSpecification\",\"valueRequired\":true,\"valueName\":\"search_term_string\"}}],\"inLanguage\":\"es\"},{\"@type\":\"Organization\",\"@id\":\"https:\\\/\\\/diarioellabrador.cl\\\/#organization\",\"name\":\"Diario El Labrador\",\"url\":\"https:\\\/\\\/diarioellabrador.cl\\\/\",\"logo\":{\"@type\":\"ImageObject\",\"inLanguage\":\"es\",\"@id\":\"https:\\\/\\\/diarioellabrador.cl\\\/#\\\/schema\\\/logo\\\/image\\\/\",\"url\":\"https:\\\/\\\/diarioellabrador.cl\\\/wp-content\\\/uploads\\\/2025\\\/02\\\/cropped-Logo-Icono.png\",\"contentUrl\":\"https:\\\/\\\/diarioellabrador.cl\\\/wp-content\\\/uploads\\\/2025\\\/02\\\/cropped-Logo-Icono.png\",\"width\":512,\"height\":512,\"caption\":\"Diario El Labrador\"},\"image\":{\"@id\":\"https:\\\/\\\/diarioellabrador.cl\\\/#\\\/schema\\\/logo\\\/image\\\/\"},\"sameAs\":[\"https:\\\/\\\/web.facebook.com\\\/profile.php?id=61576120840621\",\"https:\\\/\\\/x.com\\\/ElLabradorOf\",\"https:\\\/\\\/www.instagram.com\\\/diarioellabradoroficial\\\/\"]},{\"@type\":\"Person\",\"@id\":\"https:\\\/\\\/diarioellabrador.cl\\\/#\\\/schema\\\/person\\\/bc25ff80b4563f9c7f4bd7855df01685\",\"name\":\"Editor\",\"image\":{\"@type\":\"ImageObject\",\"inLanguage\":\"es\",\"@id\":\"https:\\\/\\\/secure.gravatar.com\\\/avatar\\\/109c326cf2be5c04f048c2c2a2b8b6ef44bf3d8d1d3d4c55d0ac40c4bc994684?s=96&d=mm&r=g\",\"url\":\"https:\\\/\\\/secure.gravatar.com\\\/avatar\\\/109c326cf2be5c04f048c2c2a2b8b6ef44bf3d8d1d3d4c55d0ac40c4bc994684?s=96&d=mm&r=g\",\"contentUrl\":\"https:\\\/\\\/secure.gravatar.com\\\/avatar\\\/109c326cf2be5c04f048c2c2a2b8b6ef44bf3d8d1d3d4c55d0ac40c4bc994684?s=96&d=mm&r=g\",\"caption\":\"Editor\"},\"url\":\"https:\\\/\\\/diarioellabrador.cl\\\/index.php\\\/author\\\/editor\\\/\"}]}<\/script>\n<!-- \/ Yoast SEO plugin. -->","yoast_head_json":{"title":"Anne Marie M\u00fcller es la nueva Delegada Presidencial de Talagante - Diario El Labrador","robots":{"index":"index","follow":"follow","max-snippet":"max-snippet:-1","max-image-preview":"max-image-preview:large","max-video-preview":"max-video-preview:-1"},"canonical":"https:\/\/diarioellabrador.cl\/index.php\/2026\/03\/14\/anne-marie-muller-es-la-nueva-delegada-presidencial-de-talagante\/","og_locale":"es_ES","og_type":"article","og_title":"Anne Marie M\u00fcller es la nueva Delegada Presidencial de Talagante - Diario El Labrador","og_description":"Por Carlos Silva S La noche del viernes se confirmaron finalmente los nombres de quienes ser\u00e1n los pr\u00f3ximos Delegados Presidenciales Provinciales. Tal como lo adelant\u00f3 El Labrador, en el caso de la provincia el cargo recae en el abogado UDI y ExCORE, Gast\u00f3n Libuy, mientras que en Talagante la nueva autoridad es Anne Marie M\u00fcller, Leer m\u00e1s","og_url":"https:\/\/diarioellabrador.cl\/index.php\/2026\/03\/14\/anne-marie-muller-es-la-nueva-delegada-presidencial-de-talagante\/","og_site_name":"Diario El Labrador","article_publisher":"https:\/\/web.facebook.com\/profile.php?id=61576120840621","article_published_time":"2026-03-14T22:26:00+00:00","og_image":[{"width":1016,"height":596,"url":"https:\/\/diarioellabrador.cl\/wp-content\/uploads\/2026\/03\/Anne-Marie-Muller-es-la-nueva-Delegada-Presidencial-de-Talagante.jpg","type":"image\/jpeg"}],"author":"Editor","twitter_card":"summary_large_image","twitter_creator":"@ElLabradorOf","twitter_site":"@ElLabradorOf","twitter_misc":{"Escrito por":"Editor","Tiempo de lectura":"1 minuto"},"schema":{"@context":"https:\/\/schema.org","@graph":[{"@type":"Article","@id":"https:\/\/diarioellabrador.cl\/index.php\/2026\/03\/14\/anne-marie-muller-es-la-nueva-delegada-presidencial-de-talagante\/#article","isPartOf":{"@id":"https:\/\/diarioellabrador.cl\/index.php\/2026\/03\/14\/anne-marie-muller-es-la-nueva-delegada-presidencial-de-talagante\/"},"author":{"name":"Editor","@id":"https:\/\/diarioellabrador.cl\/#\/schema\/person\/bc25ff80b4563f9c7f4bd7855df01685"},"headline":"Anne Marie M\u00fcller es la nueva Delegada Presidencial de Talagante","datePublished":"2026-03-14T22:26:00+00:00","mainEntityOfPage":{"@id":"https:\/\/diarioellabrador.cl\/index.php\/2026\/03\/14\/anne-marie-muller-es-la-nueva-delegada-presidencial-de-talagante\/"},"wordCount":183,"commentCount":0,"publisher":{"@id":"https:\/\/diarioellabrador.cl\/#organization"},"image":{"@id":"https:\/\/diarioellabrador.cl\/index.php\/2026\/03\/14\/anne-marie-muller-es-la-nueva-delegada-presidencial-de-talagante\/#primaryimage"},"thumbnailUrl":"https:\/\/diarioellabrador.cl\/wp-content\/uploads\/2026\/03\/Anne-Marie-Muller-es-la-nueva-Delegada-Presidencial-de-Talagante.jpg","articleSection":["Cr\u00f3nica"],"inLanguage":"es","potentialAction":[{"@type":"CommentAction","name":"Comment","target":["https:\/\/diarioellabrador.cl\/index.php\/2026\/03\/14\/anne-marie-muller-es-la-nueva-delegada-presidencial-de-talagante\/#respond"]}]},{"@type":"WebPage","@id":"https:\/\/diarioellabrador.cl\/index.php\/2026\/03\/14\/anne-marie-muller-es-la-nueva-delegada-presidencial-de-talagante\/","url":"https:\/\/diarioellabrador.cl\/index.php\/2026\/03\/14\/anne-marie-muller-es-la-nueva-delegada-presidencial-de-talagante\/","name":"Anne Marie M\u00fcller es la nueva Delegada Presidencial de Talagante - Diario El Labrador","isPartOf":{"@id":"https:\/\/diarioellabrador.cl\/#website"},"primaryImageOfPage":{"@id":"https:\/\/diarioellabrador.cl\/index.php\/2026\/03\/14\/anne-marie-muller-es-la-nueva-delegada-presidencial-de-talagante\/#primaryimage"},"image":{"@id":"https:\/\/diarioellabrador.cl\/index.php\/2026\/03\/14\/anne-marie-muller-es-la-nueva-delegada-presidencial-de-talagante\/#primaryimage"},"thumbnailUrl":"https:\/\/diarioellabrador.cl\/wp-content\/uploads\/2026\/03\/Anne-Marie-Muller-es-la-nueva-Delegada-Presidencial-de-Talagante.jpg","datePublished":"2026-03-14T22:26:00+00:00","breadcrumb":{"@id":"https:\/\/diarioellabrador.cl\/index.php\/2026\/03\/14\/anne-marie-muller-es-la-nueva-delegada-presidencial-de-talagante\/#breadcrumb"},"inLanguage":"es","potentialAction":[{"@type":"ReadAction","target":["https:\/\/diarioellabrador.cl\/index.php\/2026\/03\/14\/anne-marie-muller-es-la-nueva-delegada-presidencial-de-talagante\/"]}]},{"@type":"ImageObject","inLanguage":"es","@id":"https:\/\/diarioellabrador.cl\/index.php\/2026\/03\/14\/anne-marie-muller-es-la-nueva-delegada-presidencial-de-talagante\/#primaryimage","url":"https:\/\/diarioellabrador.cl\/wp-content\/uploads\/2026\/03\/Anne-Marie-Muller-es-la-nueva-Delegada-Presidencial-de-Talagante.jpg","contentUrl":"https:\/\/diarioellabrador.cl\/wp-content\/uploads\/2026\/03\/Anne-Marie-Muller-es-la-nueva-Delegada-Presidencial-de-Talagante.jpg","width":1016,"height":596},{"@type":"BreadcrumbList","@id":"https:\/\/diarioellabrador.cl\/index.php\/2026\/03\/14\/anne-marie-muller-es-la-nueva-delegada-presidencial-de-talagante\/#breadcrumb","itemListElement":[{"@type":"ListItem","position":1,"name":"Portada","item":"https:\/\/diarioellabrador.cl\/"},{"@type":"ListItem","position":2,"name":"Anne Marie M\u00fcller es la nueva Delegada Presidencial de Talagante"}]},{"@type":"WebSite","@id":"https:\/\/diarioellabrador.cl\/#website","url":"https:\/\/diarioellabrador.cl\/","name":"Diario El Labrador","description":"Haciendo noticia desde 1921","publisher":{"@id":"https:\/\/diarioellabrador.cl\/#organization"},"potentialAction":[{"@type":"SearchAction","target":{"@type":"EntryPoint","urlTemplate":"https:\/\/diarioellabrador.cl\/?s={search_term_string}"},"query-input":{"@type":"PropertyValueSpecification","valueRequired":true,"valueName":"search_term_string"}}],"inLanguage":"es"},{"@type":"Organization","@id":"https:\/\/diarioellabrador.cl\/#organization","name":"Diario El Labrador","url":"https:\/\/diarioellabrador.cl\/","logo":{"@type":"ImageObject","inLanguage":"es","@id":"https:\/\/diarioellabrador.cl\/#\/schema\/logo\/image\/","url":"https:\/\/diarioellabrador.cl\/wp-content\/uploads\/2025\/02\/cropped-Logo-Icono.png","contentUrl":"https:\/\/diarioellabrador.cl\/wp-content\/uploads\/2025\/02\/cropped-Logo-Icono.png","width":512,"height":512,"caption":"Diario El Labrador"},"image":{"@id":"https:\/\/diarioellabrador.cl\/#\/schema\/logo\/image\/"},"sameAs":["https:\/\/web.facebook.com\/profile.php?id=61576120840621","https:\/\/x.com\/ElLabradorOf","https:\/\/www.instagram.com\/diarioellabradoroficial\/"]},{"@type":"Person","@id":"https:\/\/diarioellabrador.cl\/#\/schema\/person\/bc25ff80b4563f9c7f4bd7855df01685","name":"Editor","image":{"@type":"ImageObject","inLanguage":"es","@id":"https:\/\/secure.gravatar.com\/avatar\/109c326cf2be5c04f048c2c2a2b8b6ef44bf3d8d1d3d4c55d0ac40c4bc994684?s=96&d=mm&r=g","url":"https:\/\/secure.gravatar.com\/avatar\/109c326cf2be5c04f048c2c2a2b8b6ef44bf3d8d1d3d4c55d0ac40c4bc994684?s=96&d=mm&r=g","contentUrl":"https:\/\/secure.gravatar.com\/avatar\/109c326cf2be5c04f048c2c2a2b8b6ef44bf3d8d1d3d4c55d0ac40c4bc994684?s=96&d=mm&r=g","caption":"Editor"},"url":"https:\/\/diarioellabrador.cl\/index.php\/author\/editor\/"}]}},"_links":{"self":[{"href":"https:\/\/diarioellabrador.cl\/index.php\/wp-json\/wp\/v2\/posts\/16591","targetHints":{"allow":["GET"]}}],"collection":[{"href":"https:\/\/diarioellabrador.cl\/index.php\/wp-json\/wp\/v2\/posts"}],"about":[{"href":"https:\/\/diarioellabrador.cl\/index.php\/wp-json\/wp\/v2\/types\/post"}],"author":[{"embeddable":true,"href":"https:\/\/diarioellabrador.cl\/index.php\/wp-json\/wp\/v2\/users\/2"}],"replies":[{"embeddable":true,"href":"https:\/\/diarioellabrador.cl\/index.php\/wp-json\/wp\/v2\/comments?post=16591"}],"version-history":[{"count":1,"href":"https:\/\/diarioellabrador.cl\/index.php\/wp-json\/wp\/v2\/posts\/16591\/revisions"}],"predecessor-version":[{"id":16592,"href":"https:\/\/diarioellabrador.cl\/index.php\/wp-json\/wp\/v2\/posts\/16591\/revisions\/16592"}],"wp:featuredmedia":[{"embeddable":true,"href":"https:\/\/diarioellabrador.cl\/index.php\/wp-json\/wp\/v2\/media\/16527"}],"wp:attachment":[{"href":"https:\/\/diarioellabrador.cl\/index.php\/wp-json\/wp\/v2\/media?parent=16591"}],"wp:term":[{"taxonomy":"category","embeddable":true,"href":"https:\/\/diarioellabrador.cl\/index.php\/wp-json\/wp\/v2\/categories?post=16591"},{"taxonomy":"post_tag","embeddable":true,"href":"https:\/\/diarioellabrador.cl\/index.php\/wp-json\/wp\/v2\/tags?post=16591"}],"curies":[{"name":"wp","href":"https:\/\/api.w.org\/{rel}","templated":true}]}}