{"id":16585,"date":"2026-03-14T18:23:00","date_gmt":"2026-03-14T22:23:00","guid":{"rendered":"https:\/\/diarioellabrador.cl\/?p=16585"},"modified":"2026-03-14T16:24:38","modified_gmt":"2026-03-14T20:24:38","slug":"alcaldesa-garate-se-reune-con-subsecretaria-de-prevencion-del-delito-y-refuerza-llamado-a-mas-recursos-para-enfrentar-la-delincuencia","status":"publish","type":"post","link":"https:\/\/diarioellabrador.cl\/index.php\/2026\/03\/14\/alcaldesa-garate-se-reune-con-subsecretaria-de-prevencion-del-delito-y-refuerza-llamado-a-mas-recursos-para-enfrentar-la-delincuencia\/","title":{"rendered":"Alcaldesa G\u00e1rate se re\u00fane con Subsecretaria de Prevenci\u00f3n del Delito y refuerza llamado a m\u00e1s recursos para enfrentar la delincuencia"},"content":{"rendered":"\n<p>La alcaldesa Paula G\u00e1rate sostuvo su primera reuni\u00f3n de trabajo con la subsecretaria de Prevenci\u00f3n del Delito, Ana Victoria Quintana, junto a las Asociaci\u00f3n Chilena de Municipios (ACHM) y la Asociaci\u00f3n de Municipios Rural (AMUR), con el objetivo de abordar la principal preocupaci\u00f3n por el aumento de la delincuencia.<\/p>\n\n\n\n<p>Durante el encuentro, la jefa comunal ratific\u00f3 que la seguridad de la comunidad es una prioridad para la actual administraci\u00f3n municipal, destacando que los municipios cumplen un rol clave en la prevenci\u00f3n, pero requieren del respaldo y recursos del nivel central para fortalecer las acciones en los territorios.<\/p>\n\n\n\n<p>\u201cLa seguridad de nuestros vecinos es una prioridad. Desde el municipio estamos trabajando con una mirada preventiva, reforzando la presencia en los barrios y coordin\u00e1ndonos con las distintas instituciones. Sin embargo, para enfrentar de mejor manera la delincuencia necesitamos m\u00e1s recursos y apoyo del nivel central\u201d, se\u00f1al\u00f3 la alcaldesa G\u00e1rate.<\/p>\n\n\n\n<p>La autoridad comunal recalc\u00f3 que los municipios son la primera l\u00ednea de respuesta frente a las preocupaciones de la ciudadan\u00eda en materia de seguridad, por lo que resulta fundamental fortalecer las herramientas y financiamiento destinados a la prevenci\u00f3n del delito a nivel local.<\/p>\n\n\n\n<p>La reuni\u00f3n permiti\u00f3 establecer una primera agenda de trabajo entre el municipio y la Subsecretar\u00eda de Prevenci\u00f3n del Delito, orientada a impulsar medidas concretas que permitan mejorar la seguridad en la comuna y responder a una de las principales demandas de la ciudadan\u00eda.<\/p>\n","protected":false},"excerpt":{"rendered":"<p>La alcaldesa Paula G\u00e1rate sostuvo su primera reuni\u00f3n de trabajo con la subsecretaria de Prevenci\u00f3n del Delito, Ana Victoria Quintana, junto a las Asociaci\u00f3n Chilena de Municipios (ACHM) y la Asociaci\u00f3n de Municipios Rural (AMUR), con el objetivo de abordar la principal preocupaci\u00f3n por el aumento de la delincuencia. Durante el encuentro, la jefa comunal<\/p>\n<div class=\"read-more-wrapper\"><a class=\"read-more\" href=\"https:\/\/diarioellabrador.cl\/index.php\/2026\/03\/14\/alcaldesa-garate-se-reune-con-subsecretaria-de-prevencion-del-delito-y-refuerza-llamado-a-mas-recursos-para-enfrentar-la-delincuencia\/\" title=\"Leer m\u00e1s\"> <span class=\"button \">Leer m\u00e1s<\/span><\/a><\/div>\n","protected":false},"author":2,"featured_media":16535,"comment_status":"open","ping_status":"open","sticky":false,"template":"","format":"standard","meta":{"footnotes":""},"categories":[1],"tags":[],"class_list":["post-16585","post","type-post","status-publish","format-standard","has-post-thumbnail","hentry","category-cronica"],"yoast_head":"<!-- This site is optimized with the Yoast SEO plugin v27.5 - https:\/\/yoast.com\/product\/yoast-seo-wordpress\/ -->\n<title>Alcaldesa G\u00e1rate se re\u00fane con Subsecretaria de Prevenci\u00f3n del Delito y refuerza llamado a m\u00e1s recursos para enfrentar la delincuencia - Diario El Labrador<\/title>\n<meta name=\"robots\" content=\"index, follow, max-snippet:-1, max-image-preview:large, max-video-preview:-1\" \/>\n<link rel=\"canonical\" href=\"https:\/\/diarioellabrador.cl\/index.php\/2026\/03\/14\/alcaldesa-garate-se-reune-con-subsecretaria-de-prevencion-del-delito-y-refuerza-llamado-a-mas-recursos-para-enfrentar-la-delincuencia\/\" \/>\n<meta property=\"og:locale\" content=\"es_ES\" \/>\n<meta property=\"og:type\" content=\"article\" \/>\n<meta property=\"og:title\" content=\"Alcaldesa G\u00e1rate se re\u00fane con Subsecretaria de Prevenci\u00f3n del Delito y refuerza llamado a m\u00e1s recursos para enfrentar la delincuencia - Diario El Labrador\" \/>\n<meta property=\"og:description\" content=\"La alcaldesa Paula G\u00e1rate sostuvo su primera reuni\u00f3n de trabajo con la subsecretaria de Prevenci\u00f3n del Delito, Ana Victoria Quintana, junto a las Asociaci\u00f3n Chilena de Municipios (ACHM) y la Asociaci\u00f3n de Municipios Rural (AMUR), con el objetivo de abordar la principal preocupaci\u00f3n por el aumento de la delincuencia. Durante el encuentro, la jefa comunal Leer m\u00e1s\" \/>\n<meta property=\"og:url\" content=\"https:\/\/diarioellabrador.cl\/index.php\/2026\/03\/14\/alcaldesa-garate-se-reune-con-subsecretaria-de-prevencion-del-delito-y-refuerza-llamado-a-mas-recursos-para-enfrentar-la-delincuencia\/\" \/>\n<meta property=\"og:site_name\" content=\"Diario El Labrador\" \/>\n<meta property=\"article:publisher\" content=\"https:\/\/web.facebook.com\/profile.php?id=61576120840621\" \/>\n<meta property=\"article:published_time\" content=\"2026-03-14T22:23:00+00:00\" \/>\n<meta property=\"og:image\" content=\"https:\/\/diarioellabrador.cl\/wp-content\/uploads\/2026\/03\/Alcaldesa-Garate-se-reune-con-Subsecretaria-de-Prevencion-del-Delito-y-refuerza-llamado-a-mas-recursos-para-enfrentar-la-delincuencia-1.jpeg\" \/>\n\t<meta property=\"og:image:width\" content=\"1600\" \/>\n\t<meta property=\"og:image:height\" content=\"1200\" \/>\n\t<meta property=\"og:image:type\" content=\"image\/jpeg\" \/>\n<meta name=\"author\" content=\"Editor\" \/>\n<meta name=\"twitter:card\" content=\"summary_large_image\" \/>\n<meta name=\"twitter:creator\" content=\"@ElLabradorOf\" \/>\n<meta name=\"twitter:site\" content=\"@ElLabradorOf\" \/>\n<meta name=\"twitter:label1\" content=\"Escrito por\" \/>\n\t<meta name=\"twitter:data1\" content=\"Editor\" \/>\n\t<meta name=\"twitter:label2\" content=\"Tiempo de lectura\" \/>\n\t<meta name=\"twitter:data2\" content=\"2 minutos\" \/>\n<script type=\"application\/ld+json\" class=\"yoast-schema-graph\">{\"@context\":\"https:\\\/\\\/schema.org\",\"@graph\":[{\"@type\":\"Article\",\"@id\":\"https:\\\/\\\/diarioellabrador.cl\\\/index.php\\\/2026\\\/03\\\/14\\\/alcaldesa-garate-se-reune-con-subsecretaria-de-prevencion-del-delito-y-refuerza-llamado-a-mas-recursos-para-enfrentar-la-delincuencia\\\/#article\",\"isPartOf\":{\"@id\":\"https:\\\/\\\/diarioellabrador.cl\\\/index.php\\\/2026\\\/03\\\/14\\\/alcaldesa-garate-se-reune-con-subsecretaria-de-prevencion-del-delito-y-refuerza-llamado-a-mas-recursos-para-enfrentar-la-delincuencia\\\/\"},\"author\":{\"name\":\"Editor\",\"@id\":\"https:\\\/\\\/diarioellabrador.cl\\\/#\\\/schema\\\/person\\\/bc25ff80b4563f9c7f4bd7855df01685\"},\"headline\":\"Alcaldesa G\u00e1rate se re\u00fane con Subsecretaria de Prevenci\u00f3n del Delito y refuerza llamado a m\u00e1s recursos para enfrentar la delincuencia\",\"datePublished\":\"2026-03-14T22:23:00+00:00\",\"mainEntityOfPage\":{\"@id\":\"https:\\\/\\\/diarioellabrador.cl\\\/index.php\\\/2026\\\/03\\\/14\\\/alcaldesa-garate-se-reune-con-subsecretaria-de-prevencion-del-delito-y-refuerza-llamado-a-mas-recursos-para-enfrentar-la-delincuencia\\\/\"},\"wordCount\":276,\"commentCount\":0,\"publisher\":{\"@id\":\"https:\\\/\\\/diarioellabrador.cl\\\/#organization\"},\"image\":{\"@id\":\"https:\\\/\\\/diarioellabrador.cl\\\/index.php\\\/2026\\\/03\\\/14\\\/alcaldesa-garate-se-reune-con-subsecretaria-de-prevencion-del-delito-y-refuerza-llamado-a-mas-recursos-para-enfrentar-la-delincuencia\\\/#primaryimage\"},\"thumbnailUrl\":\"https:\\\/\\\/diarioellabrador.cl\\\/wp-content\\\/uploads\\\/2026\\\/03\\\/Alcaldesa-Garate-se-reune-con-Subsecretaria-de-Prevencion-del-Delito-y-refuerza-llamado-a-mas-recursos-para-enfrentar-la-delincuencia-1.jpeg\",\"articleSection\":[\"Cr\u00f3nica\"],\"inLanguage\":\"es\",\"potentialAction\":[{\"@type\":\"CommentAction\",\"name\":\"Comment\",\"target\":[\"https:\\\/\\\/diarioellabrador.cl\\\/index.php\\\/2026\\\/03\\\/14\\\/alcaldesa-garate-se-reune-con-subsecretaria-de-prevencion-del-delito-y-refuerza-llamado-a-mas-recursos-para-enfrentar-la-delincuencia\\\/#respond\"]}]},{\"@type\":\"WebPage\",\"@id\":\"https:\\\/\\\/diarioellabrador.cl\\\/index.php\\\/2026\\\/03\\\/14\\\/alcaldesa-garate-se-reune-con-subsecretaria-de-prevencion-del-delito-y-refuerza-llamado-a-mas-recursos-para-enfrentar-la-delincuencia\\\/\",\"url\":\"https:\\\/\\\/diarioellabrador.cl\\\/index.php\\\/2026\\\/03\\\/14\\\/alcaldesa-garate-se-reune-con-subsecretaria-de-prevencion-del-delito-y-refuerza-llamado-a-mas-recursos-para-enfrentar-la-delincuencia\\\/\",\"name\":\"Alcaldesa G\u00e1rate se re\u00fane con Subsecretaria de Prevenci\u00f3n del Delito y refuerza llamado a m\u00e1s recursos para enfrentar la delincuencia - Diario El Labrador\",\"isPartOf\":{\"@id\":\"https:\\\/\\\/diarioellabrador.cl\\\/#website\"},\"primaryImageOfPage\":{\"@id\":\"https:\\\/\\\/diarioellabrador.cl\\\/index.php\\\/2026\\\/03\\\/14\\\/alcaldesa-garate-se-reune-con-subsecretaria-de-prevencion-del-delito-y-refuerza-llamado-a-mas-recursos-para-enfrentar-la-delincuencia\\\/#primaryimage\"},\"image\":{\"@id\":\"https:\\\/\\\/diarioellabrador.cl\\\/index.php\\\/2026\\\/03\\\/14\\\/alcaldesa-garate-se-reune-con-subsecretaria-de-prevencion-del-delito-y-refuerza-llamado-a-mas-recursos-para-enfrentar-la-delincuencia\\\/#primaryimage\"},\"thumbnailUrl\":\"https:\\\/\\\/diarioellabrador.cl\\\/wp-content\\\/uploads\\\/2026\\\/03\\\/Alcaldesa-Garate-se-reune-con-Subsecretaria-de-Prevencion-del-Delito-y-refuerza-llamado-a-mas-recursos-para-enfrentar-la-delincuencia-1.jpeg\",\"datePublished\":\"2026-03-14T22:23:00+00:00\",\"breadcrumb\":{\"@id\":\"https:\\\/\\\/diarioellabrador.cl\\\/index.php\\\/2026\\\/03\\\/14\\\/alcaldesa-garate-se-reune-con-subsecretaria-de-prevencion-del-delito-y-refuerza-llamado-a-mas-recursos-para-enfrentar-la-delincuencia\\\/#breadcrumb\"},\"inLanguage\":\"es\",\"potentialAction\":[{\"@type\":\"ReadAction\",\"target\":[\"https:\\\/\\\/diarioellabrador.cl\\\/index.php\\\/2026\\\/03\\\/14\\\/alcaldesa-garate-se-reune-con-subsecretaria-de-prevencion-del-delito-y-refuerza-llamado-a-mas-recursos-para-enfrentar-la-delincuencia\\\/\"]}]},{\"@type\":\"ImageObject\",\"inLanguage\":\"es\",\"@id\":\"https:\\\/\\\/diarioellabrador.cl\\\/index.php\\\/2026\\\/03\\\/14\\\/alcaldesa-garate-se-reune-con-subsecretaria-de-prevencion-del-delito-y-refuerza-llamado-a-mas-recursos-para-enfrentar-la-delincuencia\\\/#primaryimage\",\"url\":\"https:\\\/\\\/diarioellabrador.cl\\\/wp-content\\\/uploads\\\/2026\\\/03\\\/Alcaldesa-Garate-se-reune-con-Subsecretaria-de-Prevencion-del-Delito-y-refuerza-llamado-a-mas-recursos-para-enfrentar-la-delincuencia-1.jpeg\",\"contentUrl\":\"https:\\\/\\\/diarioellabrador.cl\\\/wp-content\\\/uploads\\\/2026\\\/03\\\/Alcaldesa-Garate-se-reune-con-Subsecretaria-de-Prevencion-del-Delito-y-refuerza-llamado-a-mas-recursos-para-enfrentar-la-delincuencia-1.jpeg\",\"width\":1600,\"height\":1200},{\"@type\":\"BreadcrumbList\",\"@id\":\"https:\\\/\\\/diarioellabrador.cl\\\/index.php\\\/2026\\\/03\\\/14\\\/alcaldesa-garate-se-reune-con-subsecretaria-de-prevencion-del-delito-y-refuerza-llamado-a-mas-recursos-para-enfrentar-la-delincuencia\\\/#breadcrumb\",\"itemListElement\":[{\"@type\":\"ListItem\",\"position\":1,\"name\":\"Portada\",\"item\":\"https:\\\/\\\/diarioellabrador.cl\\\/\"},{\"@type\":\"ListItem\",\"position\":2,\"name\":\"Alcaldesa G\u00e1rate se re\u00fane con Subsecretaria de Prevenci\u00f3n del Delito y refuerza llamado a m\u00e1s recursos para enfrentar la delincuencia\"}]},{\"@type\":\"WebSite\",\"@id\":\"https:\\\/\\\/diarioellabrador.cl\\\/#website\",\"url\":\"https:\\\/\\\/diarioellabrador.cl\\\/\",\"name\":\"Diario El Labrador\",\"description\":\"Haciendo noticia desde 1921\",\"publisher\":{\"@id\":\"https:\\\/\\\/diarioellabrador.cl\\\/#organization\"},\"potentialAction\":[{\"@type\":\"SearchAction\",\"target\":{\"@type\":\"EntryPoint\",\"urlTemplate\":\"https:\\\/\\\/diarioellabrador.cl\\\/?s={search_term_string}\"},\"query-input\":{\"@type\":\"PropertyValueSpecification\",\"valueRequired\":true,\"valueName\":\"search_term_string\"}}],\"inLanguage\":\"es\"},{\"@type\":\"Organization\",\"@id\":\"https:\\\/\\\/diarioellabrador.cl\\\/#organization\",\"name\":\"Diario El Labrador\",\"url\":\"https:\\\/\\\/diarioellabrador.cl\\\/\",\"logo\":{\"@type\":\"ImageObject\",\"inLanguage\":\"es\",\"@id\":\"https:\\\/\\\/diarioellabrador.cl\\\/#\\\/schema\\\/logo\\\/image\\\/\",\"url\":\"https:\\\/\\\/diarioellabrador.cl\\\/wp-content\\\/uploads\\\/2025\\\/02\\\/cropped-Logo-Icono.png\",\"contentUrl\":\"https:\\\/\\\/diarioellabrador.cl\\\/wp-content\\\/uploads\\\/2025\\\/02\\\/cropped-Logo-Icono.png\",\"width\":512,\"height\":512,\"caption\":\"Diario El Labrador\"},\"image\":{\"@id\":\"https:\\\/\\\/diarioellabrador.cl\\\/#\\\/schema\\\/logo\\\/image\\\/\"},\"sameAs\":[\"https:\\\/\\\/web.facebook.com\\\/profile.php?id=61576120840621\",\"https:\\\/\\\/x.com\\\/ElLabradorOf\",\"https:\\\/\\\/www.instagram.com\\\/diarioellabradoroficial\\\/\"]},{\"@type\":\"Person\",\"@id\":\"https:\\\/\\\/diarioellabrador.cl\\\/#\\\/schema\\\/person\\\/bc25ff80b4563f9c7f4bd7855df01685\",\"name\":\"Editor\",\"image\":{\"@type\":\"ImageObject\",\"inLanguage\":\"es\",\"@id\":\"https:\\\/\\\/secure.gravatar.com\\\/avatar\\\/109c326cf2be5c04f048c2c2a2b8b6ef44bf3d8d1d3d4c55d0ac40c4bc994684?s=96&d=mm&r=g\",\"url\":\"https:\\\/\\\/secure.gravatar.com\\\/avatar\\\/109c326cf2be5c04f048c2c2a2b8b6ef44bf3d8d1d3d4c55d0ac40c4bc994684?s=96&d=mm&r=g\",\"contentUrl\":\"https:\\\/\\\/secure.gravatar.com\\\/avatar\\\/109c326cf2be5c04f048c2c2a2b8b6ef44bf3d8d1d3d4c55d0ac40c4bc994684?s=96&d=mm&r=g\",\"caption\":\"Editor\"},\"url\":\"https:\\\/\\\/diarioellabrador.cl\\\/index.php\\\/author\\\/editor\\\/\"}]}<\/script>\n<!-- \/ Yoast SEO plugin. -->","yoast_head_json":{"title":"Alcaldesa G\u00e1rate se re\u00fane con Subsecretaria de Prevenci\u00f3n del Delito y refuerza llamado a m\u00e1s recursos para enfrentar la delincuencia - Diario El Labrador","robots":{"index":"index","follow":"follow","max-snippet":"max-snippet:-1","max-image-preview":"max-image-preview:large","max-video-preview":"max-video-preview:-1"},"canonical":"https:\/\/diarioellabrador.cl\/index.php\/2026\/03\/14\/alcaldesa-garate-se-reune-con-subsecretaria-de-prevencion-del-delito-y-refuerza-llamado-a-mas-recursos-para-enfrentar-la-delincuencia\/","og_locale":"es_ES","og_type":"article","og_title":"Alcaldesa G\u00e1rate se re\u00fane con Subsecretaria de Prevenci\u00f3n del Delito y refuerza llamado a m\u00e1s recursos para enfrentar la delincuencia - Diario El Labrador","og_description":"La alcaldesa Paula G\u00e1rate sostuvo su primera reuni\u00f3n de trabajo con la subsecretaria de Prevenci\u00f3n del Delito, Ana Victoria Quintana, junto a las Asociaci\u00f3n Chilena de Municipios (ACHM) y la Asociaci\u00f3n de Municipios Rural (AMUR), con el objetivo de abordar la principal preocupaci\u00f3n por el aumento de la delincuencia. Durante el encuentro, la jefa comunal Leer m\u00e1s","og_url":"https:\/\/diarioellabrador.cl\/index.php\/2026\/03\/14\/alcaldesa-garate-se-reune-con-subsecretaria-de-prevencion-del-delito-y-refuerza-llamado-a-mas-recursos-para-enfrentar-la-delincuencia\/","og_site_name":"Diario El Labrador","article_publisher":"https:\/\/web.facebook.com\/profile.php?id=61576120840621","article_published_time":"2026-03-14T22:23:00+00:00","og_image":[{"width":1600,"height":1200,"url":"https:\/\/diarioellabrador.cl\/wp-content\/uploads\/2026\/03\/Alcaldesa-Garate-se-reune-con-Subsecretaria-de-Prevencion-del-Delito-y-refuerza-llamado-a-mas-recursos-para-enfrentar-la-delincuencia-1.jpeg","type":"image\/jpeg"}],"author":"Editor","twitter_card":"summary_large_image","twitter_creator":"@ElLabradorOf","twitter_site":"@ElLabradorOf","twitter_misc":{"Escrito por":"Editor","Tiempo de lectura":"2 minutos"},"schema":{"@context":"https:\/\/schema.org","@graph":[{"@type":"Article","@id":"https:\/\/diarioellabrador.cl\/index.php\/2026\/03\/14\/alcaldesa-garate-se-reune-con-subsecretaria-de-prevencion-del-delito-y-refuerza-llamado-a-mas-recursos-para-enfrentar-la-delincuencia\/#article","isPartOf":{"@id":"https:\/\/diarioellabrador.cl\/index.php\/2026\/03\/14\/alcaldesa-garate-se-reune-con-subsecretaria-de-prevencion-del-delito-y-refuerza-llamado-a-mas-recursos-para-enfrentar-la-delincuencia\/"},"author":{"name":"Editor","@id":"https:\/\/diarioellabrador.cl\/#\/schema\/person\/bc25ff80b4563f9c7f4bd7855df01685"},"headline":"Alcaldesa G\u00e1rate se re\u00fane con Subsecretaria de Prevenci\u00f3n del Delito y refuerza llamado a m\u00e1s recursos para enfrentar la delincuencia","datePublished":"2026-03-14T22:23:00+00:00","mainEntityOfPage":{"@id":"https:\/\/diarioellabrador.cl\/index.php\/2026\/03\/14\/alcaldesa-garate-se-reune-con-subsecretaria-de-prevencion-del-delito-y-refuerza-llamado-a-mas-recursos-para-enfrentar-la-delincuencia\/"},"wordCount":276,"commentCount":0,"publisher":{"@id":"https:\/\/diarioellabrador.cl\/#organization"},"image":{"@id":"https:\/\/diarioellabrador.cl\/index.php\/2026\/03\/14\/alcaldesa-garate-se-reune-con-subsecretaria-de-prevencion-del-delito-y-refuerza-llamado-a-mas-recursos-para-enfrentar-la-delincuencia\/#primaryimage"},"thumbnailUrl":"https:\/\/diarioellabrador.cl\/wp-content\/uploads\/2026\/03\/Alcaldesa-Garate-se-reune-con-Subsecretaria-de-Prevencion-del-Delito-y-refuerza-llamado-a-mas-recursos-para-enfrentar-la-delincuencia-1.jpeg","articleSection":["Cr\u00f3nica"],"inLanguage":"es","potentialAction":[{"@type":"CommentAction","name":"Comment","target":["https:\/\/diarioellabrador.cl\/index.php\/2026\/03\/14\/alcaldesa-garate-se-reune-con-subsecretaria-de-prevencion-del-delito-y-refuerza-llamado-a-mas-recursos-para-enfrentar-la-delincuencia\/#respond"]}]},{"@type":"WebPage","@id":"https:\/\/diarioellabrador.cl\/index.php\/2026\/03\/14\/alcaldesa-garate-se-reune-con-subsecretaria-de-prevencion-del-delito-y-refuerza-llamado-a-mas-recursos-para-enfrentar-la-delincuencia\/","url":"https:\/\/diarioellabrador.cl\/index.php\/2026\/03\/14\/alcaldesa-garate-se-reune-con-subsecretaria-de-prevencion-del-delito-y-refuerza-llamado-a-mas-recursos-para-enfrentar-la-delincuencia\/","name":"Alcaldesa G\u00e1rate se re\u00fane con Subsecretaria de Prevenci\u00f3n del Delito y refuerza llamado a m\u00e1s recursos para enfrentar la delincuencia - Diario El Labrador","isPartOf":{"@id":"https:\/\/diarioellabrador.cl\/#website"},"primaryImageOfPage":{"@id":"https:\/\/diarioellabrador.cl\/index.php\/2026\/03\/14\/alcaldesa-garate-se-reune-con-subsecretaria-de-prevencion-del-delito-y-refuerza-llamado-a-mas-recursos-para-enfrentar-la-delincuencia\/#primaryimage"},"image":{"@id":"https:\/\/diarioellabrador.cl\/index.php\/2026\/03\/14\/alcaldesa-garate-se-reune-con-subsecretaria-de-prevencion-del-delito-y-refuerza-llamado-a-mas-recursos-para-enfrentar-la-delincuencia\/#primaryimage"},"thumbnailUrl":"https:\/\/diarioellabrador.cl\/wp-content\/uploads\/2026\/03\/Alcaldesa-Garate-se-reune-con-Subsecretaria-de-Prevencion-del-Delito-y-refuerza-llamado-a-mas-recursos-para-enfrentar-la-delincuencia-1.jpeg","datePublished":"2026-03-14T22:23:00+00:00","breadcrumb":{"@id":"https:\/\/diarioellabrador.cl\/index.php\/2026\/03\/14\/alcaldesa-garate-se-reune-con-subsecretaria-de-prevencion-del-delito-y-refuerza-llamado-a-mas-recursos-para-enfrentar-la-delincuencia\/#breadcrumb"},"inLanguage":"es","potentialAction":[{"@type":"ReadAction","target":["https:\/\/diarioellabrador.cl\/index.php\/2026\/03\/14\/alcaldesa-garate-se-reune-con-subsecretaria-de-prevencion-del-delito-y-refuerza-llamado-a-mas-recursos-para-enfrentar-la-delincuencia\/"]}]},{"@type":"ImageObject","inLanguage":"es","@id":"https:\/\/diarioellabrador.cl\/index.php\/2026\/03\/14\/alcaldesa-garate-se-reune-con-subsecretaria-de-prevencion-del-delito-y-refuerza-llamado-a-mas-recursos-para-enfrentar-la-delincuencia\/#primaryimage","url":"https:\/\/diarioellabrador.cl\/wp-content\/uploads\/2026\/03\/Alcaldesa-Garate-se-reune-con-Subsecretaria-de-Prevencion-del-Delito-y-refuerza-llamado-a-mas-recursos-para-enfrentar-la-delincuencia-1.jpeg","contentUrl":"https:\/\/diarioellabrador.cl\/wp-content\/uploads\/2026\/03\/Alcaldesa-Garate-se-reune-con-Subsecretaria-de-Prevencion-del-Delito-y-refuerza-llamado-a-mas-recursos-para-enfrentar-la-delincuencia-1.jpeg","width":1600,"height":1200},{"@type":"BreadcrumbList","@id":"https:\/\/diarioellabrador.cl\/index.php\/2026\/03\/14\/alcaldesa-garate-se-reune-con-subsecretaria-de-prevencion-del-delito-y-refuerza-llamado-a-mas-recursos-para-enfrentar-la-delincuencia\/#breadcrumb","itemListElement":[{"@type":"ListItem","position":1,"name":"Portada","item":"https:\/\/diarioellabrador.cl\/"},{"@type":"ListItem","position":2,"name":"Alcaldesa G\u00e1rate se re\u00fane con Subsecretaria de Prevenci\u00f3n del Delito y refuerza llamado a m\u00e1s recursos para enfrentar la delincuencia"}]},{"@type":"WebSite","@id":"https:\/\/diarioellabrador.cl\/#website","url":"https:\/\/diarioellabrador.cl\/","name":"Diario El Labrador","description":"Haciendo noticia desde 1921","publisher":{"@id":"https:\/\/diarioellabrador.cl\/#organization"},"potentialAction":[{"@type":"SearchAction","target":{"@type":"EntryPoint","urlTemplate":"https:\/\/diarioellabrador.cl\/?s={search_term_string}"},"query-input":{"@type":"PropertyValueSpecification","valueRequired":true,"valueName":"search_term_string"}}],"inLanguage":"es"},{"@type":"Organization","@id":"https:\/\/diarioellabrador.cl\/#organization","name":"Diario El Labrador","url":"https:\/\/diarioellabrador.cl\/","logo":{"@type":"ImageObject","inLanguage":"es","@id":"https:\/\/diarioellabrador.cl\/#\/schema\/logo\/image\/","url":"https:\/\/diarioellabrador.cl\/wp-content\/uploads\/2025\/02\/cropped-Logo-Icono.png","contentUrl":"https:\/\/diarioellabrador.cl\/wp-content\/uploads\/2025\/02\/cropped-Logo-Icono.png","width":512,"height":512,"caption":"Diario El Labrador"},"image":{"@id":"https:\/\/diarioellabrador.cl\/#\/schema\/logo\/image\/"},"sameAs":["https:\/\/web.facebook.com\/profile.php?id=61576120840621","https:\/\/x.com\/ElLabradorOf","https:\/\/www.instagram.com\/diarioellabradoroficial\/"]},{"@type":"Person","@id":"https:\/\/diarioellabrador.cl\/#\/schema\/person\/bc25ff80b4563f9c7f4bd7855df01685","name":"Editor","image":{"@type":"ImageObject","inLanguage":"es","@id":"https:\/\/secure.gravatar.com\/avatar\/109c326cf2be5c04f048c2c2a2b8b6ef44bf3d8d1d3d4c55d0ac40c4bc994684?s=96&d=mm&r=g","url":"https:\/\/secure.gravatar.com\/avatar\/109c326cf2be5c04f048c2c2a2b8b6ef44bf3d8d1d3d4c55d0ac40c4bc994684?s=96&d=mm&r=g","contentUrl":"https:\/\/secure.gravatar.com\/avatar\/109c326cf2be5c04f048c2c2a2b8b6ef44bf3d8d1d3d4c55d0ac40c4bc994684?s=96&d=mm&r=g","caption":"Editor"},"url":"https:\/\/diarioellabrador.cl\/index.php\/author\/editor\/"}]}},"_links":{"self":[{"href":"https:\/\/diarioellabrador.cl\/index.php\/wp-json\/wp\/v2\/posts\/16585","targetHints":{"allow":["GET"]}}],"collection":[{"href":"https:\/\/diarioellabrador.cl\/index.php\/wp-json\/wp\/v2\/posts"}],"about":[{"href":"https:\/\/diarioellabrador.cl\/index.php\/wp-json\/wp\/v2\/types\/post"}],"author":[{"embeddable":true,"href":"https:\/\/diarioellabrador.cl\/index.php\/wp-json\/wp\/v2\/users\/2"}],"replies":[{"embeddable":true,"href":"https:\/\/diarioellabrador.cl\/index.php\/wp-json\/wp\/v2\/comments?post=16585"}],"version-history":[{"count":1,"href":"https:\/\/diarioellabrador.cl\/index.php\/wp-json\/wp\/v2\/posts\/16585\/revisions"}],"predecessor-version":[{"id":16586,"href":"https:\/\/diarioellabrador.cl\/index.php\/wp-json\/wp\/v2\/posts\/16585\/revisions\/16586"}],"wp:featuredmedia":[{"embeddable":true,"href":"https:\/\/diarioellabrador.cl\/index.php\/wp-json\/wp\/v2\/media\/16535"}],"wp:attachment":[{"href":"https:\/\/diarioellabrador.cl\/index.php\/wp-json\/wp\/v2\/media?parent=16585"}],"wp:term":[{"taxonomy":"category","embeddable":true,"href":"https:\/\/diarioellabrador.cl\/index.php\/wp-json\/wp\/v2\/categories?post=16585"},{"taxonomy":"post_tag","embeddable":true,"href":"https:\/\/diarioellabrador.cl\/index.php\/wp-json\/wp\/v2\/tags?post=16585"}],"curies":[{"name":"wp","href":"https:\/\/api.w.org\/{rel}","templated":true}]}}