{"id":16583,"date":"2026-03-14T18:23:00","date_gmt":"2026-03-14T22:23:00","guid":{"rendered":"https:\/\/diarioellabrador.cl\/?p=16583"},"modified":"2026-03-14T16:23:43","modified_gmt":"2026-03-14T20:23:43","slug":"emotiva-ceremonia-en-melipilla-reconoce-a-docentes-y-asistentes-de-la-educacion-tras-anos-de-servicio","status":"publish","type":"post","link":"https:\/\/diarioellabrador.cl\/index.php\/2026\/03\/14\/emotiva-ceremonia-en-melipilla-reconoce-a-docentes-y-asistentes-de-la-educacion-tras-anos-de-servicio\/","title":{"rendered":"Emotiva ceremonia en Melipilla reconoce a docentes y asistentes de la educaci\u00f3n tras a\u00f1os de servicio"},"content":{"rendered":"\n<p>En una emotiva ceremonia cargada de recuerdos, gratitud y reconocimiento, la&nbsp;Corporaci\u00f3n Municipal de Melipilla&nbsp;rindi\u00f3 homenaje a&nbsp;<strong>16 docentes y 8 asistentes de la educaci\u00f3n<\/strong>&nbsp;que culminan una importante etapa de sus vidas tras a\u00f1os de servicio en la educaci\u00f3n p\u00fablica de la comuna de&nbsp;Melipilla.<\/p>\n\n\n\n<p>La actividad permiti\u00f3 destacar el compromiso, vocaci\u00f3n y dedicaci\u00f3n que cada uno de ellos entreg\u00f3 durante su trayectoria, dejando una profunda huella en sus comunidades educativas y en miles de estudiantes que pasaron por sus aulas.<\/p>\n\n\n\n<p>Desde la Corporaci\u00f3n Municipal expresaron un profundo agradecimiento por la entrega demostrada durante a\u00f1os de trabajo al servicio de la educaci\u00f3n p\u00fablica, resaltando que su retiro marca el inicio de una nueva etapa, con la satisfacci\u00f3n del deber cumplido y el orgullo de haber contribuido a transformar vidas a trav\u00e9s de la ense\u00f1anza.<\/p>\n\n\n\n<p>La ceremonia tambi\u00e9n incluy\u00f3 un&nbsp;<strong>emotivo reconocimiento p\u00f3stumo a Margarita Adela Aliaga Silva<\/strong>, recordando su legado y su aporte a la educaci\u00f3n comunal.<\/p>\n\n\n\n<p>El encuentro cont\u00f3 adem\u00e1s con la presencia de autoridades comunales, entre ellas la alcaldesa de la comuna, quienes acompa\u00f1aron este significativo momento para quienes dedicaron gran parte de su vida a educar.<\/p>\n","protected":false},"excerpt":{"rendered":"<p>En una emotiva ceremonia cargada de recuerdos, gratitud y reconocimiento, la&nbsp;Corporaci\u00f3n Municipal de Melipilla&nbsp;rindi\u00f3 homenaje a&nbsp;16 docentes y 8 asistentes de la educaci\u00f3n&nbsp;que culminan una importante etapa de sus vidas tras a\u00f1os de servicio en la educaci\u00f3n p\u00fablica de la comuna de&nbsp;Melipilla. La actividad permiti\u00f3 destacar el compromiso, vocaci\u00f3n y dedicaci\u00f3n que cada uno de<\/p>\n<div class=\"read-more-wrapper\"><a class=\"read-more\" href=\"https:\/\/diarioellabrador.cl\/index.php\/2026\/03\/14\/emotiva-ceremonia-en-melipilla-reconoce-a-docentes-y-asistentes-de-la-educacion-tras-anos-de-servicio\/\" title=\"Leer m\u00e1s\"> <span class=\"button \">Leer m\u00e1s<\/span><\/a><\/div>\n","protected":false},"author":2,"featured_media":16539,"comment_status":"open","ping_status":"open","sticky":false,"template":"","format":"standard","meta":{"footnotes":""},"categories":[1],"tags":[],"class_list":["post-16583","post","type-post","status-publish","format-standard","has-post-thumbnail","hentry","category-cronica"],"yoast_head":"<!-- This site is optimized with the Yoast SEO plugin v27.5 - https:\/\/yoast.com\/product\/yoast-seo-wordpress\/ -->\n<title>Emotiva ceremonia en Melipilla reconoce a docentes y asistentes de la educaci\u00f3n tras a\u00f1os de servicio - Diario El Labrador<\/title>\n<meta name=\"robots\" content=\"index, follow, max-snippet:-1, max-image-preview:large, max-video-preview:-1\" \/>\n<link rel=\"canonical\" href=\"https:\/\/diarioellabrador.cl\/index.php\/2026\/03\/14\/emotiva-ceremonia-en-melipilla-reconoce-a-docentes-y-asistentes-de-la-educacion-tras-anos-de-servicio\/\" \/>\n<meta property=\"og:locale\" content=\"es_ES\" \/>\n<meta property=\"og:type\" content=\"article\" \/>\n<meta property=\"og:title\" content=\"Emotiva ceremonia en Melipilla reconoce a docentes y asistentes de la educaci\u00f3n tras a\u00f1os de servicio - Diario El Labrador\" \/>\n<meta property=\"og:description\" content=\"En una emotiva ceremonia cargada de recuerdos, gratitud y reconocimiento, la&nbsp;Corporaci\u00f3n Municipal de Melipilla&nbsp;rindi\u00f3 homenaje a&nbsp;16 docentes y 8 asistentes de la educaci\u00f3n&nbsp;que culminan una importante etapa de sus vidas tras a\u00f1os de servicio en la educaci\u00f3n p\u00fablica de la comuna de&nbsp;Melipilla. La actividad permiti\u00f3 destacar el compromiso, vocaci\u00f3n y dedicaci\u00f3n que cada uno de Leer m\u00e1s\" \/>\n<meta property=\"og:url\" content=\"https:\/\/diarioellabrador.cl\/index.php\/2026\/03\/14\/emotiva-ceremonia-en-melipilla-reconoce-a-docentes-y-asistentes-de-la-educacion-tras-anos-de-servicio\/\" \/>\n<meta property=\"og:site_name\" content=\"Diario El Labrador\" \/>\n<meta property=\"article:publisher\" content=\"https:\/\/web.facebook.com\/profile.php?id=61576120840621\" \/>\n<meta property=\"article:published_time\" content=\"2026-03-14T22:23:00+00:00\" \/>\n<meta property=\"og:image\" content=\"https:\/\/diarioellabrador.cl\/wp-content\/uploads\/2026\/03\/Emotiva-ceremonia-en-Melipilla-reconoce-a-docentes-y-asistentes-de-la-educacion-tras-anos-de-servicio.jpeg\" \/>\n\t<meta property=\"og:image:width\" content=\"1440\" \/>\n\t<meta property=\"og:image:height\" content=\"959\" \/>\n\t<meta property=\"og:image:type\" content=\"image\/jpeg\" \/>\n<meta name=\"author\" content=\"Editor\" \/>\n<meta name=\"twitter:card\" content=\"summary_large_image\" \/>\n<meta name=\"twitter:creator\" content=\"@ElLabradorOf\" \/>\n<meta name=\"twitter:site\" content=\"@ElLabradorOf\" \/>\n<meta name=\"twitter:label1\" content=\"Escrito por\" \/>\n\t<meta name=\"twitter:data1\" content=\"Editor\" \/>\n\t<meta name=\"twitter:label2\" content=\"Tiempo de lectura\" \/>\n\t<meta name=\"twitter:data2\" content=\"2 minutos\" \/>\n<script type=\"application\/ld+json\" class=\"yoast-schema-graph\">{\"@context\":\"https:\\\/\\\/schema.org\",\"@graph\":[{\"@type\":\"Article\",\"@id\":\"https:\\\/\\\/diarioellabrador.cl\\\/index.php\\\/2026\\\/03\\\/14\\\/emotiva-ceremonia-en-melipilla-reconoce-a-docentes-y-asistentes-de-la-educacion-tras-anos-de-servicio\\\/#article\",\"isPartOf\":{\"@id\":\"https:\\\/\\\/diarioellabrador.cl\\\/index.php\\\/2026\\\/03\\\/14\\\/emotiva-ceremonia-en-melipilla-reconoce-a-docentes-y-asistentes-de-la-educacion-tras-anos-de-servicio\\\/\"},\"author\":{\"name\":\"Editor\",\"@id\":\"https:\\\/\\\/diarioellabrador.cl\\\/#\\\/schema\\\/person\\\/bc25ff80b4563f9c7f4bd7855df01685\"},\"headline\":\"Emotiva ceremonia en Melipilla reconoce a docentes y asistentes de la educaci\u00f3n tras a\u00f1os de servicio\",\"datePublished\":\"2026-03-14T22:23:00+00:00\",\"mainEntityOfPage\":{\"@id\":\"https:\\\/\\\/diarioellabrador.cl\\\/index.php\\\/2026\\\/03\\\/14\\\/emotiva-ceremonia-en-melipilla-reconoce-a-docentes-y-asistentes-de-la-educacion-tras-anos-de-servicio\\\/\"},\"wordCount\":232,\"commentCount\":0,\"publisher\":{\"@id\":\"https:\\\/\\\/diarioellabrador.cl\\\/#organization\"},\"image\":{\"@id\":\"https:\\\/\\\/diarioellabrador.cl\\\/index.php\\\/2026\\\/03\\\/14\\\/emotiva-ceremonia-en-melipilla-reconoce-a-docentes-y-asistentes-de-la-educacion-tras-anos-de-servicio\\\/#primaryimage\"},\"thumbnailUrl\":\"https:\\\/\\\/diarioellabrador.cl\\\/wp-content\\\/uploads\\\/2026\\\/03\\\/Emotiva-ceremonia-en-Melipilla-reconoce-a-docentes-y-asistentes-de-la-educacion-tras-anos-de-servicio.jpeg\",\"articleSection\":[\"Cr\u00f3nica\"],\"inLanguage\":\"es\",\"potentialAction\":[{\"@type\":\"CommentAction\",\"name\":\"Comment\",\"target\":[\"https:\\\/\\\/diarioellabrador.cl\\\/index.php\\\/2026\\\/03\\\/14\\\/emotiva-ceremonia-en-melipilla-reconoce-a-docentes-y-asistentes-de-la-educacion-tras-anos-de-servicio\\\/#respond\"]}]},{\"@type\":\"WebPage\",\"@id\":\"https:\\\/\\\/diarioellabrador.cl\\\/index.php\\\/2026\\\/03\\\/14\\\/emotiva-ceremonia-en-melipilla-reconoce-a-docentes-y-asistentes-de-la-educacion-tras-anos-de-servicio\\\/\",\"url\":\"https:\\\/\\\/diarioellabrador.cl\\\/index.php\\\/2026\\\/03\\\/14\\\/emotiva-ceremonia-en-melipilla-reconoce-a-docentes-y-asistentes-de-la-educacion-tras-anos-de-servicio\\\/\",\"name\":\"Emotiva ceremonia en Melipilla reconoce a docentes y asistentes de la educaci\u00f3n tras a\u00f1os de servicio - Diario El Labrador\",\"isPartOf\":{\"@id\":\"https:\\\/\\\/diarioellabrador.cl\\\/#website\"},\"primaryImageOfPage\":{\"@id\":\"https:\\\/\\\/diarioellabrador.cl\\\/index.php\\\/2026\\\/03\\\/14\\\/emotiva-ceremonia-en-melipilla-reconoce-a-docentes-y-asistentes-de-la-educacion-tras-anos-de-servicio\\\/#primaryimage\"},\"image\":{\"@id\":\"https:\\\/\\\/diarioellabrador.cl\\\/index.php\\\/2026\\\/03\\\/14\\\/emotiva-ceremonia-en-melipilla-reconoce-a-docentes-y-asistentes-de-la-educacion-tras-anos-de-servicio\\\/#primaryimage\"},\"thumbnailUrl\":\"https:\\\/\\\/diarioellabrador.cl\\\/wp-content\\\/uploads\\\/2026\\\/03\\\/Emotiva-ceremonia-en-Melipilla-reconoce-a-docentes-y-asistentes-de-la-educacion-tras-anos-de-servicio.jpeg\",\"datePublished\":\"2026-03-14T22:23:00+00:00\",\"breadcrumb\":{\"@id\":\"https:\\\/\\\/diarioellabrador.cl\\\/index.php\\\/2026\\\/03\\\/14\\\/emotiva-ceremonia-en-melipilla-reconoce-a-docentes-y-asistentes-de-la-educacion-tras-anos-de-servicio\\\/#breadcrumb\"},\"inLanguage\":\"es\",\"potentialAction\":[{\"@type\":\"ReadAction\",\"target\":[\"https:\\\/\\\/diarioellabrador.cl\\\/index.php\\\/2026\\\/03\\\/14\\\/emotiva-ceremonia-en-melipilla-reconoce-a-docentes-y-asistentes-de-la-educacion-tras-anos-de-servicio\\\/\"]}]},{\"@type\":\"ImageObject\",\"inLanguage\":\"es\",\"@id\":\"https:\\\/\\\/diarioellabrador.cl\\\/index.php\\\/2026\\\/03\\\/14\\\/emotiva-ceremonia-en-melipilla-reconoce-a-docentes-y-asistentes-de-la-educacion-tras-anos-de-servicio\\\/#primaryimage\",\"url\":\"https:\\\/\\\/diarioellabrador.cl\\\/wp-content\\\/uploads\\\/2026\\\/03\\\/Emotiva-ceremonia-en-Melipilla-reconoce-a-docentes-y-asistentes-de-la-educacion-tras-anos-de-servicio.jpeg\",\"contentUrl\":\"https:\\\/\\\/diarioellabrador.cl\\\/wp-content\\\/uploads\\\/2026\\\/03\\\/Emotiva-ceremonia-en-Melipilla-reconoce-a-docentes-y-asistentes-de-la-educacion-tras-anos-de-servicio.jpeg\",\"width\":1440,\"height\":959},{\"@type\":\"BreadcrumbList\",\"@id\":\"https:\\\/\\\/diarioellabrador.cl\\\/index.php\\\/2026\\\/03\\\/14\\\/emotiva-ceremonia-en-melipilla-reconoce-a-docentes-y-asistentes-de-la-educacion-tras-anos-de-servicio\\\/#breadcrumb\",\"itemListElement\":[{\"@type\":\"ListItem\",\"position\":1,\"name\":\"Portada\",\"item\":\"https:\\\/\\\/diarioellabrador.cl\\\/\"},{\"@type\":\"ListItem\",\"position\":2,\"name\":\"Emotiva ceremonia en Melipilla reconoce a docentes y asistentes de la educaci\u00f3n tras a\u00f1os de servicio\"}]},{\"@type\":\"WebSite\",\"@id\":\"https:\\\/\\\/diarioellabrador.cl\\\/#website\",\"url\":\"https:\\\/\\\/diarioellabrador.cl\\\/\",\"name\":\"Diario El Labrador\",\"description\":\"Haciendo noticia desde 1921\",\"publisher\":{\"@id\":\"https:\\\/\\\/diarioellabrador.cl\\\/#organization\"},\"potentialAction\":[{\"@type\":\"SearchAction\",\"target\":{\"@type\":\"EntryPoint\",\"urlTemplate\":\"https:\\\/\\\/diarioellabrador.cl\\\/?s={search_term_string}\"},\"query-input\":{\"@type\":\"PropertyValueSpecification\",\"valueRequired\":true,\"valueName\":\"search_term_string\"}}],\"inLanguage\":\"es\"},{\"@type\":\"Organization\",\"@id\":\"https:\\\/\\\/diarioellabrador.cl\\\/#organization\",\"name\":\"Diario El Labrador\",\"url\":\"https:\\\/\\\/diarioellabrador.cl\\\/\",\"logo\":{\"@type\":\"ImageObject\",\"inLanguage\":\"es\",\"@id\":\"https:\\\/\\\/diarioellabrador.cl\\\/#\\\/schema\\\/logo\\\/image\\\/\",\"url\":\"https:\\\/\\\/diarioellabrador.cl\\\/wp-content\\\/uploads\\\/2025\\\/02\\\/cropped-Logo-Icono.png\",\"contentUrl\":\"https:\\\/\\\/diarioellabrador.cl\\\/wp-content\\\/uploads\\\/2025\\\/02\\\/cropped-Logo-Icono.png\",\"width\":512,\"height\":512,\"caption\":\"Diario El Labrador\"},\"image\":{\"@id\":\"https:\\\/\\\/diarioellabrador.cl\\\/#\\\/schema\\\/logo\\\/image\\\/\"},\"sameAs\":[\"https:\\\/\\\/web.facebook.com\\\/profile.php?id=61576120840621\",\"https:\\\/\\\/x.com\\\/ElLabradorOf\",\"https:\\\/\\\/www.instagram.com\\\/diarioellabradoroficial\\\/\"]},{\"@type\":\"Person\",\"@id\":\"https:\\\/\\\/diarioellabrador.cl\\\/#\\\/schema\\\/person\\\/bc25ff80b4563f9c7f4bd7855df01685\",\"name\":\"Editor\",\"image\":{\"@type\":\"ImageObject\",\"inLanguage\":\"es\",\"@id\":\"https:\\\/\\\/secure.gravatar.com\\\/avatar\\\/109c326cf2be5c04f048c2c2a2b8b6ef44bf3d8d1d3d4c55d0ac40c4bc994684?s=96&d=mm&r=g\",\"url\":\"https:\\\/\\\/secure.gravatar.com\\\/avatar\\\/109c326cf2be5c04f048c2c2a2b8b6ef44bf3d8d1d3d4c55d0ac40c4bc994684?s=96&d=mm&r=g\",\"contentUrl\":\"https:\\\/\\\/secure.gravatar.com\\\/avatar\\\/109c326cf2be5c04f048c2c2a2b8b6ef44bf3d8d1d3d4c55d0ac40c4bc994684?s=96&d=mm&r=g\",\"caption\":\"Editor\"},\"url\":\"https:\\\/\\\/diarioellabrador.cl\\\/index.php\\\/author\\\/editor\\\/\"}]}<\/script>\n<!-- \/ Yoast SEO plugin. -->","yoast_head_json":{"title":"Emotiva ceremonia en Melipilla reconoce a docentes y asistentes de la educaci\u00f3n tras a\u00f1os de servicio - Diario El Labrador","robots":{"index":"index","follow":"follow","max-snippet":"max-snippet:-1","max-image-preview":"max-image-preview:large","max-video-preview":"max-video-preview:-1"},"canonical":"https:\/\/diarioellabrador.cl\/index.php\/2026\/03\/14\/emotiva-ceremonia-en-melipilla-reconoce-a-docentes-y-asistentes-de-la-educacion-tras-anos-de-servicio\/","og_locale":"es_ES","og_type":"article","og_title":"Emotiva ceremonia en Melipilla reconoce a docentes y asistentes de la educaci\u00f3n tras a\u00f1os de servicio - Diario El Labrador","og_description":"En una emotiva ceremonia cargada de recuerdos, gratitud y reconocimiento, la&nbsp;Corporaci\u00f3n Municipal de Melipilla&nbsp;rindi\u00f3 homenaje a&nbsp;16 docentes y 8 asistentes de la educaci\u00f3n&nbsp;que culminan una importante etapa de sus vidas tras a\u00f1os de servicio en la educaci\u00f3n p\u00fablica de la comuna de&nbsp;Melipilla. La actividad permiti\u00f3 destacar el compromiso, vocaci\u00f3n y dedicaci\u00f3n que cada uno de Leer m\u00e1s","og_url":"https:\/\/diarioellabrador.cl\/index.php\/2026\/03\/14\/emotiva-ceremonia-en-melipilla-reconoce-a-docentes-y-asistentes-de-la-educacion-tras-anos-de-servicio\/","og_site_name":"Diario El Labrador","article_publisher":"https:\/\/web.facebook.com\/profile.php?id=61576120840621","article_published_time":"2026-03-14T22:23:00+00:00","og_image":[{"width":1440,"height":959,"url":"https:\/\/diarioellabrador.cl\/wp-content\/uploads\/2026\/03\/Emotiva-ceremonia-en-Melipilla-reconoce-a-docentes-y-asistentes-de-la-educacion-tras-anos-de-servicio.jpeg","type":"image\/jpeg"}],"author":"Editor","twitter_card":"summary_large_image","twitter_creator":"@ElLabradorOf","twitter_site":"@ElLabradorOf","twitter_misc":{"Escrito por":"Editor","Tiempo de lectura":"2 minutos"},"schema":{"@context":"https:\/\/schema.org","@graph":[{"@type":"Article","@id":"https:\/\/diarioellabrador.cl\/index.php\/2026\/03\/14\/emotiva-ceremonia-en-melipilla-reconoce-a-docentes-y-asistentes-de-la-educacion-tras-anos-de-servicio\/#article","isPartOf":{"@id":"https:\/\/diarioellabrador.cl\/index.php\/2026\/03\/14\/emotiva-ceremonia-en-melipilla-reconoce-a-docentes-y-asistentes-de-la-educacion-tras-anos-de-servicio\/"},"author":{"name":"Editor","@id":"https:\/\/diarioellabrador.cl\/#\/schema\/person\/bc25ff80b4563f9c7f4bd7855df01685"},"headline":"Emotiva ceremonia en Melipilla reconoce a docentes y asistentes de la educaci\u00f3n tras a\u00f1os de servicio","datePublished":"2026-03-14T22:23:00+00:00","mainEntityOfPage":{"@id":"https:\/\/diarioellabrador.cl\/index.php\/2026\/03\/14\/emotiva-ceremonia-en-melipilla-reconoce-a-docentes-y-asistentes-de-la-educacion-tras-anos-de-servicio\/"},"wordCount":232,"commentCount":0,"publisher":{"@id":"https:\/\/diarioellabrador.cl\/#organization"},"image":{"@id":"https:\/\/diarioellabrador.cl\/index.php\/2026\/03\/14\/emotiva-ceremonia-en-melipilla-reconoce-a-docentes-y-asistentes-de-la-educacion-tras-anos-de-servicio\/#primaryimage"},"thumbnailUrl":"https:\/\/diarioellabrador.cl\/wp-content\/uploads\/2026\/03\/Emotiva-ceremonia-en-Melipilla-reconoce-a-docentes-y-asistentes-de-la-educacion-tras-anos-de-servicio.jpeg","articleSection":["Cr\u00f3nica"],"inLanguage":"es","potentialAction":[{"@type":"CommentAction","name":"Comment","target":["https:\/\/diarioellabrador.cl\/index.php\/2026\/03\/14\/emotiva-ceremonia-en-melipilla-reconoce-a-docentes-y-asistentes-de-la-educacion-tras-anos-de-servicio\/#respond"]}]},{"@type":"WebPage","@id":"https:\/\/diarioellabrador.cl\/index.php\/2026\/03\/14\/emotiva-ceremonia-en-melipilla-reconoce-a-docentes-y-asistentes-de-la-educacion-tras-anos-de-servicio\/","url":"https:\/\/diarioellabrador.cl\/index.php\/2026\/03\/14\/emotiva-ceremonia-en-melipilla-reconoce-a-docentes-y-asistentes-de-la-educacion-tras-anos-de-servicio\/","name":"Emotiva ceremonia en Melipilla reconoce a docentes y asistentes de la educaci\u00f3n tras a\u00f1os de servicio - Diario El Labrador","isPartOf":{"@id":"https:\/\/diarioellabrador.cl\/#website"},"primaryImageOfPage":{"@id":"https:\/\/diarioellabrador.cl\/index.php\/2026\/03\/14\/emotiva-ceremonia-en-melipilla-reconoce-a-docentes-y-asistentes-de-la-educacion-tras-anos-de-servicio\/#primaryimage"},"image":{"@id":"https:\/\/diarioellabrador.cl\/index.php\/2026\/03\/14\/emotiva-ceremonia-en-melipilla-reconoce-a-docentes-y-asistentes-de-la-educacion-tras-anos-de-servicio\/#primaryimage"},"thumbnailUrl":"https:\/\/diarioellabrador.cl\/wp-content\/uploads\/2026\/03\/Emotiva-ceremonia-en-Melipilla-reconoce-a-docentes-y-asistentes-de-la-educacion-tras-anos-de-servicio.jpeg","datePublished":"2026-03-14T22:23:00+00:00","breadcrumb":{"@id":"https:\/\/diarioellabrador.cl\/index.php\/2026\/03\/14\/emotiva-ceremonia-en-melipilla-reconoce-a-docentes-y-asistentes-de-la-educacion-tras-anos-de-servicio\/#breadcrumb"},"inLanguage":"es","potentialAction":[{"@type":"ReadAction","target":["https:\/\/diarioellabrador.cl\/index.php\/2026\/03\/14\/emotiva-ceremonia-en-melipilla-reconoce-a-docentes-y-asistentes-de-la-educacion-tras-anos-de-servicio\/"]}]},{"@type":"ImageObject","inLanguage":"es","@id":"https:\/\/diarioellabrador.cl\/index.php\/2026\/03\/14\/emotiva-ceremonia-en-melipilla-reconoce-a-docentes-y-asistentes-de-la-educacion-tras-anos-de-servicio\/#primaryimage","url":"https:\/\/diarioellabrador.cl\/wp-content\/uploads\/2026\/03\/Emotiva-ceremonia-en-Melipilla-reconoce-a-docentes-y-asistentes-de-la-educacion-tras-anos-de-servicio.jpeg","contentUrl":"https:\/\/diarioellabrador.cl\/wp-content\/uploads\/2026\/03\/Emotiva-ceremonia-en-Melipilla-reconoce-a-docentes-y-asistentes-de-la-educacion-tras-anos-de-servicio.jpeg","width":1440,"height":959},{"@type":"BreadcrumbList","@id":"https:\/\/diarioellabrador.cl\/index.php\/2026\/03\/14\/emotiva-ceremonia-en-melipilla-reconoce-a-docentes-y-asistentes-de-la-educacion-tras-anos-de-servicio\/#breadcrumb","itemListElement":[{"@type":"ListItem","position":1,"name":"Portada","item":"https:\/\/diarioellabrador.cl\/"},{"@type":"ListItem","position":2,"name":"Emotiva ceremonia en Melipilla reconoce a docentes y asistentes de la educaci\u00f3n tras a\u00f1os de servicio"}]},{"@type":"WebSite","@id":"https:\/\/diarioellabrador.cl\/#website","url":"https:\/\/diarioellabrador.cl\/","name":"Diario El Labrador","description":"Haciendo noticia desde 1921","publisher":{"@id":"https:\/\/diarioellabrador.cl\/#organization"},"potentialAction":[{"@type":"SearchAction","target":{"@type":"EntryPoint","urlTemplate":"https:\/\/diarioellabrador.cl\/?s={search_term_string}"},"query-input":{"@type":"PropertyValueSpecification","valueRequired":true,"valueName":"search_term_string"}}],"inLanguage":"es"},{"@type":"Organization","@id":"https:\/\/diarioellabrador.cl\/#organization","name":"Diario El Labrador","url":"https:\/\/diarioellabrador.cl\/","logo":{"@type":"ImageObject","inLanguage":"es","@id":"https:\/\/diarioellabrador.cl\/#\/schema\/logo\/image\/","url":"https:\/\/diarioellabrador.cl\/wp-content\/uploads\/2025\/02\/cropped-Logo-Icono.png","contentUrl":"https:\/\/diarioellabrador.cl\/wp-content\/uploads\/2025\/02\/cropped-Logo-Icono.png","width":512,"height":512,"caption":"Diario El Labrador"},"image":{"@id":"https:\/\/diarioellabrador.cl\/#\/schema\/logo\/image\/"},"sameAs":["https:\/\/web.facebook.com\/profile.php?id=61576120840621","https:\/\/x.com\/ElLabradorOf","https:\/\/www.instagram.com\/diarioellabradoroficial\/"]},{"@type":"Person","@id":"https:\/\/diarioellabrador.cl\/#\/schema\/person\/bc25ff80b4563f9c7f4bd7855df01685","name":"Editor","image":{"@type":"ImageObject","inLanguage":"es","@id":"https:\/\/secure.gravatar.com\/avatar\/109c326cf2be5c04f048c2c2a2b8b6ef44bf3d8d1d3d4c55d0ac40c4bc994684?s=96&d=mm&r=g","url":"https:\/\/secure.gravatar.com\/avatar\/109c326cf2be5c04f048c2c2a2b8b6ef44bf3d8d1d3d4c55d0ac40c4bc994684?s=96&d=mm&r=g","contentUrl":"https:\/\/secure.gravatar.com\/avatar\/109c326cf2be5c04f048c2c2a2b8b6ef44bf3d8d1d3d4c55d0ac40c4bc994684?s=96&d=mm&r=g","caption":"Editor"},"url":"https:\/\/diarioellabrador.cl\/index.php\/author\/editor\/"}]}},"_links":{"self":[{"href":"https:\/\/diarioellabrador.cl\/index.php\/wp-json\/wp\/v2\/posts\/16583","targetHints":{"allow":["GET"]}}],"collection":[{"href":"https:\/\/diarioellabrador.cl\/index.php\/wp-json\/wp\/v2\/posts"}],"about":[{"href":"https:\/\/diarioellabrador.cl\/index.php\/wp-json\/wp\/v2\/types\/post"}],"author":[{"embeddable":true,"href":"https:\/\/diarioellabrador.cl\/index.php\/wp-json\/wp\/v2\/users\/2"}],"replies":[{"embeddable":true,"href":"https:\/\/diarioellabrador.cl\/index.php\/wp-json\/wp\/v2\/comments?post=16583"}],"version-history":[{"count":1,"href":"https:\/\/diarioellabrador.cl\/index.php\/wp-json\/wp\/v2\/posts\/16583\/revisions"}],"predecessor-version":[{"id":16584,"href":"https:\/\/diarioellabrador.cl\/index.php\/wp-json\/wp\/v2\/posts\/16583\/revisions\/16584"}],"wp:featuredmedia":[{"embeddable":true,"href":"https:\/\/diarioellabrador.cl\/index.php\/wp-json\/wp\/v2\/media\/16539"}],"wp:attachment":[{"href":"https:\/\/diarioellabrador.cl\/index.php\/wp-json\/wp\/v2\/media?parent=16583"}],"wp:term":[{"taxonomy":"category","embeddable":true,"href":"https:\/\/diarioellabrador.cl\/index.php\/wp-json\/wp\/v2\/categories?post=16583"},{"taxonomy":"post_tag","embeddable":true,"href":"https:\/\/diarioellabrador.cl\/index.php\/wp-json\/wp\/v2\/tags?post=16583"}],"curies":[{"name":"wp","href":"https:\/\/api.w.org\/{rel}","templated":true}]}}