{"id":16579,"date":"2026-03-14T18:21:00","date_gmt":"2026-03-14T22:21:00","guid":{"rendered":"https:\/\/diarioellabrador.cl\/?p=16579"},"modified":"2026-03-14T16:21:43","modified_gmt":"2026-03-14T20:21:43","slug":"reforzar-la-seguridad-en-salas-cunas-y-jardines-infantiles-corporacion-municipal-apoyara-con-millonaria-inversion","status":"publish","type":"post","link":"https:\/\/diarioellabrador.cl\/index.php\/2026\/03\/14\/reforzar-la-seguridad-en-salas-cunas-y-jardines-infantiles-corporacion-municipal-apoyara-con-millonaria-inversion\/","title":{"rendered":"Reforzar la seguridad en salas cunas y jardines infantiles: Corporaci\u00f3n Municipal apoyar\u00e1 con millonaria inversi\u00f3n"},"content":{"rendered":"\n<p>Por Johnny Ahumada Sep\u00falveda<\/p>\n\n\n\n<p>Como bien sabemos con la llegada de la alcaldesa al poder de la comuna, con el objetivo de mejorar la urbanizaci\u00f3n y viabilidad, buscar\u00e1n brindar un entorno seguro y m\u00e1s protegido para las comunidades educativas, la Corporaci\u00f3n Municipal de Educaci\u00f3n en Melipilla anunci\u00f3 la puesta en marcha de un ambicioso plan de seguridad.<\/p>\n\n\n\n<p>Este proyecto presentar\u00e1 la inversi\u00f3n de los 13 establecimientos en los que incluyen salas cunas y jardines infantiles que operan bajo la administraci\u00f3n del municipio. El proyecto se centra en una instalaci\u00f3n estrat\u00e9gica de c\u00e1maras de vigilancias de alta tecnolog\u00eda y sensores de movimiento, que son herramientas complementarias que permitir\u00e1n un monitoreo constante y una reacci\u00f3n r\u00e1pida antes de posibles incidentes dentro de los establecimientos.<\/p>\n\n\n\n<p>La Corporaci\u00f3n reafirma el compromiso de cumplir con la viabilidad y urbanizaci\u00f3n con la creaci\u00f3n de peque\u00f1os espacios educativos m\u00e1s seguros, para tratar de mitigar robos o actos de vandalismo que afecten al desarrollo de los ni\u00f1os m\u00e1s peque\u00f1os.<\/p>\n\n\n\n<p>La iniciativa, denominada \u00abSiempre Alerta\u00bb, busca crear un entorno m\u00e1s protegido para los ni\u00f1os que asisten a estos establecimientos de educaci\u00f3n parvularia, cuyas obras de instalaci\u00f3n se estiman finalizar en aproximadamente dos semanas. Las medidas tecnol\u00f3gicas permitir\u00e1n monitoreo continuo y alertas inmediatas ante cualquier situaci\u00f3n irregular dentro de los recintos<\/p>\n\n\n\n<p>Seg\u00fan Juan Pablo Barros, el secretario general de la Corporaci\u00f3n, estima que los trabajos de implementaci\u00f3n finalizaran en un plazo de dos o m\u00e1s semanas aproximadamente, con una inversi\u00f3n cercana a los 70 millones de pesos.<\/p>\n","protected":false},"excerpt":{"rendered":"<p>Por Johnny Ahumada Sep\u00falveda Como bien sabemos con la llegada de la alcaldesa al poder de la comuna, con el objetivo de mejorar la urbanizaci\u00f3n y viabilidad, buscar\u00e1n brindar un entorno seguro y m\u00e1s protegido para las comunidades educativas, la Corporaci\u00f3n Municipal de Educaci\u00f3n en Melipilla anunci\u00f3 la puesta en marcha de un ambicioso plan<\/p>\n<div class=\"read-more-wrapper\"><a class=\"read-more\" href=\"https:\/\/diarioellabrador.cl\/index.php\/2026\/03\/14\/reforzar-la-seguridad-en-salas-cunas-y-jardines-infantiles-corporacion-municipal-apoyara-con-millonaria-inversion\/\" title=\"Leer m\u00e1s\"> <span class=\"button \">Leer m\u00e1s<\/span><\/a><\/div>\n","protected":false},"author":2,"featured_media":16534,"comment_status":"open","ping_status":"open","sticky":false,"template":"","format":"standard","meta":{"footnotes":""},"categories":[1],"tags":[],"class_list":["post-16579","post","type-post","status-publish","format-standard","has-post-thumbnail","hentry","category-cronica"],"yoast_head":"<!-- This site is optimized with the Yoast SEO plugin v27.5 - https:\/\/yoast.com\/product\/yoast-seo-wordpress\/ -->\n<title>Reforzar la seguridad en salas cunas y jardines infantiles: Corporaci\u00f3n Municipal apoyar\u00e1 con millonaria inversi\u00f3n - Diario El Labrador<\/title>\n<meta name=\"robots\" content=\"index, follow, max-snippet:-1, max-image-preview:large, max-video-preview:-1\" \/>\n<link rel=\"canonical\" href=\"https:\/\/diarioellabrador.cl\/index.php\/2026\/03\/14\/reforzar-la-seguridad-en-salas-cunas-y-jardines-infantiles-corporacion-municipal-apoyara-con-millonaria-inversion\/\" \/>\n<meta property=\"og:locale\" content=\"es_ES\" \/>\n<meta property=\"og:type\" content=\"article\" \/>\n<meta property=\"og:title\" content=\"Reforzar la seguridad en salas cunas y jardines infantiles: Corporaci\u00f3n Municipal apoyar\u00e1 con millonaria inversi\u00f3n - Diario El Labrador\" \/>\n<meta property=\"og:description\" content=\"Por Johnny Ahumada Sep\u00falveda Como bien sabemos con la llegada de la alcaldesa al poder de la comuna, con el objetivo de mejorar la urbanizaci\u00f3n y viabilidad, buscar\u00e1n brindar un entorno seguro y m\u00e1s protegido para las comunidades educativas, la Corporaci\u00f3n Municipal de Educaci\u00f3n en Melipilla anunci\u00f3 la puesta en marcha de un ambicioso plan Leer m\u00e1s\" \/>\n<meta property=\"og:url\" content=\"https:\/\/diarioellabrador.cl\/index.php\/2026\/03\/14\/reforzar-la-seguridad-en-salas-cunas-y-jardines-infantiles-corporacion-municipal-apoyara-con-millonaria-inversion\/\" \/>\n<meta property=\"og:site_name\" content=\"Diario El Labrador\" \/>\n<meta property=\"article:publisher\" content=\"https:\/\/web.facebook.com\/profile.php?id=61576120840621\" \/>\n<meta property=\"article:published_time\" content=\"2026-03-14T22:21:00+00:00\" \/>\n<meta property=\"og:image\" content=\"https:\/\/diarioellabrador.cl\/wp-content\/uploads\/2026\/03\/Reforzar-la-seguridad-en-salas-cunas-y-jardines-infantiles-Corporacion-Municipal-apoyara-con-millonaria-inversion.jpg\" \/>\n\t<meta property=\"og:image:width\" content=\"2048\" \/>\n\t<meta property=\"og:image:height\" content=\"1365\" \/>\n\t<meta property=\"og:image:type\" content=\"image\/jpeg\" \/>\n<meta name=\"author\" content=\"Editor\" \/>\n<meta name=\"twitter:card\" content=\"summary_large_image\" \/>\n<meta name=\"twitter:creator\" content=\"@ElLabradorOf\" \/>\n<meta name=\"twitter:site\" content=\"@ElLabradorOf\" \/>\n<meta name=\"twitter:label1\" content=\"Escrito por\" \/>\n\t<meta name=\"twitter:data1\" content=\"Editor\" \/>\n\t<meta name=\"twitter:label2\" content=\"Tiempo de lectura\" \/>\n\t<meta name=\"twitter:data2\" content=\"2 minutos\" \/>\n<script type=\"application\/ld+json\" class=\"yoast-schema-graph\">{\"@context\":\"https:\\\/\\\/schema.org\",\"@graph\":[{\"@type\":\"Article\",\"@id\":\"https:\\\/\\\/diarioellabrador.cl\\\/index.php\\\/2026\\\/03\\\/14\\\/reforzar-la-seguridad-en-salas-cunas-y-jardines-infantiles-corporacion-municipal-apoyara-con-millonaria-inversion\\\/#article\",\"isPartOf\":{\"@id\":\"https:\\\/\\\/diarioellabrador.cl\\\/index.php\\\/2026\\\/03\\\/14\\\/reforzar-la-seguridad-en-salas-cunas-y-jardines-infantiles-corporacion-municipal-apoyara-con-millonaria-inversion\\\/\"},\"author\":{\"name\":\"Editor\",\"@id\":\"https:\\\/\\\/diarioellabrador.cl\\\/#\\\/schema\\\/person\\\/bc25ff80b4563f9c7f4bd7855df01685\"},\"headline\":\"Reforzar la seguridad en salas cunas y jardines infantiles: Corporaci\u00f3n Municipal apoyar\u00e1 con millonaria inversi\u00f3n\",\"datePublished\":\"2026-03-14T22:21:00+00:00\",\"mainEntityOfPage\":{\"@id\":\"https:\\\/\\\/diarioellabrador.cl\\\/index.php\\\/2026\\\/03\\\/14\\\/reforzar-la-seguridad-en-salas-cunas-y-jardines-infantiles-corporacion-municipal-apoyara-con-millonaria-inversion\\\/\"},\"wordCount\":297,\"commentCount\":0,\"publisher\":{\"@id\":\"https:\\\/\\\/diarioellabrador.cl\\\/#organization\"},\"image\":{\"@id\":\"https:\\\/\\\/diarioellabrador.cl\\\/index.php\\\/2026\\\/03\\\/14\\\/reforzar-la-seguridad-en-salas-cunas-y-jardines-infantiles-corporacion-municipal-apoyara-con-millonaria-inversion\\\/#primaryimage\"},\"thumbnailUrl\":\"https:\\\/\\\/diarioellabrador.cl\\\/wp-content\\\/uploads\\\/2026\\\/03\\\/Reforzar-la-seguridad-en-salas-cunas-y-jardines-infantiles-Corporacion-Municipal-apoyara-con-millonaria-inversion.jpg\",\"articleSection\":[\"Cr\u00f3nica\"],\"inLanguage\":\"es\",\"potentialAction\":[{\"@type\":\"CommentAction\",\"name\":\"Comment\",\"target\":[\"https:\\\/\\\/diarioellabrador.cl\\\/index.php\\\/2026\\\/03\\\/14\\\/reforzar-la-seguridad-en-salas-cunas-y-jardines-infantiles-corporacion-municipal-apoyara-con-millonaria-inversion\\\/#respond\"]}]},{\"@type\":\"WebPage\",\"@id\":\"https:\\\/\\\/diarioellabrador.cl\\\/index.php\\\/2026\\\/03\\\/14\\\/reforzar-la-seguridad-en-salas-cunas-y-jardines-infantiles-corporacion-municipal-apoyara-con-millonaria-inversion\\\/\",\"url\":\"https:\\\/\\\/diarioellabrador.cl\\\/index.php\\\/2026\\\/03\\\/14\\\/reforzar-la-seguridad-en-salas-cunas-y-jardines-infantiles-corporacion-municipal-apoyara-con-millonaria-inversion\\\/\",\"name\":\"Reforzar la seguridad en salas cunas y jardines infantiles: Corporaci\u00f3n Municipal apoyar\u00e1 con millonaria inversi\u00f3n - Diario El Labrador\",\"isPartOf\":{\"@id\":\"https:\\\/\\\/diarioellabrador.cl\\\/#website\"},\"primaryImageOfPage\":{\"@id\":\"https:\\\/\\\/diarioellabrador.cl\\\/index.php\\\/2026\\\/03\\\/14\\\/reforzar-la-seguridad-en-salas-cunas-y-jardines-infantiles-corporacion-municipal-apoyara-con-millonaria-inversion\\\/#primaryimage\"},\"image\":{\"@id\":\"https:\\\/\\\/diarioellabrador.cl\\\/index.php\\\/2026\\\/03\\\/14\\\/reforzar-la-seguridad-en-salas-cunas-y-jardines-infantiles-corporacion-municipal-apoyara-con-millonaria-inversion\\\/#primaryimage\"},\"thumbnailUrl\":\"https:\\\/\\\/diarioellabrador.cl\\\/wp-content\\\/uploads\\\/2026\\\/03\\\/Reforzar-la-seguridad-en-salas-cunas-y-jardines-infantiles-Corporacion-Municipal-apoyara-con-millonaria-inversion.jpg\",\"datePublished\":\"2026-03-14T22:21:00+00:00\",\"breadcrumb\":{\"@id\":\"https:\\\/\\\/diarioellabrador.cl\\\/index.php\\\/2026\\\/03\\\/14\\\/reforzar-la-seguridad-en-salas-cunas-y-jardines-infantiles-corporacion-municipal-apoyara-con-millonaria-inversion\\\/#breadcrumb\"},\"inLanguage\":\"es\",\"potentialAction\":[{\"@type\":\"ReadAction\",\"target\":[\"https:\\\/\\\/diarioellabrador.cl\\\/index.php\\\/2026\\\/03\\\/14\\\/reforzar-la-seguridad-en-salas-cunas-y-jardines-infantiles-corporacion-municipal-apoyara-con-millonaria-inversion\\\/\"]}]},{\"@type\":\"ImageObject\",\"inLanguage\":\"es\",\"@id\":\"https:\\\/\\\/diarioellabrador.cl\\\/index.php\\\/2026\\\/03\\\/14\\\/reforzar-la-seguridad-en-salas-cunas-y-jardines-infantiles-corporacion-municipal-apoyara-con-millonaria-inversion\\\/#primaryimage\",\"url\":\"https:\\\/\\\/diarioellabrador.cl\\\/wp-content\\\/uploads\\\/2026\\\/03\\\/Reforzar-la-seguridad-en-salas-cunas-y-jardines-infantiles-Corporacion-Municipal-apoyara-con-millonaria-inversion.jpg\",\"contentUrl\":\"https:\\\/\\\/diarioellabrador.cl\\\/wp-content\\\/uploads\\\/2026\\\/03\\\/Reforzar-la-seguridad-en-salas-cunas-y-jardines-infantiles-Corporacion-Municipal-apoyara-con-millonaria-inversion.jpg\",\"width\":2048,\"height\":1365},{\"@type\":\"BreadcrumbList\",\"@id\":\"https:\\\/\\\/diarioellabrador.cl\\\/index.php\\\/2026\\\/03\\\/14\\\/reforzar-la-seguridad-en-salas-cunas-y-jardines-infantiles-corporacion-municipal-apoyara-con-millonaria-inversion\\\/#breadcrumb\",\"itemListElement\":[{\"@type\":\"ListItem\",\"position\":1,\"name\":\"Portada\",\"item\":\"https:\\\/\\\/diarioellabrador.cl\\\/\"},{\"@type\":\"ListItem\",\"position\":2,\"name\":\"Reforzar la seguridad en salas cunas y jardines infantiles: Corporaci\u00f3n Municipal apoyar\u00e1 con millonaria inversi\u00f3n\"}]},{\"@type\":\"WebSite\",\"@id\":\"https:\\\/\\\/diarioellabrador.cl\\\/#website\",\"url\":\"https:\\\/\\\/diarioellabrador.cl\\\/\",\"name\":\"Diario El Labrador\",\"description\":\"Haciendo noticia desde 1921\",\"publisher\":{\"@id\":\"https:\\\/\\\/diarioellabrador.cl\\\/#organization\"},\"potentialAction\":[{\"@type\":\"SearchAction\",\"target\":{\"@type\":\"EntryPoint\",\"urlTemplate\":\"https:\\\/\\\/diarioellabrador.cl\\\/?s={search_term_string}\"},\"query-input\":{\"@type\":\"PropertyValueSpecification\",\"valueRequired\":true,\"valueName\":\"search_term_string\"}}],\"inLanguage\":\"es\"},{\"@type\":\"Organization\",\"@id\":\"https:\\\/\\\/diarioellabrador.cl\\\/#organization\",\"name\":\"Diario El Labrador\",\"url\":\"https:\\\/\\\/diarioellabrador.cl\\\/\",\"logo\":{\"@type\":\"ImageObject\",\"inLanguage\":\"es\",\"@id\":\"https:\\\/\\\/diarioellabrador.cl\\\/#\\\/schema\\\/logo\\\/image\\\/\",\"url\":\"https:\\\/\\\/diarioellabrador.cl\\\/wp-content\\\/uploads\\\/2025\\\/02\\\/cropped-Logo-Icono.png\",\"contentUrl\":\"https:\\\/\\\/diarioellabrador.cl\\\/wp-content\\\/uploads\\\/2025\\\/02\\\/cropped-Logo-Icono.png\",\"width\":512,\"height\":512,\"caption\":\"Diario El Labrador\"},\"image\":{\"@id\":\"https:\\\/\\\/diarioellabrador.cl\\\/#\\\/schema\\\/logo\\\/image\\\/\"},\"sameAs\":[\"https:\\\/\\\/web.facebook.com\\\/profile.php?id=61576120840621\",\"https:\\\/\\\/x.com\\\/ElLabradorOf\",\"https:\\\/\\\/www.instagram.com\\\/diarioellabradoroficial\\\/\"]},{\"@type\":\"Person\",\"@id\":\"https:\\\/\\\/diarioellabrador.cl\\\/#\\\/schema\\\/person\\\/bc25ff80b4563f9c7f4bd7855df01685\",\"name\":\"Editor\",\"image\":{\"@type\":\"ImageObject\",\"inLanguage\":\"es\",\"@id\":\"https:\\\/\\\/secure.gravatar.com\\\/avatar\\\/109c326cf2be5c04f048c2c2a2b8b6ef44bf3d8d1d3d4c55d0ac40c4bc994684?s=96&d=mm&r=g\",\"url\":\"https:\\\/\\\/secure.gravatar.com\\\/avatar\\\/109c326cf2be5c04f048c2c2a2b8b6ef44bf3d8d1d3d4c55d0ac40c4bc994684?s=96&d=mm&r=g\",\"contentUrl\":\"https:\\\/\\\/secure.gravatar.com\\\/avatar\\\/109c326cf2be5c04f048c2c2a2b8b6ef44bf3d8d1d3d4c55d0ac40c4bc994684?s=96&d=mm&r=g\",\"caption\":\"Editor\"},\"url\":\"https:\\\/\\\/diarioellabrador.cl\\\/index.php\\\/author\\\/editor\\\/\"}]}<\/script>\n<!-- \/ Yoast SEO plugin. -->","yoast_head_json":{"title":"Reforzar la seguridad en salas cunas y jardines infantiles: Corporaci\u00f3n Municipal apoyar\u00e1 con millonaria inversi\u00f3n - Diario El Labrador","robots":{"index":"index","follow":"follow","max-snippet":"max-snippet:-1","max-image-preview":"max-image-preview:large","max-video-preview":"max-video-preview:-1"},"canonical":"https:\/\/diarioellabrador.cl\/index.php\/2026\/03\/14\/reforzar-la-seguridad-en-salas-cunas-y-jardines-infantiles-corporacion-municipal-apoyara-con-millonaria-inversion\/","og_locale":"es_ES","og_type":"article","og_title":"Reforzar la seguridad en salas cunas y jardines infantiles: Corporaci\u00f3n Municipal apoyar\u00e1 con millonaria inversi\u00f3n - Diario El Labrador","og_description":"Por Johnny Ahumada Sep\u00falveda Como bien sabemos con la llegada de la alcaldesa al poder de la comuna, con el objetivo de mejorar la urbanizaci\u00f3n y viabilidad, buscar\u00e1n brindar un entorno seguro y m\u00e1s protegido para las comunidades educativas, la Corporaci\u00f3n Municipal de Educaci\u00f3n en Melipilla anunci\u00f3 la puesta en marcha de un ambicioso plan Leer m\u00e1s","og_url":"https:\/\/diarioellabrador.cl\/index.php\/2026\/03\/14\/reforzar-la-seguridad-en-salas-cunas-y-jardines-infantiles-corporacion-municipal-apoyara-con-millonaria-inversion\/","og_site_name":"Diario El Labrador","article_publisher":"https:\/\/web.facebook.com\/profile.php?id=61576120840621","article_published_time":"2026-03-14T22:21:00+00:00","og_image":[{"width":2048,"height":1365,"url":"https:\/\/diarioellabrador.cl\/wp-content\/uploads\/2026\/03\/Reforzar-la-seguridad-en-salas-cunas-y-jardines-infantiles-Corporacion-Municipal-apoyara-con-millonaria-inversion.jpg","type":"image\/jpeg"}],"author":"Editor","twitter_card":"summary_large_image","twitter_creator":"@ElLabradorOf","twitter_site":"@ElLabradorOf","twitter_misc":{"Escrito por":"Editor","Tiempo de lectura":"2 minutos"},"schema":{"@context":"https:\/\/schema.org","@graph":[{"@type":"Article","@id":"https:\/\/diarioellabrador.cl\/index.php\/2026\/03\/14\/reforzar-la-seguridad-en-salas-cunas-y-jardines-infantiles-corporacion-municipal-apoyara-con-millonaria-inversion\/#article","isPartOf":{"@id":"https:\/\/diarioellabrador.cl\/index.php\/2026\/03\/14\/reforzar-la-seguridad-en-salas-cunas-y-jardines-infantiles-corporacion-municipal-apoyara-con-millonaria-inversion\/"},"author":{"name":"Editor","@id":"https:\/\/diarioellabrador.cl\/#\/schema\/person\/bc25ff80b4563f9c7f4bd7855df01685"},"headline":"Reforzar la seguridad en salas cunas y jardines infantiles: Corporaci\u00f3n Municipal apoyar\u00e1 con millonaria inversi\u00f3n","datePublished":"2026-03-14T22:21:00+00:00","mainEntityOfPage":{"@id":"https:\/\/diarioellabrador.cl\/index.php\/2026\/03\/14\/reforzar-la-seguridad-en-salas-cunas-y-jardines-infantiles-corporacion-municipal-apoyara-con-millonaria-inversion\/"},"wordCount":297,"commentCount":0,"publisher":{"@id":"https:\/\/diarioellabrador.cl\/#organization"},"image":{"@id":"https:\/\/diarioellabrador.cl\/index.php\/2026\/03\/14\/reforzar-la-seguridad-en-salas-cunas-y-jardines-infantiles-corporacion-municipal-apoyara-con-millonaria-inversion\/#primaryimage"},"thumbnailUrl":"https:\/\/diarioellabrador.cl\/wp-content\/uploads\/2026\/03\/Reforzar-la-seguridad-en-salas-cunas-y-jardines-infantiles-Corporacion-Municipal-apoyara-con-millonaria-inversion.jpg","articleSection":["Cr\u00f3nica"],"inLanguage":"es","potentialAction":[{"@type":"CommentAction","name":"Comment","target":["https:\/\/diarioellabrador.cl\/index.php\/2026\/03\/14\/reforzar-la-seguridad-en-salas-cunas-y-jardines-infantiles-corporacion-municipal-apoyara-con-millonaria-inversion\/#respond"]}]},{"@type":"WebPage","@id":"https:\/\/diarioellabrador.cl\/index.php\/2026\/03\/14\/reforzar-la-seguridad-en-salas-cunas-y-jardines-infantiles-corporacion-municipal-apoyara-con-millonaria-inversion\/","url":"https:\/\/diarioellabrador.cl\/index.php\/2026\/03\/14\/reforzar-la-seguridad-en-salas-cunas-y-jardines-infantiles-corporacion-municipal-apoyara-con-millonaria-inversion\/","name":"Reforzar la seguridad en salas cunas y jardines infantiles: Corporaci\u00f3n Municipal apoyar\u00e1 con millonaria inversi\u00f3n - Diario El Labrador","isPartOf":{"@id":"https:\/\/diarioellabrador.cl\/#website"},"primaryImageOfPage":{"@id":"https:\/\/diarioellabrador.cl\/index.php\/2026\/03\/14\/reforzar-la-seguridad-en-salas-cunas-y-jardines-infantiles-corporacion-municipal-apoyara-con-millonaria-inversion\/#primaryimage"},"image":{"@id":"https:\/\/diarioellabrador.cl\/index.php\/2026\/03\/14\/reforzar-la-seguridad-en-salas-cunas-y-jardines-infantiles-corporacion-municipal-apoyara-con-millonaria-inversion\/#primaryimage"},"thumbnailUrl":"https:\/\/diarioellabrador.cl\/wp-content\/uploads\/2026\/03\/Reforzar-la-seguridad-en-salas-cunas-y-jardines-infantiles-Corporacion-Municipal-apoyara-con-millonaria-inversion.jpg","datePublished":"2026-03-14T22:21:00+00:00","breadcrumb":{"@id":"https:\/\/diarioellabrador.cl\/index.php\/2026\/03\/14\/reforzar-la-seguridad-en-salas-cunas-y-jardines-infantiles-corporacion-municipal-apoyara-con-millonaria-inversion\/#breadcrumb"},"inLanguage":"es","potentialAction":[{"@type":"ReadAction","target":["https:\/\/diarioellabrador.cl\/index.php\/2026\/03\/14\/reforzar-la-seguridad-en-salas-cunas-y-jardines-infantiles-corporacion-municipal-apoyara-con-millonaria-inversion\/"]}]},{"@type":"ImageObject","inLanguage":"es","@id":"https:\/\/diarioellabrador.cl\/index.php\/2026\/03\/14\/reforzar-la-seguridad-en-salas-cunas-y-jardines-infantiles-corporacion-municipal-apoyara-con-millonaria-inversion\/#primaryimage","url":"https:\/\/diarioellabrador.cl\/wp-content\/uploads\/2026\/03\/Reforzar-la-seguridad-en-salas-cunas-y-jardines-infantiles-Corporacion-Municipal-apoyara-con-millonaria-inversion.jpg","contentUrl":"https:\/\/diarioellabrador.cl\/wp-content\/uploads\/2026\/03\/Reforzar-la-seguridad-en-salas-cunas-y-jardines-infantiles-Corporacion-Municipal-apoyara-con-millonaria-inversion.jpg","width":2048,"height":1365},{"@type":"BreadcrumbList","@id":"https:\/\/diarioellabrador.cl\/index.php\/2026\/03\/14\/reforzar-la-seguridad-en-salas-cunas-y-jardines-infantiles-corporacion-municipal-apoyara-con-millonaria-inversion\/#breadcrumb","itemListElement":[{"@type":"ListItem","position":1,"name":"Portada","item":"https:\/\/diarioellabrador.cl\/"},{"@type":"ListItem","position":2,"name":"Reforzar la seguridad en salas cunas y jardines infantiles: Corporaci\u00f3n Municipal apoyar\u00e1 con millonaria inversi\u00f3n"}]},{"@type":"WebSite","@id":"https:\/\/diarioellabrador.cl\/#website","url":"https:\/\/diarioellabrador.cl\/","name":"Diario El Labrador","description":"Haciendo noticia desde 1921","publisher":{"@id":"https:\/\/diarioellabrador.cl\/#organization"},"potentialAction":[{"@type":"SearchAction","target":{"@type":"EntryPoint","urlTemplate":"https:\/\/diarioellabrador.cl\/?s={search_term_string}"},"query-input":{"@type":"PropertyValueSpecification","valueRequired":true,"valueName":"search_term_string"}}],"inLanguage":"es"},{"@type":"Organization","@id":"https:\/\/diarioellabrador.cl\/#organization","name":"Diario El Labrador","url":"https:\/\/diarioellabrador.cl\/","logo":{"@type":"ImageObject","inLanguage":"es","@id":"https:\/\/diarioellabrador.cl\/#\/schema\/logo\/image\/","url":"https:\/\/diarioellabrador.cl\/wp-content\/uploads\/2025\/02\/cropped-Logo-Icono.png","contentUrl":"https:\/\/diarioellabrador.cl\/wp-content\/uploads\/2025\/02\/cropped-Logo-Icono.png","width":512,"height":512,"caption":"Diario El Labrador"},"image":{"@id":"https:\/\/diarioellabrador.cl\/#\/schema\/logo\/image\/"},"sameAs":["https:\/\/web.facebook.com\/profile.php?id=61576120840621","https:\/\/x.com\/ElLabradorOf","https:\/\/www.instagram.com\/diarioellabradoroficial\/"]},{"@type":"Person","@id":"https:\/\/diarioellabrador.cl\/#\/schema\/person\/bc25ff80b4563f9c7f4bd7855df01685","name":"Editor","image":{"@type":"ImageObject","inLanguage":"es","@id":"https:\/\/secure.gravatar.com\/avatar\/109c326cf2be5c04f048c2c2a2b8b6ef44bf3d8d1d3d4c55d0ac40c4bc994684?s=96&d=mm&r=g","url":"https:\/\/secure.gravatar.com\/avatar\/109c326cf2be5c04f048c2c2a2b8b6ef44bf3d8d1d3d4c55d0ac40c4bc994684?s=96&d=mm&r=g","contentUrl":"https:\/\/secure.gravatar.com\/avatar\/109c326cf2be5c04f048c2c2a2b8b6ef44bf3d8d1d3d4c55d0ac40c4bc994684?s=96&d=mm&r=g","caption":"Editor"},"url":"https:\/\/diarioellabrador.cl\/index.php\/author\/editor\/"}]}},"_links":{"self":[{"href":"https:\/\/diarioellabrador.cl\/index.php\/wp-json\/wp\/v2\/posts\/16579","targetHints":{"allow":["GET"]}}],"collection":[{"href":"https:\/\/diarioellabrador.cl\/index.php\/wp-json\/wp\/v2\/posts"}],"about":[{"href":"https:\/\/diarioellabrador.cl\/index.php\/wp-json\/wp\/v2\/types\/post"}],"author":[{"embeddable":true,"href":"https:\/\/diarioellabrador.cl\/index.php\/wp-json\/wp\/v2\/users\/2"}],"replies":[{"embeddable":true,"href":"https:\/\/diarioellabrador.cl\/index.php\/wp-json\/wp\/v2\/comments?post=16579"}],"version-history":[{"count":1,"href":"https:\/\/diarioellabrador.cl\/index.php\/wp-json\/wp\/v2\/posts\/16579\/revisions"}],"predecessor-version":[{"id":16580,"href":"https:\/\/diarioellabrador.cl\/index.php\/wp-json\/wp\/v2\/posts\/16579\/revisions\/16580"}],"wp:featuredmedia":[{"embeddable":true,"href":"https:\/\/diarioellabrador.cl\/index.php\/wp-json\/wp\/v2\/media\/16534"}],"wp:attachment":[{"href":"https:\/\/diarioellabrador.cl\/index.php\/wp-json\/wp\/v2\/media?parent=16579"}],"wp:term":[{"taxonomy":"category","embeddable":true,"href":"https:\/\/diarioellabrador.cl\/index.php\/wp-json\/wp\/v2\/categories?post=16579"},{"taxonomy":"post_tag","embeddable":true,"href":"https:\/\/diarioellabrador.cl\/index.php\/wp-json\/wp\/v2\/tags?post=16579"}],"curies":[{"name":"wp","href":"https:\/\/api.w.org\/{rel}","templated":true}]}}