{"id":16575,"date":"2026-03-14T18:20:00","date_gmt":"2026-03-14T22:20:00","guid":{"rendered":"https:\/\/diarioellabrador.cl\/?p=16575"},"modified":"2026-03-14T16:20:34","modified_gmt":"2026-03-14T20:20:34","slug":"inician-atenciones-de-salud-y-orientacion-migratoria-en-la-catedral-de-melipilla","status":"publish","type":"post","link":"https:\/\/diarioellabrador.cl\/index.php\/2026\/03\/14\/inician-atenciones-de-salud-y-orientacion-migratoria-en-la-catedral-de-melipilla\/","title":{"rendered":"Inician atenciones de salud y orientaci\u00f3n migratoria en la Catedral de Melipilla"},"content":{"rendered":"\n<p>Con el objetivo de acercar servicios de salud y orientaci\u00f3n a la comunidad migrante, el pasado 05 de marzo&nbsp;comenzaron oficialmente las atenciones en la&nbsp;Catedral San Jos\u00e9 de Melipilla, instancia que re\u00fane a diversas instituciones y organizaciones que trabajan en apoyo a quienes llegan a la provincia.<\/p>\n\n\n\n<p>La iniciativa es impulsada por el programa PRAPS Migrantes de&nbsp;Melipilla, en coordinaci\u00f3n con la Pastoral de Movilidad Humana de&nbsp;Caritas Melipilla, entidad que realiza una importante labor de orientaci\u00f3n migratoria para personas extranjeras que residen en la zona.<\/p>\n\n\n\n<p>Durante la jornada participaron equipos de salud de distintos centros de atenci\u00f3n primaria de la comuna, quienes desarrollaron diversas prestaciones orientadas a mejorar el acceso a la salud de la poblaci\u00f3n migrante.<\/p>\n\n\n\n<p>Entre las atenciones realizadas destacaron el&nbsp;<strong>tamizaje de salud mental<\/strong>, el&nbsp;<strong>Examen de Medicina Preventiva del Adulto (EMPA)<\/strong>, la&nbsp;<strong>calificaci\u00f3n de carencia de recursos en plataforma FONASA<\/strong>, adem\u00e1s de la&nbsp;<strong>inscripci\u00f3n a centros de salud<\/strong>. Asimismo, el \u00e1rea de epidemiolog\u00eda realiz\u00f3 \u00f3rdenes de ex\u00e1menes preventivos para la detecci\u00f3n de&nbsp;<strong>Chagas<\/strong>.<\/p>\n\n\n\n<p>En la actividad tambi\u00e9n particip\u00f3 personal del CESFAM Florencia, que apoy\u00f3 con diversas evaluaciones de salud, y del CESFAM Boris Soler, donde una facilitadora intercultural entreg\u00f3 orientaci\u00f3n sobre el acceso a la atenci\u00f3n en el sistema p\u00fablico.<\/p>\n\n\n\n<p>A la jornada se sum\u00f3 adem\u00e1s la&nbsp;Cruz Roja Chilena&nbsp;filial Melipilla, a trav\u00e9s de su programa&nbsp;<strong>Restablecimiento de Contacto con Familiares (RCF)<\/strong>, iniciativa que apoya a personas migrantes en la b\u00fasqueda y reconexi\u00f3n con sus seres queridos.<\/p>\n\n\n\n<p>Se conoci\u00f3 &nbsp;que estos operativos se realizar\u00e1n&nbsp;<strong>todos los jueves desde las 09:00 horas<\/strong>&nbsp;en dependencias de la catedral, con cupos limitados, por lo que se invita a la comunidad a informarse y asistir con anticipaci\u00f3n.<\/p>\n","protected":false},"excerpt":{"rendered":"<p>Con el objetivo de acercar servicios de salud y orientaci\u00f3n a la comunidad migrante, el pasado 05 de marzo&nbsp;comenzaron oficialmente las atenciones en la&nbsp;Catedral San Jos\u00e9 de Melipilla, instancia que re\u00fane a diversas instituciones y organizaciones que trabajan en apoyo a quienes llegan a la provincia. La iniciativa es impulsada por el programa PRAPS Migrantes<\/p>\n<div class=\"read-more-wrapper\"><a class=\"read-more\" href=\"https:\/\/diarioellabrador.cl\/index.php\/2026\/03\/14\/inician-atenciones-de-salud-y-orientacion-migratoria-en-la-catedral-de-melipilla\/\" title=\"Leer m\u00e1s\"> <span class=\"button \">Leer m\u00e1s<\/span><\/a><\/div>\n","protected":false},"author":2,"featured_media":16540,"comment_status":"open","ping_status":"open","sticky":false,"template":"","format":"standard","meta":{"footnotes":""},"categories":[1],"tags":[],"class_list":["post-16575","post","type-post","status-publish","format-standard","has-post-thumbnail","hentry","category-cronica"],"yoast_head":"<!-- This site is optimized with the Yoast SEO plugin v27.5 - https:\/\/yoast.com\/product\/yoast-seo-wordpress\/ -->\n<title>Inician atenciones de salud y orientaci\u00f3n migratoria en la Catedral de Melipilla - Diario El Labrador<\/title>\n<meta name=\"robots\" content=\"index, follow, max-snippet:-1, max-image-preview:large, max-video-preview:-1\" \/>\n<link rel=\"canonical\" href=\"https:\/\/diarioellabrador.cl\/index.php\/2026\/03\/14\/inician-atenciones-de-salud-y-orientacion-migratoria-en-la-catedral-de-melipilla\/\" \/>\n<meta property=\"og:locale\" content=\"es_ES\" \/>\n<meta property=\"og:type\" content=\"article\" \/>\n<meta property=\"og:title\" content=\"Inician atenciones de salud y orientaci\u00f3n migratoria en la Catedral de Melipilla - Diario El Labrador\" \/>\n<meta property=\"og:description\" content=\"Con el objetivo de acercar servicios de salud y orientaci\u00f3n a la comunidad migrante, el pasado 05 de marzo&nbsp;comenzaron oficialmente las atenciones en la&nbsp;Catedral San Jos\u00e9 de Melipilla, instancia que re\u00fane a diversas instituciones y organizaciones que trabajan en apoyo a quienes llegan a la provincia. La iniciativa es impulsada por el programa PRAPS Migrantes Leer m\u00e1s\" \/>\n<meta property=\"og:url\" content=\"https:\/\/diarioellabrador.cl\/index.php\/2026\/03\/14\/inician-atenciones-de-salud-y-orientacion-migratoria-en-la-catedral-de-melipilla\/\" \/>\n<meta property=\"og:site_name\" content=\"Diario El Labrador\" \/>\n<meta property=\"article:publisher\" content=\"https:\/\/web.facebook.com\/profile.php?id=61576120840621\" \/>\n<meta property=\"article:published_time\" content=\"2026-03-14T22:20:00+00:00\" \/>\n<meta property=\"og:image\" content=\"https:\/\/diarioellabrador.cl\/wp-content\/uploads\/2026\/03\/Inician-atenciones-de-salud-y-orientacion-migratoria-en-la-Catedral-de-Melipilla.jpeg\" \/>\n\t<meta property=\"og:image:width\" content=\"1290\" \/>\n\t<meta property=\"og:image:height\" content=\"1502\" \/>\n\t<meta property=\"og:image:type\" content=\"image\/jpeg\" \/>\n<meta name=\"author\" content=\"Editor\" \/>\n<meta name=\"twitter:card\" content=\"summary_large_image\" \/>\n<meta name=\"twitter:creator\" content=\"@ElLabradorOf\" \/>\n<meta name=\"twitter:site\" content=\"@ElLabradorOf\" \/>\n<meta name=\"twitter:label1\" content=\"Escrito por\" \/>\n\t<meta name=\"twitter:data1\" content=\"Editor\" \/>\n\t<meta name=\"twitter:label2\" content=\"Tiempo de lectura\" \/>\n\t<meta name=\"twitter:data2\" content=\"2 minutos\" \/>\n<script type=\"application\/ld+json\" class=\"yoast-schema-graph\">{\"@context\":\"https:\\\/\\\/schema.org\",\"@graph\":[{\"@type\":\"Article\",\"@id\":\"https:\\\/\\\/diarioellabrador.cl\\\/index.php\\\/2026\\\/03\\\/14\\\/inician-atenciones-de-salud-y-orientacion-migratoria-en-la-catedral-de-melipilla\\\/#article\",\"isPartOf\":{\"@id\":\"https:\\\/\\\/diarioellabrador.cl\\\/index.php\\\/2026\\\/03\\\/14\\\/inician-atenciones-de-salud-y-orientacion-migratoria-en-la-catedral-de-melipilla\\\/\"},\"author\":{\"name\":\"Editor\",\"@id\":\"https:\\\/\\\/diarioellabrador.cl\\\/#\\\/schema\\\/person\\\/bc25ff80b4563f9c7f4bd7855df01685\"},\"headline\":\"Inician atenciones de salud y orientaci\u00f3n migratoria en la Catedral de Melipilla\",\"datePublished\":\"2026-03-14T22:20:00+00:00\",\"mainEntityOfPage\":{\"@id\":\"https:\\\/\\\/diarioellabrador.cl\\\/index.php\\\/2026\\\/03\\\/14\\\/inician-atenciones-de-salud-y-orientacion-migratoria-en-la-catedral-de-melipilla\\\/\"},\"wordCount\":328,\"commentCount\":0,\"publisher\":{\"@id\":\"https:\\\/\\\/diarioellabrador.cl\\\/#organization\"},\"image\":{\"@id\":\"https:\\\/\\\/diarioellabrador.cl\\\/index.php\\\/2026\\\/03\\\/14\\\/inician-atenciones-de-salud-y-orientacion-migratoria-en-la-catedral-de-melipilla\\\/#primaryimage\"},\"thumbnailUrl\":\"https:\\\/\\\/diarioellabrador.cl\\\/wp-content\\\/uploads\\\/2026\\\/03\\\/Inician-atenciones-de-salud-y-orientacion-migratoria-en-la-Catedral-de-Melipilla.jpeg\",\"articleSection\":[\"Cr\u00f3nica\"],\"inLanguage\":\"es\",\"potentialAction\":[{\"@type\":\"CommentAction\",\"name\":\"Comment\",\"target\":[\"https:\\\/\\\/diarioellabrador.cl\\\/index.php\\\/2026\\\/03\\\/14\\\/inician-atenciones-de-salud-y-orientacion-migratoria-en-la-catedral-de-melipilla\\\/#respond\"]}]},{\"@type\":\"WebPage\",\"@id\":\"https:\\\/\\\/diarioellabrador.cl\\\/index.php\\\/2026\\\/03\\\/14\\\/inician-atenciones-de-salud-y-orientacion-migratoria-en-la-catedral-de-melipilla\\\/\",\"url\":\"https:\\\/\\\/diarioellabrador.cl\\\/index.php\\\/2026\\\/03\\\/14\\\/inician-atenciones-de-salud-y-orientacion-migratoria-en-la-catedral-de-melipilla\\\/\",\"name\":\"Inician atenciones de salud y orientaci\u00f3n migratoria en la Catedral de Melipilla - Diario El Labrador\",\"isPartOf\":{\"@id\":\"https:\\\/\\\/diarioellabrador.cl\\\/#website\"},\"primaryImageOfPage\":{\"@id\":\"https:\\\/\\\/diarioellabrador.cl\\\/index.php\\\/2026\\\/03\\\/14\\\/inician-atenciones-de-salud-y-orientacion-migratoria-en-la-catedral-de-melipilla\\\/#primaryimage\"},\"image\":{\"@id\":\"https:\\\/\\\/diarioellabrador.cl\\\/index.php\\\/2026\\\/03\\\/14\\\/inician-atenciones-de-salud-y-orientacion-migratoria-en-la-catedral-de-melipilla\\\/#primaryimage\"},\"thumbnailUrl\":\"https:\\\/\\\/diarioellabrador.cl\\\/wp-content\\\/uploads\\\/2026\\\/03\\\/Inician-atenciones-de-salud-y-orientacion-migratoria-en-la-Catedral-de-Melipilla.jpeg\",\"datePublished\":\"2026-03-14T22:20:00+00:00\",\"breadcrumb\":{\"@id\":\"https:\\\/\\\/diarioellabrador.cl\\\/index.php\\\/2026\\\/03\\\/14\\\/inician-atenciones-de-salud-y-orientacion-migratoria-en-la-catedral-de-melipilla\\\/#breadcrumb\"},\"inLanguage\":\"es\",\"potentialAction\":[{\"@type\":\"ReadAction\",\"target\":[\"https:\\\/\\\/diarioellabrador.cl\\\/index.php\\\/2026\\\/03\\\/14\\\/inician-atenciones-de-salud-y-orientacion-migratoria-en-la-catedral-de-melipilla\\\/\"]}]},{\"@type\":\"ImageObject\",\"inLanguage\":\"es\",\"@id\":\"https:\\\/\\\/diarioellabrador.cl\\\/index.php\\\/2026\\\/03\\\/14\\\/inician-atenciones-de-salud-y-orientacion-migratoria-en-la-catedral-de-melipilla\\\/#primaryimage\",\"url\":\"https:\\\/\\\/diarioellabrador.cl\\\/wp-content\\\/uploads\\\/2026\\\/03\\\/Inician-atenciones-de-salud-y-orientacion-migratoria-en-la-Catedral-de-Melipilla.jpeg\",\"contentUrl\":\"https:\\\/\\\/diarioellabrador.cl\\\/wp-content\\\/uploads\\\/2026\\\/03\\\/Inician-atenciones-de-salud-y-orientacion-migratoria-en-la-Catedral-de-Melipilla.jpeg\",\"width\":1290,\"height\":1502,\"caption\":\"Screenshot\"},{\"@type\":\"BreadcrumbList\",\"@id\":\"https:\\\/\\\/diarioellabrador.cl\\\/index.php\\\/2026\\\/03\\\/14\\\/inician-atenciones-de-salud-y-orientacion-migratoria-en-la-catedral-de-melipilla\\\/#breadcrumb\",\"itemListElement\":[{\"@type\":\"ListItem\",\"position\":1,\"name\":\"Portada\",\"item\":\"https:\\\/\\\/diarioellabrador.cl\\\/\"},{\"@type\":\"ListItem\",\"position\":2,\"name\":\"Inician atenciones de salud y orientaci\u00f3n migratoria en la Catedral de Melipilla\"}]},{\"@type\":\"WebSite\",\"@id\":\"https:\\\/\\\/diarioellabrador.cl\\\/#website\",\"url\":\"https:\\\/\\\/diarioellabrador.cl\\\/\",\"name\":\"Diario El Labrador\",\"description\":\"Haciendo noticia desde 1921\",\"publisher\":{\"@id\":\"https:\\\/\\\/diarioellabrador.cl\\\/#organization\"},\"potentialAction\":[{\"@type\":\"SearchAction\",\"target\":{\"@type\":\"EntryPoint\",\"urlTemplate\":\"https:\\\/\\\/diarioellabrador.cl\\\/?s={search_term_string}\"},\"query-input\":{\"@type\":\"PropertyValueSpecification\",\"valueRequired\":true,\"valueName\":\"search_term_string\"}}],\"inLanguage\":\"es\"},{\"@type\":\"Organization\",\"@id\":\"https:\\\/\\\/diarioellabrador.cl\\\/#organization\",\"name\":\"Diario El Labrador\",\"url\":\"https:\\\/\\\/diarioellabrador.cl\\\/\",\"logo\":{\"@type\":\"ImageObject\",\"inLanguage\":\"es\",\"@id\":\"https:\\\/\\\/diarioellabrador.cl\\\/#\\\/schema\\\/logo\\\/image\\\/\",\"url\":\"https:\\\/\\\/diarioellabrador.cl\\\/wp-content\\\/uploads\\\/2025\\\/02\\\/cropped-Logo-Icono.png\",\"contentUrl\":\"https:\\\/\\\/diarioellabrador.cl\\\/wp-content\\\/uploads\\\/2025\\\/02\\\/cropped-Logo-Icono.png\",\"width\":512,\"height\":512,\"caption\":\"Diario El Labrador\"},\"image\":{\"@id\":\"https:\\\/\\\/diarioellabrador.cl\\\/#\\\/schema\\\/logo\\\/image\\\/\"},\"sameAs\":[\"https:\\\/\\\/web.facebook.com\\\/profile.php?id=61576120840621\",\"https:\\\/\\\/x.com\\\/ElLabradorOf\",\"https:\\\/\\\/www.instagram.com\\\/diarioellabradoroficial\\\/\"]},{\"@type\":\"Person\",\"@id\":\"https:\\\/\\\/diarioellabrador.cl\\\/#\\\/schema\\\/person\\\/bc25ff80b4563f9c7f4bd7855df01685\",\"name\":\"Editor\",\"image\":{\"@type\":\"ImageObject\",\"inLanguage\":\"es\",\"@id\":\"https:\\\/\\\/secure.gravatar.com\\\/avatar\\\/109c326cf2be5c04f048c2c2a2b8b6ef44bf3d8d1d3d4c55d0ac40c4bc994684?s=96&d=mm&r=g\",\"url\":\"https:\\\/\\\/secure.gravatar.com\\\/avatar\\\/109c326cf2be5c04f048c2c2a2b8b6ef44bf3d8d1d3d4c55d0ac40c4bc994684?s=96&d=mm&r=g\",\"contentUrl\":\"https:\\\/\\\/secure.gravatar.com\\\/avatar\\\/109c326cf2be5c04f048c2c2a2b8b6ef44bf3d8d1d3d4c55d0ac40c4bc994684?s=96&d=mm&r=g\",\"caption\":\"Editor\"},\"url\":\"https:\\\/\\\/diarioellabrador.cl\\\/index.php\\\/author\\\/editor\\\/\"}]}<\/script>\n<!-- \/ Yoast SEO plugin. -->","yoast_head_json":{"title":"Inician atenciones de salud y orientaci\u00f3n migratoria en la Catedral de Melipilla - Diario El Labrador","robots":{"index":"index","follow":"follow","max-snippet":"max-snippet:-1","max-image-preview":"max-image-preview:large","max-video-preview":"max-video-preview:-1"},"canonical":"https:\/\/diarioellabrador.cl\/index.php\/2026\/03\/14\/inician-atenciones-de-salud-y-orientacion-migratoria-en-la-catedral-de-melipilla\/","og_locale":"es_ES","og_type":"article","og_title":"Inician atenciones de salud y orientaci\u00f3n migratoria en la Catedral de Melipilla - Diario El Labrador","og_description":"Con el objetivo de acercar servicios de salud y orientaci\u00f3n a la comunidad migrante, el pasado 05 de marzo&nbsp;comenzaron oficialmente las atenciones en la&nbsp;Catedral San Jos\u00e9 de Melipilla, instancia que re\u00fane a diversas instituciones y organizaciones que trabajan en apoyo a quienes llegan a la provincia. La iniciativa es impulsada por el programa PRAPS Migrantes Leer m\u00e1s","og_url":"https:\/\/diarioellabrador.cl\/index.php\/2026\/03\/14\/inician-atenciones-de-salud-y-orientacion-migratoria-en-la-catedral-de-melipilla\/","og_site_name":"Diario El Labrador","article_publisher":"https:\/\/web.facebook.com\/profile.php?id=61576120840621","article_published_time":"2026-03-14T22:20:00+00:00","og_image":[{"width":1290,"height":1502,"url":"https:\/\/diarioellabrador.cl\/wp-content\/uploads\/2026\/03\/Inician-atenciones-de-salud-y-orientacion-migratoria-en-la-Catedral-de-Melipilla.jpeg","type":"image\/jpeg"}],"author":"Editor","twitter_card":"summary_large_image","twitter_creator":"@ElLabradorOf","twitter_site":"@ElLabradorOf","twitter_misc":{"Escrito por":"Editor","Tiempo de lectura":"2 minutos"},"schema":{"@context":"https:\/\/schema.org","@graph":[{"@type":"Article","@id":"https:\/\/diarioellabrador.cl\/index.php\/2026\/03\/14\/inician-atenciones-de-salud-y-orientacion-migratoria-en-la-catedral-de-melipilla\/#article","isPartOf":{"@id":"https:\/\/diarioellabrador.cl\/index.php\/2026\/03\/14\/inician-atenciones-de-salud-y-orientacion-migratoria-en-la-catedral-de-melipilla\/"},"author":{"name":"Editor","@id":"https:\/\/diarioellabrador.cl\/#\/schema\/person\/bc25ff80b4563f9c7f4bd7855df01685"},"headline":"Inician atenciones de salud y orientaci\u00f3n migratoria en la Catedral de Melipilla","datePublished":"2026-03-14T22:20:00+00:00","mainEntityOfPage":{"@id":"https:\/\/diarioellabrador.cl\/index.php\/2026\/03\/14\/inician-atenciones-de-salud-y-orientacion-migratoria-en-la-catedral-de-melipilla\/"},"wordCount":328,"commentCount":0,"publisher":{"@id":"https:\/\/diarioellabrador.cl\/#organization"},"image":{"@id":"https:\/\/diarioellabrador.cl\/index.php\/2026\/03\/14\/inician-atenciones-de-salud-y-orientacion-migratoria-en-la-catedral-de-melipilla\/#primaryimage"},"thumbnailUrl":"https:\/\/diarioellabrador.cl\/wp-content\/uploads\/2026\/03\/Inician-atenciones-de-salud-y-orientacion-migratoria-en-la-Catedral-de-Melipilla.jpeg","articleSection":["Cr\u00f3nica"],"inLanguage":"es","potentialAction":[{"@type":"CommentAction","name":"Comment","target":["https:\/\/diarioellabrador.cl\/index.php\/2026\/03\/14\/inician-atenciones-de-salud-y-orientacion-migratoria-en-la-catedral-de-melipilla\/#respond"]}]},{"@type":"WebPage","@id":"https:\/\/diarioellabrador.cl\/index.php\/2026\/03\/14\/inician-atenciones-de-salud-y-orientacion-migratoria-en-la-catedral-de-melipilla\/","url":"https:\/\/diarioellabrador.cl\/index.php\/2026\/03\/14\/inician-atenciones-de-salud-y-orientacion-migratoria-en-la-catedral-de-melipilla\/","name":"Inician atenciones de salud y orientaci\u00f3n migratoria en la Catedral de Melipilla - Diario El Labrador","isPartOf":{"@id":"https:\/\/diarioellabrador.cl\/#website"},"primaryImageOfPage":{"@id":"https:\/\/diarioellabrador.cl\/index.php\/2026\/03\/14\/inician-atenciones-de-salud-y-orientacion-migratoria-en-la-catedral-de-melipilla\/#primaryimage"},"image":{"@id":"https:\/\/diarioellabrador.cl\/index.php\/2026\/03\/14\/inician-atenciones-de-salud-y-orientacion-migratoria-en-la-catedral-de-melipilla\/#primaryimage"},"thumbnailUrl":"https:\/\/diarioellabrador.cl\/wp-content\/uploads\/2026\/03\/Inician-atenciones-de-salud-y-orientacion-migratoria-en-la-Catedral-de-Melipilla.jpeg","datePublished":"2026-03-14T22:20:00+00:00","breadcrumb":{"@id":"https:\/\/diarioellabrador.cl\/index.php\/2026\/03\/14\/inician-atenciones-de-salud-y-orientacion-migratoria-en-la-catedral-de-melipilla\/#breadcrumb"},"inLanguage":"es","potentialAction":[{"@type":"ReadAction","target":["https:\/\/diarioellabrador.cl\/index.php\/2026\/03\/14\/inician-atenciones-de-salud-y-orientacion-migratoria-en-la-catedral-de-melipilla\/"]}]},{"@type":"ImageObject","inLanguage":"es","@id":"https:\/\/diarioellabrador.cl\/index.php\/2026\/03\/14\/inician-atenciones-de-salud-y-orientacion-migratoria-en-la-catedral-de-melipilla\/#primaryimage","url":"https:\/\/diarioellabrador.cl\/wp-content\/uploads\/2026\/03\/Inician-atenciones-de-salud-y-orientacion-migratoria-en-la-Catedral-de-Melipilla.jpeg","contentUrl":"https:\/\/diarioellabrador.cl\/wp-content\/uploads\/2026\/03\/Inician-atenciones-de-salud-y-orientacion-migratoria-en-la-Catedral-de-Melipilla.jpeg","width":1290,"height":1502,"caption":"Screenshot"},{"@type":"BreadcrumbList","@id":"https:\/\/diarioellabrador.cl\/index.php\/2026\/03\/14\/inician-atenciones-de-salud-y-orientacion-migratoria-en-la-catedral-de-melipilla\/#breadcrumb","itemListElement":[{"@type":"ListItem","position":1,"name":"Portada","item":"https:\/\/diarioellabrador.cl\/"},{"@type":"ListItem","position":2,"name":"Inician atenciones de salud y orientaci\u00f3n migratoria en la Catedral de Melipilla"}]},{"@type":"WebSite","@id":"https:\/\/diarioellabrador.cl\/#website","url":"https:\/\/diarioellabrador.cl\/","name":"Diario El Labrador","description":"Haciendo noticia desde 1921","publisher":{"@id":"https:\/\/diarioellabrador.cl\/#organization"},"potentialAction":[{"@type":"SearchAction","target":{"@type":"EntryPoint","urlTemplate":"https:\/\/diarioellabrador.cl\/?s={search_term_string}"},"query-input":{"@type":"PropertyValueSpecification","valueRequired":true,"valueName":"search_term_string"}}],"inLanguage":"es"},{"@type":"Organization","@id":"https:\/\/diarioellabrador.cl\/#organization","name":"Diario El Labrador","url":"https:\/\/diarioellabrador.cl\/","logo":{"@type":"ImageObject","inLanguage":"es","@id":"https:\/\/diarioellabrador.cl\/#\/schema\/logo\/image\/","url":"https:\/\/diarioellabrador.cl\/wp-content\/uploads\/2025\/02\/cropped-Logo-Icono.png","contentUrl":"https:\/\/diarioellabrador.cl\/wp-content\/uploads\/2025\/02\/cropped-Logo-Icono.png","width":512,"height":512,"caption":"Diario El Labrador"},"image":{"@id":"https:\/\/diarioellabrador.cl\/#\/schema\/logo\/image\/"},"sameAs":["https:\/\/web.facebook.com\/profile.php?id=61576120840621","https:\/\/x.com\/ElLabradorOf","https:\/\/www.instagram.com\/diarioellabradoroficial\/"]},{"@type":"Person","@id":"https:\/\/diarioellabrador.cl\/#\/schema\/person\/bc25ff80b4563f9c7f4bd7855df01685","name":"Editor","image":{"@type":"ImageObject","inLanguage":"es","@id":"https:\/\/secure.gravatar.com\/avatar\/109c326cf2be5c04f048c2c2a2b8b6ef44bf3d8d1d3d4c55d0ac40c4bc994684?s=96&d=mm&r=g","url":"https:\/\/secure.gravatar.com\/avatar\/109c326cf2be5c04f048c2c2a2b8b6ef44bf3d8d1d3d4c55d0ac40c4bc994684?s=96&d=mm&r=g","contentUrl":"https:\/\/secure.gravatar.com\/avatar\/109c326cf2be5c04f048c2c2a2b8b6ef44bf3d8d1d3d4c55d0ac40c4bc994684?s=96&d=mm&r=g","caption":"Editor"},"url":"https:\/\/diarioellabrador.cl\/index.php\/author\/editor\/"}]}},"_links":{"self":[{"href":"https:\/\/diarioellabrador.cl\/index.php\/wp-json\/wp\/v2\/posts\/16575","targetHints":{"allow":["GET"]}}],"collection":[{"href":"https:\/\/diarioellabrador.cl\/index.php\/wp-json\/wp\/v2\/posts"}],"about":[{"href":"https:\/\/diarioellabrador.cl\/index.php\/wp-json\/wp\/v2\/types\/post"}],"author":[{"embeddable":true,"href":"https:\/\/diarioellabrador.cl\/index.php\/wp-json\/wp\/v2\/users\/2"}],"replies":[{"embeddable":true,"href":"https:\/\/diarioellabrador.cl\/index.php\/wp-json\/wp\/v2\/comments?post=16575"}],"version-history":[{"count":1,"href":"https:\/\/diarioellabrador.cl\/index.php\/wp-json\/wp\/v2\/posts\/16575\/revisions"}],"predecessor-version":[{"id":16576,"href":"https:\/\/diarioellabrador.cl\/index.php\/wp-json\/wp\/v2\/posts\/16575\/revisions\/16576"}],"wp:featuredmedia":[{"embeddable":true,"href":"https:\/\/diarioellabrador.cl\/index.php\/wp-json\/wp\/v2\/media\/16540"}],"wp:attachment":[{"href":"https:\/\/diarioellabrador.cl\/index.php\/wp-json\/wp\/v2\/media?parent=16575"}],"wp:term":[{"taxonomy":"category","embeddable":true,"href":"https:\/\/diarioellabrador.cl\/index.php\/wp-json\/wp\/v2\/categories?post=16575"},{"taxonomy":"post_tag","embeddable":true,"href":"https:\/\/diarioellabrador.cl\/index.php\/wp-json\/wp\/v2\/tags?post=16575"}],"curies":[{"name":"wp","href":"https:\/\/api.w.org\/{rel}","templated":true}]}}