{"id":16567,"date":"2026-03-14T18:15:00","date_gmt":"2026-03-14T22:15:00","guid":{"rendered":"https:\/\/diarioellabrador.cl\/?p=16567"},"modified":"2026-03-14T16:16:12","modified_gmt":"2026-03-14T20:16:12","slug":"logran-la-detencion-de-un-individuo-que-mantenia-orden-de-detencion-por-el-delito-de-homicidio","status":"publish","type":"post","link":"https:\/\/diarioellabrador.cl\/index.php\/2026\/03\/14\/logran-la-detencion-de-un-individuo-que-mantenia-orden-de-detencion-por-el-delito-de-homicidio\/","title":{"rendered":"Logran la detenci\u00f3n de un individuo que manten\u00eda orden de detenci\u00f3n por el delito de homicidio"},"content":{"rendered":"\n<p>Un hombre de 30 a\u00f1os fue detenido por personal de la Secci\u00f3n de Investigaci\u00f3n Policial de la 63\u00aa Comisar\u00eda de Carabineros de Curacav\u00ed, tras mantener una orden de aprehensi\u00f3n vigente por el delito de homicidio.<\/p>\n\n\n\n<p>Los efectivos policiales realizaban diversos patrullajes preventivos donde procedieron a efectuar un control de identidad investigativo logrando la detenci\u00f3n del individuo identificado con las iniciales B.G.A. de nacionalidad chilena, quien fue interceptado en plena v\u00eda p\u00fablica.<\/p>\n\n\n\n<p>De acuerdo con los antecedentes que registra el sistema comprobaron que el sujeto manten\u00eda una orden de aprehensi\u00f3n vigente por el delito de homicidio, con fecha 27 de enero de 2025, emanada por el Juzgado de Garant\u00eda de Curacav\u00ed.<\/p>\n\n\n\n<p>El detenido registra un amplio prontuario policial donde figuran 19 detenciones por diversos delitos, entre ellos robo por sorpresa, robo con violencia, robo en lugar habitado, maltrato de obra a Carabineros, violaci\u00f3n de morada, porte de arma blanca, hurto, lesiones graves y maltrato habitual en contexto de violencia intrafamiliar.<\/p>\n","protected":false},"excerpt":{"rendered":"<p>Un hombre de 30 a\u00f1os fue detenido por personal de la Secci\u00f3n de Investigaci\u00f3n Policial de la 63\u00aa Comisar\u00eda de Carabineros de Curacav\u00ed, tras mantener una orden de aprehensi\u00f3n vigente por el delito de homicidio. Los efectivos policiales realizaban diversos patrullajes preventivos donde procedieron a efectuar un control de identidad investigativo logrando la detenci\u00f3n del<\/p>\n<div class=\"read-more-wrapper\"><a class=\"read-more\" href=\"https:\/\/diarioellabrador.cl\/index.php\/2026\/03\/14\/logran-la-detencion-de-un-individuo-que-mantenia-orden-de-detencion-por-el-delito-de-homicidio\/\" title=\"Leer m\u00e1s\"> <span class=\"button \">Leer m\u00e1s<\/span><\/a><\/div>\n","protected":false},"author":2,"featured_media":16525,"comment_status":"open","ping_status":"open","sticky":false,"template":"","format":"standard","meta":{"footnotes":""},"categories":[3],"tags":[],"class_list":["post-16567","post","type-post","status-publish","format-standard","has-post-thumbnail","hentry","category-policial"],"yoast_head":"<!-- This site is optimized with the Yoast SEO plugin v27.5 - https:\/\/yoast.com\/product\/yoast-seo-wordpress\/ -->\n<title>Logran la detenci\u00f3n de un individuo que manten\u00eda orden de detenci\u00f3n por el delito de homicidio - Diario El Labrador<\/title>\n<meta name=\"robots\" content=\"index, follow, max-snippet:-1, max-image-preview:large, max-video-preview:-1\" \/>\n<link rel=\"canonical\" href=\"https:\/\/diarioellabrador.cl\/index.php\/2026\/03\/14\/logran-la-detencion-de-un-individuo-que-mantenia-orden-de-detencion-por-el-delito-de-homicidio\/\" \/>\n<meta property=\"og:locale\" content=\"es_ES\" \/>\n<meta property=\"og:type\" content=\"article\" \/>\n<meta property=\"og:title\" content=\"Logran la detenci\u00f3n de un individuo que manten\u00eda orden de detenci\u00f3n por el delito de homicidio - Diario El Labrador\" \/>\n<meta property=\"og:description\" content=\"Un hombre de 30 a\u00f1os fue detenido por personal de la Secci\u00f3n de Investigaci\u00f3n Policial de la 63\u00aa Comisar\u00eda de Carabineros de Curacav\u00ed, tras mantener una orden de aprehensi\u00f3n vigente por el delito de homicidio. Los efectivos policiales realizaban diversos patrullajes preventivos donde procedieron a efectuar un control de identidad investigativo logrando la detenci\u00f3n del Leer m\u00e1s\" \/>\n<meta property=\"og:url\" content=\"https:\/\/diarioellabrador.cl\/index.php\/2026\/03\/14\/logran-la-detencion-de-un-individuo-que-mantenia-orden-de-detencion-por-el-delito-de-homicidio\/\" \/>\n<meta property=\"og:site_name\" content=\"Diario El Labrador\" \/>\n<meta property=\"article:publisher\" content=\"https:\/\/web.facebook.com\/profile.php?id=61576120840621\" \/>\n<meta property=\"article:published_time\" content=\"2026-03-14T22:15:00+00:00\" \/>\n<meta property=\"og:image\" content=\"https:\/\/diarioellabrador.cl\/wp-content\/uploads\/2026\/03\/Logran-la-detencion-de-un-individuo-que-mantenia-orden-de-detencion-por-el-delito-de-homicidio.jpg\" \/>\n\t<meta property=\"og:image:width\" content=\"646\" \/>\n\t<meta property=\"og:image:height\" content=\"372\" \/>\n\t<meta property=\"og:image:type\" content=\"image\/jpeg\" \/>\n<meta name=\"author\" content=\"Editor\" \/>\n<meta name=\"twitter:card\" content=\"summary_large_image\" \/>\n<meta name=\"twitter:creator\" content=\"@ElLabradorOf\" \/>\n<meta name=\"twitter:site\" content=\"@ElLabradorOf\" \/>\n<meta name=\"twitter:label1\" content=\"Escrito por\" \/>\n\t<meta name=\"twitter:data1\" content=\"Editor\" \/>\n\t<meta name=\"twitter:label2\" content=\"Tiempo de lectura\" \/>\n\t<meta name=\"twitter:data2\" content=\"1 minuto\" \/>\n<script type=\"application\/ld+json\" class=\"yoast-schema-graph\">{\"@context\":\"https:\\\/\\\/schema.org\",\"@graph\":[{\"@type\":\"Article\",\"@id\":\"https:\\\/\\\/diarioellabrador.cl\\\/index.php\\\/2026\\\/03\\\/14\\\/logran-la-detencion-de-un-individuo-que-mantenia-orden-de-detencion-por-el-delito-de-homicidio\\\/#article\",\"isPartOf\":{\"@id\":\"https:\\\/\\\/diarioellabrador.cl\\\/index.php\\\/2026\\\/03\\\/14\\\/logran-la-detencion-de-un-individuo-que-mantenia-orden-de-detencion-por-el-delito-de-homicidio\\\/\"},\"author\":{\"name\":\"Editor\",\"@id\":\"https:\\\/\\\/diarioellabrador.cl\\\/#\\\/schema\\\/person\\\/bc25ff80b4563f9c7f4bd7855df01685\"},\"headline\":\"Logran la detenci\u00f3n de un individuo que manten\u00eda orden de detenci\u00f3n por el delito de homicidio\",\"datePublished\":\"2026-03-14T22:15:00+00:00\",\"mainEntityOfPage\":{\"@id\":\"https:\\\/\\\/diarioellabrador.cl\\\/index.php\\\/2026\\\/03\\\/14\\\/logran-la-detencion-de-un-individuo-que-mantenia-orden-de-detencion-por-el-delito-de-homicidio\\\/\"},\"wordCount\":187,\"commentCount\":0,\"publisher\":{\"@id\":\"https:\\\/\\\/diarioellabrador.cl\\\/#organization\"},\"image\":{\"@id\":\"https:\\\/\\\/diarioellabrador.cl\\\/index.php\\\/2026\\\/03\\\/14\\\/logran-la-detencion-de-un-individuo-que-mantenia-orden-de-detencion-por-el-delito-de-homicidio\\\/#primaryimage\"},\"thumbnailUrl\":\"https:\\\/\\\/diarioellabrador.cl\\\/wp-content\\\/uploads\\\/2026\\\/03\\\/Logran-la-detencion-de-un-individuo-que-mantenia-orden-de-detencion-por-el-delito-de-homicidio.jpg\",\"articleSection\":[\"Policial\"],\"inLanguage\":\"es\",\"potentialAction\":[{\"@type\":\"CommentAction\",\"name\":\"Comment\",\"target\":[\"https:\\\/\\\/diarioellabrador.cl\\\/index.php\\\/2026\\\/03\\\/14\\\/logran-la-detencion-de-un-individuo-que-mantenia-orden-de-detencion-por-el-delito-de-homicidio\\\/#respond\"]}]},{\"@type\":\"WebPage\",\"@id\":\"https:\\\/\\\/diarioellabrador.cl\\\/index.php\\\/2026\\\/03\\\/14\\\/logran-la-detencion-de-un-individuo-que-mantenia-orden-de-detencion-por-el-delito-de-homicidio\\\/\",\"url\":\"https:\\\/\\\/diarioellabrador.cl\\\/index.php\\\/2026\\\/03\\\/14\\\/logran-la-detencion-de-un-individuo-que-mantenia-orden-de-detencion-por-el-delito-de-homicidio\\\/\",\"name\":\"Logran la detenci\u00f3n de un individuo que manten\u00eda orden de detenci\u00f3n por el delito de homicidio - Diario El Labrador\",\"isPartOf\":{\"@id\":\"https:\\\/\\\/diarioellabrador.cl\\\/#website\"},\"primaryImageOfPage\":{\"@id\":\"https:\\\/\\\/diarioellabrador.cl\\\/index.php\\\/2026\\\/03\\\/14\\\/logran-la-detencion-de-un-individuo-que-mantenia-orden-de-detencion-por-el-delito-de-homicidio\\\/#primaryimage\"},\"image\":{\"@id\":\"https:\\\/\\\/diarioellabrador.cl\\\/index.php\\\/2026\\\/03\\\/14\\\/logran-la-detencion-de-un-individuo-que-mantenia-orden-de-detencion-por-el-delito-de-homicidio\\\/#primaryimage\"},\"thumbnailUrl\":\"https:\\\/\\\/diarioellabrador.cl\\\/wp-content\\\/uploads\\\/2026\\\/03\\\/Logran-la-detencion-de-un-individuo-que-mantenia-orden-de-detencion-por-el-delito-de-homicidio.jpg\",\"datePublished\":\"2026-03-14T22:15:00+00:00\",\"breadcrumb\":{\"@id\":\"https:\\\/\\\/diarioellabrador.cl\\\/index.php\\\/2026\\\/03\\\/14\\\/logran-la-detencion-de-un-individuo-que-mantenia-orden-de-detencion-por-el-delito-de-homicidio\\\/#breadcrumb\"},\"inLanguage\":\"es\",\"potentialAction\":[{\"@type\":\"ReadAction\",\"target\":[\"https:\\\/\\\/diarioellabrador.cl\\\/index.php\\\/2026\\\/03\\\/14\\\/logran-la-detencion-de-un-individuo-que-mantenia-orden-de-detencion-por-el-delito-de-homicidio\\\/\"]}]},{\"@type\":\"ImageObject\",\"inLanguage\":\"es\",\"@id\":\"https:\\\/\\\/diarioellabrador.cl\\\/index.php\\\/2026\\\/03\\\/14\\\/logran-la-detencion-de-un-individuo-que-mantenia-orden-de-detencion-por-el-delito-de-homicidio\\\/#primaryimage\",\"url\":\"https:\\\/\\\/diarioellabrador.cl\\\/wp-content\\\/uploads\\\/2026\\\/03\\\/Logran-la-detencion-de-un-individuo-que-mantenia-orden-de-detencion-por-el-delito-de-homicidio.jpg\",\"contentUrl\":\"https:\\\/\\\/diarioellabrador.cl\\\/wp-content\\\/uploads\\\/2026\\\/03\\\/Logran-la-detencion-de-un-individuo-que-mantenia-orden-de-detencion-por-el-delito-de-homicidio.jpg\",\"width\":646,\"height\":372},{\"@type\":\"BreadcrumbList\",\"@id\":\"https:\\\/\\\/diarioellabrador.cl\\\/index.php\\\/2026\\\/03\\\/14\\\/logran-la-detencion-de-un-individuo-que-mantenia-orden-de-detencion-por-el-delito-de-homicidio\\\/#breadcrumb\",\"itemListElement\":[{\"@type\":\"ListItem\",\"position\":1,\"name\":\"Portada\",\"item\":\"https:\\\/\\\/diarioellabrador.cl\\\/\"},{\"@type\":\"ListItem\",\"position\":2,\"name\":\"Logran la detenci\u00f3n de un individuo que manten\u00eda orden de detenci\u00f3n por el delito de homicidio\"}]},{\"@type\":\"WebSite\",\"@id\":\"https:\\\/\\\/diarioellabrador.cl\\\/#website\",\"url\":\"https:\\\/\\\/diarioellabrador.cl\\\/\",\"name\":\"Diario El Labrador\",\"description\":\"Haciendo noticia desde 1921\",\"publisher\":{\"@id\":\"https:\\\/\\\/diarioellabrador.cl\\\/#organization\"},\"potentialAction\":[{\"@type\":\"SearchAction\",\"target\":{\"@type\":\"EntryPoint\",\"urlTemplate\":\"https:\\\/\\\/diarioellabrador.cl\\\/?s={search_term_string}\"},\"query-input\":{\"@type\":\"PropertyValueSpecification\",\"valueRequired\":true,\"valueName\":\"search_term_string\"}}],\"inLanguage\":\"es\"},{\"@type\":\"Organization\",\"@id\":\"https:\\\/\\\/diarioellabrador.cl\\\/#organization\",\"name\":\"Diario El Labrador\",\"url\":\"https:\\\/\\\/diarioellabrador.cl\\\/\",\"logo\":{\"@type\":\"ImageObject\",\"inLanguage\":\"es\",\"@id\":\"https:\\\/\\\/diarioellabrador.cl\\\/#\\\/schema\\\/logo\\\/image\\\/\",\"url\":\"https:\\\/\\\/diarioellabrador.cl\\\/wp-content\\\/uploads\\\/2025\\\/02\\\/cropped-Logo-Icono.png\",\"contentUrl\":\"https:\\\/\\\/diarioellabrador.cl\\\/wp-content\\\/uploads\\\/2025\\\/02\\\/cropped-Logo-Icono.png\",\"width\":512,\"height\":512,\"caption\":\"Diario El Labrador\"},\"image\":{\"@id\":\"https:\\\/\\\/diarioellabrador.cl\\\/#\\\/schema\\\/logo\\\/image\\\/\"},\"sameAs\":[\"https:\\\/\\\/web.facebook.com\\\/profile.php?id=61576120840621\",\"https:\\\/\\\/x.com\\\/ElLabradorOf\",\"https:\\\/\\\/www.instagram.com\\\/diarioellabradoroficial\\\/\"]},{\"@type\":\"Person\",\"@id\":\"https:\\\/\\\/diarioellabrador.cl\\\/#\\\/schema\\\/person\\\/bc25ff80b4563f9c7f4bd7855df01685\",\"name\":\"Editor\",\"image\":{\"@type\":\"ImageObject\",\"inLanguage\":\"es\",\"@id\":\"https:\\\/\\\/secure.gravatar.com\\\/avatar\\\/109c326cf2be5c04f048c2c2a2b8b6ef44bf3d8d1d3d4c55d0ac40c4bc994684?s=96&d=mm&r=g\",\"url\":\"https:\\\/\\\/secure.gravatar.com\\\/avatar\\\/109c326cf2be5c04f048c2c2a2b8b6ef44bf3d8d1d3d4c55d0ac40c4bc994684?s=96&d=mm&r=g\",\"contentUrl\":\"https:\\\/\\\/secure.gravatar.com\\\/avatar\\\/109c326cf2be5c04f048c2c2a2b8b6ef44bf3d8d1d3d4c55d0ac40c4bc994684?s=96&d=mm&r=g\",\"caption\":\"Editor\"},\"url\":\"https:\\\/\\\/diarioellabrador.cl\\\/index.php\\\/author\\\/editor\\\/\"}]}<\/script>\n<!-- \/ Yoast SEO plugin. -->","yoast_head_json":{"title":"Logran la detenci\u00f3n de un individuo que manten\u00eda orden de detenci\u00f3n por el delito de homicidio - Diario El Labrador","robots":{"index":"index","follow":"follow","max-snippet":"max-snippet:-1","max-image-preview":"max-image-preview:large","max-video-preview":"max-video-preview:-1"},"canonical":"https:\/\/diarioellabrador.cl\/index.php\/2026\/03\/14\/logran-la-detencion-de-un-individuo-que-mantenia-orden-de-detencion-por-el-delito-de-homicidio\/","og_locale":"es_ES","og_type":"article","og_title":"Logran la detenci\u00f3n de un individuo que manten\u00eda orden de detenci\u00f3n por el delito de homicidio - Diario El Labrador","og_description":"Un hombre de 30 a\u00f1os fue detenido por personal de la Secci\u00f3n de Investigaci\u00f3n Policial de la 63\u00aa Comisar\u00eda de Carabineros de Curacav\u00ed, tras mantener una orden de aprehensi\u00f3n vigente por el delito de homicidio. Los efectivos policiales realizaban diversos patrullajes preventivos donde procedieron a efectuar un control de identidad investigativo logrando la detenci\u00f3n del Leer m\u00e1s","og_url":"https:\/\/diarioellabrador.cl\/index.php\/2026\/03\/14\/logran-la-detencion-de-un-individuo-que-mantenia-orden-de-detencion-por-el-delito-de-homicidio\/","og_site_name":"Diario El Labrador","article_publisher":"https:\/\/web.facebook.com\/profile.php?id=61576120840621","article_published_time":"2026-03-14T22:15:00+00:00","og_image":[{"width":646,"height":372,"url":"https:\/\/diarioellabrador.cl\/wp-content\/uploads\/2026\/03\/Logran-la-detencion-de-un-individuo-que-mantenia-orden-de-detencion-por-el-delito-de-homicidio.jpg","type":"image\/jpeg"}],"author":"Editor","twitter_card":"summary_large_image","twitter_creator":"@ElLabradorOf","twitter_site":"@ElLabradorOf","twitter_misc":{"Escrito por":"Editor","Tiempo de lectura":"1 minuto"},"schema":{"@context":"https:\/\/schema.org","@graph":[{"@type":"Article","@id":"https:\/\/diarioellabrador.cl\/index.php\/2026\/03\/14\/logran-la-detencion-de-un-individuo-que-mantenia-orden-de-detencion-por-el-delito-de-homicidio\/#article","isPartOf":{"@id":"https:\/\/diarioellabrador.cl\/index.php\/2026\/03\/14\/logran-la-detencion-de-un-individuo-que-mantenia-orden-de-detencion-por-el-delito-de-homicidio\/"},"author":{"name":"Editor","@id":"https:\/\/diarioellabrador.cl\/#\/schema\/person\/bc25ff80b4563f9c7f4bd7855df01685"},"headline":"Logran la detenci\u00f3n de un individuo que manten\u00eda orden de detenci\u00f3n por el delito de homicidio","datePublished":"2026-03-14T22:15:00+00:00","mainEntityOfPage":{"@id":"https:\/\/diarioellabrador.cl\/index.php\/2026\/03\/14\/logran-la-detencion-de-un-individuo-que-mantenia-orden-de-detencion-por-el-delito-de-homicidio\/"},"wordCount":187,"commentCount":0,"publisher":{"@id":"https:\/\/diarioellabrador.cl\/#organization"},"image":{"@id":"https:\/\/diarioellabrador.cl\/index.php\/2026\/03\/14\/logran-la-detencion-de-un-individuo-que-mantenia-orden-de-detencion-por-el-delito-de-homicidio\/#primaryimage"},"thumbnailUrl":"https:\/\/diarioellabrador.cl\/wp-content\/uploads\/2026\/03\/Logran-la-detencion-de-un-individuo-que-mantenia-orden-de-detencion-por-el-delito-de-homicidio.jpg","articleSection":["Policial"],"inLanguage":"es","potentialAction":[{"@type":"CommentAction","name":"Comment","target":["https:\/\/diarioellabrador.cl\/index.php\/2026\/03\/14\/logran-la-detencion-de-un-individuo-que-mantenia-orden-de-detencion-por-el-delito-de-homicidio\/#respond"]}]},{"@type":"WebPage","@id":"https:\/\/diarioellabrador.cl\/index.php\/2026\/03\/14\/logran-la-detencion-de-un-individuo-que-mantenia-orden-de-detencion-por-el-delito-de-homicidio\/","url":"https:\/\/diarioellabrador.cl\/index.php\/2026\/03\/14\/logran-la-detencion-de-un-individuo-que-mantenia-orden-de-detencion-por-el-delito-de-homicidio\/","name":"Logran la detenci\u00f3n de un individuo que manten\u00eda orden de detenci\u00f3n por el delito de homicidio - Diario El Labrador","isPartOf":{"@id":"https:\/\/diarioellabrador.cl\/#website"},"primaryImageOfPage":{"@id":"https:\/\/diarioellabrador.cl\/index.php\/2026\/03\/14\/logran-la-detencion-de-un-individuo-que-mantenia-orden-de-detencion-por-el-delito-de-homicidio\/#primaryimage"},"image":{"@id":"https:\/\/diarioellabrador.cl\/index.php\/2026\/03\/14\/logran-la-detencion-de-un-individuo-que-mantenia-orden-de-detencion-por-el-delito-de-homicidio\/#primaryimage"},"thumbnailUrl":"https:\/\/diarioellabrador.cl\/wp-content\/uploads\/2026\/03\/Logran-la-detencion-de-un-individuo-que-mantenia-orden-de-detencion-por-el-delito-de-homicidio.jpg","datePublished":"2026-03-14T22:15:00+00:00","breadcrumb":{"@id":"https:\/\/diarioellabrador.cl\/index.php\/2026\/03\/14\/logran-la-detencion-de-un-individuo-que-mantenia-orden-de-detencion-por-el-delito-de-homicidio\/#breadcrumb"},"inLanguage":"es","potentialAction":[{"@type":"ReadAction","target":["https:\/\/diarioellabrador.cl\/index.php\/2026\/03\/14\/logran-la-detencion-de-un-individuo-que-mantenia-orden-de-detencion-por-el-delito-de-homicidio\/"]}]},{"@type":"ImageObject","inLanguage":"es","@id":"https:\/\/diarioellabrador.cl\/index.php\/2026\/03\/14\/logran-la-detencion-de-un-individuo-que-mantenia-orden-de-detencion-por-el-delito-de-homicidio\/#primaryimage","url":"https:\/\/diarioellabrador.cl\/wp-content\/uploads\/2026\/03\/Logran-la-detencion-de-un-individuo-que-mantenia-orden-de-detencion-por-el-delito-de-homicidio.jpg","contentUrl":"https:\/\/diarioellabrador.cl\/wp-content\/uploads\/2026\/03\/Logran-la-detencion-de-un-individuo-que-mantenia-orden-de-detencion-por-el-delito-de-homicidio.jpg","width":646,"height":372},{"@type":"BreadcrumbList","@id":"https:\/\/diarioellabrador.cl\/index.php\/2026\/03\/14\/logran-la-detencion-de-un-individuo-que-mantenia-orden-de-detencion-por-el-delito-de-homicidio\/#breadcrumb","itemListElement":[{"@type":"ListItem","position":1,"name":"Portada","item":"https:\/\/diarioellabrador.cl\/"},{"@type":"ListItem","position":2,"name":"Logran la detenci\u00f3n de un individuo que manten\u00eda orden de detenci\u00f3n por el delito de homicidio"}]},{"@type":"WebSite","@id":"https:\/\/diarioellabrador.cl\/#website","url":"https:\/\/diarioellabrador.cl\/","name":"Diario El Labrador","description":"Haciendo noticia desde 1921","publisher":{"@id":"https:\/\/diarioellabrador.cl\/#organization"},"potentialAction":[{"@type":"SearchAction","target":{"@type":"EntryPoint","urlTemplate":"https:\/\/diarioellabrador.cl\/?s={search_term_string}"},"query-input":{"@type":"PropertyValueSpecification","valueRequired":true,"valueName":"search_term_string"}}],"inLanguage":"es"},{"@type":"Organization","@id":"https:\/\/diarioellabrador.cl\/#organization","name":"Diario El Labrador","url":"https:\/\/diarioellabrador.cl\/","logo":{"@type":"ImageObject","inLanguage":"es","@id":"https:\/\/diarioellabrador.cl\/#\/schema\/logo\/image\/","url":"https:\/\/diarioellabrador.cl\/wp-content\/uploads\/2025\/02\/cropped-Logo-Icono.png","contentUrl":"https:\/\/diarioellabrador.cl\/wp-content\/uploads\/2025\/02\/cropped-Logo-Icono.png","width":512,"height":512,"caption":"Diario El Labrador"},"image":{"@id":"https:\/\/diarioellabrador.cl\/#\/schema\/logo\/image\/"},"sameAs":["https:\/\/web.facebook.com\/profile.php?id=61576120840621","https:\/\/x.com\/ElLabradorOf","https:\/\/www.instagram.com\/diarioellabradoroficial\/"]},{"@type":"Person","@id":"https:\/\/diarioellabrador.cl\/#\/schema\/person\/bc25ff80b4563f9c7f4bd7855df01685","name":"Editor","image":{"@type":"ImageObject","inLanguage":"es","@id":"https:\/\/secure.gravatar.com\/avatar\/109c326cf2be5c04f048c2c2a2b8b6ef44bf3d8d1d3d4c55d0ac40c4bc994684?s=96&d=mm&r=g","url":"https:\/\/secure.gravatar.com\/avatar\/109c326cf2be5c04f048c2c2a2b8b6ef44bf3d8d1d3d4c55d0ac40c4bc994684?s=96&d=mm&r=g","contentUrl":"https:\/\/secure.gravatar.com\/avatar\/109c326cf2be5c04f048c2c2a2b8b6ef44bf3d8d1d3d4c55d0ac40c4bc994684?s=96&d=mm&r=g","caption":"Editor"},"url":"https:\/\/diarioellabrador.cl\/index.php\/author\/editor\/"}]}},"_links":{"self":[{"href":"https:\/\/diarioellabrador.cl\/index.php\/wp-json\/wp\/v2\/posts\/16567","targetHints":{"allow":["GET"]}}],"collection":[{"href":"https:\/\/diarioellabrador.cl\/index.php\/wp-json\/wp\/v2\/posts"}],"about":[{"href":"https:\/\/diarioellabrador.cl\/index.php\/wp-json\/wp\/v2\/types\/post"}],"author":[{"embeddable":true,"href":"https:\/\/diarioellabrador.cl\/index.php\/wp-json\/wp\/v2\/users\/2"}],"replies":[{"embeddable":true,"href":"https:\/\/diarioellabrador.cl\/index.php\/wp-json\/wp\/v2\/comments?post=16567"}],"version-history":[{"count":1,"href":"https:\/\/diarioellabrador.cl\/index.php\/wp-json\/wp\/v2\/posts\/16567\/revisions"}],"predecessor-version":[{"id":16568,"href":"https:\/\/diarioellabrador.cl\/index.php\/wp-json\/wp\/v2\/posts\/16567\/revisions\/16568"}],"wp:featuredmedia":[{"embeddable":true,"href":"https:\/\/diarioellabrador.cl\/index.php\/wp-json\/wp\/v2\/media\/16525"}],"wp:attachment":[{"href":"https:\/\/diarioellabrador.cl\/index.php\/wp-json\/wp\/v2\/media?parent=16567"}],"wp:term":[{"taxonomy":"category","embeddable":true,"href":"https:\/\/diarioellabrador.cl\/index.php\/wp-json\/wp\/v2\/categories?post=16567"},{"taxonomy":"post_tag","embeddable":true,"href":"https:\/\/diarioellabrador.cl\/index.php\/wp-json\/wp\/v2\/tags?post=16567"}],"curies":[{"name":"wp","href":"https:\/\/api.w.org\/{rel}","templated":true}]}}