{"id":16565,"date":"2026-03-14T18:15:00","date_gmt":"2026-03-14T22:15:00","guid":{"rendered":"https:\/\/diarioellabrador.cl\/?p=16565"},"modified":"2026-03-14T16:15:41","modified_gmt":"2026-03-14T20:15:41","slug":"ciudadano-boliviano-sufrio-violento-robo-cuando-se-encontraba-en-el-sector-poniente","status":"publish","type":"post","link":"https:\/\/diarioellabrador.cl\/index.php\/2026\/03\/14\/ciudadano-boliviano-sufrio-violento-robo-cuando-se-encontraba-en-el-sector-poniente\/","title":{"rendered":"Ciudadano boliviano sufri\u00f3 violento robo cuando se encontraba en el sector poniente"},"content":{"rendered":"\n<p>Alrededor de las 6.45 horas de ayer s\u00e1bado, un hombre de 25 a\u00f1os de nacionalidad boliviana se encontraba en las inmediaciones de las calles Ren\u00e9 Vio Valdivieso con Merced, en esos instantes aparecieron tres sujetos portando arma blanca.<\/p>\n\n\n\n<p>Los antisociales en forma agresiva y sin mediar provocaci\u00f3n alguna procedieron a atacar a la v\u00edctima propin\u00e1ndole diversas lesiones en el cuerpo, los delincuentes aprovecharon el estado de vulnerabilidad para sustraer el tel\u00e9fono celular y billetera para luego salir huyendo.<\/p>\n\n\n\n<p>La v\u00edctima se dirigi\u00f3 hasta la unidad de carabineros para efectuar la denuncia por el robo con violencia donde presentaba sangrado activo en la cabeza y en sus manos, siendo trasladado hasta el servicio de urgencia del hospital para ser atendido de las diversas lesiones que presentaba.<\/p>\n\n\n\n<p><\/p>\n","protected":false},"excerpt":{"rendered":"<p>Alrededor de las 6.45 horas de ayer s\u00e1bado, un hombre de 25 a\u00f1os de nacionalidad boliviana se encontraba en las inmediaciones de las calles Ren\u00e9 Vio Valdivieso con Merced, en esos instantes aparecieron tres sujetos portando arma blanca. Los antisociales en forma agresiva y sin mediar provocaci\u00f3n alguna procedieron a atacar a la v\u00edctima propin\u00e1ndole<\/p>\n<div class=\"read-more-wrapper\"><a class=\"read-more\" href=\"https:\/\/diarioellabrador.cl\/index.php\/2026\/03\/14\/ciudadano-boliviano-sufrio-violento-robo-cuando-se-encontraba-en-el-sector-poniente\/\" title=\"Leer m\u00e1s\"> <span class=\"button \">Leer m\u00e1s<\/span><\/a><\/div>\n","protected":false},"author":2,"featured_media":16524,"comment_status":"open","ping_status":"open","sticky":false,"template":"","format":"standard","meta":{"footnotes":""},"categories":[3],"tags":[],"class_list":["post-16565","post","type-post","status-publish","format-standard","has-post-thumbnail","hentry","category-policial"],"yoast_head":"<!-- This site is optimized with the Yoast SEO plugin v27.5 - https:\/\/yoast.com\/product\/yoast-seo-wordpress\/ -->\n<title>Ciudadano boliviano sufri\u00f3 violento robo cuando se encontraba en el sector poniente - Diario El Labrador<\/title>\n<meta name=\"robots\" content=\"index, follow, max-snippet:-1, max-image-preview:large, max-video-preview:-1\" \/>\n<link rel=\"canonical\" href=\"https:\/\/diarioellabrador.cl\/index.php\/2026\/03\/14\/ciudadano-boliviano-sufrio-violento-robo-cuando-se-encontraba-en-el-sector-poniente\/\" \/>\n<meta property=\"og:locale\" content=\"es_ES\" \/>\n<meta property=\"og:type\" content=\"article\" \/>\n<meta property=\"og:title\" content=\"Ciudadano boliviano sufri\u00f3 violento robo cuando se encontraba en el sector poniente - Diario El Labrador\" \/>\n<meta property=\"og:description\" content=\"Alrededor de las 6.45 horas de ayer s\u00e1bado, un hombre de 25 a\u00f1os de nacionalidad boliviana se encontraba en las inmediaciones de las calles Ren\u00e9 Vio Valdivieso con Merced, en esos instantes aparecieron tres sujetos portando arma blanca. Los antisociales en forma agresiva y sin mediar provocaci\u00f3n alguna procedieron a atacar a la v\u00edctima propin\u00e1ndole Leer m\u00e1s\" \/>\n<meta property=\"og:url\" content=\"https:\/\/diarioellabrador.cl\/index.php\/2026\/03\/14\/ciudadano-boliviano-sufrio-violento-robo-cuando-se-encontraba-en-el-sector-poniente\/\" \/>\n<meta property=\"og:site_name\" content=\"Diario El Labrador\" \/>\n<meta property=\"article:publisher\" content=\"https:\/\/web.facebook.com\/profile.php?id=61576120840621\" \/>\n<meta property=\"article:published_time\" content=\"2026-03-14T22:15:00+00:00\" \/>\n<meta property=\"og:image\" content=\"https:\/\/diarioellabrador.cl\/wp-content\/uploads\/2026\/03\/Ciudadano-boliviano-sufrio-violento-robo-cuando-se-encontraba-en-el-sector-poniente.jpg\" \/>\n\t<meta property=\"og:image:width\" content=\"980\" \/>\n\t<meta property=\"og:image:height\" content=\"653\" \/>\n\t<meta property=\"og:image:type\" content=\"image\/jpeg\" \/>\n<meta name=\"author\" content=\"Editor\" \/>\n<meta name=\"twitter:card\" content=\"summary_large_image\" \/>\n<meta name=\"twitter:creator\" content=\"@ElLabradorOf\" \/>\n<meta name=\"twitter:site\" content=\"@ElLabradorOf\" \/>\n<meta name=\"twitter:label1\" content=\"Escrito por\" \/>\n\t<meta name=\"twitter:data1\" content=\"Editor\" \/>\n\t<meta name=\"twitter:label2\" content=\"Tiempo de lectura\" \/>\n\t<meta name=\"twitter:data2\" content=\"1 minuto\" \/>\n<script type=\"application\/ld+json\" class=\"yoast-schema-graph\">{\"@context\":\"https:\\\/\\\/schema.org\",\"@graph\":[{\"@type\":\"Article\",\"@id\":\"https:\\\/\\\/diarioellabrador.cl\\\/index.php\\\/2026\\\/03\\\/14\\\/ciudadano-boliviano-sufrio-violento-robo-cuando-se-encontraba-en-el-sector-poniente\\\/#article\",\"isPartOf\":{\"@id\":\"https:\\\/\\\/diarioellabrador.cl\\\/index.php\\\/2026\\\/03\\\/14\\\/ciudadano-boliviano-sufrio-violento-robo-cuando-se-encontraba-en-el-sector-poniente\\\/\"},\"author\":{\"name\":\"Editor\",\"@id\":\"https:\\\/\\\/diarioellabrador.cl\\\/#\\\/schema\\\/person\\\/bc25ff80b4563f9c7f4bd7855df01685\"},\"headline\":\"Ciudadano boliviano sufri\u00f3 violento robo cuando se encontraba en el sector poniente\",\"datePublished\":\"2026-03-14T22:15:00+00:00\",\"mainEntityOfPage\":{\"@id\":\"https:\\\/\\\/diarioellabrador.cl\\\/index.php\\\/2026\\\/03\\\/14\\\/ciudadano-boliviano-sufrio-violento-robo-cuando-se-encontraba-en-el-sector-poniente\\\/\"},\"wordCount\":142,\"commentCount\":0,\"publisher\":{\"@id\":\"https:\\\/\\\/diarioellabrador.cl\\\/#organization\"},\"image\":{\"@id\":\"https:\\\/\\\/diarioellabrador.cl\\\/index.php\\\/2026\\\/03\\\/14\\\/ciudadano-boliviano-sufrio-violento-robo-cuando-se-encontraba-en-el-sector-poniente\\\/#primaryimage\"},\"thumbnailUrl\":\"https:\\\/\\\/diarioellabrador.cl\\\/wp-content\\\/uploads\\\/2026\\\/03\\\/Ciudadano-boliviano-sufrio-violento-robo-cuando-se-encontraba-en-el-sector-poniente.jpg\",\"articleSection\":[\"Policial\"],\"inLanguage\":\"es\",\"potentialAction\":[{\"@type\":\"CommentAction\",\"name\":\"Comment\",\"target\":[\"https:\\\/\\\/diarioellabrador.cl\\\/index.php\\\/2026\\\/03\\\/14\\\/ciudadano-boliviano-sufrio-violento-robo-cuando-se-encontraba-en-el-sector-poniente\\\/#respond\"]}]},{\"@type\":\"WebPage\",\"@id\":\"https:\\\/\\\/diarioellabrador.cl\\\/index.php\\\/2026\\\/03\\\/14\\\/ciudadano-boliviano-sufrio-violento-robo-cuando-se-encontraba-en-el-sector-poniente\\\/\",\"url\":\"https:\\\/\\\/diarioellabrador.cl\\\/index.php\\\/2026\\\/03\\\/14\\\/ciudadano-boliviano-sufrio-violento-robo-cuando-se-encontraba-en-el-sector-poniente\\\/\",\"name\":\"Ciudadano boliviano sufri\u00f3 violento robo cuando se encontraba en el sector poniente - Diario El Labrador\",\"isPartOf\":{\"@id\":\"https:\\\/\\\/diarioellabrador.cl\\\/#website\"},\"primaryImageOfPage\":{\"@id\":\"https:\\\/\\\/diarioellabrador.cl\\\/index.php\\\/2026\\\/03\\\/14\\\/ciudadano-boliviano-sufrio-violento-robo-cuando-se-encontraba-en-el-sector-poniente\\\/#primaryimage\"},\"image\":{\"@id\":\"https:\\\/\\\/diarioellabrador.cl\\\/index.php\\\/2026\\\/03\\\/14\\\/ciudadano-boliviano-sufrio-violento-robo-cuando-se-encontraba-en-el-sector-poniente\\\/#primaryimage\"},\"thumbnailUrl\":\"https:\\\/\\\/diarioellabrador.cl\\\/wp-content\\\/uploads\\\/2026\\\/03\\\/Ciudadano-boliviano-sufrio-violento-robo-cuando-se-encontraba-en-el-sector-poniente.jpg\",\"datePublished\":\"2026-03-14T22:15:00+00:00\",\"breadcrumb\":{\"@id\":\"https:\\\/\\\/diarioellabrador.cl\\\/index.php\\\/2026\\\/03\\\/14\\\/ciudadano-boliviano-sufrio-violento-robo-cuando-se-encontraba-en-el-sector-poniente\\\/#breadcrumb\"},\"inLanguage\":\"es\",\"potentialAction\":[{\"@type\":\"ReadAction\",\"target\":[\"https:\\\/\\\/diarioellabrador.cl\\\/index.php\\\/2026\\\/03\\\/14\\\/ciudadano-boliviano-sufrio-violento-robo-cuando-se-encontraba-en-el-sector-poniente\\\/\"]}]},{\"@type\":\"ImageObject\",\"inLanguage\":\"es\",\"@id\":\"https:\\\/\\\/diarioellabrador.cl\\\/index.php\\\/2026\\\/03\\\/14\\\/ciudadano-boliviano-sufrio-violento-robo-cuando-se-encontraba-en-el-sector-poniente\\\/#primaryimage\",\"url\":\"https:\\\/\\\/diarioellabrador.cl\\\/wp-content\\\/uploads\\\/2026\\\/03\\\/Ciudadano-boliviano-sufrio-violento-robo-cuando-se-encontraba-en-el-sector-poniente.jpg\",\"contentUrl\":\"https:\\\/\\\/diarioellabrador.cl\\\/wp-content\\\/uploads\\\/2026\\\/03\\\/Ciudadano-boliviano-sufrio-violento-robo-cuando-se-encontraba-en-el-sector-poniente.jpg\",\"width\":980,\"height\":653},{\"@type\":\"BreadcrumbList\",\"@id\":\"https:\\\/\\\/diarioellabrador.cl\\\/index.php\\\/2026\\\/03\\\/14\\\/ciudadano-boliviano-sufrio-violento-robo-cuando-se-encontraba-en-el-sector-poniente\\\/#breadcrumb\",\"itemListElement\":[{\"@type\":\"ListItem\",\"position\":1,\"name\":\"Portada\",\"item\":\"https:\\\/\\\/diarioellabrador.cl\\\/\"},{\"@type\":\"ListItem\",\"position\":2,\"name\":\"Ciudadano boliviano sufri\u00f3 violento robo cuando se encontraba en el sector poniente\"}]},{\"@type\":\"WebSite\",\"@id\":\"https:\\\/\\\/diarioellabrador.cl\\\/#website\",\"url\":\"https:\\\/\\\/diarioellabrador.cl\\\/\",\"name\":\"Diario El Labrador\",\"description\":\"Haciendo noticia desde 1921\",\"publisher\":{\"@id\":\"https:\\\/\\\/diarioellabrador.cl\\\/#organization\"},\"potentialAction\":[{\"@type\":\"SearchAction\",\"target\":{\"@type\":\"EntryPoint\",\"urlTemplate\":\"https:\\\/\\\/diarioellabrador.cl\\\/?s={search_term_string}\"},\"query-input\":{\"@type\":\"PropertyValueSpecification\",\"valueRequired\":true,\"valueName\":\"search_term_string\"}}],\"inLanguage\":\"es\"},{\"@type\":\"Organization\",\"@id\":\"https:\\\/\\\/diarioellabrador.cl\\\/#organization\",\"name\":\"Diario El Labrador\",\"url\":\"https:\\\/\\\/diarioellabrador.cl\\\/\",\"logo\":{\"@type\":\"ImageObject\",\"inLanguage\":\"es\",\"@id\":\"https:\\\/\\\/diarioellabrador.cl\\\/#\\\/schema\\\/logo\\\/image\\\/\",\"url\":\"https:\\\/\\\/diarioellabrador.cl\\\/wp-content\\\/uploads\\\/2025\\\/02\\\/cropped-Logo-Icono.png\",\"contentUrl\":\"https:\\\/\\\/diarioellabrador.cl\\\/wp-content\\\/uploads\\\/2025\\\/02\\\/cropped-Logo-Icono.png\",\"width\":512,\"height\":512,\"caption\":\"Diario El Labrador\"},\"image\":{\"@id\":\"https:\\\/\\\/diarioellabrador.cl\\\/#\\\/schema\\\/logo\\\/image\\\/\"},\"sameAs\":[\"https:\\\/\\\/web.facebook.com\\\/profile.php?id=61576120840621\",\"https:\\\/\\\/x.com\\\/ElLabradorOf\",\"https:\\\/\\\/www.instagram.com\\\/diarioellabradoroficial\\\/\"]},{\"@type\":\"Person\",\"@id\":\"https:\\\/\\\/diarioellabrador.cl\\\/#\\\/schema\\\/person\\\/bc25ff80b4563f9c7f4bd7855df01685\",\"name\":\"Editor\",\"image\":{\"@type\":\"ImageObject\",\"inLanguage\":\"es\",\"@id\":\"https:\\\/\\\/secure.gravatar.com\\\/avatar\\\/109c326cf2be5c04f048c2c2a2b8b6ef44bf3d8d1d3d4c55d0ac40c4bc994684?s=96&d=mm&r=g\",\"url\":\"https:\\\/\\\/secure.gravatar.com\\\/avatar\\\/109c326cf2be5c04f048c2c2a2b8b6ef44bf3d8d1d3d4c55d0ac40c4bc994684?s=96&d=mm&r=g\",\"contentUrl\":\"https:\\\/\\\/secure.gravatar.com\\\/avatar\\\/109c326cf2be5c04f048c2c2a2b8b6ef44bf3d8d1d3d4c55d0ac40c4bc994684?s=96&d=mm&r=g\",\"caption\":\"Editor\"},\"url\":\"https:\\\/\\\/diarioellabrador.cl\\\/index.php\\\/author\\\/editor\\\/\"}]}<\/script>\n<!-- \/ Yoast SEO plugin. -->","yoast_head_json":{"title":"Ciudadano boliviano sufri\u00f3 violento robo cuando se encontraba en el sector poniente - Diario El Labrador","robots":{"index":"index","follow":"follow","max-snippet":"max-snippet:-1","max-image-preview":"max-image-preview:large","max-video-preview":"max-video-preview:-1"},"canonical":"https:\/\/diarioellabrador.cl\/index.php\/2026\/03\/14\/ciudadano-boliviano-sufrio-violento-robo-cuando-se-encontraba-en-el-sector-poniente\/","og_locale":"es_ES","og_type":"article","og_title":"Ciudadano boliviano sufri\u00f3 violento robo cuando se encontraba en el sector poniente - Diario El Labrador","og_description":"Alrededor de las 6.45 horas de ayer s\u00e1bado, un hombre de 25 a\u00f1os de nacionalidad boliviana se encontraba en las inmediaciones de las calles Ren\u00e9 Vio Valdivieso con Merced, en esos instantes aparecieron tres sujetos portando arma blanca. Los antisociales en forma agresiva y sin mediar provocaci\u00f3n alguna procedieron a atacar a la v\u00edctima propin\u00e1ndole Leer m\u00e1s","og_url":"https:\/\/diarioellabrador.cl\/index.php\/2026\/03\/14\/ciudadano-boliviano-sufrio-violento-robo-cuando-se-encontraba-en-el-sector-poniente\/","og_site_name":"Diario El Labrador","article_publisher":"https:\/\/web.facebook.com\/profile.php?id=61576120840621","article_published_time":"2026-03-14T22:15:00+00:00","og_image":[{"width":980,"height":653,"url":"https:\/\/diarioellabrador.cl\/wp-content\/uploads\/2026\/03\/Ciudadano-boliviano-sufrio-violento-robo-cuando-se-encontraba-en-el-sector-poniente.jpg","type":"image\/jpeg"}],"author":"Editor","twitter_card":"summary_large_image","twitter_creator":"@ElLabradorOf","twitter_site":"@ElLabradorOf","twitter_misc":{"Escrito por":"Editor","Tiempo de lectura":"1 minuto"},"schema":{"@context":"https:\/\/schema.org","@graph":[{"@type":"Article","@id":"https:\/\/diarioellabrador.cl\/index.php\/2026\/03\/14\/ciudadano-boliviano-sufrio-violento-robo-cuando-se-encontraba-en-el-sector-poniente\/#article","isPartOf":{"@id":"https:\/\/diarioellabrador.cl\/index.php\/2026\/03\/14\/ciudadano-boliviano-sufrio-violento-robo-cuando-se-encontraba-en-el-sector-poniente\/"},"author":{"name":"Editor","@id":"https:\/\/diarioellabrador.cl\/#\/schema\/person\/bc25ff80b4563f9c7f4bd7855df01685"},"headline":"Ciudadano boliviano sufri\u00f3 violento robo cuando se encontraba en el sector poniente","datePublished":"2026-03-14T22:15:00+00:00","mainEntityOfPage":{"@id":"https:\/\/diarioellabrador.cl\/index.php\/2026\/03\/14\/ciudadano-boliviano-sufrio-violento-robo-cuando-se-encontraba-en-el-sector-poniente\/"},"wordCount":142,"commentCount":0,"publisher":{"@id":"https:\/\/diarioellabrador.cl\/#organization"},"image":{"@id":"https:\/\/diarioellabrador.cl\/index.php\/2026\/03\/14\/ciudadano-boliviano-sufrio-violento-robo-cuando-se-encontraba-en-el-sector-poniente\/#primaryimage"},"thumbnailUrl":"https:\/\/diarioellabrador.cl\/wp-content\/uploads\/2026\/03\/Ciudadano-boliviano-sufrio-violento-robo-cuando-se-encontraba-en-el-sector-poniente.jpg","articleSection":["Policial"],"inLanguage":"es","potentialAction":[{"@type":"CommentAction","name":"Comment","target":["https:\/\/diarioellabrador.cl\/index.php\/2026\/03\/14\/ciudadano-boliviano-sufrio-violento-robo-cuando-se-encontraba-en-el-sector-poniente\/#respond"]}]},{"@type":"WebPage","@id":"https:\/\/diarioellabrador.cl\/index.php\/2026\/03\/14\/ciudadano-boliviano-sufrio-violento-robo-cuando-se-encontraba-en-el-sector-poniente\/","url":"https:\/\/diarioellabrador.cl\/index.php\/2026\/03\/14\/ciudadano-boliviano-sufrio-violento-robo-cuando-se-encontraba-en-el-sector-poniente\/","name":"Ciudadano boliviano sufri\u00f3 violento robo cuando se encontraba en el sector poniente - Diario El Labrador","isPartOf":{"@id":"https:\/\/diarioellabrador.cl\/#website"},"primaryImageOfPage":{"@id":"https:\/\/diarioellabrador.cl\/index.php\/2026\/03\/14\/ciudadano-boliviano-sufrio-violento-robo-cuando-se-encontraba-en-el-sector-poniente\/#primaryimage"},"image":{"@id":"https:\/\/diarioellabrador.cl\/index.php\/2026\/03\/14\/ciudadano-boliviano-sufrio-violento-robo-cuando-se-encontraba-en-el-sector-poniente\/#primaryimage"},"thumbnailUrl":"https:\/\/diarioellabrador.cl\/wp-content\/uploads\/2026\/03\/Ciudadano-boliviano-sufrio-violento-robo-cuando-se-encontraba-en-el-sector-poniente.jpg","datePublished":"2026-03-14T22:15:00+00:00","breadcrumb":{"@id":"https:\/\/diarioellabrador.cl\/index.php\/2026\/03\/14\/ciudadano-boliviano-sufrio-violento-robo-cuando-se-encontraba-en-el-sector-poniente\/#breadcrumb"},"inLanguage":"es","potentialAction":[{"@type":"ReadAction","target":["https:\/\/diarioellabrador.cl\/index.php\/2026\/03\/14\/ciudadano-boliviano-sufrio-violento-robo-cuando-se-encontraba-en-el-sector-poniente\/"]}]},{"@type":"ImageObject","inLanguage":"es","@id":"https:\/\/diarioellabrador.cl\/index.php\/2026\/03\/14\/ciudadano-boliviano-sufrio-violento-robo-cuando-se-encontraba-en-el-sector-poniente\/#primaryimage","url":"https:\/\/diarioellabrador.cl\/wp-content\/uploads\/2026\/03\/Ciudadano-boliviano-sufrio-violento-robo-cuando-se-encontraba-en-el-sector-poniente.jpg","contentUrl":"https:\/\/diarioellabrador.cl\/wp-content\/uploads\/2026\/03\/Ciudadano-boliviano-sufrio-violento-robo-cuando-se-encontraba-en-el-sector-poniente.jpg","width":980,"height":653},{"@type":"BreadcrumbList","@id":"https:\/\/diarioellabrador.cl\/index.php\/2026\/03\/14\/ciudadano-boliviano-sufrio-violento-robo-cuando-se-encontraba-en-el-sector-poniente\/#breadcrumb","itemListElement":[{"@type":"ListItem","position":1,"name":"Portada","item":"https:\/\/diarioellabrador.cl\/"},{"@type":"ListItem","position":2,"name":"Ciudadano boliviano sufri\u00f3 violento robo cuando se encontraba en el sector poniente"}]},{"@type":"WebSite","@id":"https:\/\/diarioellabrador.cl\/#website","url":"https:\/\/diarioellabrador.cl\/","name":"Diario El Labrador","description":"Haciendo noticia desde 1921","publisher":{"@id":"https:\/\/diarioellabrador.cl\/#organization"},"potentialAction":[{"@type":"SearchAction","target":{"@type":"EntryPoint","urlTemplate":"https:\/\/diarioellabrador.cl\/?s={search_term_string}"},"query-input":{"@type":"PropertyValueSpecification","valueRequired":true,"valueName":"search_term_string"}}],"inLanguage":"es"},{"@type":"Organization","@id":"https:\/\/diarioellabrador.cl\/#organization","name":"Diario El Labrador","url":"https:\/\/diarioellabrador.cl\/","logo":{"@type":"ImageObject","inLanguage":"es","@id":"https:\/\/diarioellabrador.cl\/#\/schema\/logo\/image\/","url":"https:\/\/diarioellabrador.cl\/wp-content\/uploads\/2025\/02\/cropped-Logo-Icono.png","contentUrl":"https:\/\/diarioellabrador.cl\/wp-content\/uploads\/2025\/02\/cropped-Logo-Icono.png","width":512,"height":512,"caption":"Diario El Labrador"},"image":{"@id":"https:\/\/diarioellabrador.cl\/#\/schema\/logo\/image\/"},"sameAs":["https:\/\/web.facebook.com\/profile.php?id=61576120840621","https:\/\/x.com\/ElLabradorOf","https:\/\/www.instagram.com\/diarioellabradoroficial\/"]},{"@type":"Person","@id":"https:\/\/diarioellabrador.cl\/#\/schema\/person\/bc25ff80b4563f9c7f4bd7855df01685","name":"Editor","image":{"@type":"ImageObject","inLanguage":"es","@id":"https:\/\/secure.gravatar.com\/avatar\/109c326cf2be5c04f048c2c2a2b8b6ef44bf3d8d1d3d4c55d0ac40c4bc994684?s=96&d=mm&r=g","url":"https:\/\/secure.gravatar.com\/avatar\/109c326cf2be5c04f048c2c2a2b8b6ef44bf3d8d1d3d4c55d0ac40c4bc994684?s=96&d=mm&r=g","contentUrl":"https:\/\/secure.gravatar.com\/avatar\/109c326cf2be5c04f048c2c2a2b8b6ef44bf3d8d1d3d4c55d0ac40c4bc994684?s=96&d=mm&r=g","caption":"Editor"},"url":"https:\/\/diarioellabrador.cl\/index.php\/author\/editor\/"}]}},"_links":{"self":[{"href":"https:\/\/diarioellabrador.cl\/index.php\/wp-json\/wp\/v2\/posts\/16565","targetHints":{"allow":["GET"]}}],"collection":[{"href":"https:\/\/diarioellabrador.cl\/index.php\/wp-json\/wp\/v2\/posts"}],"about":[{"href":"https:\/\/diarioellabrador.cl\/index.php\/wp-json\/wp\/v2\/types\/post"}],"author":[{"embeddable":true,"href":"https:\/\/diarioellabrador.cl\/index.php\/wp-json\/wp\/v2\/users\/2"}],"replies":[{"embeddable":true,"href":"https:\/\/diarioellabrador.cl\/index.php\/wp-json\/wp\/v2\/comments?post=16565"}],"version-history":[{"count":1,"href":"https:\/\/diarioellabrador.cl\/index.php\/wp-json\/wp\/v2\/posts\/16565\/revisions"}],"predecessor-version":[{"id":16566,"href":"https:\/\/diarioellabrador.cl\/index.php\/wp-json\/wp\/v2\/posts\/16565\/revisions\/16566"}],"wp:featuredmedia":[{"embeddable":true,"href":"https:\/\/diarioellabrador.cl\/index.php\/wp-json\/wp\/v2\/media\/16524"}],"wp:attachment":[{"href":"https:\/\/diarioellabrador.cl\/index.php\/wp-json\/wp\/v2\/media?parent=16565"}],"wp:term":[{"taxonomy":"category","embeddable":true,"href":"https:\/\/diarioellabrador.cl\/index.php\/wp-json\/wp\/v2\/categories?post=16565"},{"taxonomy":"post_tag","embeddable":true,"href":"https:\/\/diarioellabrador.cl\/index.php\/wp-json\/wp\/v2\/tags?post=16565"}],"curies":[{"name":"wp","href":"https:\/\/api.w.org\/{rel}","templated":true}]}}