{"id":16563,"date":"2026-03-14T18:14:00","date_gmt":"2026-03-14T22:14:00","guid":{"rendered":"https:\/\/diarioellabrador.cl\/?p=16563"},"modified":"2026-03-14T16:15:12","modified_gmt":"2026-03-14T20:15:12","slug":"600-dias-de-carcel-efectiva-para-sujeto-que-mantenia-marihuana-al-interior-de-un-termo","status":"publish","type":"post","link":"https:\/\/diarioellabrador.cl\/index.php\/2026\/03\/14\/600-dias-de-carcel-efectiva-para-sujeto-que-mantenia-marihuana-al-interior-de-un-termo\/","title":{"rendered":"600 d\u00edas de c\u00e1rcel efectiva para sujeto que manten\u00eda marihuana al interior de un termo"},"content":{"rendered":"\n<p>En el TOP de Melipilla se realiz\u00f3 la audiencia de juicio oral para imputado por el delito de microtr\u00e1fico.<\/p>\n\n\n\n<p>La Fiscal\u00eda detall\u00f3 que el d\u00eda 17 de marzo del a\u00f1o 2022, siendo aproximadamente las 18:55, mientras personal de Carabineros de Melipilla realizaba un patrullaje preventivo, por calle Caupolic\u00e1n con Las Acacias, esto en la comuna de Melipilla. En dicho lugar sorprendieron al acusado Juan A.V. manteniendo en su poder, dentro de un termo, la cantidad de 65 gramos de marihuana.<\/p>\n\n\n\n<p>En la audiencia el acusado declar\u00f3 se\u00f1alando que eso lo ten\u00eda porque es consumidor, eran hojas de marihuana que se encontr\u00f3 que las usaba para consumir, tomar \u201cag\u00fcitas\u201d algo as\u00ed. Ese d\u00eda lo fiscalizaron y ten\u00eda un termito donde llevaba puras hojas de marihuana; en ese tiempo viv\u00eda en Melipilla.<\/p>\n\n\n\n<p>El Tribunal dictamin\u00f3 que se condena a Juan A.V. a cumplir la pena de 600 d\u00edas de presidio menor en su grado medio, como autor de un delito consumado de tr\u00e1fico de peque\u00f1as cantidades de sustancias o drogas estupefacientes o psicotr\u00f3picas. Que, al no reunirse los requisitos previstos en la Ley, no se le sustituye la pena al acusado, debiendo cumplir efectivamente la pena privativa de libertad impuesta.<\/p>\n","protected":false},"excerpt":{"rendered":"<p>En el TOP de Melipilla se realiz\u00f3 la audiencia de juicio oral para imputado por el delito de microtr\u00e1fico. La Fiscal\u00eda detall\u00f3 que el d\u00eda 17 de marzo del a\u00f1o 2022, siendo aproximadamente las 18:55, mientras personal de Carabineros de Melipilla realizaba un patrullaje preventivo, por calle Caupolic\u00e1n con Las Acacias, esto en la comuna<\/p>\n<div class=\"read-more-wrapper\"><a class=\"read-more\" href=\"https:\/\/diarioellabrador.cl\/index.php\/2026\/03\/14\/600-dias-de-carcel-efectiva-para-sujeto-que-mantenia-marihuana-al-interior-de-un-termo\/\" title=\"Leer m\u00e1s\"> <span class=\"button \">Leer m\u00e1s<\/span><\/a><\/div>\n","protected":false},"author":2,"featured_media":16523,"comment_status":"open","ping_status":"open","sticky":false,"template":"","format":"standard","meta":{"footnotes":""},"categories":[3],"tags":[],"class_list":["post-16563","post","type-post","status-publish","format-standard","has-post-thumbnail","hentry","category-policial"],"yoast_head":"<!-- This site is optimized with the Yoast SEO plugin v27.5 - https:\/\/yoast.com\/product\/yoast-seo-wordpress\/ -->\n<title>600 d\u00edas de c\u00e1rcel efectiva para sujeto que manten\u00eda marihuana al interior de un termo - Diario El Labrador<\/title>\n<meta name=\"robots\" content=\"index, follow, max-snippet:-1, max-image-preview:large, max-video-preview:-1\" \/>\n<link rel=\"canonical\" href=\"https:\/\/diarioellabrador.cl\/index.php\/2026\/03\/14\/600-dias-de-carcel-efectiva-para-sujeto-que-mantenia-marihuana-al-interior-de-un-termo\/\" \/>\n<meta property=\"og:locale\" content=\"es_ES\" \/>\n<meta property=\"og:type\" content=\"article\" \/>\n<meta property=\"og:title\" content=\"600 d\u00edas de c\u00e1rcel efectiva para sujeto que manten\u00eda marihuana al interior de un termo - Diario El Labrador\" \/>\n<meta property=\"og:description\" content=\"En el TOP de Melipilla se realiz\u00f3 la audiencia de juicio oral para imputado por el delito de microtr\u00e1fico. La Fiscal\u00eda detall\u00f3 que el d\u00eda 17 de marzo del a\u00f1o 2022, siendo aproximadamente las 18:55, mientras personal de Carabineros de Melipilla realizaba un patrullaje preventivo, por calle Caupolic\u00e1n con Las Acacias, esto en la comuna Leer m\u00e1s\" \/>\n<meta property=\"og:url\" content=\"https:\/\/diarioellabrador.cl\/index.php\/2026\/03\/14\/600-dias-de-carcel-efectiva-para-sujeto-que-mantenia-marihuana-al-interior-de-un-termo\/\" \/>\n<meta property=\"og:site_name\" content=\"Diario El Labrador\" \/>\n<meta property=\"article:publisher\" content=\"https:\/\/web.facebook.com\/profile.php?id=61576120840621\" \/>\n<meta property=\"article:published_time\" content=\"2026-03-14T22:14:00+00:00\" \/>\n<meta property=\"og:image\" content=\"https:\/\/diarioellabrador.cl\/wp-content\/uploads\/2026\/03\/600-dias-de-carcel-efectiva-para-sujeto-que-mantenia-marihuana-al-interior-de-un-termo.jpg\" \/>\n\t<meta property=\"og:image:width\" content=\"822\" \/>\n\t<meta property=\"og:image:height\" content=\"675\" \/>\n\t<meta property=\"og:image:type\" content=\"image\/jpeg\" \/>\n<meta name=\"author\" content=\"Editor\" \/>\n<meta name=\"twitter:card\" content=\"summary_large_image\" \/>\n<meta name=\"twitter:creator\" content=\"@ElLabradorOf\" \/>\n<meta name=\"twitter:site\" content=\"@ElLabradorOf\" \/>\n<meta name=\"twitter:label1\" content=\"Escrito por\" \/>\n\t<meta name=\"twitter:data1\" content=\"Editor\" \/>\n\t<meta name=\"twitter:label2\" content=\"Tiempo de lectura\" \/>\n\t<meta name=\"twitter:data2\" content=\"2 minutos\" \/>\n<script type=\"application\/ld+json\" class=\"yoast-schema-graph\">{\"@context\":\"https:\\\/\\\/schema.org\",\"@graph\":[{\"@type\":\"Article\",\"@id\":\"https:\\\/\\\/diarioellabrador.cl\\\/index.php\\\/2026\\\/03\\\/14\\\/600-dias-de-carcel-efectiva-para-sujeto-que-mantenia-marihuana-al-interior-de-un-termo\\\/#article\",\"isPartOf\":{\"@id\":\"https:\\\/\\\/diarioellabrador.cl\\\/index.php\\\/2026\\\/03\\\/14\\\/600-dias-de-carcel-efectiva-para-sujeto-que-mantenia-marihuana-al-interior-de-un-termo\\\/\"},\"author\":{\"name\":\"Editor\",\"@id\":\"https:\\\/\\\/diarioellabrador.cl\\\/#\\\/schema\\\/person\\\/bc25ff80b4563f9c7f4bd7855df01685\"},\"headline\":\"600 d\u00edas de c\u00e1rcel efectiva para sujeto que manten\u00eda marihuana al interior de un termo\",\"datePublished\":\"2026-03-14T22:14:00+00:00\",\"mainEntityOfPage\":{\"@id\":\"https:\\\/\\\/diarioellabrador.cl\\\/index.php\\\/2026\\\/03\\\/14\\\/600-dias-de-carcel-efectiva-para-sujeto-que-mantenia-marihuana-al-interior-de-un-termo\\\/\"},\"wordCount\":227,\"commentCount\":0,\"publisher\":{\"@id\":\"https:\\\/\\\/diarioellabrador.cl\\\/#organization\"},\"image\":{\"@id\":\"https:\\\/\\\/diarioellabrador.cl\\\/index.php\\\/2026\\\/03\\\/14\\\/600-dias-de-carcel-efectiva-para-sujeto-que-mantenia-marihuana-al-interior-de-un-termo\\\/#primaryimage\"},\"thumbnailUrl\":\"https:\\\/\\\/diarioellabrador.cl\\\/wp-content\\\/uploads\\\/2026\\\/03\\\/600-dias-de-carcel-efectiva-para-sujeto-que-mantenia-marihuana-al-interior-de-un-termo.jpg\",\"articleSection\":[\"Policial\"],\"inLanguage\":\"es\",\"potentialAction\":[{\"@type\":\"CommentAction\",\"name\":\"Comment\",\"target\":[\"https:\\\/\\\/diarioellabrador.cl\\\/index.php\\\/2026\\\/03\\\/14\\\/600-dias-de-carcel-efectiva-para-sujeto-que-mantenia-marihuana-al-interior-de-un-termo\\\/#respond\"]}]},{\"@type\":\"WebPage\",\"@id\":\"https:\\\/\\\/diarioellabrador.cl\\\/index.php\\\/2026\\\/03\\\/14\\\/600-dias-de-carcel-efectiva-para-sujeto-que-mantenia-marihuana-al-interior-de-un-termo\\\/\",\"url\":\"https:\\\/\\\/diarioellabrador.cl\\\/index.php\\\/2026\\\/03\\\/14\\\/600-dias-de-carcel-efectiva-para-sujeto-que-mantenia-marihuana-al-interior-de-un-termo\\\/\",\"name\":\"600 d\u00edas de c\u00e1rcel efectiva para sujeto que manten\u00eda marihuana al interior de un termo - Diario El Labrador\",\"isPartOf\":{\"@id\":\"https:\\\/\\\/diarioellabrador.cl\\\/#website\"},\"primaryImageOfPage\":{\"@id\":\"https:\\\/\\\/diarioellabrador.cl\\\/index.php\\\/2026\\\/03\\\/14\\\/600-dias-de-carcel-efectiva-para-sujeto-que-mantenia-marihuana-al-interior-de-un-termo\\\/#primaryimage\"},\"image\":{\"@id\":\"https:\\\/\\\/diarioellabrador.cl\\\/index.php\\\/2026\\\/03\\\/14\\\/600-dias-de-carcel-efectiva-para-sujeto-que-mantenia-marihuana-al-interior-de-un-termo\\\/#primaryimage\"},\"thumbnailUrl\":\"https:\\\/\\\/diarioellabrador.cl\\\/wp-content\\\/uploads\\\/2026\\\/03\\\/600-dias-de-carcel-efectiva-para-sujeto-que-mantenia-marihuana-al-interior-de-un-termo.jpg\",\"datePublished\":\"2026-03-14T22:14:00+00:00\",\"breadcrumb\":{\"@id\":\"https:\\\/\\\/diarioellabrador.cl\\\/index.php\\\/2026\\\/03\\\/14\\\/600-dias-de-carcel-efectiva-para-sujeto-que-mantenia-marihuana-al-interior-de-un-termo\\\/#breadcrumb\"},\"inLanguage\":\"es\",\"potentialAction\":[{\"@type\":\"ReadAction\",\"target\":[\"https:\\\/\\\/diarioellabrador.cl\\\/index.php\\\/2026\\\/03\\\/14\\\/600-dias-de-carcel-efectiva-para-sujeto-que-mantenia-marihuana-al-interior-de-un-termo\\\/\"]}]},{\"@type\":\"ImageObject\",\"inLanguage\":\"es\",\"@id\":\"https:\\\/\\\/diarioellabrador.cl\\\/index.php\\\/2026\\\/03\\\/14\\\/600-dias-de-carcel-efectiva-para-sujeto-que-mantenia-marihuana-al-interior-de-un-termo\\\/#primaryimage\",\"url\":\"https:\\\/\\\/diarioellabrador.cl\\\/wp-content\\\/uploads\\\/2026\\\/03\\\/600-dias-de-carcel-efectiva-para-sujeto-que-mantenia-marihuana-al-interior-de-un-termo.jpg\",\"contentUrl\":\"https:\\\/\\\/diarioellabrador.cl\\\/wp-content\\\/uploads\\\/2026\\\/03\\\/600-dias-de-carcel-efectiva-para-sujeto-que-mantenia-marihuana-al-interior-de-un-termo.jpg\",\"width\":822,\"height\":675},{\"@type\":\"BreadcrumbList\",\"@id\":\"https:\\\/\\\/diarioellabrador.cl\\\/index.php\\\/2026\\\/03\\\/14\\\/600-dias-de-carcel-efectiva-para-sujeto-que-mantenia-marihuana-al-interior-de-un-termo\\\/#breadcrumb\",\"itemListElement\":[{\"@type\":\"ListItem\",\"position\":1,\"name\":\"Portada\",\"item\":\"https:\\\/\\\/diarioellabrador.cl\\\/\"},{\"@type\":\"ListItem\",\"position\":2,\"name\":\"600 d\u00edas de c\u00e1rcel efectiva para sujeto que manten\u00eda marihuana al interior de un termo\"}]},{\"@type\":\"WebSite\",\"@id\":\"https:\\\/\\\/diarioellabrador.cl\\\/#website\",\"url\":\"https:\\\/\\\/diarioellabrador.cl\\\/\",\"name\":\"Diario El Labrador\",\"description\":\"Haciendo noticia desde 1921\",\"publisher\":{\"@id\":\"https:\\\/\\\/diarioellabrador.cl\\\/#organization\"},\"potentialAction\":[{\"@type\":\"SearchAction\",\"target\":{\"@type\":\"EntryPoint\",\"urlTemplate\":\"https:\\\/\\\/diarioellabrador.cl\\\/?s={search_term_string}\"},\"query-input\":{\"@type\":\"PropertyValueSpecification\",\"valueRequired\":true,\"valueName\":\"search_term_string\"}}],\"inLanguage\":\"es\"},{\"@type\":\"Organization\",\"@id\":\"https:\\\/\\\/diarioellabrador.cl\\\/#organization\",\"name\":\"Diario El Labrador\",\"url\":\"https:\\\/\\\/diarioellabrador.cl\\\/\",\"logo\":{\"@type\":\"ImageObject\",\"inLanguage\":\"es\",\"@id\":\"https:\\\/\\\/diarioellabrador.cl\\\/#\\\/schema\\\/logo\\\/image\\\/\",\"url\":\"https:\\\/\\\/diarioellabrador.cl\\\/wp-content\\\/uploads\\\/2025\\\/02\\\/cropped-Logo-Icono.png\",\"contentUrl\":\"https:\\\/\\\/diarioellabrador.cl\\\/wp-content\\\/uploads\\\/2025\\\/02\\\/cropped-Logo-Icono.png\",\"width\":512,\"height\":512,\"caption\":\"Diario El Labrador\"},\"image\":{\"@id\":\"https:\\\/\\\/diarioellabrador.cl\\\/#\\\/schema\\\/logo\\\/image\\\/\"},\"sameAs\":[\"https:\\\/\\\/web.facebook.com\\\/profile.php?id=61576120840621\",\"https:\\\/\\\/x.com\\\/ElLabradorOf\",\"https:\\\/\\\/www.instagram.com\\\/diarioellabradoroficial\\\/\"]},{\"@type\":\"Person\",\"@id\":\"https:\\\/\\\/diarioellabrador.cl\\\/#\\\/schema\\\/person\\\/bc25ff80b4563f9c7f4bd7855df01685\",\"name\":\"Editor\",\"image\":{\"@type\":\"ImageObject\",\"inLanguage\":\"es\",\"@id\":\"https:\\\/\\\/secure.gravatar.com\\\/avatar\\\/109c326cf2be5c04f048c2c2a2b8b6ef44bf3d8d1d3d4c55d0ac40c4bc994684?s=96&d=mm&r=g\",\"url\":\"https:\\\/\\\/secure.gravatar.com\\\/avatar\\\/109c326cf2be5c04f048c2c2a2b8b6ef44bf3d8d1d3d4c55d0ac40c4bc994684?s=96&d=mm&r=g\",\"contentUrl\":\"https:\\\/\\\/secure.gravatar.com\\\/avatar\\\/109c326cf2be5c04f048c2c2a2b8b6ef44bf3d8d1d3d4c55d0ac40c4bc994684?s=96&d=mm&r=g\",\"caption\":\"Editor\"},\"url\":\"https:\\\/\\\/diarioellabrador.cl\\\/index.php\\\/author\\\/editor\\\/\"}]}<\/script>\n<!-- \/ Yoast SEO plugin. -->","yoast_head_json":{"title":"600 d\u00edas de c\u00e1rcel efectiva para sujeto que manten\u00eda marihuana al interior de un termo - Diario El Labrador","robots":{"index":"index","follow":"follow","max-snippet":"max-snippet:-1","max-image-preview":"max-image-preview:large","max-video-preview":"max-video-preview:-1"},"canonical":"https:\/\/diarioellabrador.cl\/index.php\/2026\/03\/14\/600-dias-de-carcel-efectiva-para-sujeto-que-mantenia-marihuana-al-interior-de-un-termo\/","og_locale":"es_ES","og_type":"article","og_title":"600 d\u00edas de c\u00e1rcel efectiva para sujeto que manten\u00eda marihuana al interior de un termo - Diario El Labrador","og_description":"En el TOP de Melipilla se realiz\u00f3 la audiencia de juicio oral para imputado por el delito de microtr\u00e1fico. La Fiscal\u00eda detall\u00f3 que el d\u00eda 17 de marzo del a\u00f1o 2022, siendo aproximadamente las 18:55, mientras personal de Carabineros de Melipilla realizaba un patrullaje preventivo, por calle Caupolic\u00e1n con Las Acacias, esto en la comuna Leer m\u00e1s","og_url":"https:\/\/diarioellabrador.cl\/index.php\/2026\/03\/14\/600-dias-de-carcel-efectiva-para-sujeto-que-mantenia-marihuana-al-interior-de-un-termo\/","og_site_name":"Diario El Labrador","article_publisher":"https:\/\/web.facebook.com\/profile.php?id=61576120840621","article_published_time":"2026-03-14T22:14:00+00:00","og_image":[{"width":822,"height":675,"url":"https:\/\/diarioellabrador.cl\/wp-content\/uploads\/2026\/03\/600-dias-de-carcel-efectiva-para-sujeto-que-mantenia-marihuana-al-interior-de-un-termo.jpg","type":"image\/jpeg"}],"author":"Editor","twitter_card":"summary_large_image","twitter_creator":"@ElLabradorOf","twitter_site":"@ElLabradorOf","twitter_misc":{"Escrito por":"Editor","Tiempo de lectura":"2 minutos"},"schema":{"@context":"https:\/\/schema.org","@graph":[{"@type":"Article","@id":"https:\/\/diarioellabrador.cl\/index.php\/2026\/03\/14\/600-dias-de-carcel-efectiva-para-sujeto-que-mantenia-marihuana-al-interior-de-un-termo\/#article","isPartOf":{"@id":"https:\/\/diarioellabrador.cl\/index.php\/2026\/03\/14\/600-dias-de-carcel-efectiva-para-sujeto-que-mantenia-marihuana-al-interior-de-un-termo\/"},"author":{"name":"Editor","@id":"https:\/\/diarioellabrador.cl\/#\/schema\/person\/bc25ff80b4563f9c7f4bd7855df01685"},"headline":"600 d\u00edas de c\u00e1rcel efectiva para sujeto que manten\u00eda marihuana al interior de un termo","datePublished":"2026-03-14T22:14:00+00:00","mainEntityOfPage":{"@id":"https:\/\/diarioellabrador.cl\/index.php\/2026\/03\/14\/600-dias-de-carcel-efectiva-para-sujeto-que-mantenia-marihuana-al-interior-de-un-termo\/"},"wordCount":227,"commentCount":0,"publisher":{"@id":"https:\/\/diarioellabrador.cl\/#organization"},"image":{"@id":"https:\/\/diarioellabrador.cl\/index.php\/2026\/03\/14\/600-dias-de-carcel-efectiva-para-sujeto-que-mantenia-marihuana-al-interior-de-un-termo\/#primaryimage"},"thumbnailUrl":"https:\/\/diarioellabrador.cl\/wp-content\/uploads\/2026\/03\/600-dias-de-carcel-efectiva-para-sujeto-que-mantenia-marihuana-al-interior-de-un-termo.jpg","articleSection":["Policial"],"inLanguage":"es","potentialAction":[{"@type":"CommentAction","name":"Comment","target":["https:\/\/diarioellabrador.cl\/index.php\/2026\/03\/14\/600-dias-de-carcel-efectiva-para-sujeto-que-mantenia-marihuana-al-interior-de-un-termo\/#respond"]}]},{"@type":"WebPage","@id":"https:\/\/diarioellabrador.cl\/index.php\/2026\/03\/14\/600-dias-de-carcel-efectiva-para-sujeto-que-mantenia-marihuana-al-interior-de-un-termo\/","url":"https:\/\/diarioellabrador.cl\/index.php\/2026\/03\/14\/600-dias-de-carcel-efectiva-para-sujeto-que-mantenia-marihuana-al-interior-de-un-termo\/","name":"600 d\u00edas de c\u00e1rcel efectiva para sujeto que manten\u00eda marihuana al interior de un termo - Diario El Labrador","isPartOf":{"@id":"https:\/\/diarioellabrador.cl\/#website"},"primaryImageOfPage":{"@id":"https:\/\/diarioellabrador.cl\/index.php\/2026\/03\/14\/600-dias-de-carcel-efectiva-para-sujeto-que-mantenia-marihuana-al-interior-de-un-termo\/#primaryimage"},"image":{"@id":"https:\/\/diarioellabrador.cl\/index.php\/2026\/03\/14\/600-dias-de-carcel-efectiva-para-sujeto-que-mantenia-marihuana-al-interior-de-un-termo\/#primaryimage"},"thumbnailUrl":"https:\/\/diarioellabrador.cl\/wp-content\/uploads\/2026\/03\/600-dias-de-carcel-efectiva-para-sujeto-que-mantenia-marihuana-al-interior-de-un-termo.jpg","datePublished":"2026-03-14T22:14:00+00:00","breadcrumb":{"@id":"https:\/\/diarioellabrador.cl\/index.php\/2026\/03\/14\/600-dias-de-carcel-efectiva-para-sujeto-que-mantenia-marihuana-al-interior-de-un-termo\/#breadcrumb"},"inLanguage":"es","potentialAction":[{"@type":"ReadAction","target":["https:\/\/diarioellabrador.cl\/index.php\/2026\/03\/14\/600-dias-de-carcel-efectiva-para-sujeto-que-mantenia-marihuana-al-interior-de-un-termo\/"]}]},{"@type":"ImageObject","inLanguage":"es","@id":"https:\/\/diarioellabrador.cl\/index.php\/2026\/03\/14\/600-dias-de-carcel-efectiva-para-sujeto-que-mantenia-marihuana-al-interior-de-un-termo\/#primaryimage","url":"https:\/\/diarioellabrador.cl\/wp-content\/uploads\/2026\/03\/600-dias-de-carcel-efectiva-para-sujeto-que-mantenia-marihuana-al-interior-de-un-termo.jpg","contentUrl":"https:\/\/diarioellabrador.cl\/wp-content\/uploads\/2026\/03\/600-dias-de-carcel-efectiva-para-sujeto-que-mantenia-marihuana-al-interior-de-un-termo.jpg","width":822,"height":675},{"@type":"BreadcrumbList","@id":"https:\/\/diarioellabrador.cl\/index.php\/2026\/03\/14\/600-dias-de-carcel-efectiva-para-sujeto-que-mantenia-marihuana-al-interior-de-un-termo\/#breadcrumb","itemListElement":[{"@type":"ListItem","position":1,"name":"Portada","item":"https:\/\/diarioellabrador.cl\/"},{"@type":"ListItem","position":2,"name":"600 d\u00edas de c\u00e1rcel efectiva para sujeto que manten\u00eda marihuana al interior de un termo"}]},{"@type":"WebSite","@id":"https:\/\/diarioellabrador.cl\/#website","url":"https:\/\/diarioellabrador.cl\/","name":"Diario El Labrador","description":"Haciendo noticia desde 1921","publisher":{"@id":"https:\/\/diarioellabrador.cl\/#organization"},"potentialAction":[{"@type":"SearchAction","target":{"@type":"EntryPoint","urlTemplate":"https:\/\/diarioellabrador.cl\/?s={search_term_string}"},"query-input":{"@type":"PropertyValueSpecification","valueRequired":true,"valueName":"search_term_string"}}],"inLanguage":"es"},{"@type":"Organization","@id":"https:\/\/diarioellabrador.cl\/#organization","name":"Diario El Labrador","url":"https:\/\/diarioellabrador.cl\/","logo":{"@type":"ImageObject","inLanguage":"es","@id":"https:\/\/diarioellabrador.cl\/#\/schema\/logo\/image\/","url":"https:\/\/diarioellabrador.cl\/wp-content\/uploads\/2025\/02\/cropped-Logo-Icono.png","contentUrl":"https:\/\/diarioellabrador.cl\/wp-content\/uploads\/2025\/02\/cropped-Logo-Icono.png","width":512,"height":512,"caption":"Diario El Labrador"},"image":{"@id":"https:\/\/diarioellabrador.cl\/#\/schema\/logo\/image\/"},"sameAs":["https:\/\/web.facebook.com\/profile.php?id=61576120840621","https:\/\/x.com\/ElLabradorOf","https:\/\/www.instagram.com\/diarioellabradoroficial\/"]},{"@type":"Person","@id":"https:\/\/diarioellabrador.cl\/#\/schema\/person\/bc25ff80b4563f9c7f4bd7855df01685","name":"Editor","image":{"@type":"ImageObject","inLanguage":"es","@id":"https:\/\/secure.gravatar.com\/avatar\/109c326cf2be5c04f048c2c2a2b8b6ef44bf3d8d1d3d4c55d0ac40c4bc994684?s=96&d=mm&r=g","url":"https:\/\/secure.gravatar.com\/avatar\/109c326cf2be5c04f048c2c2a2b8b6ef44bf3d8d1d3d4c55d0ac40c4bc994684?s=96&d=mm&r=g","contentUrl":"https:\/\/secure.gravatar.com\/avatar\/109c326cf2be5c04f048c2c2a2b8b6ef44bf3d8d1d3d4c55d0ac40c4bc994684?s=96&d=mm&r=g","caption":"Editor"},"url":"https:\/\/diarioellabrador.cl\/index.php\/author\/editor\/"}]}},"_links":{"self":[{"href":"https:\/\/diarioellabrador.cl\/index.php\/wp-json\/wp\/v2\/posts\/16563","targetHints":{"allow":["GET"]}}],"collection":[{"href":"https:\/\/diarioellabrador.cl\/index.php\/wp-json\/wp\/v2\/posts"}],"about":[{"href":"https:\/\/diarioellabrador.cl\/index.php\/wp-json\/wp\/v2\/types\/post"}],"author":[{"embeddable":true,"href":"https:\/\/diarioellabrador.cl\/index.php\/wp-json\/wp\/v2\/users\/2"}],"replies":[{"embeddable":true,"href":"https:\/\/diarioellabrador.cl\/index.php\/wp-json\/wp\/v2\/comments?post=16563"}],"version-history":[{"count":1,"href":"https:\/\/diarioellabrador.cl\/index.php\/wp-json\/wp\/v2\/posts\/16563\/revisions"}],"predecessor-version":[{"id":16564,"href":"https:\/\/diarioellabrador.cl\/index.php\/wp-json\/wp\/v2\/posts\/16563\/revisions\/16564"}],"wp:featuredmedia":[{"embeddable":true,"href":"https:\/\/diarioellabrador.cl\/index.php\/wp-json\/wp\/v2\/media\/16523"}],"wp:attachment":[{"href":"https:\/\/diarioellabrador.cl\/index.php\/wp-json\/wp\/v2\/media?parent=16563"}],"wp:term":[{"taxonomy":"category","embeddable":true,"href":"https:\/\/diarioellabrador.cl\/index.php\/wp-json\/wp\/v2\/categories?post=16563"},{"taxonomy":"post_tag","embeddable":true,"href":"https:\/\/diarioellabrador.cl\/index.php\/wp-json\/wp\/v2\/tags?post=16563"}],"curies":[{"name":"wp","href":"https:\/\/api.w.org\/{rel}","templated":true}]}}