{"id":16561,"date":"2026-03-14T18:14:00","date_gmt":"2026-03-14T22:14:00","guid":{"rendered":"https:\/\/diarioellabrador.cl\/?p=16561"},"modified":"2026-03-14T16:14:36","modified_gmt":"2026-03-14T20:14:36","slug":"luego-de-34-anos-deportes-melipilla-no-sera-parte-de-esta-temporada-del-futbol-chileno","status":"publish","type":"post","link":"https:\/\/diarioellabrador.cl\/index.php\/2026\/03\/14\/luego-de-34-anos-deportes-melipilla-no-sera-parte-de-esta-temporada-del-futbol-chileno\/","title":{"rendered":"Luego de 34 a\u00f1os: Deportes Melipilla no ser\u00e1 parte de esta temporada del futbol chileno"},"content":{"rendered":"\n<p>Por Johnny Ahumada Sep\u00falveda<\/p>\n\n\n\n<p>Horas decisivas se vivieron con el futuro de Deportes Melipilla, donde a trav\u00e9s de una reuni\u00f3n realizada en la sede de la Tercera Divisi\u00f3n en Santiago, Los Potros ten\u00edan horas para saldar sus deudas para volver a ser parte del campeonato.<\/p>\n\n\n\n<p>El plazo que hab\u00edan impuesto para Los Potros es a las 17:00 del mi\u00e9rcoles pasado para presentar a ANFA Tercera Divisi\u00f3n la documentaci\u00f3n requerida para ser parte del torneo chileno de 2026.<\/p>\n\n\n\n<p>El documento m\u00e1s importante que deb\u00eda presentar el equipo melipillano, el llamado certificado de No Deuda, de acuerdo con el certificado de descenso \u201cDeportes Melipilla SADP mantiene obligaciones laborales y provisionales pendientes para acreditar de conformidad con los antecedentes aportados al club y validados por la Unidad de Control Financieros. Es por eso, que la unidad antes referida dio cuenta de una deuda por concepto de finiquitos de $19.140.000\u201d.<\/p>\n\n\n\n<p>Recordemos que tambi\u00e9n mantiene deuda por no pago de multas de 100 unidades de fomento. Lo que equivale a $3.972.796 a valor del UF al 31 de diciembre de 2025.<\/p>\n\n\n\n<p>Es por eso del mi\u00e9rcoles pasado eran cruciales para el futuro de Deportes Melipilla, ya que reunir lo adeudado y acreditar pagos: Podr\u00e1n participar del torneo 2026 de Tercera Divisi\u00f3n A. De lo contrario, los potros no ir\u00e1n este a\u00f1o y tendr\u00e1n que esperar a final de a\u00f1o para postular a Tercera B el 2027.<\/p>\n\n\n\n<p>Es por eso que el plazo final para que Deportes Melipilla pagara sus deudas lleg\u00f3, y el club no pudo reunir los m\u00e1s de 20 millones de pesos necesarios para obtener el certificado de No Deuda que se deb\u00eda presentar ante la ANFA Tercera Divisi\u00f3n. Como bien sabemos, el plazo l\u00edmite era el mi\u00e9rcoles a las 17:00 horas, pero no fue posible liquidar finiquitos, multas y otras obligaciones.<\/p>\n\n\n\n<p>Es por esto que, en el sorteo de fixture de la tercera divisi\u00f3n realizado el mi\u00e9rcoles. Deportes Melipilla quedar\u00e1 afuera por primera vez en sus 34 a\u00f1os de historia: el club no<\/p>\n\n\n\n<p>ser\u00e1 parte de un campeonato oficial, marcando una de las crisis m\u00e1s grandes que ha vivido hasta ahora el equipo.<\/p>\n","protected":false},"excerpt":{"rendered":"<p>Por Johnny Ahumada Sep\u00falveda Horas decisivas se vivieron con el futuro de Deportes Melipilla, donde a trav\u00e9s de una reuni\u00f3n realizada en la sede de la Tercera Divisi\u00f3n en Santiago, Los Potros ten\u00edan horas para saldar sus deudas para volver a ser parte del campeonato. El plazo que hab\u00edan impuesto para Los Potros es a<\/p>\n<div class=\"read-more-wrapper\"><a class=\"read-more\" href=\"https:\/\/diarioellabrador.cl\/index.php\/2026\/03\/14\/luego-de-34-anos-deportes-melipilla-no-sera-parte-de-esta-temporada-del-futbol-chileno\/\" title=\"Leer m\u00e1s\"> <span class=\"button \">Leer m\u00e1s<\/span><\/a><\/div>\n","protected":false},"author":2,"featured_media":16533,"comment_status":"open","ping_status":"open","sticky":false,"template":"","format":"standard","meta":{"footnotes":""},"categories":[4,14],"tags":[],"class_list":["post-16561","post","type-post","status-publish","format-standard","has-post-thumbnail","hentry","category-deportes","category-destacados"],"yoast_head":"<!-- This site is optimized with the Yoast SEO plugin v27.5 - https:\/\/yoast.com\/product\/yoast-seo-wordpress\/ -->\n<title>Luego de 34 a\u00f1os: Deportes Melipilla no ser\u00e1 parte de esta temporada del futbol chileno - Diario El Labrador<\/title>\n<meta name=\"robots\" content=\"index, follow, max-snippet:-1, max-image-preview:large, max-video-preview:-1\" \/>\n<link rel=\"canonical\" href=\"https:\/\/diarioellabrador.cl\/index.php\/2026\/03\/14\/luego-de-34-anos-deportes-melipilla-no-sera-parte-de-esta-temporada-del-futbol-chileno\/\" \/>\n<meta property=\"og:locale\" content=\"es_ES\" \/>\n<meta property=\"og:type\" content=\"article\" \/>\n<meta property=\"og:title\" content=\"Luego de 34 a\u00f1os: Deportes Melipilla no ser\u00e1 parte de esta temporada del futbol chileno - Diario El Labrador\" \/>\n<meta property=\"og:description\" content=\"Por Johnny Ahumada Sep\u00falveda Horas decisivas se vivieron con el futuro de Deportes Melipilla, donde a trav\u00e9s de una reuni\u00f3n realizada en la sede de la Tercera Divisi\u00f3n en Santiago, Los Potros ten\u00edan horas para saldar sus deudas para volver a ser parte del campeonato. El plazo que hab\u00edan impuesto para Los Potros es a Leer m\u00e1s\" \/>\n<meta property=\"og:url\" content=\"https:\/\/diarioellabrador.cl\/index.php\/2026\/03\/14\/luego-de-34-anos-deportes-melipilla-no-sera-parte-de-esta-temporada-del-futbol-chileno\/\" \/>\n<meta property=\"og:site_name\" content=\"Diario El Labrador\" \/>\n<meta property=\"article:publisher\" content=\"https:\/\/web.facebook.com\/profile.php?id=61576120840621\" \/>\n<meta property=\"article:published_time\" content=\"2026-03-14T22:14:00+00:00\" \/>\n<meta property=\"og:image\" content=\"https:\/\/diarioellabrador.cl\/wp-content\/uploads\/2026\/03\/Luego-de-34-anos-Deportes-Melipilla-no-sera-parte-de-esta-temporada-del-futbol-chileno.jpg\" \/>\n\t<meta property=\"og:image:width\" content=\"1620\" \/>\n\t<meta property=\"og:image:height\" content=\"1080\" \/>\n\t<meta property=\"og:image:type\" content=\"image\/jpeg\" \/>\n<meta name=\"author\" content=\"Editor\" \/>\n<meta name=\"twitter:card\" content=\"summary_large_image\" \/>\n<meta name=\"twitter:creator\" content=\"@ElLabradorOf\" \/>\n<meta name=\"twitter:site\" content=\"@ElLabradorOf\" \/>\n<meta name=\"twitter:label1\" content=\"Escrito por\" \/>\n\t<meta name=\"twitter:data1\" content=\"Editor\" \/>\n\t<meta name=\"twitter:label2\" content=\"Tiempo de lectura\" \/>\n\t<meta name=\"twitter:data2\" content=\"2 minutos\" \/>\n<script type=\"application\/ld+json\" class=\"yoast-schema-graph\">{\"@context\":\"https:\\\/\\\/schema.org\",\"@graph\":[{\"@type\":\"Article\",\"@id\":\"https:\\\/\\\/diarioellabrador.cl\\\/index.php\\\/2026\\\/03\\\/14\\\/luego-de-34-anos-deportes-melipilla-no-sera-parte-de-esta-temporada-del-futbol-chileno\\\/#article\",\"isPartOf\":{\"@id\":\"https:\\\/\\\/diarioellabrador.cl\\\/index.php\\\/2026\\\/03\\\/14\\\/luego-de-34-anos-deportes-melipilla-no-sera-parte-de-esta-temporada-del-futbol-chileno\\\/\"},\"author\":{\"name\":\"Editor\",\"@id\":\"https:\\\/\\\/diarioellabrador.cl\\\/#\\\/schema\\\/person\\\/bc25ff80b4563f9c7f4bd7855df01685\"},\"headline\":\"Luego de 34 a\u00f1os: Deportes Melipilla no ser\u00e1 parte de esta temporada del futbol chileno\",\"datePublished\":\"2026-03-14T22:14:00+00:00\",\"mainEntityOfPage\":{\"@id\":\"https:\\\/\\\/diarioellabrador.cl\\\/index.php\\\/2026\\\/03\\\/14\\\/luego-de-34-anos-deportes-melipilla-no-sera-parte-de-esta-temporada-del-futbol-chileno\\\/\"},\"wordCount\":382,\"commentCount\":0,\"publisher\":{\"@id\":\"https:\\\/\\\/diarioellabrador.cl\\\/#organization\"},\"image\":{\"@id\":\"https:\\\/\\\/diarioellabrador.cl\\\/index.php\\\/2026\\\/03\\\/14\\\/luego-de-34-anos-deportes-melipilla-no-sera-parte-de-esta-temporada-del-futbol-chileno\\\/#primaryimage\"},\"thumbnailUrl\":\"https:\\\/\\\/diarioellabrador.cl\\\/wp-content\\\/uploads\\\/2026\\\/03\\\/Luego-de-34-anos-Deportes-Melipilla-no-sera-parte-de-esta-temporada-del-futbol-chileno.jpg\",\"articleSection\":[\"Deportes\",\"Destacados\"],\"inLanguage\":\"es\",\"potentialAction\":[{\"@type\":\"CommentAction\",\"name\":\"Comment\",\"target\":[\"https:\\\/\\\/diarioellabrador.cl\\\/index.php\\\/2026\\\/03\\\/14\\\/luego-de-34-anos-deportes-melipilla-no-sera-parte-de-esta-temporada-del-futbol-chileno\\\/#respond\"]}]},{\"@type\":\"WebPage\",\"@id\":\"https:\\\/\\\/diarioellabrador.cl\\\/index.php\\\/2026\\\/03\\\/14\\\/luego-de-34-anos-deportes-melipilla-no-sera-parte-de-esta-temporada-del-futbol-chileno\\\/\",\"url\":\"https:\\\/\\\/diarioellabrador.cl\\\/index.php\\\/2026\\\/03\\\/14\\\/luego-de-34-anos-deportes-melipilla-no-sera-parte-de-esta-temporada-del-futbol-chileno\\\/\",\"name\":\"Luego de 34 a\u00f1os: Deportes Melipilla no ser\u00e1 parte de esta temporada del futbol chileno - Diario El Labrador\",\"isPartOf\":{\"@id\":\"https:\\\/\\\/diarioellabrador.cl\\\/#website\"},\"primaryImageOfPage\":{\"@id\":\"https:\\\/\\\/diarioellabrador.cl\\\/index.php\\\/2026\\\/03\\\/14\\\/luego-de-34-anos-deportes-melipilla-no-sera-parte-de-esta-temporada-del-futbol-chileno\\\/#primaryimage\"},\"image\":{\"@id\":\"https:\\\/\\\/diarioellabrador.cl\\\/index.php\\\/2026\\\/03\\\/14\\\/luego-de-34-anos-deportes-melipilla-no-sera-parte-de-esta-temporada-del-futbol-chileno\\\/#primaryimage\"},\"thumbnailUrl\":\"https:\\\/\\\/diarioellabrador.cl\\\/wp-content\\\/uploads\\\/2026\\\/03\\\/Luego-de-34-anos-Deportes-Melipilla-no-sera-parte-de-esta-temporada-del-futbol-chileno.jpg\",\"datePublished\":\"2026-03-14T22:14:00+00:00\",\"breadcrumb\":{\"@id\":\"https:\\\/\\\/diarioellabrador.cl\\\/index.php\\\/2026\\\/03\\\/14\\\/luego-de-34-anos-deportes-melipilla-no-sera-parte-de-esta-temporada-del-futbol-chileno\\\/#breadcrumb\"},\"inLanguage\":\"es\",\"potentialAction\":[{\"@type\":\"ReadAction\",\"target\":[\"https:\\\/\\\/diarioellabrador.cl\\\/index.php\\\/2026\\\/03\\\/14\\\/luego-de-34-anos-deportes-melipilla-no-sera-parte-de-esta-temporada-del-futbol-chileno\\\/\"]}]},{\"@type\":\"ImageObject\",\"inLanguage\":\"es\",\"@id\":\"https:\\\/\\\/diarioellabrador.cl\\\/index.php\\\/2026\\\/03\\\/14\\\/luego-de-34-anos-deportes-melipilla-no-sera-parte-de-esta-temporada-del-futbol-chileno\\\/#primaryimage\",\"url\":\"https:\\\/\\\/diarioellabrador.cl\\\/wp-content\\\/uploads\\\/2026\\\/03\\\/Luego-de-34-anos-Deportes-Melipilla-no-sera-parte-de-esta-temporada-del-futbol-chileno.jpg\",\"contentUrl\":\"https:\\\/\\\/diarioellabrador.cl\\\/wp-content\\\/uploads\\\/2026\\\/03\\\/Luego-de-34-anos-Deportes-Melipilla-no-sera-parte-de-esta-temporada-del-futbol-chileno.jpg\",\"width\":1620,\"height\":1080},{\"@type\":\"BreadcrumbList\",\"@id\":\"https:\\\/\\\/diarioellabrador.cl\\\/index.php\\\/2026\\\/03\\\/14\\\/luego-de-34-anos-deportes-melipilla-no-sera-parte-de-esta-temporada-del-futbol-chileno\\\/#breadcrumb\",\"itemListElement\":[{\"@type\":\"ListItem\",\"position\":1,\"name\":\"Portada\",\"item\":\"https:\\\/\\\/diarioellabrador.cl\\\/\"},{\"@type\":\"ListItem\",\"position\":2,\"name\":\"Luego de 34 a\u00f1os: Deportes Melipilla no ser\u00e1 parte de esta temporada del futbol chileno\"}]},{\"@type\":\"WebSite\",\"@id\":\"https:\\\/\\\/diarioellabrador.cl\\\/#website\",\"url\":\"https:\\\/\\\/diarioellabrador.cl\\\/\",\"name\":\"Diario El Labrador\",\"description\":\"Haciendo noticia desde 1921\",\"publisher\":{\"@id\":\"https:\\\/\\\/diarioellabrador.cl\\\/#organization\"},\"potentialAction\":[{\"@type\":\"SearchAction\",\"target\":{\"@type\":\"EntryPoint\",\"urlTemplate\":\"https:\\\/\\\/diarioellabrador.cl\\\/?s={search_term_string}\"},\"query-input\":{\"@type\":\"PropertyValueSpecification\",\"valueRequired\":true,\"valueName\":\"search_term_string\"}}],\"inLanguage\":\"es\"},{\"@type\":\"Organization\",\"@id\":\"https:\\\/\\\/diarioellabrador.cl\\\/#organization\",\"name\":\"Diario El Labrador\",\"url\":\"https:\\\/\\\/diarioellabrador.cl\\\/\",\"logo\":{\"@type\":\"ImageObject\",\"inLanguage\":\"es\",\"@id\":\"https:\\\/\\\/diarioellabrador.cl\\\/#\\\/schema\\\/logo\\\/image\\\/\",\"url\":\"https:\\\/\\\/diarioellabrador.cl\\\/wp-content\\\/uploads\\\/2025\\\/02\\\/cropped-Logo-Icono.png\",\"contentUrl\":\"https:\\\/\\\/diarioellabrador.cl\\\/wp-content\\\/uploads\\\/2025\\\/02\\\/cropped-Logo-Icono.png\",\"width\":512,\"height\":512,\"caption\":\"Diario El Labrador\"},\"image\":{\"@id\":\"https:\\\/\\\/diarioellabrador.cl\\\/#\\\/schema\\\/logo\\\/image\\\/\"},\"sameAs\":[\"https:\\\/\\\/web.facebook.com\\\/profile.php?id=61576120840621\",\"https:\\\/\\\/x.com\\\/ElLabradorOf\",\"https:\\\/\\\/www.instagram.com\\\/diarioellabradoroficial\\\/\"]},{\"@type\":\"Person\",\"@id\":\"https:\\\/\\\/diarioellabrador.cl\\\/#\\\/schema\\\/person\\\/bc25ff80b4563f9c7f4bd7855df01685\",\"name\":\"Editor\",\"image\":{\"@type\":\"ImageObject\",\"inLanguage\":\"es\",\"@id\":\"https:\\\/\\\/secure.gravatar.com\\\/avatar\\\/109c326cf2be5c04f048c2c2a2b8b6ef44bf3d8d1d3d4c55d0ac40c4bc994684?s=96&d=mm&r=g\",\"url\":\"https:\\\/\\\/secure.gravatar.com\\\/avatar\\\/109c326cf2be5c04f048c2c2a2b8b6ef44bf3d8d1d3d4c55d0ac40c4bc994684?s=96&d=mm&r=g\",\"contentUrl\":\"https:\\\/\\\/secure.gravatar.com\\\/avatar\\\/109c326cf2be5c04f048c2c2a2b8b6ef44bf3d8d1d3d4c55d0ac40c4bc994684?s=96&d=mm&r=g\",\"caption\":\"Editor\"},\"url\":\"https:\\\/\\\/diarioellabrador.cl\\\/index.php\\\/author\\\/editor\\\/\"}]}<\/script>\n<!-- \/ Yoast SEO plugin. -->","yoast_head_json":{"title":"Luego de 34 a\u00f1os: Deportes Melipilla no ser\u00e1 parte de esta temporada del futbol chileno - Diario El Labrador","robots":{"index":"index","follow":"follow","max-snippet":"max-snippet:-1","max-image-preview":"max-image-preview:large","max-video-preview":"max-video-preview:-1"},"canonical":"https:\/\/diarioellabrador.cl\/index.php\/2026\/03\/14\/luego-de-34-anos-deportes-melipilla-no-sera-parte-de-esta-temporada-del-futbol-chileno\/","og_locale":"es_ES","og_type":"article","og_title":"Luego de 34 a\u00f1os: Deportes Melipilla no ser\u00e1 parte de esta temporada del futbol chileno - Diario El Labrador","og_description":"Por Johnny Ahumada Sep\u00falveda Horas decisivas se vivieron con el futuro de Deportes Melipilla, donde a trav\u00e9s de una reuni\u00f3n realizada en la sede de la Tercera Divisi\u00f3n en Santiago, Los Potros ten\u00edan horas para saldar sus deudas para volver a ser parte del campeonato. El plazo que hab\u00edan impuesto para Los Potros es a Leer m\u00e1s","og_url":"https:\/\/diarioellabrador.cl\/index.php\/2026\/03\/14\/luego-de-34-anos-deportes-melipilla-no-sera-parte-de-esta-temporada-del-futbol-chileno\/","og_site_name":"Diario El Labrador","article_publisher":"https:\/\/web.facebook.com\/profile.php?id=61576120840621","article_published_time":"2026-03-14T22:14:00+00:00","og_image":[{"width":1620,"height":1080,"url":"https:\/\/diarioellabrador.cl\/wp-content\/uploads\/2026\/03\/Luego-de-34-anos-Deportes-Melipilla-no-sera-parte-de-esta-temporada-del-futbol-chileno.jpg","type":"image\/jpeg"}],"author":"Editor","twitter_card":"summary_large_image","twitter_creator":"@ElLabradorOf","twitter_site":"@ElLabradorOf","twitter_misc":{"Escrito por":"Editor","Tiempo de lectura":"2 minutos"},"schema":{"@context":"https:\/\/schema.org","@graph":[{"@type":"Article","@id":"https:\/\/diarioellabrador.cl\/index.php\/2026\/03\/14\/luego-de-34-anos-deportes-melipilla-no-sera-parte-de-esta-temporada-del-futbol-chileno\/#article","isPartOf":{"@id":"https:\/\/diarioellabrador.cl\/index.php\/2026\/03\/14\/luego-de-34-anos-deportes-melipilla-no-sera-parte-de-esta-temporada-del-futbol-chileno\/"},"author":{"name":"Editor","@id":"https:\/\/diarioellabrador.cl\/#\/schema\/person\/bc25ff80b4563f9c7f4bd7855df01685"},"headline":"Luego de 34 a\u00f1os: Deportes Melipilla no ser\u00e1 parte de esta temporada del futbol chileno","datePublished":"2026-03-14T22:14:00+00:00","mainEntityOfPage":{"@id":"https:\/\/diarioellabrador.cl\/index.php\/2026\/03\/14\/luego-de-34-anos-deportes-melipilla-no-sera-parte-de-esta-temporada-del-futbol-chileno\/"},"wordCount":382,"commentCount":0,"publisher":{"@id":"https:\/\/diarioellabrador.cl\/#organization"},"image":{"@id":"https:\/\/diarioellabrador.cl\/index.php\/2026\/03\/14\/luego-de-34-anos-deportes-melipilla-no-sera-parte-de-esta-temporada-del-futbol-chileno\/#primaryimage"},"thumbnailUrl":"https:\/\/diarioellabrador.cl\/wp-content\/uploads\/2026\/03\/Luego-de-34-anos-Deportes-Melipilla-no-sera-parte-de-esta-temporada-del-futbol-chileno.jpg","articleSection":["Deportes","Destacados"],"inLanguage":"es","potentialAction":[{"@type":"CommentAction","name":"Comment","target":["https:\/\/diarioellabrador.cl\/index.php\/2026\/03\/14\/luego-de-34-anos-deportes-melipilla-no-sera-parte-de-esta-temporada-del-futbol-chileno\/#respond"]}]},{"@type":"WebPage","@id":"https:\/\/diarioellabrador.cl\/index.php\/2026\/03\/14\/luego-de-34-anos-deportes-melipilla-no-sera-parte-de-esta-temporada-del-futbol-chileno\/","url":"https:\/\/diarioellabrador.cl\/index.php\/2026\/03\/14\/luego-de-34-anos-deportes-melipilla-no-sera-parte-de-esta-temporada-del-futbol-chileno\/","name":"Luego de 34 a\u00f1os: Deportes Melipilla no ser\u00e1 parte de esta temporada del futbol chileno - Diario El Labrador","isPartOf":{"@id":"https:\/\/diarioellabrador.cl\/#website"},"primaryImageOfPage":{"@id":"https:\/\/diarioellabrador.cl\/index.php\/2026\/03\/14\/luego-de-34-anos-deportes-melipilla-no-sera-parte-de-esta-temporada-del-futbol-chileno\/#primaryimage"},"image":{"@id":"https:\/\/diarioellabrador.cl\/index.php\/2026\/03\/14\/luego-de-34-anos-deportes-melipilla-no-sera-parte-de-esta-temporada-del-futbol-chileno\/#primaryimage"},"thumbnailUrl":"https:\/\/diarioellabrador.cl\/wp-content\/uploads\/2026\/03\/Luego-de-34-anos-Deportes-Melipilla-no-sera-parte-de-esta-temporada-del-futbol-chileno.jpg","datePublished":"2026-03-14T22:14:00+00:00","breadcrumb":{"@id":"https:\/\/diarioellabrador.cl\/index.php\/2026\/03\/14\/luego-de-34-anos-deportes-melipilla-no-sera-parte-de-esta-temporada-del-futbol-chileno\/#breadcrumb"},"inLanguage":"es","potentialAction":[{"@type":"ReadAction","target":["https:\/\/diarioellabrador.cl\/index.php\/2026\/03\/14\/luego-de-34-anos-deportes-melipilla-no-sera-parte-de-esta-temporada-del-futbol-chileno\/"]}]},{"@type":"ImageObject","inLanguage":"es","@id":"https:\/\/diarioellabrador.cl\/index.php\/2026\/03\/14\/luego-de-34-anos-deportes-melipilla-no-sera-parte-de-esta-temporada-del-futbol-chileno\/#primaryimage","url":"https:\/\/diarioellabrador.cl\/wp-content\/uploads\/2026\/03\/Luego-de-34-anos-Deportes-Melipilla-no-sera-parte-de-esta-temporada-del-futbol-chileno.jpg","contentUrl":"https:\/\/diarioellabrador.cl\/wp-content\/uploads\/2026\/03\/Luego-de-34-anos-Deportes-Melipilla-no-sera-parte-de-esta-temporada-del-futbol-chileno.jpg","width":1620,"height":1080},{"@type":"BreadcrumbList","@id":"https:\/\/diarioellabrador.cl\/index.php\/2026\/03\/14\/luego-de-34-anos-deportes-melipilla-no-sera-parte-de-esta-temporada-del-futbol-chileno\/#breadcrumb","itemListElement":[{"@type":"ListItem","position":1,"name":"Portada","item":"https:\/\/diarioellabrador.cl\/"},{"@type":"ListItem","position":2,"name":"Luego de 34 a\u00f1os: Deportes Melipilla no ser\u00e1 parte de esta temporada del futbol chileno"}]},{"@type":"WebSite","@id":"https:\/\/diarioellabrador.cl\/#website","url":"https:\/\/diarioellabrador.cl\/","name":"Diario El Labrador","description":"Haciendo noticia desde 1921","publisher":{"@id":"https:\/\/diarioellabrador.cl\/#organization"},"potentialAction":[{"@type":"SearchAction","target":{"@type":"EntryPoint","urlTemplate":"https:\/\/diarioellabrador.cl\/?s={search_term_string}"},"query-input":{"@type":"PropertyValueSpecification","valueRequired":true,"valueName":"search_term_string"}}],"inLanguage":"es"},{"@type":"Organization","@id":"https:\/\/diarioellabrador.cl\/#organization","name":"Diario El Labrador","url":"https:\/\/diarioellabrador.cl\/","logo":{"@type":"ImageObject","inLanguage":"es","@id":"https:\/\/diarioellabrador.cl\/#\/schema\/logo\/image\/","url":"https:\/\/diarioellabrador.cl\/wp-content\/uploads\/2025\/02\/cropped-Logo-Icono.png","contentUrl":"https:\/\/diarioellabrador.cl\/wp-content\/uploads\/2025\/02\/cropped-Logo-Icono.png","width":512,"height":512,"caption":"Diario El Labrador"},"image":{"@id":"https:\/\/diarioellabrador.cl\/#\/schema\/logo\/image\/"},"sameAs":["https:\/\/web.facebook.com\/profile.php?id=61576120840621","https:\/\/x.com\/ElLabradorOf","https:\/\/www.instagram.com\/diarioellabradoroficial\/"]},{"@type":"Person","@id":"https:\/\/diarioellabrador.cl\/#\/schema\/person\/bc25ff80b4563f9c7f4bd7855df01685","name":"Editor","image":{"@type":"ImageObject","inLanguage":"es","@id":"https:\/\/secure.gravatar.com\/avatar\/109c326cf2be5c04f048c2c2a2b8b6ef44bf3d8d1d3d4c55d0ac40c4bc994684?s=96&d=mm&r=g","url":"https:\/\/secure.gravatar.com\/avatar\/109c326cf2be5c04f048c2c2a2b8b6ef44bf3d8d1d3d4c55d0ac40c4bc994684?s=96&d=mm&r=g","contentUrl":"https:\/\/secure.gravatar.com\/avatar\/109c326cf2be5c04f048c2c2a2b8b6ef44bf3d8d1d3d4c55d0ac40c4bc994684?s=96&d=mm&r=g","caption":"Editor"},"url":"https:\/\/diarioellabrador.cl\/index.php\/author\/editor\/"}]}},"_links":{"self":[{"href":"https:\/\/diarioellabrador.cl\/index.php\/wp-json\/wp\/v2\/posts\/16561","targetHints":{"allow":["GET"]}}],"collection":[{"href":"https:\/\/diarioellabrador.cl\/index.php\/wp-json\/wp\/v2\/posts"}],"about":[{"href":"https:\/\/diarioellabrador.cl\/index.php\/wp-json\/wp\/v2\/types\/post"}],"author":[{"embeddable":true,"href":"https:\/\/diarioellabrador.cl\/index.php\/wp-json\/wp\/v2\/users\/2"}],"replies":[{"embeddable":true,"href":"https:\/\/diarioellabrador.cl\/index.php\/wp-json\/wp\/v2\/comments?post=16561"}],"version-history":[{"count":1,"href":"https:\/\/diarioellabrador.cl\/index.php\/wp-json\/wp\/v2\/posts\/16561\/revisions"}],"predecessor-version":[{"id":16562,"href":"https:\/\/diarioellabrador.cl\/index.php\/wp-json\/wp\/v2\/posts\/16561\/revisions\/16562"}],"wp:featuredmedia":[{"embeddable":true,"href":"https:\/\/diarioellabrador.cl\/index.php\/wp-json\/wp\/v2\/media\/16533"}],"wp:attachment":[{"href":"https:\/\/diarioellabrador.cl\/index.php\/wp-json\/wp\/v2\/media?parent=16561"}],"wp:term":[{"taxonomy":"category","embeddable":true,"href":"https:\/\/diarioellabrador.cl\/index.php\/wp-json\/wp\/v2\/categories?post=16561"},{"taxonomy":"post_tag","embeddable":true,"href":"https:\/\/diarioellabrador.cl\/index.php\/wp-json\/wp\/v2\/tags?post=16561"}],"curies":[{"name":"wp","href":"https:\/\/api.w.org\/{rel}","templated":true}]}}