{"id":16559,"date":"2026-03-14T18:11:00","date_gmt":"2026-03-14T22:11:00","guid":{"rendered":"https:\/\/diarioellabrador.cl\/?p=16559"},"modified":"2026-03-15T17:58:25","modified_gmt":"2026-03-15T21:58:25","slug":"heraldica-18","status":"publish","type":"post","link":"https:\/\/diarioellabrador.cl\/index.php\/2026\/03\/14\/heraldica-18\/","title":{"rendered":"Her\u00e1ldica, una ciencia del arte y la identidad (Parte XVII)\u00a0\u00a0\u00a0\u00a0\u00a0\u00a0\u00a0\u00a0\u00a0\u00a0"},"content":{"rendered":"<div class=\"wp-block-image\">\n<figure class=\"alignleft size-thumbnail\"><img loading=\"lazy\" decoding=\"async\" width=\"150\" height=\"150\" src=\"https:\/\/diarioellabrador.cl\/wp-content\/uploads\/2025\/10\/as1-150x150.jpg\" alt=\"\" class=\"wp-image-10412\" srcset=\"https:\/\/diarioellabrador.cl\/wp-content\/uploads\/2025\/10\/as1-150x150.jpg 150w, https:\/\/diarioellabrador.cl\/wp-content\/uploads\/2025\/10\/as1-95x95.jpg 95w, https:\/\/diarioellabrador.cl\/wp-content\/uploads\/2025\/10\/as1-140x140.jpg 140w\" sizes=\"auto, (max-width: 150px) 100vw, 150px\" \/><\/figure>\n<\/div>\n\n\n<p><br><br><br>Por: Sergio Hashiguchi Mena<br><em>Profesor, Cal\u00edgrafo y Heraldista desde 1972<\/em><\/p>\n\n\n\n<p>Ya hemos hablado de los colores, de los s\u00edmbolos externos del blas\u00f3n, el significado de las figuras naturales &nbsp;de las figuras artificiales las quim\u00e9ricas.<\/p>\n\n\n\n<p>Hoy hablare sobre Las coronas:<\/p>\n\n\n\n<p>Las coronas her\u00e1ldicas son timbres que coronan el escudo y definen el rango del titular, clasific\u00e1ndose principalmente en reales\/imperiales (soberanos) y nobiliarias (duques, condes, etc.). Se caracterizan por su estructura, n\u00famero de diademas, hojas de acanto y perlas, variando seg\u00fan la tradici\u00f3n nacional, siendo comunes las de rey, pr\u00edncipe, infante, duque, marqu\u00e9s y conde<\/p>\n\n\n\n<p><strong>Corona de Se\u00f1or<\/strong>: Dado que el t\u00edtulo es posiblemente el origen de todas las dem\u00e1s, la corona es simple y de forma primitiva.<\/p>\n\n\n\n<figure class=\"wp-block-image size-full\"><img loading=\"lazy\" decoding=\"async\" width=\"231\" height=\"63\" src=\"https:\/\/diarioellabrador.cl\/wp-content\/uploads\/2026\/03\/Captura-de-pantalla-2026-03-14-161250.png\" alt=\"\" class=\"wp-image-16519\"\/><\/figure>\n\n\n\n<p><strong>Corona de Bar\u00f3n<\/strong>: Tiene su origen en lo palaciego, m\u00e1s que en lo nobiliario, si bien m\u00e1s tarde, fue la base de las titulaciones nobles.<\/p>\n\n\n\n<figure class=\"wp-block-image size-full\"><img loading=\"lazy\" decoding=\"async\" width=\"238\" height=\"76\" src=\"https:\/\/diarioellabrador.cl\/wp-content\/uploads\/2026\/03\/Captura-de-pantalla-2026-03-14-161255.png\" alt=\"\" class=\"wp-image-16520\"\/><\/figure>\n\n\n\n<p><strong>Corona de Vizconde<\/strong>: Fue de car\u00e1cter administrativo y correspond\u00eda m\u00e1s a un s\u00edmbolo del cargo, su caracter\u00edstica tres puntas terminadas en una perla.<\/p>\n\n\n\n<figure class=\"wp-block-image size-full\"><img loading=\"lazy\" decoding=\"async\" width=\"242\" height=\"104\" src=\"https:\/\/diarioellabrador.cl\/wp-content\/uploads\/2026\/03\/Captura-de-pantalla-2026-03-14-161300.png\" alt=\"\" class=\"wp-image-16521\"\/><\/figure>\n\n\n\n<p><strong>Corona de Conde<\/strong>: Ten\u00eda un grado mayor que el Vizconde y su caracter\u00edstica principal son sus 9 puntas con una perla en cada una de ellas, como la del Conde de Superunda que corona el Escudo de Melipilla.<\/p>\n\n\n\n<figure class=\"wp-block-image size-full\"><img loading=\"lazy\" decoding=\"async\" width=\"269\" height=\"123\" src=\"https:\/\/diarioellabrador.cl\/wp-content\/uploads\/2026\/03\/Captura-de-pantalla-2026-03-14-161305.png\" alt=\"\" class=\"wp-image-16522\"\/><\/figure>\n\n\n\n<p><strong>A<\/strong><strong>pellido de la semana<\/strong><\/p>\n\n\n\n<p><strong>V<\/strong><strong>argas<\/strong> (Algunos Vargas, destacados)<\/p>\n\n\n\n<ul class=\"wp-block-list\">\n<li><strong>G<\/strong><strong>onzalo de Vargas y Rivilla, <\/strong>espa\u00f1ol que junto al gobernador Manso de Velasco el 10 de octubre de 1742, coopera con el trazado de la ciudad ofreciendo sus terrenos. Don Gonzalo de Vargas fue Maestre de Campo e impulsor de la expulsi\u00f3n de los jesuitas por el 1767.&nbsp; La riada del escudo de Melipilla, pertenecen a su escudo.<\/li>\n\n\n\n<li><strong>L<\/strong><strong>uis Vargas, <\/strong>Delantero de Deportes Melipilla, destacado por ser formado en el club (\u00abLos Potros\u00bb) y clave en la ofensiva. Se ha consolidado como un referente joven del equipo.<\/li>\n\n\n\n<li><strong>Eduardo Vargas, <\/strong>atacante que fue el m\u00e1ximo anotador en las Copas Am\u00e9rica de 2015 y 2016, con 4 y 6 goles, respectivamente. Adem\u00e1s, es el segundo goleador hist\u00f3rico de La Roja, con 40 tantos.<\/li>\n<\/ul>\n\n\n\n<figure class=\"wp-block-image size-full\"><img loading=\"lazy\" decoding=\"async\" width=\"385\" height=\"428\" src=\"https:\/\/diarioellabrador.cl\/wp-content\/uploads\/2026\/03\/Captura-de-pantalla-2026-03-14-161245.png\" alt=\"\" class=\"wp-image-16518\" srcset=\"https:\/\/diarioellabrador.cl\/wp-content\/uploads\/2026\/03\/Captura-de-pantalla-2026-03-14-161245.png 385w, https:\/\/diarioellabrador.cl\/wp-content\/uploads\/2026\/03\/Captura-de-pantalla-2026-03-14-161245-270x300.png 270w\" sizes=\"auto, (max-width: 385px) 100vw, 385px\" \/><\/figure>\n\n\n\n<p>Sus Armas:<\/p>\n\n\n\n<p>En campo de plata, tres fajas ondeadas de azur<\/p>\n","protected":false},"excerpt":{"rendered":"<p>Por: Sergio Hashiguchi MenaProfesor, Cal\u00edgrafo y Heraldista desde 1972 Ya hemos hablado de los colores, de los s\u00edmbolos externos del blas\u00f3n, el significado de las figuras naturales &nbsp;de las figuras artificiales las quim\u00e9ricas. Hoy hablare sobre Las coronas: Las coronas her\u00e1ldicas son timbres que coronan el escudo y definen el rango del titular, clasific\u00e1ndose principalmente<\/p>\n<div class=\"read-more-wrapper\"><a class=\"read-more\" href=\"https:\/\/diarioellabrador.cl\/index.php\/2026\/03\/14\/heraldica-18\/\" title=\"Leer m\u00e1s\"> <span class=\"button \">Leer m\u00e1s<\/span><\/a><\/div>\n","protected":false},"author":2,"featured_media":16605,"comment_status":"open","ping_status":"open","sticky":false,"template":"","format":"standard","meta":{"footnotes":""},"categories":[7],"tags":[],"class_list":["post-16559","post","type-post","status-publish","format-standard","has-post-thumbnail","hentry","category-cultura"],"yoast_head":"<!-- This site is optimized with the Yoast SEO plugin v27.5 - https:\/\/yoast.com\/product\/yoast-seo-wordpress\/ -->\n<title>Her\u00e1ldica, una ciencia del arte y la identidad (Parte XVII)\u00a0\u00a0\u00a0\u00a0\u00a0\u00a0\u00a0\u00a0\u00a0\u00a0 - Diario El Labrador<\/title>\n<meta name=\"robots\" content=\"index, follow, max-snippet:-1, max-image-preview:large, max-video-preview:-1\" \/>\n<link rel=\"canonical\" href=\"https:\/\/diarioellabrador.cl\/index.php\/2026\/03\/14\/heraldica-18\/\" \/>\n<meta property=\"og:locale\" content=\"es_ES\" \/>\n<meta property=\"og:type\" content=\"article\" \/>\n<meta property=\"og:title\" content=\"Her\u00e1ldica, una ciencia del arte y la identidad (Parte XVII)\u00a0\u00a0\u00a0\u00a0\u00a0\u00a0\u00a0\u00a0\u00a0\u00a0 - Diario El Labrador\" \/>\n<meta property=\"og:description\" content=\"Por: Sergio Hashiguchi MenaProfesor, Cal\u00edgrafo y Heraldista desde 1972 Ya hemos hablado de los colores, de los s\u00edmbolos externos del blas\u00f3n, el significado de las figuras naturales &nbsp;de las figuras artificiales las quim\u00e9ricas. Hoy hablare sobre Las coronas: Las coronas her\u00e1ldicas son timbres que coronan el escudo y definen el rango del titular, clasific\u00e1ndose principalmente Leer m\u00e1s\" \/>\n<meta property=\"og:url\" content=\"https:\/\/diarioellabrador.cl\/index.php\/2026\/03\/14\/heraldica-18\/\" \/>\n<meta property=\"og:site_name\" content=\"Diario El Labrador\" \/>\n<meta property=\"article:publisher\" content=\"https:\/\/web.facebook.com\/profile.php?id=61576120840621\" \/>\n<meta property=\"article:published_time\" content=\"2026-03-14T22:11:00+00:00\" \/>\n<meta property=\"article:modified_time\" content=\"2026-03-15T21:58:25+00:00\" \/>\n<meta property=\"og:image\" content=\"https:\/\/diarioellabrador.cl\/wp-content\/uploads\/2026\/03\/ChatGPT-Image-15-mar-2026-06_57_00-p.m-1024x683.png\" \/>\n\t<meta property=\"og:image:width\" content=\"1024\" \/>\n\t<meta property=\"og:image:height\" content=\"683\" \/>\n\t<meta property=\"og:image:type\" content=\"image\/png\" \/>\n<meta name=\"author\" content=\"Editor\" \/>\n<meta name=\"twitter:card\" content=\"summary_large_image\" \/>\n<meta name=\"twitter:creator\" content=\"@ElLabradorOf\" \/>\n<meta name=\"twitter:site\" content=\"@ElLabradorOf\" \/>\n<meta name=\"twitter:label1\" content=\"Escrito por\" \/>\n\t<meta name=\"twitter:data1\" content=\"Editor\" \/>\n\t<meta name=\"twitter:label2\" content=\"Tiempo de lectura\" \/>\n\t<meta name=\"twitter:data2\" content=\"3 minutos\" \/>\n<script type=\"application\/ld+json\" class=\"yoast-schema-graph\">{\"@context\":\"https:\\\/\\\/schema.org\",\"@graph\":[{\"@type\":\"Article\",\"@id\":\"https:\\\/\\\/diarioellabrador.cl\\\/index.php\\\/2026\\\/03\\\/14\\\/heraldica-18\\\/#article\",\"isPartOf\":{\"@id\":\"https:\\\/\\\/diarioellabrador.cl\\\/index.php\\\/2026\\\/03\\\/14\\\/heraldica-18\\\/\"},\"author\":{\"name\":\"Editor\",\"@id\":\"https:\\\/\\\/diarioellabrador.cl\\\/#\\\/schema\\\/person\\\/bc25ff80b4563f9c7f4bd7855df01685\"},\"headline\":\"Her\u00e1ldica, una ciencia del arte y la identidad (Parte XVII)\u00a0\u00a0\u00a0\u00a0\u00a0\u00a0\u00a0\u00a0\u00a0\u00a0\",\"datePublished\":\"2026-03-14T22:11:00+00:00\",\"dateModified\":\"2026-03-15T21:58:25+00:00\",\"mainEntityOfPage\":{\"@id\":\"https:\\\/\\\/diarioellabrador.cl\\\/index.php\\\/2026\\\/03\\\/14\\\/heraldica-18\\\/\"},\"wordCount\":380,\"commentCount\":0,\"publisher\":{\"@id\":\"https:\\\/\\\/diarioellabrador.cl\\\/#organization\"},\"image\":{\"@id\":\"https:\\\/\\\/diarioellabrador.cl\\\/index.php\\\/2026\\\/03\\\/14\\\/heraldica-18\\\/#primaryimage\"},\"thumbnailUrl\":\"https:\\\/\\\/diarioellabrador.cl\\\/wp-content\\\/uploads\\\/2026\\\/03\\\/ChatGPT-Image-15-mar-2026-06_57_00-p.m.png\",\"articleSection\":[\"Cultura\"],\"inLanguage\":\"es\",\"potentialAction\":[{\"@type\":\"CommentAction\",\"name\":\"Comment\",\"target\":[\"https:\\\/\\\/diarioellabrador.cl\\\/index.php\\\/2026\\\/03\\\/14\\\/heraldica-18\\\/#respond\"]}]},{\"@type\":\"WebPage\",\"@id\":\"https:\\\/\\\/diarioellabrador.cl\\\/index.php\\\/2026\\\/03\\\/14\\\/heraldica-18\\\/\",\"url\":\"https:\\\/\\\/diarioellabrador.cl\\\/index.php\\\/2026\\\/03\\\/14\\\/heraldica-18\\\/\",\"name\":\"Her\u00e1ldica, una ciencia del arte y la identidad (Parte XVII)\u00a0\u00a0\u00a0\u00a0\u00a0\u00a0\u00a0\u00a0\u00a0\u00a0 - Diario El Labrador\",\"isPartOf\":{\"@id\":\"https:\\\/\\\/diarioellabrador.cl\\\/#website\"},\"primaryImageOfPage\":{\"@id\":\"https:\\\/\\\/diarioellabrador.cl\\\/index.php\\\/2026\\\/03\\\/14\\\/heraldica-18\\\/#primaryimage\"},\"image\":{\"@id\":\"https:\\\/\\\/diarioellabrador.cl\\\/index.php\\\/2026\\\/03\\\/14\\\/heraldica-18\\\/#primaryimage\"},\"thumbnailUrl\":\"https:\\\/\\\/diarioellabrador.cl\\\/wp-content\\\/uploads\\\/2026\\\/03\\\/ChatGPT-Image-15-mar-2026-06_57_00-p.m.png\",\"datePublished\":\"2026-03-14T22:11:00+00:00\",\"dateModified\":\"2026-03-15T21:58:25+00:00\",\"breadcrumb\":{\"@id\":\"https:\\\/\\\/diarioellabrador.cl\\\/index.php\\\/2026\\\/03\\\/14\\\/heraldica-18\\\/#breadcrumb\"},\"inLanguage\":\"es\",\"potentialAction\":[{\"@type\":\"ReadAction\",\"target\":[\"https:\\\/\\\/diarioellabrador.cl\\\/index.php\\\/2026\\\/03\\\/14\\\/heraldica-18\\\/\"]}]},{\"@type\":\"ImageObject\",\"inLanguage\":\"es\",\"@id\":\"https:\\\/\\\/diarioellabrador.cl\\\/index.php\\\/2026\\\/03\\\/14\\\/heraldica-18\\\/#primaryimage\",\"url\":\"https:\\\/\\\/diarioellabrador.cl\\\/wp-content\\\/uploads\\\/2026\\\/03\\\/ChatGPT-Image-15-mar-2026-06_57_00-p.m.png\",\"contentUrl\":\"https:\\\/\\\/diarioellabrador.cl\\\/wp-content\\\/uploads\\\/2026\\\/03\\\/ChatGPT-Image-15-mar-2026-06_57_00-p.m.png\",\"width\":1536,\"height\":1024},{\"@type\":\"BreadcrumbList\",\"@id\":\"https:\\\/\\\/diarioellabrador.cl\\\/index.php\\\/2026\\\/03\\\/14\\\/heraldica-18\\\/#breadcrumb\",\"itemListElement\":[{\"@type\":\"ListItem\",\"position\":1,\"name\":\"Portada\",\"item\":\"https:\\\/\\\/diarioellabrador.cl\\\/\"},{\"@type\":\"ListItem\",\"position\":2,\"name\":\"Her\u00e1ldica, una ciencia del arte y la identidad (Parte XVII)\u00a0\u00a0\u00a0\u00a0\u00a0\u00a0\u00a0\u00a0\u00a0\u00a0\"}]},{\"@type\":\"WebSite\",\"@id\":\"https:\\\/\\\/diarioellabrador.cl\\\/#website\",\"url\":\"https:\\\/\\\/diarioellabrador.cl\\\/\",\"name\":\"Diario El Labrador\",\"description\":\"Haciendo noticia desde 1921\",\"publisher\":{\"@id\":\"https:\\\/\\\/diarioellabrador.cl\\\/#organization\"},\"potentialAction\":[{\"@type\":\"SearchAction\",\"target\":{\"@type\":\"EntryPoint\",\"urlTemplate\":\"https:\\\/\\\/diarioellabrador.cl\\\/?s={search_term_string}\"},\"query-input\":{\"@type\":\"PropertyValueSpecification\",\"valueRequired\":true,\"valueName\":\"search_term_string\"}}],\"inLanguage\":\"es\"},{\"@type\":\"Organization\",\"@id\":\"https:\\\/\\\/diarioellabrador.cl\\\/#organization\",\"name\":\"Diario El Labrador\",\"url\":\"https:\\\/\\\/diarioellabrador.cl\\\/\",\"logo\":{\"@type\":\"ImageObject\",\"inLanguage\":\"es\",\"@id\":\"https:\\\/\\\/diarioellabrador.cl\\\/#\\\/schema\\\/logo\\\/image\\\/\",\"url\":\"https:\\\/\\\/diarioellabrador.cl\\\/wp-content\\\/uploads\\\/2025\\\/02\\\/cropped-Logo-Icono.png\",\"contentUrl\":\"https:\\\/\\\/diarioellabrador.cl\\\/wp-content\\\/uploads\\\/2025\\\/02\\\/cropped-Logo-Icono.png\",\"width\":512,\"height\":512,\"caption\":\"Diario El Labrador\"},\"image\":{\"@id\":\"https:\\\/\\\/diarioellabrador.cl\\\/#\\\/schema\\\/logo\\\/image\\\/\"},\"sameAs\":[\"https:\\\/\\\/web.facebook.com\\\/profile.php?id=61576120840621\",\"https:\\\/\\\/x.com\\\/ElLabradorOf\",\"https:\\\/\\\/www.instagram.com\\\/diarioellabradoroficial\\\/\"]},{\"@type\":\"Person\",\"@id\":\"https:\\\/\\\/diarioellabrador.cl\\\/#\\\/schema\\\/person\\\/bc25ff80b4563f9c7f4bd7855df01685\",\"name\":\"Editor\",\"image\":{\"@type\":\"ImageObject\",\"inLanguage\":\"es\",\"@id\":\"https:\\\/\\\/secure.gravatar.com\\\/avatar\\\/109c326cf2be5c04f048c2c2a2b8b6ef44bf3d8d1d3d4c55d0ac40c4bc994684?s=96&d=mm&r=g\",\"url\":\"https:\\\/\\\/secure.gravatar.com\\\/avatar\\\/109c326cf2be5c04f048c2c2a2b8b6ef44bf3d8d1d3d4c55d0ac40c4bc994684?s=96&d=mm&r=g\",\"contentUrl\":\"https:\\\/\\\/secure.gravatar.com\\\/avatar\\\/109c326cf2be5c04f048c2c2a2b8b6ef44bf3d8d1d3d4c55d0ac40c4bc994684?s=96&d=mm&r=g\",\"caption\":\"Editor\"},\"url\":\"https:\\\/\\\/diarioellabrador.cl\\\/index.php\\\/author\\\/editor\\\/\"}]}<\/script>\n<!-- \/ Yoast SEO plugin. -->","yoast_head_json":{"title":"Her\u00e1ldica, una ciencia del arte y la identidad (Parte XVII)\u00a0\u00a0\u00a0\u00a0\u00a0\u00a0\u00a0\u00a0\u00a0\u00a0 - Diario El Labrador","robots":{"index":"index","follow":"follow","max-snippet":"max-snippet:-1","max-image-preview":"max-image-preview:large","max-video-preview":"max-video-preview:-1"},"canonical":"https:\/\/diarioellabrador.cl\/index.php\/2026\/03\/14\/heraldica-18\/","og_locale":"es_ES","og_type":"article","og_title":"Her\u00e1ldica, una ciencia del arte y la identidad (Parte XVII)\u00a0\u00a0\u00a0\u00a0\u00a0\u00a0\u00a0\u00a0\u00a0\u00a0 - Diario El Labrador","og_description":"Por: Sergio Hashiguchi MenaProfesor, Cal\u00edgrafo y Heraldista desde 1972 Ya hemos hablado de los colores, de los s\u00edmbolos externos del blas\u00f3n, el significado de las figuras naturales &nbsp;de las figuras artificiales las quim\u00e9ricas. Hoy hablare sobre Las coronas: Las coronas her\u00e1ldicas son timbres que coronan el escudo y definen el rango del titular, clasific\u00e1ndose principalmente Leer m\u00e1s","og_url":"https:\/\/diarioellabrador.cl\/index.php\/2026\/03\/14\/heraldica-18\/","og_site_name":"Diario El Labrador","article_publisher":"https:\/\/web.facebook.com\/profile.php?id=61576120840621","article_published_time":"2026-03-14T22:11:00+00:00","article_modified_time":"2026-03-15T21:58:25+00:00","og_image":[{"width":1024,"height":683,"url":"https:\/\/diarioellabrador.cl\/wp-content\/uploads\/2026\/03\/ChatGPT-Image-15-mar-2026-06_57_00-p.m-1024x683.png","type":"image\/png"}],"author":"Editor","twitter_card":"summary_large_image","twitter_creator":"@ElLabradorOf","twitter_site":"@ElLabradorOf","twitter_misc":{"Escrito por":"Editor","Tiempo de lectura":"3 minutos"},"schema":{"@context":"https:\/\/schema.org","@graph":[{"@type":"Article","@id":"https:\/\/diarioellabrador.cl\/index.php\/2026\/03\/14\/heraldica-18\/#article","isPartOf":{"@id":"https:\/\/diarioellabrador.cl\/index.php\/2026\/03\/14\/heraldica-18\/"},"author":{"name":"Editor","@id":"https:\/\/diarioellabrador.cl\/#\/schema\/person\/bc25ff80b4563f9c7f4bd7855df01685"},"headline":"Her\u00e1ldica, una ciencia del arte y la identidad (Parte XVII)\u00a0\u00a0\u00a0\u00a0\u00a0\u00a0\u00a0\u00a0\u00a0\u00a0","datePublished":"2026-03-14T22:11:00+00:00","dateModified":"2026-03-15T21:58:25+00:00","mainEntityOfPage":{"@id":"https:\/\/diarioellabrador.cl\/index.php\/2026\/03\/14\/heraldica-18\/"},"wordCount":380,"commentCount":0,"publisher":{"@id":"https:\/\/diarioellabrador.cl\/#organization"},"image":{"@id":"https:\/\/diarioellabrador.cl\/index.php\/2026\/03\/14\/heraldica-18\/#primaryimage"},"thumbnailUrl":"https:\/\/diarioellabrador.cl\/wp-content\/uploads\/2026\/03\/ChatGPT-Image-15-mar-2026-06_57_00-p.m.png","articleSection":["Cultura"],"inLanguage":"es","potentialAction":[{"@type":"CommentAction","name":"Comment","target":["https:\/\/diarioellabrador.cl\/index.php\/2026\/03\/14\/heraldica-18\/#respond"]}]},{"@type":"WebPage","@id":"https:\/\/diarioellabrador.cl\/index.php\/2026\/03\/14\/heraldica-18\/","url":"https:\/\/diarioellabrador.cl\/index.php\/2026\/03\/14\/heraldica-18\/","name":"Her\u00e1ldica, una ciencia del arte y la identidad (Parte XVII)\u00a0\u00a0\u00a0\u00a0\u00a0\u00a0\u00a0\u00a0\u00a0\u00a0 - Diario El Labrador","isPartOf":{"@id":"https:\/\/diarioellabrador.cl\/#website"},"primaryImageOfPage":{"@id":"https:\/\/diarioellabrador.cl\/index.php\/2026\/03\/14\/heraldica-18\/#primaryimage"},"image":{"@id":"https:\/\/diarioellabrador.cl\/index.php\/2026\/03\/14\/heraldica-18\/#primaryimage"},"thumbnailUrl":"https:\/\/diarioellabrador.cl\/wp-content\/uploads\/2026\/03\/ChatGPT-Image-15-mar-2026-06_57_00-p.m.png","datePublished":"2026-03-14T22:11:00+00:00","dateModified":"2026-03-15T21:58:25+00:00","breadcrumb":{"@id":"https:\/\/diarioellabrador.cl\/index.php\/2026\/03\/14\/heraldica-18\/#breadcrumb"},"inLanguage":"es","potentialAction":[{"@type":"ReadAction","target":["https:\/\/diarioellabrador.cl\/index.php\/2026\/03\/14\/heraldica-18\/"]}]},{"@type":"ImageObject","inLanguage":"es","@id":"https:\/\/diarioellabrador.cl\/index.php\/2026\/03\/14\/heraldica-18\/#primaryimage","url":"https:\/\/diarioellabrador.cl\/wp-content\/uploads\/2026\/03\/ChatGPT-Image-15-mar-2026-06_57_00-p.m.png","contentUrl":"https:\/\/diarioellabrador.cl\/wp-content\/uploads\/2026\/03\/ChatGPT-Image-15-mar-2026-06_57_00-p.m.png","width":1536,"height":1024},{"@type":"BreadcrumbList","@id":"https:\/\/diarioellabrador.cl\/index.php\/2026\/03\/14\/heraldica-18\/#breadcrumb","itemListElement":[{"@type":"ListItem","position":1,"name":"Portada","item":"https:\/\/diarioellabrador.cl\/"},{"@type":"ListItem","position":2,"name":"Her\u00e1ldica, una ciencia del arte y la identidad (Parte XVII)\u00a0\u00a0\u00a0\u00a0\u00a0\u00a0\u00a0\u00a0\u00a0\u00a0"}]},{"@type":"WebSite","@id":"https:\/\/diarioellabrador.cl\/#website","url":"https:\/\/diarioellabrador.cl\/","name":"Diario El Labrador","description":"Haciendo noticia desde 1921","publisher":{"@id":"https:\/\/diarioellabrador.cl\/#organization"},"potentialAction":[{"@type":"SearchAction","target":{"@type":"EntryPoint","urlTemplate":"https:\/\/diarioellabrador.cl\/?s={search_term_string}"},"query-input":{"@type":"PropertyValueSpecification","valueRequired":true,"valueName":"search_term_string"}}],"inLanguage":"es"},{"@type":"Organization","@id":"https:\/\/diarioellabrador.cl\/#organization","name":"Diario El Labrador","url":"https:\/\/diarioellabrador.cl\/","logo":{"@type":"ImageObject","inLanguage":"es","@id":"https:\/\/diarioellabrador.cl\/#\/schema\/logo\/image\/","url":"https:\/\/diarioellabrador.cl\/wp-content\/uploads\/2025\/02\/cropped-Logo-Icono.png","contentUrl":"https:\/\/diarioellabrador.cl\/wp-content\/uploads\/2025\/02\/cropped-Logo-Icono.png","width":512,"height":512,"caption":"Diario El Labrador"},"image":{"@id":"https:\/\/diarioellabrador.cl\/#\/schema\/logo\/image\/"},"sameAs":["https:\/\/web.facebook.com\/profile.php?id=61576120840621","https:\/\/x.com\/ElLabradorOf","https:\/\/www.instagram.com\/diarioellabradoroficial\/"]},{"@type":"Person","@id":"https:\/\/diarioellabrador.cl\/#\/schema\/person\/bc25ff80b4563f9c7f4bd7855df01685","name":"Editor","image":{"@type":"ImageObject","inLanguage":"es","@id":"https:\/\/secure.gravatar.com\/avatar\/109c326cf2be5c04f048c2c2a2b8b6ef44bf3d8d1d3d4c55d0ac40c4bc994684?s=96&d=mm&r=g","url":"https:\/\/secure.gravatar.com\/avatar\/109c326cf2be5c04f048c2c2a2b8b6ef44bf3d8d1d3d4c55d0ac40c4bc994684?s=96&d=mm&r=g","contentUrl":"https:\/\/secure.gravatar.com\/avatar\/109c326cf2be5c04f048c2c2a2b8b6ef44bf3d8d1d3d4c55d0ac40c4bc994684?s=96&d=mm&r=g","caption":"Editor"},"url":"https:\/\/diarioellabrador.cl\/index.php\/author\/editor\/"}]}},"_links":{"self":[{"href":"https:\/\/diarioellabrador.cl\/index.php\/wp-json\/wp\/v2\/posts\/16559","targetHints":{"allow":["GET"]}}],"collection":[{"href":"https:\/\/diarioellabrador.cl\/index.php\/wp-json\/wp\/v2\/posts"}],"about":[{"href":"https:\/\/diarioellabrador.cl\/index.php\/wp-json\/wp\/v2\/types\/post"}],"author":[{"embeddable":true,"href":"https:\/\/diarioellabrador.cl\/index.php\/wp-json\/wp\/v2\/users\/2"}],"replies":[{"embeddable":true,"href":"https:\/\/diarioellabrador.cl\/index.php\/wp-json\/wp\/v2\/comments?post=16559"}],"version-history":[{"count":3,"href":"https:\/\/diarioellabrador.cl\/index.php\/wp-json\/wp\/v2\/posts\/16559\/revisions"}],"predecessor-version":[{"id":16957,"href":"https:\/\/diarioellabrador.cl\/index.php\/wp-json\/wp\/v2\/posts\/16559\/revisions\/16957"}],"wp:featuredmedia":[{"embeddable":true,"href":"https:\/\/diarioellabrador.cl\/index.php\/wp-json\/wp\/v2\/media\/16605"}],"wp:attachment":[{"href":"https:\/\/diarioellabrador.cl\/index.php\/wp-json\/wp\/v2\/media?parent=16559"}],"wp:term":[{"taxonomy":"category","embeddable":true,"href":"https:\/\/diarioellabrador.cl\/index.php\/wp-json\/wp\/v2\/categories?post=16559"},{"taxonomy":"post_tag","embeddable":true,"href":"https:\/\/diarioellabrador.cl\/index.php\/wp-json\/wp\/v2\/tags?post=16559"}],"curies":[{"name":"wp","href":"https:\/\/api.w.org\/{rel}","templated":true}]}}