{"id":16557,"date":"2026-03-14T18:10:00","date_gmt":"2026-03-14T22:10:00","guid":{"rendered":"https:\/\/diarioellabrador.cl\/?p=16557"},"modified":"2026-03-14T16:10:44","modified_gmt":"2026-03-14T20:10:44","slug":"65-fue-el-sismo-que-sacudio-hoy-a-la-zona-centro-norte-de-chile","status":"publish","type":"post","link":"https:\/\/diarioellabrador.cl\/index.php\/2026\/03\/14\/65-fue-el-sismo-que-sacudio-hoy-a-la-zona-centro-norte-de-chile\/","title":{"rendered":"6,5 fue el sismo que sacudi\u00f3 hoy a la zona centro norte de Chile"},"content":{"rendered":"\n<p>Por Johnny Ahumada Sep\u00falveda<\/p>\n\n\n\n<p>El viernes 13 se percibi\u00f3 un sismo de mediana intensidad a las 10:40 horas en las regiones de Atacama, Coquimbo y Metropolitana. El Centro Sismol\u00f3gico Nacional se\u00f1al\u00f3 que la magnitud del sismo fue de 6,5, con epicentro situado a 43 kil\u00f3metros al suroeste de Huasco, y epicentro a 28 kil\u00f3metros de profundidad.<\/p>\n\n\n\n<p>Por otro lado, el Servicio Nacional de Prevenci\u00f3n y Respuesta ante Desastres (SENAPRED) se\u00f1al\u00f3 que el intenso aumento de intensidades de VI grados Mercalli en comunas de La Serena, Coquimbo, La Higuera y Paiguano (todas comunas de la regi\u00f3n de Coquimbo); de V grados en Copiap\u00f3, Alto del Carmen, Tierra Amarilla, Huasco, Freirina, Diego de Almagro, Vallenar, R\u00edo Hurtado y Monte Patria.<\/p>\n\n\n\n<p>En las regiones de Valpara\u00edso y Metropolitana, la mayor intensidad alcanzada fue de un<\/p>\n\n\n\n<p>III. Que se describe como \u201cleve\u201d: Principalmente se sinti\u00f3 al interior de los edificios, muchas personas no lo reconocieron como temblor, pero si un leve ajetreo, fue un movimiento perceptible, pero sin causar da\u00f1os ni alarmas significativas, a diferencia de otras regiones del pa\u00eds.<\/p>\n\n\n\n<p>En la red social X (ex Twitter) la cuenta @Sismos_CSN especific\u00f3 la magnitud del sismo que sacudi\u00f3 a la zona centro norte de Chile, con esta informaci\u00f3n \u201cHora Local: 2026\/03\/13 10:39:22, mag: 6.5, Lat: -28.78, Lon: -71.4, Prof: 28.0, Loc : 39.1 km al SO<\/p>\n\n\n\n<p>de Huasco\u201d.<\/p>\n\n\n\n<p>\u201cNo re\u00fanen las condiciones necesarias para generar un tsunami en las costas de Chile\u201d, se\u00f1al\u00f3 el Hidrogr\u00e1fico y Oceanogr\u00e1fica de la Armada (SHOA) indic\u00f3 que las caracter\u00edsticas de ese movimiento tel\u00farico.<\/p>\n\n\n\n<p>Es por eso SENAPRED por motivos de seguridad, recomienda mantenerse informado sobre los recientes temblores que se registran en el pa\u00eds, una labor que desarrolla el Centro Sismol\u00f3gico Nacional de Universidad de Chile.<\/p>\n\n\n\n<p>La mayor\u00eda de los movimientos resultan imperceptibles para la ciudadan\u00eda, debido a que Chile se encuentra ubicado en el l\u00edmite de las placas tect\u00f3nicas de Naca y Sudamericana, movimientos que producen vibraciones de parte de la corteza terrestre del pa\u00eds.<\/p>\n","protected":false},"excerpt":{"rendered":"<p>Por Johnny Ahumada Sep\u00falveda El viernes 13 se percibi\u00f3 un sismo de mediana intensidad a las 10:40 horas en las regiones de Atacama, Coquimbo y Metropolitana. El Centro Sismol\u00f3gico Nacional se\u00f1al\u00f3 que la magnitud del sismo fue de 6,5, con epicentro situado a 43 kil\u00f3metros al suroeste de Huasco, y epicentro a 28 kil\u00f3metros de<\/p>\n<div class=\"read-more-wrapper\"><a class=\"read-more\" href=\"https:\/\/diarioellabrador.cl\/index.php\/2026\/03\/14\/65-fue-el-sismo-que-sacudio-hoy-a-la-zona-centro-norte-de-chile\/\" title=\"Leer m\u00e1s\"> <span class=\"button \">Leer m\u00e1s<\/span><\/a><\/div>\n","protected":false},"author":2,"featured_media":16532,"comment_status":"open","ping_status":"open","sticky":false,"template":"","format":"standard","meta":{"footnotes":""},"categories":[1],"tags":[],"class_list":["post-16557","post","type-post","status-publish","format-standard","has-post-thumbnail","hentry","category-cronica"],"yoast_head":"<!-- This site is optimized with the Yoast SEO plugin v27.5 - https:\/\/yoast.com\/product\/yoast-seo-wordpress\/ -->\n<title>6,5 fue el sismo que sacudi\u00f3 hoy a la zona centro norte de Chile - Diario El Labrador<\/title>\n<meta name=\"robots\" content=\"index, follow, max-snippet:-1, max-image-preview:large, max-video-preview:-1\" \/>\n<link rel=\"canonical\" href=\"https:\/\/diarioellabrador.cl\/index.php\/2026\/03\/14\/65-fue-el-sismo-que-sacudio-hoy-a-la-zona-centro-norte-de-chile\/\" \/>\n<meta property=\"og:locale\" content=\"es_ES\" \/>\n<meta property=\"og:type\" content=\"article\" \/>\n<meta property=\"og:title\" content=\"6,5 fue el sismo que sacudi\u00f3 hoy a la zona centro norte de Chile - Diario El Labrador\" \/>\n<meta property=\"og:description\" content=\"Por Johnny Ahumada Sep\u00falveda El viernes 13 se percibi\u00f3 un sismo de mediana intensidad a las 10:40 horas en las regiones de Atacama, Coquimbo y Metropolitana. El Centro Sismol\u00f3gico Nacional se\u00f1al\u00f3 que la magnitud del sismo fue de 6,5, con epicentro situado a 43 kil\u00f3metros al suroeste de Huasco, y epicentro a 28 kil\u00f3metros de Leer m\u00e1s\" \/>\n<meta property=\"og:url\" content=\"https:\/\/diarioellabrador.cl\/index.php\/2026\/03\/14\/65-fue-el-sismo-que-sacudio-hoy-a-la-zona-centro-norte-de-chile\/\" \/>\n<meta property=\"og:site_name\" content=\"Diario El Labrador\" \/>\n<meta property=\"article:publisher\" content=\"https:\/\/web.facebook.com\/profile.php?id=61576120840621\" \/>\n<meta property=\"article:published_time\" content=\"2026-03-14T22:10:00+00:00\" \/>\n<meta property=\"og:image\" content=\"https:\/\/diarioellabrador.cl\/wp-content\/uploads\/2026\/03\/65-fue-el-sismo-que-sacudio-hoy-a-la-zona-centro-norte-de-Chile.jpg\" \/>\n\t<meta property=\"og:image:width\" content=\"1024\" \/>\n\t<meta property=\"og:image:height\" content=\"640\" \/>\n\t<meta property=\"og:image:type\" content=\"image\/jpeg\" \/>\n<meta name=\"author\" content=\"Editor\" \/>\n<meta name=\"twitter:card\" content=\"summary_large_image\" \/>\n<meta name=\"twitter:creator\" content=\"@ElLabradorOf\" \/>\n<meta name=\"twitter:site\" content=\"@ElLabradorOf\" \/>\n<meta name=\"twitter:label1\" content=\"Escrito por\" \/>\n\t<meta name=\"twitter:data1\" content=\"Editor\" \/>\n\t<meta name=\"twitter:label2\" content=\"Tiempo de lectura\" \/>\n\t<meta name=\"twitter:data2\" content=\"2 minutos\" \/>\n<script type=\"application\/ld+json\" class=\"yoast-schema-graph\">{\"@context\":\"https:\\\/\\\/schema.org\",\"@graph\":[{\"@type\":\"Article\",\"@id\":\"https:\\\/\\\/diarioellabrador.cl\\\/index.php\\\/2026\\\/03\\\/14\\\/65-fue-el-sismo-que-sacudio-hoy-a-la-zona-centro-norte-de-chile\\\/#article\",\"isPartOf\":{\"@id\":\"https:\\\/\\\/diarioellabrador.cl\\\/index.php\\\/2026\\\/03\\\/14\\\/65-fue-el-sismo-que-sacudio-hoy-a-la-zona-centro-norte-de-chile\\\/\"},\"author\":{\"name\":\"Editor\",\"@id\":\"https:\\\/\\\/diarioellabrador.cl\\\/#\\\/schema\\\/person\\\/bc25ff80b4563f9c7f4bd7855df01685\"},\"headline\":\"6,5 fue el sismo que sacudi\u00f3 hoy a la zona centro norte de Chile\",\"datePublished\":\"2026-03-14T22:10:00+00:00\",\"mainEntityOfPage\":{\"@id\":\"https:\\\/\\\/diarioellabrador.cl\\\/index.php\\\/2026\\\/03\\\/14\\\/65-fue-el-sismo-que-sacudio-hoy-a-la-zona-centro-norte-de-chile\\\/\"},\"wordCount\":356,\"commentCount\":0,\"publisher\":{\"@id\":\"https:\\\/\\\/diarioellabrador.cl\\\/#organization\"},\"image\":{\"@id\":\"https:\\\/\\\/diarioellabrador.cl\\\/index.php\\\/2026\\\/03\\\/14\\\/65-fue-el-sismo-que-sacudio-hoy-a-la-zona-centro-norte-de-chile\\\/#primaryimage\"},\"thumbnailUrl\":\"https:\\\/\\\/diarioellabrador.cl\\\/wp-content\\\/uploads\\\/2026\\\/03\\\/65-fue-el-sismo-que-sacudio-hoy-a-la-zona-centro-norte-de-Chile.jpg\",\"articleSection\":[\"Cr\u00f3nica\"],\"inLanguage\":\"es\",\"potentialAction\":[{\"@type\":\"CommentAction\",\"name\":\"Comment\",\"target\":[\"https:\\\/\\\/diarioellabrador.cl\\\/index.php\\\/2026\\\/03\\\/14\\\/65-fue-el-sismo-que-sacudio-hoy-a-la-zona-centro-norte-de-chile\\\/#respond\"]}]},{\"@type\":\"WebPage\",\"@id\":\"https:\\\/\\\/diarioellabrador.cl\\\/index.php\\\/2026\\\/03\\\/14\\\/65-fue-el-sismo-que-sacudio-hoy-a-la-zona-centro-norte-de-chile\\\/\",\"url\":\"https:\\\/\\\/diarioellabrador.cl\\\/index.php\\\/2026\\\/03\\\/14\\\/65-fue-el-sismo-que-sacudio-hoy-a-la-zona-centro-norte-de-chile\\\/\",\"name\":\"6,5 fue el sismo que sacudi\u00f3 hoy a la zona centro norte de Chile - Diario El Labrador\",\"isPartOf\":{\"@id\":\"https:\\\/\\\/diarioellabrador.cl\\\/#website\"},\"primaryImageOfPage\":{\"@id\":\"https:\\\/\\\/diarioellabrador.cl\\\/index.php\\\/2026\\\/03\\\/14\\\/65-fue-el-sismo-que-sacudio-hoy-a-la-zona-centro-norte-de-chile\\\/#primaryimage\"},\"image\":{\"@id\":\"https:\\\/\\\/diarioellabrador.cl\\\/index.php\\\/2026\\\/03\\\/14\\\/65-fue-el-sismo-que-sacudio-hoy-a-la-zona-centro-norte-de-chile\\\/#primaryimage\"},\"thumbnailUrl\":\"https:\\\/\\\/diarioellabrador.cl\\\/wp-content\\\/uploads\\\/2026\\\/03\\\/65-fue-el-sismo-que-sacudio-hoy-a-la-zona-centro-norte-de-Chile.jpg\",\"datePublished\":\"2026-03-14T22:10:00+00:00\",\"breadcrumb\":{\"@id\":\"https:\\\/\\\/diarioellabrador.cl\\\/index.php\\\/2026\\\/03\\\/14\\\/65-fue-el-sismo-que-sacudio-hoy-a-la-zona-centro-norte-de-chile\\\/#breadcrumb\"},\"inLanguage\":\"es\",\"potentialAction\":[{\"@type\":\"ReadAction\",\"target\":[\"https:\\\/\\\/diarioellabrador.cl\\\/index.php\\\/2026\\\/03\\\/14\\\/65-fue-el-sismo-que-sacudio-hoy-a-la-zona-centro-norte-de-chile\\\/\"]}]},{\"@type\":\"ImageObject\",\"inLanguage\":\"es\",\"@id\":\"https:\\\/\\\/diarioellabrador.cl\\\/index.php\\\/2026\\\/03\\\/14\\\/65-fue-el-sismo-que-sacudio-hoy-a-la-zona-centro-norte-de-chile\\\/#primaryimage\",\"url\":\"https:\\\/\\\/diarioellabrador.cl\\\/wp-content\\\/uploads\\\/2026\\\/03\\\/65-fue-el-sismo-que-sacudio-hoy-a-la-zona-centro-norte-de-Chile.jpg\",\"contentUrl\":\"https:\\\/\\\/diarioellabrador.cl\\\/wp-content\\\/uploads\\\/2026\\\/03\\\/65-fue-el-sismo-que-sacudio-hoy-a-la-zona-centro-norte-de-Chile.jpg\",\"width\":1024,\"height\":640},{\"@type\":\"BreadcrumbList\",\"@id\":\"https:\\\/\\\/diarioellabrador.cl\\\/index.php\\\/2026\\\/03\\\/14\\\/65-fue-el-sismo-que-sacudio-hoy-a-la-zona-centro-norte-de-chile\\\/#breadcrumb\",\"itemListElement\":[{\"@type\":\"ListItem\",\"position\":1,\"name\":\"Portada\",\"item\":\"https:\\\/\\\/diarioellabrador.cl\\\/\"},{\"@type\":\"ListItem\",\"position\":2,\"name\":\"6,5 fue el sismo que sacudi\u00f3 hoy a la zona centro norte de Chile\"}]},{\"@type\":\"WebSite\",\"@id\":\"https:\\\/\\\/diarioellabrador.cl\\\/#website\",\"url\":\"https:\\\/\\\/diarioellabrador.cl\\\/\",\"name\":\"Diario El Labrador\",\"description\":\"Haciendo noticia desde 1921\",\"publisher\":{\"@id\":\"https:\\\/\\\/diarioellabrador.cl\\\/#organization\"},\"potentialAction\":[{\"@type\":\"SearchAction\",\"target\":{\"@type\":\"EntryPoint\",\"urlTemplate\":\"https:\\\/\\\/diarioellabrador.cl\\\/?s={search_term_string}\"},\"query-input\":{\"@type\":\"PropertyValueSpecification\",\"valueRequired\":true,\"valueName\":\"search_term_string\"}}],\"inLanguage\":\"es\"},{\"@type\":\"Organization\",\"@id\":\"https:\\\/\\\/diarioellabrador.cl\\\/#organization\",\"name\":\"Diario El Labrador\",\"url\":\"https:\\\/\\\/diarioellabrador.cl\\\/\",\"logo\":{\"@type\":\"ImageObject\",\"inLanguage\":\"es\",\"@id\":\"https:\\\/\\\/diarioellabrador.cl\\\/#\\\/schema\\\/logo\\\/image\\\/\",\"url\":\"https:\\\/\\\/diarioellabrador.cl\\\/wp-content\\\/uploads\\\/2025\\\/02\\\/cropped-Logo-Icono.png\",\"contentUrl\":\"https:\\\/\\\/diarioellabrador.cl\\\/wp-content\\\/uploads\\\/2025\\\/02\\\/cropped-Logo-Icono.png\",\"width\":512,\"height\":512,\"caption\":\"Diario El Labrador\"},\"image\":{\"@id\":\"https:\\\/\\\/diarioellabrador.cl\\\/#\\\/schema\\\/logo\\\/image\\\/\"},\"sameAs\":[\"https:\\\/\\\/web.facebook.com\\\/profile.php?id=61576120840621\",\"https:\\\/\\\/x.com\\\/ElLabradorOf\",\"https:\\\/\\\/www.instagram.com\\\/diarioellabradoroficial\\\/\"]},{\"@type\":\"Person\",\"@id\":\"https:\\\/\\\/diarioellabrador.cl\\\/#\\\/schema\\\/person\\\/bc25ff80b4563f9c7f4bd7855df01685\",\"name\":\"Editor\",\"image\":{\"@type\":\"ImageObject\",\"inLanguage\":\"es\",\"@id\":\"https:\\\/\\\/secure.gravatar.com\\\/avatar\\\/109c326cf2be5c04f048c2c2a2b8b6ef44bf3d8d1d3d4c55d0ac40c4bc994684?s=96&d=mm&r=g\",\"url\":\"https:\\\/\\\/secure.gravatar.com\\\/avatar\\\/109c326cf2be5c04f048c2c2a2b8b6ef44bf3d8d1d3d4c55d0ac40c4bc994684?s=96&d=mm&r=g\",\"contentUrl\":\"https:\\\/\\\/secure.gravatar.com\\\/avatar\\\/109c326cf2be5c04f048c2c2a2b8b6ef44bf3d8d1d3d4c55d0ac40c4bc994684?s=96&d=mm&r=g\",\"caption\":\"Editor\"},\"url\":\"https:\\\/\\\/diarioellabrador.cl\\\/index.php\\\/author\\\/editor\\\/\"}]}<\/script>\n<!-- \/ Yoast SEO plugin. -->","yoast_head_json":{"title":"6,5 fue el sismo que sacudi\u00f3 hoy a la zona centro norte de Chile - Diario El Labrador","robots":{"index":"index","follow":"follow","max-snippet":"max-snippet:-1","max-image-preview":"max-image-preview:large","max-video-preview":"max-video-preview:-1"},"canonical":"https:\/\/diarioellabrador.cl\/index.php\/2026\/03\/14\/65-fue-el-sismo-que-sacudio-hoy-a-la-zona-centro-norte-de-chile\/","og_locale":"es_ES","og_type":"article","og_title":"6,5 fue el sismo que sacudi\u00f3 hoy a la zona centro norte de Chile - Diario El Labrador","og_description":"Por Johnny Ahumada Sep\u00falveda El viernes 13 se percibi\u00f3 un sismo de mediana intensidad a las 10:40 horas en las regiones de Atacama, Coquimbo y Metropolitana. El Centro Sismol\u00f3gico Nacional se\u00f1al\u00f3 que la magnitud del sismo fue de 6,5, con epicentro situado a 43 kil\u00f3metros al suroeste de Huasco, y epicentro a 28 kil\u00f3metros de Leer m\u00e1s","og_url":"https:\/\/diarioellabrador.cl\/index.php\/2026\/03\/14\/65-fue-el-sismo-que-sacudio-hoy-a-la-zona-centro-norte-de-chile\/","og_site_name":"Diario El Labrador","article_publisher":"https:\/\/web.facebook.com\/profile.php?id=61576120840621","article_published_time":"2026-03-14T22:10:00+00:00","og_image":[{"width":1024,"height":640,"url":"https:\/\/diarioellabrador.cl\/wp-content\/uploads\/2026\/03\/65-fue-el-sismo-que-sacudio-hoy-a-la-zona-centro-norte-de-Chile.jpg","type":"image\/jpeg"}],"author":"Editor","twitter_card":"summary_large_image","twitter_creator":"@ElLabradorOf","twitter_site":"@ElLabradorOf","twitter_misc":{"Escrito por":"Editor","Tiempo de lectura":"2 minutos"},"schema":{"@context":"https:\/\/schema.org","@graph":[{"@type":"Article","@id":"https:\/\/diarioellabrador.cl\/index.php\/2026\/03\/14\/65-fue-el-sismo-que-sacudio-hoy-a-la-zona-centro-norte-de-chile\/#article","isPartOf":{"@id":"https:\/\/diarioellabrador.cl\/index.php\/2026\/03\/14\/65-fue-el-sismo-que-sacudio-hoy-a-la-zona-centro-norte-de-chile\/"},"author":{"name":"Editor","@id":"https:\/\/diarioellabrador.cl\/#\/schema\/person\/bc25ff80b4563f9c7f4bd7855df01685"},"headline":"6,5 fue el sismo que sacudi\u00f3 hoy a la zona centro norte de Chile","datePublished":"2026-03-14T22:10:00+00:00","mainEntityOfPage":{"@id":"https:\/\/diarioellabrador.cl\/index.php\/2026\/03\/14\/65-fue-el-sismo-que-sacudio-hoy-a-la-zona-centro-norte-de-chile\/"},"wordCount":356,"commentCount":0,"publisher":{"@id":"https:\/\/diarioellabrador.cl\/#organization"},"image":{"@id":"https:\/\/diarioellabrador.cl\/index.php\/2026\/03\/14\/65-fue-el-sismo-que-sacudio-hoy-a-la-zona-centro-norte-de-chile\/#primaryimage"},"thumbnailUrl":"https:\/\/diarioellabrador.cl\/wp-content\/uploads\/2026\/03\/65-fue-el-sismo-que-sacudio-hoy-a-la-zona-centro-norte-de-Chile.jpg","articleSection":["Cr\u00f3nica"],"inLanguage":"es","potentialAction":[{"@type":"CommentAction","name":"Comment","target":["https:\/\/diarioellabrador.cl\/index.php\/2026\/03\/14\/65-fue-el-sismo-que-sacudio-hoy-a-la-zona-centro-norte-de-chile\/#respond"]}]},{"@type":"WebPage","@id":"https:\/\/diarioellabrador.cl\/index.php\/2026\/03\/14\/65-fue-el-sismo-que-sacudio-hoy-a-la-zona-centro-norte-de-chile\/","url":"https:\/\/diarioellabrador.cl\/index.php\/2026\/03\/14\/65-fue-el-sismo-que-sacudio-hoy-a-la-zona-centro-norte-de-chile\/","name":"6,5 fue el sismo que sacudi\u00f3 hoy a la zona centro norte de Chile - Diario El Labrador","isPartOf":{"@id":"https:\/\/diarioellabrador.cl\/#website"},"primaryImageOfPage":{"@id":"https:\/\/diarioellabrador.cl\/index.php\/2026\/03\/14\/65-fue-el-sismo-que-sacudio-hoy-a-la-zona-centro-norte-de-chile\/#primaryimage"},"image":{"@id":"https:\/\/diarioellabrador.cl\/index.php\/2026\/03\/14\/65-fue-el-sismo-que-sacudio-hoy-a-la-zona-centro-norte-de-chile\/#primaryimage"},"thumbnailUrl":"https:\/\/diarioellabrador.cl\/wp-content\/uploads\/2026\/03\/65-fue-el-sismo-que-sacudio-hoy-a-la-zona-centro-norte-de-Chile.jpg","datePublished":"2026-03-14T22:10:00+00:00","breadcrumb":{"@id":"https:\/\/diarioellabrador.cl\/index.php\/2026\/03\/14\/65-fue-el-sismo-que-sacudio-hoy-a-la-zona-centro-norte-de-chile\/#breadcrumb"},"inLanguage":"es","potentialAction":[{"@type":"ReadAction","target":["https:\/\/diarioellabrador.cl\/index.php\/2026\/03\/14\/65-fue-el-sismo-que-sacudio-hoy-a-la-zona-centro-norte-de-chile\/"]}]},{"@type":"ImageObject","inLanguage":"es","@id":"https:\/\/diarioellabrador.cl\/index.php\/2026\/03\/14\/65-fue-el-sismo-que-sacudio-hoy-a-la-zona-centro-norte-de-chile\/#primaryimage","url":"https:\/\/diarioellabrador.cl\/wp-content\/uploads\/2026\/03\/65-fue-el-sismo-que-sacudio-hoy-a-la-zona-centro-norte-de-Chile.jpg","contentUrl":"https:\/\/diarioellabrador.cl\/wp-content\/uploads\/2026\/03\/65-fue-el-sismo-que-sacudio-hoy-a-la-zona-centro-norte-de-Chile.jpg","width":1024,"height":640},{"@type":"BreadcrumbList","@id":"https:\/\/diarioellabrador.cl\/index.php\/2026\/03\/14\/65-fue-el-sismo-que-sacudio-hoy-a-la-zona-centro-norte-de-chile\/#breadcrumb","itemListElement":[{"@type":"ListItem","position":1,"name":"Portada","item":"https:\/\/diarioellabrador.cl\/"},{"@type":"ListItem","position":2,"name":"6,5 fue el sismo que sacudi\u00f3 hoy a la zona centro norte de Chile"}]},{"@type":"WebSite","@id":"https:\/\/diarioellabrador.cl\/#website","url":"https:\/\/diarioellabrador.cl\/","name":"Diario El Labrador","description":"Haciendo noticia desde 1921","publisher":{"@id":"https:\/\/diarioellabrador.cl\/#organization"},"potentialAction":[{"@type":"SearchAction","target":{"@type":"EntryPoint","urlTemplate":"https:\/\/diarioellabrador.cl\/?s={search_term_string}"},"query-input":{"@type":"PropertyValueSpecification","valueRequired":true,"valueName":"search_term_string"}}],"inLanguage":"es"},{"@type":"Organization","@id":"https:\/\/diarioellabrador.cl\/#organization","name":"Diario El Labrador","url":"https:\/\/diarioellabrador.cl\/","logo":{"@type":"ImageObject","inLanguage":"es","@id":"https:\/\/diarioellabrador.cl\/#\/schema\/logo\/image\/","url":"https:\/\/diarioellabrador.cl\/wp-content\/uploads\/2025\/02\/cropped-Logo-Icono.png","contentUrl":"https:\/\/diarioellabrador.cl\/wp-content\/uploads\/2025\/02\/cropped-Logo-Icono.png","width":512,"height":512,"caption":"Diario El Labrador"},"image":{"@id":"https:\/\/diarioellabrador.cl\/#\/schema\/logo\/image\/"},"sameAs":["https:\/\/web.facebook.com\/profile.php?id=61576120840621","https:\/\/x.com\/ElLabradorOf","https:\/\/www.instagram.com\/diarioellabradoroficial\/"]},{"@type":"Person","@id":"https:\/\/diarioellabrador.cl\/#\/schema\/person\/bc25ff80b4563f9c7f4bd7855df01685","name":"Editor","image":{"@type":"ImageObject","inLanguage":"es","@id":"https:\/\/secure.gravatar.com\/avatar\/109c326cf2be5c04f048c2c2a2b8b6ef44bf3d8d1d3d4c55d0ac40c4bc994684?s=96&d=mm&r=g","url":"https:\/\/secure.gravatar.com\/avatar\/109c326cf2be5c04f048c2c2a2b8b6ef44bf3d8d1d3d4c55d0ac40c4bc994684?s=96&d=mm&r=g","contentUrl":"https:\/\/secure.gravatar.com\/avatar\/109c326cf2be5c04f048c2c2a2b8b6ef44bf3d8d1d3d4c55d0ac40c4bc994684?s=96&d=mm&r=g","caption":"Editor"},"url":"https:\/\/diarioellabrador.cl\/index.php\/author\/editor\/"}]}},"_links":{"self":[{"href":"https:\/\/diarioellabrador.cl\/index.php\/wp-json\/wp\/v2\/posts\/16557","targetHints":{"allow":["GET"]}}],"collection":[{"href":"https:\/\/diarioellabrador.cl\/index.php\/wp-json\/wp\/v2\/posts"}],"about":[{"href":"https:\/\/diarioellabrador.cl\/index.php\/wp-json\/wp\/v2\/types\/post"}],"author":[{"embeddable":true,"href":"https:\/\/diarioellabrador.cl\/index.php\/wp-json\/wp\/v2\/users\/2"}],"replies":[{"embeddable":true,"href":"https:\/\/diarioellabrador.cl\/index.php\/wp-json\/wp\/v2\/comments?post=16557"}],"version-history":[{"count":1,"href":"https:\/\/diarioellabrador.cl\/index.php\/wp-json\/wp\/v2\/posts\/16557\/revisions"}],"predecessor-version":[{"id":16558,"href":"https:\/\/diarioellabrador.cl\/index.php\/wp-json\/wp\/v2\/posts\/16557\/revisions\/16558"}],"wp:featuredmedia":[{"embeddable":true,"href":"https:\/\/diarioellabrador.cl\/index.php\/wp-json\/wp\/v2\/media\/16532"}],"wp:attachment":[{"href":"https:\/\/diarioellabrador.cl\/index.php\/wp-json\/wp\/v2\/media?parent=16557"}],"wp:term":[{"taxonomy":"category","embeddable":true,"href":"https:\/\/diarioellabrador.cl\/index.php\/wp-json\/wp\/v2\/categories?post=16557"},{"taxonomy":"post_tag","embeddable":true,"href":"https:\/\/diarioellabrador.cl\/index.php\/wp-json\/wp\/v2\/tags?post=16557"}],"curies":[{"name":"wp","href":"https:\/\/api.w.org\/{rel}","templated":true}]}}