{"id":16555,"date":"2026-03-14T18:08:00","date_gmt":"2026-03-14T22:08:00","guid":{"rendered":"https:\/\/diarioellabrador.cl\/?p=16555"},"modified":"2026-03-14T16:08:42","modified_gmt":"2026-03-14T20:08:42","slug":"agua-de-los-campos-logro-un-lindo-premio-familiar-en-la-serie-mixta-de-melipilla","status":"publish","type":"post","link":"https:\/\/diarioellabrador.cl\/index.php\/2026\/03\/14\/agua-de-los-campos-logro-un-lindo-premio-familiar-en-la-serie-mixta-de-melipilla\/","title":{"rendered":"Agua de los Campos logr\u00f3 un lindo premio familiar en la Serie Mixta de Melipilla"},"content":{"rendered":"\n<p><strong>Autor: <\/strong><a href=\"https:\/\/www.caballoyrodeo.cl\/portal_rodeo\/site\/artic\/20240223\/pags\/20240223201413.html\">Alejandro Alegr\u00eda Torres<\/a><\/p>\n\n\n\n<p>El esp\u00edritu familiar y la estirpe del <strong>Criadero Agua de los Campos y Maquena<\/strong> se hicieron sentir con fuerza en el <strong>Clasificatorio Zona Norte<\/strong>. Los hermanos <strong>Miguel Ignacio<\/strong> y<strong> Gregorio Zunino<\/strong> (Asociaci\u00f3n Santiago Sur) brindaron una actuaci\u00f3n de menos a m\u00e1s para quedarse con el tercer lugar de la <strong>Serie Mixta<\/strong> <strong>de Melipilla<\/strong> y asegurar su presencia en el <strong>77\u00b0 Campeonato Nacional de Rodeo.<\/strong><\/p>\n\n\n\n<p>Los Zunino se impusieron montando a <strong>Fachada<\/strong> y <strong>Soy Seco<\/strong> con un total de 25 puntos buenos (parciales de 9+4+12), logrando una carrera espectacular en el tercer animal que se gan\u00f3 los aplausos del p\u00fablico presente en la Medialuna \u00abCarlos Zavala\u00bb de Chocal\u00e1n.<\/p>\n\n\n\n<p><strong>Gregorio Zunino<\/strong> se mostr\u00f3 muy contento por el logro conseguido, sobre todo porque asegur\u00f3 su debut en Rancagua y dijo a <strong>Caballoyrodeo.cl<\/strong>: \u00abEstoy muy contento. <strong>Es la primera vez que llego a Rancagua y m\u00e1s feliz todav\u00eda de poder hacerlo con mi hermano<\/strong>. Uno viene siempre con la intenci\u00f3n de atajar, pero que se presente as\u00ed es una alegr\u00eda inmensa para toda la familia que nos apoya el a\u00f1o completo\u00bb.<\/p>\n\n\n\n<p>En tanto, Miguel Ignacio, analiz\u00f3 lo re\u00f1ido que fue la serie: \u00ab<strong>Fue una serie brava y muy competitiva. Entramos al tercer toro raspando y en desventaja, pero pudimos marcar los 12 puntos que nos dieron la clasificaci\u00f3n<\/strong>. No s\u00e9 si estaba en los planes que se diera tan r\u00e1pido, pero el equipo es muy unido y en las buenas y en las malas nos estamos apa\u00f1ando\u00bb.<\/p>\n\n\n\n<p>La collera premiada tiene un sello gen\u00e9tico indiscutible, fruto del trabajo iniciado por el recordado Italo Zunino Muratori. \u00abEsta es una herencia completamente de mi abuelo<strong>. El saludo al cielo para \u00e9l. Son dos hijos del Estruendo en madres Malulo,<\/strong> caballos muy firmes que tienen cerca de 12 a\u00f1os. Armamos la collera tarde, en diciembre, pero se nos dio la completada r\u00e1pido\u00bb, explic\u00f3 Miguel Ignacio.<\/p>\n\n\n\n<p>Finalmente, los hermanos destacaron el apoyo de su padre, Miguel Zunino Besnier y de todo el equipo del criadero. \u00abVivimos este cuento en familia. Mi pap\u00e1 y mi t\u00edo (Italo) han seguido este legado y nos dan la oportunidad. Este triunfo es para todos los chiquillos que trabajan con nosotros, porque todos sufrimos y nos alegramos por igual\u00bb, concluy\u00f3 Miguel Ignacio.<\/p>\n","protected":false},"excerpt":{"rendered":"<p>Autor: Alejandro Alegr\u00eda Torres El esp\u00edritu familiar y la estirpe del Criadero Agua de los Campos y Maquena se hicieron sentir con fuerza en el Clasificatorio Zona Norte. Los hermanos Miguel Ignacio y Gregorio Zunino (Asociaci\u00f3n Santiago Sur) brindaron una actuaci\u00f3n de menos a m\u00e1s para quedarse con el tercer lugar de la Serie Mixta<\/p>\n<div class=\"read-more-wrapper\"><a class=\"read-more\" href=\"https:\/\/diarioellabrador.cl\/index.php\/2026\/03\/14\/agua-de-los-campos-logro-un-lindo-premio-familiar-en-la-serie-mixta-de-melipilla\/\" title=\"Leer m\u00e1s\"> <span class=\"button \">Leer m\u00e1s<\/span><\/a><\/div>\n","protected":false},"author":2,"featured_media":16541,"comment_status":"open","ping_status":"open","sticky":false,"template":"","format":"standard","meta":{"footnotes":""},"categories":[5],"tags":[],"class_list":["post-16555","post","type-post","status-publish","format-standard","has-post-thumbnail","hentry","category-rodeo"],"yoast_head":"<!-- This site is optimized with the Yoast SEO plugin v27.5 - https:\/\/yoast.com\/product\/yoast-seo-wordpress\/ -->\n<title>Agua de los Campos logr\u00f3 un lindo premio familiar en la Serie Mixta de Melipilla - Diario El Labrador<\/title>\n<meta name=\"robots\" content=\"index, follow, max-snippet:-1, max-image-preview:large, max-video-preview:-1\" \/>\n<link rel=\"canonical\" href=\"https:\/\/diarioellabrador.cl\/index.php\/2026\/03\/14\/agua-de-los-campos-logro-un-lindo-premio-familiar-en-la-serie-mixta-de-melipilla\/\" \/>\n<meta property=\"og:locale\" content=\"es_ES\" \/>\n<meta property=\"og:type\" content=\"article\" \/>\n<meta property=\"og:title\" content=\"Agua de los Campos logr\u00f3 un lindo premio familiar en la Serie Mixta de Melipilla - Diario El Labrador\" \/>\n<meta property=\"og:description\" content=\"Autor: Alejandro Alegr\u00eda Torres El esp\u00edritu familiar y la estirpe del Criadero Agua de los Campos y Maquena se hicieron sentir con fuerza en el Clasificatorio Zona Norte. Los hermanos Miguel Ignacio y Gregorio Zunino (Asociaci\u00f3n Santiago Sur) brindaron una actuaci\u00f3n de menos a m\u00e1s para quedarse con el tercer lugar de la Serie Mixta Leer m\u00e1s\" \/>\n<meta property=\"og:url\" content=\"https:\/\/diarioellabrador.cl\/index.php\/2026\/03\/14\/agua-de-los-campos-logro-un-lindo-premio-familiar-en-la-serie-mixta-de-melipilla\/\" \/>\n<meta property=\"og:site_name\" content=\"Diario El Labrador\" \/>\n<meta property=\"article:publisher\" content=\"https:\/\/web.facebook.com\/profile.php?id=61576120840621\" \/>\n<meta property=\"article:published_time\" content=\"2026-03-14T22:08:00+00:00\" \/>\n<meta property=\"og:image\" content=\"https:\/\/diarioellabrador.cl\/wp-content\/uploads\/2026\/03\/Agua-de-los-Campos-logro-un-lindo-premio-familiar-en-la-Serie-Mixta-de-Melipilla.jpg\" \/>\n\t<meta property=\"og:image:width\" content=\"750\" \/>\n\t<meta property=\"og:image:height\" content=\"389\" \/>\n\t<meta property=\"og:image:type\" content=\"image\/jpeg\" \/>\n<meta name=\"author\" content=\"Editor\" \/>\n<meta name=\"twitter:card\" content=\"summary_large_image\" \/>\n<meta name=\"twitter:creator\" content=\"@ElLabradorOf\" \/>\n<meta name=\"twitter:site\" content=\"@ElLabradorOf\" \/>\n<meta name=\"twitter:label1\" content=\"Escrito por\" \/>\n\t<meta name=\"twitter:data1\" content=\"Editor\" \/>\n\t<meta name=\"twitter:label2\" content=\"Tiempo de lectura\" \/>\n\t<meta name=\"twitter:data2\" content=\"2 minutos\" \/>\n<script type=\"application\/ld+json\" class=\"yoast-schema-graph\">{\"@context\":\"https:\\\/\\\/schema.org\",\"@graph\":[{\"@type\":\"Article\",\"@id\":\"https:\\\/\\\/diarioellabrador.cl\\\/index.php\\\/2026\\\/03\\\/14\\\/agua-de-los-campos-logro-un-lindo-premio-familiar-en-la-serie-mixta-de-melipilla\\\/#article\",\"isPartOf\":{\"@id\":\"https:\\\/\\\/diarioellabrador.cl\\\/index.php\\\/2026\\\/03\\\/14\\\/agua-de-los-campos-logro-un-lindo-premio-familiar-en-la-serie-mixta-de-melipilla\\\/\"},\"author\":{\"name\":\"Editor\",\"@id\":\"https:\\\/\\\/diarioellabrador.cl\\\/#\\\/schema\\\/person\\\/bc25ff80b4563f9c7f4bd7855df01685\"},\"headline\":\"Agua de los Campos logr\u00f3 un lindo premio familiar en la Serie Mixta de Melipilla\",\"datePublished\":\"2026-03-14T22:08:00+00:00\",\"mainEntityOfPage\":{\"@id\":\"https:\\\/\\\/diarioellabrador.cl\\\/index.php\\\/2026\\\/03\\\/14\\\/agua-de-los-campos-logro-un-lindo-premio-familiar-en-la-serie-mixta-de-melipilla\\\/\"},\"wordCount\":404,\"commentCount\":0,\"publisher\":{\"@id\":\"https:\\\/\\\/diarioellabrador.cl\\\/#organization\"},\"image\":{\"@id\":\"https:\\\/\\\/diarioellabrador.cl\\\/index.php\\\/2026\\\/03\\\/14\\\/agua-de-los-campos-logro-un-lindo-premio-familiar-en-la-serie-mixta-de-melipilla\\\/#primaryimage\"},\"thumbnailUrl\":\"https:\\\/\\\/diarioellabrador.cl\\\/wp-content\\\/uploads\\\/2026\\\/03\\\/Agua-de-los-Campos-logro-un-lindo-premio-familiar-en-la-Serie-Mixta-de-Melipilla.jpg\",\"articleSection\":[\"Rodeo\"],\"inLanguage\":\"es\",\"potentialAction\":[{\"@type\":\"CommentAction\",\"name\":\"Comment\",\"target\":[\"https:\\\/\\\/diarioellabrador.cl\\\/index.php\\\/2026\\\/03\\\/14\\\/agua-de-los-campos-logro-un-lindo-premio-familiar-en-la-serie-mixta-de-melipilla\\\/#respond\"]}]},{\"@type\":\"WebPage\",\"@id\":\"https:\\\/\\\/diarioellabrador.cl\\\/index.php\\\/2026\\\/03\\\/14\\\/agua-de-los-campos-logro-un-lindo-premio-familiar-en-la-serie-mixta-de-melipilla\\\/\",\"url\":\"https:\\\/\\\/diarioellabrador.cl\\\/index.php\\\/2026\\\/03\\\/14\\\/agua-de-los-campos-logro-un-lindo-premio-familiar-en-la-serie-mixta-de-melipilla\\\/\",\"name\":\"Agua de los Campos logr\u00f3 un lindo premio familiar en la Serie Mixta de Melipilla - Diario El Labrador\",\"isPartOf\":{\"@id\":\"https:\\\/\\\/diarioellabrador.cl\\\/#website\"},\"primaryImageOfPage\":{\"@id\":\"https:\\\/\\\/diarioellabrador.cl\\\/index.php\\\/2026\\\/03\\\/14\\\/agua-de-los-campos-logro-un-lindo-premio-familiar-en-la-serie-mixta-de-melipilla\\\/#primaryimage\"},\"image\":{\"@id\":\"https:\\\/\\\/diarioellabrador.cl\\\/index.php\\\/2026\\\/03\\\/14\\\/agua-de-los-campos-logro-un-lindo-premio-familiar-en-la-serie-mixta-de-melipilla\\\/#primaryimage\"},\"thumbnailUrl\":\"https:\\\/\\\/diarioellabrador.cl\\\/wp-content\\\/uploads\\\/2026\\\/03\\\/Agua-de-los-Campos-logro-un-lindo-premio-familiar-en-la-Serie-Mixta-de-Melipilla.jpg\",\"datePublished\":\"2026-03-14T22:08:00+00:00\",\"breadcrumb\":{\"@id\":\"https:\\\/\\\/diarioellabrador.cl\\\/index.php\\\/2026\\\/03\\\/14\\\/agua-de-los-campos-logro-un-lindo-premio-familiar-en-la-serie-mixta-de-melipilla\\\/#breadcrumb\"},\"inLanguage\":\"es\",\"potentialAction\":[{\"@type\":\"ReadAction\",\"target\":[\"https:\\\/\\\/diarioellabrador.cl\\\/index.php\\\/2026\\\/03\\\/14\\\/agua-de-los-campos-logro-un-lindo-premio-familiar-en-la-serie-mixta-de-melipilla\\\/\"]}]},{\"@type\":\"ImageObject\",\"inLanguage\":\"es\",\"@id\":\"https:\\\/\\\/diarioellabrador.cl\\\/index.php\\\/2026\\\/03\\\/14\\\/agua-de-los-campos-logro-un-lindo-premio-familiar-en-la-serie-mixta-de-melipilla\\\/#primaryimage\",\"url\":\"https:\\\/\\\/diarioellabrador.cl\\\/wp-content\\\/uploads\\\/2026\\\/03\\\/Agua-de-los-Campos-logro-un-lindo-premio-familiar-en-la-Serie-Mixta-de-Melipilla.jpg\",\"contentUrl\":\"https:\\\/\\\/diarioellabrador.cl\\\/wp-content\\\/uploads\\\/2026\\\/03\\\/Agua-de-los-Campos-logro-un-lindo-premio-familiar-en-la-Serie-Mixta-de-Melipilla.jpg\",\"width\":750,\"height\":389},{\"@type\":\"BreadcrumbList\",\"@id\":\"https:\\\/\\\/diarioellabrador.cl\\\/index.php\\\/2026\\\/03\\\/14\\\/agua-de-los-campos-logro-un-lindo-premio-familiar-en-la-serie-mixta-de-melipilla\\\/#breadcrumb\",\"itemListElement\":[{\"@type\":\"ListItem\",\"position\":1,\"name\":\"Portada\",\"item\":\"https:\\\/\\\/diarioellabrador.cl\\\/\"},{\"@type\":\"ListItem\",\"position\":2,\"name\":\"Agua de los Campos logr\u00f3 un lindo premio familiar en la Serie Mixta de Melipilla\"}]},{\"@type\":\"WebSite\",\"@id\":\"https:\\\/\\\/diarioellabrador.cl\\\/#website\",\"url\":\"https:\\\/\\\/diarioellabrador.cl\\\/\",\"name\":\"Diario El Labrador\",\"description\":\"Haciendo noticia desde 1921\",\"publisher\":{\"@id\":\"https:\\\/\\\/diarioellabrador.cl\\\/#organization\"},\"potentialAction\":[{\"@type\":\"SearchAction\",\"target\":{\"@type\":\"EntryPoint\",\"urlTemplate\":\"https:\\\/\\\/diarioellabrador.cl\\\/?s={search_term_string}\"},\"query-input\":{\"@type\":\"PropertyValueSpecification\",\"valueRequired\":true,\"valueName\":\"search_term_string\"}}],\"inLanguage\":\"es\"},{\"@type\":\"Organization\",\"@id\":\"https:\\\/\\\/diarioellabrador.cl\\\/#organization\",\"name\":\"Diario El Labrador\",\"url\":\"https:\\\/\\\/diarioellabrador.cl\\\/\",\"logo\":{\"@type\":\"ImageObject\",\"inLanguage\":\"es\",\"@id\":\"https:\\\/\\\/diarioellabrador.cl\\\/#\\\/schema\\\/logo\\\/image\\\/\",\"url\":\"https:\\\/\\\/diarioellabrador.cl\\\/wp-content\\\/uploads\\\/2025\\\/02\\\/cropped-Logo-Icono.png\",\"contentUrl\":\"https:\\\/\\\/diarioellabrador.cl\\\/wp-content\\\/uploads\\\/2025\\\/02\\\/cropped-Logo-Icono.png\",\"width\":512,\"height\":512,\"caption\":\"Diario El Labrador\"},\"image\":{\"@id\":\"https:\\\/\\\/diarioellabrador.cl\\\/#\\\/schema\\\/logo\\\/image\\\/\"},\"sameAs\":[\"https:\\\/\\\/web.facebook.com\\\/profile.php?id=61576120840621\",\"https:\\\/\\\/x.com\\\/ElLabradorOf\",\"https:\\\/\\\/www.instagram.com\\\/diarioellabradoroficial\\\/\"]},{\"@type\":\"Person\",\"@id\":\"https:\\\/\\\/diarioellabrador.cl\\\/#\\\/schema\\\/person\\\/bc25ff80b4563f9c7f4bd7855df01685\",\"name\":\"Editor\",\"image\":{\"@type\":\"ImageObject\",\"inLanguage\":\"es\",\"@id\":\"https:\\\/\\\/secure.gravatar.com\\\/avatar\\\/109c326cf2be5c04f048c2c2a2b8b6ef44bf3d8d1d3d4c55d0ac40c4bc994684?s=96&d=mm&r=g\",\"url\":\"https:\\\/\\\/secure.gravatar.com\\\/avatar\\\/109c326cf2be5c04f048c2c2a2b8b6ef44bf3d8d1d3d4c55d0ac40c4bc994684?s=96&d=mm&r=g\",\"contentUrl\":\"https:\\\/\\\/secure.gravatar.com\\\/avatar\\\/109c326cf2be5c04f048c2c2a2b8b6ef44bf3d8d1d3d4c55d0ac40c4bc994684?s=96&d=mm&r=g\",\"caption\":\"Editor\"},\"url\":\"https:\\\/\\\/diarioellabrador.cl\\\/index.php\\\/author\\\/editor\\\/\"}]}<\/script>\n<!-- \/ Yoast SEO plugin. -->","yoast_head_json":{"title":"Agua de los Campos logr\u00f3 un lindo premio familiar en la Serie Mixta de Melipilla - Diario El Labrador","robots":{"index":"index","follow":"follow","max-snippet":"max-snippet:-1","max-image-preview":"max-image-preview:large","max-video-preview":"max-video-preview:-1"},"canonical":"https:\/\/diarioellabrador.cl\/index.php\/2026\/03\/14\/agua-de-los-campos-logro-un-lindo-premio-familiar-en-la-serie-mixta-de-melipilla\/","og_locale":"es_ES","og_type":"article","og_title":"Agua de los Campos logr\u00f3 un lindo premio familiar en la Serie Mixta de Melipilla - Diario El Labrador","og_description":"Autor: Alejandro Alegr\u00eda Torres El esp\u00edritu familiar y la estirpe del Criadero Agua de los Campos y Maquena se hicieron sentir con fuerza en el Clasificatorio Zona Norte. Los hermanos Miguel Ignacio y Gregorio Zunino (Asociaci\u00f3n Santiago Sur) brindaron una actuaci\u00f3n de menos a m\u00e1s para quedarse con el tercer lugar de la Serie Mixta Leer m\u00e1s","og_url":"https:\/\/diarioellabrador.cl\/index.php\/2026\/03\/14\/agua-de-los-campos-logro-un-lindo-premio-familiar-en-la-serie-mixta-de-melipilla\/","og_site_name":"Diario El Labrador","article_publisher":"https:\/\/web.facebook.com\/profile.php?id=61576120840621","article_published_time":"2026-03-14T22:08:00+00:00","og_image":[{"width":750,"height":389,"url":"https:\/\/diarioellabrador.cl\/wp-content\/uploads\/2026\/03\/Agua-de-los-Campos-logro-un-lindo-premio-familiar-en-la-Serie-Mixta-de-Melipilla.jpg","type":"image\/jpeg"}],"author":"Editor","twitter_card":"summary_large_image","twitter_creator":"@ElLabradorOf","twitter_site":"@ElLabradorOf","twitter_misc":{"Escrito por":"Editor","Tiempo de lectura":"2 minutos"},"schema":{"@context":"https:\/\/schema.org","@graph":[{"@type":"Article","@id":"https:\/\/diarioellabrador.cl\/index.php\/2026\/03\/14\/agua-de-los-campos-logro-un-lindo-premio-familiar-en-la-serie-mixta-de-melipilla\/#article","isPartOf":{"@id":"https:\/\/diarioellabrador.cl\/index.php\/2026\/03\/14\/agua-de-los-campos-logro-un-lindo-premio-familiar-en-la-serie-mixta-de-melipilla\/"},"author":{"name":"Editor","@id":"https:\/\/diarioellabrador.cl\/#\/schema\/person\/bc25ff80b4563f9c7f4bd7855df01685"},"headline":"Agua de los Campos logr\u00f3 un lindo premio familiar en la Serie Mixta de Melipilla","datePublished":"2026-03-14T22:08:00+00:00","mainEntityOfPage":{"@id":"https:\/\/diarioellabrador.cl\/index.php\/2026\/03\/14\/agua-de-los-campos-logro-un-lindo-premio-familiar-en-la-serie-mixta-de-melipilla\/"},"wordCount":404,"commentCount":0,"publisher":{"@id":"https:\/\/diarioellabrador.cl\/#organization"},"image":{"@id":"https:\/\/diarioellabrador.cl\/index.php\/2026\/03\/14\/agua-de-los-campos-logro-un-lindo-premio-familiar-en-la-serie-mixta-de-melipilla\/#primaryimage"},"thumbnailUrl":"https:\/\/diarioellabrador.cl\/wp-content\/uploads\/2026\/03\/Agua-de-los-Campos-logro-un-lindo-premio-familiar-en-la-Serie-Mixta-de-Melipilla.jpg","articleSection":["Rodeo"],"inLanguage":"es","potentialAction":[{"@type":"CommentAction","name":"Comment","target":["https:\/\/diarioellabrador.cl\/index.php\/2026\/03\/14\/agua-de-los-campos-logro-un-lindo-premio-familiar-en-la-serie-mixta-de-melipilla\/#respond"]}]},{"@type":"WebPage","@id":"https:\/\/diarioellabrador.cl\/index.php\/2026\/03\/14\/agua-de-los-campos-logro-un-lindo-premio-familiar-en-la-serie-mixta-de-melipilla\/","url":"https:\/\/diarioellabrador.cl\/index.php\/2026\/03\/14\/agua-de-los-campos-logro-un-lindo-premio-familiar-en-la-serie-mixta-de-melipilla\/","name":"Agua de los Campos logr\u00f3 un lindo premio familiar en la Serie Mixta de Melipilla - Diario El Labrador","isPartOf":{"@id":"https:\/\/diarioellabrador.cl\/#website"},"primaryImageOfPage":{"@id":"https:\/\/diarioellabrador.cl\/index.php\/2026\/03\/14\/agua-de-los-campos-logro-un-lindo-premio-familiar-en-la-serie-mixta-de-melipilla\/#primaryimage"},"image":{"@id":"https:\/\/diarioellabrador.cl\/index.php\/2026\/03\/14\/agua-de-los-campos-logro-un-lindo-premio-familiar-en-la-serie-mixta-de-melipilla\/#primaryimage"},"thumbnailUrl":"https:\/\/diarioellabrador.cl\/wp-content\/uploads\/2026\/03\/Agua-de-los-Campos-logro-un-lindo-premio-familiar-en-la-Serie-Mixta-de-Melipilla.jpg","datePublished":"2026-03-14T22:08:00+00:00","breadcrumb":{"@id":"https:\/\/diarioellabrador.cl\/index.php\/2026\/03\/14\/agua-de-los-campos-logro-un-lindo-premio-familiar-en-la-serie-mixta-de-melipilla\/#breadcrumb"},"inLanguage":"es","potentialAction":[{"@type":"ReadAction","target":["https:\/\/diarioellabrador.cl\/index.php\/2026\/03\/14\/agua-de-los-campos-logro-un-lindo-premio-familiar-en-la-serie-mixta-de-melipilla\/"]}]},{"@type":"ImageObject","inLanguage":"es","@id":"https:\/\/diarioellabrador.cl\/index.php\/2026\/03\/14\/agua-de-los-campos-logro-un-lindo-premio-familiar-en-la-serie-mixta-de-melipilla\/#primaryimage","url":"https:\/\/diarioellabrador.cl\/wp-content\/uploads\/2026\/03\/Agua-de-los-Campos-logro-un-lindo-premio-familiar-en-la-Serie-Mixta-de-Melipilla.jpg","contentUrl":"https:\/\/diarioellabrador.cl\/wp-content\/uploads\/2026\/03\/Agua-de-los-Campos-logro-un-lindo-premio-familiar-en-la-Serie-Mixta-de-Melipilla.jpg","width":750,"height":389},{"@type":"BreadcrumbList","@id":"https:\/\/diarioellabrador.cl\/index.php\/2026\/03\/14\/agua-de-los-campos-logro-un-lindo-premio-familiar-en-la-serie-mixta-de-melipilla\/#breadcrumb","itemListElement":[{"@type":"ListItem","position":1,"name":"Portada","item":"https:\/\/diarioellabrador.cl\/"},{"@type":"ListItem","position":2,"name":"Agua de los Campos logr\u00f3 un lindo premio familiar en la Serie Mixta de Melipilla"}]},{"@type":"WebSite","@id":"https:\/\/diarioellabrador.cl\/#website","url":"https:\/\/diarioellabrador.cl\/","name":"Diario El Labrador","description":"Haciendo noticia desde 1921","publisher":{"@id":"https:\/\/diarioellabrador.cl\/#organization"},"potentialAction":[{"@type":"SearchAction","target":{"@type":"EntryPoint","urlTemplate":"https:\/\/diarioellabrador.cl\/?s={search_term_string}"},"query-input":{"@type":"PropertyValueSpecification","valueRequired":true,"valueName":"search_term_string"}}],"inLanguage":"es"},{"@type":"Organization","@id":"https:\/\/diarioellabrador.cl\/#organization","name":"Diario El Labrador","url":"https:\/\/diarioellabrador.cl\/","logo":{"@type":"ImageObject","inLanguage":"es","@id":"https:\/\/diarioellabrador.cl\/#\/schema\/logo\/image\/","url":"https:\/\/diarioellabrador.cl\/wp-content\/uploads\/2025\/02\/cropped-Logo-Icono.png","contentUrl":"https:\/\/diarioellabrador.cl\/wp-content\/uploads\/2025\/02\/cropped-Logo-Icono.png","width":512,"height":512,"caption":"Diario El Labrador"},"image":{"@id":"https:\/\/diarioellabrador.cl\/#\/schema\/logo\/image\/"},"sameAs":["https:\/\/web.facebook.com\/profile.php?id=61576120840621","https:\/\/x.com\/ElLabradorOf","https:\/\/www.instagram.com\/diarioellabradoroficial\/"]},{"@type":"Person","@id":"https:\/\/diarioellabrador.cl\/#\/schema\/person\/bc25ff80b4563f9c7f4bd7855df01685","name":"Editor","image":{"@type":"ImageObject","inLanguage":"es","@id":"https:\/\/secure.gravatar.com\/avatar\/109c326cf2be5c04f048c2c2a2b8b6ef44bf3d8d1d3d4c55d0ac40c4bc994684?s=96&d=mm&r=g","url":"https:\/\/secure.gravatar.com\/avatar\/109c326cf2be5c04f048c2c2a2b8b6ef44bf3d8d1d3d4c55d0ac40c4bc994684?s=96&d=mm&r=g","contentUrl":"https:\/\/secure.gravatar.com\/avatar\/109c326cf2be5c04f048c2c2a2b8b6ef44bf3d8d1d3d4c55d0ac40c4bc994684?s=96&d=mm&r=g","caption":"Editor"},"url":"https:\/\/diarioellabrador.cl\/index.php\/author\/editor\/"}]}},"_links":{"self":[{"href":"https:\/\/diarioellabrador.cl\/index.php\/wp-json\/wp\/v2\/posts\/16555","targetHints":{"allow":["GET"]}}],"collection":[{"href":"https:\/\/diarioellabrador.cl\/index.php\/wp-json\/wp\/v2\/posts"}],"about":[{"href":"https:\/\/diarioellabrador.cl\/index.php\/wp-json\/wp\/v2\/types\/post"}],"author":[{"embeddable":true,"href":"https:\/\/diarioellabrador.cl\/index.php\/wp-json\/wp\/v2\/users\/2"}],"replies":[{"embeddable":true,"href":"https:\/\/diarioellabrador.cl\/index.php\/wp-json\/wp\/v2\/comments?post=16555"}],"version-history":[{"count":1,"href":"https:\/\/diarioellabrador.cl\/index.php\/wp-json\/wp\/v2\/posts\/16555\/revisions"}],"predecessor-version":[{"id":16556,"href":"https:\/\/diarioellabrador.cl\/index.php\/wp-json\/wp\/v2\/posts\/16555\/revisions\/16556"}],"wp:featuredmedia":[{"embeddable":true,"href":"https:\/\/diarioellabrador.cl\/index.php\/wp-json\/wp\/v2\/media\/16541"}],"wp:attachment":[{"href":"https:\/\/diarioellabrador.cl\/index.php\/wp-json\/wp\/v2\/media?parent=16555"}],"wp:term":[{"taxonomy":"category","embeddable":true,"href":"https:\/\/diarioellabrador.cl\/index.php\/wp-json\/wp\/v2\/categories?post=16555"},{"taxonomy":"post_tag","embeddable":true,"href":"https:\/\/diarioellabrador.cl\/index.php\/wp-json\/wp\/v2\/tags?post=16555"}],"curies":[{"name":"wp","href":"https:\/\/api.w.org\/{rel}","templated":true}]}}