{"id":16553,"date":"2026-03-14T18:07:00","date_gmt":"2026-03-14T22:07:00","guid":{"rendered":"https:\/\/diarioellabrador.cl\/?p=16553"},"modified":"2026-03-14T16:08:12","modified_gmt":"2026-03-14T20:08:12","slug":"palmas-de-penaflor-dio-espectaculo-en-la-mixta-con-tay-mal-y-bien-pagada","status":"publish","type":"post","link":"https:\/\/diarioellabrador.cl\/index.php\/2026\/03\/14\/palmas-de-penaflor-dio-espectaculo-en-la-mixta-con-tay-mal-y-bien-pagada\/","title":{"rendered":"Palmas de Pe\u00f1aflor dio espect\u00e1culo en la Mixta con Tay Mal y Bien Pagada"},"content":{"rendered":"\n<p><strong>Autor: <\/strong><a href=\"https:\/\/www.caballoyrodeo.cl\/portal_rodeo\/site\/tax\/port\/all\/taxport____1.html\">Caballoyrodeo.cl<\/a><\/p>\n\n\n\n<p>El <strong>Criadero Palmas de Pe\u00f1aflor<\/strong> hizo de las suyas en la <strong>Serie Mixta del Clasificatorio Zona Norte de Melipilla<\/strong> y de la mano de <strong>Alfredo Moreno y Juan Ignacio Meza<\/strong> (Asociaci\u00f3n Santiago Sur) sum\u00f3 su tercera collera clasificada al 77\u00b0 Campeonato Nacional de Rodeo.<\/p>\n\n\n\n<p>Moreno y Meza ganaron con imponentes <strong>33 puntos (12+13+8) en la collera del Tay Mal y la Bien Pagada<\/strong> para evidenciar el buen nivel de sus mancos.<\/p>\n\n\n\n<p><strong>Alfredo Moreno charl\u00f3 con Caballoyrodeo.cl<\/strong> y cont\u00f3 de su satisfacci\u00f3n luego de este nuevo premio conseguido en Chocal\u00e1n: \u00abLa verdad es que estamos felices, primero por el premio, que es lo que uno anda buscando. <strong>Y la manera, la cantidad de puntos que logramos, eso es porque los caballos estuvieron muy bien. As\u00ed que estamos felices, felices.<\/strong> Mi compa\u00f1ero como siempre un crack, su yegua estuvo espectacular, el potro tambi\u00e9n estuvo bien, as\u00ed que muy contentos\u00bb.<\/p>\n\n\n\n<p><strong>\u00abLa verdad que son dos caballos muy buenos, la yegua&#8230; bueno, qu\u00e9 decir. El potro tambi\u00e9n, lleva varios a\u00f1os, un caballo que muestra siempre cosas muy buenas y la verdad es que son muy regalones<\/strong>, es una suerte poder correr caballos as\u00ed, poder correr caballos encachados, caballos buenos. As\u00ed que a pasarlo bien nom\u00e1s, cuidarlos harto, Rancagua est\u00e1 cerquita, as\u00ed que trataremos que lleguen as\u00ed sanitos como han estado hasta aqu\u00ed, seguir cuid\u00e1ndolos para poder disfrutarlos all\u00e1 que es lo que uno espera todo el a\u00f1o\u00bb, a\u00f1adi\u00f3.<\/p>\n\n\n\n<p><strong>Meza, en tanto, expres\u00f3 estar \u00abmuy contento por la collera. A la yegua aqu\u00ed le tenemos harto cari\u00f1o<\/strong>, se hace m\u00e1s regalona que cualquier yegua y feliz por los caballos y por haber premiado de nuevo. Corrimos toros buenos y mi compa\u00f1ero tambi\u00e9n estuvo espectacular\u00bb.<\/p>\n\n\n\n<p>Segundos fueron <strong>Guillermo V\u00e1squez y Nicol\u00e1s Arroyo<\/strong> (Asociaci\u00f3n Melipilla) en <strong>Colonia Las Lumbreras Qu\u00e9 Opinai y Santa Isabel Ojalatero<\/strong> con 27 (12+10+5).<\/p>\n\n\n\n<p>Y tercero fue el <strong>Criadero Agua de los Campos y Maquena, con Miguel Zunino y Gregorio Zunino<\/strong> (Asociaci\u00f3n Santiago Sur) en F<strong>achada y Soy Seco<\/strong> con 25 (9+4+12).<\/p>\n\n\n\n<p>El cuarto lugar en tanto, recat\u00f3 en el<strong> Criadero Lo Miranda<\/strong>, con <strong>Gonzalo Rodolfo Vial y Jos\u00e9 Tom\u00e1s Meza<\/strong> (Asociaci\u00f3n Santiago Poniente) en<strong> Or\u00e9gano y Mait\u00e9n<\/strong> con 23 (8+11+4).<\/p>\n","protected":false},"excerpt":{"rendered":"<p>Autor: Caballoyrodeo.cl El Criadero Palmas de Pe\u00f1aflor hizo de las suyas en la Serie Mixta del Clasificatorio Zona Norte de Melipilla y de la mano de Alfredo Moreno y Juan Ignacio Meza (Asociaci\u00f3n Santiago Sur) sum\u00f3 su tercera collera clasificada al 77\u00b0 Campeonato Nacional de Rodeo. Moreno y Meza ganaron con imponentes 33 puntos (12+13+8)<\/p>\n<div class=\"read-more-wrapper\"><a class=\"read-more\" href=\"https:\/\/diarioellabrador.cl\/index.php\/2026\/03\/14\/palmas-de-penaflor-dio-espectaculo-en-la-mixta-con-tay-mal-y-bien-pagada\/\" title=\"Leer m\u00e1s\"> <span class=\"button \">Leer m\u00e1s<\/span><\/a><\/div>\n","protected":false},"author":2,"featured_media":16543,"comment_status":"open","ping_status":"open","sticky":false,"template":"","format":"standard","meta":{"footnotes":""},"categories":[5],"tags":[],"class_list":["post-16553","post","type-post","status-publish","format-standard","has-post-thumbnail","hentry","category-rodeo"],"yoast_head":"<!-- This site is optimized with the Yoast SEO plugin v27.5 - https:\/\/yoast.com\/product\/yoast-seo-wordpress\/ -->\n<title>Palmas de Pe\u00f1aflor dio espect\u00e1culo en la Mixta con Tay Mal y Bien Pagada - Diario El Labrador<\/title>\n<meta name=\"robots\" content=\"index, follow, max-snippet:-1, max-image-preview:large, max-video-preview:-1\" \/>\n<link rel=\"canonical\" href=\"https:\/\/diarioellabrador.cl\/index.php\/2026\/03\/14\/palmas-de-penaflor-dio-espectaculo-en-la-mixta-con-tay-mal-y-bien-pagada\/\" \/>\n<meta property=\"og:locale\" content=\"es_ES\" \/>\n<meta property=\"og:type\" content=\"article\" \/>\n<meta property=\"og:title\" content=\"Palmas de Pe\u00f1aflor dio espect\u00e1culo en la Mixta con Tay Mal y Bien Pagada - Diario El Labrador\" \/>\n<meta property=\"og:description\" content=\"Autor: Caballoyrodeo.cl El Criadero Palmas de Pe\u00f1aflor hizo de las suyas en la Serie Mixta del Clasificatorio Zona Norte de Melipilla y de la mano de Alfredo Moreno y Juan Ignacio Meza (Asociaci\u00f3n Santiago Sur) sum\u00f3 su tercera collera clasificada al 77\u00b0 Campeonato Nacional de Rodeo. Moreno y Meza ganaron con imponentes 33 puntos (12+13+8) Leer m\u00e1s\" \/>\n<meta property=\"og:url\" content=\"https:\/\/diarioellabrador.cl\/index.php\/2026\/03\/14\/palmas-de-penaflor-dio-espectaculo-en-la-mixta-con-tay-mal-y-bien-pagada\/\" \/>\n<meta property=\"og:site_name\" content=\"Diario El Labrador\" \/>\n<meta property=\"article:publisher\" content=\"https:\/\/web.facebook.com\/profile.php?id=61576120840621\" \/>\n<meta property=\"article:published_time\" content=\"2026-03-14T22:07:00+00:00\" \/>\n<meta property=\"og:image\" content=\"https:\/\/diarioellabrador.cl\/wp-content\/uploads\/2026\/03\/Palmas-de-Penaflor-dio-espectaculo-en-la-Mixta-con-Tay-Mal-y-Bien-Pagada.jpg\" \/>\n\t<meta property=\"og:image:width\" content=\"750\" \/>\n\t<meta property=\"og:image:height\" content=\"389\" \/>\n\t<meta property=\"og:image:type\" content=\"image\/jpeg\" \/>\n<meta name=\"author\" content=\"Editor\" \/>\n<meta name=\"twitter:card\" content=\"summary_large_image\" \/>\n<meta name=\"twitter:creator\" content=\"@ElLabradorOf\" \/>\n<meta name=\"twitter:site\" content=\"@ElLabradorOf\" \/>\n<meta name=\"twitter:label1\" content=\"Escrito por\" \/>\n\t<meta name=\"twitter:data1\" content=\"Editor\" \/>\n\t<meta name=\"twitter:label2\" content=\"Tiempo de lectura\" \/>\n\t<meta name=\"twitter:data2\" content=\"2 minutos\" \/>\n<script type=\"application\/ld+json\" class=\"yoast-schema-graph\">{\"@context\":\"https:\\\/\\\/schema.org\",\"@graph\":[{\"@type\":\"Article\",\"@id\":\"https:\\\/\\\/diarioellabrador.cl\\\/index.php\\\/2026\\\/03\\\/14\\\/palmas-de-penaflor-dio-espectaculo-en-la-mixta-con-tay-mal-y-bien-pagada\\\/#article\",\"isPartOf\":{\"@id\":\"https:\\\/\\\/diarioellabrador.cl\\\/index.php\\\/2026\\\/03\\\/14\\\/palmas-de-penaflor-dio-espectaculo-en-la-mixta-con-tay-mal-y-bien-pagada\\\/\"},\"author\":{\"name\":\"Editor\",\"@id\":\"https:\\\/\\\/diarioellabrador.cl\\\/#\\\/schema\\\/person\\\/bc25ff80b4563f9c7f4bd7855df01685\"},\"headline\":\"Palmas de Pe\u00f1aflor dio espect\u00e1culo en la Mixta con Tay Mal y Bien Pagada\",\"datePublished\":\"2026-03-14T22:07:00+00:00\",\"mainEntityOfPage\":{\"@id\":\"https:\\\/\\\/diarioellabrador.cl\\\/index.php\\\/2026\\\/03\\\/14\\\/palmas-de-penaflor-dio-espectaculo-en-la-mixta-con-tay-mal-y-bien-pagada\\\/\"},\"wordCount\":393,\"commentCount\":0,\"publisher\":{\"@id\":\"https:\\\/\\\/diarioellabrador.cl\\\/#organization\"},\"image\":{\"@id\":\"https:\\\/\\\/diarioellabrador.cl\\\/index.php\\\/2026\\\/03\\\/14\\\/palmas-de-penaflor-dio-espectaculo-en-la-mixta-con-tay-mal-y-bien-pagada\\\/#primaryimage\"},\"thumbnailUrl\":\"https:\\\/\\\/diarioellabrador.cl\\\/wp-content\\\/uploads\\\/2026\\\/03\\\/Palmas-de-Penaflor-dio-espectaculo-en-la-Mixta-con-Tay-Mal-y-Bien-Pagada.jpg\",\"articleSection\":[\"Rodeo\"],\"inLanguage\":\"es\",\"potentialAction\":[{\"@type\":\"CommentAction\",\"name\":\"Comment\",\"target\":[\"https:\\\/\\\/diarioellabrador.cl\\\/index.php\\\/2026\\\/03\\\/14\\\/palmas-de-penaflor-dio-espectaculo-en-la-mixta-con-tay-mal-y-bien-pagada\\\/#respond\"]}]},{\"@type\":\"WebPage\",\"@id\":\"https:\\\/\\\/diarioellabrador.cl\\\/index.php\\\/2026\\\/03\\\/14\\\/palmas-de-penaflor-dio-espectaculo-en-la-mixta-con-tay-mal-y-bien-pagada\\\/\",\"url\":\"https:\\\/\\\/diarioellabrador.cl\\\/index.php\\\/2026\\\/03\\\/14\\\/palmas-de-penaflor-dio-espectaculo-en-la-mixta-con-tay-mal-y-bien-pagada\\\/\",\"name\":\"Palmas de Pe\u00f1aflor dio espect\u00e1culo en la Mixta con Tay Mal y Bien Pagada - Diario El Labrador\",\"isPartOf\":{\"@id\":\"https:\\\/\\\/diarioellabrador.cl\\\/#website\"},\"primaryImageOfPage\":{\"@id\":\"https:\\\/\\\/diarioellabrador.cl\\\/index.php\\\/2026\\\/03\\\/14\\\/palmas-de-penaflor-dio-espectaculo-en-la-mixta-con-tay-mal-y-bien-pagada\\\/#primaryimage\"},\"image\":{\"@id\":\"https:\\\/\\\/diarioellabrador.cl\\\/index.php\\\/2026\\\/03\\\/14\\\/palmas-de-penaflor-dio-espectaculo-en-la-mixta-con-tay-mal-y-bien-pagada\\\/#primaryimage\"},\"thumbnailUrl\":\"https:\\\/\\\/diarioellabrador.cl\\\/wp-content\\\/uploads\\\/2026\\\/03\\\/Palmas-de-Penaflor-dio-espectaculo-en-la-Mixta-con-Tay-Mal-y-Bien-Pagada.jpg\",\"datePublished\":\"2026-03-14T22:07:00+00:00\",\"breadcrumb\":{\"@id\":\"https:\\\/\\\/diarioellabrador.cl\\\/index.php\\\/2026\\\/03\\\/14\\\/palmas-de-penaflor-dio-espectaculo-en-la-mixta-con-tay-mal-y-bien-pagada\\\/#breadcrumb\"},\"inLanguage\":\"es\",\"potentialAction\":[{\"@type\":\"ReadAction\",\"target\":[\"https:\\\/\\\/diarioellabrador.cl\\\/index.php\\\/2026\\\/03\\\/14\\\/palmas-de-penaflor-dio-espectaculo-en-la-mixta-con-tay-mal-y-bien-pagada\\\/\"]}]},{\"@type\":\"ImageObject\",\"inLanguage\":\"es\",\"@id\":\"https:\\\/\\\/diarioellabrador.cl\\\/index.php\\\/2026\\\/03\\\/14\\\/palmas-de-penaflor-dio-espectaculo-en-la-mixta-con-tay-mal-y-bien-pagada\\\/#primaryimage\",\"url\":\"https:\\\/\\\/diarioellabrador.cl\\\/wp-content\\\/uploads\\\/2026\\\/03\\\/Palmas-de-Penaflor-dio-espectaculo-en-la-Mixta-con-Tay-Mal-y-Bien-Pagada.jpg\",\"contentUrl\":\"https:\\\/\\\/diarioellabrador.cl\\\/wp-content\\\/uploads\\\/2026\\\/03\\\/Palmas-de-Penaflor-dio-espectaculo-en-la-Mixta-con-Tay-Mal-y-Bien-Pagada.jpg\",\"width\":750,\"height\":389},{\"@type\":\"BreadcrumbList\",\"@id\":\"https:\\\/\\\/diarioellabrador.cl\\\/index.php\\\/2026\\\/03\\\/14\\\/palmas-de-penaflor-dio-espectaculo-en-la-mixta-con-tay-mal-y-bien-pagada\\\/#breadcrumb\",\"itemListElement\":[{\"@type\":\"ListItem\",\"position\":1,\"name\":\"Portada\",\"item\":\"https:\\\/\\\/diarioellabrador.cl\\\/\"},{\"@type\":\"ListItem\",\"position\":2,\"name\":\"Palmas de Pe\u00f1aflor dio espect\u00e1culo en la Mixta con Tay Mal y Bien Pagada\"}]},{\"@type\":\"WebSite\",\"@id\":\"https:\\\/\\\/diarioellabrador.cl\\\/#website\",\"url\":\"https:\\\/\\\/diarioellabrador.cl\\\/\",\"name\":\"Diario El Labrador\",\"description\":\"Haciendo noticia desde 1921\",\"publisher\":{\"@id\":\"https:\\\/\\\/diarioellabrador.cl\\\/#organization\"},\"potentialAction\":[{\"@type\":\"SearchAction\",\"target\":{\"@type\":\"EntryPoint\",\"urlTemplate\":\"https:\\\/\\\/diarioellabrador.cl\\\/?s={search_term_string}\"},\"query-input\":{\"@type\":\"PropertyValueSpecification\",\"valueRequired\":true,\"valueName\":\"search_term_string\"}}],\"inLanguage\":\"es\"},{\"@type\":\"Organization\",\"@id\":\"https:\\\/\\\/diarioellabrador.cl\\\/#organization\",\"name\":\"Diario El Labrador\",\"url\":\"https:\\\/\\\/diarioellabrador.cl\\\/\",\"logo\":{\"@type\":\"ImageObject\",\"inLanguage\":\"es\",\"@id\":\"https:\\\/\\\/diarioellabrador.cl\\\/#\\\/schema\\\/logo\\\/image\\\/\",\"url\":\"https:\\\/\\\/diarioellabrador.cl\\\/wp-content\\\/uploads\\\/2025\\\/02\\\/cropped-Logo-Icono.png\",\"contentUrl\":\"https:\\\/\\\/diarioellabrador.cl\\\/wp-content\\\/uploads\\\/2025\\\/02\\\/cropped-Logo-Icono.png\",\"width\":512,\"height\":512,\"caption\":\"Diario El Labrador\"},\"image\":{\"@id\":\"https:\\\/\\\/diarioellabrador.cl\\\/#\\\/schema\\\/logo\\\/image\\\/\"},\"sameAs\":[\"https:\\\/\\\/web.facebook.com\\\/profile.php?id=61576120840621\",\"https:\\\/\\\/x.com\\\/ElLabradorOf\",\"https:\\\/\\\/www.instagram.com\\\/diarioellabradoroficial\\\/\"]},{\"@type\":\"Person\",\"@id\":\"https:\\\/\\\/diarioellabrador.cl\\\/#\\\/schema\\\/person\\\/bc25ff80b4563f9c7f4bd7855df01685\",\"name\":\"Editor\",\"image\":{\"@type\":\"ImageObject\",\"inLanguage\":\"es\",\"@id\":\"https:\\\/\\\/secure.gravatar.com\\\/avatar\\\/109c326cf2be5c04f048c2c2a2b8b6ef44bf3d8d1d3d4c55d0ac40c4bc994684?s=96&d=mm&r=g\",\"url\":\"https:\\\/\\\/secure.gravatar.com\\\/avatar\\\/109c326cf2be5c04f048c2c2a2b8b6ef44bf3d8d1d3d4c55d0ac40c4bc994684?s=96&d=mm&r=g\",\"contentUrl\":\"https:\\\/\\\/secure.gravatar.com\\\/avatar\\\/109c326cf2be5c04f048c2c2a2b8b6ef44bf3d8d1d3d4c55d0ac40c4bc994684?s=96&d=mm&r=g\",\"caption\":\"Editor\"},\"url\":\"https:\\\/\\\/diarioellabrador.cl\\\/index.php\\\/author\\\/editor\\\/\"}]}<\/script>\n<!-- \/ Yoast SEO plugin. -->","yoast_head_json":{"title":"Palmas de Pe\u00f1aflor dio espect\u00e1culo en la Mixta con Tay Mal y Bien Pagada - Diario El Labrador","robots":{"index":"index","follow":"follow","max-snippet":"max-snippet:-1","max-image-preview":"max-image-preview:large","max-video-preview":"max-video-preview:-1"},"canonical":"https:\/\/diarioellabrador.cl\/index.php\/2026\/03\/14\/palmas-de-penaflor-dio-espectaculo-en-la-mixta-con-tay-mal-y-bien-pagada\/","og_locale":"es_ES","og_type":"article","og_title":"Palmas de Pe\u00f1aflor dio espect\u00e1culo en la Mixta con Tay Mal y Bien Pagada - Diario El Labrador","og_description":"Autor: Caballoyrodeo.cl El Criadero Palmas de Pe\u00f1aflor hizo de las suyas en la Serie Mixta del Clasificatorio Zona Norte de Melipilla y de la mano de Alfredo Moreno y Juan Ignacio Meza (Asociaci\u00f3n Santiago Sur) sum\u00f3 su tercera collera clasificada al 77\u00b0 Campeonato Nacional de Rodeo. Moreno y Meza ganaron con imponentes 33 puntos (12+13+8) Leer m\u00e1s","og_url":"https:\/\/diarioellabrador.cl\/index.php\/2026\/03\/14\/palmas-de-penaflor-dio-espectaculo-en-la-mixta-con-tay-mal-y-bien-pagada\/","og_site_name":"Diario El Labrador","article_publisher":"https:\/\/web.facebook.com\/profile.php?id=61576120840621","article_published_time":"2026-03-14T22:07:00+00:00","og_image":[{"width":750,"height":389,"url":"https:\/\/diarioellabrador.cl\/wp-content\/uploads\/2026\/03\/Palmas-de-Penaflor-dio-espectaculo-en-la-Mixta-con-Tay-Mal-y-Bien-Pagada.jpg","type":"image\/jpeg"}],"author":"Editor","twitter_card":"summary_large_image","twitter_creator":"@ElLabradorOf","twitter_site":"@ElLabradorOf","twitter_misc":{"Escrito por":"Editor","Tiempo de lectura":"2 minutos"},"schema":{"@context":"https:\/\/schema.org","@graph":[{"@type":"Article","@id":"https:\/\/diarioellabrador.cl\/index.php\/2026\/03\/14\/palmas-de-penaflor-dio-espectaculo-en-la-mixta-con-tay-mal-y-bien-pagada\/#article","isPartOf":{"@id":"https:\/\/diarioellabrador.cl\/index.php\/2026\/03\/14\/palmas-de-penaflor-dio-espectaculo-en-la-mixta-con-tay-mal-y-bien-pagada\/"},"author":{"name":"Editor","@id":"https:\/\/diarioellabrador.cl\/#\/schema\/person\/bc25ff80b4563f9c7f4bd7855df01685"},"headline":"Palmas de Pe\u00f1aflor dio espect\u00e1culo en la Mixta con Tay Mal y Bien Pagada","datePublished":"2026-03-14T22:07:00+00:00","mainEntityOfPage":{"@id":"https:\/\/diarioellabrador.cl\/index.php\/2026\/03\/14\/palmas-de-penaflor-dio-espectaculo-en-la-mixta-con-tay-mal-y-bien-pagada\/"},"wordCount":393,"commentCount":0,"publisher":{"@id":"https:\/\/diarioellabrador.cl\/#organization"},"image":{"@id":"https:\/\/diarioellabrador.cl\/index.php\/2026\/03\/14\/palmas-de-penaflor-dio-espectaculo-en-la-mixta-con-tay-mal-y-bien-pagada\/#primaryimage"},"thumbnailUrl":"https:\/\/diarioellabrador.cl\/wp-content\/uploads\/2026\/03\/Palmas-de-Penaflor-dio-espectaculo-en-la-Mixta-con-Tay-Mal-y-Bien-Pagada.jpg","articleSection":["Rodeo"],"inLanguage":"es","potentialAction":[{"@type":"CommentAction","name":"Comment","target":["https:\/\/diarioellabrador.cl\/index.php\/2026\/03\/14\/palmas-de-penaflor-dio-espectaculo-en-la-mixta-con-tay-mal-y-bien-pagada\/#respond"]}]},{"@type":"WebPage","@id":"https:\/\/diarioellabrador.cl\/index.php\/2026\/03\/14\/palmas-de-penaflor-dio-espectaculo-en-la-mixta-con-tay-mal-y-bien-pagada\/","url":"https:\/\/diarioellabrador.cl\/index.php\/2026\/03\/14\/palmas-de-penaflor-dio-espectaculo-en-la-mixta-con-tay-mal-y-bien-pagada\/","name":"Palmas de Pe\u00f1aflor dio espect\u00e1culo en la Mixta con Tay Mal y Bien Pagada - Diario El Labrador","isPartOf":{"@id":"https:\/\/diarioellabrador.cl\/#website"},"primaryImageOfPage":{"@id":"https:\/\/diarioellabrador.cl\/index.php\/2026\/03\/14\/palmas-de-penaflor-dio-espectaculo-en-la-mixta-con-tay-mal-y-bien-pagada\/#primaryimage"},"image":{"@id":"https:\/\/diarioellabrador.cl\/index.php\/2026\/03\/14\/palmas-de-penaflor-dio-espectaculo-en-la-mixta-con-tay-mal-y-bien-pagada\/#primaryimage"},"thumbnailUrl":"https:\/\/diarioellabrador.cl\/wp-content\/uploads\/2026\/03\/Palmas-de-Penaflor-dio-espectaculo-en-la-Mixta-con-Tay-Mal-y-Bien-Pagada.jpg","datePublished":"2026-03-14T22:07:00+00:00","breadcrumb":{"@id":"https:\/\/diarioellabrador.cl\/index.php\/2026\/03\/14\/palmas-de-penaflor-dio-espectaculo-en-la-mixta-con-tay-mal-y-bien-pagada\/#breadcrumb"},"inLanguage":"es","potentialAction":[{"@type":"ReadAction","target":["https:\/\/diarioellabrador.cl\/index.php\/2026\/03\/14\/palmas-de-penaflor-dio-espectaculo-en-la-mixta-con-tay-mal-y-bien-pagada\/"]}]},{"@type":"ImageObject","inLanguage":"es","@id":"https:\/\/diarioellabrador.cl\/index.php\/2026\/03\/14\/palmas-de-penaflor-dio-espectaculo-en-la-mixta-con-tay-mal-y-bien-pagada\/#primaryimage","url":"https:\/\/diarioellabrador.cl\/wp-content\/uploads\/2026\/03\/Palmas-de-Penaflor-dio-espectaculo-en-la-Mixta-con-Tay-Mal-y-Bien-Pagada.jpg","contentUrl":"https:\/\/diarioellabrador.cl\/wp-content\/uploads\/2026\/03\/Palmas-de-Penaflor-dio-espectaculo-en-la-Mixta-con-Tay-Mal-y-Bien-Pagada.jpg","width":750,"height":389},{"@type":"BreadcrumbList","@id":"https:\/\/diarioellabrador.cl\/index.php\/2026\/03\/14\/palmas-de-penaflor-dio-espectaculo-en-la-mixta-con-tay-mal-y-bien-pagada\/#breadcrumb","itemListElement":[{"@type":"ListItem","position":1,"name":"Portada","item":"https:\/\/diarioellabrador.cl\/"},{"@type":"ListItem","position":2,"name":"Palmas de Pe\u00f1aflor dio espect\u00e1culo en la Mixta con Tay Mal y Bien Pagada"}]},{"@type":"WebSite","@id":"https:\/\/diarioellabrador.cl\/#website","url":"https:\/\/diarioellabrador.cl\/","name":"Diario El Labrador","description":"Haciendo noticia desde 1921","publisher":{"@id":"https:\/\/diarioellabrador.cl\/#organization"},"potentialAction":[{"@type":"SearchAction","target":{"@type":"EntryPoint","urlTemplate":"https:\/\/diarioellabrador.cl\/?s={search_term_string}"},"query-input":{"@type":"PropertyValueSpecification","valueRequired":true,"valueName":"search_term_string"}}],"inLanguage":"es"},{"@type":"Organization","@id":"https:\/\/diarioellabrador.cl\/#organization","name":"Diario El Labrador","url":"https:\/\/diarioellabrador.cl\/","logo":{"@type":"ImageObject","inLanguage":"es","@id":"https:\/\/diarioellabrador.cl\/#\/schema\/logo\/image\/","url":"https:\/\/diarioellabrador.cl\/wp-content\/uploads\/2025\/02\/cropped-Logo-Icono.png","contentUrl":"https:\/\/diarioellabrador.cl\/wp-content\/uploads\/2025\/02\/cropped-Logo-Icono.png","width":512,"height":512,"caption":"Diario El Labrador"},"image":{"@id":"https:\/\/diarioellabrador.cl\/#\/schema\/logo\/image\/"},"sameAs":["https:\/\/web.facebook.com\/profile.php?id=61576120840621","https:\/\/x.com\/ElLabradorOf","https:\/\/www.instagram.com\/diarioellabradoroficial\/"]},{"@type":"Person","@id":"https:\/\/diarioellabrador.cl\/#\/schema\/person\/bc25ff80b4563f9c7f4bd7855df01685","name":"Editor","image":{"@type":"ImageObject","inLanguage":"es","@id":"https:\/\/secure.gravatar.com\/avatar\/109c326cf2be5c04f048c2c2a2b8b6ef44bf3d8d1d3d4c55d0ac40c4bc994684?s=96&d=mm&r=g","url":"https:\/\/secure.gravatar.com\/avatar\/109c326cf2be5c04f048c2c2a2b8b6ef44bf3d8d1d3d4c55d0ac40c4bc994684?s=96&d=mm&r=g","contentUrl":"https:\/\/secure.gravatar.com\/avatar\/109c326cf2be5c04f048c2c2a2b8b6ef44bf3d8d1d3d4c55d0ac40c4bc994684?s=96&d=mm&r=g","caption":"Editor"},"url":"https:\/\/diarioellabrador.cl\/index.php\/author\/editor\/"}]}},"_links":{"self":[{"href":"https:\/\/diarioellabrador.cl\/index.php\/wp-json\/wp\/v2\/posts\/16553","targetHints":{"allow":["GET"]}}],"collection":[{"href":"https:\/\/diarioellabrador.cl\/index.php\/wp-json\/wp\/v2\/posts"}],"about":[{"href":"https:\/\/diarioellabrador.cl\/index.php\/wp-json\/wp\/v2\/types\/post"}],"author":[{"embeddable":true,"href":"https:\/\/diarioellabrador.cl\/index.php\/wp-json\/wp\/v2\/users\/2"}],"replies":[{"embeddable":true,"href":"https:\/\/diarioellabrador.cl\/index.php\/wp-json\/wp\/v2\/comments?post=16553"}],"version-history":[{"count":1,"href":"https:\/\/diarioellabrador.cl\/index.php\/wp-json\/wp\/v2\/posts\/16553\/revisions"}],"predecessor-version":[{"id":16554,"href":"https:\/\/diarioellabrador.cl\/index.php\/wp-json\/wp\/v2\/posts\/16553\/revisions\/16554"}],"wp:featuredmedia":[{"embeddable":true,"href":"https:\/\/diarioellabrador.cl\/index.php\/wp-json\/wp\/v2\/media\/16543"}],"wp:attachment":[{"href":"https:\/\/diarioellabrador.cl\/index.php\/wp-json\/wp\/v2\/media?parent=16553"}],"wp:term":[{"taxonomy":"category","embeddable":true,"href":"https:\/\/diarioellabrador.cl\/index.php\/wp-json\/wp\/v2\/categories?post=16553"},{"taxonomy":"post_tag","embeddable":true,"href":"https:\/\/diarioellabrador.cl\/index.php\/wp-json\/wp\/v2\/tags?post=16553"}],"curies":[{"name":"wp","href":"https:\/\/api.w.org\/{rel}","templated":true}]}}