{"id":16547,"date":"2026-03-14T18:06:00","date_gmt":"2026-03-14T22:06:00","guid":{"rendered":"https:\/\/diarioellabrador.cl\/?p=16547"},"modified":"2026-03-14T16:06:36","modified_gmt":"2026-03-14T20:06:36","slug":"audax-italiano-golea-a-deportes-concepcion-y-lo-complica-en-el-fondo-de-la-tabla","status":"publish","type":"post","link":"https:\/\/diarioellabrador.cl\/index.php\/2026\/03\/14\/audax-italiano-golea-a-deportes-concepcion-y-lo-complica-en-el-fondo-de-la-tabla\/","title":{"rendered":"Audax Italiano golea a Deportes Concepci\u00f3n y lo complica en el fondo de la tabla"},"content":{"rendered":"\n<p><strong>Audax Italiano<\/strong> se impuso con autoridad por<strong> 3-0 sobre Deportes Concepci\u00f3n <\/strong>en el estadio <strong>Bicentenario de La Florida<\/strong>, en el duelo que abri\u00f3 una nueva jornada de la <strong>Liga de Primera 2026<\/strong>. Con este resultado, el conjunto it\u00e1lico sum\u00f3 tres puntos importantes para acercarse a la parte alta de la tabla.<\/p>\n\n\n\n<p>El equipo dirigido por <strong>Gustavo Lema<\/strong> golpe\u00f3 r\u00e1pidamente en el inicio del partido y encamin\u00f3 la victoria en el primer tiempo. <strong>Enzo Ferrario abri\u00f3 la cuenta a los 3 minutos<\/strong>, mientras que<strong> Giovani Chiaverano<\/strong> ampli\u00f3 la ventaja a los 9\u2019. M\u00e1s tarde, a los 32\u2019, <strong>Franco Troyansky<\/strong> anot\u00f3 el tercer tanto que termin\u00f3 por sellar el triunfo de los locales.<\/p>\n\n\n\n<p>Pese a los intentos del cuadro penquista por reaccionar en el complemento, el elenco it\u00e1lico mantuvo el control del encuentro y sostuvo la ventaja obtenida en la primera mitad. El equipo visitante no logr\u00f3 descontar y termin\u00f3 cediendo ante la efectividad ofensiva del conjunto de La Florida.<\/p>\n\n\n\n<p>Con este resultado, Audax Italiano alcanza unidades clave en el torneo y se mantiene en la pelea por los puestos de avanzada, mientras que <strong>Deportes Concepci\u00f3n contin\u00faa complicado en la parte baja de la clasificaci\u00f3n tras una nueva derrota en el campeonato<\/strong>.<\/p>\n\n\n\n<h1 class=\"wp-block-heading\"><em>Patricio Almendra deja Deportes Concepci\u00f3n: \u00abLes pido mil disculpas a la hinchada\u00bb<\/em><\/h1>\n\n\n\n<p><strong>Patricio Almendra<\/strong> dej\u00f3 su cargo como entrenador de <strong>Deportes Concepci\u00f3n<\/strong> tras la dura derrota por 3-0 frente a <strong>Audax Italiano<\/strong>, resultado que agrav\u00f3 el complejo momento del equipo en la <strong>Liga de Primera 2026<\/strong>.<\/p>\n\n\n\n<p>Luego del partido, el ahora exentrenador del conjunto penquista confirm\u00f3 su salida y entreg\u00f3 un mensaje de despedida marcado por la autocr\u00edtica y el agradecimiento al club y a sus hinchas. Almendra reconoci\u00f3 que los \u00faltimos meses no fueron los esperados en lo deportivo.<\/p>\n\n\n\n<p>\u201cLamentablemente estos tres meses no fueron buenos, pero la verdad <strong>me voy con la sensaci\u00f3n de haber hecho la pega, de haber\u2026 disfrutado a mi club en primera divisi\u00f3n en estos meses<\/strong>\u201d, se\u00f1al\u00f3 el t\u00e9cnico al anunciar su salida del banco lila.<\/p>\n\n\n\n<p>El estratega tambi\u00e9n pidi\u00f3 disculpas a los seguidores del equipo por no cumplir las expectativas durante su proceso. \u201cLes pedimos disculpas yo personalmente a toda la hinchada, que es mucha, el equipo m\u00e1s grande de la zona. Entonces, <strong>les pido mil disculpas por no haber logrado complacer y haberles dado alegr\u00eda<\/strong>\u201d, expres\u00f3.<\/p>\n\n\n\n<p>Finalmente, Almendra revel\u00f3 que ya se despidi\u00f3 del plantel y manifest\u00f3 su deseo de que el pr\u00f3ximo cuerpo t\u00e9cnico pueda revertir el dif\u00edcil momento del club. \u201c<strong>Estamos en una situaci\u00f3n complicada. Espero que el cuerpo t\u00e9cnico que venga pueda sacar adelante la tarea<\/strong>\u201d, concluy\u00f3 el entrenador, cerrando as\u00ed su ciclo en Deportes Concepci\u00f3n tras la ca\u00edda ante Audax Italiano.<\/p>\n","protected":false},"excerpt":{"rendered":"<p>Audax Italiano se impuso con autoridad por 3-0 sobre Deportes Concepci\u00f3n en el estadio Bicentenario de La Florida, en el duelo que abri\u00f3 una nueva jornada de la Liga de Primera 2026. Con este resultado, el conjunto it\u00e1lico sum\u00f3 tres puntos importantes para acercarse a la parte alta de la tabla. El equipo dirigido por<\/p>\n<div class=\"read-more-wrapper\"><a class=\"read-more\" href=\"https:\/\/diarioellabrador.cl\/index.php\/2026\/03\/14\/audax-italiano-golea-a-deportes-concepcion-y-lo-complica-en-el-fondo-de-la-tabla\/\" title=\"Leer m\u00e1s\"> <span class=\"button \">Leer m\u00e1s<\/span><\/a><\/div>\n","protected":false},"author":2,"featured_media":16544,"comment_status":"open","ping_status":"open","sticky":false,"template":"","format":"standard","meta":{"footnotes":""},"categories":[4],"tags":[],"class_list":["post-16547","post","type-post","status-publish","format-standard","has-post-thumbnail","hentry","category-deportes"],"yoast_head":"<!-- This site is optimized with the Yoast SEO plugin v27.5 - https:\/\/yoast.com\/product\/yoast-seo-wordpress\/ -->\n<title>Audax Italiano golea a Deportes Concepci\u00f3n y lo complica en el fondo de la tabla - Diario El Labrador<\/title>\n<meta name=\"robots\" content=\"index, follow, max-snippet:-1, max-image-preview:large, max-video-preview:-1\" \/>\n<link rel=\"canonical\" href=\"https:\/\/diarioellabrador.cl\/index.php\/2026\/03\/14\/audax-italiano-golea-a-deportes-concepcion-y-lo-complica-en-el-fondo-de-la-tabla\/\" \/>\n<meta property=\"og:locale\" content=\"es_ES\" \/>\n<meta property=\"og:type\" content=\"article\" \/>\n<meta property=\"og:title\" content=\"Audax Italiano golea a Deportes Concepci\u00f3n y lo complica en el fondo de la tabla - Diario El Labrador\" \/>\n<meta property=\"og:description\" content=\"Audax Italiano se impuso con autoridad por 3-0 sobre Deportes Concepci\u00f3n en el estadio Bicentenario de La Florida, en el duelo que abri\u00f3 una nueva jornada de la Liga de Primera 2026. Con este resultado, el conjunto it\u00e1lico sum\u00f3 tres puntos importantes para acercarse a la parte alta de la tabla. El equipo dirigido por Leer m\u00e1s\" \/>\n<meta property=\"og:url\" content=\"https:\/\/diarioellabrador.cl\/index.php\/2026\/03\/14\/audax-italiano-golea-a-deportes-concepcion-y-lo-complica-en-el-fondo-de-la-tabla\/\" \/>\n<meta property=\"og:site_name\" content=\"Diario El Labrador\" \/>\n<meta property=\"article:publisher\" content=\"https:\/\/web.facebook.com\/profile.php?id=61576120840621\" \/>\n<meta property=\"article:published_time\" content=\"2026-03-14T22:06:00+00:00\" \/>\n<meta property=\"og:image\" content=\"https:\/\/diarioellabrador.cl\/wp-content\/uploads\/2026\/03\/Audax-Italiano-golea-a-Deportes-Concepcion-y-lo-complica-en-el-fondo-de-la-tabla.jpg\" \/>\n\t<meta property=\"og:image:width\" content=\"1600\" \/>\n\t<meta property=\"og:image:height\" content=\"2000\" \/>\n\t<meta property=\"og:image:type\" content=\"image\/jpeg\" \/>\n<meta name=\"author\" content=\"Editor\" \/>\n<meta name=\"twitter:card\" content=\"summary_large_image\" \/>\n<meta name=\"twitter:creator\" content=\"@ElLabradorOf\" \/>\n<meta name=\"twitter:site\" content=\"@ElLabradorOf\" \/>\n<meta name=\"twitter:label1\" content=\"Escrito por\" \/>\n\t<meta name=\"twitter:data1\" content=\"Editor\" \/>\n\t<meta name=\"twitter:label2\" content=\"Tiempo de lectura\" \/>\n\t<meta name=\"twitter:data2\" content=\"3 minutos\" \/>\n<script type=\"application\/ld+json\" class=\"yoast-schema-graph\">{\"@context\":\"https:\\\/\\\/schema.org\",\"@graph\":[{\"@type\":\"Article\",\"@id\":\"https:\\\/\\\/diarioellabrador.cl\\\/index.php\\\/2026\\\/03\\\/14\\\/audax-italiano-golea-a-deportes-concepcion-y-lo-complica-en-el-fondo-de-la-tabla\\\/#article\",\"isPartOf\":{\"@id\":\"https:\\\/\\\/diarioellabrador.cl\\\/index.php\\\/2026\\\/03\\\/14\\\/audax-italiano-golea-a-deportes-concepcion-y-lo-complica-en-el-fondo-de-la-tabla\\\/\"},\"author\":{\"name\":\"Editor\",\"@id\":\"https:\\\/\\\/diarioellabrador.cl\\\/#\\\/schema\\\/person\\\/bc25ff80b4563f9c7f4bd7855df01685\"},\"headline\":\"Audax Italiano golea a Deportes Concepci\u00f3n y lo complica en el fondo de la tabla\",\"datePublished\":\"2026-03-14T22:06:00+00:00\",\"mainEntityOfPage\":{\"@id\":\"https:\\\/\\\/diarioellabrador.cl\\\/index.php\\\/2026\\\/03\\\/14\\\/audax-italiano-golea-a-deportes-concepcion-y-lo-complica-en-el-fondo-de-la-tabla\\\/\"},\"wordCount\":479,\"commentCount\":0,\"publisher\":{\"@id\":\"https:\\\/\\\/diarioellabrador.cl\\\/#organization\"},\"image\":{\"@id\":\"https:\\\/\\\/diarioellabrador.cl\\\/index.php\\\/2026\\\/03\\\/14\\\/audax-italiano-golea-a-deportes-concepcion-y-lo-complica-en-el-fondo-de-la-tabla\\\/#primaryimage\"},\"thumbnailUrl\":\"https:\\\/\\\/diarioellabrador.cl\\\/wp-content\\\/uploads\\\/2026\\\/03\\\/Audax-Italiano-golea-a-Deportes-Concepcion-y-lo-complica-en-el-fondo-de-la-tabla.jpg\",\"articleSection\":[\"Deportes\"],\"inLanguage\":\"es\",\"potentialAction\":[{\"@type\":\"CommentAction\",\"name\":\"Comment\",\"target\":[\"https:\\\/\\\/diarioellabrador.cl\\\/index.php\\\/2026\\\/03\\\/14\\\/audax-italiano-golea-a-deportes-concepcion-y-lo-complica-en-el-fondo-de-la-tabla\\\/#respond\"]}]},{\"@type\":\"WebPage\",\"@id\":\"https:\\\/\\\/diarioellabrador.cl\\\/index.php\\\/2026\\\/03\\\/14\\\/audax-italiano-golea-a-deportes-concepcion-y-lo-complica-en-el-fondo-de-la-tabla\\\/\",\"url\":\"https:\\\/\\\/diarioellabrador.cl\\\/index.php\\\/2026\\\/03\\\/14\\\/audax-italiano-golea-a-deportes-concepcion-y-lo-complica-en-el-fondo-de-la-tabla\\\/\",\"name\":\"Audax Italiano golea a Deportes Concepci\u00f3n y lo complica en el fondo de la tabla - Diario El Labrador\",\"isPartOf\":{\"@id\":\"https:\\\/\\\/diarioellabrador.cl\\\/#website\"},\"primaryImageOfPage\":{\"@id\":\"https:\\\/\\\/diarioellabrador.cl\\\/index.php\\\/2026\\\/03\\\/14\\\/audax-italiano-golea-a-deportes-concepcion-y-lo-complica-en-el-fondo-de-la-tabla\\\/#primaryimage\"},\"image\":{\"@id\":\"https:\\\/\\\/diarioellabrador.cl\\\/index.php\\\/2026\\\/03\\\/14\\\/audax-italiano-golea-a-deportes-concepcion-y-lo-complica-en-el-fondo-de-la-tabla\\\/#primaryimage\"},\"thumbnailUrl\":\"https:\\\/\\\/diarioellabrador.cl\\\/wp-content\\\/uploads\\\/2026\\\/03\\\/Audax-Italiano-golea-a-Deportes-Concepcion-y-lo-complica-en-el-fondo-de-la-tabla.jpg\",\"datePublished\":\"2026-03-14T22:06:00+00:00\",\"breadcrumb\":{\"@id\":\"https:\\\/\\\/diarioellabrador.cl\\\/index.php\\\/2026\\\/03\\\/14\\\/audax-italiano-golea-a-deportes-concepcion-y-lo-complica-en-el-fondo-de-la-tabla\\\/#breadcrumb\"},\"inLanguage\":\"es\",\"potentialAction\":[{\"@type\":\"ReadAction\",\"target\":[\"https:\\\/\\\/diarioellabrador.cl\\\/index.php\\\/2026\\\/03\\\/14\\\/audax-italiano-golea-a-deportes-concepcion-y-lo-complica-en-el-fondo-de-la-tabla\\\/\"]}]},{\"@type\":\"ImageObject\",\"inLanguage\":\"es\",\"@id\":\"https:\\\/\\\/diarioellabrador.cl\\\/index.php\\\/2026\\\/03\\\/14\\\/audax-italiano-golea-a-deportes-concepcion-y-lo-complica-en-el-fondo-de-la-tabla\\\/#primaryimage\",\"url\":\"https:\\\/\\\/diarioellabrador.cl\\\/wp-content\\\/uploads\\\/2026\\\/03\\\/Audax-Italiano-golea-a-Deportes-Concepcion-y-lo-complica-en-el-fondo-de-la-tabla.jpg\",\"contentUrl\":\"https:\\\/\\\/diarioellabrador.cl\\\/wp-content\\\/uploads\\\/2026\\\/03\\\/Audax-Italiano-golea-a-Deportes-Concepcion-y-lo-complica-en-el-fondo-de-la-tabla.jpg\",\"width\":1600,\"height\":2000},{\"@type\":\"BreadcrumbList\",\"@id\":\"https:\\\/\\\/diarioellabrador.cl\\\/index.php\\\/2026\\\/03\\\/14\\\/audax-italiano-golea-a-deportes-concepcion-y-lo-complica-en-el-fondo-de-la-tabla\\\/#breadcrumb\",\"itemListElement\":[{\"@type\":\"ListItem\",\"position\":1,\"name\":\"Portada\",\"item\":\"https:\\\/\\\/diarioellabrador.cl\\\/\"},{\"@type\":\"ListItem\",\"position\":2,\"name\":\"Audax Italiano golea a Deportes Concepci\u00f3n y lo complica en el fondo de la tabla\"}]},{\"@type\":\"WebSite\",\"@id\":\"https:\\\/\\\/diarioellabrador.cl\\\/#website\",\"url\":\"https:\\\/\\\/diarioellabrador.cl\\\/\",\"name\":\"Diario El Labrador\",\"description\":\"Haciendo noticia desde 1921\",\"publisher\":{\"@id\":\"https:\\\/\\\/diarioellabrador.cl\\\/#organization\"},\"potentialAction\":[{\"@type\":\"SearchAction\",\"target\":{\"@type\":\"EntryPoint\",\"urlTemplate\":\"https:\\\/\\\/diarioellabrador.cl\\\/?s={search_term_string}\"},\"query-input\":{\"@type\":\"PropertyValueSpecification\",\"valueRequired\":true,\"valueName\":\"search_term_string\"}}],\"inLanguage\":\"es\"},{\"@type\":\"Organization\",\"@id\":\"https:\\\/\\\/diarioellabrador.cl\\\/#organization\",\"name\":\"Diario El Labrador\",\"url\":\"https:\\\/\\\/diarioellabrador.cl\\\/\",\"logo\":{\"@type\":\"ImageObject\",\"inLanguage\":\"es\",\"@id\":\"https:\\\/\\\/diarioellabrador.cl\\\/#\\\/schema\\\/logo\\\/image\\\/\",\"url\":\"https:\\\/\\\/diarioellabrador.cl\\\/wp-content\\\/uploads\\\/2025\\\/02\\\/cropped-Logo-Icono.png\",\"contentUrl\":\"https:\\\/\\\/diarioellabrador.cl\\\/wp-content\\\/uploads\\\/2025\\\/02\\\/cropped-Logo-Icono.png\",\"width\":512,\"height\":512,\"caption\":\"Diario El Labrador\"},\"image\":{\"@id\":\"https:\\\/\\\/diarioellabrador.cl\\\/#\\\/schema\\\/logo\\\/image\\\/\"},\"sameAs\":[\"https:\\\/\\\/web.facebook.com\\\/profile.php?id=61576120840621\",\"https:\\\/\\\/x.com\\\/ElLabradorOf\",\"https:\\\/\\\/www.instagram.com\\\/diarioellabradoroficial\\\/\"]},{\"@type\":\"Person\",\"@id\":\"https:\\\/\\\/diarioellabrador.cl\\\/#\\\/schema\\\/person\\\/bc25ff80b4563f9c7f4bd7855df01685\",\"name\":\"Editor\",\"image\":{\"@type\":\"ImageObject\",\"inLanguage\":\"es\",\"@id\":\"https:\\\/\\\/secure.gravatar.com\\\/avatar\\\/109c326cf2be5c04f048c2c2a2b8b6ef44bf3d8d1d3d4c55d0ac40c4bc994684?s=96&d=mm&r=g\",\"url\":\"https:\\\/\\\/secure.gravatar.com\\\/avatar\\\/109c326cf2be5c04f048c2c2a2b8b6ef44bf3d8d1d3d4c55d0ac40c4bc994684?s=96&d=mm&r=g\",\"contentUrl\":\"https:\\\/\\\/secure.gravatar.com\\\/avatar\\\/109c326cf2be5c04f048c2c2a2b8b6ef44bf3d8d1d3d4c55d0ac40c4bc994684?s=96&d=mm&r=g\",\"caption\":\"Editor\"},\"url\":\"https:\\\/\\\/diarioellabrador.cl\\\/index.php\\\/author\\\/editor\\\/\"}]}<\/script>\n<!-- \/ Yoast SEO plugin. -->","yoast_head_json":{"title":"Audax Italiano golea a Deportes Concepci\u00f3n y lo complica en el fondo de la tabla - Diario El Labrador","robots":{"index":"index","follow":"follow","max-snippet":"max-snippet:-1","max-image-preview":"max-image-preview:large","max-video-preview":"max-video-preview:-1"},"canonical":"https:\/\/diarioellabrador.cl\/index.php\/2026\/03\/14\/audax-italiano-golea-a-deportes-concepcion-y-lo-complica-en-el-fondo-de-la-tabla\/","og_locale":"es_ES","og_type":"article","og_title":"Audax Italiano golea a Deportes Concepci\u00f3n y lo complica en el fondo de la tabla - Diario El Labrador","og_description":"Audax Italiano se impuso con autoridad por 3-0 sobre Deportes Concepci\u00f3n en el estadio Bicentenario de La Florida, en el duelo que abri\u00f3 una nueva jornada de la Liga de Primera 2026. Con este resultado, el conjunto it\u00e1lico sum\u00f3 tres puntos importantes para acercarse a la parte alta de la tabla. El equipo dirigido por Leer m\u00e1s","og_url":"https:\/\/diarioellabrador.cl\/index.php\/2026\/03\/14\/audax-italiano-golea-a-deportes-concepcion-y-lo-complica-en-el-fondo-de-la-tabla\/","og_site_name":"Diario El Labrador","article_publisher":"https:\/\/web.facebook.com\/profile.php?id=61576120840621","article_published_time":"2026-03-14T22:06:00+00:00","og_image":[{"width":1600,"height":2000,"url":"https:\/\/diarioellabrador.cl\/wp-content\/uploads\/2026\/03\/Audax-Italiano-golea-a-Deportes-Concepcion-y-lo-complica-en-el-fondo-de-la-tabla.jpg","type":"image\/jpeg"}],"author":"Editor","twitter_card":"summary_large_image","twitter_creator":"@ElLabradorOf","twitter_site":"@ElLabradorOf","twitter_misc":{"Escrito por":"Editor","Tiempo de lectura":"3 minutos"},"schema":{"@context":"https:\/\/schema.org","@graph":[{"@type":"Article","@id":"https:\/\/diarioellabrador.cl\/index.php\/2026\/03\/14\/audax-italiano-golea-a-deportes-concepcion-y-lo-complica-en-el-fondo-de-la-tabla\/#article","isPartOf":{"@id":"https:\/\/diarioellabrador.cl\/index.php\/2026\/03\/14\/audax-italiano-golea-a-deportes-concepcion-y-lo-complica-en-el-fondo-de-la-tabla\/"},"author":{"name":"Editor","@id":"https:\/\/diarioellabrador.cl\/#\/schema\/person\/bc25ff80b4563f9c7f4bd7855df01685"},"headline":"Audax Italiano golea a Deportes Concepci\u00f3n y lo complica en el fondo de la tabla","datePublished":"2026-03-14T22:06:00+00:00","mainEntityOfPage":{"@id":"https:\/\/diarioellabrador.cl\/index.php\/2026\/03\/14\/audax-italiano-golea-a-deportes-concepcion-y-lo-complica-en-el-fondo-de-la-tabla\/"},"wordCount":479,"commentCount":0,"publisher":{"@id":"https:\/\/diarioellabrador.cl\/#organization"},"image":{"@id":"https:\/\/diarioellabrador.cl\/index.php\/2026\/03\/14\/audax-italiano-golea-a-deportes-concepcion-y-lo-complica-en-el-fondo-de-la-tabla\/#primaryimage"},"thumbnailUrl":"https:\/\/diarioellabrador.cl\/wp-content\/uploads\/2026\/03\/Audax-Italiano-golea-a-Deportes-Concepcion-y-lo-complica-en-el-fondo-de-la-tabla.jpg","articleSection":["Deportes"],"inLanguage":"es","potentialAction":[{"@type":"CommentAction","name":"Comment","target":["https:\/\/diarioellabrador.cl\/index.php\/2026\/03\/14\/audax-italiano-golea-a-deportes-concepcion-y-lo-complica-en-el-fondo-de-la-tabla\/#respond"]}]},{"@type":"WebPage","@id":"https:\/\/diarioellabrador.cl\/index.php\/2026\/03\/14\/audax-italiano-golea-a-deportes-concepcion-y-lo-complica-en-el-fondo-de-la-tabla\/","url":"https:\/\/diarioellabrador.cl\/index.php\/2026\/03\/14\/audax-italiano-golea-a-deportes-concepcion-y-lo-complica-en-el-fondo-de-la-tabla\/","name":"Audax Italiano golea a Deportes Concepci\u00f3n y lo complica en el fondo de la tabla - Diario El Labrador","isPartOf":{"@id":"https:\/\/diarioellabrador.cl\/#website"},"primaryImageOfPage":{"@id":"https:\/\/diarioellabrador.cl\/index.php\/2026\/03\/14\/audax-italiano-golea-a-deportes-concepcion-y-lo-complica-en-el-fondo-de-la-tabla\/#primaryimage"},"image":{"@id":"https:\/\/diarioellabrador.cl\/index.php\/2026\/03\/14\/audax-italiano-golea-a-deportes-concepcion-y-lo-complica-en-el-fondo-de-la-tabla\/#primaryimage"},"thumbnailUrl":"https:\/\/diarioellabrador.cl\/wp-content\/uploads\/2026\/03\/Audax-Italiano-golea-a-Deportes-Concepcion-y-lo-complica-en-el-fondo-de-la-tabla.jpg","datePublished":"2026-03-14T22:06:00+00:00","breadcrumb":{"@id":"https:\/\/diarioellabrador.cl\/index.php\/2026\/03\/14\/audax-italiano-golea-a-deportes-concepcion-y-lo-complica-en-el-fondo-de-la-tabla\/#breadcrumb"},"inLanguage":"es","potentialAction":[{"@type":"ReadAction","target":["https:\/\/diarioellabrador.cl\/index.php\/2026\/03\/14\/audax-italiano-golea-a-deportes-concepcion-y-lo-complica-en-el-fondo-de-la-tabla\/"]}]},{"@type":"ImageObject","inLanguage":"es","@id":"https:\/\/diarioellabrador.cl\/index.php\/2026\/03\/14\/audax-italiano-golea-a-deportes-concepcion-y-lo-complica-en-el-fondo-de-la-tabla\/#primaryimage","url":"https:\/\/diarioellabrador.cl\/wp-content\/uploads\/2026\/03\/Audax-Italiano-golea-a-Deportes-Concepcion-y-lo-complica-en-el-fondo-de-la-tabla.jpg","contentUrl":"https:\/\/diarioellabrador.cl\/wp-content\/uploads\/2026\/03\/Audax-Italiano-golea-a-Deportes-Concepcion-y-lo-complica-en-el-fondo-de-la-tabla.jpg","width":1600,"height":2000},{"@type":"BreadcrumbList","@id":"https:\/\/diarioellabrador.cl\/index.php\/2026\/03\/14\/audax-italiano-golea-a-deportes-concepcion-y-lo-complica-en-el-fondo-de-la-tabla\/#breadcrumb","itemListElement":[{"@type":"ListItem","position":1,"name":"Portada","item":"https:\/\/diarioellabrador.cl\/"},{"@type":"ListItem","position":2,"name":"Audax Italiano golea a Deportes Concepci\u00f3n y lo complica en el fondo de la tabla"}]},{"@type":"WebSite","@id":"https:\/\/diarioellabrador.cl\/#website","url":"https:\/\/diarioellabrador.cl\/","name":"Diario El Labrador","description":"Haciendo noticia desde 1921","publisher":{"@id":"https:\/\/diarioellabrador.cl\/#organization"},"potentialAction":[{"@type":"SearchAction","target":{"@type":"EntryPoint","urlTemplate":"https:\/\/diarioellabrador.cl\/?s={search_term_string}"},"query-input":{"@type":"PropertyValueSpecification","valueRequired":true,"valueName":"search_term_string"}}],"inLanguage":"es"},{"@type":"Organization","@id":"https:\/\/diarioellabrador.cl\/#organization","name":"Diario El Labrador","url":"https:\/\/diarioellabrador.cl\/","logo":{"@type":"ImageObject","inLanguage":"es","@id":"https:\/\/diarioellabrador.cl\/#\/schema\/logo\/image\/","url":"https:\/\/diarioellabrador.cl\/wp-content\/uploads\/2025\/02\/cropped-Logo-Icono.png","contentUrl":"https:\/\/diarioellabrador.cl\/wp-content\/uploads\/2025\/02\/cropped-Logo-Icono.png","width":512,"height":512,"caption":"Diario El Labrador"},"image":{"@id":"https:\/\/diarioellabrador.cl\/#\/schema\/logo\/image\/"},"sameAs":["https:\/\/web.facebook.com\/profile.php?id=61576120840621","https:\/\/x.com\/ElLabradorOf","https:\/\/www.instagram.com\/diarioellabradoroficial\/"]},{"@type":"Person","@id":"https:\/\/diarioellabrador.cl\/#\/schema\/person\/bc25ff80b4563f9c7f4bd7855df01685","name":"Editor","image":{"@type":"ImageObject","inLanguage":"es","@id":"https:\/\/secure.gravatar.com\/avatar\/109c326cf2be5c04f048c2c2a2b8b6ef44bf3d8d1d3d4c55d0ac40c4bc994684?s=96&d=mm&r=g","url":"https:\/\/secure.gravatar.com\/avatar\/109c326cf2be5c04f048c2c2a2b8b6ef44bf3d8d1d3d4c55d0ac40c4bc994684?s=96&d=mm&r=g","contentUrl":"https:\/\/secure.gravatar.com\/avatar\/109c326cf2be5c04f048c2c2a2b8b6ef44bf3d8d1d3d4c55d0ac40c4bc994684?s=96&d=mm&r=g","caption":"Editor"},"url":"https:\/\/diarioellabrador.cl\/index.php\/author\/editor\/"}]}},"_links":{"self":[{"href":"https:\/\/diarioellabrador.cl\/index.php\/wp-json\/wp\/v2\/posts\/16547","targetHints":{"allow":["GET"]}}],"collection":[{"href":"https:\/\/diarioellabrador.cl\/index.php\/wp-json\/wp\/v2\/posts"}],"about":[{"href":"https:\/\/diarioellabrador.cl\/index.php\/wp-json\/wp\/v2\/types\/post"}],"author":[{"embeddable":true,"href":"https:\/\/diarioellabrador.cl\/index.php\/wp-json\/wp\/v2\/users\/2"}],"replies":[{"embeddable":true,"href":"https:\/\/diarioellabrador.cl\/index.php\/wp-json\/wp\/v2\/comments?post=16547"}],"version-history":[{"count":1,"href":"https:\/\/diarioellabrador.cl\/index.php\/wp-json\/wp\/v2\/posts\/16547\/revisions"}],"predecessor-version":[{"id":16548,"href":"https:\/\/diarioellabrador.cl\/index.php\/wp-json\/wp\/v2\/posts\/16547\/revisions\/16548"}],"wp:featuredmedia":[{"embeddable":true,"href":"https:\/\/diarioellabrador.cl\/index.php\/wp-json\/wp\/v2\/media\/16544"}],"wp:attachment":[{"href":"https:\/\/diarioellabrador.cl\/index.php\/wp-json\/wp\/v2\/media?parent=16547"}],"wp:term":[{"taxonomy":"category","embeddable":true,"href":"https:\/\/diarioellabrador.cl\/index.php\/wp-json\/wp\/v2\/categories?post=16547"},{"taxonomy":"post_tag","embeddable":true,"href":"https:\/\/diarioellabrador.cl\/index.php\/wp-json\/wp\/v2\/tags?post=16547"}],"curies":[{"name":"wp","href":"https:\/\/api.w.org\/{rel}","templated":true}]}}