{"id":16515,"date":"2026-03-14T18:03:00","date_gmt":"2026-03-14T22:03:00","guid":{"rendered":"https:\/\/diarioellabrador.cl\/?p=16515"},"modified":"2026-03-15T18:00:46","modified_gmt":"2026-03-15T22:00:46","slug":"105-anos-haciendo-historia","status":"publish","type":"post","link":"https:\/\/diarioellabrador.cl\/index.php\/2026\/03\/14\/105-anos-haciendo-historia\/","title":{"rendered":"105 a\u00f1os haciendo historia"},"content":{"rendered":"<div class=\"wp-block-image\">\n<figure class=\"alignleft size-thumbnail\"><img loading=\"lazy\" decoding=\"async\" width=\"150\" height=\"150\" src=\"https:\/\/diarioellabrador.cl\/wp-content\/uploads\/2025\/07\/348428900_1619729781827598_5488219646893788893_n-150x150.jpg\" alt=\"\" class=\"wp-image-5065\" srcset=\"https:\/\/diarioellabrador.cl\/wp-content\/uploads\/2025\/07\/348428900_1619729781827598_5488219646893788893_n-150x150.jpg 150w, https:\/\/diarioellabrador.cl\/wp-content\/uploads\/2025\/07\/348428900_1619729781827598_5488219646893788893_n-300x300.jpg 300w, https:\/\/diarioellabrador.cl\/wp-content\/uploads\/2025\/07\/348428900_1619729781827598_5488219646893788893_n-95x95.jpg 95w, https:\/\/diarioellabrador.cl\/wp-content\/uploads\/2025\/07\/348428900_1619729781827598_5488219646893788893_n-140x140.jpg 140w, https:\/\/diarioellabrador.cl\/wp-content\/uploads\/2025\/07\/348428900_1619729781827598_5488219646893788893_n-400x400.jpg 400w, https:\/\/diarioellabrador.cl\/wp-content\/uploads\/2025\/07\/348428900_1619729781827598_5488219646893788893_n.jpg 535w\" sizes=\"auto, (max-width: 150px) 100vw, 150px\" \/><\/figure>\n<\/div>\n\n\n<p><br><br><br><br>Por Nelson Retamales Tirado<\/p>\n\n\n\n<br>\n<br>\n\n\n\n<p>Hace no s\u00e9 cu\u00e1ntos a\u00f1os, en la \u00e9poca de don Rafael Donoso Gallo, siendo yo, muy joven, escrib\u00ed una columna a pedido de un amigo, destinada a que la leyera el padre de su prometida -hoy su c\u00f3nyuge- que se opon\u00eda tenazmente al pololeo, no por \u00e9l, sino, por la corta edad de ambos -17 y 20 a\u00f1os-, lo que hoy ser\u00eda un chiste.<\/p>\n\n\n\n<p>Habl\u00e9 con don Rafael y le ped\u00ed, si me permit\u00eda publicar ese escrito. \u00c9l, un hombre muy serio y altamente preparado, lo ley\u00f3, levant\u00f3 una ceja y me pregunt\u00f3 si yo lo hab\u00eda escrito. Al responderle que s\u00ed, me sorprendi\u00f3 dici\u00e9ndome que lo publicar\u00eda y que, por favor, siguiera escribiendo para el Diario.<\/p>\n\n\n\n<p>No s\u00e9 en verdad, cu\u00e1ntos a\u00f1os ha, de aquel episodio, pero, hoy d\u00eda le parecer\u00e1 menor, pero escribir en el Labrador era una gran cosa y, guardando las proporciones con la prensa nacional, creo que todav\u00eda lo es.<\/p>\n\n\n\n<p>Este viernes 13 de marzo, en el ajetreo de la instalaci\u00f3n del nuevo gobierno, el Diario -que antes fue peri\u00f3dico- cumpli\u00f3 105 a\u00f1os, \u00a1CIENTO CINCO A\u00d1OS! y, a pesar que no a todos les gusta -b\u00e1sicamente por cuestiones ideol\u00f3gicas- y a que las autoridades no le prestan al apoyo necesario, es un orgullo para Melipilla y sus alrededores, contar con uno de los diarios m\u00e1s antiguos del pa\u00eds y, por tanto, no s\u00f3lo la gesta de Serrano, en Iquique; ni la destacada contribuci\u00f3n de los hermanos Sotomayor, en la Guerra del pac\u00edfico; ni Policarpo Toro, anexando al Isla de Pascua a nuestro territorio; ni la haza\u00f1a frustrada de Benedicto Villablanca en el box mundial ; ni, hasta hace poco, el \u00fanico puente curvo de Am\u00e9rica; y menos el drama que vive Deportes Melipilla, son motivo para atraer la atenci\u00f3n sobre&nbsp; nuestra ciudad, sino, tambi\u00e9n, el orgullo de tener uno de los m\u00e1s longevos del pa\u00eds y eso la gente, o no se da cuenta o no lo valora.<\/p>\n\n\n\n<p>Por eso, a pesar de haber mucho material para hablar de pol\u00edtica -cuyo es mi foco- por estar reci\u00e9n asumido el gobierno de J. A. Kast con sus anunciados indultos, zanjas por el norte, enviados especiales por el sur y enfrentar una dif\u00edcil situaci\u00f3n de la caja fiscal, hoy he optado por valorar la existencia de este medio de comunicaci\u00f3n, en el cual, en mi rol de periodista, hago algunas contribuciones, m\u00e1s all\u00e1 de mi columna dominical.<\/p>\n\n\n\n<p>La gente no sabe que, detr\u00e1s de este diario, actualmente y desde hace muchos a\u00f1os dirigido por C\u00e9sar Ra\u00fal Moyano, existen muchas personas que, a trav\u00e9s de sus distintos roles, le dan vida a este verdadero \u201cDiario de vida\u201d de la ciudad, que va contando los aconteceres d\u00eda a d\u00eda y escribiendo la historia de -la hoy- nuestra provincia.<\/p>\n\n\n\n<p>Mi saludo a cada uno de los que, an\u00f3nimamente, est\u00e1n detr\u00e1s del reporteo, los computadores, las m\u00e1quinas de impresi\u00f3n, los dise\u00f1os, la recolecci\u00f3n de avisos tan necesarios para la sobrevivencia, los editores, diagramadores, revisores de prueba, etc\u00e9tera, que con un gran coraz\u00f3n y muchas veces con la paga que la pobreza franciscana permite, dan vida diariamente a este querido medio de comunicaci\u00f3n.<\/p>\n\n\n\n<p>Desde su oficina en la Escuela Parroquial, de aquel lejano 13 de marzo de 1921, nos mira el sacerdote Ram\u00f3n Merino Ben\u00edtez, su primer director.<\/p>\n","protected":false},"excerpt":{"rendered":"<p>Por Nelson Retamales Tirado Hace no s\u00e9 cu\u00e1ntos a\u00f1os, en la \u00e9poca de don Rafael Donoso Gallo, siendo yo, muy joven, escrib\u00ed una columna a pedido de un amigo, destinada a que la leyera el padre de su prometida -hoy su c\u00f3nyuge- que se opon\u00eda tenazmente al pololeo, no por \u00e9l, sino, por la corta<\/p>\n<div class=\"read-more-wrapper\"><a class=\"read-more\" href=\"https:\/\/diarioellabrador.cl\/index.php\/2026\/03\/14\/105-anos-haciendo-historia\/\" title=\"Leer m\u00e1s\"> <span class=\"button \">Leer m\u00e1s<\/span><\/a><\/div>\n","protected":false},"author":2,"featured_media":16607,"comment_status":"open","ping_status":"open","sticky":false,"template":"","format":"standard","meta":{"footnotes":""},"categories":[9],"tags":[],"class_list":["post-16515","post","type-post","status-publish","format-standard","has-post-thumbnail","hentry","category-opinion"],"yoast_head":"<!-- This site is optimized with the Yoast SEO plugin v27.5 - https:\/\/yoast.com\/product\/yoast-seo-wordpress\/ -->\n<title>105 a\u00f1os haciendo historia - Diario El Labrador<\/title>\n<meta name=\"robots\" content=\"index, follow, max-snippet:-1, max-image-preview:large, max-video-preview:-1\" \/>\n<link rel=\"canonical\" href=\"https:\/\/diarioellabrador.cl\/index.php\/2026\/03\/14\/105-anos-haciendo-historia\/\" \/>\n<meta property=\"og:locale\" content=\"es_ES\" \/>\n<meta property=\"og:type\" content=\"article\" \/>\n<meta property=\"og:title\" content=\"105 a\u00f1os haciendo historia - Diario El Labrador\" \/>\n<meta property=\"og:description\" content=\"Por Nelson Retamales Tirado Hace no s\u00e9 cu\u00e1ntos a\u00f1os, en la \u00e9poca de don Rafael Donoso Gallo, siendo yo, muy joven, escrib\u00ed una columna a pedido de un amigo, destinada a que la leyera el padre de su prometida -hoy su c\u00f3nyuge- que se opon\u00eda tenazmente al pololeo, no por \u00e9l, sino, por la corta Leer m\u00e1s\" \/>\n<meta property=\"og:url\" content=\"https:\/\/diarioellabrador.cl\/index.php\/2026\/03\/14\/105-anos-haciendo-historia\/\" \/>\n<meta property=\"og:site_name\" content=\"Diario El Labrador\" \/>\n<meta property=\"article:publisher\" content=\"https:\/\/web.facebook.com\/profile.php?id=61576120840621\" \/>\n<meta property=\"article:published_time\" content=\"2026-03-14T22:03:00+00:00\" \/>\n<meta property=\"article:modified_time\" content=\"2026-03-15T22:00:46+00:00\" \/>\n<meta property=\"og:image\" content=\"https:\/\/diarioellabrador.cl\/wp-content\/uploads\/2026\/03\/ChatGPT-Image-15-mar-2026-05_37_26-p.m.png\" \/>\n\t<meta property=\"og:image:width\" content=\"1536\" \/>\n\t<meta property=\"og:image:height\" content=\"1024\" \/>\n\t<meta property=\"og:image:type\" content=\"image\/png\" \/>\n<meta name=\"author\" content=\"Editor\" \/>\n<meta name=\"twitter:card\" content=\"summary_large_image\" \/>\n<meta name=\"twitter:creator\" content=\"@ElLabradorOf\" \/>\n<meta name=\"twitter:site\" content=\"@ElLabradorOf\" \/>\n<meta name=\"twitter:label1\" content=\"Escrito por\" \/>\n\t<meta name=\"twitter:data1\" content=\"Editor\" \/>\n\t<meta name=\"twitter:label2\" content=\"Tiempo de lectura\" \/>\n\t<meta name=\"twitter:data2\" content=\"3 minutos\" \/>\n<script type=\"application\/ld+json\" class=\"yoast-schema-graph\">{\"@context\":\"https:\\\/\\\/schema.org\",\"@graph\":[{\"@type\":\"Article\",\"@id\":\"https:\\\/\\\/diarioellabrador.cl\\\/index.php\\\/2026\\\/03\\\/14\\\/105-anos-haciendo-historia\\\/#article\",\"isPartOf\":{\"@id\":\"https:\\\/\\\/diarioellabrador.cl\\\/index.php\\\/2026\\\/03\\\/14\\\/105-anos-haciendo-historia\\\/\"},\"author\":{\"name\":\"Editor\",\"@id\":\"https:\\\/\\\/diarioellabrador.cl\\\/#\\\/schema\\\/person\\\/bc25ff80b4563f9c7f4bd7855df01685\"},\"headline\":\"105 a\u00f1os haciendo historia\",\"datePublished\":\"2026-03-14T22:03:00+00:00\",\"dateModified\":\"2026-03-15T22:00:46+00:00\",\"mainEntityOfPage\":{\"@id\":\"https:\\\/\\\/diarioellabrador.cl\\\/index.php\\\/2026\\\/03\\\/14\\\/105-anos-haciendo-historia\\\/\"},\"wordCount\":605,\"commentCount\":0,\"publisher\":{\"@id\":\"https:\\\/\\\/diarioellabrador.cl\\\/#organization\"},\"image\":{\"@id\":\"https:\\\/\\\/diarioellabrador.cl\\\/index.php\\\/2026\\\/03\\\/14\\\/105-anos-haciendo-historia\\\/#primaryimage\"},\"thumbnailUrl\":\"https:\\\/\\\/diarioellabrador.cl\\\/wp-content\\\/uploads\\\/2026\\\/03\\\/ChatGPT-Image-15-mar-2026-05_37_26-p.m.png\",\"articleSection\":[\"Opini\u00f3n\"],\"inLanguage\":\"es\",\"potentialAction\":[{\"@type\":\"CommentAction\",\"name\":\"Comment\",\"target\":[\"https:\\\/\\\/diarioellabrador.cl\\\/index.php\\\/2026\\\/03\\\/14\\\/105-anos-haciendo-historia\\\/#respond\"]}]},{\"@type\":\"WebPage\",\"@id\":\"https:\\\/\\\/diarioellabrador.cl\\\/index.php\\\/2026\\\/03\\\/14\\\/105-anos-haciendo-historia\\\/\",\"url\":\"https:\\\/\\\/diarioellabrador.cl\\\/index.php\\\/2026\\\/03\\\/14\\\/105-anos-haciendo-historia\\\/\",\"name\":\"105 a\u00f1os haciendo historia - Diario El Labrador\",\"isPartOf\":{\"@id\":\"https:\\\/\\\/diarioellabrador.cl\\\/#website\"},\"primaryImageOfPage\":{\"@id\":\"https:\\\/\\\/diarioellabrador.cl\\\/index.php\\\/2026\\\/03\\\/14\\\/105-anos-haciendo-historia\\\/#primaryimage\"},\"image\":{\"@id\":\"https:\\\/\\\/diarioellabrador.cl\\\/index.php\\\/2026\\\/03\\\/14\\\/105-anos-haciendo-historia\\\/#primaryimage\"},\"thumbnailUrl\":\"https:\\\/\\\/diarioellabrador.cl\\\/wp-content\\\/uploads\\\/2026\\\/03\\\/ChatGPT-Image-15-mar-2026-05_37_26-p.m.png\",\"datePublished\":\"2026-03-14T22:03:00+00:00\",\"dateModified\":\"2026-03-15T22:00:46+00:00\",\"breadcrumb\":{\"@id\":\"https:\\\/\\\/diarioellabrador.cl\\\/index.php\\\/2026\\\/03\\\/14\\\/105-anos-haciendo-historia\\\/#breadcrumb\"},\"inLanguage\":\"es\",\"potentialAction\":[{\"@type\":\"ReadAction\",\"target\":[\"https:\\\/\\\/diarioellabrador.cl\\\/index.php\\\/2026\\\/03\\\/14\\\/105-anos-haciendo-historia\\\/\"]}]},{\"@type\":\"ImageObject\",\"inLanguage\":\"es\",\"@id\":\"https:\\\/\\\/diarioellabrador.cl\\\/index.php\\\/2026\\\/03\\\/14\\\/105-anos-haciendo-historia\\\/#primaryimage\",\"url\":\"https:\\\/\\\/diarioellabrador.cl\\\/wp-content\\\/uploads\\\/2026\\\/03\\\/ChatGPT-Image-15-mar-2026-05_37_26-p.m.png\",\"contentUrl\":\"https:\\\/\\\/diarioellabrador.cl\\\/wp-content\\\/uploads\\\/2026\\\/03\\\/ChatGPT-Image-15-mar-2026-05_37_26-p.m.png\",\"width\":1536,\"height\":1024},{\"@type\":\"BreadcrumbList\",\"@id\":\"https:\\\/\\\/diarioellabrador.cl\\\/index.php\\\/2026\\\/03\\\/14\\\/105-anos-haciendo-historia\\\/#breadcrumb\",\"itemListElement\":[{\"@type\":\"ListItem\",\"position\":1,\"name\":\"Portada\",\"item\":\"https:\\\/\\\/diarioellabrador.cl\\\/\"},{\"@type\":\"ListItem\",\"position\":2,\"name\":\"105 a\u00f1os haciendo historia\"}]},{\"@type\":\"WebSite\",\"@id\":\"https:\\\/\\\/diarioellabrador.cl\\\/#website\",\"url\":\"https:\\\/\\\/diarioellabrador.cl\\\/\",\"name\":\"Diario El Labrador\",\"description\":\"Haciendo noticia desde 1921\",\"publisher\":{\"@id\":\"https:\\\/\\\/diarioellabrador.cl\\\/#organization\"},\"potentialAction\":[{\"@type\":\"SearchAction\",\"target\":{\"@type\":\"EntryPoint\",\"urlTemplate\":\"https:\\\/\\\/diarioellabrador.cl\\\/?s={search_term_string}\"},\"query-input\":{\"@type\":\"PropertyValueSpecification\",\"valueRequired\":true,\"valueName\":\"search_term_string\"}}],\"inLanguage\":\"es\"},{\"@type\":\"Organization\",\"@id\":\"https:\\\/\\\/diarioellabrador.cl\\\/#organization\",\"name\":\"Diario El Labrador\",\"url\":\"https:\\\/\\\/diarioellabrador.cl\\\/\",\"logo\":{\"@type\":\"ImageObject\",\"inLanguage\":\"es\",\"@id\":\"https:\\\/\\\/diarioellabrador.cl\\\/#\\\/schema\\\/logo\\\/image\\\/\",\"url\":\"https:\\\/\\\/diarioellabrador.cl\\\/wp-content\\\/uploads\\\/2025\\\/02\\\/cropped-Logo-Icono.png\",\"contentUrl\":\"https:\\\/\\\/diarioellabrador.cl\\\/wp-content\\\/uploads\\\/2025\\\/02\\\/cropped-Logo-Icono.png\",\"width\":512,\"height\":512,\"caption\":\"Diario El Labrador\"},\"image\":{\"@id\":\"https:\\\/\\\/diarioellabrador.cl\\\/#\\\/schema\\\/logo\\\/image\\\/\"},\"sameAs\":[\"https:\\\/\\\/web.facebook.com\\\/profile.php?id=61576120840621\",\"https:\\\/\\\/x.com\\\/ElLabradorOf\",\"https:\\\/\\\/www.instagram.com\\\/diarioellabradoroficial\\\/\"]},{\"@type\":\"Person\",\"@id\":\"https:\\\/\\\/diarioellabrador.cl\\\/#\\\/schema\\\/person\\\/bc25ff80b4563f9c7f4bd7855df01685\",\"name\":\"Editor\",\"image\":{\"@type\":\"ImageObject\",\"inLanguage\":\"es\",\"@id\":\"https:\\\/\\\/secure.gravatar.com\\\/avatar\\\/109c326cf2be5c04f048c2c2a2b8b6ef44bf3d8d1d3d4c55d0ac40c4bc994684?s=96&d=mm&r=g\",\"url\":\"https:\\\/\\\/secure.gravatar.com\\\/avatar\\\/109c326cf2be5c04f048c2c2a2b8b6ef44bf3d8d1d3d4c55d0ac40c4bc994684?s=96&d=mm&r=g\",\"contentUrl\":\"https:\\\/\\\/secure.gravatar.com\\\/avatar\\\/109c326cf2be5c04f048c2c2a2b8b6ef44bf3d8d1d3d4c55d0ac40c4bc994684?s=96&d=mm&r=g\",\"caption\":\"Editor\"},\"url\":\"https:\\\/\\\/diarioellabrador.cl\\\/index.php\\\/author\\\/editor\\\/\"}]}<\/script>\n<!-- \/ Yoast SEO plugin. -->","yoast_head_json":{"title":"105 a\u00f1os haciendo historia - Diario El Labrador","robots":{"index":"index","follow":"follow","max-snippet":"max-snippet:-1","max-image-preview":"max-image-preview:large","max-video-preview":"max-video-preview:-1"},"canonical":"https:\/\/diarioellabrador.cl\/index.php\/2026\/03\/14\/105-anos-haciendo-historia\/","og_locale":"es_ES","og_type":"article","og_title":"105 a\u00f1os haciendo historia - Diario El Labrador","og_description":"Por Nelson Retamales Tirado Hace no s\u00e9 cu\u00e1ntos a\u00f1os, en la \u00e9poca de don Rafael Donoso Gallo, siendo yo, muy joven, escrib\u00ed una columna a pedido de un amigo, destinada a que la leyera el padre de su prometida -hoy su c\u00f3nyuge- que se opon\u00eda tenazmente al pololeo, no por \u00e9l, sino, por la corta Leer m\u00e1s","og_url":"https:\/\/diarioellabrador.cl\/index.php\/2026\/03\/14\/105-anos-haciendo-historia\/","og_site_name":"Diario El Labrador","article_publisher":"https:\/\/web.facebook.com\/profile.php?id=61576120840621","article_published_time":"2026-03-14T22:03:00+00:00","article_modified_time":"2026-03-15T22:00:46+00:00","og_image":[{"width":1536,"height":1024,"url":"https:\/\/diarioellabrador.cl\/wp-content\/uploads\/2026\/03\/ChatGPT-Image-15-mar-2026-05_37_26-p.m.png","type":"image\/png"}],"author":"Editor","twitter_card":"summary_large_image","twitter_creator":"@ElLabradorOf","twitter_site":"@ElLabradorOf","twitter_misc":{"Escrito por":"Editor","Tiempo de lectura":"3 minutos"},"schema":{"@context":"https:\/\/schema.org","@graph":[{"@type":"Article","@id":"https:\/\/diarioellabrador.cl\/index.php\/2026\/03\/14\/105-anos-haciendo-historia\/#article","isPartOf":{"@id":"https:\/\/diarioellabrador.cl\/index.php\/2026\/03\/14\/105-anos-haciendo-historia\/"},"author":{"name":"Editor","@id":"https:\/\/diarioellabrador.cl\/#\/schema\/person\/bc25ff80b4563f9c7f4bd7855df01685"},"headline":"105 a\u00f1os haciendo historia","datePublished":"2026-03-14T22:03:00+00:00","dateModified":"2026-03-15T22:00:46+00:00","mainEntityOfPage":{"@id":"https:\/\/diarioellabrador.cl\/index.php\/2026\/03\/14\/105-anos-haciendo-historia\/"},"wordCount":605,"commentCount":0,"publisher":{"@id":"https:\/\/diarioellabrador.cl\/#organization"},"image":{"@id":"https:\/\/diarioellabrador.cl\/index.php\/2026\/03\/14\/105-anos-haciendo-historia\/#primaryimage"},"thumbnailUrl":"https:\/\/diarioellabrador.cl\/wp-content\/uploads\/2026\/03\/ChatGPT-Image-15-mar-2026-05_37_26-p.m.png","articleSection":["Opini\u00f3n"],"inLanguage":"es","potentialAction":[{"@type":"CommentAction","name":"Comment","target":["https:\/\/diarioellabrador.cl\/index.php\/2026\/03\/14\/105-anos-haciendo-historia\/#respond"]}]},{"@type":"WebPage","@id":"https:\/\/diarioellabrador.cl\/index.php\/2026\/03\/14\/105-anos-haciendo-historia\/","url":"https:\/\/diarioellabrador.cl\/index.php\/2026\/03\/14\/105-anos-haciendo-historia\/","name":"105 a\u00f1os haciendo historia - Diario El Labrador","isPartOf":{"@id":"https:\/\/diarioellabrador.cl\/#website"},"primaryImageOfPage":{"@id":"https:\/\/diarioellabrador.cl\/index.php\/2026\/03\/14\/105-anos-haciendo-historia\/#primaryimage"},"image":{"@id":"https:\/\/diarioellabrador.cl\/index.php\/2026\/03\/14\/105-anos-haciendo-historia\/#primaryimage"},"thumbnailUrl":"https:\/\/diarioellabrador.cl\/wp-content\/uploads\/2026\/03\/ChatGPT-Image-15-mar-2026-05_37_26-p.m.png","datePublished":"2026-03-14T22:03:00+00:00","dateModified":"2026-03-15T22:00:46+00:00","breadcrumb":{"@id":"https:\/\/diarioellabrador.cl\/index.php\/2026\/03\/14\/105-anos-haciendo-historia\/#breadcrumb"},"inLanguage":"es","potentialAction":[{"@type":"ReadAction","target":["https:\/\/diarioellabrador.cl\/index.php\/2026\/03\/14\/105-anos-haciendo-historia\/"]}]},{"@type":"ImageObject","inLanguage":"es","@id":"https:\/\/diarioellabrador.cl\/index.php\/2026\/03\/14\/105-anos-haciendo-historia\/#primaryimage","url":"https:\/\/diarioellabrador.cl\/wp-content\/uploads\/2026\/03\/ChatGPT-Image-15-mar-2026-05_37_26-p.m.png","contentUrl":"https:\/\/diarioellabrador.cl\/wp-content\/uploads\/2026\/03\/ChatGPT-Image-15-mar-2026-05_37_26-p.m.png","width":1536,"height":1024},{"@type":"BreadcrumbList","@id":"https:\/\/diarioellabrador.cl\/index.php\/2026\/03\/14\/105-anos-haciendo-historia\/#breadcrumb","itemListElement":[{"@type":"ListItem","position":1,"name":"Portada","item":"https:\/\/diarioellabrador.cl\/"},{"@type":"ListItem","position":2,"name":"105 a\u00f1os haciendo historia"}]},{"@type":"WebSite","@id":"https:\/\/diarioellabrador.cl\/#website","url":"https:\/\/diarioellabrador.cl\/","name":"Diario El Labrador","description":"Haciendo noticia desde 1921","publisher":{"@id":"https:\/\/diarioellabrador.cl\/#organization"},"potentialAction":[{"@type":"SearchAction","target":{"@type":"EntryPoint","urlTemplate":"https:\/\/diarioellabrador.cl\/?s={search_term_string}"},"query-input":{"@type":"PropertyValueSpecification","valueRequired":true,"valueName":"search_term_string"}}],"inLanguage":"es"},{"@type":"Organization","@id":"https:\/\/diarioellabrador.cl\/#organization","name":"Diario El Labrador","url":"https:\/\/diarioellabrador.cl\/","logo":{"@type":"ImageObject","inLanguage":"es","@id":"https:\/\/diarioellabrador.cl\/#\/schema\/logo\/image\/","url":"https:\/\/diarioellabrador.cl\/wp-content\/uploads\/2025\/02\/cropped-Logo-Icono.png","contentUrl":"https:\/\/diarioellabrador.cl\/wp-content\/uploads\/2025\/02\/cropped-Logo-Icono.png","width":512,"height":512,"caption":"Diario El Labrador"},"image":{"@id":"https:\/\/diarioellabrador.cl\/#\/schema\/logo\/image\/"},"sameAs":["https:\/\/web.facebook.com\/profile.php?id=61576120840621","https:\/\/x.com\/ElLabradorOf","https:\/\/www.instagram.com\/diarioellabradoroficial\/"]},{"@type":"Person","@id":"https:\/\/diarioellabrador.cl\/#\/schema\/person\/bc25ff80b4563f9c7f4bd7855df01685","name":"Editor","image":{"@type":"ImageObject","inLanguage":"es","@id":"https:\/\/secure.gravatar.com\/avatar\/109c326cf2be5c04f048c2c2a2b8b6ef44bf3d8d1d3d4c55d0ac40c4bc994684?s=96&d=mm&r=g","url":"https:\/\/secure.gravatar.com\/avatar\/109c326cf2be5c04f048c2c2a2b8b6ef44bf3d8d1d3d4c55d0ac40c4bc994684?s=96&d=mm&r=g","contentUrl":"https:\/\/secure.gravatar.com\/avatar\/109c326cf2be5c04f048c2c2a2b8b6ef44bf3d8d1d3d4c55d0ac40c4bc994684?s=96&d=mm&r=g","caption":"Editor"},"url":"https:\/\/diarioellabrador.cl\/index.php\/author\/editor\/"}]}},"_links":{"self":[{"href":"https:\/\/diarioellabrador.cl\/index.php\/wp-json\/wp\/v2\/posts\/16515","targetHints":{"allow":["GET"]}}],"collection":[{"href":"https:\/\/diarioellabrador.cl\/index.php\/wp-json\/wp\/v2\/posts"}],"about":[{"href":"https:\/\/diarioellabrador.cl\/index.php\/wp-json\/wp\/v2\/types\/post"}],"author":[{"embeddable":true,"href":"https:\/\/diarioellabrador.cl\/index.php\/wp-json\/wp\/v2\/users\/2"}],"replies":[{"embeddable":true,"href":"https:\/\/diarioellabrador.cl\/index.php\/wp-json\/wp\/v2\/comments?post=16515"}],"version-history":[{"count":2,"href":"https:\/\/diarioellabrador.cl\/index.php\/wp-json\/wp\/v2\/posts\/16515\/revisions"}],"predecessor-version":[{"id":16608,"href":"https:\/\/diarioellabrador.cl\/index.php\/wp-json\/wp\/v2\/posts\/16515\/revisions\/16608"}],"wp:featuredmedia":[{"embeddable":true,"href":"https:\/\/diarioellabrador.cl\/index.php\/wp-json\/wp\/v2\/media\/16607"}],"wp:attachment":[{"href":"https:\/\/diarioellabrador.cl\/index.php\/wp-json\/wp\/v2\/media?parent=16515"}],"wp:term":[{"taxonomy":"category","embeddable":true,"href":"https:\/\/diarioellabrador.cl\/index.php\/wp-json\/wp\/v2\/categories?post=16515"},{"taxonomy":"post_tag","embeddable":true,"href":"https:\/\/diarioellabrador.cl\/index.php\/wp-json\/wp\/v2\/tags?post=16515"}],"curies":[{"name":"wp","href":"https:\/\/api.w.org\/{rel}","templated":true}]}}