{"id":16497,"date":"2026-03-12T18:35:06","date_gmt":"2026-03-12T22:35:06","guid":{"rendered":"https:\/\/diarioellabrador.cl\/?p=16497"},"modified":"2026-03-12T18:35:08","modified_gmt":"2026-03-12T22:35:08","slug":"el-labrador-cumple-105-anos-de-vida-consolidando-su-version-digital","status":"publish","type":"post","link":"https:\/\/diarioellabrador.cl\/index.php\/2026\/03\/12\/el-labrador-cumple-105-anos-de-vida-consolidando-su-version-digital\/","title":{"rendered":"El Labrador cumple 105 a\u00f1os de vida consolidando su versi\u00f3n digital"},"content":{"rendered":"\n<p>Por Carlos Silva S<\/p>\n\n\n\n<p>Un nuevo aniversario cumple hoy viernes diario El Labrador, medio de comunicaci\u00f3n Patrimonio de la regi\u00f3n del Maipo, cuya historia comenz\u00f3 un 13 de marzo de 1921.<\/p>\n\n\n\n<p>La historia, los hechos y acontecimientos de toda \u00edndole desde ese d\u00eda y hasta la actualidad, han quedado plasmado en sus p\u00e1ginas, al menos hasta 2024, ya que desde ese a\u00f1o sus cuatro ediciones semanales se han concentrado en lo digital, acorde a los nuevos tiempos en donde la informaci\u00f3n debe estar al alcance de todos \u201ccon un solo click\u201d.<\/p>\n\n\n\n<p>Bajo esa premisa, la transformaci\u00f3n del papel a o digital ha significado un cambio que ha permitido amplificar la llegada de este diario a nuevos lectores, traspasando las fronteras de las provincias de Melipilla y Talagante.<\/p>\n\n\n\n<p>En la actualidad son miles de personas que en todo el mundo pueden enterarse de los \u00faltimos acontecimientos locales, en su mayor\u00eda, melipillanos y talagantinos radicados en Estados Unidos, pa\u00edses de Europa, Argentina y otros pa\u00edses de Latinoam\u00e9rica, principalmente.<\/p>\n\n\n\n<p>Con una p\u00e1gina web moderna y redes sociales actualizadas, diario El Labrador se ha sumado a los nuevos tiempos, consolidando su liderazgo en los medios locales y avanzando hacia el futuro.<\/p>\n\n\n\n<p>El equipo liderado por su director, C\u00e9sar Ra\u00fal Moyano, realiza un trabajo constante para averiguar en detalle cada acontecimiento en la zona, esto con el solo prop\u00f3sito de mantener vigente este tradicional medio de comunicaci\u00f3n de m\u00e1s de un siglo de existencia, e informar a nuestros cada vez m\u00e1s lectores.<\/p>\n","protected":false},"excerpt":{"rendered":"<p>Por Carlos Silva S Un nuevo aniversario cumple hoy viernes diario El Labrador, medio de comunicaci\u00f3n Patrimonio de la regi\u00f3n del Maipo, cuya historia comenz\u00f3 un 13 de marzo de 1921. La historia, los hechos y acontecimientos de toda \u00edndole desde ese d\u00eda y hasta la actualidad, han quedado plasmado en sus p\u00e1ginas, al menos<\/p>\n<div class=\"read-more-wrapper\"><a class=\"read-more\" href=\"https:\/\/diarioellabrador.cl\/index.php\/2026\/03\/12\/el-labrador-cumple-105-anos-de-vida-consolidando-su-version-digital\/\" title=\"Leer m\u00e1s\"> <span class=\"button \">Leer m\u00e1s<\/span><\/a><\/div>\n","protected":false},"author":2,"featured_media":16433,"comment_status":"open","ping_status":"open","sticky":false,"template":"","format":"standard","meta":{"footnotes":""},"categories":[1],"tags":[],"class_list":["post-16497","post","type-post","status-publish","format-standard","has-post-thumbnail","hentry","category-cronica"],"yoast_head":"<!-- This site is optimized with the Yoast SEO plugin v27.5 - https:\/\/yoast.com\/product\/yoast-seo-wordpress\/ -->\n<title>El Labrador cumple 105 a\u00f1os de vida consolidando su versi\u00f3n digital - Diario El Labrador<\/title>\n<meta name=\"robots\" content=\"index, follow, max-snippet:-1, max-image-preview:large, max-video-preview:-1\" \/>\n<link rel=\"canonical\" href=\"https:\/\/diarioellabrador.cl\/index.php\/2026\/03\/12\/el-labrador-cumple-105-anos-de-vida-consolidando-su-version-digital\/\" \/>\n<meta property=\"og:locale\" content=\"es_ES\" \/>\n<meta property=\"og:type\" content=\"article\" \/>\n<meta property=\"og:title\" content=\"El Labrador cumple 105 a\u00f1os de vida consolidando su versi\u00f3n digital - Diario El Labrador\" \/>\n<meta property=\"og:description\" content=\"Por Carlos Silva S Un nuevo aniversario cumple hoy viernes diario El Labrador, medio de comunicaci\u00f3n Patrimonio de la regi\u00f3n del Maipo, cuya historia comenz\u00f3 un 13 de marzo de 1921. La historia, los hechos y acontecimientos de toda \u00edndole desde ese d\u00eda y hasta la actualidad, han quedado plasmado en sus p\u00e1ginas, al menos Leer m\u00e1s\" \/>\n<meta property=\"og:url\" content=\"https:\/\/diarioellabrador.cl\/index.php\/2026\/03\/12\/el-labrador-cumple-105-anos-de-vida-consolidando-su-version-digital\/\" \/>\n<meta property=\"og:site_name\" content=\"Diario El Labrador\" \/>\n<meta property=\"article:publisher\" content=\"https:\/\/web.facebook.com\/profile.php?id=61576120840621\" \/>\n<meta property=\"article:published_time\" content=\"2026-03-12T22:35:06+00:00\" \/>\n<meta property=\"article:modified_time\" content=\"2026-03-12T22:35:08+00:00\" \/>\n<meta property=\"og:image\" content=\"https:\/\/diarioellabrador.cl\/wp-content\/uploads\/2026\/03\/El-Labrador-cumple-105-anos-de-vida-consolidando-su-version-digital.jpg\" \/>\n\t<meta property=\"og:image:width\" content=\"680\" \/>\n\t<meta property=\"og:image:height\" content=\"510\" \/>\n\t<meta property=\"og:image:type\" content=\"image\/jpeg\" \/>\n<meta name=\"author\" content=\"Editor\" \/>\n<meta name=\"twitter:card\" content=\"summary_large_image\" \/>\n<meta name=\"twitter:creator\" content=\"@ElLabradorOf\" \/>\n<meta name=\"twitter:site\" content=\"@ElLabradorOf\" \/>\n<meta name=\"twitter:label1\" content=\"Escrito por\" \/>\n\t<meta name=\"twitter:data1\" content=\"Editor\" \/>\n\t<meta name=\"twitter:label2\" content=\"Tiempo de lectura\" \/>\n\t<meta name=\"twitter:data2\" content=\"2 minutos\" \/>\n<script type=\"application\/ld+json\" class=\"yoast-schema-graph\">{\"@context\":\"https:\\\/\\\/schema.org\",\"@graph\":[{\"@type\":\"Article\",\"@id\":\"https:\\\/\\\/diarioellabrador.cl\\\/index.php\\\/2026\\\/03\\\/12\\\/el-labrador-cumple-105-anos-de-vida-consolidando-su-version-digital\\\/#article\",\"isPartOf\":{\"@id\":\"https:\\\/\\\/diarioellabrador.cl\\\/index.php\\\/2026\\\/03\\\/12\\\/el-labrador-cumple-105-anos-de-vida-consolidando-su-version-digital\\\/\"},\"author\":{\"name\":\"Editor\",\"@id\":\"https:\\\/\\\/diarioellabrador.cl\\\/#\\\/schema\\\/person\\\/bc25ff80b4563f9c7f4bd7855df01685\"},\"headline\":\"El Labrador cumple 105 a\u00f1os de vida consolidando su versi\u00f3n digital\",\"datePublished\":\"2026-03-12T22:35:06+00:00\",\"dateModified\":\"2026-03-12T22:35:08+00:00\",\"mainEntityOfPage\":{\"@id\":\"https:\\\/\\\/diarioellabrador.cl\\\/index.php\\\/2026\\\/03\\\/12\\\/el-labrador-cumple-105-anos-de-vida-consolidando-su-version-digital\\\/\"},\"wordCount\":274,\"commentCount\":0,\"publisher\":{\"@id\":\"https:\\\/\\\/diarioellabrador.cl\\\/#organization\"},\"image\":{\"@id\":\"https:\\\/\\\/diarioellabrador.cl\\\/index.php\\\/2026\\\/03\\\/12\\\/el-labrador-cumple-105-anos-de-vida-consolidando-su-version-digital\\\/#primaryimage\"},\"thumbnailUrl\":\"https:\\\/\\\/diarioellabrador.cl\\\/wp-content\\\/uploads\\\/2026\\\/03\\\/El-Labrador-cumple-105-anos-de-vida-consolidando-su-version-digital.jpg\",\"articleSection\":[\"Cr\u00f3nica\"],\"inLanguage\":\"es\",\"potentialAction\":[{\"@type\":\"CommentAction\",\"name\":\"Comment\",\"target\":[\"https:\\\/\\\/diarioellabrador.cl\\\/index.php\\\/2026\\\/03\\\/12\\\/el-labrador-cumple-105-anos-de-vida-consolidando-su-version-digital\\\/#respond\"]}]},{\"@type\":\"WebPage\",\"@id\":\"https:\\\/\\\/diarioellabrador.cl\\\/index.php\\\/2026\\\/03\\\/12\\\/el-labrador-cumple-105-anos-de-vida-consolidando-su-version-digital\\\/\",\"url\":\"https:\\\/\\\/diarioellabrador.cl\\\/index.php\\\/2026\\\/03\\\/12\\\/el-labrador-cumple-105-anos-de-vida-consolidando-su-version-digital\\\/\",\"name\":\"El Labrador cumple 105 a\u00f1os de vida consolidando su versi\u00f3n digital - Diario El Labrador\",\"isPartOf\":{\"@id\":\"https:\\\/\\\/diarioellabrador.cl\\\/#website\"},\"primaryImageOfPage\":{\"@id\":\"https:\\\/\\\/diarioellabrador.cl\\\/index.php\\\/2026\\\/03\\\/12\\\/el-labrador-cumple-105-anos-de-vida-consolidando-su-version-digital\\\/#primaryimage\"},\"image\":{\"@id\":\"https:\\\/\\\/diarioellabrador.cl\\\/index.php\\\/2026\\\/03\\\/12\\\/el-labrador-cumple-105-anos-de-vida-consolidando-su-version-digital\\\/#primaryimage\"},\"thumbnailUrl\":\"https:\\\/\\\/diarioellabrador.cl\\\/wp-content\\\/uploads\\\/2026\\\/03\\\/El-Labrador-cumple-105-anos-de-vida-consolidando-su-version-digital.jpg\",\"datePublished\":\"2026-03-12T22:35:06+00:00\",\"dateModified\":\"2026-03-12T22:35:08+00:00\",\"breadcrumb\":{\"@id\":\"https:\\\/\\\/diarioellabrador.cl\\\/index.php\\\/2026\\\/03\\\/12\\\/el-labrador-cumple-105-anos-de-vida-consolidando-su-version-digital\\\/#breadcrumb\"},\"inLanguage\":\"es\",\"potentialAction\":[{\"@type\":\"ReadAction\",\"target\":[\"https:\\\/\\\/diarioellabrador.cl\\\/index.php\\\/2026\\\/03\\\/12\\\/el-labrador-cumple-105-anos-de-vida-consolidando-su-version-digital\\\/\"]}]},{\"@type\":\"ImageObject\",\"inLanguage\":\"es\",\"@id\":\"https:\\\/\\\/diarioellabrador.cl\\\/index.php\\\/2026\\\/03\\\/12\\\/el-labrador-cumple-105-anos-de-vida-consolidando-su-version-digital\\\/#primaryimage\",\"url\":\"https:\\\/\\\/diarioellabrador.cl\\\/wp-content\\\/uploads\\\/2026\\\/03\\\/El-Labrador-cumple-105-anos-de-vida-consolidando-su-version-digital.jpg\",\"contentUrl\":\"https:\\\/\\\/diarioellabrador.cl\\\/wp-content\\\/uploads\\\/2026\\\/03\\\/El-Labrador-cumple-105-anos-de-vida-consolidando-su-version-digital.jpg\",\"width\":680,\"height\":510},{\"@type\":\"BreadcrumbList\",\"@id\":\"https:\\\/\\\/diarioellabrador.cl\\\/index.php\\\/2026\\\/03\\\/12\\\/el-labrador-cumple-105-anos-de-vida-consolidando-su-version-digital\\\/#breadcrumb\",\"itemListElement\":[{\"@type\":\"ListItem\",\"position\":1,\"name\":\"Portada\",\"item\":\"https:\\\/\\\/diarioellabrador.cl\\\/\"},{\"@type\":\"ListItem\",\"position\":2,\"name\":\"El Labrador cumple 105 a\u00f1os de vida consolidando su versi\u00f3n digital\"}]},{\"@type\":\"WebSite\",\"@id\":\"https:\\\/\\\/diarioellabrador.cl\\\/#website\",\"url\":\"https:\\\/\\\/diarioellabrador.cl\\\/\",\"name\":\"Diario El Labrador\",\"description\":\"Haciendo noticia desde 1921\",\"publisher\":{\"@id\":\"https:\\\/\\\/diarioellabrador.cl\\\/#organization\"},\"potentialAction\":[{\"@type\":\"SearchAction\",\"target\":{\"@type\":\"EntryPoint\",\"urlTemplate\":\"https:\\\/\\\/diarioellabrador.cl\\\/?s={search_term_string}\"},\"query-input\":{\"@type\":\"PropertyValueSpecification\",\"valueRequired\":true,\"valueName\":\"search_term_string\"}}],\"inLanguage\":\"es\"},{\"@type\":\"Organization\",\"@id\":\"https:\\\/\\\/diarioellabrador.cl\\\/#organization\",\"name\":\"Diario El Labrador\",\"url\":\"https:\\\/\\\/diarioellabrador.cl\\\/\",\"logo\":{\"@type\":\"ImageObject\",\"inLanguage\":\"es\",\"@id\":\"https:\\\/\\\/diarioellabrador.cl\\\/#\\\/schema\\\/logo\\\/image\\\/\",\"url\":\"https:\\\/\\\/diarioellabrador.cl\\\/wp-content\\\/uploads\\\/2025\\\/02\\\/cropped-Logo-Icono.png\",\"contentUrl\":\"https:\\\/\\\/diarioellabrador.cl\\\/wp-content\\\/uploads\\\/2025\\\/02\\\/cropped-Logo-Icono.png\",\"width\":512,\"height\":512,\"caption\":\"Diario El Labrador\"},\"image\":{\"@id\":\"https:\\\/\\\/diarioellabrador.cl\\\/#\\\/schema\\\/logo\\\/image\\\/\"},\"sameAs\":[\"https:\\\/\\\/web.facebook.com\\\/profile.php?id=61576120840621\",\"https:\\\/\\\/x.com\\\/ElLabradorOf\",\"https:\\\/\\\/www.instagram.com\\\/diarioellabradoroficial\\\/\"]},{\"@type\":\"Person\",\"@id\":\"https:\\\/\\\/diarioellabrador.cl\\\/#\\\/schema\\\/person\\\/bc25ff80b4563f9c7f4bd7855df01685\",\"name\":\"Editor\",\"image\":{\"@type\":\"ImageObject\",\"inLanguage\":\"es\",\"@id\":\"https:\\\/\\\/secure.gravatar.com\\\/avatar\\\/109c326cf2be5c04f048c2c2a2b8b6ef44bf3d8d1d3d4c55d0ac40c4bc994684?s=96&d=mm&r=g\",\"url\":\"https:\\\/\\\/secure.gravatar.com\\\/avatar\\\/109c326cf2be5c04f048c2c2a2b8b6ef44bf3d8d1d3d4c55d0ac40c4bc994684?s=96&d=mm&r=g\",\"contentUrl\":\"https:\\\/\\\/secure.gravatar.com\\\/avatar\\\/109c326cf2be5c04f048c2c2a2b8b6ef44bf3d8d1d3d4c55d0ac40c4bc994684?s=96&d=mm&r=g\",\"caption\":\"Editor\"},\"url\":\"https:\\\/\\\/diarioellabrador.cl\\\/index.php\\\/author\\\/editor\\\/\"}]}<\/script>\n<!-- \/ Yoast SEO plugin. -->","yoast_head_json":{"title":"El Labrador cumple 105 a\u00f1os de vida consolidando su versi\u00f3n digital - Diario El Labrador","robots":{"index":"index","follow":"follow","max-snippet":"max-snippet:-1","max-image-preview":"max-image-preview:large","max-video-preview":"max-video-preview:-1"},"canonical":"https:\/\/diarioellabrador.cl\/index.php\/2026\/03\/12\/el-labrador-cumple-105-anos-de-vida-consolidando-su-version-digital\/","og_locale":"es_ES","og_type":"article","og_title":"El Labrador cumple 105 a\u00f1os de vida consolidando su versi\u00f3n digital - Diario El Labrador","og_description":"Por Carlos Silva S Un nuevo aniversario cumple hoy viernes diario El Labrador, medio de comunicaci\u00f3n Patrimonio de la regi\u00f3n del Maipo, cuya historia comenz\u00f3 un 13 de marzo de 1921. La historia, los hechos y acontecimientos de toda \u00edndole desde ese d\u00eda y hasta la actualidad, han quedado plasmado en sus p\u00e1ginas, al menos Leer m\u00e1s","og_url":"https:\/\/diarioellabrador.cl\/index.php\/2026\/03\/12\/el-labrador-cumple-105-anos-de-vida-consolidando-su-version-digital\/","og_site_name":"Diario El Labrador","article_publisher":"https:\/\/web.facebook.com\/profile.php?id=61576120840621","article_published_time":"2026-03-12T22:35:06+00:00","article_modified_time":"2026-03-12T22:35:08+00:00","og_image":[{"width":680,"height":510,"url":"https:\/\/diarioellabrador.cl\/wp-content\/uploads\/2026\/03\/El-Labrador-cumple-105-anos-de-vida-consolidando-su-version-digital.jpg","type":"image\/jpeg"}],"author":"Editor","twitter_card":"summary_large_image","twitter_creator":"@ElLabradorOf","twitter_site":"@ElLabradorOf","twitter_misc":{"Escrito por":"Editor","Tiempo de lectura":"2 minutos"},"schema":{"@context":"https:\/\/schema.org","@graph":[{"@type":"Article","@id":"https:\/\/diarioellabrador.cl\/index.php\/2026\/03\/12\/el-labrador-cumple-105-anos-de-vida-consolidando-su-version-digital\/#article","isPartOf":{"@id":"https:\/\/diarioellabrador.cl\/index.php\/2026\/03\/12\/el-labrador-cumple-105-anos-de-vida-consolidando-su-version-digital\/"},"author":{"name":"Editor","@id":"https:\/\/diarioellabrador.cl\/#\/schema\/person\/bc25ff80b4563f9c7f4bd7855df01685"},"headline":"El Labrador cumple 105 a\u00f1os de vida consolidando su versi\u00f3n digital","datePublished":"2026-03-12T22:35:06+00:00","dateModified":"2026-03-12T22:35:08+00:00","mainEntityOfPage":{"@id":"https:\/\/diarioellabrador.cl\/index.php\/2026\/03\/12\/el-labrador-cumple-105-anos-de-vida-consolidando-su-version-digital\/"},"wordCount":274,"commentCount":0,"publisher":{"@id":"https:\/\/diarioellabrador.cl\/#organization"},"image":{"@id":"https:\/\/diarioellabrador.cl\/index.php\/2026\/03\/12\/el-labrador-cumple-105-anos-de-vida-consolidando-su-version-digital\/#primaryimage"},"thumbnailUrl":"https:\/\/diarioellabrador.cl\/wp-content\/uploads\/2026\/03\/El-Labrador-cumple-105-anos-de-vida-consolidando-su-version-digital.jpg","articleSection":["Cr\u00f3nica"],"inLanguage":"es","potentialAction":[{"@type":"CommentAction","name":"Comment","target":["https:\/\/diarioellabrador.cl\/index.php\/2026\/03\/12\/el-labrador-cumple-105-anos-de-vida-consolidando-su-version-digital\/#respond"]}]},{"@type":"WebPage","@id":"https:\/\/diarioellabrador.cl\/index.php\/2026\/03\/12\/el-labrador-cumple-105-anos-de-vida-consolidando-su-version-digital\/","url":"https:\/\/diarioellabrador.cl\/index.php\/2026\/03\/12\/el-labrador-cumple-105-anos-de-vida-consolidando-su-version-digital\/","name":"El Labrador cumple 105 a\u00f1os de vida consolidando su versi\u00f3n digital - Diario El Labrador","isPartOf":{"@id":"https:\/\/diarioellabrador.cl\/#website"},"primaryImageOfPage":{"@id":"https:\/\/diarioellabrador.cl\/index.php\/2026\/03\/12\/el-labrador-cumple-105-anos-de-vida-consolidando-su-version-digital\/#primaryimage"},"image":{"@id":"https:\/\/diarioellabrador.cl\/index.php\/2026\/03\/12\/el-labrador-cumple-105-anos-de-vida-consolidando-su-version-digital\/#primaryimage"},"thumbnailUrl":"https:\/\/diarioellabrador.cl\/wp-content\/uploads\/2026\/03\/El-Labrador-cumple-105-anos-de-vida-consolidando-su-version-digital.jpg","datePublished":"2026-03-12T22:35:06+00:00","dateModified":"2026-03-12T22:35:08+00:00","breadcrumb":{"@id":"https:\/\/diarioellabrador.cl\/index.php\/2026\/03\/12\/el-labrador-cumple-105-anos-de-vida-consolidando-su-version-digital\/#breadcrumb"},"inLanguage":"es","potentialAction":[{"@type":"ReadAction","target":["https:\/\/diarioellabrador.cl\/index.php\/2026\/03\/12\/el-labrador-cumple-105-anos-de-vida-consolidando-su-version-digital\/"]}]},{"@type":"ImageObject","inLanguage":"es","@id":"https:\/\/diarioellabrador.cl\/index.php\/2026\/03\/12\/el-labrador-cumple-105-anos-de-vida-consolidando-su-version-digital\/#primaryimage","url":"https:\/\/diarioellabrador.cl\/wp-content\/uploads\/2026\/03\/El-Labrador-cumple-105-anos-de-vida-consolidando-su-version-digital.jpg","contentUrl":"https:\/\/diarioellabrador.cl\/wp-content\/uploads\/2026\/03\/El-Labrador-cumple-105-anos-de-vida-consolidando-su-version-digital.jpg","width":680,"height":510},{"@type":"BreadcrumbList","@id":"https:\/\/diarioellabrador.cl\/index.php\/2026\/03\/12\/el-labrador-cumple-105-anos-de-vida-consolidando-su-version-digital\/#breadcrumb","itemListElement":[{"@type":"ListItem","position":1,"name":"Portada","item":"https:\/\/diarioellabrador.cl\/"},{"@type":"ListItem","position":2,"name":"El Labrador cumple 105 a\u00f1os de vida consolidando su versi\u00f3n digital"}]},{"@type":"WebSite","@id":"https:\/\/diarioellabrador.cl\/#website","url":"https:\/\/diarioellabrador.cl\/","name":"Diario El Labrador","description":"Haciendo noticia desde 1921","publisher":{"@id":"https:\/\/diarioellabrador.cl\/#organization"},"potentialAction":[{"@type":"SearchAction","target":{"@type":"EntryPoint","urlTemplate":"https:\/\/diarioellabrador.cl\/?s={search_term_string}"},"query-input":{"@type":"PropertyValueSpecification","valueRequired":true,"valueName":"search_term_string"}}],"inLanguage":"es"},{"@type":"Organization","@id":"https:\/\/diarioellabrador.cl\/#organization","name":"Diario El Labrador","url":"https:\/\/diarioellabrador.cl\/","logo":{"@type":"ImageObject","inLanguage":"es","@id":"https:\/\/diarioellabrador.cl\/#\/schema\/logo\/image\/","url":"https:\/\/diarioellabrador.cl\/wp-content\/uploads\/2025\/02\/cropped-Logo-Icono.png","contentUrl":"https:\/\/diarioellabrador.cl\/wp-content\/uploads\/2025\/02\/cropped-Logo-Icono.png","width":512,"height":512,"caption":"Diario El Labrador"},"image":{"@id":"https:\/\/diarioellabrador.cl\/#\/schema\/logo\/image\/"},"sameAs":["https:\/\/web.facebook.com\/profile.php?id=61576120840621","https:\/\/x.com\/ElLabradorOf","https:\/\/www.instagram.com\/diarioellabradoroficial\/"]},{"@type":"Person","@id":"https:\/\/diarioellabrador.cl\/#\/schema\/person\/bc25ff80b4563f9c7f4bd7855df01685","name":"Editor","image":{"@type":"ImageObject","inLanguage":"es","@id":"https:\/\/secure.gravatar.com\/avatar\/109c326cf2be5c04f048c2c2a2b8b6ef44bf3d8d1d3d4c55d0ac40c4bc994684?s=96&d=mm&r=g","url":"https:\/\/secure.gravatar.com\/avatar\/109c326cf2be5c04f048c2c2a2b8b6ef44bf3d8d1d3d4c55d0ac40c4bc994684?s=96&d=mm&r=g","contentUrl":"https:\/\/secure.gravatar.com\/avatar\/109c326cf2be5c04f048c2c2a2b8b6ef44bf3d8d1d3d4c55d0ac40c4bc994684?s=96&d=mm&r=g","caption":"Editor"},"url":"https:\/\/diarioellabrador.cl\/index.php\/author\/editor\/"}]}},"_links":{"self":[{"href":"https:\/\/diarioellabrador.cl\/index.php\/wp-json\/wp\/v2\/posts\/16497","targetHints":{"allow":["GET"]}}],"collection":[{"href":"https:\/\/diarioellabrador.cl\/index.php\/wp-json\/wp\/v2\/posts"}],"about":[{"href":"https:\/\/diarioellabrador.cl\/index.php\/wp-json\/wp\/v2\/types\/post"}],"author":[{"embeddable":true,"href":"https:\/\/diarioellabrador.cl\/index.php\/wp-json\/wp\/v2\/users\/2"}],"replies":[{"embeddable":true,"href":"https:\/\/diarioellabrador.cl\/index.php\/wp-json\/wp\/v2\/comments?post=16497"}],"version-history":[{"count":1,"href":"https:\/\/diarioellabrador.cl\/index.php\/wp-json\/wp\/v2\/posts\/16497\/revisions"}],"predecessor-version":[{"id":16498,"href":"https:\/\/diarioellabrador.cl\/index.php\/wp-json\/wp\/v2\/posts\/16497\/revisions\/16498"}],"wp:featuredmedia":[{"embeddable":true,"href":"https:\/\/diarioellabrador.cl\/index.php\/wp-json\/wp\/v2\/media\/16433"}],"wp:attachment":[{"href":"https:\/\/diarioellabrador.cl\/index.php\/wp-json\/wp\/v2\/media?parent=16497"}],"wp:term":[{"taxonomy":"category","embeddable":true,"href":"https:\/\/diarioellabrador.cl\/index.php\/wp-json\/wp\/v2\/categories?post=16497"},{"taxonomy":"post_tag","embeddable":true,"href":"https:\/\/diarioellabrador.cl\/index.php\/wp-json\/wp\/v2\/tags?post=16497"}],"curies":[{"name":"wp","href":"https:\/\/api.w.org\/{rel}","templated":true}]}}