{"id":16495,"date":"2026-03-12T18:34:25","date_gmt":"2026-03-12T22:34:25","guid":{"rendered":"https:\/\/diarioellabrador.cl\/?p=16495"},"modified":"2026-03-12T18:34:26","modified_gmt":"2026-03-12T22:34:26","slug":"nuevo-delegado-presidencial-para-la-provincia-de-melipilla-gaston-libuy-asume-el-cargo","status":"publish","type":"post","link":"https:\/\/diarioellabrador.cl\/index.php\/2026\/03\/12\/nuevo-delegado-presidencial-para-la-provincia-de-melipilla-gaston-libuy-asume-el-cargo\/","title":{"rendered":"Nuevo Delegado Presidencial para la Provincia de Melipilla: Gast\u00f3n Libuy asume el cargo"},"content":{"rendered":"\n<p>Tras varios d\u00edas de expectaci\u00f3n y una serie de nombres que circularon como posibles candidatos, finalmente se confirm\u00f3 el nombramiento del nuevo Delegado Presidencial para la Provincia de Melipilla. Se trata de&nbsp;<strong>Gast\u00f3n Libuy<\/strong>, quien asumir\u00e1 la responsabilidad de representar al Gobierno en el territorio.<\/p>\n\n\n\n<p>Libuy cuenta con una amplia trayectoria en el \u00e1mbito pol\u00edtico y en la gesti\u00f3n p\u00fablica. Es militante de la&nbsp;<strong>Uni\u00f3n Dem\u00f3crata Independiente<\/strong>&nbsp;y anteriormente se desempe\u00f1\u00f3 como&nbsp;<strong>Consejero Regional<\/strong>, rol desde el cual particip\u00f3 activamente en iniciativas orientadas al desarrollo de la regi\u00f3n.<\/p>\n\n\n\n<p>Su nombramiento se enmarca en el inicio del nuevo per\u00edodo de gobierno del Presidente Jos\u00e9 Antonio Kast.&nbsp;<\/p>\n\n\n\n<p>Como Delegado Presidencial, Gast\u00f3n Libuy tendr\u00e1 la misi\u00f3n de representar al Ejecutivo en la provincia, coordinar el trabajo de los servicios p\u00fablicos y velar por la implementaci\u00f3n de las pol\u00edticas gubernamentales en el territorio, adem\u00e1s de abordar los principales desaf\u00edos en materia de desarrollo, seguridad y gesti\u00f3n p\u00fablica para la Provincia de&nbsp;<strong>Melipilla<\/strong>.<\/p>\n","protected":false},"excerpt":{"rendered":"<p>Tras varios d\u00edas de expectaci\u00f3n y una serie de nombres que circularon como posibles candidatos, finalmente se confirm\u00f3 el nombramiento del nuevo Delegado Presidencial para la Provincia de Melipilla. Se trata de&nbsp;Gast\u00f3n Libuy, quien asumir\u00e1 la responsabilidad de representar al Gobierno en el territorio. Libuy cuenta con una amplia trayectoria en el \u00e1mbito pol\u00edtico y<\/p>\n<div class=\"read-more-wrapper\"><a class=\"read-more\" href=\"https:\/\/diarioellabrador.cl\/index.php\/2026\/03\/12\/nuevo-delegado-presidencial-para-la-provincia-de-melipilla-gaston-libuy-asume-el-cargo\/\" title=\"Leer m\u00e1s\"> <span class=\"button \">Leer m\u00e1s<\/span><\/a><\/div>\n","protected":false},"author":2,"featured_media":16445,"comment_status":"open","ping_status":"open","sticky":false,"template":"","format":"standard","meta":{"footnotes":""},"categories":[1],"tags":[],"class_list":["post-16495","post","type-post","status-publish","format-standard","has-post-thumbnail","hentry","category-cronica"],"yoast_head":"<!-- This site is optimized with the Yoast SEO plugin v27.5 - https:\/\/yoast.com\/product\/yoast-seo-wordpress\/ -->\n<title>Nuevo Delegado Presidencial para la Provincia de Melipilla: Gast\u00f3n Libuy asume el cargo - Diario El Labrador<\/title>\n<meta name=\"robots\" content=\"index, follow, max-snippet:-1, max-image-preview:large, max-video-preview:-1\" \/>\n<link rel=\"canonical\" href=\"https:\/\/diarioellabrador.cl\/index.php\/2026\/03\/12\/nuevo-delegado-presidencial-para-la-provincia-de-melipilla-gaston-libuy-asume-el-cargo\/\" \/>\n<meta property=\"og:locale\" content=\"es_ES\" \/>\n<meta property=\"og:type\" content=\"article\" \/>\n<meta property=\"og:title\" content=\"Nuevo Delegado Presidencial para la Provincia de Melipilla: Gast\u00f3n Libuy asume el cargo - Diario El Labrador\" \/>\n<meta property=\"og:description\" content=\"Tras varios d\u00edas de expectaci\u00f3n y una serie de nombres que circularon como posibles candidatos, finalmente se confirm\u00f3 el nombramiento del nuevo Delegado Presidencial para la Provincia de Melipilla. Se trata de&nbsp;Gast\u00f3n Libuy, quien asumir\u00e1 la responsabilidad de representar al Gobierno en el territorio. Libuy cuenta con una amplia trayectoria en el \u00e1mbito pol\u00edtico y Leer m\u00e1s\" \/>\n<meta property=\"og:url\" content=\"https:\/\/diarioellabrador.cl\/index.php\/2026\/03\/12\/nuevo-delegado-presidencial-para-la-provincia-de-melipilla-gaston-libuy-asume-el-cargo\/\" \/>\n<meta property=\"og:site_name\" content=\"Diario El Labrador\" \/>\n<meta property=\"article:publisher\" content=\"https:\/\/web.facebook.com\/profile.php?id=61576120840621\" \/>\n<meta property=\"article:published_time\" content=\"2026-03-12T22:34:25+00:00\" \/>\n<meta property=\"article:modified_time\" content=\"2026-03-12T22:34:26+00:00\" \/>\n<meta property=\"og:image\" content=\"https:\/\/diarioellabrador.cl\/wp-content\/uploads\/2026\/03\/1705087918898.jpg\" \/>\n\t<meta property=\"og:image:width\" content=\"566\" \/>\n\t<meta property=\"og:image:height\" content=\"495\" \/>\n\t<meta property=\"og:image:type\" content=\"image\/jpeg\" \/>\n<meta name=\"author\" content=\"Editor\" \/>\n<meta name=\"twitter:card\" content=\"summary_large_image\" \/>\n<meta name=\"twitter:creator\" content=\"@ElLabradorOf\" \/>\n<meta name=\"twitter:site\" content=\"@ElLabradorOf\" \/>\n<meta name=\"twitter:label1\" content=\"Escrito por\" \/>\n\t<meta name=\"twitter:data1\" content=\"Editor\" \/>\n\t<meta name=\"twitter:label2\" content=\"Tiempo de lectura\" \/>\n\t<meta name=\"twitter:data2\" content=\"1 minuto\" \/>\n<script type=\"application\/ld+json\" class=\"yoast-schema-graph\">{\"@context\":\"https:\\\/\\\/schema.org\",\"@graph\":[{\"@type\":\"Article\",\"@id\":\"https:\\\/\\\/diarioellabrador.cl\\\/index.php\\\/2026\\\/03\\\/12\\\/nuevo-delegado-presidencial-para-la-provincia-de-melipilla-gaston-libuy-asume-el-cargo\\\/#article\",\"isPartOf\":{\"@id\":\"https:\\\/\\\/diarioellabrador.cl\\\/index.php\\\/2026\\\/03\\\/12\\\/nuevo-delegado-presidencial-para-la-provincia-de-melipilla-gaston-libuy-asume-el-cargo\\\/\"},\"author\":{\"name\":\"Editor\",\"@id\":\"https:\\\/\\\/diarioellabrador.cl\\\/#\\\/schema\\\/person\\\/bc25ff80b4563f9c7f4bd7855df01685\"},\"headline\":\"Nuevo Delegado Presidencial para la Provincia de Melipilla: Gast\u00f3n Libuy asume el cargo\",\"datePublished\":\"2026-03-12T22:34:25+00:00\",\"dateModified\":\"2026-03-12T22:34:26+00:00\",\"mainEntityOfPage\":{\"@id\":\"https:\\\/\\\/diarioellabrador.cl\\\/index.php\\\/2026\\\/03\\\/12\\\/nuevo-delegado-presidencial-para-la-provincia-de-melipilla-gaston-libuy-asume-el-cargo\\\/\"},\"wordCount\":197,\"commentCount\":0,\"publisher\":{\"@id\":\"https:\\\/\\\/diarioellabrador.cl\\\/#organization\"},\"image\":{\"@id\":\"https:\\\/\\\/diarioellabrador.cl\\\/index.php\\\/2026\\\/03\\\/12\\\/nuevo-delegado-presidencial-para-la-provincia-de-melipilla-gaston-libuy-asume-el-cargo\\\/#primaryimage\"},\"thumbnailUrl\":\"https:\\\/\\\/diarioellabrador.cl\\\/wp-content\\\/uploads\\\/2026\\\/03\\\/1705087918898.jpg\",\"articleSection\":[\"Cr\u00f3nica\"],\"inLanguage\":\"es\",\"potentialAction\":[{\"@type\":\"CommentAction\",\"name\":\"Comment\",\"target\":[\"https:\\\/\\\/diarioellabrador.cl\\\/index.php\\\/2026\\\/03\\\/12\\\/nuevo-delegado-presidencial-para-la-provincia-de-melipilla-gaston-libuy-asume-el-cargo\\\/#respond\"]}]},{\"@type\":\"WebPage\",\"@id\":\"https:\\\/\\\/diarioellabrador.cl\\\/index.php\\\/2026\\\/03\\\/12\\\/nuevo-delegado-presidencial-para-la-provincia-de-melipilla-gaston-libuy-asume-el-cargo\\\/\",\"url\":\"https:\\\/\\\/diarioellabrador.cl\\\/index.php\\\/2026\\\/03\\\/12\\\/nuevo-delegado-presidencial-para-la-provincia-de-melipilla-gaston-libuy-asume-el-cargo\\\/\",\"name\":\"Nuevo Delegado Presidencial para la Provincia de Melipilla: Gast\u00f3n Libuy asume el cargo - Diario El Labrador\",\"isPartOf\":{\"@id\":\"https:\\\/\\\/diarioellabrador.cl\\\/#website\"},\"primaryImageOfPage\":{\"@id\":\"https:\\\/\\\/diarioellabrador.cl\\\/index.php\\\/2026\\\/03\\\/12\\\/nuevo-delegado-presidencial-para-la-provincia-de-melipilla-gaston-libuy-asume-el-cargo\\\/#primaryimage\"},\"image\":{\"@id\":\"https:\\\/\\\/diarioellabrador.cl\\\/index.php\\\/2026\\\/03\\\/12\\\/nuevo-delegado-presidencial-para-la-provincia-de-melipilla-gaston-libuy-asume-el-cargo\\\/#primaryimage\"},\"thumbnailUrl\":\"https:\\\/\\\/diarioellabrador.cl\\\/wp-content\\\/uploads\\\/2026\\\/03\\\/1705087918898.jpg\",\"datePublished\":\"2026-03-12T22:34:25+00:00\",\"dateModified\":\"2026-03-12T22:34:26+00:00\",\"breadcrumb\":{\"@id\":\"https:\\\/\\\/diarioellabrador.cl\\\/index.php\\\/2026\\\/03\\\/12\\\/nuevo-delegado-presidencial-para-la-provincia-de-melipilla-gaston-libuy-asume-el-cargo\\\/#breadcrumb\"},\"inLanguage\":\"es\",\"potentialAction\":[{\"@type\":\"ReadAction\",\"target\":[\"https:\\\/\\\/diarioellabrador.cl\\\/index.php\\\/2026\\\/03\\\/12\\\/nuevo-delegado-presidencial-para-la-provincia-de-melipilla-gaston-libuy-asume-el-cargo\\\/\"]}]},{\"@type\":\"ImageObject\",\"inLanguage\":\"es\",\"@id\":\"https:\\\/\\\/diarioellabrador.cl\\\/index.php\\\/2026\\\/03\\\/12\\\/nuevo-delegado-presidencial-para-la-provincia-de-melipilla-gaston-libuy-asume-el-cargo\\\/#primaryimage\",\"url\":\"https:\\\/\\\/diarioellabrador.cl\\\/wp-content\\\/uploads\\\/2026\\\/03\\\/1705087918898.jpg\",\"contentUrl\":\"https:\\\/\\\/diarioellabrador.cl\\\/wp-content\\\/uploads\\\/2026\\\/03\\\/1705087918898.jpg\",\"width\":566,\"height\":495},{\"@type\":\"BreadcrumbList\",\"@id\":\"https:\\\/\\\/diarioellabrador.cl\\\/index.php\\\/2026\\\/03\\\/12\\\/nuevo-delegado-presidencial-para-la-provincia-de-melipilla-gaston-libuy-asume-el-cargo\\\/#breadcrumb\",\"itemListElement\":[{\"@type\":\"ListItem\",\"position\":1,\"name\":\"Portada\",\"item\":\"https:\\\/\\\/diarioellabrador.cl\\\/\"},{\"@type\":\"ListItem\",\"position\":2,\"name\":\"Nuevo Delegado Presidencial para la Provincia de Melipilla: Gast\u00f3n Libuy asume el cargo\"}]},{\"@type\":\"WebSite\",\"@id\":\"https:\\\/\\\/diarioellabrador.cl\\\/#website\",\"url\":\"https:\\\/\\\/diarioellabrador.cl\\\/\",\"name\":\"Diario El Labrador\",\"description\":\"Haciendo noticia desde 1921\",\"publisher\":{\"@id\":\"https:\\\/\\\/diarioellabrador.cl\\\/#organization\"},\"potentialAction\":[{\"@type\":\"SearchAction\",\"target\":{\"@type\":\"EntryPoint\",\"urlTemplate\":\"https:\\\/\\\/diarioellabrador.cl\\\/?s={search_term_string}\"},\"query-input\":{\"@type\":\"PropertyValueSpecification\",\"valueRequired\":true,\"valueName\":\"search_term_string\"}}],\"inLanguage\":\"es\"},{\"@type\":\"Organization\",\"@id\":\"https:\\\/\\\/diarioellabrador.cl\\\/#organization\",\"name\":\"Diario El Labrador\",\"url\":\"https:\\\/\\\/diarioellabrador.cl\\\/\",\"logo\":{\"@type\":\"ImageObject\",\"inLanguage\":\"es\",\"@id\":\"https:\\\/\\\/diarioellabrador.cl\\\/#\\\/schema\\\/logo\\\/image\\\/\",\"url\":\"https:\\\/\\\/diarioellabrador.cl\\\/wp-content\\\/uploads\\\/2025\\\/02\\\/cropped-Logo-Icono.png\",\"contentUrl\":\"https:\\\/\\\/diarioellabrador.cl\\\/wp-content\\\/uploads\\\/2025\\\/02\\\/cropped-Logo-Icono.png\",\"width\":512,\"height\":512,\"caption\":\"Diario El Labrador\"},\"image\":{\"@id\":\"https:\\\/\\\/diarioellabrador.cl\\\/#\\\/schema\\\/logo\\\/image\\\/\"},\"sameAs\":[\"https:\\\/\\\/web.facebook.com\\\/profile.php?id=61576120840621\",\"https:\\\/\\\/x.com\\\/ElLabradorOf\",\"https:\\\/\\\/www.instagram.com\\\/diarioellabradoroficial\\\/\"]},{\"@type\":\"Person\",\"@id\":\"https:\\\/\\\/diarioellabrador.cl\\\/#\\\/schema\\\/person\\\/bc25ff80b4563f9c7f4bd7855df01685\",\"name\":\"Editor\",\"image\":{\"@type\":\"ImageObject\",\"inLanguage\":\"es\",\"@id\":\"https:\\\/\\\/secure.gravatar.com\\\/avatar\\\/109c326cf2be5c04f048c2c2a2b8b6ef44bf3d8d1d3d4c55d0ac40c4bc994684?s=96&d=mm&r=g\",\"url\":\"https:\\\/\\\/secure.gravatar.com\\\/avatar\\\/109c326cf2be5c04f048c2c2a2b8b6ef44bf3d8d1d3d4c55d0ac40c4bc994684?s=96&d=mm&r=g\",\"contentUrl\":\"https:\\\/\\\/secure.gravatar.com\\\/avatar\\\/109c326cf2be5c04f048c2c2a2b8b6ef44bf3d8d1d3d4c55d0ac40c4bc994684?s=96&d=mm&r=g\",\"caption\":\"Editor\"},\"url\":\"https:\\\/\\\/diarioellabrador.cl\\\/index.php\\\/author\\\/editor\\\/\"}]}<\/script>\n<!-- \/ Yoast SEO plugin. -->","yoast_head_json":{"title":"Nuevo Delegado Presidencial para la Provincia de Melipilla: Gast\u00f3n Libuy asume el cargo - Diario El Labrador","robots":{"index":"index","follow":"follow","max-snippet":"max-snippet:-1","max-image-preview":"max-image-preview:large","max-video-preview":"max-video-preview:-1"},"canonical":"https:\/\/diarioellabrador.cl\/index.php\/2026\/03\/12\/nuevo-delegado-presidencial-para-la-provincia-de-melipilla-gaston-libuy-asume-el-cargo\/","og_locale":"es_ES","og_type":"article","og_title":"Nuevo Delegado Presidencial para la Provincia de Melipilla: Gast\u00f3n Libuy asume el cargo - Diario El Labrador","og_description":"Tras varios d\u00edas de expectaci\u00f3n y una serie de nombres que circularon como posibles candidatos, finalmente se confirm\u00f3 el nombramiento del nuevo Delegado Presidencial para la Provincia de Melipilla. Se trata de&nbsp;Gast\u00f3n Libuy, quien asumir\u00e1 la responsabilidad de representar al Gobierno en el territorio. Libuy cuenta con una amplia trayectoria en el \u00e1mbito pol\u00edtico y Leer m\u00e1s","og_url":"https:\/\/diarioellabrador.cl\/index.php\/2026\/03\/12\/nuevo-delegado-presidencial-para-la-provincia-de-melipilla-gaston-libuy-asume-el-cargo\/","og_site_name":"Diario El Labrador","article_publisher":"https:\/\/web.facebook.com\/profile.php?id=61576120840621","article_published_time":"2026-03-12T22:34:25+00:00","article_modified_time":"2026-03-12T22:34:26+00:00","og_image":[{"width":566,"height":495,"url":"https:\/\/diarioellabrador.cl\/wp-content\/uploads\/2026\/03\/1705087918898.jpg","type":"image\/jpeg"}],"author":"Editor","twitter_card":"summary_large_image","twitter_creator":"@ElLabradorOf","twitter_site":"@ElLabradorOf","twitter_misc":{"Escrito por":"Editor","Tiempo de lectura":"1 minuto"},"schema":{"@context":"https:\/\/schema.org","@graph":[{"@type":"Article","@id":"https:\/\/diarioellabrador.cl\/index.php\/2026\/03\/12\/nuevo-delegado-presidencial-para-la-provincia-de-melipilla-gaston-libuy-asume-el-cargo\/#article","isPartOf":{"@id":"https:\/\/diarioellabrador.cl\/index.php\/2026\/03\/12\/nuevo-delegado-presidencial-para-la-provincia-de-melipilla-gaston-libuy-asume-el-cargo\/"},"author":{"name":"Editor","@id":"https:\/\/diarioellabrador.cl\/#\/schema\/person\/bc25ff80b4563f9c7f4bd7855df01685"},"headline":"Nuevo Delegado Presidencial para la Provincia de Melipilla: Gast\u00f3n Libuy asume el cargo","datePublished":"2026-03-12T22:34:25+00:00","dateModified":"2026-03-12T22:34:26+00:00","mainEntityOfPage":{"@id":"https:\/\/diarioellabrador.cl\/index.php\/2026\/03\/12\/nuevo-delegado-presidencial-para-la-provincia-de-melipilla-gaston-libuy-asume-el-cargo\/"},"wordCount":197,"commentCount":0,"publisher":{"@id":"https:\/\/diarioellabrador.cl\/#organization"},"image":{"@id":"https:\/\/diarioellabrador.cl\/index.php\/2026\/03\/12\/nuevo-delegado-presidencial-para-la-provincia-de-melipilla-gaston-libuy-asume-el-cargo\/#primaryimage"},"thumbnailUrl":"https:\/\/diarioellabrador.cl\/wp-content\/uploads\/2026\/03\/1705087918898.jpg","articleSection":["Cr\u00f3nica"],"inLanguage":"es","potentialAction":[{"@type":"CommentAction","name":"Comment","target":["https:\/\/diarioellabrador.cl\/index.php\/2026\/03\/12\/nuevo-delegado-presidencial-para-la-provincia-de-melipilla-gaston-libuy-asume-el-cargo\/#respond"]}]},{"@type":"WebPage","@id":"https:\/\/diarioellabrador.cl\/index.php\/2026\/03\/12\/nuevo-delegado-presidencial-para-la-provincia-de-melipilla-gaston-libuy-asume-el-cargo\/","url":"https:\/\/diarioellabrador.cl\/index.php\/2026\/03\/12\/nuevo-delegado-presidencial-para-la-provincia-de-melipilla-gaston-libuy-asume-el-cargo\/","name":"Nuevo Delegado Presidencial para la Provincia de Melipilla: Gast\u00f3n Libuy asume el cargo - Diario El Labrador","isPartOf":{"@id":"https:\/\/diarioellabrador.cl\/#website"},"primaryImageOfPage":{"@id":"https:\/\/diarioellabrador.cl\/index.php\/2026\/03\/12\/nuevo-delegado-presidencial-para-la-provincia-de-melipilla-gaston-libuy-asume-el-cargo\/#primaryimage"},"image":{"@id":"https:\/\/diarioellabrador.cl\/index.php\/2026\/03\/12\/nuevo-delegado-presidencial-para-la-provincia-de-melipilla-gaston-libuy-asume-el-cargo\/#primaryimage"},"thumbnailUrl":"https:\/\/diarioellabrador.cl\/wp-content\/uploads\/2026\/03\/1705087918898.jpg","datePublished":"2026-03-12T22:34:25+00:00","dateModified":"2026-03-12T22:34:26+00:00","breadcrumb":{"@id":"https:\/\/diarioellabrador.cl\/index.php\/2026\/03\/12\/nuevo-delegado-presidencial-para-la-provincia-de-melipilla-gaston-libuy-asume-el-cargo\/#breadcrumb"},"inLanguage":"es","potentialAction":[{"@type":"ReadAction","target":["https:\/\/diarioellabrador.cl\/index.php\/2026\/03\/12\/nuevo-delegado-presidencial-para-la-provincia-de-melipilla-gaston-libuy-asume-el-cargo\/"]}]},{"@type":"ImageObject","inLanguage":"es","@id":"https:\/\/diarioellabrador.cl\/index.php\/2026\/03\/12\/nuevo-delegado-presidencial-para-la-provincia-de-melipilla-gaston-libuy-asume-el-cargo\/#primaryimage","url":"https:\/\/diarioellabrador.cl\/wp-content\/uploads\/2026\/03\/1705087918898.jpg","contentUrl":"https:\/\/diarioellabrador.cl\/wp-content\/uploads\/2026\/03\/1705087918898.jpg","width":566,"height":495},{"@type":"BreadcrumbList","@id":"https:\/\/diarioellabrador.cl\/index.php\/2026\/03\/12\/nuevo-delegado-presidencial-para-la-provincia-de-melipilla-gaston-libuy-asume-el-cargo\/#breadcrumb","itemListElement":[{"@type":"ListItem","position":1,"name":"Portada","item":"https:\/\/diarioellabrador.cl\/"},{"@type":"ListItem","position":2,"name":"Nuevo Delegado Presidencial para la Provincia de Melipilla: Gast\u00f3n Libuy asume el cargo"}]},{"@type":"WebSite","@id":"https:\/\/diarioellabrador.cl\/#website","url":"https:\/\/diarioellabrador.cl\/","name":"Diario El Labrador","description":"Haciendo noticia desde 1921","publisher":{"@id":"https:\/\/diarioellabrador.cl\/#organization"},"potentialAction":[{"@type":"SearchAction","target":{"@type":"EntryPoint","urlTemplate":"https:\/\/diarioellabrador.cl\/?s={search_term_string}"},"query-input":{"@type":"PropertyValueSpecification","valueRequired":true,"valueName":"search_term_string"}}],"inLanguage":"es"},{"@type":"Organization","@id":"https:\/\/diarioellabrador.cl\/#organization","name":"Diario El Labrador","url":"https:\/\/diarioellabrador.cl\/","logo":{"@type":"ImageObject","inLanguage":"es","@id":"https:\/\/diarioellabrador.cl\/#\/schema\/logo\/image\/","url":"https:\/\/diarioellabrador.cl\/wp-content\/uploads\/2025\/02\/cropped-Logo-Icono.png","contentUrl":"https:\/\/diarioellabrador.cl\/wp-content\/uploads\/2025\/02\/cropped-Logo-Icono.png","width":512,"height":512,"caption":"Diario El Labrador"},"image":{"@id":"https:\/\/diarioellabrador.cl\/#\/schema\/logo\/image\/"},"sameAs":["https:\/\/web.facebook.com\/profile.php?id=61576120840621","https:\/\/x.com\/ElLabradorOf","https:\/\/www.instagram.com\/diarioellabradoroficial\/"]},{"@type":"Person","@id":"https:\/\/diarioellabrador.cl\/#\/schema\/person\/bc25ff80b4563f9c7f4bd7855df01685","name":"Editor","image":{"@type":"ImageObject","inLanguage":"es","@id":"https:\/\/secure.gravatar.com\/avatar\/109c326cf2be5c04f048c2c2a2b8b6ef44bf3d8d1d3d4c55d0ac40c4bc994684?s=96&d=mm&r=g","url":"https:\/\/secure.gravatar.com\/avatar\/109c326cf2be5c04f048c2c2a2b8b6ef44bf3d8d1d3d4c55d0ac40c4bc994684?s=96&d=mm&r=g","contentUrl":"https:\/\/secure.gravatar.com\/avatar\/109c326cf2be5c04f048c2c2a2b8b6ef44bf3d8d1d3d4c55d0ac40c4bc994684?s=96&d=mm&r=g","caption":"Editor"},"url":"https:\/\/diarioellabrador.cl\/index.php\/author\/editor\/"}]}},"_links":{"self":[{"href":"https:\/\/diarioellabrador.cl\/index.php\/wp-json\/wp\/v2\/posts\/16495","targetHints":{"allow":["GET"]}}],"collection":[{"href":"https:\/\/diarioellabrador.cl\/index.php\/wp-json\/wp\/v2\/posts"}],"about":[{"href":"https:\/\/diarioellabrador.cl\/index.php\/wp-json\/wp\/v2\/types\/post"}],"author":[{"embeddable":true,"href":"https:\/\/diarioellabrador.cl\/index.php\/wp-json\/wp\/v2\/users\/2"}],"replies":[{"embeddable":true,"href":"https:\/\/diarioellabrador.cl\/index.php\/wp-json\/wp\/v2\/comments?post=16495"}],"version-history":[{"count":1,"href":"https:\/\/diarioellabrador.cl\/index.php\/wp-json\/wp\/v2\/posts\/16495\/revisions"}],"predecessor-version":[{"id":16496,"href":"https:\/\/diarioellabrador.cl\/index.php\/wp-json\/wp\/v2\/posts\/16495\/revisions\/16496"}],"wp:featuredmedia":[{"embeddable":true,"href":"https:\/\/diarioellabrador.cl\/index.php\/wp-json\/wp\/v2\/media\/16445"}],"wp:attachment":[{"href":"https:\/\/diarioellabrador.cl\/index.php\/wp-json\/wp\/v2\/media?parent=16495"}],"wp:term":[{"taxonomy":"category","embeddable":true,"href":"https:\/\/diarioellabrador.cl\/index.php\/wp-json\/wp\/v2\/categories?post=16495"},{"taxonomy":"post_tag","embeddable":true,"href":"https:\/\/diarioellabrador.cl\/index.php\/wp-json\/wp\/v2\/tags?post=16495"}],"curies":[{"name":"wp","href":"https:\/\/api.w.org\/{rel}","templated":true}]}}