{"id":16493,"date":"2026-03-12T18:33:53","date_gmt":"2026-03-12T22:33:53","guid":{"rendered":"https:\/\/diarioellabrador.cl\/?p=16493"},"modified":"2026-03-12T18:33:55","modified_gmt":"2026-03-12T22:33:55","slug":"alcaldes-de-la-zona-se-reunen-con-jose-antonio-kast","status":"publish","type":"post","link":"https:\/\/diarioellabrador.cl\/index.php\/2026\/03\/12\/alcaldes-de-la-zona-se-reunen-con-jose-antonio-kast\/","title":{"rendered":"Alcaldes de la zona se re\u00fanen con Jos\u00e9 Antonio Kast"},"content":{"rendered":"\n<p>Los alcaldes de Pe\u00f1aflor, Rodrigo Cornejo; de Melipilla, Paula G\u00e1rate y de Mar\u00eda Pinto, Jessica Mualim, fueron algunos de los ediles de la regi\u00f3n metropolitana que llegaron la noche del mi\u00e9rcoles hasta el Palacio de La Moneda.<\/p>\n\n\n\n<p>Luego de la llegada del Presidente Jos\u00e9 Antonio Kast desde Cerro Castillo y compartir un c\u00f3ctel de camarader\u00eda, las autoridades locales aprovecharon la ocasi\u00f3n e inmortalizaron su presencia en Palacio con el nuevo mandatario.<\/p>\n\n\n\n<p>En el caso del edil Pe\u00f1aflorino, \u00e9ste tuvo palabras de \u00e1nimo a trav\u00e9s de sus redes sociales, dese\u00e1ndole \u201ctodo el \u00e9xito al Presidente Jos\u00e9 Antonio Kast en este nuevo desaf\u00edo por nuestro pa\u00eds\u201d.<\/p>\n\n\n\n<p>Agreg\u00f3 que \u201clo acompa\u00f1amos a la asunci\u00f3n de su cargo en el Palacio de La Moneda, le deseamos lo mejor, en esta nueva etapa al servicio de Pe\u00f1aflor y Chile\u201d, indic\u00f3.<\/p>\n","protected":false},"excerpt":{"rendered":"<p>Los alcaldes de Pe\u00f1aflor, Rodrigo Cornejo; de Melipilla, Paula G\u00e1rate y de Mar\u00eda Pinto, Jessica Mualim, fueron algunos de los ediles de la regi\u00f3n metropolitana que llegaron la noche del mi\u00e9rcoles hasta el Palacio de La Moneda. Luego de la llegada del Presidente Jos\u00e9 Antonio Kast desde Cerro Castillo y compartir un c\u00f3ctel de camarader\u00eda,<\/p>\n<div class=\"read-more-wrapper\"><a class=\"read-more\" href=\"https:\/\/diarioellabrador.cl\/index.php\/2026\/03\/12\/alcaldes-de-la-zona-se-reunen-con-jose-antonio-kast\/\" title=\"Leer m\u00e1s\"> <span class=\"button \">Leer m\u00e1s<\/span><\/a><\/div>\n","protected":false},"author":2,"featured_media":16437,"comment_status":"open","ping_status":"open","sticky":false,"template":"","format":"standard","meta":{"footnotes":""},"categories":[1],"tags":[],"class_list":["post-16493","post","type-post","status-publish","format-standard","has-post-thumbnail","hentry","category-cronica"],"yoast_head":"<!-- This site is optimized with the Yoast SEO plugin v27.5 - https:\/\/yoast.com\/product\/yoast-seo-wordpress\/ -->\n<title>Alcaldes de la zona se re\u00fanen con Jos\u00e9 Antonio Kast - Diario El Labrador<\/title>\n<meta name=\"robots\" content=\"index, follow, max-snippet:-1, max-image-preview:large, max-video-preview:-1\" \/>\n<link rel=\"canonical\" href=\"https:\/\/diarioellabrador.cl\/index.php\/2026\/03\/12\/alcaldes-de-la-zona-se-reunen-con-jose-antonio-kast\/\" \/>\n<meta property=\"og:locale\" content=\"es_ES\" \/>\n<meta property=\"og:type\" content=\"article\" \/>\n<meta property=\"og:title\" content=\"Alcaldes de la zona se re\u00fanen con Jos\u00e9 Antonio Kast - Diario El Labrador\" \/>\n<meta property=\"og:description\" content=\"Los alcaldes de Pe\u00f1aflor, Rodrigo Cornejo; de Melipilla, Paula G\u00e1rate y de Mar\u00eda Pinto, Jessica Mualim, fueron algunos de los ediles de la regi\u00f3n metropolitana que llegaron la noche del mi\u00e9rcoles hasta el Palacio de La Moneda. Luego de la llegada del Presidente Jos\u00e9 Antonio Kast desde Cerro Castillo y compartir un c\u00f3ctel de camarader\u00eda, Leer m\u00e1s\" \/>\n<meta property=\"og:url\" content=\"https:\/\/diarioellabrador.cl\/index.php\/2026\/03\/12\/alcaldes-de-la-zona-se-reunen-con-jose-antonio-kast\/\" \/>\n<meta property=\"og:site_name\" content=\"Diario El Labrador\" \/>\n<meta property=\"article:publisher\" content=\"https:\/\/web.facebook.com\/profile.php?id=61576120840621\" \/>\n<meta property=\"article:published_time\" content=\"2026-03-12T22:33:53+00:00\" \/>\n<meta property=\"article:modified_time\" content=\"2026-03-12T22:33:55+00:00\" \/>\n<meta property=\"og:image\" content=\"https:\/\/diarioellabrador.cl\/wp-content\/uploads\/2026\/03\/Alcaldes-de-la-zona-se-reunen-con-Jose-Antonio-Kast-2.jpg\" \/>\n\t<meta property=\"og:image:width\" content=\"1822\" \/>\n\t<meta property=\"og:image:height\" content=\"2048\" \/>\n\t<meta property=\"og:image:type\" content=\"image\/jpeg\" \/>\n<meta name=\"author\" content=\"Editor\" \/>\n<meta name=\"twitter:card\" content=\"summary_large_image\" \/>\n<meta name=\"twitter:creator\" content=\"@ElLabradorOf\" \/>\n<meta name=\"twitter:site\" content=\"@ElLabradorOf\" \/>\n<meta name=\"twitter:label1\" content=\"Escrito por\" \/>\n\t<meta name=\"twitter:data1\" content=\"Editor\" \/>\n\t<meta name=\"twitter:label2\" content=\"Tiempo de lectura\" \/>\n\t<meta name=\"twitter:data2\" content=\"1 minuto\" \/>\n<script type=\"application\/ld+json\" class=\"yoast-schema-graph\">{\"@context\":\"https:\\\/\\\/schema.org\",\"@graph\":[{\"@type\":\"Article\",\"@id\":\"https:\\\/\\\/diarioellabrador.cl\\\/index.php\\\/2026\\\/03\\\/12\\\/alcaldes-de-la-zona-se-reunen-con-jose-antonio-kast\\\/#article\",\"isPartOf\":{\"@id\":\"https:\\\/\\\/diarioellabrador.cl\\\/index.php\\\/2026\\\/03\\\/12\\\/alcaldes-de-la-zona-se-reunen-con-jose-antonio-kast\\\/\"},\"author\":{\"name\":\"Editor\",\"@id\":\"https:\\\/\\\/diarioellabrador.cl\\\/#\\\/schema\\\/person\\\/bc25ff80b4563f9c7f4bd7855df01685\"},\"headline\":\"Alcaldes de la zona se re\u00fanen con Jos\u00e9 Antonio Kast\",\"datePublished\":\"2026-03-12T22:33:53+00:00\",\"dateModified\":\"2026-03-12T22:33:55+00:00\",\"mainEntityOfPage\":{\"@id\":\"https:\\\/\\\/diarioellabrador.cl\\\/index.php\\\/2026\\\/03\\\/12\\\/alcaldes-de-la-zona-se-reunen-con-jose-antonio-kast\\\/\"},\"wordCount\":162,\"commentCount\":0,\"publisher\":{\"@id\":\"https:\\\/\\\/diarioellabrador.cl\\\/#organization\"},\"image\":{\"@id\":\"https:\\\/\\\/diarioellabrador.cl\\\/index.php\\\/2026\\\/03\\\/12\\\/alcaldes-de-la-zona-se-reunen-con-jose-antonio-kast\\\/#primaryimage\"},\"thumbnailUrl\":\"https:\\\/\\\/diarioellabrador.cl\\\/wp-content\\\/uploads\\\/2026\\\/03\\\/Alcaldes-de-la-zona-se-reunen-con-Jose-Antonio-Kast-2.jpg\",\"articleSection\":[\"Cr\u00f3nica\"],\"inLanguage\":\"es\",\"potentialAction\":[{\"@type\":\"CommentAction\",\"name\":\"Comment\",\"target\":[\"https:\\\/\\\/diarioellabrador.cl\\\/index.php\\\/2026\\\/03\\\/12\\\/alcaldes-de-la-zona-se-reunen-con-jose-antonio-kast\\\/#respond\"]}]},{\"@type\":\"WebPage\",\"@id\":\"https:\\\/\\\/diarioellabrador.cl\\\/index.php\\\/2026\\\/03\\\/12\\\/alcaldes-de-la-zona-se-reunen-con-jose-antonio-kast\\\/\",\"url\":\"https:\\\/\\\/diarioellabrador.cl\\\/index.php\\\/2026\\\/03\\\/12\\\/alcaldes-de-la-zona-se-reunen-con-jose-antonio-kast\\\/\",\"name\":\"Alcaldes de la zona se re\u00fanen con Jos\u00e9 Antonio Kast - Diario El Labrador\",\"isPartOf\":{\"@id\":\"https:\\\/\\\/diarioellabrador.cl\\\/#website\"},\"primaryImageOfPage\":{\"@id\":\"https:\\\/\\\/diarioellabrador.cl\\\/index.php\\\/2026\\\/03\\\/12\\\/alcaldes-de-la-zona-se-reunen-con-jose-antonio-kast\\\/#primaryimage\"},\"image\":{\"@id\":\"https:\\\/\\\/diarioellabrador.cl\\\/index.php\\\/2026\\\/03\\\/12\\\/alcaldes-de-la-zona-se-reunen-con-jose-antonio-kast\\\/#primaryimage\"},\"thumbnailUrl\":\"https:\\\/\\\/diarioellabrador.cl\\\/wp-content\\\/uploads\\\/2026\\\/03\\\/Alcaldes-de-la-zona-se-reunen-con-Jose-Antonio-Kast-2.jpg\",\"datePublished\":\"2026-03-12T22:33:53+00:00\",\"dateModified\":\"2026-03-12T22:33:55+00:00\",\"breadcrumb\":{\"@id\":\"https:\\\/\\\/diarioellabrador.cl\\\/index.php\\\/2026\\\/03\\\/12\\\/alcaldes-de-la-zona-se-reunen-con-jose-antonio-kast\\\/#breadcrumb\"},\"inLanguage\":\"es\",\"potentialAction\":[{\"@type\":\"ReadAction\",\"target\":[\"https:\\\/\\\/diarioellabrador.cl\\\/index.php\\\/2026\\\/03\\\/12\\\/alcaldes-de-la-zona-se-reunen-con-jose-antonio-kast\\\/\"]}]},{\"@type\":\"ImageObject\",\"inLanguage\":\"es\",\"@id\":\"https:\\\/\\\/diarioellabrador.cl\\\/index.php\\\/2026\\\/03\\\/12\\\/alcaldes-de-la-zona-se-reunen-con-jose-antonio-kast\\\/#primaryimage\",\"url\":\"https:\\\/\\\/diarioellabrador.cl\\\/wp-content\\\/uploads\\\/2026\\\/03\\\/Alcaldes-de-la-zona-se-reunen-con-Jose-Antonio-Kast-2.jpg\",\"contentUrl\":\"https:\\\/\\\/diarioellabrador.cl\\\/wp-content\\\/uploads\\\/2026\\\/03\\\/Alcaldes-de-la-zona-se-reunen-con-Jose-Antonio-Kast-2.jpg\",\"width\":1822,\"height\":2048},{\"@type\":\"BreadcrumbList\",\"@id\":\"https:\\\/\\\/diarioellabrador.cl\\\/index.php\\\/2026\\\/03\\\/12\\\/alcaldes-de-la-zona-se-reunen-con-jose-antonio-kast\\\/#breadcrumb\",\"itemListElement\":[{\"@type\":\"ListItem\",\"position\":1,\"name\":\"Portada\",\"item\":\"https:\\\/\\\/diarioellabrador.cl\\\/\"},{\"@type\":\"ListItem\",\"position\":2,\"name\":\"Alcaldes de la zona se re\u00fanen con Jos\u00e9 Antonio Kast\"}]},{\"@type\":\"WebSite\",\"@id\":\"https:\\\/\\\/diarioellabrador.cl\\\/#website\",\"url\":\"https:\\\/\\\/diarioellabrador.cl\\\/\",\"name\":\"Diario El Labrador\",\"description\":\"Haciendo noticia desde 1921\",\"publisher\":{\"@id\":\"https:\\\/\\\/diarioellabrador.cl\\\/#organization\"},\"potentialAction\":[{\"@type\":\"SearchAction\",\"target\":{\"@type\":\"EntryPoint\",\"urlTemplate\":\"https:\\\/\\\/diarioellabrador.cl\\\/?s={search_term_string}\"},\"query-input\":{\"@type\":\"PropertyValueSpecification\",\"valueRequired\":true,\"valueName\":\"search_term_string\"}}],\"inLanguage\":\"es\"},{\"@type\":\"Organization\",\"@id\":\"https:\\\/\\\/diarioellabrador.cl\\\/#organization\",\"name\":\"Diario El Labrador\",\"url\":\"https:\\\/\\\/diarioellabrador.cl\\\/\",\"logo\":{\"@type\":\"ImageObject\",\"inLanguage\":\"es\",\"@id\":\"https:\\\/\\\/diarioellabrador.cl\\\/#\\\/schema\\\/logo\\\/image\\\/\",\"url\":\"https:\\\/\\\/diarioellabrador.cl\\\/wp-content\\\/uploads\\\/2025\\\/02\\\/cropped-Logo-Icono.png\",\"contentUrl\":\"https:\\\/\\\/diarioellabrador.cl\\\/wp-content\\\/uploads\\\/2025\\\/02\\\/cropped-Logo-Icono.png\",\"width\":512,\"height\":512,\"caption\":\"Diario El Labrador\"},\"image\":{\"@id\":\"https:\\\/\\\/diarioellabrador.cl\\\/#\\\/schema\\\/logo\\\/image\\\/\"},\"sameAs\":[\"https:\\\/\\\/web.facebook.com\\\/profile.php?id=61576120840621\",\"https:\\\/\\\/x.com\\\/ElLabradorOf\",\"https:\\\/\\\/www.instagram.com\\\/diarioellabradoroficial\\\/\"]},{\"@type\":\"Person\",\"@id\":\"https:\\\/\\\/diarioellabrador.cl\\\/#\\\/schema\\\/person\\\/bc25ff80b4563f9c7f4bd7855df01685\",\"name\":\"Editor\",\"image\":{\"@type\":\"ImageObject\",\"inLanguage\":\"es\",\"@id\":\"https:\\\/\\\/secure.gravatar.com\\\/avatar\\\/109c326cf2be5c04f048c2c2a2b8b6ef44bf3d8d1d3d4c55d0ac40c4bc994684?s=96&d=mm&r=g\",\"url\":\"https:\\\/\\\/secure.gravatar.com\\\/avatar\\\/109c326cf2be5c04f048c2c2a2b8b6ef44bf3d8d1d3d4c55d0ac40c4bc994684?s=96&d=mm&r=g\",\"contentUrl\":\"https:\\\/\\\/secure.gravatar.com\\\/avatar\\\/109c326cf2be5c04f048c2c2a2b8b6ef44bf3d8d1d3d4c55d0ac40c4bc994684?s=96&d=mm&r=g\",\"caption\":\"Editor\"},\"url\":\"https:\\\/\\\/diarioellabrador.cl\\\/index.php\\\/author\\\/editor\\\/\"}]}<\/script>\n<!-- \/ Yoast SEO plugin. -->","yoast_head_json":{"title":"Alcaldes de la zona se re\u00fanen con Jos\u00e9 Antonio Kast - Diario El Labrador","robots":{"index":"index","follow":"follow","max-snippet":"max-snippet:-1","max-image-preview":"max-image-preview:large","max-video-preview":"max-video-preview:-1"},"canonical":"https:\/\/diarioellabrador.cl\/index.php\/2026\/03\/12\/alcaldes-de-la-zona-se-reunen-con-jose-antonio-kast\/","og_locale":"es_ES","og_type":"article","og_title":"Alcaldes de la zona se re\u00fanen con Jos\u00e9 Antonio Kast - Diario El Labrador","og_description":"Los alcaldes de Pe\u00f1aflor, Rodrigo Cornejo; de Melipilla, Paula G\u00e1rate y de Mar\u00eda Pinto, Jessica Mualim, fueron algunos de los ediles de la regi\u00f3n metropolitana que llegaron la noche del mi\u00e9rcoles hasta el Palacio de La Moneda. Luego de la llegada del Presidente Jos\u00e9 Antonio Kast desde Cerro Castillo y compartir un c\u00f3ctel de camarader\u00eda, Leer m\u00e1s","og_url":"https:\/\/diarioellabrador.cl\/index.php\/2026\/03\/12\/alcaldes-de-la-zona-se-reunen-con-jose-antonio-kast\/","og_site_name":"Diario El Labrador","article_publisher":"https:\/\/web.facebook.com\/profile.php?id=61576120840621","article_published_time":"2026-03-12T22:33:53+00:00","article_modified_time":"2026-03-12T22:33:55+00:00","og_image":[{"width":1822,"height":2048,"url":"https:\/\/diarioellabrador.cl\/wp-content\/uploads\/2026\/03\/Alcaldes-de-la-zona-se-reunen-con-Jose-Antonio-Kast-2.jpg","type":"image\/jpeg"}],"author":"Editor","twitter_card":"summary_large_image","twitter_creator":"@ElLabradorOf","twitter_site":"@ElLabradorOf","twitter_misc":{"Escrito por":"Editor","Tiempo de lectura":"1 minuto"},"schema":{"@context":"https:\/\/schema.org","@graph":[{"@type":"Article","@id":"https:\/\/diarioellabrador.cl\/index.php\/2026\/03\/12\/alcaldes-de-la-zona-se-reunen-con-jose-antonio-kast\/#article","isPartOf":{"@id":"https:\/\/diarioellabrador.cl\/index.php\/2026\/03\/12\/alcaldes-de-la-zona-se-reunen-con-jose-antonio-kast\/"},"author":{"name":"Editor","@id":"https:\/\/diarioellabrador.cl\/#\/schema\/person\/bc25ff80b4563f9c7f4bd7855df01685"},"headline":"Alcaldes de la zona se re\u00fanen con Jos\u00e9 Antonio Kast","datePublished":"2026-03-12T22:33:53+00:00","dateModified":"2026-03-12T22:33:55+00:00","mainEntityOfPage":{"@id":"https:\/\/diarioellabrador.cl\/index.php\/2026\/03\/12\/alcaldes-de-la-zona-se-reunen-con-jose-antonio-kast\/"},"wordCount":162,"commentCount":0,"publisher":{"@id":"https:\/\/diarioellabrador.cl\/#organization"},"image":{"@id":"https:\/\/diarioellabrador.cl\/index.php\/2026\/03\/12\/alcaldes-de-la-zona-se-reunen-con-jose-antonio-kast\/#primaryimage"},"thumbnailUrl":"https:\/\/diarioellabrador.cl\/wp-content\/uploads\/2026\/03\/Alcaldes-de-la-zona-se-reunen-con-Jose-Antonio-Kast-2.jpg","articleSection":["Cr\u00f3nica"],"inLanguage":"es","potentialAction":[{"@type":"CommentAction","name":"Comment","target":["https:\/\/diarioellabrador.cl\/index.php\/2026\/03\/12\/alcaldes-de-la-zona-se-reunen-con-jose-antonio-kast\/#respond"]}]},{"@type":"WebPage","@id":"https:\/\/diarioellabrador.cl\/index.php\/2026\/03\/12\/alcaldes-de-la-zona-se-reunen-con-jose-antonio-kast\/","url":"https:\/\/diarioellabrador.cl\/index.php\/2026\/03\/12\/alcaldes-de-la-zona-se-reunen-con-jose-antonio-kast\/","name":"Alcaldes de la zona se re\u00fanen con Jos\u00e9 Antonio Kast - Diario El Labrador","isPartOf":{"@id":"https:\/\/diarioellabrador.cl\/#website"},"primaryImageOfPage":{"@id":"https:\/\/diarioellabrador.cl\/index.php\/2026\/03\/12\/alcaldes-de-la-zona-se-reunen-con-jose-antonio-kast\/#primaryimage"},"image":{"@id":"https:\/\/diarioellabrador.cl\/index.php\/2026\/03\/12\/alcaldes-de-la-zona-se-reunen-con-jose-antonio-kast\/#primaryimage"},"thumbnailUrl":"https:\/\/diarioellabrador.cl\/wp-content\/uploads\/2026\/03\/Alcaldes-de-la-zona-se-reunen-con-Jose-Antonio-Kast-2.jpg","datePublished":"2026-03-12T22:33:53+00:00","dateModified":"2026-03-12T22:33:55+00:00","breadcrumb":{"@id":"https:\/\/diarioellabrador.cl\/index.php\/2026\/03\/12\/alcaldes-de-la-zona-se-reunen-con-jose-antonio-kast\/#breadcrumb"},"inLanguage":"es","potentialAction":[{"@type":"ReadAction","target":["https:\/\/diarioellabrador.cl\/index.php\/2026\/03\/12\/alcaldes-de-la-zona-se-reunen-con-jose-antonio-kast\/"]}]},{"@type":"ImageObject","inLanguage":"es","@id":"https:\/\/diarioellabrador.cl\/index.php\/2026\/03\/12\/alcaldes-de-la-zona-se-reunen-con-jose-antonio-kast\/#primaryimage","url":"https:\/\/diarioellabrador.cl\/wp-content\/uploads\/2026\/03\/Alcaldes-de-la-zona-se-reunen-con-Jose-Antonio-Kast-2.jpg","contentUrl":"https:\/\/diarioellabrador.cl\/wp-content\/uploads\/2026\/03\/Alcaldes-de-la-zona-se-reunen-con-Jose-Antonio-Kast-2.jpg","width":1822,"height":2048},{"@type":"BreadcrumbList","@id":"https:\/\/diarioellabrador.cl\/index.php\/2026\/03\/12\/alcaldes-de-la-zona-se-reunen-con-jose-antonio-kast\/#breadcrumb","itemListElement":[{"@type":"ListItem","position":1,"name":"Portada","item":"https:\/\/diarioellabrador.cl\/"},{"@type":"ListItem","position":2,"name":"Alcaldes de la zona se re\u00fanen con Jos\u00e9 Antonio Kast"}]},{"@type":"WebSite","@id":"https:\/\/diarioellabrador.cl\/#website","url":"https:\/\/diarioellabrador.cl\/","name":"Diario El Labrador","description":"Haciendo noticia desde 1921","publisher":{"@id":"https:\/\/diarioellabrador.cl\/#organization"},"potentialAction":[{"@type":"SearchAction","target":{"@type":"EntryPoint","urlTemplate":"https:\/\/diarioellabrador.cl\/?s={search_term_string}"},"query-input":{"@type":"PropertyValueSpecification","valueRequired":true,"valueName":"search_term_string"}}],"inLanguage":"es"},{"@type":"Organization","@id":"https:\/\/diarioellabrador.cl\/#organization","name":"Diario El Labrador","url":"https:\/\/diarioellabrador.cl\/","logo":{"@type":"ImageObject","inLanguage":"es","@id":"https:\/\/diarioellabrador.cl\/#\/schema\/logo\/image\/","url":"https:\/\/diarioellabrador.cl\/wp-content\/uploads\/2025\/02\/cropped-Logo-Icono.png","contentUrl":"https:\/\/diarioellabrador.cl\/wp-content\/uploads\/2025\/02\/cropped-Logo-Icono.png","width":512,"height":512,"caption":"Diario El Labrador"},"image":{"@id":"https:\/\/diarioellabrador.cl\/#\/schema\/logo\/image\/"},"sameAs":["https:\/\/web.facebook.com\/profile.php?id=61576120840621","https:\/\/x.com\/ElLabradorOf","https:\/\/www.instagram.com\/diarioellabradoroficial\/"]},{"@type":"Person","@id":"https:\/\/diarioellabrador.cl\/#\/schema\/person\/bc25ff80b4563f9c7f4bd7855df01685","name":"Editor","image":{"@type":"ImageObject","inLanguage":"es","@id":"https:\/\/secure.gravatar.com\/avatar\/109c326cf2be5c04f048c2c2a2b8b6ef44bf3d8d1d3d4c55d0ac40c4bc994684?s=96&d=mm&r=g","url":"https:\/\/secure.gravatar.com\/avatar\/109c326cf2be5c04f048c2c2a2b8b6ef44bf3d8d1d3d4c55d0ac40c4bc994684?s=96&d=mm&r=g","contentUrl":"https:\/\/secure.gravatar.com\/avatar\/109c326cf2be5c04f048c2c2a2b8b6ef44bf3d8d1d3d4c55d0ac40c4bc994684?s=96&d=mm&r=g","caption":"Editor"},"url":"https:\/\/diarioellabrador.cl\/index.php\/author\/editor\/"}]}},"_links":{"self":[{"href":"https:\/\/diarioellabrador.cl\/index.php\/wp-json\/wp\/v2\/posts\/16493","targetHints":{"allow":["GET"]}}],"collection":[{"href":"https:\/\/diarioellabrador.cl\/index.php\/wp-json\/wp\/v2\/posts"}],"about":[{"href":"https:\/\/diarioellabrador.cl\/index.php\/wp-json\/wp\/v2\/types\/post"}],"author":[{"embeddable":true,"href":"https:\/\/diarioellabrador.cl\/index.php\/wp-json\/wp\/v2\/users\/2"}],"replies":[{"embeddable":true,"href":"https:\/\/diarioellabrador.cl\/index.php\/wp-json\/wp\/v2\/comments?post=16493"}],"version-history":[{"count":1,"href":"https:\/\/diarioellabrador.cl\/index.php\/wp-json\/wp\/v2\/posts\/16493\/revisions"}],"predecessor-version":[{"id":16494,"href":"https:\/\/diarioellabrador.cl\/index.php\/wp-json\/wp\/v2\/posts\/16493\/revisions\/16494"}],"wp:featuredmedia":[{"embeddable":true,"href":"https:\/\/diarioellabrador.cl\/index.php\/wp-json\/wp\/v2\/media\/16437"}],"wp:attachment":[{"href":"https:\/\/diarioellabrador.cl\/index.php\/wp-json\/wp\/v2\/media?parent=16493"}],"wp:term":[{"taxonomy":"category","embeddable":true,"href":"https:\/\/diarioellabrador.cl\/index.php\/wp-json\/wp\/v2\/categories?post=16493"},{"taxonomy":"post_tag","embeddable":true,"href":"https:\/\/diarioellabrador.cl\/index.php\/wp-json\/wp\/v2\/tags?post=16493"}],"curies":[{"name":"wp","href":"https:\/\/api.w.org\/{rel}","templated":true}]}}