{"id":16489,"date":"2026-03-12T18:32:38","date_gmt":"2026-03-12T22:32:38","guid":{"rendered":"https:\/\/diarioellabrador.cl\/?p=16489"},"modified":"2026-03-12T18:32:39","modified_gmt":"2026-03-12T22:32:39","slug":"alcalde-sebastian-rosas-planteo-al-nuevo-ministro-del-mop-subsanar-externalidades-negativas-de-la-autopista-y-retomar-mantenciones-de-la-vialidad-provincial","status":"publish","type":"post","link":"https:\/\/diarioellabrador.cl\/index.php\/2026\/03\/12\/alcalde-sebastian-rosas-planteo-al-nuevo-ministro-del-mop-subsanar-externalidades-negativas-de-la-autopista-y-retomar-mantenciones-de-la-vialidad-provincial\/","title":{"rendered":"Alcalde Sebasti\u00e1n Rosas plante\u00f3 al nuevo ministro del MOP subsanar externalidades negativas de la autopista y retomar mantenciones de la vialidad provincial"},"content":{"rendered":"\n<p>Un encuentro con el futuro ministro de Obras P\u00fablicas (Mop), Mart\u00edn Arrau, sostuvo a inicios de semana el Alcalde de Talagante, Sebasti\u00e1n Rosas, en el marco de una reuni\u00f3n de car\u00e1cter regional con ediles de la Asociaci\u00f3n de Municipios Rurales (Amur).&nbsp; Durante la cita, la autoridad comunal represent\u00f3 un conjunto de situaciones que afectan la conectividad y vialidad de la provincia de Talagante, como \u00fanico edil de la zona presente en el evento.<\/p>\n\n\n\n<p>\u201cFue una reuni\u00f3n bastante provechosa, me toc\u00f3 como alcalde representar a la provincia, velar por los intereses de las comunas de Pe\u00f1aflor, Padre Hurtado, Isla Maipo, El Monte, y, por cierto, Talagante, donde plante\u00e9 la problem\u00e1tica que afecta a todas las comunas, que son los contratos globales que hace m\u00e1s de un a\u00f1o Vialidad no los est\u00e1n ejecutando, producto de diferentes problemas, quiz\u00e1s, internos que pueden tener\u201d, sostuvo el Alcalde de Talagante.<\/p>\n\n\n\n<p>Seg\u00fan explic\u00f3 la autoridad comunal esta carencia de proyectos que ejecuta el MOP, a trav\u00e9s de Vialidad, es una situaci\u00f3n que se repite en las comunas rurales de la Regi\u00f3n Metropolitana.&nbsp; \u201cEso en la pr\u00e1ctica genera que no se est\u00e1n haciendo las mantenciones de los caminos estatales, no se est\u00e1n haciendo las mantenciones de la limpieza de canales y de ciclov\u00edas, como tambi\u00e9n del pintado de pasos de cebra o peatonales, lomos de toro, y se\u00f1al\u00e9ticas, y que por lo mismo lo plante\u00e9\u201d, se\u00f1al\u00f3 el Alcalde Sebasti\u00e1n Rosas.<\/p>\n\n\n\n<p>\u201cY el segundo punto que abord\u00e9 de manera fuerte \u2013agreg\u00f3-, fue el tema de la bajada de la autopista Ruta 78, ex autopista El Sol, que es un problema que afecta directamente a los vecinos de Talagante y la Isla de Maipo, tomando en consideraci\u00f3n la congesti\u00f3n vehicular que se genera a diario, tanto en las ma\u00f1anas como en las tardes, debido a que no hay una soluci\u00f3n real\u201d, dijo el Alcalde de Talagante, quien comparti\u00f3 lo argumentado ante la nueva autoridad del Mop.<\/p>\n\n\n\n<p>\u201cSi bien es cierto, durante el gobierno anterior se plante\u00f3 la posibilidad de ejercer cuatro acciones paliativas, de las cuales solamente una se ha ejecutado, no se han cumplido con la acci\u00f3n a concretar, y segundo, que sean obras reales y concretas que puedan funcionar a lo largo del tiempo. Por lo mismo tambi\u00e9n estoy pidiendo con celeridad que se contemplen tambi\u00e9n nuevos pasos entre las comunas de Isla de Maipo y Talagante, a fin de que no se genere esta problem\u00e1tica que viene hace m\u00e1s de cinco o seis a\u00f1os y hoy d\u00eda ya est\u00e1 reventando fuertemente\u201d, afirm\u00f3 el edil talagantino.<\/p>\n\n\n\n<p>Consultado por la recepci\u00f3n del futuro Ministro de Obras P\u00fablicas, el Alcalde de Talagante comparti\u00f3 algunos de los compromisos de Mart\u00edn Arrau.&nbsp; \u201cEl contrato global dijo que le iba a dar celeridad, y de cierta forma tambi\u00e9n encomend\u00f3 a que el pr\u00f3ximo Seremi de Obras P\u00fablicas que venga a la comuna para ver en terreno esta problem\u00e1tica. Yo, no obstante, igual le dije que los vecinos ya est\u00e1n cansados, nosotros estamos agotados, y si no hay una soluci\u00f3n pronta nosotros igual vamos a tener que tomar medidas radicales\u201d, sentenci\u00f3 el Alcalde Sebasti\u00e1n Rosas.<\/p>\n\n\n\n<p>&nbsp;Fuente: Municipalidad de Talagante.<\/p>\n\n\n\n<p><strong><em>Gentileza talaganteonline.cl<\/em><\/strong><\/p>\n","protected":false},"excerpt":{"rendered":"<p>Un encuentro con el futuro ministro de Obras P\u00fablicas (Mop), Mart\u00edn Arrau, sostuvo a inicios de semana el Alcalde de Talagante, Sebasti\u00e1n Rosas, en el marco de una reuni\u00f3n de car\u00e1cter regional con ediles de la Asociaci\u00f3n de Municipios Rurales (Amur).&nbsp; Durante la cita, la autoridad comunal represent\u00f3 un conjunto de situaciones que afectan la<\/p>\n<div class=\"read-more-wrapper\"><a class=\"read-more\" href=\"https:\/\/diarioellabrador.cl\/index.php\/2026\/03\/12\/alcalde-sebastian-rosas-planteo-al-nuevo-ministro-del-mop-subsanar-externalidades-negativas-de-la-autopista-y-retomar-mantenciones-de-la-vialidad-provincial\/\" title=\"Leer m\u00e1s\"> <span class=\"button \">Leer m\u00e1s<\/span><\/a><\/div>\n","protected":false},"author":2,"featured_media":16439,"comment_status":"open","ping_status":"open","sticky":false,"template":"","format":"standard","meta":{"footnotes":""},"categories":[1],"tags":[],"class_list":["post-16489","post","type-post","status-publish","format-standard","has-post-thumbnail","hentry","category-cronica"],"yoast_head":"<!-- This site is optimized with the Yoast SEO plugin v27.5 - https:\/\/yoast.com\/product\/yoast-seo-wordpress\/ -->\n<title>Alcalde Sebasti\u00e1n Rosas plante\u00f3 al nuevo ministro del MOP subsanar externalidades negativas de la autopista y retomar mantenciones de la vialidad provincial - Diario El Labrador<\/title>\n<meta name=\"robots\" content=\"index, follow, max-snippet:-1, max-image-preview:large, max-video-preview:-1\" \/>\n<link rel=\"canonical\" href=\"https:\/\/diarioellabrador.cl\/index.php\/2026\/03\/12\/alcalde-sebastian-rosas-planteo-al-nuevo-ministro-del-mop-subsanar-externalidades-negativas-de-la-autopista-y-retomar-mantenciones-de-la-vialidad-provincial\/\" \/>\n<meta property=\"og:locale\" content=\"es_ES\" \/>\n<meta property=\"og:type\" content=\"article\" \/>\n<meta property=\"og:title\" content=\"Alcalde Sebasti\u00e1n Rosas plante\u00f3 al nuevo ministro del MOP subsanar externalidades negativas de la autopista y retomar mantenciones de la vialidad provincial - Diario El Labrador\" \/>\n<meta property=\"og:description\" content=\"Un encuentro con el futuro ministro de Obras P\u00fablicas (Mop), Mart\u00edn Arrau, sostuvo a inicios de semana el Alcalde de Talagante, Sebasti\u00e1n Rosas, en el marco de una reuni\u00f3n de car\u00e1cter regional con ediles de la Asociaci\u00f3n de Municipios Rurales (Amur).&nbsp; Durante la cita, la autoridad comunal represent\u00f3 un conjunto de situaciones que afectan la Leer m\u00e1s\" \/>\n<meta property=\"og:url\" content=\"https:\/\/diarioellabrador.cl\/index.php\/2026\/03\/12\/alcalde-sebastian-rosas-planteo-al-nuevo-ministro-del-mop-subsanar-externalidades-negativas-de-la-autopista-y-retomar-mantenciones-de-la-vialidad-provincial\/\" \/>\n<meta property=\"og:site_name\" content=\"Diario El Labrador\" \/>\n<meta property=\"article:publisher\" content=\"https:\/\/web.facebook.com\/profile.php?id=61576120840621\" \/>\n<meta property=\"article:published_time\" content=\"2026-03-12T22:32:38+00:00\" \/>\n<meta property=\"article:modified_time\" content=\"2026-03-12T22:32:39+00:00\" \/>\n<meta property=\"og:image\" content=\"https:\/\/diarioellabrador.cl\/wp-content\/uploads\/2026\/03\/Alcalde-Sebastian-Rosas-planteo-al-nuevo-ministro-del-MOP-subsanar-externalidades-negativas-de-la-autopista-y-retomar-mantenciones-de-la-vialidad-provincial.jpg\" \/>\n\t<meta property=\"og:image:width\" content=\"1200\" \/>\n\t<meta property=\"og:image:height\" content=\"900\" \/>\n\t<meta property=\"og:image:type\" content=\"image\/jpeg\" \/>\n<meta name=\"author\" content=\"Editor\" \/>\n<meta name=\"twitter:card\" content=\"summary_large_image\" \/>\n<meta name=\"twitter:creator\" content=\"@ElLabradorOf\" \/>\n<meta name=\"twitter:site\" content=\"@ElLabradorOf\" \/>\n<meta name=\"twitter:label1\" content=\"Escrito por\" \/>\n\t<meta name=\"twitter:data1\" content=\"Editor\" \/>\n\t<meta name=\"twitter:label2\" content=\"Tiempo de lectura\" \/>\n\t<meta name=\"twitter:data2\" content=\"3 minutos\" \/>\n<script type=\"application\/ld+json\" class=\"yoast-schema-graph\">{\"@context\":\"https:\\\/\\\/schema.org\",\"@graph\":[{\"@type\":\"Article\",\"@id\":\"https:\\\/\\\/diarioellabrador.cl\\\/index.php\\\/2026\\\/03\\\/12\\\/alcalde-sebastian-rosas-planteo-al-nuevo-ministro-del-mop-subsanar-externalidades-negativas-de-la-autopista-y-retomar-mantenciones-de-la-vialidad-provincial\\\/#article\",\"isPartOf\":{\"@id\":\"https:\\\/\\\/diarioellabrador.cl\\\/index.php\\\/2026\\\/03\\\/12\\\/alcalde-sebastian-rosas-planteo-al-nuevo-ministro-del-mop-subsanar-externalidades-negativas-de-la-autopista-y-retomar-mantenciones-de-la-vialidad-provincial\\\/\"},\"author\":{\"name\":\"Editor\",\"@id\":\"https:\\\/\\\/diarioellabrador.cl\\\/#\\\/schema\\\/person\\\/bc25ff80b4563f9c7f4bd7855df01685\"},\"headline\":\"Alcalde Sebasti\u00e1n Rosas plante\u00f3 al nuevo ministro del MOP subsanar externalidades negativas de la autopista y retomar mantenciones de la vialidad provincial\",\"datePublished\":\"2026-03-12T22:32:38+00:00\",\"dateModified\":\"2026-03-12T22:32:39+00:00\",\"mainEntityOfPage\":{\"@id\":\"https:\\\/\\\/diarioellabrador.cl\\\/index.php\\\/2026\\\/03\\\/12\\\/alcalde-sebastian-rosas-planteo-al-nuevo-ministro-del-mop-subsanar-externalidades-negativas-de-la-autopista-y-retomar-mantenciones-de-la-vialidad-provincial\\\/\"},\"wordCount\":593,\"commentCount\":0,\"publisher\":{\"@id\":\"https:\\\/\\\/diarioellabrador.cl\\\/#organization\"},\"image\":{\"@id\":\"https:\\\/\\\/diarioellabrador.cl\\\/index.php\\\/2026\\\/03\\\/12\\\/alcalde-sebastian-rosas-planteo-al-nuevo-ministro-del-mop-subsanar-externalidades-negativas-de-la-autopista-y-retomar-mantenciones-de-la-vialidad-provincial\\\/#primaryimage\"},\"thumbnailUrl\":\"https:\\\/\\\/diarioellabrador.cl\\\/wp-content\\\/uploads\\\/2026\\\/03\\\/Alcalde-Sebastian-Rosas-planteo-al-nuevo-ministro-del-MOP-subsanar-externalidades-negativas-de-la-autopista-y-retomar-mantenciones-de-la-vialidad-provincial.jpg\",\"articleSection\":[\"Cr\u00f3nica\"],\"inLanguage\":\"es\",\"potentialAction\":[{\"@type\":\"CommentAction\",\"name\":\"Comment\",\"target\":[\"https:\\\/\\\/diarioellabrador.cl\\\/index.php\\\/2026\\\/03\\\/12\\\/alcalde-sebastian-rosas-planteo-al-nuevo-ministro-del-mop-subsanar-externalidades-negativas-de-la-autopista-y-retomar-mantenciones-de-la-vialidad-provincial\\\/#respond\"]}]},{\"@type\":\"WebPage\",\"@id\":\"https:\\\/\\\/diarioellabrador.cl\\\/index.php\\\/2026\\\/03\\\/12\\\/alcalde-sebastian-rosas-planteo-al-nuevo-ministro-del-mop-subsanar-externalidades-negativas-de-la-autopista-y-retomar-mantenciones-de-la-vialidad-provincial\\\/\",\"url\":\"https:\\\/\\\/diarioellabrador.cl\\\/index.php\\\/2026\\\/03\\\/12\\\/alcalde-sebastian-rosas-planteo-al-nuevo-ministro-del-mop-subsanar-externalidades-negativas-de-la-autopista-y-retomar-mantenciones-de-la-vialidad-provincial\\\/\",\"name\":\"Alcalde Sebasti\u00e1n Rosas plante\u00f3 al nuevo ministro del MOP subsanar externalidades negativas de la autopista y retomar mantenciones de la vialidad provincial - Diario El Labrador\",\"isPartOf\":{\"@id\":\"https:\\\/\\\/diarioellabrador.cl\\\/#website\"},\"primaryImageOfPage\":{\"@id\":\"https:\\\/\\\/diarioellabrador.cl\\\/index.php\\\/2026\\\/03\\\/12\\\/alcalde-sebastian-rosas-planteo-al-nuevo-ministro-del-mop-subsanar-externalidades-negativas-de-la-autopista-y-retomar-mantenciones-de-la-vialidad-provincial\\\/#primaryimage\"},\"image\":{\"@id\":\"https:\\\/\\\/diarioellabrador.cl\\\/index.php\\\/2026\\\/03\\\/12\\\/alcalde-sebastian-rosas-planteo-al-nuevo-ministro-del-mop-subsanar-externalidades-negativas-de-la-autopista-y-retomar-mantenciones-de-la-vialidad-provincial\\\/#primaryimage\"},\"thumbnailUrl\":\"https:\\\/\\\/diarioellabrador.cl\\\/wp-content\\\/uploads\\\/2026\\\/03\\\/Alcalde-Sebastian-Rosas-planteo-al-nuevo-ministro-del-MOP-subsanar-externalidades-negativas-de-la-autopista-y-retomar-mantenciones-de-la-vialidad-provincial.jpg\",\"datePublished\":\"2026-03-12T22:32:38+00:00\",\"dateModified\":\"2026-03-12T22:32:39+00:00\",\"breadcrumb\":{\"@id\":\"https:\\\/\\\/diarioellabrador.cl\\\/index.php\\\/2026\\\/03\\\/12\\\/alcalde-sebastian-rosas-planteo-al-nuevo-ministro-del-mop-subsanar-externalidades-negativas-de-la-autopista-y-retomar-mantenciones-de-la-vialidad-provincial\\\/#breadcrumb\"},\"inLanguage\":\"es\",\"potentialAction\":[{\"@type\":\"ReadAction\",\"target\":[\"https:\\\/\\\/diarioellabrador.cl\\\/index.php\\\/2026\\\/03\\\/12\\\/alcalde-sebastian-rosas-planteo-al-nuevo-ministro-del-mop-subsanar-externalidades-negativas-de-la-autopista-y-retomar-mantenciones-de-la-vialidad-provincial\\\/\"]}]},{\"@type\":\"ImageObject\",\"inLanguage\":\"es\",\"@id\":\"https:\\\/\\\/diarioellabrador.cl\\\/index.php\\\/2026\\\/03\\\/12\\\/alcalde-sebastian-rosas-planteo-al-nuevo-ministro-del-mop-subsanar-externalidades-negativas-de-la-autopista-y-retomar-mantenciones-de-la-vialidad-provincial\\\/#primaryimage\",\"url\":\"https:\\\/\\\/diarioellabrador.cl\\\/wp-content\\\/uploads\\\/2026\\\/03\\\/Alcalde-Sebastian-Rosas-planteo-al-nuevo-ministro-del-MOP-subsanar-externalidades-negativas-de-la-autopista-y-retomar-mantenciones-de-la-vialidad-provincial.jpg\",\"contentUrl\":\"https:\\\/\\\/diarioellabrador.cl\\\/wp-content\\\/uploads\\\/2026\\\/03\\\/Alcalde-Sebastian-Rosas-planteo-al-nuevo-ministro-del-MOP-subsanar-externalidades-negativas-de-la-autopista-y-retomar-mantenciones-de-la-vialidad-provincial.jpg\",\"width\":1200,\"height\":900},{\"@type\":\"BreadcrumbList\",\"@id\":\"https:\\\/\\\/diarioellabrador.cl\\\/index.php\\\/2026\\\/03\\\/12\\\/alcalde-sebastian-rosas-planteo-al-nuevo-ministro-del-mop-subsanar-externalidades-negativas-de-la-autopista-y-retomar-mantenciones-de-la-vialidad-provincial\\\/#breadcrumb\",\"itemListElement\":[{\"@type\":\"ListItem\",\"position\":1,\"name\":\"Portada\",\"item\":\"https:\\\/\\\/diarioellabrador.cl\\\/\"},{\"@type\":\"ListItem\",\"position\":2,\"name\":\"Alcalde Sebasti\u00e1n Rosas plante\u00f3 al nuevo ministro del MOP subsanar externalidades negativas de la autopista y retomar mantenciones de la vialidad provincial\"}]},{\"@type\":\"WebSite\",\"@id\":\"https:\\\/\\\/diarioellabrador.cl\\\/#website\",\"url\":\"https:\\\/\\\/diarioellabrador.cl\\\/\",\"name\":\"Diario El Labrador\",\"description\":\"Haciendo noticia desde 1921\",\"publisher\":{\"@id\":\"https:\\\/\\\/diarioellabrador.cl\\\/#organization\"},\"potentialAction\":[{\"@type\":\"SearchAction\",\"target\":{\"@type\":\"EntryPoint\",\"urlTemplate\":\"https:\\\/\\\/diarioellabrador.cl\\\/?s={search_term_string}\"},\"query-input\":{\"@type\":\"PropertyValueSpecification\",\"valueRequired\":true,\"valueName\":\"search_term_string\"}}],\"inLanguage\":\"es\"},{\"@type\":\"Organization\",\"@id\":\"https:\\\/\\\/diarioellabrador.cl\\\/#organization\",\"name\":\"Diario El Labrador\",\"url\":\"https:\\\/\\\/diarioellabrador.cl\\\/\",\"logo\":{\"@type\":\"ImageObject\",\"inLanguage\":\"es\",\"@id\":\"https:\\\/\\\/diarioellabrador.cl\\\/#\\\/schema\\\/logo\\\/image\\\/\",\"url\":\"https:\\\/\\\/diarioellabrador.cl\\\/wp-content\\\/uploads\\\/2025\\\/02\\\/cropped-Logo-Icono.png\",\"contentUrl\":\"https:\\\/\\\/diarioellabrador.cl\\\/wp-content\\\/uploads\\\/2025\\\/02\\\/cropped-Logo-Icono.png\",\"width\":512,\"height\":512,\"caption\":\"Diario El Labrador\"},\"image\":{\"@id\":\"https:\\\/\\\/diarioellabrador.cl\\\/#\\\/schema\\\/logo\\\/image\\\/\"},\"sameAs\":[\"https:\\\/\\\/web.facebook.com\\\/profile.php?id=61576120840621\",\"https:\\\/\\\/x.com\\\/ElLabradorOf\",\"https:\\\/\\\/www.instagram.com\\\/diarioellabradoroficial\\\/\"]},{\"@type\":\"Person\",\"@id\":\"https:\\\/\\\/diarioellabrador.cl\\\/#\\\/schema\\\/person\\\/bc25ff80b4563f9c7f4bd7855df01685\",\"name\":\"Editor\",\"image\":{\"@type\":\"ImageObject\",\"inLanguage\":\"es\",\"@id\":\"https:\\\/\\\/secure.gravatar.com\\\/avatar\\\/109c326cf2be5c04f048c2c2a2b8b6ef44bf3d8d1d3d4c55d0ac40c4bc994684?s=96&d=mm&r=g\",\"url\":\"https:\\\/\\\/secure.gravatar.com\\\/avatar\\\/109c326cf2be5c04f048c2c2a2b8b6ef44bf3d8d1d3d4c55d0ac40c4bc994684?s=96&d=mm&r=g\",\"contentUrl\":\"https:\\\/\\\/secure.gravatar.com\\\/avatar\\\/109c326cf2be5c04f048c2c2a2b8b6ef44bf3d8d1d3d4c55d0ac40c4bc994684?s=96&d=mm&r=g\",\"caption\":\"Editor\"},\"url\":\"https:\\\/\\\/diarioellabrador.cl\\\/index.php\\\/author\\\/editor\\\/\"}]}<\/script>\n<!-- \/ Yoast SEO plugin. -->","yoast_head_json":{"title":"Alcalde Sebasti\u00e1n Rosas plante\u00f3 al nuevo ministro del MOP subsanar externalidades negativas de la autopista y retomar mantenciones de la vialidad provincial - Diario El Labrador","robots":{"index":"index","follow":"follow","max-snippet":"max-snippet:-1","max-image-preview":"max-image-preview:large","max-video-preview":"max-video-preview:-1"},"canonical":"https:\/\/diarioellabrador.cl\/index.php\/2026\/03\/12\/alcalde-sebastian-rosas-planteo-al-nuevo-ministro-del-mop-subsanar-externalidades-negativas-de-la-autopista-y-retomar-mantenciones-de-la-vialidad-provincial\/","og_locale":"es_ES","og_type":"article","og_title":"Alcalde Sebasti\u00e1n Rosas plante\u00f3 al nuevo ministro del MOP subsanar externalidades negativas de la autopista y retomar mantenciones de la vialidad provincial - Diario El Labrador","og_description":"Un encuentro con el futuro ministro de Obras P\u00fablicas (Mop), Mart\u00edn Arrau, sostuvo a inicios de semana el Alcalde de Talagante, Sebasti\u00e1n Rosas, en el marco de una reuni\u00f3n de car\u00e1cter regional con ediles de la Asociaci\u00f3n de Municipios Rurales (Amur).&nbsp; Durante la cita, la autoridad comunal represent\u00f3 un conjunto de situaciones que afectan la Leer m\u00e1s","og_url":"https:\/\/diarioellabrador.cl\/index.php\/2026\/03\/12\/alcalde-sebastian-rosas-planteo-al-nuevo-ministro-del-mop-subsanar-externalidades-negativas-de-la-autopista-y-retomar-mantenciones-de-la-vialidad-provincial\/","og_site_name":"Diario El Labrador","article_publisher":"https:\/\/web.facebook.com\/profile.php?id=61576120840621","article_published_time":"2026-03-12T22:32:38+00:00","article_modified_time":"2026-03-12T22:32:39+00:00","og_image":[{"width":1200,"height":900,"url":"https:\/\/diarioellabrador.cl\/wp-content\/uploads\/2026\/03\/Alcalde-Sebastian-Rosas-planteo-al-nuevo-ministro-del-MOP-subsanar-externalidades-negativas-de-la-autopista-y-retomar-mantenciones-de-la-vialidad-provincial.jpg","type":"image\/jpeg"}],"author":"Editor","twitter_card":"summary_large_image","twitter_creator":"@ElLabradorOf","twitter_site":"@ElLabradorOf","twitter_misc":{"Escrito por":"Editor","Tiempo de lectura":"3 minutos"},"schema":{"@context":"https:\/\/schema.org","@graph":[{"@type":"Article","@id":"https:\/\/diarioellabrador.cl\/index.php\/2026\/03\/12\/alcalde-sebastian-rosas-planteo-al-nuevo-ministro-del-mop-subsanar-externalidades-negativas-de-la-autopista-y-retomar-mantenciones-de-la-vialidad-provincial\/#article","isPartOf":{"@id":"https:\/\/diarioellabrador.cl\/index.php\/2026\/03\/12\/alcalde-sebastian-rosas-planteo-al-nuevo-ministro-del-mop-subsanar-externalidades-negativas-de-la-autopista-y-retomar-mantenciones-de-la-vialidad-provincial\/"},"author":{"name":"Editor","@id":"https:\/\/diarioellabrador.cl\/#\/schema\/person\/bc25ff80b4563f9c7f4bd7855df01685"},"headline":"Alcalde Sebasti\u00e1n Rosas plante\u00f3 al nuevo ministro del MOP subsanar externalidades negativas de la autopista y retomar mantenciones de la vialidad provincial","datePublished":"2026-03-12T22:32:38+00:00","dateModified":"2026-03-12T22:32:39+00:00","mainEntityOfPage":{"@id":"https:\/\/diarioellabrador.cl\/index.php\/2026\/03\/12\/alcalde-sebastian-rosas-planteo-al-nuevo-ministro-del-mop-subsanar-externalidades-negativas-de-la-autopista-y-retomar-mantenciones-de-la-vialidad-provincial\/"},"wordCount":593,"commentCount":0,"publisher":{"@id":"https:\/\/diarioellabrador.cl\/#organization"},"image":{"@id":"https:\/\/diarioellabrador.cl\/index.php\/2026\/03\/12\/alcalde-sebastian-rosas-planteo-al-nuevo-ministro-del-mop-subsanar-externalidades-negativas-de-la-autopista-y-retomar-mantenciones-de-la-vialidad-provincial\/#primaryimage"},"thumbnailUrl":"https:\/\/diarioellabrador.cl\/wp-content\/uploads\/2026\/03\/Alcalde-Sebastian-Rosas-planteo-al-nuevo-ministro-del-MOP-subsanar-externalidades-negativas-de-la-autopista-y-retomar-mantenciones-de-la-vialidad-provincial.jpg","articleSection":["Cr\u00f3nica"],"inLanguage":"es","potentialAction":[{"@type":"CommentAction","name":"Comment","target":["https:\/\/diarioellabrador.cl\/index.php\/2026\/03\/12\/alcalde-sebastian-rosas-planteo-al-nuevo-ministro-del-mop-subsanar-externalidades-negativas-de-la-autopista-y-retomar-mantenciones-de-la-vialidad-provincial\/#respond"]}]},{"@type":"WebPage","@id":"https:\/\/diarioellabrador.cl\/index.php\/2026\/03\/12\/alcalde-sebastian-rosas-planteo-al-nuevo-ministro-del-mop-subsanar-externalidades-negativas-de-la-autopista-y-retomar-mantenciones-de-la-vialidad-provincial\/","url":"https:\/\/diarioellabrador.cl\/index.php\/2026\/03\/12\/alcalde-sebastian-rosas-planteo-al-nuevo-ministro-del-mop-subsanar-externalidades-negativas-de-la-autopista-y-retomar-mantenciones-de-la-vialidad-provincial\/","name":"Alcalde Sebasti\u00e1n Rosas plante\u00f3 al nuevo ministro del MOP subsanar externalidades negativas de la autopista y retomar mantenciones de la vialidad provincial - Diario El Labrador","isPartOf":{"@id":"https:\/\/diarioellabrador.cl\/#website"},"primaryImageOfPage":{"@id":"https:\/\/diarioellabrador.cl\/index.php\/2026\/03\/12\/alcalde-sebastian-rosas-planteo-al-nuevo-ministro-del-mop-subsanar-externalidades-negativas-de-la-autopista-y-retomar-mantenciones-de-la-vialidad-provincial\/#primaryimage"},"image":{"@id":"https:\/\/diarioellabrador.cl\/index.php\/2026\/03\/12\/alcalde-sebastian-rosas-planteo-al-nuevo-ministro-del-mop-subsanar-externalidades-negativas-de-la-autopista-y-retomar-mantenciones-de-la-vialidad-provincial\/#primaryimage"},"thumbnailUrl":"https:\/\/diarioellabrador.cl\/wp-content\/uploads\/2026\/03\/Alcalde-Sebastian-Rosas-planteo-al-nuevo-ministro-del-MOP-subsanar-externalidades-negativas-de-la-autopista-y-retomar-mantenciones-de-la-vialidad-provincial.jpg","datePublished":"2026-03-12T22:32:38+00:00","dateModified":"2026-03-12T22:32:39+00:00","breadcrumb":{"@id":"https:\/\/diarioellabrador.cl\/index.php\/2026\/03\/12\/alcalde-sebastian-rosas-planteo-al-nuevo-ministro-del-mop-subsanar-externalidades-negativas-de-la-autopista-y-retomar-mantenciones-de-la-vialidad-provincial\/#breadcrumb"},"inLanguage":"es","potentialAction":[{"@type":"ReadAction","target":["https:\/\/diarioellabrador.cl\/index.php\/2026\/03\/12\/alcalde-sebastian-rosas-planteo-al-nuevo-ministro-del-mop-subsanar-externalidades-negativas-de-la-autopista-y-retomar-mantenciones-de-la-vialidad-provincial\/"]}]},{"@type":"ImageObject","inLanguage":"es","@id":"https:\/\/diarioellabrador.cl\/index.php\/2026\/03\/12\/alcalde-sebastian-rosas-planteo-al-nuevo-ministro-del-mop-subsanar-externalidades-negativas-de-la-autopista-y-retomar-mantenciones-de-la-vialidad-provincial\/#primaryimage","url":"https:\/\/diarioellabrador.cl\/wp-content\/uploads\/2026\/03\/Alcalde-Sebastian-Rosas-planteo-al-nuevo-ministro-del-MOP-subsanar-externalidades-negativas-de-la-autopista-y-retomar-mantenciones-de-la-vialidad-provincial.jpg","contentUrl":"https:\/\/diarioellabrador.cl\/wp-content\/uploads\/2026\/03\/Alcalde-Sebastian-Rosas-planteo-al-nuevo-ministro-del-MOP-subsanar-externalidades-negativas-de-la-autopista-y-retomar-mantenciones-de-la-vialidad-provincial.jpg","width":1200,"height":900},{"@type":"BreadcrumbList","@id":"https:\/\/diarioellabrador.cl\/index.php\/2026\/03\/12\/alcalde-sebastian-rosas-planteo-al-nuevo-ministro-del-mop-subsanar-externalidades-negativas-de-la-autopista-y-retomar-mantenciones-de-la-vialidad-provincial\/#breadcrumb","itemListElement":[{"@type":"ListItem","position":1,"name":"Portada","item":"https:\/\/diarioellabrador.cl\/"},{"@type":"ListItem","position":2,"name":"Alcalde Sebasti\u00e1n Rosas plante\u00f3 al nuevo ministro del MOP subsanar externalidades negativas de la autopista y retomar mantenciones de la vialidad provincial"}]},{"@type":"WebSite","@id":"https:\/\/diarioellabrador.cl\/#website","url":"https:\/\/diarioellabrador.cl\/","name":"Diario El Labrador","description":"Haciendo noticia desde 1921","publisher":{"@id":"https:\/\/diarioellabrador.cl\/#organization"},"potentialAction":[{"@type":"SearchAction","target":{"@type":"EntryPoint","urlTemplate":"https:\/\/diarioellabrador.cl\/?s={search_term_string}"},"query-input":{"@type":"PropertyValueSpecification","valueRequired":true,"valueName":"search_term_string"}}],"inLanguage":"es"},{"@type":"Organization","@id":"https:\/\/diarioellabrador.cl\/#organization","name":"Diario El Labrador","url":"https:\/\/diarioellabrador.cl\/","logo":{"@type":"ImageObject","inLanguage":"es","@id":"https:\/\/diarioellabrador.cl\/#\/schema\/logo\/image\/","url":"https:\/\/diarioellabrador.cl\/wp-content\/uploads\/2025\/02\/cropped-Logo-Icono.png","contentUrl":"https:\/\/diarioellabrador.cl\/wp-content\/uploads\/2025\/02\/cropped-Logo-Icono.png","width":512,"height":512,"caption":"Diario El Labrador"},"image":{"@id":"https:\/\/diarioellabrador.cl\/#\/schema\/logo\/image\/"},"sameAs":["https:\/\/web.facebook.com\/profile.php?id=61576120840621","https:\/\/x.com\/ElLabradorOf","https:\/\/www.instagram.com\/diarioellabradoroficial\/"]},{"@type":"Person","@id":"https:\/\/diarioellabrador.cl\/#\/schema\/person\/bc25ff80b4563f9c7f4bd7855df01685","name":"Editor","image":{"@type":"ImageObject","inLanguage":"es","@id":"https:\/\/secure.gravatar.com\/avatar\/109c326cf2be5c04f048c2c2a2b8b6ef44bf3d8d1d3d4c55d0ac40c4bc994684?s=96&d=mm&r=g","url":"https:\/\/secure.gravatar.com\/avatar\/109c326cf2be5c04f048c2c2a2b8b6ef44bf3d8d1d3d4c55d0ac40c4bc994684?s=96&d=mm&r=g","contentUrl":"https:\/\/secure.gravatar.com\/avatar\/109c326cf2be5c04f048c2c2a2b8b6ef44bf3d8d1d3d4c55d0ac40c4bc994684?s=96&d=mm&r=g","caption":"Editor"},"url":"https:\/\/diarioellabrador.cl\/index.php\/author\/editor\/"}]}},"_links":{"self":[{"href":"https:\/\/diarioellabrador.cl\/index.php\/wp-json\/wp\/v2\/posts\/16489","targetHints":{"allow":["GET"]}}],"collection":[{"href":"https:\/\/diarioellabrador.cl\/index.php\/wp-json\/wp\/v2\/posts"}],"about":[{"href":"https:\/\/diarioellabrador.cl\/index.php\/wp-json\/wp\/v2\/types\/post"}],"author":[{"embeddable":true,"href":"https:\/\/diarioellabrador.cl\/index.php\/wp-json\/wp\/v2\/users\/2"}],"replies":[{"embeddable":true,"href":"https:\/\/diarioellabrador.cl\/index.php\/wp-json\/wp\/v2\/comments?post=16489"}],"version-history":[{"count":1,"href":"https:\/\/diarioellabrador.cl\/index.php\/wp-json\/wp\/v2\/posts\/16489\/revisions"}],"predecessor-version":[{"id":16490,"href":"https:\/\/diarioellabrador.cl\/index.php\/wp-json\/wp\/v2\/posts\/16489\/revisions\/16490"}],"wp:featuredmedia":[{"embeddable":true,"href":"https:\/\/diarioellabrador.cl\/index.php\/wp-json\/wp\/v2\/media\/16439"}],"wp:attachment":[{"href":"https:\/\/diarioellabrador.cl\/index.php\/wp-json\/wp\/v2\/media?parent=16489"}],"wp:term":[{"taxonomy":"category","embeddable":true,"href":"https:\/\/diarioellabrador.cl\/index.php\/wp-json\/wp\/v2\/categories?post=16489"},{"taxonomy":"post_tag","embeddable":true,"href":"https:\/\/diarioellabrador.cl\/index.php\/wp-json\/wp\/v2\/tags?post=16489"}],"curies":[{"name":"wp","href":"https:\/\/api.w.org\/{rel}","templated":true}]}}