{"id":16485,"date":"2026-03-12T18:31:12","date_gmt":"2026-03-12T22:31:12","guid":{"rendered":"https:\/\/diarioellabrador.cl\/?p=16485"},"modified":"2026-03-12T18:31:14","modified_gmt":"2026-03-12T22:31:14","slug":"viva-kast-y-no-zurdos-las-consignas-politicas-encontradas-en-el-cuerpo-de-rojas-vade","status":"publish","type":"post","link":"https:\/\/diarioellabrador.cl\/index.php\/2026\/03\/12\/viva-kast-y-no-zurdos-las-consignas-politicas-encontradas-en-el-cuerpo-de-rojas-vade\/","title":{"rendered":"\u201cViva Kast\u201d y \u201cNo + zurdos\u201d: las consignas pol\u00edticas encontradas en el cuerpo de Rojas Vade"},"content":{"rendered":"\n<p>Por Carlos Silva S<\/p>\n\n\n\n<p>El presunto secuestro y la agresi\u00f3n recibida por el exconvencional, Rodrigo Rojas Vade durante la madrugada de ayer en Melipilla, ha generado expectaci\u00f3n a nivel nacional.<\/p>\n\n\n\n<p>Uno de los detalles que m\u00e1s ha llamado a atenci\u00f3n fueron los rayados plasmados espec\u00edficamente en ambos brazos durante el ataque perpetrado por desconocidos, los cuales seg\u00fan el diario La Cuarta, fueron consignas pol\u00edticas, a prop\u00f3sito del cambio de mando desarrollado el mi\u00e9rcoles reci\u00e9n pasado. \u201cViva Kast\u201d y \u201cNo m\u00e1s zurdos\u201d, fueron los escritos en contra de Rojas Vade, quien, seg\u00fan los primeros antecedentes, sali\u00f3 de su casa para realizar unas compras, instancia donde se le perdi\u00f3 el rastro, siendo encontrado horas m\u00e1s tarde en la caletera de la Ruta 78, golpeado, amarrado y rociado con acelerante<\/p>\n","protected":false},"excerpt":{"rendered":"<p>Por Carlos Silva S El presunto secuestro y la agresi\u00f3n recibida por el exconvencional, Rodrigo Rojas Vade durante la madrugada de ayer en Melipilla, ha generado expectaci\u00f3n a nivel nacional. Uno de los detalles que m\u00e1s ha llamado a atenci\u00f3n fueron los rayados plasmados espec\u00edficamente en ambos brazos durante el ataque perpetrado por desconocidos, los<\/p>\n<div class=\"read-more-wrapper\"><a class=\"read-more\" href=\"https:\/\/diarioellabrador.cl\/index.php\/2026\/03\/12\/viva-kast-y-no-zurdos-las-consignas-politicas-encontradas-en-el-cuerpo-de-rojas-vade\/\" title=\"Leer m\u00e1s\"> <span class=\"button \">Leer m\u00e1s<\/span><\/a><\/div>\n","protected":false},"author":2,"featured_media":16435,"comment_status":"open","ping_status":"open","sticky":false,"template":"","format":"standard","meta":{"footnotes":""},"categories":[1],"tags":[],"class_list":["post-16485","post","type-post","status-publish","format-standard","has-post-thumbnail","hentry","category-cronica"],"yoast_head":"<!-- This site is optimized with the Yoast SEO plugin v27.5 - https:\/\/yoast.com\/product\/yoast-seo-wordpress\/ -->\n<title>\u201cViva Kast\u201d y \u201cNo + zurdos\u201d: las consignas pol\u00edticas encontradas en el cuerpo de Rojas Vade - Diario El Labrador<\/title>\n<meta name=\"robots\" content=\"index, follow, max-snippet:-1, max-image-preview:large, max-video-preview:-1\" \/>\n<link rel=\"canonical\" href=\"https:\/\/diarioellabrador.cl\/index.php\/2026\/03\/12\/viva-kast-y-no-zurdos-las-consignas-politicas-encontradas-en-el-cuerpo-de-rojas-vade\/\" \/>\n<meta property=\"og:locale\" content=\"es_ES\" \/>\n<meta property=\"og:type\" content=\"article\" \/>\n<meta property=\"og:title\" content=\"\u201cViva Kast\u201d y \u201cNo + zurdos\u201d: las consignas pol\u00edticas encontradas en el cuerpo de Rojas Vade - Diario El Labrador\" \/>\n<meta property=\"og:description\" content=\"Por Carlos Silva S El presunto secuestro y la agresi\u00f3n recibida por el exconvencional, Rodrigo Rojas Vade durante la madrugada de ayer en Melipilla, ha generado expectaci\u00f3n a nivel nacional. Uno de los detalles que m\u00e1s ha llamado a atenci\u00f3n fueron los rayados plasmados espec\u00edficamente en ambos brazos durante el ataque perpetrado por desconocidos, los Leer m\u00e1s\" \/>\n<meta property=\"og:url\" content=\"https:\/\/diarioellabrador.cl\/index.php\/2026\/03\/12\/viva-kast-y-no-zurdos-las-consignas-politicas-encontradas-en-el-cuerpo-de-rojas-vade\/\" \/>\n<meta property=\"og:site_name\" content=\"Diario El Labrador\" \/>\n<meta property=\"article:publisher\" content=\"https:\/\/web.facebook.com\/profile.php?id=61576120840621\" \/>\n<meta property=\"article:published_time\" content=\"2026-03-12T22:31:12+00:00\" \/>\n<meta property=\"article:modified_time\" content=\"2026-03-12T22:31:14+00:00\" \/>\n<meta property=\"og:image\" content=\"https:\/\/diarioellabrador.cl\/wp-content\/uploads\/2026\/03\/Viva-Kast-y-No-zurdos-las-consignas-politicas-encontradas-en-el-cuerpo-de-Rojas-Vade-scaled.jpg\" \/>\n\t<meta property=\"og:image:width\" content=\"2560\" \/>\n\t<meta property=\"og:image:height\" content=\"1745\" \/>\n\t<meta property=\"og:image:type\" content=\"image\/jpeg\" \/>\n<meta name=\"author\" content=\"Editor\" \/>\n<meta name=\"twitter:card\" content=\"summary_large_image\" \/>\n<meta name=\"twitter:creator\" content=\"@ElLabradorOf\" \/>\n<meta name=\"twitter:site\" content=\"@ElLabradorOf\" \/>\n<meta name=\"twitter:label1\" content=\"Escrito por\" \/>\n\t<meta name=\"twitter:data1\" content=\"Editor\" \/>\n\t<meta name=\"twitter:label2\" content=\"Tiempo de lectura\" \/>\n\t<meta name=\"twitter:data2\" content=\"1 minuto\" \/>\n<script type=\"application\/ld+json\" class=\"yoast-schema-graph\">{\"@context\":\"https:\\\/\\\/schema.org\",\"@graph\":[{\"@type\":\"Article\",\"@id\":\"https:\\\/\\\/diarioellabrador.cl\\\/index.php\\\/2026\\\/03\\\/12\\\/viva-kast-y-no-zurdos-las-consignas-politicas-encontradas-en-el-cuerpo-de-rojas-vade\\\/#article\",\"isPartOf\":{\"@id\":\"https:\\\/\\\/diarioellabrador.cl\\\/index.php\\\/2026\\\/03\\\/12\\\/viva-kast-y-no-zurdos-las-consignas-politicas-encontradas-en-el-cuerpo-de-rojas-vade\\\/\"},\"author\":{\"name\":\"Editor\",\"@id\":\"https:\\\/\\\/diarioellabrador.cl\\\/#\\\/schema\\\/person\\\/bc25ff80b4563f9c7f4bd7855df01685\"},\"headline\":\"\u201cViva Kast\u201d y \u201cNo + zurdos\u201d: las consignas pol\u00edticas encontradas en el cuerpo de Rojas Vade\",\"datePublished\":\"2026-03-12T22:31:12+00:00\",\"dateModified\":\"2026-03-12T22:31:14+00:00\",\"mainEntityOfPage\":{\"@id\":\"https:\\\/\\\/diarioellabrador.cl\\\/index.php\\\/2026\\\/03\\\/12\\\/viva-kast-y-no-zurdos-las-consignas-politicas-encontradas-en-el-cuerpo-de-rojas-vade\\\/\"},\"wordCount\":155,\"commentCount\":0,\"publisher\":{\"@id\":\"https:\\\/\\\/diarioellabrador.cl\\\/#organization\"},\"image\":{\"@id\":\"https:\\\/\\\/diarioellabrador.cl\\\/index.php\\\/2026\\\/03\\\/12\\\/viva-kast-y-no-zurdos-las-consignas-politicas-encontradas-en-el-cuerpo-de-rojas-vade\\\/#primaryimage\"},\"thumbnailUrl\":\"https:\\\/\\\/diarioellabrador.cl\\\/wp-content\\\/uploads\\\/2026\\\/03\\\/Viva-Kast-y-No-zurdos-las-consignas-politicas-encontradas-en-el-cuerpo-de-Rojas-Vade-scaled.jpg\",\"articleSection\":[\"Cr\u00f3nica\"],\"inLanguage\":\"es\",\"potentialAction\":[{\"@type\":\"CommentAction\",\"name\":\"Comment\",\"target\":[\"https:\\\/\\\/diarioellabrador.cl\\\/index.php\\\/2026\\\/03\\\/12\\\/viva-kast-y-no-zurdos-las-consignas-politicas-encontradas-en-el-cuerpo-de-rojas-vade\\\/#respond\"]}]},{\"@type\":\"WebPage\",\"@id\":\"https:\\\/\\\/diarioellabrador.cl\\\/index.php\\\/2026\\\/03\\\/12\\\/viva-kast-y-no-zurdos-las-consignas-politicas-encontradas-en-el-cuerpo-de-rojas-vade\\\/\",\"url\":\"https:\\\/\\\/diarioellabrador.cl\\\/index.php\\\/2026\\\/03\\\/12\\\/viva-kast-y-no-zurdos-las-consignas-politicas-encontradas-en-el-cuerpo-de-rojas-vade\\\/\",\"name\":\"\u201cViva Kast\u201d y \u201cNo + zurdos\u201d: las consignas pol\u00edticas encontradas en el cuerpo de Rojas Vade - Diario El Labrador\",\"isPartOf\":{\"@id\":\"https:\\\/\\\/diarioellabrador.cl\\\/#website\"},\"primaryImageOfPage\":{\"@id\":\"https:\\\/\\\/diarioellabrador.cl\\\/index.php\\\/2026\\\/03\\\/12\\\/viva-kast-y-no-zurdos-las-consignas-politicas-encontradas-en-el-cuerpo-de-rojas-vade\\\/#primaryimage\"},\"image\":{\"@id\":\"https:\\\/\\\/diarioellabrador.cl\\\/index.php\\\/2026\\\/03\\\/12\\\/viva-kast-y-no-zurdos-las-consignas-politicas-encontradas-en-el-cuerpo-de-rojas-vade\\\/#primaryimage\"},\"thumbnailUrl\":\"https:\\\/\\\/diarioellabrador.cl\\\/wp-content\\\/uploads\\\/2026\\\/03\\\/Viva-Kast-y-No-zurdos-las-consignas-politicas-encontradas-en-el-cuerpo-de-Rojas-Vade-scaled.jpg\",\"datePublished\":\"2026-03-12T22:31:12+00:00\",\"dateModified\":\"2026-03-12T22:31:14+00:00\",\"breadcrumb\":{\"@id\":\"https:\\\/\\\/diarioellabrador.cl\\\/index.php\\\/2026\\\/03\\\/12\\\/viva-kast-y-no-zurdos-las-consignas-politicas-encontradas-en-el-cuerpo-de-rojas-vade\\\/#breadcrumb\"},\"inLanguage\":\"es\",\"potentialAction\":[{\"@type\":\"ReadAction\",\"target\":[\"https:\\\/\\\/diarioellabrador.cl\\\/index.php\\\/2026\\\/03\\\/12\\\/viva-kast-y-no-zurdos-las-consignas-politicas-encontradas-en-el-cuerpo-de-rojas-vade\\\/\"]}]},{\"@type\":\"ImageObject\",\"inLanguage\":\"es\",\"@id\":\"https:\\\/\\\/diarioellabrador.cl\\\/index.php\\\/2026\\\/03\\\/12\\\/viva-kast-y-no-zurdos-las-consignas-politicas-encontradas-en-el-cuerpo-de-rojas-vade\\\/#primaryimage\",\"url\":\"https:\\\/\\\/diarioellabrador.cl\\\/wp-content\\\/uploads\\\/2026\\\/03\\\/Viva-Kast-y-No-zurdos-las-consignas-politicas-encontradas-en-el-cuerpo-de-Rojas-Vade-scaled.jpg\",\"contentUrl\":\"https:\\\/\\\/diarioellabrador.cl\\\/wp-content\\\/uploads\\\/2026\\\/03\\\/Viva-Kast-y-No-zurdos-las-consignas-politicas-encontradas-en-el-cuerpo-de-Rojas-Vade-scaled.jpg\",\"width\":2560,\"height\":1745,\"caption\":\"(FILES) In this file photo taken on June 25, 2021 Chilean Constituent Convention member Rodrigo Rojas, 37, elected for the Lista del Pueblo (People's List), poses for a picture in Santiago. - Rodrigo Rojas Vade, one of the most recognised faces of the 2019 protests, confessed on September 4, 2021 he lied about his cancer condition. (Photo by Martin BERNETTI \\\/ AFP)\"},{\"@type\":\"BreadcrumbList\",\"@id\":\"https:\\\/\\\/diarioellabrador.cl\\\/index.php\\\/2026\\\/03\\\/12\\\/viva-kast-y-no-zurdos-las-consignas-politicas-encontradas-en-el-cuerpo-de-rojas-vade\\\/#breadcrumb\",\"itemListElement\":[{\"@type\":\"ListItem\",\"position\":1,\"name\":\"Portada\",\"item\":\"https:\\\/\\\/diarioellabrador.cl\\\/\"},{\"@type\":\"ListItem\",\"position\":2,\"name\":\"\u201cViva Kast\u201d y \u201cNo + zurdos\u201d: las consignas pol\u00edticas encontradas en el cuerpo de Rojas Vade\"}]},{\"@type\":\"WebSite\",\"@id\":\"https:\\\/\\\/diarioellabrador.cl\\\/#website\",\"url\":\"https:\\\/\\\/diarioellabrador.cl\\\/\",\"name\":\"Diario El Labrador\",\"description\":\"Haciendo noticia desde 1921\",\"publisher\":{\"@id\":\"https:\\\/\\\/diarioellabrador.cl\\\/#organization\"},\"potentialAction\":[{\"@type\":\"SearchAction\",\"target\":{\"@type\":\"EntryPoint\",\"urlTemplate\":\"https:\\\/\\\/diarioellabrador.cl\\\/?s={search_term_string}\"},\"query-input\":{\"@type\":\"PropertyValueSpecification\",\"valueRequired\":true,\"valueName\":\"search_term_string\"}}],\"inLanguage\":\"es\"},{\"@type\":\"Organization\",\"@id\":\"https:\\\/\\\/diarioellabrador.cl\\\/#organization\",\"name\":\"Diario El Labrador\",\"url\":\"https:\\\/\\\/diarioellabrador.cl\\\/\",\"logo\":{\"@type\":\"ImageObject\",\"inLanguage\":\"es\",\"@id\":\"https:\\\/\\\/diarioellabrador.cl\\\/#\\\/schema\\\/logo\\\/image\\\/\",\"url\":\"https:\\\/\\\/diarioellabrador.cl\\\/wp-content\\\/uploads\\\/2025\\\/02\\\/cropped-Logo-Icono.png\",\"contentUrl\":\"https:\\\/\\\/diarioellabrador.cl\\\/wp-content\\\/uploads\\\/2025\\\/02\\\/cropped-Logo-Icono.png\",\"width\":512,\"height\":512,\"caption\":\"Diario El Labrador\"},\"image\":{\"@id\":\"https:\\\/\\\/diarioellabrador.cl\\\/#\\\/schema\\\/logo\\\/image\\\/\"},\"sameAs\":[\"https:\\\/\\\/web.facebook.com\\\/profile.php?id=61576120840621\",\"https:\\\/\\\/x.com\\\/ElLabradorOf\",\"https:\\\/\\\/www.instagram.com\\\/diarioellabradoroficial\\\/\"]},{\"@type\":\"Person\",\"@id\":\"https:\\\/\\\/diarioellabrador.cl\\\/#\\\/schema\\\/person\\\/bc25ff80b4563f9c7f4bd7855df01685\",\"name\":\"Editor\",\"image\":{\"@type\":\"ImageObject\",\"inLanguage\":\"es\",\"@id\":\"https:\\\/\\\/secure.gravatar.com\\\/avatar\\\/109c326cf2be5c04f048c2c2a2b8b6ef44bf3d8d1d3d4c55d0ac40c4bc994684?s=96&d=mm&r=g\",\"url\":\"https:\\\/\\\/secure.gravatar.com\\\/avatar\\\/109c326cf2be5c04f048c2c2a2b8b6ef44bf3d8d1d3d4c55d0ac40c4bc994684?s=96&d=mm&r=g\",\"contentUrl\":\"https:\\\/\\\/secure.gravatar.com\\\/avatar\\\/109c326cf2be5c04f048c2c2a2b8b6ef44bf3d8d1d3d4c55d0ac40c4bc994684?s=96&d=mm&r=g\",\"caption\":\"Editor\"},\"url\":\"https:\\\/\\\/diarioellabrador.cl\\\/index.php\\\/author\\\/editor\\\/\"}]}<\/script>\n<!-- \/ Yoast SEO plugin. -->","yoast_head_json":{"title":"\u201cViva Kast\u201d y \u201cNo + zurdos\u201d: las consignas pol\u00edticas encontradas en el cuerpo de Rojas Vade - Diario El Labrador","robots":{"index":"index","follow":"follow","max-snippet":"max-snippet:-1","max-image-preview":"max-image-preview:large","max-video-preview":"max-video-preview:-1"},"canonical":"https:\/\/diarioellabrador.cl\/index.php\/2026\/03\/12\/viva-kast-y-no-zurdos-las-consignas-politicas-encontradas-en-el-cuerpo-de-rojas-vade\/","og_locale":"es_ES","og_type":"article","og_title":"\u201cViva Kast\u201d y \u201cNo + zurdos\u201d: las consignas pol\u00edticas encontradas en el cuerpo de Rojas Vade - Diario El Labrador","og_description":"Por Carlos Silva S El presunto secuestro y la agresi\u00f3n recibida por el exconvencional, Rodrigo Rojas Vade durante la madrugada de ayer en Melipilla, ha generado expectaci\u00f3n a nivel nacional. Uno de los detalles que m\u00e1s ha llamado a atenci\u00f3n fueron los rayados plasmados espec\u00edficamente en ambos brazos durante el ataque perpetrado por desconocidos, los Leer m\u00e1s","og_url":"https:\/\/diarioellabrador.cl\/index.php\/2026\/03\/12\/viva-kast-y-no-zurdos-las-consignas-politicas-encontradas-en-el-cuerpo-de-rojas-vade\/","og_site_name":"Diario El Labrador","article_publisher":"https:\/\/web.facebook.com\/profile.php?id=61576120840621","article_published_time":"2026-03-12T22:31:12+00:00","article_modified_time":"2026-03-12T22:31:14+00:00","og_image":[{"width":2560,"height":1745,"url":"https:\/\/diarioellabrador.cl\/wp-content\/uploads\/2026\/03\/Viva-Kast-y-No-zurdos-las-consignas-politicas-encontradas-en-el-cuerpo-de-Rojas-Vade-scaled.jpg","type":"image\/jpeg"}],"author":"Editor","twitter_card":"summary_large_image","twitter_creator":"@ElLabradorOf","twitter_site":"@ElLabradorOf","twitter_misc":{"Escrito por":"Editor","Tiempo de lectura":"1 minuto"},"schema":{"@context":"https:\/\/schema.org","@graph":[{"@type":"Article","@id":"https:\/\/diarioellabrador.cl\/index.php\/2026\/03\/12\/viva-kast-y-no-zurdos-las-consignas-politicas-encontradas-en-el-cuerpo-de-rojas-vade\/#article","isPartOf":{"@id":"https:\/\/diarioellabrador.cl\/index.php\/2026\/03\/12\/viva-kast-y-no-zurdos-las-consignas-politicas-encontradas-en-el-cuerpo-de-rojas-vade\/"},"author":{"name":"Editor","@id":"https:\/\/diarioellabrador.cl\/#\/schema\/person\/bc25ff80b4563f9c7f4bd7855df01685"},"headline":"\u201cViva Kast\u201d y \u201cNo + zurdos\u201d: las consignas pol\u00edticas encontradas en el cuerpo de Rojas Vade","datePublished":"2026-03-12T22:31:12+00:00","dateModified":"2026-03-12T22:31:14+00:00","mainEntityOfPage":{"@id":"https:\/\/diarioellabrador.cl\/index.php\/2026\/03\/12\/viva-kast-y-no-zurdos-las-consignas-politicas-encontradas-en-el-cuerpo-de-rojas-vade\/"},"wordCount":155,"commentCount":0,"publisher":{"@id":"https:\/\/diarioellabrador.cl\/#organization"},"image":{"@id":"https:\/\/diarioellabrador.cl\/index.php\/2026\/03\/12\/viva-kast-y-no-zurdos-las-consignas-politicas-encontradas-en-el-cuerpo-de-rojas-vade\/#primaryimage"},"thumbnailUrl":"https:\/\/diarioellabrador.cl\/wp-content\/uploads\/2026\/03\/Viva-Kast-y-No-zurdos-las-consignas-politicas-encontradas-en-el-cuerpo-de-Rojas-Vade-scaled.jpg","articleSection":["Cr\u00f3nica"],"inLanguage":"es","potentialAction":[{"@type":"CommentAction","name":"Comment","target":["https:\/\/diarioellabrador.cl\/index.php\/2026\/03\/12\/viva-kast-y-no-zurdos-las-consignas-politicas-encontradas-en-el-cuerpo-de-rojas-vade\/#respond"]}]},{"@type":"WebPage","@id":"https:\/\/diarioellabrador.cl\/index.php\/2026\/03\/12\/viva-kast-y-no-zurdos-las-consignas-politicas-encontradas-en-el-cuerpo-de-rojas-vade\/","url":"https:\/\/diarioellabrador.cl\/index.php\/2026\/03\/12\/viva-kast-y-no-zurdos-las-consignas-politicas-encontradas-en-el-cuerpo-de-rojas-vade\/","name":"\u201cViva Kast\u201d y \u201cNo + zurdos\u201d: las consignas pol\u00edticas encontradas en el cuerpo de Rojas Vade - Diario El Labrador","isPartOf":{"@id":"https:\/\/diarioellabrador.cl\/#website"},"primaryImageOfPage":{"@id":"https:\/\/diarioellabrador.cl\/index.php\/2026\/03\/12\/viva-kast-y-no-zurdos-las-consignas-politicas-encontradas-en-el-cuerpo-de-rojas-vade\/#primaryimage"},"image":{"@id":"https:\/\/diarioellabrador.cl\/index.php\/2026\/03\/12\/viva-kast-y-no-zurdos-las-consignas-politicas-encontradas-en-el-cuerpo-de-rojas-vade\/#primaryimage"},"thumbnailUrl":"https:\/\/diarioellabrador.cl\/wp-content\/uploads\/2026\/03\/Viva-Kast-y-No-zurdos-las-consignas-politicas-encontradas-en-el-cuerpo-de-Rojas-Vade-scaled.jpg","datePublished":"2026-03-12T22:31:12+00:00","dateModified":"2026-03-12T22:31:14+00:00","breadcrumb":{"@id":"https:\/\/diarioellabrador.cl\/index.php\/2026\/03\/12\/viva-kast-y-no-zurdos-las-consignas-politicas-encontradas-en-el-cuerpo-de-rojas-vade\/#breadcrumb"},"inLanguage":"es","potentialAction":[{"@type":"ReadAction","target":["https:\/\/diarioellabrador.cl\/index.php\/2026\/03\/12\/viva-kast-y-no-zurdos-las-consignas-politicas-encontradas-en-el-cuerpo-de-rojas-vade\/"]}]},{"@type":"ImageObject","inLanguage":"es","@id":"https:\/\/diarioellabrador.cl\/index.php\/2026\/03\/12\/viva-kast-y-no-zurdos-las-consignas-politicas-encontradas-en-el-cuerpo-de-rojas-vade\/#primaryimage","url":"https:\/\/diarioellabrador.cl\/wp-content\/uploads\/2026\/03\/Viva-Kast-y-No-zurdos-las-consignas-politicas-encontradas-en-el-cuerpo-de-Rojas-Vade-scaled.jpg","contentUrl":"https:\/\/diarioellabrador.cl\/wp-content\/uploads\/2026\/03\/Viva-Kast-y-No-zurdos-las-consignas-politicas-encontradas-en-el-cuerpo-de-Rojas-Vade-scaled.jpg","width":2560,"height":1745,"caption":"(FILES) In this file photo taken on June 25, 2021 Chilean Constituent Convention member Rodrigo Rojas, 37, elected for the Lista del Pueblo (People's List), poses for a picture in Santiago. - Rodrigo Rojas Vade, one of the most recognised faces of the 2019 protests, confessed on September 4, 2021 he lied about his cancer condition. (Photo by Martin BERNETTI \/ AFP)"},{"@type":"BreadcrumbList","@id":"https:\/\/diarioellabrador.cl\/index.php\/2026\/03\/12\/viva-kast-y-no-zurdos-las-consignas-politicas-encontradas-en-el-cuerpo-de-rojas-vade\/#breadcrumb","itemListElement":[{"@type":"ListItem","position":1,"name":"Portada","item":"https:\/\/diarioellabrador.cl\/"},{"@type":"ListItem","position":2,"name":"\u201cViva Kast\u201d y \u201cNo + zurdos\u201d: las consignas pol\u00edticas encontradas en el cuerpo de Rojas Vade"}]},{"@type":"WebSite","@id":"https:\/\/diarioellabrador.cl\/#website","url":"https:\/\/diarioellabrador.cl\/","name":"Diario El Labrador","description":"Haciendo noticia desde 1921","publisher":{"@id":"https:\/\/diarioellabrador.cl\/#organization"},"potentialAction":[{"@type":"SearchAction","target":{"@type":"EntryPoint","urlTemplate":"https:\/\/diarioellabrador.cl\/?s={search_term_string}"},"query-input":{"@type":"PropertyValueSpecification","valueRequired":true,"valueName":"search_term_string"}}],"inLanguage":"es"},{"@type":"Organization","@id":"https:\/\/diarioellabrador.cl\/#organization","name":"Diario El Labrador","url":"https:\/\/diarioellabrador.cl\/","logo":{"@type":"ImageObject","inLanguage":"es","@id":"https:\/\/diarioellabrador.cl\/#\/schema\/logo\/image\/","url":"https:\/\/diarioellabrador.cl\/wp-content\/uploads\/2025\/02\/cropped-Logo-Icono.png","contentUrl":"https:\/\/diarioellabrador.cl\/wp-content\/uploads\/2025\/02\/cropped-Logo-Icono.png","width":512,"height":512,"caption":"Diario El Labrador"},"image":{"@id":"https:\/\/diarioellabrador.cl\/#\/schema\/logo\/image\/"},"sameAs":["https:\/\/web.facebook.com\/profile.php?id=61576120840621","https:\/\/x.com\/ElLabradorOf","https:\/\/www.instagram.com\/diarioellabradoroficial\/"]},{"@type":"Person","@id":"https:\/\/diarioellabrador.cl\/#\/schema\/person\/bc25ff80b4563f9c7f4bd7855df01685","name":"Editor","image":{"@type":"ImageObject","inLanguage":"es","@id":"https:\/\/secure.gravatar.com\/avatar\/109c326cf2be5c04f048c2c2a2b8b6ef44bf3d8d1d3d4c55d0ac40c4bc994684?s=96&d=mm&r=g","url":"https:\/\/secure.gravatar.com\/avatar\/109c326cf2be5c04f048c2c2a2b8b6ef44bf3d8d1d3d4c55d0ac40c4bc994684?s=96&d=mm&r=g","contentUrl":"https:\/\/secure.gravatar.com\/avatar\/109c326cf2be5c04f048c2c2a2b8b6ef44bf3d8d1d3d4c55d0ac40c4bc994684?s=96&d=mm&r=g","caption":"Editor"},"url":"https:\/\/diarioellabrador.cl\/index.php\/author\/editor\/"}]}},"_links":{"self":[{"href":"https:\/\/diarioellabrador.cl\/index.php\/wp-json\/wp\/v2\/posts\/16485","targetHints":{"allow":["GET"]}}],"collection":[{"href":"https:\/\/diarioellabrador.cl\/index.php\/wp-json\/wp\/v2\/posts"}],"about":[{"href":"https:\/\/diarioellabrador.cl\/index.php\/wp-json\/wp\/v2\/types\/post"}],"author":[{"embeddable":true,"href":"https:\/\/diarioellabrador.cl\/index.php\/wp-json\/wp\/v2\/users\/2"}],"replies":[{"embeddable":true,"href":"https:\/\/diarioellabrador.cl\/index.php\/wp-json\/wp\/v2\/comments?post=16485"}],"version-history":[{"count":1,"href":"https:\/\/diarioellabrador.cl\/index.php\/wp-json\/wp\/v2\/posts\/16485\/revisions"}],"predecessor-version":[{"id":16486,"href":"https:\/\/diarioellabrador.cl\/index.php\/wp-json\/wp\/v2\/posts\/16485\/revisions\/16486"}],"wp:featuredmedia":[{"embeddable":true,"href":"https:\/\/diarioellabrador.cl\/index.php\/wp-json\/wp\/v2\/media\/16435"}],"wp:attachment":[{"href":"https:\/\/diarioellabrador.cl\/index.php\/wp-json\/wp\/v2\/media?parent=16485"}],"wp:term":[{"taxonomy":"category","embeddable":true,"href":"https:\/\/diarioellabrador.cl\/index.php\/wp-json\/wp\/v2\/categories?post=16485"},{"taxonomy":"post_tag","embeddable":true,"href":"https:\/\/diarioellabrador.cl\/index.php\/wp-json\/wp\/v2\/tags?post=16485"}],"curies":[{"name":"wp","href":"https:\/\/api.w.org\/{rel}","templated":true}]}}