{"id":16481,"date":"2026-03-12T18:29:46","date_gmt":"2026-03-12T22:29:46","guid":{"rendered":"https:\/\/diarioellabrador.cl\/?p=16481"},"modified":"2026-03-12T18:29:49","modified_gmt":"2026-03-12T22:29:49","slug":"encapuchados-con-overoles-blancos-protagonizan-incidentes-frente-al-instituto-nacional-lanzaron-molotov-y-fuegos-artificiales","status":"publish","type":"post","link":"https:\/\/diarioellabrador.cl\/index.php\/2026\/03\/12\/encapuchados-con-overoles-blancos-protagonizan-incidentes-frente-al-instituto-nacional-lanzaron-molotov-y-fuegos-artificiales\/","title":{"rendered":"Encapuchados con overoles blancos protagonizan incidentes frente al Instituto Nacional: lanzaron molotov y fuegos artificiales"},"content":{"rendered":"\n<p><strong><em>Los disturbios obligaron a desviar el tr\u00e1nsito en varios puntos del centro de Santiago, en medio de otros cortes viales por un evento religioso en la Catedral Metropolitana al que asistir\u00e1 el Presidente Jos\u00e9 Antonio Kast.<\/em><\/strong><\/p>\n\n\n\n<p>Durante la ma\u00f1ana de este jueves <strong>se registraron incidentes en las inmediaciones del Instituto Nacional Jos\u00e9 Miguel Carrera<\/strong>, en la comuna de Santiago, luego de que un grupo de encapuchados saliera desde el interior del establecimiento para provocar des\u00f3rdenes en la v\u00eda p\u00fablica.<\/p>\n\n\n\n<p>Seg\u00fan los primeros antecedentes,<strong> los sujetos vest\u00edan overoles blancos y lanzaron bombas molotov y fuegos artificiales<\/strong> hacia el exterior del recinto, generando un amplio operativo policial en el sector.<\/p>\n\n\n\n<p>A ra\u00edz de estos hechos, desde Transporte Informa de la Regi\u00f3n Metropolitana reportaron desv\u00edos de tr\u00e1nsito en la Alameda hacia el oriente. \u201c<strong>Debido a grupo de personas que intenta bloquear la v\u00eda al exterior del Instituto Nacional. Precauci\u00f3n<\/strong>\u201d, se\u00f1alaron desde la entidad.<\/p>\n\n\n\n<p>En concreto, las autoridades dispusieron cortes y desv\u00edos en distintos puntos del centro de Santiago, <strong>entre ellos Manuel Rodr\u00edguez al norte, Lord Cochrane al norte, Nataniel Cox al sur, Alonso de Ovalle<\/strong> desviado por Nataniel Cox al sur y Zenteno al norte.<\/p>\n","protected":false},"excerpt":{"rendered":"<p>Los disturbios obligaron a desviar el tr\u00e1nsito en varios puntos del centro de Santiago, en medio de otros cortes viales por un evento religioso en la Catedral Metropolitana al que asistir\u00e1 el Presidente Jos\u00e9 Antonio Kast. Durante la ma\u00f1ana de este jueves se registraron incidentes en las inmediaciones del Instituto Nacional Jos\u00e9 Miguel Carrera, en<\/p>\n<div class=\"read-more-wrapper\"><a class=\"read-more\" href=\"https:\/\/diarioellabrador.cl\/index.php\/2026\/03\/12\/encapuchados-con-overoles-blancos-protagonizan-incidentes-frente-al-instituto-nacional-lanzaron-molotov-y-fuegos-artificiales\/\" title=\"Leer m\u00e1s\"> <span class=\"button \">Leer m\u00e1s<\/span><\/a><\/div>\n","protected":false},"author":2,"featured_media":16440,"comment_status":"open","ping_status":"open","sticky":false,"template":"","format":"standard","meta":{"footnotes":""},"categories":[1],"tags":[],"class_list":["post-16481","post","type-post","status-publish","format-standard","has-post-thumbnail","hentry","category-cronica"],"yoast_head":"<!-- This site is optimized with the Yoast SEO plugin v27.5 - https:\/\/yoast.com\/product\/yoast-seo-wordpress\/ -->\n<title>Encapuchados con overoles blancos protagonizan incidentes frente al Instituto Nacional: lanzaron molotov y fuegos artificiales - Diario El Labrador<\/title>\n<meta name=\"robots\" content=\"index, follow, max-snippet:-1, max-image-preview:large, max-video-preview:-1\" \/>\n<link rel=\"canonical\" href=\"https:\/\/diarioellabrador.cl\/index.php\/2026\/03\/12\/encapuchados-con-overoles-blancos-protagonizan-incidentes-frente-al-instituto-nacional-lanzaron-molotov-y-fuegos-artificiales\/\" \/>\n<meta property=\"og:locale\" content=\"es_ES\" \/>\n<meta property=\"og:type\" content=\"article\" \/>\n<meta property=\"og:title\" content=\"Encapuchados con overoles blancos protagonizan incidentes frente al Instituto Nacional: lanzaron molotov y fuegos artificiales - Diario El Labrador\" \/>\n<meta property=\"og:description\" content=\"Los disturbios obligaron a desviar el tr\u00e1nsito en varios puntos del centro de Santiago, en medio de otros cortes viales por un evento religioso en la Catedral Metropolitana al que asistir\u00e1 el Presidente Jos\u00e9 Antonio Kast. Durante la ma\u00f1ana de este jueves se registraron incidentes en las inmediaciones del Instituto Nacional Jos\u00e9 Miguel Carrera, en Leer m\u00e1s\" \/>\n<meta property=\"og:url\" content=\"https:\/\/diarioellabrador.cl\/index.php\/2026\/03\/12\/encapuchados-con-overoles-blancos-protagonizan-incidentes-frente-al-instituto-nacional-lanzaron-molotov-y-fuegos-artificiales\/\" \/>\n<meta property=\"og:site_name\" content=\"Diario El Labrador\" \/>\n<meta property=\"article:publisher\" content=\"https:\/\/web.facebook.com\/profile.php?id=61576120840621\" \/>\n<meta property=\"article:published_time\" content=\"2026-03-12T22:29:46+00:00\" \/>\n<meta property=\"article:modified_time\" content=\"2026-03-12T22:29:49+00:00\" \/>\n<meta property=\"og:image\" content=\"https:\/\/diarioellabrador.cl\/wp-content\/uploads\/2026\/03\/Encapuchados-con-overoles-blancos-protagonizan-incidentes-frente-al-Instituto-Nacional-lanzaron-molotov-y-fuegos-artificiales.jpg\" \/>\n\t<meta property=\"og:image:width\" content=\"900\" \/>\n\t<meta property=\"og:image:height\" content=\"603\" \/>\n\t<meta property=\"og:image:type\" content=\"image\/jpeg\" \/>\n<meta name=\"author\" content=\"Editor\" \/>\n<meta name=\"twitter:card\" content=\"summary_large_image\" \/>\n<meta name=\"twitter:creator\" content=\"@ElLabradorOf\" \/>\n<meta name=\"twitter:site\" content=\"@ElLabradorOf\" \/>\n<meta name=\"twitter:label1\" content=\"Escrito por\" \/>\n\t<meta name=\"twitter:data1\" content=\"Editor\" \/>\n\t<meta name=\"twitter:label2\" content=\"Tiempo de lectura\" \/>\n\t<meta name=\"twitter:data2\" content=\"2 minutos\" \/>\n<script type=\"application\/ld+json\" class=\"yoast-schema-graph\">{\"@context\":\"https:\\\/\\\/schema.org\",\"@graph\":[{\"@type\":\"Article\",\"@id\":\"https:\\\/\\\/diarioellabrador.cl\\\/index.php\\\/2026\\\/03\\\/12\\\/encapuchados-con-overoles-blancos-protagonizan-incidentes-frente-al-instituto-nacional-lanzaron-molotov-y-fuegos-artificiales\\\/#article\",\"isPartOf\":{\"@id\":\"https:\\\/\\\/diarioellabrador.cl\\\/index.php\\\/2026\\\/03\\\/12\\\/encapuchados-con-overoles-blancos-protagonizan-incidentes-frente-al-instituto-nacional-lanzaron-molotov-y-fuegos-artificiales\\\/\"},\"author\":{\"name\":\"Editor\",\"@id\":\"https:\\\/\\\/diarioellabrador.cl\\\/#\\\/schema\\\/person\\\/bc25ff80b4563f9c7f4bd7855df01685\"},\"headline\":\"Encapuchados con overoles blancos protagonizan incidentes frente al Instituto Nacional: lanzaron molotov y fuegos artificiales\",\"datePublished\":\"2026-03-12T22:29:46+00:00\",\"dateModified\":\"2026-03-12T22:29:49+00:00\",\"mainEntityOfPage\":{\"@id\":\"https:\\\/\\\/diarioellabrador.cl\\\/index.php\\\/2026\\\/03\\\/12\\\/encapuchados-con-overoles-blancos-protagonizan-incidentes-frente-al-instituto-nacional-lanzaron-molotov-y-fuegos-artificiales\\\/\"},\"wordCount\":223,\"commentCount\":0,\"publisher\":{\"@id\":\"https:\\\/\\\/diarioellabrador.cl\\\/#organization\"},\"image\":{\"@id\":\"https:\\\/\\\/diarioellabrador.cl\\\/index.php\\\/2026\\\/03\\\/12\\\/encapuchados-con-overoles-blancos-protagonizan-incidentes-frente-al-instituto-nacional-lanzaron-molotov-y-fuegos-artificiales\\\/#primaryimage\"},\"thumbnailUrl\":\"https:\\\/\\\/diarioellabrador.cl\\\/wp-content\\\/uploads\\\/2026\\\/03\\\/Encapuchados-con-overoles-blancos-protagonizan-incidentes-frente-al-Instituto-Nacional-lanzaron-molotov-y-fuegos-artificiales.jpg\",\"articleSection\":[\"Cr\u00f3nica\"],\"inLanguage\":\"es\",\"potentialAction\":[{\"@type\":\"CommentAction\",\"name\":\"Comment\",\"target\":[\"https:\\\/\\\/diarioellabrador.cl\\\/index.php\\\/2026\\\/03\\\/12\\\/encapuchados-con-overoles-blancos-protagonizan-incidentes-frente-al-instituto-nacional-lanzaron-molotov-y-fuegos-artificiales\\\/#respond\"]}]},{\"@type\":\"WebPage\",\"@id\":\"https:\\\/\\\/diarioellabrador.cl\\\/index.php\\\/2026\\\/03\\\/12\\\/encapuchados-con-overoles-blancos-protagonizan-incidentes-frente-al-instituto-nacional-lanzaron-molotov-y-fuegos-artificiales\\\/\",\"url\":\"https:\\\/\\\/diarioellabrador.cl\\\/index.php\\\/2026\\\/03\\\/12\\\/encapuchados-con-overoles-blancos-protagonizan-incidentes-frente-al-instituto-nacional-lanzaron-molotov-y-fuegos-artificiales\\\/\",\"name\":\"Encapuchados con overoles blancos protagonizan incidentes frente al Instituto Nacional: lanzaron molotov y fuegos artificiales - Diario El Labrador\",\"isPartOf\":{\"@id\":\"https:\\\/\\\/diarioellabrador.cl\\\/#website\"},\"primaryImageOfPage\":{\"@id\":\"https:\\\/\\\/diarioellabrador.cl\\\/index.php\\\/2026\\\/03\\\/12\\\/encapuchados-con-overoles-blancos-protagonizan-incidentes-frente-al-instituto-nacional-lanzaron-molotov-y-fuegos-artificiales\\\/#primaryimage\"},\"image\":{\"@id\":\"https:\\\/\\\/diarioellabrador.cl\\\/index.php\\\/2026\\\/03\\\/12\\\/encapuchados-con-overoles-blancos-protagonizan-incidentes-frente-al-instituto-nacional-lanzaron-molotov-y-fuegos-artificiales\\\/#primaryimage\"},\"thumbnailUrl\":\"https:\\\/\\\/diarioellabrador.cl\\\/wp-content\\\/uploads\\\/2026\\\/03\\\/Encapuchados-con-overoles-blancos-protagonizan-incidentes-frente-al-Instituto-Nacional-lanzaron-molotov-y-fuegos-artificiales.jpg\",\"datePublished\":\"2026-03-12T22:29:46+00:00\",\"dateModified\":\"2026-03-12T22:29:49+00:00\",\"breadcrumb\":{\"@id\":\"https:\\\/\\\/diarioellabrador.cl\\\/index.php\\\/2026\\\/03\\\/12\\\/encapuchados-con-overoles-blancos-protagonizan-incidentes-frente-al-instituto-nacional-lanzaron-molotov-y-fuegos-artificiales\\\/#breadcrumb\"},\"inLanguage\":\"es\",\"potentialAction\":[{\"@type\":\"ReadAction\",\"target\":[\"https:\\\/\\\/diarioellabrador.cl\\\/index.php\\\/2026\\\/03\\\/12\\\/encapuchados-con-overoles-blancos-protagonizan-incidentes-frente-al-instituto-nacional-lanzaron-molotov-y-fuegos-artificiales\\\/\"]}]},{\"@type\":\"ImageObject\",\"inLanguage\":\"es\",\"@id\":\"https:\\\/\\\/diarioellabrador.cl\\\/index.php\\\/2026\\\/03\\\/12\\\/encapuchados-con-overoles-blancos-protagonizan-incidentes-frente-al-instituto-nacional-lanzaron-molotov-y-fuegos-artificiales\\\/#primaryimage\",\"url\":\"https:\\\/\\\/diarioellabrador.cl\\\/wp-content\\\/uploads\\\/2026\\\/03\\\/Encapuchados-con-overoles-blancos-protagonizan-incidentes-frente-al-Instituto-Nacional-lanzaron-molotov-y-fuegos-artificiales.jpg\",\"contentUrl\":\"https:\\\/\\\/diarioellabrador.cl\\\/wp-content\\\/uploads\\\/2026\\\/03\\\/Encapuchados-con-overoles-blancos-protagonizan-incidentes-frente-al-Instituto-Nacional-lanzaron-molotov-y-fuegos-artificiales.jpg\",\"width\":900,\"height\":603},{\"@type\":\"BreadcrumbList\",\"@id\":\"https:\\\/\\\/diarioellabrador.cl\\\/index.php\\\/2026\\\/03\\\/12\\\/encapuchados-con-overoles-blancos-protagonizan-incidentes-frente-al-instituto-nacional-lanzaron-molotov-y-fuegos-artificiales\\\/#breadcrumb\",\"itemListElement\":[{\"@type\":\"ListItem\",\"position\":1,\"name\":\"Portada\",\"item\":\"https:\\\/\\\/diarioellabrador.cl\\\/\"},{\"@type\":\"ListItem\",\"position\":2,\"name\":\"Encapuchados con overoles blancos protagonizan incidentes frente al Instituto Nacional: lanzaron molotov y fuegos artificiales\"}]},{\"@type\":\"WebSite\",\"@id\":\"https:\\\/\\\/diarioellabrador.cl\\\/#website\",\"url\":\"https:\\\/\\\/diarioellabrador.cl\\\/\",\"name\":\"Diario El Labrador\",\"description\":\"Haciendo noticia desde 1921\",\"publisher\":{\"@id\":\"https:\\\/\\\/diarioellabrador.cl\\\/#organization\"},\"potentialAction\":[{\"@type\":\"SearchAction\",\"target\":{\"@type\":\"EntryPoint\",\"urlTemplate\":\"https:\\\/\\\/diarioellabrador.cl\\\/?s={search_term_string}\"},\"query-input\":{\"@type\":\"PropertyValueSpecification\",\"valueRequired\":true,\"valueName\":\"search_term_string\"}}],\"inLanguage\":\"es\"},{\"@type\":\"Organization\",\"@id\":\"https:\\\/\\\/diarioellabrador.cl\\\/#organization\",\"name\":\"Diario El Labrador\",\"url\":\"https:\\\/\\\/diarioellabrador.cl\\\/\",\"logo\":{\"@type\":\"ImageObject\",\"inLanguage\":\"es\",\"@id\":\"https:\\\/\\\/diarioellabrador.cl\\\/#\\\/schema\\\/logo\\\/image\\\/\",\"url\":\"https:\\\/\\\/diarioellabrador.cl\\\/wp-content\\\/uploads\\\/2025\\\/02\\\/cropped-Logo-Icono.png\",\"contentUrl\":\"https:\\\/\\\/diarioellabrador.cl\\\/wp-content\\\/uploads\\\/2025\\\/02\\\/cropped-Logo-Icono.png\",\"width\":512,\"height\":512,\"caption\":\"Diario El Labrador\"},\"image\":{\"@id\":\"https:\\\/\\\/diarioellabrador.cl\\\/#\\\/schema\\\/logo\\\/image\\\/\"},\"sameAs\":[\"https:\\\/\\\/web.facebook.com\\\/profile.php?id=61576120840621\",\"https:\\\/\\\/x.com\\\/ElLabradorOf\",\"https:\\\/\\\/www.instagram.com\\\/diarioellabradoroficial\\\/\"]},{\"@type\":\"Person\",\"@id\":\"https:\\\/\\\/diarioellabrador.cl\\\/#\\\/schema\\\/person\\\/bc25ff80b4563f9c7f4bd7855df01685\",\"name\":\"Editor\",\"image\":{\"@type\":\"ImageObject\",\"inLanguage\":\"es\",\"@id\":\"https:\\\/\\\/secure.gravatar.com\\\/avatar\\\/109c326cf2be5c04f048c2c2a2b8b6ef44bf3d8d1d3d4c55d0ac40c4bc994684?s=96&d=mm&r=g\",\"url\":\"https:\\\/\\\/secure.gravatar.com\\\/avatar\\\/109c326cf2be5c04f048c2c2a2b8b6ef44bf3d8d1d3d4c55d0ac40c4bc994684?s=96&d=mm&r=g\",\"contentUrl\":\"https:\\\/\\\/secure.gravatar.com\\\/avatar\\\/109c326cf2be5c04f048c2c2a2b8b6ef44bf3d8d1d3d4c55d0ac40c4bc994684?s=96&d=mm&r=g\",\"caption\":\"Editor\"},\"url\":\"https:\\\/\\\/diarioellabrador.cl\\\/index.php\\\/author\\\/editor\\\/\"}]}<\/script>\n<!-- \/ Yoast SEO plugin. -->","yoast_head_json":{"title":"Encapuchados con overoles blancos protagonizan incidentes frente al Instituto Nacional: lanzaron molotov y fuegos artificiales - Diario El Labrador","robots":{"index":"index","follow":"follow","max-snippet":"max-snippet:-1","max-image-preview":"max-image-preview:large","max-video-preview":"max-video-preview:-1"},"canonical":"https:\/\/diarioellabrador.cl\/index.php\/2026\/03\/12\/encapuchados-con-overoles-blancos-protagonizan-incidentes-frente-al-instituto-nacional-lanzaron-molotov-y-fuegos-artificiales\/","og_locale":"es_ES","og_type":"article","og_title":"Encapuchados con overoles blancos protagonizan incidentes frente al Instituto Nacional: lanzaron molotov y fuegos artificiales - Diario El Labrador","og_description":"Los disturbios obligaron a desviar el tr\u00e1nsito en varios puntos del centro de Santiago, en medio de otros cortes viales por un evento religioso en la Catedral Metropolitana al que asistir\u00e1 el Presidente Jos\u00e9 Antonio Kast. Durante la ma\u00f1ana de este jueves se registraron incidentes en las inmediaciones del Instituto Nacional Jos\u00e9 Miguel Carrera, en Leer m\u00e1s","og_url":"https:\/\/diarioellabrador.cl\/index.php\/2026\/03\/12\/encapuchados-con-overoles-blancos-protagonizan-incidentes-frente-al-instituto-nacional-lanzaron-molotov-y-fuegos-artificiales\/","og_site_name":"Diario El Labrador","article_publisher":"https:\/\/web.facebook.com\/profile.php?id=61576120840621","article_published_time":"2026-03-12T22:29:46+00:00","article_modified_time":"2026-03-12T22:29:49+00:00","og_image":[{"width":900,"height":603,"url":"https:\/\/diarioellabrador.cl\/wp-content\/uploads\/2026\/03\/Encapuchados-con-overoles-blancos-protagonizan-incidentes-frente-al-Instituto-Nacional-lanzaron-molotov-y-fuegos-artificiales.jpg","type":"image\/jpeg"}],"author":"Editor","twitter_card":"summary_large_image","twitter_creator":"@ElLabradorOf","twitter_site":"@ElLabradorOf","twitter_misc":{"Escrito por":"Editor","Tiempo de lectura":"2 minutos"},"schema":{"@context":"https:\/\/schema.org","@graph":[{"@type":"Article","@id":"https:\/\/diarioellabrador.cl\/index.php\/2026\/03\/12\/encapuchados-con-overoles-blancos-protagonizan-incidentes-frente-al-instituto-nacional-lanzaron-molotov-y-fuegos-artificiales\/#article","isPartOf":{"@id":"https:\/\/diarioellabrador.cl\/index.php\/2026\/03\/12\/encapuchados-con-overoles-blancos-protagonizan-incidentes-frente-al-instituto-nacional-lanzaron-molotov-y-fuegos-artificiales\/"},"author":{"name":"Editor","@id":"https:\/\/diarioellabrador.cl\/#\/schema\/person\/bc25ff80b4563f9c7f4bd7855df01685"},"headline":"Encapuchados con overoles blancos protagonizan incidentes frente al Instituto Nacional: lanzaron molotov y fuegos artificiales","datePublished":"2026-03-12T22:29:46+00:00","dateModified":"2026-03-12T22:29:49+00:00","mainEntityOfPage":{"@id":"https:\/\/diarioellabrador.cl\/index.php\/2026\/03\/12\/encapuchados-con-overoles-blancos-protagonizan-incidentes-frente-al-instituto-nacional-lanzaron-molotov-y-fuegos-artificiales\/"},"wordCount":223,"commentCount":0,"publisher":{"@id":"https:\/\/diarioellabrador.cl\/#organization"},"image":{"@id":"https:\/\/diarioellabrador.cl\/index.php\/2026\/03\/12\/encapuchados-con-overoles-blancos-protagonizan-incidentes-frente-al-instituto-nacional-lanzaron-molotov-y-fuegos-artificiales\/#primaryimage"},"thumbnailUrl":"https:\/\/diarioellabrador.cl\/wp-content\/uploads\/2026\/03\/Encapuchados-con-overoles-blancos-protagonizan-incidentes-frente-al-Instituto-Nacional-lanzaron-molotov-y-fuegos-artificiales.jpg","articleSection":["Cr\u00f3nica"],"inLanguage":"es","potentialAction":[{"@type":"CommentAction","name":"Comment","target":["https:\/\/diarioellabrador.cl\/index.php\/2026\/03\/12\/encapuchados-con-overoles-blancos-protagonizan-incidentes-frente-al-instituto-nacional-lanzaron-molotov-y-fuegos-artificiales\/#respond"]}]},{"@type":"WebPage","@id":"https:\/\/diarioellabrador.cl\/index.php\/2026\/03\/12\/encapuchados-con-overoles-blancos-protagonizan-incidentes-frente-al-instituto-nacional-lanzaron-molotov-y-fuegos-artificiales\/","url":"https:\/\/diarioellabrador.cl\/index.php\/2026\/03\/12\/encapuchados-con-overoles-blancos-protagonizan-incidentes-frente-al-instituto-nacional-lanzaron-molotov-y-fuegos-artificiales\/","name":"Encapuchados con overoles blancos protagonizan incidentes frente al Instituto Nacional: lanzaron molotov y fuegos artificiales - Diario El Labrador","isPartOf":{"@id":"https:\/\/diarioellabrador.cl\/#website"},"primaryImageOfPage":{"@id":"https:\/\/diarioellabrador.cl\/index.php\/2026\/03\/12\/encapuchados-con-overoles-blancos-protagonizan-incidentes-frente-al-instituto-nacional-lanzaron-molotov-y-fuegos-artificiales\/#primaryimage"},"image":{"@id":"https:\/\/diarioellabrador.cl\/index.php\/2026\/03\/12\/encapuchados-con-overoles-blancos-protagonizan-incidentes-frente-al-instituto-nacional-lanzaron-molotov-y-fuegos-artificiales\/#primaryimage"},"thumbnailUrl":"https:\/\/diarioellabrador.cl\/wp-content\/uploads\/2026\/03\/Encapuchados-con-overoles-blancos-protagonizan-incidentes-frente-al-Instituto-Nacional-lanzaron-molotov-y-fuegos-artificiales.jpg","datePublished":"2026-03-12T22:29:46+00:00","dateModified":"2026-03-12T22:29:49+00:00","breadcrumb":{"@id":"https:\/\/diarioellabrador.cl\/index.php\/2026\/03\/12\/encapuchados-con-overoles-blancos-protagonizan-incidentes-frente-al-instituto-nacional-lanzaron-molotov-y-fuegos-artificiales\/#breadcrumb"},"inLanguage":"es","potentialAction":[{"@type":"ReadAction","target":["https:\/\/diarioellabrador.cl\/index.php\/2026\/03\/12\/encapuchados-con-overoles-blancos-protagonizan-incidentes-frente-al-instituto-nacional-lanzaron-molotov-y-fuegos-artificiales\/"]}]},{"@type":"ImageObject","inLanguage":"es","@id":"https:\/\/diarioellabrador.cl\/index.php\/2026\/03\/12\/encapuchados-con-overoles-blancos-protagonizan-incidentes-frente-al-instituto-nacional-lanzaron-molotov-y-fuegos-artificiales\/#primaryimage","url":"https:\/\/diarioellabrador.cl\/wp-content\/uploads\/2026\/03\/Encapuchados-con-overoles-blancos-protagonizan-incidentes-frente-al-Instituto-Nacional-lanzaron-molotov-y-fuegos-artificiales.jpg","contentUrl":"https:\/\/diarioellabrador.cl\/wp-content\/uploads\/2026\/03\/Encapuchados-con-overoles-blancos-protagonizan-incidentes-frente-al-Instituto-Nacional-lanzaron-molotov-y-fuegos-artificiales.jpg","width":900,"height":603},{"@type":"BreadcrumbList","@id":"https:\/\/diarioellabrador.cl\/index.php\/2026\/03\/12\/encapuchados-con-overoles-blancos-protagonizan-incidentes-frente-al-instituto-nacional-lanzaron-molotov-y-fuegos-artificiales\/#breadcrumb","itemListElement":[{"@type":"ListItem","position":1,"name":"Portada","item":"https:\/\/diarioellabrador.cl\/"},{"@type":"ListItem","position":2,"name":"Encapuchados con overoles blancos protagonizan incidentes frente al Instituto Nacional: lanzaron molotov y fuegos artificiales"}]},{"@type":"WebSite","@id":"https:\/\/diarioellabrador.cl\/#website","url":"https:\/\/diarioellabrador.cl\/","name":"Diario El Labrador","description":"Haciendo noticia desde 1921","publisher":{"@id":"https:\/\/diarioellabrador.cl\/#organization"},"potentialAction":[{"@type":"SearchAction","target":{"@type":"EntryPoint","urlTemplate":"https:\/\/diarioellabrador.cl\/?s={search_term_string}"},"query-input":{"@type":"PropertyValueSpecification","valueRequired":true,"valueName":"search_term_string"}}],"inLanguage":"es"},{"@type":"Organization","@id":"https:\/\/diarioellabrador.cl\/#organization","name":"Diario El Labrador","url":"https:\/\/diarioellabrador.cl\/","logo":{"@type":"ImageObject","inLanguage":"es","@id":"https:\/\/diarioellabrador.cl\/#\/schema\/logo\/image\/","url":"https:\/\/diarioellabrador.cl\/wp-content\/uploads\/2025\/02\/cropped-Logo-Icono.png","contentUrl":"https:\/\/diarioellabrador.cl\/wp-content\/uploads\/2025\/02\/cropped-Logo-Icono.png","width":512,"height":512,"caption":"Diario El Labrador"},"image":{"@id":"https:\/\/diarioellabrador.cl\/#\/schema\/logo\/image\/"},"sameAs":["https:\/\/web.facebook.com\/profile.php?id=61576120840621","https:\/\/x.com\/ElLabradorOf","https:\/\/www.instagram.com\/diarioellabradoroficial\/"]},{"@type":"Person","@id":"https:\/\/diarioellabrador.cl\/#\/schema\/person\/bc25ff80b4563f9c7f4bd7855df01685","name":"Editor","image":{"@type":"ImageObject","inLanguage":"es","@id":"https:\/\/secure.gravatar.com\/avatar\/109c326cf2be5c04f048c2c2a2b8b6ef44bf3d8d1d3d4c55d0ac40c4bc994684?s=96&d=mm&r=g","url":"https:\/\/secure.gravatar.com\/avatar\/109c326cf2be5c04f048c2c2a2b8b6ef44bf3d8d1d3d4c55d0ac40c4bc994684?s=96&d=mm&r=g","contentUrl":"https:\/\/secure.gravatar.com\/avatar\/109c326cf2be5c04f048c2c2a2b8b6ef44bf3d8d1d3d4c55d0ac40c4bc994684?s=96&d=mm&r=g","caption":"Editor"},"url":"https:\/\/diarioellabrador.cl\/index.php\/author\/editor\/"}]}},"_links":{"self":[{"href":"https:\/\/diarioellabrador.cl\/index.php\/wp-json\/wp\/v2\/posts\/16481","targetHints":{"allow":["GET"]}}],"collection":[{"href":"https:\/\/diarioellabrador.cl\/index.php\/wp-json\/wp\/v2\/posts"}],"about":[{"href":"https:\/\/diarioellabrador.cl\/index.php\/wp-json\/wp\/v2\/types\/post"}],"author":[{"embeddable":true,"href":"https:\/\/diarioellabrador.cl\/index.php\/wp-json\/wp\/v2\/users\/2"}],"replies":[{"embeddable":true,"href":"https:\/\/diarioellabrador.cl\/index.php\/wp-json\/wp\/v2\/comments?post=16481"}],"version-history":[{"count":1,"href":"https:\/\/diarioellabrador.cl\/index.php\/wp-json\/wp\/v2\/posts\/16481\/revisions"}],"predecessor-version":[{"id":16482,"href":"https:\/\/diarioellabrador.cl\/index.php\/wp-json\/wp\/v2\/posts\/16481\/revisions\/16482"}],"wp:featuredmedia":[{"embeddable":true,"href":"https:\/\/diarioellabrador.cl\/index.php\/wp-json\/wp\/v2\/media\/16440"}],"wp:attachment":[{"href":"https:\/\/diarioellabrador.cl\/index.php\/wp-json\/wp\/v2\/media?parent=16481"}],"wp:term":[{"taxonomy":"category","embeddable":true,"href":"https:\/\/diarioellabrador.cl\/index.php\/wp-json\/wp\/v2\/categories?post=16481"},{"taxonomy":"post_tag","embeddable":true,"href":"https:\/\/diarioellabrador.cl\/index.php\/wp-json\/wp\/v2\/tags?post=16481"}],"curies":[{"name":"wp","href":"https:\/\/api.w.org\/{rel}","templated":true}]}}