{"id":16479,"date":"2026-03-12T18:27:29","date_gmt":"2026-03-12T22:27:29","guid":{"rendered":"https:\/\/diarioellabrador.cl\/?p=16479"},"modified":"2026-03-12T18:27:30","modified_gmt":"2026-03-12T22:27:30","slug":"centro-medico-arfa-entrega-atencion-traumatologica-integral-a-mas-de-130-mil-futbolistas-amateurs-con-recursos-del-gobierno-de-santiago","status":"publish","type":"post","link":"https:\/\/diarioellabrador.cl\/index.php\/2026\/03\/12\/centro-medico-arfa-entrega-atencion-traumatologica-integral-a-mas-de-130-mil-futbolistas-amateurs-con-recursos-del-gobierno-de-santiago\/","title":{"rendered":"Centro M\u00e9dico ARFA entrega atenci\u00f3n traumatol\u00f3gica integral a m\u00e1s de 130 mil futbolistas amateurs\u00a0con recursos del Gobierno de Santiago\u00a0"},"content":{"rendered":"\n<ul class=\"wp-block-list\">\n<li><em>Son 151 millones de pesos de inversi\u00f3n para fortalecer el trabajo de\u00a0rehabilitaci\u00f3n\u00a0del centro. Dentro del equipamiento adquirido destaca\u00a0la compra de un<\/em>\u00a0eco tom\u00f3grafo y equipo de rayos X de alta frecuencia. \u00a0<\/li>\n<\/ul>\n\n\n\n<p>Con una inversi\u00f3n de 151 millones de pesos,&nbsp;el&nbsp;Gobierno de Santiago&nbsp;fortaleci\u00f3 el trabajo asistencial y de rehabilitaci\u00f3n del&nbsp;Centro M\u00e9dico ARFA,&nbsp;dot\u00e1ndolo&nbsp;de nuevos recursos m\u00e9dicos y tecnol\u00f3gicos. Esta&nbsp;iniciativa permitir\u00e1&nbsp;mejorar la atenci\u00f3n m\u00e9dica de urgencia y rehabilitaci\u00f3n de m\u00e1s de 130&nbsp;mil&nbsp;futbolistas amateurs&nbsp;de la Regi\u00f3n Metropolitana, pertenecientes a 43 asociaciones afiliadas y 612 equipos de f\u00fatbol.&nbsp;<\/p>\n\n\n\n<p>Actualmente, a trav\u00e9s de un formulario de atenci\u00f3n disponible para las asociaciones y clubes afiliados,&nbsp;los deportistas acceden a una atenci\u00f3n integrada que combina el&nbsp;examen cl\u00ednico del especialista, el apoyo radiogr\u00e1fico y los procedimientos o inmovilizaciones necesarias. De esta manera, se asegura que el deportista reciba en una sola consulta la atenci\u00f3n de urgencia, el diagn\u00f3stico y el tratamiento correspondiente.&nbsp;<\/p>\n\n\n\n<p>El gobernador de Santiago, Claudio Orrego, destac\u00f3 el impacto social de esta inversi\u00f3n mencionando que: \u201cEl f\u00fatbol&nbsp;amateur&nbsp;es parte fundamental de la vida de nuestros barrios y comunidades. Con esta inversi\u00f3n, como Gobierno de Santiago estamos asegurando que m\u00e1s de 130 mil deportistas puedan acceder a una atenci\u00f3n m\u00e9dica digna, oportuna y de calidad, fortaleciendo no solo su salud, sino tambi\u00e9n el tejido social que se construye en torno al deporte\u201d.&nbsp;<\/p>\n\n\n\n<p><strong>Equipamiento adquirido&nbsp;<\/strong>&nbsp;<\/p>\n\n\n\n<p>El proyecto incluy\u00f3 la compra de equipos de diagn\u00f3stico como eco tom\u00f3grafo y equipo de rayos X de alta frecuencia, computadores, impresoras, televisores, negatoscopios&nbsp;y&nbsp;aires acondicionados. A estos elementos se suman&nbsp;dispositivos kinesiol\u00f3gicos y de rehabilitaci\u00f3n, entre ellos,&nbsp;compreseros, equipos TENS port\u00e1tiles, ultrasonidos y packs de rehabilitaci\u00f3n, junto con equipamiento de gimnasio y rehabilitaci\u00f3n como trotadoras, bicicletas est\u00e1ticas, el\u00edpticas, bicicletas de spinning, equipos multifuncionales profesionales, camillas, paralelas, bancos suecos y espalderas.&nbsp;Por \u00faltimo, se incorpor\u00f3 inmobiliario complementario \u2014lockers, escritorios, bibliotecas y sillas para sala de espera\u2014 orientado a mejorar las condiciones de atenci\u00f3n y la experiencia de los pacientes.&nbsp;<\/p>\n","protected":false},"excerpt":{"rendered":"<p>Con una inversi\u00f3n de 151 millones de pesos,&nbsp;el&nbsp;Gobierno de Santiago&nbsp;fortaleci\u00f3 el trabajo asistencial y de rehabilitaci\u00f3n del&nbsp;Centro M\u00e9dico ARFA,&nbsp;dot\u00e1ndolo&nbsp;de nuevos recursos m\u00e9dicos y tecnol\u00f3gicos. Esta&nbsp;iniciativa permitir\u00e1&nbsp;mejorar la atenci\u00f3n m\u00e9dica de urgencia y rehabilitaci\u00f3n de m\u00e1s de 130&nbsp;mil&nbsp;futbolistas amateurs&nbsp;de la Regi\u00f3n Metropolitana, pertenecientes a 43 asociaciones afiliadas y 612 equipos de f\u00fatbol.&nbsp; Actualmente, a trav\u00e9s de<\/p>\n<div class=\"read-more-wrapper\"><a class=\"read-more\" href=\"https:\/\/diarioellabrador.cl\/index.php\/2026\/03\/12\/centro-medico-arfa-entrega-atencion-traumatologica-integral-a-mas-de-130-mil-futbolistas-amateurs-con-recursos-del-gobierno-de-santiago\/\" title=\"Leer m\u00e1s\"> <span class=\"button \">Leer m\u00e1s<\/span><\/a><\/div>\n","protected":false},"author":2,"featured_media":16443,"comment_status":"open","ping_status":"open","sticky":false,"template":"","format":"standard","meta":{"footnotes":""},"categories":[4],"tags":[],"class_list":["post-16479","post","type-post","status-publish","format-standard","has-post-thumbnail","hentry","category-deportes"],"yoast_head":"<!-- This site is optimized with the Yoast SEO plugin v27.5 - https:\/\/yoast.com\/product\/yoast-seo-wordpress\/ -->\n<title>Centro M\u00e9dico ARFA entrega atenci\u00f3n traumatol\u00f3gica integral a m\u00e1s de 130 mil futbolistas amateurs\u00a0con recursos del Gobierno de Santiago\u00a0 - Diario El Labrador<\/title>\n<meta name=\"robots\" content=\"index, follow, max-snippet:-1, max-image-preview:large, max-video-preview:-1\" \/>\n<link rel=\"canonical\" href=\"https:\/\/diarioellabrador.cl\/index.php\/2026\/03\/12\/centro-medico-arfa-entrega-atencion-traumatologica-integral-a-mas-de-130-mil-futbolistas-amateurs-con-recursos-del-gobierno-de-santiago\/\" \/>\n<meta property=\"og:locale\" content=\"es_ES\" \/>\n<meta property=\"og:type\" content=\"article\" \/>\n<meta property=\"og:title\" content=\"Centro M\u00e9dico ARFA entrega atenci\u00f3n traumatol\u00f3gica integral a m\u00e1s de 130 mil futbolistas amateurs\u00a0con recursos del Gobierno de Santiago\u00a0 - Diario El Labrador\" \/>\n<meta property=\"og:description\" content=\"Con una inversi\u00f3n de 151 millones de pesos,&nbsp;el&nbsp;Gobierno de Santiago&nbsp;fortaleci\u00f3 el trabajo asistencial y de rehabilitaci\u00f3n del&nbsp;Centro M\u00e9dico ARFA,&nbsp;dot\u00e1ndolo&nbsp;de nuevos recursos m\u00e9dicos y tecnol\u00f3gicos. Esta&nbsp;iniciativa permitir\u00e1&nbsp;mejorar la atenci\u00f3n m\u00e9dica de urgencia y rehabilitaci\u00f3n de m\u00e1s de 130&nbsp;mil&nbsp;futbolistas amateurs&nbsp;de la Regi\u00f3n Metropolitana, pertenecientes a 43 asociaciones afiliadas y 612 equipos de f\u00fatbol.&nbsp; Actualmente, a trav\u00e9s de Leer m\u00e1s\" \/>\n<meta property=\"og:url\" content=\"https:\/\/diarioellabrador.cl\/index.php\/2026\/03\/12\/centro-medico-arfa-entrega-atencion-traumatologica-integral-a-mas-de-130-mil-futbolistas-amateurs-con-recursos-del-gobierno-de-santiago\/\" \/>\n<meta property=\"og:site_name\" content=\"Diario El Labrador\" \/>\n<meta property=\"article:publisher\" content=\"https:\/\/web.facebook.com\/profile.php?id=61576120840621\" \/>\n<meta property=\"article:published_time\" content=\"2026-03-12T22:27:29+00:00\" \/>\n<meta property=\"article:modified_time\" content=\"2026-03-12T22:27:30+00:00\" \/>\n<meta property=\"og:image\" content=\"https:\/\/diarioellabrador.cl\/wp-content\/uploads\/2026\/03\/Centro-Medico-ARFA-entrega-atencion-traumatologica-integral-a-mas-de-130-mil-futbolistas-amateurs-con-recursos-del-Gobierno-de-Santiago-1.jpeg\" \/>\n\t<meta property=\"og:image:width\" content=\"1280\" \/>\n\t<meta property=\"og:image:height\" content=\"852\" \/>\n\t<meta property=\"og:image:type\" content=\"image\/jpeg\" \/>\n<meta name=\"author\" content=\"Editor\" \/>\n<meta name=\"twitter:card\" content=\"summary_large_image\" \/>\n<meta name=\"twitter:creator\" content=\"@ElLabradorOf\" \/>\n<meta name=\"twitter:site\" content=\"@ElLabradorOf\" \/>\n<meta name=\"twitter:label1\" content=\"Escrito por\" \/>\n\t<meta name=\"twitter:data1\" content=\"Editor\" \/>\n\t<meta name=\"twitter:label2\" content=\"Tiempo de lectura\" \/>\n\t<meta name=\"twitter:data2\" content=\"2 minutos\" \/>\n<script type=\"application\/ld+json\" class=\"yoast-schema-graph\">{\"@context\":\"https:\\\/\\\/schema.org\",\"@graph\":[{\"@type\":\"Article\",\"@id\":\"https:\\\/\\\/diarioellabrador.cl\\\/index.php\\\/2026\\\/03\\\/12\\\/centro-medico-arfa-entrega-atencion-traumatologica-integral-a-mas-de-130-mil-futbolistas-amateurs-con-recursos-del-gobierno-de-santiago\\\/#article\",\"isPartOf\":{\"@id\":\"https:\\\/\\\/diarioellabrador.cl\\\/index.php\\\/2026\\\/03\\\/12\\\/centro-medico-arfa-entrega-atencion-traumatologica-integral-a-mas-de-130-mil-futbolistas-amateurs-con-recursos-del-gobierno-de-santiago\\\/\"},\"author\":{\"name\":\"Editor\",\"@id\":\"https:\\\/\\\/diarioellabrador.cl\\\/#\\\/schema\\\/person\\\/bc25ff80b4563f9c7f4bd7855df01685\"},\"headline\":\"Centro M\u00e9dico ARFA entrega atenci\u00f3n traumatol\u00f3gica integral a m\u00e1s de 130 mil futbolistas amateurs\u00a0con recursos del Gobierno de Santiago\u00a0\",\"datePublished\":\"2026-03-12T22:27:29+00:00\",\"dateModified\":\"2026-03-12T22:27:30+00:00\",\"mainEntityOfPage\":{\"@id\":\"https:\\\/\\\/diarioellabrador.cl\\\/index.php\\\/2026\\\/03\\\/12\\\/centro-medico-arfa-entrega-atencion-traumatologica-integral-a-mas-de-130-mil-futbolistas-amateurs-con-recursos-del-gobierno-de-santiago\\\/\"},\"wordCount\":413,\"commentCount\":0,\"publisher\":{\"@id\":\"https:\\\/\\\/diarioellabrador.cl\\\/#organization\"},\"image\":{\"@id\":\"https:\\\/\\\/diarioellabrador.cl\\\/index.php\\\/2026\\\/03\\\/12\\\/centro-medico-arfa-entrega-atencion-traumatologica-integral-a-mas-de-130-mil-futbolistas-amateurs-con-recursos-del-gobierno-de-santiago\\\/#primaryimage\"},\"thumbnailUrl\":\"https:\\\/\\\/diarioellabrador.cl\\\/wp-content\\\/uploads\\\/2026\\\/03\\\/Centro-Medico-ARFA-entrega-atencion-traumatologica-integral-a-mas-de-130-mil-futbolistas-amateurs-con-recursos-del-Gobierno-de-Santiago-1.jpeg\",\"articleSection\":[\"Deportes\"],\"inLanguage\":\"es\",\"potentialAction\":[{\"@type\":\"CommentAction\",\"name\":\"Comment\",\"target\":[\"https:\\\/\\\/diarioellabrador.cl\\\/index.php\\\/2026\\\/03\\\/12\\\/centro-medico-arfa-entrega-atencion-traumatologica-integral-a-mas-de-130-mil-futbolistas-amateurs-con-recursos-del-gobierno-de-santiago\\\/#respond\"]}]},{\"@type\":\"WebPage\",\"@id\":\"https:\\\/\\\/diarioellabrador.cl\\\/index.php\\\/2026\\\/03\\\/12\\\/centro-medico-arfa-entrega-atencion-traumatologica-integral-a-mas-de-130-mil-futbolistas-amateurs-con-recursos-del-gobierno-de-santiago\\\/\",\"url\":\"https:\\\/\\\/diarioellabrador.cl\\\/index.php\\\/2026\\\/03\\\/12\\\/centro-medico-arfa-entrega-atencion-traumatologica-integral-a-mas-de-130-mil-futbolistas-amateurs-con-recursos-del-gobierno-de-santiago\\\/\",\"name\":\"Centro M\u00e9dico ARFA entrega atenci\u00f3n traumatol\u00f3gica integral a m\u00e1s de 130 mil futbolistas amateurs\u00a0con recursos del Gobierno de Santiago\u00a0 - Diario El Labrador\",\"isPartOf\":{\"@id\":\"https:\\\/\\\/diarioellabrador.cl\\\/#website\"},\"primaryImageOfPage\":{\"@id\":\"https:\\\/\\\/diarioellabrador.cl\\\/index.php\\\/2026\\\/03\\\/12\\\/centro-medico-arfa-entrega-atencion-traumatologica-integral-a-mas-de-130-mil-futbolistas-amateurs-con-recursos-del-gobierno-de-santiago\\\/#primaryimage\"},\"image\":{\"@id\":\"https:\\\/\\\/diarioellabrador.cl\\\/index.php\\\/2026\\\/03\\\/12\\\/centro-medico-arfa-entrega-atencion-traumatologica-integral-a-mas-de-130-mil-futbolistas-amateurs-con-recursos-del-gobierno-de-santiago\\\/#primaryimage\"},\"thumbnailUrl\":\"https:\\\/\\\/diarioellabrador.cl\\\/wp-content\\\/uploads\\\/2026\\\/03\\\/Centro-Medico-ARFA-entrega-atencion-traumatologica-integral-a-mas-de-130-mil-futbolistas-amateurs-con-recursos-del-Gobierno-de-Santiago-1.jpeg\",\"datePublished\":\"2026-03-12T22:27:29+00:00\",\"dateModified\":\"2026-03-12T22:27:30+00:00\",\"breadcrumb\":{\"@id\":\"https:\\\/\\\/diarioellabrador.cl\\\/index.php\\\/2026\\\/03\\\/12\\\/centro-medico-arfa-entrega-atencion-traumatologica-integral-a-mas-de-130-mil-futbolistas-amateurs-con-recursos-del-gobierno-de-santiago\\\/#breadcrumb\"},\"inLanguage\":\"es\",\"potentialAction\":[{\"@type\":\"ReadAction\",\"target\":[\"https:\\\/\\\/diarioellabrador.cl\\\/index.php\\\/2026\\\/03\\\/12\\\/centro-medico-arfa-entrega-atencion-traumatologica-integral-a-mas-de-130-mil-futbolistas-amateurs-con-recursos-del-gobierno-de-santiago\\\/\"]}]},{\"@type\":\"ImageObject\",\"inLanguage\":\"es\",\"@id\":\"https:\\\/\\\/diarioellabrador.cl\\\/index.php\\\/2026\\\/03\\\/12\\\/centro-medico-arfa-entrega-atencion-traumatologica-integral-a-mas-de-130-mil-futbolistas-amateurs-con-recursos-del-gobierno-de-santiago\\\/#primaryimage\",\"url\":\"https:\\\/\\\/diarioellabrador.cl\\\/wp-content\\\/uploads\\\/2026\\\/03\\\/Centro-Medico-ARFA-entrega-atencion-traumatologica-integral-a-mas-de-130-mil-futbolistas-amateurs-con-recursos-del-Gobierno-de-Santiago-1.jpeg\",\"contentUrl\":\"https:\\\/\\\/diarioellabrador.cl\\\/wp-content\\\/uploads\\\/2026\\\/03\\\/Centro-Medico-ARFA-entrega-atencion-traumatologica-integral-a-mas-de-130-mil-futbolistas-amateurs-con-recursos-del-Gobierno-de-Santiago-1.jpeg\",\"width\":1280,\"height\":852},{\"@type\":\"BreadcrumbList\",\"@id\":\"https:\\\/\\\/diarioellabrador.cl\\\/index.php\\\/2026\\\/03\\\/12\\\/centro-medico-arfa-entrega-atencion-traumatologica-integral-a-mas-de-130-mil-futbolistas-amateurs-con-recursos-del-gobierno-de-santiago\\\/#breadcrumb\",\"itemListElement\":[{\"@type\":\"ListItem\",\"position\":1,\"name\":\"Portada\",\"item\":\"https:\\\/\\\/diarioellabrador.cl\\\/\"},{\"@type\":\"ListItem\",\"position\":2,\"name\":\"Centro M\u00e9dico ARFA entrega atenci\u00f3n traumatol\u00f3gica integral a m\u00e1s de 130 mil futbolistas amateurs\u00a0con recursos del Gobierno de Santiago\u00a0\"}]},{\"@type\":\"WebSite\",\"@id\":\"https:\\\/\\\/diarioellabrador.cl\\\/#website\",\"url\":\"https:\\\/\\\/diarioellabrador.cl\\\/\",\"name\":\"Diario El Labrador\",\"description\":\"Haciendo noticia desde 1921\",\"publisher\":{\"@id\":\"https:\\\/\\\/diarioellabrador.cl\\\/#organization\"},\"potentialAction\":[{\"@type\":\"SearchAction\",\"target\":{\"@type\":\"EntryPoint\",\"urlTemplate\":\"https:\\\/\\\/diarioellabrador.cl\\\/?s={search_term_string}\"},\"query-input\":{\"@type\":\"PropertyValueSpecification\",\"valueRequired\":true,\"valueName\":\"search_term_string\"}}],\"inLanguage\":\"es\"},{\"@type\":\"Organization\",\"@id\":\"https:\\\/\\\/diarioellabrador.cl\\\/#organization\",\"name\":\"Diario El Labrador\",\"url\":\"https:\\\/\\\/diarioellabrador.cl\\\/\",\"logo\":{\"@type\":\"ImageObject\",\"inLanguage\":\"es\",\"@id\":\"https:\\\/\\\/diarioellabrador.cl\\\/#\\\/schema\\\/logo\\\/image\\\/\",\"url\":\"https:\\\/\\\/diarioellabrador.cl\\\/wp-content\\\/uploads\\\/2025\\\/02\\\/cropped-Logo-Icono.png\",\"contentUrl\":\"https:\\\/\\\/diarioellabrador.cl\\\/wp-content\\\/uploads\\\/2025\\\/02\\\/cropped-Logo-Icono.png\",\"width\":512,\"height\":512,\"caption\":\"Diario El Labrador\"},\"image\":{\"@id\":\"https:\\\/\\\/diarioellabrador.cl\\\/#\\\/schema\\\/logo\\\/image\\\/\"},\"sameAs\":[\"https:\\\/\\\/web.facebook.com\\\/profile.php?id=61576120840621\",\"https:\\\/\\\/x.com\\\/ElLabradorOf\",\"https:\\\/\\\/www.instagram.com\\\/diarioellabradoroficial\\\/\"]},{\"@type\":\"Person\",\"@id\":\"https:\\\/\\\/diarioellabrador.cl\\\/#\\\/schema\\\/person\\\/bc25ff80b4563f9c7f4bd7855df01685\",\"name\":\"Editor\",\"image\":{\"@type\":\"ImageObject\",\"inLanguage\":\"es\",\"@id\":\"https:\\\/\\\/secure.gravatar.com\\\/avatar\\\/109c326cf2be5c04f048c2c2a2b8b6ef44bf3d8d1d3d4c55d0ac40c4bc994684?s=96&d=mm&r=g\",\"url\":\"https:\\\/\\\/secure.gravatar.com\\\/avatar\\\/109c326cf2be5c04f048c2c2a2b8b6ef44bf3d8d1d3d4c55d0ac40c4bc994684?s=96&d=mm&r=g\",\"contentUrl\":\"https:\\\/\\\/secure.gravatar.com\\\/avatar\\\/109c326cf2be5c04f048c2c2a2b8b6ef44bf3d8d1d3d4c55d0ac40c4bc994684?s=96&d=mm&r=g\",\"caption\":\"Editor\"},\"url\":\"https:\\\/\\\/diarioellabrador.cl\\\/index.php\\\/author\\\/editor\\\/\"}]}<\/script>\n<!-- \/ Yoast SEO plugin. -->","yoast_head_json":{"title":"Centro M\u00e9dico ARFA entrega atenci\u00f3n traumatol\u00f3gica integral a m\u00e1s de 130 mil futbolistas amateurs\u00a0con recursos del Gobierno de Santiago\u00a0 - Diario El Labrador","robots":{"index":"index","follow":"follow","max-snippet":"max-snippet:-1","max-image-preview":"max-image-preview:large","max-video-preview":"max-video-preview:-1"},"canonical":"https:\/\/diarioellabrador.cl\/index.php\/2026\/03\/12\/centro-medico-arfa-entrega-atencion-traumatologica-integral-a-mas-de-130-mil-futbolistas-amateurs-con-recursos-del-gobierno-de-santiago\/","og_locale":"es_ES","og_type":"article","og_title":"Centro M\u00e9dico ARFA entrega atenci\u00f3n traumatol\u00f3gica integral a m\u00e1s de 130 mil futbolistas amateurs\u00a0con recursos del Gobierno de Santiago\u00a0 - Diario El Labrador","og_description":"Con una inversi\u00f3n de 151 millones de pesos,&nbsp;el&nbsp;Gobierno de Santiago&nbsp;fortaleci\u00f3 el trabajo asistencial y de rehabilitaci\u00f3n del&nbsp;Centro M\u00e9dico ARFA,&nbsp;dot\u00e1ndolo&nbsp;de nuevos recursos m\u00e9dicos y tecnol\u00f3gicos. Esta&nbsp;iniciativa permitir\u00e1&nbsp;mejorar la atenci\u00f3n m\u00e9dica de urgencia y rehabilitaci\u00f3n de m\u00e1s de 130&nbsp;mil&nbsp;futbolistas amateurs&nbsp;de la Regi\u00f3n Metropolitana, pertenecientes a 43 asociaciones afiliadas y 612 equipos de f\u00fatbol.&nbsp; Actualmente, a trav\u00e9s de Leer m\u00e1s","og_url":"https:\/\/diarioellabrador.cl\/index.php\/2026\/03\/12\/centro-medico-arfa-entrega-atencion-traumatologica-integral-a-mas-de-130-mil-futbolistas-amateurs-con-recursos-del-gobierno-de-santiago\/","og_site_name":"Diario El Labrador","article_publisher":"https:\/\/web.facebook.com\/profile.php?id=61576120840621","article_published_time":"2026-03-12T22:27:29+00:00","article_modified_time":"2026-03-12T22:27:30+00:00","og_image":[{"width":1280,"height":852,"url":"https:\/\/diarioellabrador.cl\/wp-content\/uploads\/2026\/03\/Centro-Medico-ARFA-entrega-atencion-traumatologica-integral-a-mas-de-130-mil-futbolistas-amateurs-con-recursos-del-Gobierno-de-Santiago-1.jpeg","type":"image\/jpeg"}],"author":"Editor","twitter_card":"summary_large_image","twitter_creator":"@ElLabradorOf","twitter_site":"@ElLabradorOf","twitter_misc":{"Escrito por":"Editor","Tiempo de lectura":"2 minutos"},"schema":{"@context":"https:\/\/schema.org","@graph":[{"@type":"Article","@id":"https:\/\/diarioellabrador.cl\/index.php\/2026\/03\/12\/centro-medico-arfa-entrega-atencion-traumatologica-integral-a-mas-de-130-mil-futbolistas-amateurs-con-recursos-del-gobierno-de-santiago\/#article","isPartOf":{"@id":"https:\/\/diarioellabrador.cl\/index.php\/2026\/03\/12\/centro-medico-arfa-entrega-atencion-traumatologica-integral-a-mas-de-130-mil-futbolistas-amateurs-con-recursos-del-gobierno-de-santiago\/"},"author":{"name":"Editor","@id":"https:\/\/diarioellabrador.cl\/#\/schema\/person\/bc25ff80b4563f9c7f4bd7855df01685"},"headline":"Centro M\u00e9dico ARFA entrega atenci\u00f3n traumatol\u00f3gica integral a m\u00e1s de 130 mil futbolistas amateurs\u00a0con recursos del Gobierno de Santiago\u00a0","datePublished":"2026-03-12T22:27:29+00:00","dateModified":"2026-03-12T22:27:30+00:00","mainEntityOfPage":{"@id":"https:\/\/diarioellabrador.cl\/index.php\/2026\/03\/12\/centro-medico-arfa-entrega-atencion-traumatologica-integral-a-mas-de-130-mil-futbolistas-amateurs-con-recursos-del-gobierno-de-santiago\/"},"wordCount":413,"commentCount":0,"publisher":{"@id":"https:\/\/diarioellabrador.cl\/#organization"},"image":{"@id":"https:\/\/diarioellabrador.cl\/index.php\/2026\/03\/12\/centro-medico-arfa-entrega-atencion-traumatologica-integral-a-mas-de-130-mil-futbolistas-amateurs-con-recursos-del-gobierno-de-santiago\/#primaryimage"},"thumbnailUrl":"https:\/\/diarioellabrador.cl\/wp-content\/uploads\/2026\/03\/Centro-Medico-ARFA-entrega-atencion-traumatologica-integral-a-mas-de-130-mil-futbolistas-amateurs-con-recursos-del-Gobierno-de-Santiago-1.jpeg","articleSection":["Deportes"],"inLanguage":"es","potentialAction":[{"@type":"CommentAction","name":"Comment","target":["https:\/\/diarioellabrador.cl\/index.php\/2026\/03\/12\/centro-medico-arfa-entrega-atencion-traumatologica-integral-a-mas-de-130-mil-futbolistas-amateurs-con-recursos-del-gobierno-de-santiago\/#respond"]}]},{"@type":"WebPage","@id":"https:\/\/diarioellabrador.cl\/index.php\/2026\/03\/12\/centro-medico-arfa-entrega-atencion-traumatologica-integral-a-mas-de-130-mil-futbolistas-amateurs-con-recursos-del-gobierno-de-santiago\/","url":"https:\/\/diarioellabrador.cl\/index.php\/2026\/03\/12\/centro-medico-arfa-entrega-atencion-traumatologica-integral-a-mas-de-130-mil-futbolistas-amateurs-con-recursos-del-gobierno-de-santiago\/","name":"Centro M\u00e9dico ARFA entrega atenci\u00f3n traumatol\u00f3gica integral a m\u00e1s de 130 mil futbolistas amateurs\u00a0con recursos del Gobierno de Santiago\u00a0 - Diario El Labrador","isPartOf":{"@id":"https:\/\/diarioellabrador.cl\/#website"},"primaryImageOfPage":{"@id":"https:\/\/diarioellabrador.cl\/index.php\/2026\/03\/12\/centro-medico-arfa-entrega-atencion-traumatologica-integral-a-mas-de-130-mil-futbolistas-amateurs-con-recursos-del-gobierno-de-santiago\/#primaryimage"},"image":{"@id":"https:\/\/diarioellabrador.cl\/index.php\/2026\/03\/12\/centro-medico-arfa-entrega-atencion-traumatologica-integral-a-mas-de-130-mil-futbolistas-amateurs-con-recursos-del-gobierno-de-santiago\/#primaryimage"},"thumbnailUrl":"https:\/\/diarioellabrador.cl\/wp-content\/uploads\/2026\/03\/Centro-Medico-ARFA-entrega-atencion-traumatologica-integral-a-mas-de-130-mil-futbolistas-amateurs-con-recursos-del-Gobierno-de-Santiago-1.jpeg","datePublished":"2026-03-12T22:27:29+00:00","dateModified":"2026-03-12T22:27:30+00:00","breadcrumb":{"@id":"https:\/\/diarioellabrador.cl\/index.php\/2026\/03\/12\/centro-medico-arfa-entrega-atencion-traumatologica-integral-a-mas-de-130-mil-futbolistas-amateurs-con-recursos-del-gobierno-de-santiago\/#breadcrumb"},"inLanguage":"es","potentialAction":[{"@type":"ReadAction","target":["https:\/\/diarioellabrador.cl\/index.php\/2026\/03\/12\/centro-medico-arfa-entrega-atencion-traumatologica-integral-a-mas-de-130-mil-futbolistas-amateurs-con-recursos-del-gobierno-de-santiago\/"]}]},{"@type":"ImageObject","inLanguage":"es","@id":"https:\/\/diarioellabrador.cl\/index.php\/2026\/03\/12\/centro-medico-arfa-entrega-atencion-traumatologica-integral-a-mas-de-130-mil-futbolistas-amateurs-con-recursos-del-gobierno-de-santiago\/#primaryimage","url":"https:\/\/diarioellabrador.cl\/wp-content\/uploads\/2026\/03\/Centro-Medico-ARFA-entrega-atencion-traumatologica-integral-a-mas-de-130-mil-futbolistas-amateurs-con-recursos-del-Gobierno-de-Santiago-1.jpeg","contentUrl":"https:\/\/diarioellabrador.cl\/wp-content\/uploads\/2026\/03\/Centro-Medico-ARFA-entrega-atencion-traumatologica-integral-a-mas-de-130-mil-futbolistas-amateurs-con-recursos-del-Gobierno-de-Santiago-1.jpeg","width":1280,"height":852},{"@type":"BreadcrumbList","@id":"https:\/\/diarioellabrador.cl\/index.php\/2026\/03\/12\/centro-medico-arfa-entrega-atencion-traumatologica-integral-a-mas-de-130-mil-futbolistas-amateurs-con-recursos-del-gobierno-de-santiago\/#breadcrumb","itemListElement":[{"@type":"ListItem","position":1,"name":"Portada","item":"https:\/\/diarioellabrador.cl\/"},{"@type":"ListItem","position":2,"name":"Centro M\u00e9dico ARFA entrega atenci\u00f3n traumatol\u00f3gica integral a m\u00e1s de 130 mil futbolistas amateurs\u00a0con recursos del Gobierno de Santiago\u00a0"}]},{"@type":"WebSite","@id":"https:\/\/diarioellabrador.cl\/#website","url":"https:\/\/diarioellabrador.cl\/","name":"Diario El Labrador","description":"Haciendo noticia desde 1921","publisher":{"@id":"https:\/\/diarioellabrador.cl\/#organization"},"potentialAction":[{"@type":"SearchAction","target":{"@type":"EntryPoint","urlTemplate":"https:\/\/diarioellabrador.cl\/?s={search_term_string}"},"query-input":{"@type":"PropertyValueSpecification","valueRequired":true,"valueName":"search_term_string"}}],"inLanguage":"es"},{"@type":"Organization","@id":"https:\/\/diarioellabrador.cl\/#organization","name":"Diario El Labrador","url":"https:\/\/diarioellabrador.cl\/","logo":{"@type":"ImageObject","inLanguage":"es","@id":"https:\/\/diarioellabrador.cl\/#\/schema\/logo\/image\/","url":"https:\/\/diarioellabrador.cl\/wp-content\/uploads\/2025\/02\/cropped-Logo-Icono.png","contentUrl":"https:\/\/diarioellabrador.cl\/wp-content\/uploads\/2025\/02\/cropped-Logo-Icono.png","width":512,"height":512,"caption":"Diario El Labrador"},"image":{"@id":"https:\/\/diarioellabrador.cl\/#\/schema\/logo\/image\/"},"sameAs":["https:\/\/web.facebook.com\/profile.php?id=61576120840621","https:\/\/x.com\/ElLabradorOf","https:\/\/www.instagram.com\/diarioellabradoroficial\/"]},{"@type":"Person","@id":"https:\/\/diarioellabrador.cl\/#\/schema\/person\/bc25ff80b4563f9c7f4bd7855df01685","name":"Editor","image":{"@type":"ImageObject","inLanguage":"es","@id":"https:\/\/secure.gravatar.com\/avatar\/109c326cf2be5c04f048c2c2a2b8b6ef44bf3d8d1d3d4c55d0ac40c4bc994684?s=96&d=mm&r=g","url":"https:\/\/secure.gravatar.com\/avatar\/109c326cf2be5c04f048c2c2a2b8b6ef44bf3d8d1d3d4c55d0ac40c4bc994684?s=96&d=mm&r=g","contentUrl":"https:\/\/secure.gravatar.com\/avatar\/109c326cf2be5c04f048c2c2a2b8b6ef44bf3d8d1d3d4c55d0ac40c4bc994684?s=96&d=mm&r=g","caption":"Editor"},"url":"https:\/\/diarioellabrador.cl\/index.php\/author\/editor\/"}]}},"_links":{"self":[{"href":"https:\/\/diarioellabrador.cl\/index.php\/wp-json\/wp\/v2\/posts\/16479","targetHints":{"allow":["GET"]}}],"collection":[{"href":"https:\/\/diarioellabrador.cl\/index.php\/wp-json\/wp\/v2\/posts"}],"about":[{"href":"https:\/\/diarioellabrador.cl\/index.php\/wp-json\/wp\/v2\/types\/post"}],"author":[{"embeddable":true,"href":"https:\/\/diarioellabrador.cl\/index.php\/wp-json\/wp\/v2\/users\/2"}],"replies":[{"embeddable":true,"href":"https:\/\/diarioellabrador.cl\/index.php\/wp-json\/wp\/v2\/comments?post=16479"}],"version-history":[{"count":1,"href":"https:\/\/diarioellabrador.cl\/index.php\/wp-json\/wp\/v2\/posts\/16479\/revisions"}],"predecessor-version":[{"id":16480,"href":"https:\/\/diarioellabrador.cl\/index.php\/wp-json\/wp\/v2\/posts\/16479\/revisions\/16480"}],"wp:featuredmedia":[{"embeddable":true,"href":"https:\/\/diarioellabrador.cl\/index.php\/wp-json\/wp\/v2\/media\/16443"}],"wp:attachment":[{"href":"https:\/\/diarioellabrador.cl\/index.php\/wp-json\/wp\/v2\/media?parent=16479"}],"wp:term":[{"taxonomy":"category","embeddable":true,"href":"https:\/\/diarioellabrador.cl\/index.php\/wp-json\/wp\/v2\/categories?post=16479"},{"taxonomy":"post_tag","embeddable":true,"href":"https:\/\/diarioellabrador.cl\/index.php\/wp-json\/wp\/v2\/tags?post=16479"}],"curies":[{"name":"wp","href":"https:\/\/api.w.org\/{rel}","templated":true}]}}